{"id":170613,"date":"2025-06-16T16:06:27","date_gmt":"2025-06-16T22:06:27","guid":{"rendered":"https:\/\/canal7slp.tv\/2025\/?p=170613"},"modified":"2025-06-16T16:08:17","modified_gmt":"2025-06-16T22:08:17","slug":"slp-es-un-estado-laico-responde-gobernador-a-la-iglesia-sobre-cancelar-concierto-de-marilyn-manson","status":"publish","type":"post","link":"https:\/\/canal7slp.tv\/2025\/slp-es-un-estado-laico-responde-gobernador-a-la-iglesia-sobre-cancelar-concierto-de-marilyn-manson\/","title":{"rendered":"\u00abSLP es un estado laico\u00bb, responde gobernador a la iglesia sobre cancelar concierto de Marilyn Manson"},"content":{"rendered":"<p style=\"text-align: justify;\"><span style=\"font-size: 1.21429rem;\">SLP.- Luego de que el arzobispo, Jorge Alberto Cavazos Arizpe, pidiera cancelar la presentaci\u00f3n del cantante Marilyn Manson en la Feria Nacional Potosina (FENAPO), el gobernador Ricardo Gallardo Cardona respondi\u00f3 que, aunque respeta al l\u00edder religioso, en San Luis Potos\u00ed se deben respetar las libertades y no puede haber censura por motivos religiosos.<\/span><\/p>\n<p style=\"text-align: justify;\">Indic\u00f3 que hay asuntos pendientes m\u00e1s urgentes que deben resolverse en coordinaci\u00f3n con la Fiscal\u00eda General del Estado y que ata\u00f1en a la iglesia cat\u00f3lica.<\/p>\n<p style=\"text-align: justify;\">\u201cYo al arzobispo lo aprecio mucho, la verdad es que es una persona que se ha portado muy bien conmigo, lo aprecio, creo que es una persona que est\u00e1 queriendo reivindicar a la iglesia cat\u00f3lica en San Luis Potos\u00ed de todos los males que nos dejaron pasadas autoridades en muchos temas\u201d, expres\u00f3 el mandatario estatal.<\/p>\n<p style=\"text-align: justify;\">Agreg\u00f3: \u201cNo quiero hacer pol\u00e9mica, tenemos muchos temas sin resolver que me sentar\u00e9 con la fiscal para irlos resolviendo uno por uno, creo que es urgente resolver los temas que han dejado autoridades pasadas en el caso de la iglesia\u201d.<\/p>\n<p style=\"text-align: justify;\">En cuanto al espect\u00e1culo musical, insisti\u00f3 en que la asistencia a cualquier acto p\u00fablico, religioso o art\u00edstico, es completamente voluntaria y que se debe respetar la diversidad de pensamiento.<\/p>\n<p style=\"text-align: justify;\">\u00abLes quiero decir que estamos en un estado laico, estamos en un estado donde se respetan las libertades, donde se respetan las creencias; cuando hacemos la procesi\u00f3n del silencio a nadie se le obliga a ir, va qui\u00e9n quiere y van miles de cat\u00f3licos\u00bb.<\/p>\n<p style=\"text-align: justify;\">Continu\u00f3: \u201cCu\u00e1ndo viene un artista a San Luis Potos\u00ed, el que sea, a nadie se le obliga a ir a ver al artista, va qui\u00e9n quiere y eso no se trata de ver o buscar prohibir artistas o cosas que para ellos sean buenas o sean malas\u201d.<\/p>\n<p style=\"text-align: justify;\">Finalmente, el funcionario record\u00f3 que su administraci\u00f3n ha brindado apoyo a distintos proyectos vinculados con la iglesia, pero reiter\u00f3 que el estado no puede actuar con criterios religiosos.<\/p>\n<p style=\"text-align: justify;\">\u201cMuchos de ustedes lo saben y lo han visto, hemos apoyado much\u00edsimo los proyectos religiosos tur\u00edsticos, la rehabilitaci\u00f3n de Iglesias, hemos trabajado mucho por el tema de las religiones, sin embargo, estamos en un estado laico, ya no estamos en los tiempos de la santa inquisici\u00f3n, eso ya se acab\u00f3, y tenemos que respetar el pensar de todas las personas\u00bb, termin\u00f3.<\/p>\n<p>Por: Jos\u00e9 Luis V\u00e1zquez<\/p>\n","protected":false},"excerpt":{"rendered":"<p>SLP.- Luego de que el arzobispo, Jorge Alberto Cavazos Arizpe, pidiera cancelar la presentaci\u00f3n del cantante Marilyn Manson en la Feria Nacional Potosina (FENAPO), el gobernador Ricardo Gallardo Cardona respondi\u00f3 que, aunque respeta al l\u00edder religioso, en San Luis Potos\u00ed se deben respetar las libertades y no puede haber censura por motivos religiosos. Indic\u00f3 que hay asuntos pendientes m\u00e1s urgentes que deben resolverse en coordinaci\u00f3n con la Fiscal\u00eda General del Estado y que ata\u00f1en a la iglesia cat\u00f3lica. \u201cYo al arzobispo lo aprecio mucho, la verdad es que es una persona que se ha portado muy bien conmigo, lo aprecio, [&hellip;]<\/p>\n","protected":false},"author":2,"featured_media":170615,"comment_status":"closed","ping_status":"closed","sticky":false,"template":"","format":"video","meta":{"_monsterinsights_skip_tracking":false,"_monsterinsights_sitenote_active":false,"_monsterinsights_sitenote_note":"","_monsterinsights_sitenote_category":0,"footnotes":""},"categories":[5,45],"tags":[],"class_list":["post-170613","post","type-post","status-publish","format-video","has-post-thumbnail","hentry","category-destacadas","category-localesyregionales","post_format-post-format-video","post--single"],"yoast_head":"<!-- This site is optimized with the Yoast SEO plugin v27.5 - https:\/\/yoast.com\/product\/yoast-seo-wordpress\/ -->\n<title>&quot;SLP es un estado laico&quot;, responde gobernador a la iglesia sobre cancelar concierto de Marilyn Manson - Canal 7 SLP - 2025<\/title>\n<meta name=\"robots\" content=\"index, follow, max-snippet:-1, max-image-preview:large, max-video-preview:-1\" \/>\n<link rel=\"canonical\" href=\"https:\/\/canal7slp.tv\/2025\/slp-es-un-estado-laico-responde-gobernador-a-la-iglesia-sobre-cancelar-concierto-de-marilyn-manson\/\" \/>\n<meta property=\"og:locale\" content=\"es_ES\" \/>\n<meta property=\"og:type\" content=\"article\" \/>\n<meta property=\"og:title\" content=\"&quot;SLP es un estado laico&quot;, responde gobernador a la iglesia sobre cancelar concierto de Marilyn Manson - Canal 7 SLP - 2025\" \/>\n<meta property=\"og:description\" content=\"SLP.- Luego de que el arzobispo, Jorge Alberto Cavazos Arizpe, pidiera cancelar la presentaci\u00f3n del cantante Marilyn Manson en la Feria Nacional Potosina (FENAPO), el gobernador Ricardo Gallardo Cardona respondi\u00f3 que, aunque respeta al l\u00edder religioso, en San Luis Potos\u00ed se deben respetar las libertades y no puede haber censura por motivos religiosos. Indic\u00f3 que hay asuntos pendientes m\u00e1s urgentes que deben resolverse en coordinaci\u00f3n con la Fiscal\u00eda General del Estado y que ata\u00f1en a la iglesia cat\u00f3lica. \u201cYo al arzobispo lo aprecio mucho, la verdad es que es una persona que se ha portado muy bien conmigo, lo aprecio, [&hellip;]\" \/>\n<meta property=\"og:url\" content=\"https:\/\/canal7slp.tv\/2025\/slp-es-un-estado-laico-responde-gobernador-a-la-iglesia-sobre-cancelar-concierto-de-marilyn-manson\/\" \/>\n<meta property=\"og:site_name\" content=\"Canal 7 SLP - 2025\" \/>\n<meta property=\"article:publisher\" content=\"https:\/\/www.facebook.com\/noticieroscanal7atencionciudadana\/\" \/>\n<meta property=\"article:published_time\" content=\"2025-06-16T22:06:27+00:00\" \/>\n<meta property=\"article:modified_time\" content=\"2025-06-16T22:08:17+00:00\" \/>\n<meta property=\"og:image\" content=\"https:\/\/canal7slp.tv\/2025\/wp-content\/uploads\/2025\/06\/Vazquez03Laico.jpg\" \/>\n\t<meta property=\"og:image:width\" content=\"1280\" \/>\n\t<meta property=\"og:image:height\" content=\"720\" \/>\n\t<meta property=\"og:image:type\" content=\"image\/jpeg\" \/>\n<meta name=\"author\" content=\"Edici\u00f3n Web\" \/>\n<meta name=\"twitter:card\" content=\"summary_large_image\" \/>\n<meta name=\"twitter:creator\" content=\"@NOTICIEROS7\" \/>\n<meta name=\"twitter:site\" content=\"@NOTICIEROS7\" \/>\n<meta name=\"twitter:label1\" content=\"Escrito por\" \/>\n\t<meta name=\"twitter:data1\" content=\"Edici\u00f3n Web\" \/>\n\t<meta name=\"twitter:label2\" content=\"Tiempo de lectura\" \/>\n\t<meta name=\"twitter:data2\" content=\"2 minutos\" \/>\n<script type=\"application\/ld+json\" class=\"yoast-schema-graph\">{\"@context\":\"https:\\\/\\\/schema.org\",\"@graph\":[{\"@type\":\"Article\",\"@id\":\"https:\\\/\\\/canal7slp.tv\\\/2025\\\/slp-es-un-estado-laico-responde-gobernador-a-la-iglesia-sobre-cancelar-concierto-de-marilyn-manson\\\/#article\",\"isPartOf\":{\"@id\":\"https:\\\/\\\/canal7slp.tv\\\/2025\\\/slp-es-un-estado-laico-responde-gobernador-a-la-iglesia-sobre-cancelar-concierto-de-marilyn-manson\\\/\"},\"author\":{\"name\":\"Edici\u00f3n Web\",\"@id\":\"https:\\\/\\\/canal7slp.tv\\\/2025\\\/#\\\/schema\\\/person\\\/271e2b60a96e7cc9d9ac296f4d7e414b\"},\"headline\":\"\u00abSLP es un estado laico\u00bb, responde gobernador a la iglesia sobre cancelar concierto de Marilyn Manson\",\"datePublished\":\"2025-06-16T22:06:27+00:00\",\"dateModified\":\"2025-06-16T22:08:17+00:00\",\"mainEntityOfPage\":{\"@id\":\"https:\\\/\\\/canal7slp.tv\\\/2025\\\/slp-es-un-estado-laico-responde-gobernador-a-la-iglesia-sobre-cancelar-concierto-de-marilyn-manson\\\/\"},\"wordCount\":426,\"publisher\":{\"@id\":\"https:\\\/\\\/canal7slp.tv\\\/2025\\\/#organization\"},\"image\":{\"@id\":\"https:\\\/\\\/canal7slp.tv\\\/2025\\\/slp-es-un-estado-laico-responde-gobernador-a-la-iglesia-sobre-cancelar-concierto-de-marilyn-manson\\\/#primaryimage\"},\"thumbnailUrl\":\"https:\\\/\\\/canal7slp.tv\\\/2025\\\/wp-content\\\/uploads\\\/2025\\\/06\\\/Vazquez03Laico.jpg\",\"articleSection\":[\"DESTACADAS\",\"LOCALES Y REGIONALES\"],\"inLanguage\":\"es\"},{\"@type\":\"WebPage\",\"@id\":\"https:\\\/\\\/canal7slp.tv\\\/2025\\\/slp-es-un-estado-laico-responde-gobernador-a-la-iglesia-sobre-cancelar-concierto-de-marilyn-manson\\\/\",\"url\":\"https:\\\/\\\/canal7slp.tv\\\/2025\\\/slp-es-un-estado-laico-responde-gobernador-a-la-iglesia-sobre-cancelar-concierto-de-marilyn-manson\\\/\",\"name\":\"\\\"SLP es un estado laico\\\", responde gobernador a la iglesia sobre cancelar concierto de Marilyn Manson - Canal 7 SLP - 2025\",\"isPartOf\":{\"@id\":\"https:\\\/\\\/canal7slp.tv\\\/2025\\\/#website\"},\"primaryImageOfPage\":{\"@id\":\"https:\\\/\\\/canal7slp.tv\\\/2025\\\/slp-es-un-estado-laico-responde-gobernador-a-la-iglesia-sobre-cancelar-concierto-de-marilyn-manson\\\/#primaryimage\"},\"image\":{\"@id\":\"https:\\\/\\\/canal7slp.tv\\\/2025\\\/slp-es-un-estado-laico-responde-gobernador-a-la-iglesia-sobre-cancelar-concierto-de-marilyn-manson\\\/#primaryimage\"},\"thumbnailUrl\":\"https:\\\/\\\/canal7slp.tv\\\/2025\\\/wp-content\\\/uploads\\\/2025\\\/06\\\/Vazquez03Laico.jpg\",\"datePublished\":\"2025-06-16T22:06:27+00:00\",\"dateModified\":\"2025-06-16T22:08:17+00:00\",\"breadcrumb\":{\"@id\":\"https:\\\/\\\/canal7slp.tv\\\/2025\\\/slp-es-un-estado-laico-responde-gobernador-a-la-iglesia-sobre-cancelar-concierto-de-marilyn-manson\\\/#breadcrumb\"},\"inLanguage\":\"es\",\"potentialAction\":[{\"@type\":\"ReadAction\",\"target\":[\"https:\\\/\\\/canal7slp.tv\\\/2025\\\/slp-es-un-estado-laico-responde-gobernador-a-la-iglesia-sobre-cancelar-concierto-de-marilyn-manson\\\/\"]}]},{\"@type\":\"ImageObject\",\"inLanguage\":\"es\",\"@id\":\"https:\\\/\\\/canal7slp.tv\\\/2025\\\/slp-es-un-estado-laico-responde-gobernador-a-la-iglesia-sobre-cancelar-concierto-de-marilyn-manson\\\/#primaryimage\",\"url\":\"https:\\\/\\\/canal7slp.tv\\\/2025\\\/wp-content\\\/uploads\\\/2025\\\/06\\\/Vazquez03Laico.jpg\",\"contentUrl\":\"https:\\\/\\\/canal7slp.tv\\\/2025\\\/wp-content\\\/uploads\\\/2025\\\/06\\\/Vazquez03Laico.jpg\",\"width\":1280,\"height\":720},{\"@type\":\"BreadcrumbList\",\"@id\":\"https:\\\/\\\/canal7slp.tv\\\/2025\\\/slp-es-un-estado-laico-responde-gobernador-a-la-iglesia-sobre-cancelar-concierto-de-marilyn-manson\\\/#breadcrumb\",\"itemListElement\":[{\"@type\":\"ListItem\",\"position\":1,\"name\":\"Portada\",\"item\":\"https:\\\/\\\/canal7slp.tv\\\/2025\\\/\"},{\"@type\":\"ListItem\",\"position\":2,\"name\":\"\u00abSLP es un estado laico\u00bb, responde gobernador a la iglesia sobre cancelar concierto de Marilyn Manson\"}]},{\"@type\":\"WebSite\",\"@id\":\"https:\\\/\\\/canal7slp.tv\\\/2025\\\/#website\",\"url\":\"https:\\\/\\\/canal7slp.tv\\\/2025\\\/\",\"name\":\"N7 - Noticieros Canal 7\",\"description\":\"Somos el Medio\",\"publisher\":{\"@id\":\"https:\\\/\\\/canal7slp.tv\\\/2025\\\/#organization\"},\"potentialAction\":[{\"@type\":\"SearchAction\",\"target\":{\"@type\":\"EntryPoint\",\"urlTemplate\":\"https:\\\/\\\/canal7slp.tv\\\/2025\\\/?s={search_term_string}\"},\"query-input\":{\"@type\":\"PropertyValueSpecification\",\"valueRequired\":true,\"valueName\":\"search_term_string\"}}],\"inLanguage\":\"es\"},{\"@type\":\"Organization\",\"@id\":\"https:\\\/\\\/canal7slp.tv\\\/2025\\\/#organization\",\"name\":\"Noticieros Canal 7\",\"url\":\"https:\\\/\\\/canal7slp.tv\\\/2025\\\/\",\"logo\":{\"@type\":\"ImageObject\",\"inLanguage\":\"es\",\"@id\":\"https:\\\/\\\/canal7slp.tv\\\/2025\\\/#\\\/schema\\\/logo\\\/image\\\/\",\"url\":\"https:\\\/\\\/canal7slp.tv\\\/2025\\\/wp-content\\\/uploads\\\/2021\\\/01\\\/logo-noticieros@2x.png\",\"contentUrl\":\"https:\\\/\\\/canal7slp.tv\\\/2025\\\/wp-content\\\/uploads\\\/2021\\\/01\\\/logo-noticieros@2x.png\",\"width\":1017,\"height\":268,\"caption\":\"Noticieros Canal 7\"},\"image\":{\"@id\":\"https:\\\/\\\/canal7slp.tv\\\/2025\\\/#\\\/schema\\\/logo\\\/image\\\/\"},\"sameAs\":[\"https:\\\/\\\/www.facebook.com\\\/noticieroscanal7atencionciudadana\\\/\",\"https:\\\/\\\/x.com\\\/NOTICIEROS7\",\"https:\\\/\\\/www.instagram.com\\\/canal7_slp\",\"https:\\\/\\\/www.youtube.com\\\/channel\\\/UCliiYs-gP3JfJeqdPrNdd5A\"]},{\"@type\":\"Person\",\"@id\":\"https:\\\/\\\/canal7slp.tv\\\/2025\\\/#\\\/schema\\\/person\\\/271e2b60a96e7cc9d9ac296f4d7e414b\",\"name\":\"Edici\u00f3n Web\",\"image\":{\"@type\":\"ImageObject\",\"inLanguage\":\"es\",\"@id\":\"https:\\\/\\\/secure.gravatar.com\\\/avatar\\\/eee448fc3f7164808013b816ba91ac7e43bbe82a70bebac296f8bc6f0addaa1a?s=96&d=mm&r=g\",\"url\":\"https:\\\/\\\/secure.gravatar.com\\\/avatar\\\/eee448fc3f7164808013b816ba91ac7e43bbe82a70bebac296f8bc6f0addaa1a?s=96&d=mm&r=g\",\"contentUrl\":\"https:\\\/\\\/secure.gravatar.com\\\/avatar\\\/eee448fc3f7164808013b816ba91ac7e43bbe82a70bebac296f8bc6f0addaa1a?s=96&d=mm&r=g\",\"caption\":\"Edici\u00f3n Web\"},\"url\":\"https:\\\/\\\/canal7slp.tv\\\/2025\\\/author\\\/edicionweb\\\/\"}]}<\/script>\n<!-- \/ Yoast SEO plugin. -->","yoast_head_json":{"title":"\"SLP es un estado laico\", responde gobernador a la iglesia sobre cancelar concierto de Marilyn Manson - Canal 7 SLP - 2025","robots":{"index":"index","follow":"follow","max-snippet":"max-snippet:-1","max-image-preview":"max-image-preview:large","max-video-preview":"max-video-preview:-1"},"canonical":"https:\/\/canal7slp.tv\/2025\/slp-es-un-estado-laico-responde-gobernador-a-la-iglesia-sobre-cancelar-concierto-de-marilyn-manson\/","og_locale":"es_ES","og_type":"article","og_title":"\"SLP es un estado laico\", responde gobernador a la iglesia sobre cancelar concierto de Marilyn Manson - Canal 7 SLP - 2025","og_description":"SLP.- Luego de que el arzobispo, Jorge Alberto Cavazos Arizpe, pidiera cancelar la presentaci\u00f3n del cantante Marilyn Manson en la Feria Nacional Potosina (FENAPO), el gobernador Ricardo Gallardo Cardona respondi\u00f3 que, aunque respeta al l\u00edder religioso, en San Luis Potos\u00ed se deben respetar las libertades y no puede haber censura por motivos religiosos. Indic\u00f3 que hay asuntos pendientes m\u00e1s urgentes que deben resolverse en coordinaci\u00f3n con la Fiscal\u00eda General del Estado y que ata\u00f1en a la iglesia cat\u00f3lica. \u201cYo al arzobispo lo aprecio mucho, la verdad es que es una persona que se ha portado muy bien conmigo, lo aprecio, [&hellip;]","og_url":"https:\/\/canal7slp.tv\/2025\/slp-es-un-estado-laico-responde-gobernador-a-la-iglesia-sobre-cancelar-concierto-de-marilyn-manson\/","og_site_name":"Canal 7 SLP - 2025","article_publisher":"https:\/\/www.facebook.com\/noticieroscanal7atencionciudadana\/","article_published_time":"2025-06-16T22:06:27+00:00","article_modified_time":"2025-06-16T22:08:17+00:00","og_image":[{"width":1280,"height":720,"url":"https:\/\/canal7slp.tv\/2025\/wp-content\/uploads\/2025\/06\/Vazquez03Laico.jpg","type":"image\/jpeg"}],"author":"Edici\u00f3n Web","twitter_card":"summary_large_image","twitter_creator":"@NOTICIEROS7","twitter_site":"@NOTICIEROS7","twitter_misc":{"Escrito por":"Edici\u00f3n Web","Tiempo de lectura":"2 minutos"},"schema":{"@context":"https:\/\/schema.org","@graph":[{"@type":"Article","@id":"https:\/\/canal7slp.tv\/2025\/slp-es-un-estado-laico-responde-gobernador-a-la-iglesia-sobre-cancelar-concierto-de-marilyn-manson\/#article","isPartOf":{"@id":"https:\/\/canal7slp.tv\/2025\/slp-es-un-estado-laico-responde-gobernador-a-la-iglesia-sobre-cancelar-concierto-de-marilyn-manson\/"},"author":{"name":"Edici\u00f3n Web","@id":"https:\/\/canal7slp.tv\/2025\/#\/schema\/person\/271e2b60a96e7cc9d9ac296f4d7e414b"},"headline":"\u00abSLP es un estado laico\u00bb, responde gobernador a la iglesia sobre cancelar concierto de Marilyn Manson","datePublished":"2025-06-16T22:06:27+00:00","dateModified":"2025-06-16T22:08:17+00:00","mainEntityOfPage":{"@id":"https:\/\/canal7slp.tv\/2025\/slp-es-un-estado-laico-responde-gobernador-a-la-iglesia-sobre-cancelar-concierto-de-marilyn-manson\/"},"wordCount":426,"publisher":{"@id":"https:\/\/canal7slp.tv\/2025\/#organization"},"image":{"@id":"https:\/\/canal7slp.tv\/2025\/slp-es-un-estado-laico-responde-gobernador-a-la-iglesia-sobre-cancelar-concierto-de-marilyn-manson\/#primaryimage"},"thumbnailUrl":"https:\/\/canal7slp.tv\/2025\/wp-content\/uploads\/2025\/06\/Vazquez03Laico.jpg","articleSection":["DESTACADAS","LOCALES Y REGIONALES"],"inLanguage":"es"},{"@type":"WebPage","@id":"https:\/\/canal7slp.tv\/2025\/slp-es-un-estado-laico-responde-gobernador-a-la-iglesia-sobre-cancelar-concierto-de-marilyn-manson\/","url":"https:\/\/canal7slp.tv\/2025\/slp-es-un-estado-laico-responde-gobernador-a-la-iglesia-sobre-cancelar-concierto-de-marilyn-manson\/","name":"\"SLP es un estado laico\", responde gobernador a la iglesia sobre cancelar concierto de Marilyn Manson - Canal 7 SLP - 2025","isPartOf":{"@id":"https:\/\/canal7slp.tv\/2025\/#website"},"primaryImageOfPage":{"@id":"https:\/\/canal7slp.tv\/2025\/slp-es-un-estado-laico-responde-gobernador-a-la-iglesia-sobre-cancelar-concierto-de-marilyn-manson\/#primaryimage"},"image":{"@id":"https:\/\/canal7slp.tv\/2025\/slp-es-un-estado-laico-responde-gobernador-a-la-iglesia-sobre-cancelar-concierto-de-marilyn-manson\/#primaryimage"},"thumbnailUrl":"https:\/\/canal7slp.tv\/2025\/wp-content\/uploads\/2025\/06\/Vazquez03Laico.jpg","datePublished":"2025-06-16T22:06:27+00:00","dateModified":"2025-06-16T22:08:17+00:00","breadcrumb":{"@id":"https:\/\/canal7slp.tv\/2025\/slp-es-un-estado-laico-responde-gobernador-a-la-iglesia-sobre-cancelar-concierto-de-marilyn-manson\/#breadcrumb"},"inLanguage":"es","potentialAction":[{"@type":"ReadAction","target":["https:\/\/canal7slp.tv\/2025\/slp-es-un-estado-laico-responde-gobernador-a-la-iglesia-sobre-cancelar-concierto-de-marilyn-manson\/"]}]},{"@type":"ImageObject","inLanguage":"es","@id":"https:\/\/canal7slp.tv\/2025\/slp-es-un-estado-laico-responde-gobernador-a-la-iglesia-sobre-cancelar-concierto-de-marilyn-manson\/#primaryimage","url":"https:\/\/canal7slp.tv\/2025\/wp-content\/uploads\/2025\/06\/Vazquez03Laico.jpg","contentUrl":"https:\/\/canal7slp.tv\/2025\/wp-content\/uploads\/2025\/06\/Vazquez03Laico.jpg","width":1280,"height":720},{"@type":"BreadcrumbList","@id":"https:\/\/canal7slp.tv\/2025\/slp-es-un-estado-laico-responde-gobernador-a-la-iglesia-sobre-cancelar-concierto-de-marilyn-manson\/#breadcrumb","itemListElement":[{"@type":"ListItem","position":1,"name":"Portada","item":"https:\/\/canal7slp.tv\/2025\/"},{"@type":"ListItem","position":2,"name":"\u00abSLP es un estado laico\u00bb, responde gobernador a la iglesia sobre cancelar concierto de Marilyn Manson"}]},{"@type":"WebSite","@id":"https:\/\/canal7slp.tv\/2025\/#website","url":"https:\/\/canal7slp.tv\/2025\/","name":"N7 - Noticieros Canal 7","description":"Somos el Medio","publisher":{"@id":"https:\/\/canal7slp.tv\/2025\/#organization"},"potentialAction":[{"@type":"SearchAction","target":{"@type":"EntryPoint","urlTemplate":"https:\/\/canal7slp.tv\/2025\/?s={search_term_string}"},"query-input":{"@type":"PropertyValueSpecification","valueRequired":true,"valueName":"search_term_string"}}],"inLanguage":"es"},{"@type":"Organization","@id":"https:\/\/canal7slp.tv\/2025\/#organization","name":"Noticieros Canal 7","url":"https:\/\/canal7slp.tv\/2025\/","logo":{"@type":"ImageObject","inLanguage":"es","@id":"https:\/\/canal7slp.tv\/2025\/#\/schema\/logo\/image\/","url":"https:\/\/canal7slp.tv\/2025\/wp-content\/uploads\/2021\/01\/logo-noticieros@2x.png","contentUrl":"https:\/\/canal7slp.tv\/2025\/wp-content\/uploads\/2021\/01\/logo-noticieros@2x.png","width":1017,"height":268,"caption":"Noticieros Canal 7"},"image":{"@id":"https:\/\/canal7slp.tv\/2025\/#\/schema\/logo\/image\/"},"sameAs":["https:\/\/www.facebook.com\/noticieroscanal7atencionciudadana\/","https:\/\/x.com\/NOTICIEROS7","https:\/\/www.instagram.com\/canal7_slp","https:\/\/www.youtube.com\/channel\/UCliiYs-gP3JfJeqdPrNdd5A"]},{"@type":"Person","@id":"https:\/\/canal7slp.tv\/2025\/#\/schema\/person\/271e2b60a96e7cc9d9ac296f4d7e414b","name":"Edici\u00f3n Web","image":{"@type":"ImageObject","inLanguage":"es","@id":"https:\/\/secure.gravatar.com\/avatar\/eee448fc3f7164808013b816ba91ac7e43bbe82a70bebac296f8bc6f0addaa1a?s=96&d=mm&r=g","url":"https:\/\/secure.gravatar.com\/avatar\/eee448fc3f7164808013b816ba91ac7e43bbe82a70bebac296f8bc6f0addaa1a?s=96&d=mm&r=g","contentUrl":"https:\/\/secure.gravatar.com\/avatar\/eee448fc3f7164808013b816ba91ac7e43bbe82a70bebac296f8bc6f0addaa1a?s=96&d=mm&r=g","caption":"Edici\u00f3n Web"},"url":"https:\/\/canal7slp.tv\/2025\/author\/edicionweb\/"}]}},"_links":{"self":[{"href":"https:\/\/canal7slp.tv\/2025\/wp-json\/wp\/v2\/posts\/170613","targetHints":{"allow":["GET"]}}],"collection":[{"href":"https:\/\/canal7slp.tv\/2025\/wp-json\/wp\/v2\/posts"}],"about":[{"href":"https:\/\/canal7slp.tv\/2025\/wp-json\/wp\/v2\/types\/post"}],"author":[{"embeddable":true,"href":"https:\/\/canal7slp.tv\/2025\/wp-json\/wp\/v2\/users\/2"}],"replies":[{"embeddable":true,"href":"https:\/\/canal7slp.tv\/2025\/wp-json\/wp\/v2\/comments?post=170613"}],"version-history":[{"count":1,"href":"https:\/\/canal7slp.tv\/2025\/wp-json\/wp\/v2\/posts\/170613\/revisions"}],"predecessor-version":[{"id":170616,"href":"https:\/\/canal7slp.tv\/2025\/wp-json\/wp\/v2\/posts\/170613\/revisions\/170616"}],"wp:featuredmedia":[{"embeddable":true,"href":"https:\/\/canal7slp.tv\/2025\/wp-json\/wp\/v2\/media\/170615"}],"wp:attachment":[{"href":"https:\/\/canal7slp.tv\/2025\/wp-json\/wp\/v2\/media?parent=170613"}],"wp:term":[{"taxonomy":"category","embeddable":true,"href":"https:\/\/canal7slp.tv\/2025\/wp-json\/wp\/v2\/categories?post=170613"},{"taxonomy":"post_tag","embeddable":true,"href":"https:\/\/canal7slp.tv\/2025\/wp-json\/wp\/v2\/tags?post=170613"}],"curies":[{"name":"wp","href":"https:\/\/api.w.org\/{rel}","templated":true}]}}