{"id":170605,"date":"2025-06-16T15:55:53","date_gmt":"2025-06-16T21:55:53","guid":{"rendered":"https:\/\/canal7slp.tv\/2025\/?p=170605"},"modified":"2025-06-16T15:55:53","modified_gmt":"2025-06-16T21:55:53","slug":"ejercito-arranca-en-san-luis-potosi-campana-de-canje-de-armas-de-fuego","status":"publish","type":"post","link":"https:\/\/canal7slp.tv\/2025\/ejercito-arranca-en-san-luis-potosi-campana-de-canje-de-armas-de-fuego\/","title":{"rendered":"Ej\u00e9rcito arranca en San Luis Potos\u00ed campa\u00f1a de canje de armas de fuego"},"content":{"rendered":"<p style=\"text-align: justify;\"><span style=\"font-size: 1.21429rem;\">SLP.- Con el objetivo de reducir la posesi\u00f3n y uso de armas entre la poblaci\u00f3n civil, arranc\u00f3 en San Luis Potos\u00ed la campa\u00f1a de canje de armas de fuego 2025, impulsada por el Gobierno Federal a trav\u00e9s de la Secretar\u00eda de la Defensa Nacional (SEDENA), en coordinaci\u00f3n con autoridades estatales y municipales.<\/span><\/p>\n<p style=\"text-align: justify;\">El comandante del 40 Batall\u00f3n de Infanter\u00eda, Gibr\u00e1n Jalil D\u00edaz del Castillo, explic\u00f3 que este esfuerzo se enmarca en la Ley Federal de Armas de Fuego y Control de Explosivos y forma parte de la Estrategia Nacional de Seguridad P\u00fablica 2024-2030.<\/p>\n<p style=\"text-align: justify;\">Durante la ceremonia de arranque, se destac\u00f3 que el programa busca no solo reducir la violencia, sino tambi\u00e9n prevenir accidentes dom\u00e9sticos y fomentar una cultura de paz entre las familias potosinas.<\/p>\n<p style=\"text-align: justify;\">\u00abEl Ejecutivo Federal, los gobiernos de los estados y los ayuntamientos realizar\u00e1n campa\u00f1as educativas permanentes que induzcan a reducir la posesi\u00f3n, la aportaci\u00f3n y el uso de armas de cualquier tipo\u00bb, dijo.<\/p>\n<p style=\"text-align: justify;\">Continu\u00f3: \u201cLos objetivos de esta noble tarea son evitar accidentes en el hogar, contribuir al bienestar familiar y coadyuvar a mantener la seguridad, tranquilidad y paz social en el estado\u00bb.<\/p>\n<p style=\"text-align: justify;\">La campa\u00f1a contempla el intercambio de armas por efectivo o art\u00edculos del hogar, sin que se investigue la procedencia del armamento, lo que garantiza el anonimato y seguridad de los participantes.<\/p>\n<p style=\"text-align: justify;\">\u00abLas armas que se han donadas ser\u00e1n destinadas a su destrucci\u00f3n y aprovechamiento l\u00edcito por las autoridades, por acuerdo a sus caracter\u00edsticas, utilidad, valor hist\u00f3rico, cultural, cient\u00edfico o art\u00edstico, exhibidas en alg\u00fan museo del Ej\u00e9rcito\u00bb, especific\u00f3.<\/p>\n<p style=\"text-align: justify;\">Prosigui\u00f3: \u201cPor ning\u00fan motivo se investigar\u00e1 su procedencia a fin de que cualquier persona pueda asistir a los m\u00f3dulos establecidos con toda confianza ya que no se cuestionar\u00e1 a nadie sobre todos sus datos y antecedentes. Solo se har\u00e1 entrega de un recibo por el valor del arma o un art\u00edculo y la destrucci\u00f3n se realizar\u00e1 en presencia del donante.\u201d<\/p>\n<p style=\"text-align: justify;\">Finalmente, el comandante D\u00edaz del Castillo advirti\u00f3 sobre el riesgo que representa tener armas en casa, especialmente para ni\u00f1as y ni\u00f1os.<\/p>\n<p style=\"text-align: justify;\">\u201cTener un arma de fuego en un hogar es una gran responsabilidad, requiere medidas de seguridad extremas para evitar su mal uso o que por descuido una ni\u00f1a o un ni\u00f1o la confundan con un juguete\u00bb, termin\u00f3.<\/p>\n<p>Por: Jos\u00e9 Luis V\u00e1zquez<\/p>\n","protected":false},"excerpt":{"rendered":"<p>SLP.- Con el objetivo de reducir la posesi\u00f3n y uso de armas entre la poblaci\u00f3n civil, arranc\u00f3 en San Luis Potos\u00ed la campa\u00f1a de canje de armas de fuego 2025, impulsada por el Gobierno Federal a trav\u00e9s de la Secretar\u00eda de la Defensa Nacional (SEDENA), en coordinaci\u00f3n con autoridades estatales y municipales. El comandante del 40 Batall\u00f3n de Infanter\u00eda, Gibr\u00e1n Jalil D\u00edaz del Castillo, explic\u00f3 que este esfuerzo se enmarca en la Ley Federal de Armas de Fuego y Control de Explosivos y forma parte de la Estrategia Nacional de Seguridad P\u00fablica 2024-2030. Durante la ceremonia de arranque, se destac\u00f3 [&hellip;]<\/p>\n","protected":false},"author":2,"featured_media":170607,"comment_status":"closed","ping_status":"closed","sticky":false,"template":"","format":"video","meta":{"_monsterinsights_skip_tracking":false,"_monsterinsights_sitenote_active":false,"_monsterinsights_sitenote_note":"","_monsterinsights_sitenote_category":0,"footnotes":""},"categories":[66,5,510,45],"tags":[],"class_list":["post-170605","post","type-post","status-publish","format-video","has-post-thumbnail","hentry","category-ayoslp","category-destacadas","category-gobedoslp","category-localesyregionales","post_format-post-format-video","post--single"],"yoast_head":"<!-- This site is optimized with the Yoast SEO plugin v27.5 - https:\/\/yoast.com\/product\/yoast-seo-wordpress\/ -->\n<title>Ej\u00e9rcito arranca en San Luis Potos\u00ed campa\u00f1a de canje de armas de fuego - Canal 7 SLP - 2025<\/title>\n<meta name=\"robots\" content=\"index, follow, max-snippet:-1, max-image-preview:large, max-video-preview:-1\" \/>\n<link rel=\"canonical\" href=\"https:\/\/canal7slp.tv\/2025\/ejercito-arranca-en-san-luis-potosi-campana-de-canje-de-armas-de-fuego\/\" \/>\n<meta property=\"og:locale\" content=\"es_ES\" \/>\n<meta property=\"og:type\" content=\"article\" \/>\n<meta property=\"og:title\" content=\"Ej\u00e9rcito arranca en San Luis Potos\u00ed campa\u00f1a de canje de armas de fuego - Canal 7 SLP - 2025\" \/>\n<meta property=\"og:description\" content=\"SLP.- Con el objetivo de reducir la posesi\u00f3n y uso de armas entre la poblaci\u00f3n civil, arranc\u00f3 en San Luis Potos\u00ed la campa\u00f1a de canje de armas de fuego 2025, impulsada por el Gobierno Federal a trav\u00e9s de la Secretar\u00eda de la Defensa Nacional (SEDENA), en coordinaci\u00f3n con autoridades estatales y municipales. El comandante del 40 Batall\u00f3n de Infanter\u00eda, Gibr\u00e1n Jalil D\u00edaz del Castillo, explic\u00f3 que este esfuerzo se enmarca en la Ley Federal de Armas de Fuego y Control de Explosivos y forma parte de la Estrategia Nacional de Seguridad P\u00fablica 2024-2030. Durante la ceremonia de arranque, se destac\u00f3 [&hellip;]\" \/>\n<meta property=\"og:url\" content=\"https:\/\/canal7slp.tv\/2025\/ejercito-arranca-en-san-luis-potosi-campana-de-canje-de-armas-de-fuego\/\" \/>\n<meta property=\"og:site_name\" content=\"Canal 7 SLP - 2025\" \/>\n<meta property=\"article:publisher\" content=\"https:\/\/www.facebook.com\/noticieroscanal7atencionciudadana\/\" \/>\n<meta property=\"article:published_time\" content=\"2025-06-16T21:55:53+00:00\" \/>\n<meta property=\"og:image\" content=\"https:\/\/canal7slp.tv\/2025\/wp-content\/uploads\/2025\/06\/Vazquez01Armas.jpg\" \/>\n\t<meta property=\"og:image:width\" content=\"1280\" \/>\n\t<meta property=\"og:image:height\" content=\"720\" \/>\n\t<meta property=\"og:image:type\" content=\"image\/jpeg\" \/>\n<meta name=\"author\" content=\"Edici\u00f3n Web\" \/>\n<meta name=\"twitter:card\" content=\"summary_large_image\" \/>\n<meta name=\"twitter:creator\" content=\"@NOTICIEROS7\" \/>\n<meta name=\"twitter:site\" content=\"@NOTICIEROS7\" \/>\n<meta name=\"twitter:label1\" content=\"Escrito por\" \/>\n\t<meta name=\"twitter:data1\" content=\"Edici\u00f3n Web\" \/>\n\t<meta name=\"twitter:label2\" content=\"Tiempo de lectura\" \/>\n\t<meta name=\"twitter:data2\" content=\"2 minutos\" \/>\n<script type=\"application\/ld+json\" class=\"yoast-schema-graph\">{\"@context\":\"https:\\\/\\\/schema.org\",\"@graph\":[{\"@type\":\"Article\",\"@id\":\"https:\\\/\\\/canal7slp.tv\\\/2025\\\/ejercito-arranca-en-san-luis-potosi-campana-de-canje-de-armas-de-fuego\\\/#article\",\"isPartOf\":{\"@id\":\"https:\\\/\\\/canal7slp.tv\\\/2025\\\/ejercito-arranca-en-san-luis-potosi-campana-de-canje-de-armas-de-fuego\\\/\"},\"author\":{\"name\":\"Edici\u00f3n Web\",\"@id\":\"https:\\\/\\\/canal7slp.tv\\\/2025\\\/#\\\/schema\\\/person\\\/271e2b60a96e7cc9d9ac296f4d7e414b\"},\"headline\":\"Ej\u00e9rcito arranca en San Luis Potos\u00ed campa\u00f1a de canje de armas de fuego\",\"datePublished\":\"2025-06-16T21:55:53+00:00\",\"mainEntityOfPage\":{\"@id\":\"https:\\\/\\\/canal7slp.tv\\\/2025\\\/ejercito-arranca-en-san-luis-potosi-campana-de-canje-de-armas-de-fuego\\\/\"},\"wordCount\":427,\"publisher\":{\"@id\":\"https:\\\/\\\/canal7slp.tv\\\/2025\\\/#organization\"},\"image\":{\"@id\":\"https:\\\/\\\/canal7slp.tv\\\/2025\\\/ejercito-arranca-en-san-luis-potosi-campana-de-canje-de-armas-de-fuego\\\/#primaryimage\"},\"thumbnailUrl\":\"https:\\\/\\\/canal7slp.tv\\\/2025\\\/wp-content\\\/uploads\\\/2025\\\/06\\\/Vazquez01Armas.jpg\",\"articleSection\":[\"AYOSLP\",\"DESTACADAS\",\"GOBEDOSLP\",\"LOCALES Y REGIONALES\"],\"inLanguage\":\"es\"},{\"@type\":\"WebPage\",\"@id\":\"https:\\\/\\\/canal7slp.tv\\\/2025\\\/ejercito-arranca-en-san-luis-potosi-campana-de-canje-de-armas-de-fuego\\\/\",\"url\":\"https:\\\/\\\/canal7slp.tv\\\/2025\\\/ejercito-arranca-en-san-luis-potosi-campana-de-canje-de-armas-de-fuego\\\/\",\"name\":\"Ej\u00e9rcito arranca en San Luis Potos\u00ed campa\u00f1a de canje de armas de fuego - Canal 7 SLP - 2025\",\"isPartOf\":{\"@id\":\"https:\\\/\\\/canal7slp.tv\\\/2025\\\/#website\"},\"primaryImageOfPage\":{\"@id\":\"https:\\\/\\\/canal7slp.tv\\\/2025\\\/ejercito-arranca-en-san-luis-potosi-campana-de-canje-de-armas-de-fuego\\\/#primaryimage\"},\"image\":{\"@id\":\"https:\\\/\\\/canal7slp.tv\\\/2025\\\/ejercito-arranca-en-san-luis-potosi-campana-de-canje-de-armas-de-fuego\\\/#primaryimage\"},\"thumbnailUrl\":\"https:\\\/\\\/canal7slp.tv\\\/2025\\\/wp-content\\\/uploads\\\/2025\\\/06\\\/Vazquez01Armas.jpg\",\"datePublished\":\"2025-06-16T21:55:53+00:00\",\"breadcrumb\":{\"@id\":\"https:\\\/\\\/canal7slp.tv\\\/2025\\\/ejercito-arranca-en-san-luis-potosi-campana-de-canje-de-armas-de-fuego\\\/#breadcrumb\"},\"inLanguage\":\"es\",\"potentialAction\":[{\"@type\":\"ReadAction\",\"target\":[\"https:\\\/\\\/canal7slp.tv\\\/2025\\\/ejercito-arranca-en-san-luis-potosi-campana-de-canje-de-armas-de-fuego\\\/\"]}]},{\"@type\":\"ImageObject\",\"inLanguage\":\"es\",\"@id\":\"https:\\\/\\\/canal7slp.tv\\\/2025\\\/ejercito-arranca-en-san-luis-potosi-campana-de-canje-de-armas-de-fuego\\\/#primaryimage\",\"url\":\"https:\\\/\\\/canal7slp.tv\\\/2025\\\/wp-content\\\/uploads\\\/2025\\\/06\\\/Vazquez01Armas.jpg\",\"contentUrl\":\"https:\\\/\\\/canal7slp.tv\\\/2025\\\/wp-content\\\/uploads\\\/2025\\\/06\\\/Vazquez01Armas.jpg\",\"width\":1280,\"height\":720},{\"@type\":\"BreadcrumbList\",\"@id\":\"https:\\\/\\\/canal7slp.tv\\\/2025\\\/ejercito-arranca-en-san-luis-potosi-campana-de-canje-de-armas-de-fuego\\\/#breadcrumb\",\"itemListElement\":[{\"@type\":\"ListItem\",\"position\":1,\"name\":\"Portada\",\"item\":\"https:\\\/\\\/canal7slp.tv\\\/2025\\\/\"},{\"@type\":\"ListItem\",\"position\":2,\"name\":\"Ej\u00e9rcito arranca en San Luis Potos\u00ed campa\u00f1a de canje de armas de fuego\"}]},{\"@type\":\"WebSite\",\"@id\":\"https:\\\/\\\/canal7slp.tv\\\/2025\\\/#website\",\"url\":\"https:\\\/\\\/canal7slp.tv\\\/2025\\\/\",\"name\":\"N7 - Noticieros Canal 7\",\"description\":\"Somos el Medio\",\"publisher\":{\"@id\":\"https:\\\/\\\/canal7slp.tv\\\/2025\\\/#organization\"},\"potentialAction\":[{\"@type\":\"SearchAction\",\"target\":{\"@type\":\"EntryPoint\",\"urlTemplate\":\"https:\\\/\\\/canal7slp.tv\\\/2025\\\/?s={search_term_string}\"},\"query-input\":{\"@type\":\"PropertyValueSpecification\",\"valueRequired\":true,\"valueName\":\"search_term_string\"}}],\"inLanguage\":\"es\"},{\"@type\":\"Organization\",\"@id\":\"https:\\\/\\\/canal7slp.tv\\\/2025\\\/#organization\",\"name\":\"Noticieros Canal 7\",\"url\":\"https:\\\/\\\/canal7slp.tv\\\/2025\\\/\",\"logo\":{\"@type\":\"ImageObject\",\"inLanguage\":\"es\",\"@id\":\"https:\\\/\\\/canal7slp.tv\\\/2025\\\/#\\\/schema\\\/logo\\\/image\\\/\",\"url\":\"https:\\\/\\\/canal7slp.tv\\\/2025\\\/wp-content\\\/uploads\\\/2021\\\/01\\\/logo-noticieros@2x.png\",\"contentUrl\":\"https:\\\/\\\/canal7slp.tv\\\/2025\\\/wp-content\\\/uploads\\\/2021\\\/01\\\/logo-noticieros@2x.png\",\"width\":1017,\"height\":268,\"caption\":\"Noticieros Canal 7\"},\"image\":{\"@id\":\"https:\\\/\\\/canal7slp.tv\\\/2025\\\/#\\\/schema\\\/logo\\\/image\\\/\"},\"sameAs\":[\"https:\\\/\\\/www.facebook.com\\\/noticieroscanal7atencionciudadana\\\/\",\"https:\\\/\\\/x.com\\\/NOTICIEROS7\",\"https:\\\/\\\/www.instagram.com\\\/canal7_slp\",\"https:\\\/\\\/www.youtube.com\\\/channel\\\/UCliiYs-gP3JfJeqdPrNdd5A\"]},{\"@type\":\"Person\",\"@id\":\"https:\\\/\\\/canal7slp.tv\\\/2025\\\/#\\\/schema\\\/person\\\/271e2b60a96e7cc9d9ac296f4d7e414b\",\"name\":\"Edici\u00f3n Web\",\"image\":{\"@type\":\"ImageObject\",\"inLanguage\":\"es\",\"@id\":\"https:\\\/\\\/secure.gravatar.com\\\/avatar\\\/eee448fc3f7164808013b816ba91ac7e43bbe82a70bebac296f8bc6f0addaa1a?s=96&d=mm&r=g\",\"url\":\"https:\\\/\\\/secure.gravatar.com\\\/avatar\\\/eee448fc3f7164808013b816ba91ac7e43bbe82a70bebac296f8bc6f0addaa1a?s=96&d=mm&r=g\",\"contentUrl\":\"https:\\\/\\\/secure.gravatar.com\\\/avatar\\\/eee448fc3f7164808013b816ba91ac7e43bbe82a70bebac296f8bc6f0addaa1a?s=96&d=mm&r=g\",\"caption\":\"Edici\u00f3n Web\"},\"url\":\"https:\\\/\\\/canal7slp.tv\\\/2025\\\/author\\\/edicionweb\\\/\"}]}<\/script>\n<!-- \/ Yoast SEO plugin. -->","yoast_head_json":{"title":"Ej\u00e9rcito arranca en San Luis Potos\u00ed campa\u00f1a de canje de armas de fuego - Canal 7 SLP - 2025","robots":{"index":"index","follow":"follow","max-snippet":"max-snippet:-1","max-image-preview":"max-image-preview:large","max-video-preview":"max-video-preview:-1"},"canonical":"https:\/\/canal7slp.tv\/2025\/ejercito-arranca-en-san-luis-potosi-campana-de-canje-de-armas-de-fuego\/","og_locale":"es_ES","og_type":"article","og_title":"Ej\u00e9rcito arranca en San Luis Potos\u00ed campa\u00f1a de canje de armas de fuego - Canal 7 SLP - 2025","og_description":"SLP.- Con el objetivo de reducir la posesi\u00f3n y uso de armas entre la poblaci\u00f3n civil, arranc\u00f3 en San Luis Potos\u00ed la campa\u00f1a de canje de armas de fuego 2025, impulsada por el Gobierno Federal a trav\u00e9s de la Secretar\u00eda de la Defensa Nacional (SEDENA), en coordinaci\u00f3n con autoridades estatales y municipales. El comandante del 40 Batall\u00f3n de Infanter\u00eda, Gibr\u00e1n Jalil D\u00edaz del Castillo, explic\u00f3 que este esfuerzo se enmarca en la Ley Federal de Armas de Fuego y Control de Explosivos y forma parte de la Estrategia Nacional de Seguridad P\u00fablica 2024-2030. Durante la ceremonia de arranque, se destac\u00f3 [&hellip;]","og_url":"https:\/\/canal7slp.tv\/2025\/ejercito-arranca-en-san-luis-potosi-campana-de-canje-de-armas-de-fuego\/","og_site_name":"Canal 7 SLP - 2025","article_publisher":"https:\/\/www.facebook.com\/noticieroscanal7atencionciudadana\/","article_published_time":"2025-06-16T21:55:53+00:00","og_image":[{"width":1280,"height":720,"url":"https:\/\/canal7slp.tv\/2025\/wp-content\/uploads\/2025\/06\/Vazquez01Armas.jpg","type":"image\/jpeg"}],"author":"Edici\u00f3n Web","twitter_card":"summary_large_image","twitter_creator":"@NOTICIEROS7","twitter_site":"@NOTICIEROS7","twitter_misc":{"Escrito por":"Edici\u00f3n Web","Tiempo de lectura":"2 minutos"},"schema":{"@context":"https:\/\/schema.org","@graph":[{"@type":"Article","@id":"https:\/\/canal7slp.tv\/2025\/ejercito-arranca-en-san-luis-potosi-campana-de-canje-de-armas-de-fuego\/#article","isPartOf":{"@id":"https:\/\/canal7slp.tv\/2025\/ejercito-arranca-en-san-luis-potosi-campana-de-canje-de-armas-de-fuego\/"},"author":{"name":"Edici\u00f3n Web","@id":"https:\/\/canal7slp.tv\/2025\/#\/schema\/person\/271e2b60a96e7cc9d9ac296f4d7e414b"},"headline":"Ej\u00e9rcito arranca en San Luis Potos\u00ed campa\u00f1a de canje de armas de fuego","datePublished":"2025-06-16T21:55:53+00:00","mainEntityOfPage":{"@id":"https:\/\/canal7slp.tv\/2025\/ejercito-arranca-en-san-luis-potosi-campana-de-canje-de-armas-de-fuego\/"},"wordCount":427,"publisher":{"@id":"https:\/\/canal7slp.tv\/2025\/#organization"},"image":{"@id":"https:\/\/canal7slp.tv\/2025\/ejercito-arranca-en-san-luis-potosi-campana-de-canje-de-armas-de-fuego\/#primaryimage"},"thumbnailUrl":"https:\/\/canal7slp.tv\/2025\/wp-content\/uploads\/2025\/06\/Vazquez01Armas.jpg","articleSection":["AYOSLP","DESTACADAS","GOBEDOSLP","LOCALES Y REGIONALES"],"inLanguage":"es"},{"@type":"WebPage","@id":"https:\/\/canal7slp.tv\/2025\/ejercito-arranca-en-san-luis-potosi-campana-de-canje-de-armas-de-fuego\/","url":"https:\/\/canal7slp.tv\/2025\/ejercito-arranca-en-san-luis-potosi-campana-de-canje-de-armas-de-fuego\/","name":"Ej\u00e9rcito arranca en San Luis Potos\u00ed campa\u00f1a de canje de armas de fuego - Canal 7 SLP - 2025","isPartOf":{"@id":"https:\/\/canal7slp.tv\/2025\/#website"},"primaryImageOfPage":{"@id":"https:\/\/canal7slp.tv\/2025\/ejercito-arranca-en-san-luis-potosi-campana-de-canje-de-armas-de-fuego\/#primaryimage"},"image":{"@id":"https:\/\/canal7slp.tv\/2025\/ejercito-arranca-en-san-luis-potosi-campana-de-canje-de-armas-de-fuego\/#primaryimage"},"thumbnailUrl":"https:\/\/canal7slp.tv\/2025\/wp-content\/uploads\/2025\/06\/Vazquez01Armas.jpg","datePublished":"2025-06-16T21:55:53+00:00","breadcrumb":{"@id":"https:\/\/canal7slp.tv\/2025\/ejercito-arranca-en-san-luis-potosi-campana-de-canje-de-armas-de-fuego\/#breadcrumb"},"inLanguage":"es","potentialAction":[{"@type":"ReadAction","target":["https:\/\/canal7slp.tv\/2025\/ejercito-arranca-en-san-luis-potosi-campana-de-canje-de-armas-de-fuego\/"]}]},{"@type":"ImageObject","inLanguage":"es","@id":"https:\/\/canal7slp.tv\/2025\/ejercito-arranca-en-san-luis-potosi-campana-de-canje-de-armas-de-fuego\/#primaryimage","url":"https:\/\/canal7slp.tv\/2025\/wp-content\/uploads\/2025\/06\/Vazquez01Armas.jpg","contentUrl":"https:\/\/canal7slp.tv\/2025\/wp-content\/uploads\/2025\/06\/Vazquez01Armas.jpg","width":1280,"height":720},{"@type":"BreadcrumbList","@id":"https:\/\/canal7slp.tv\/2025\/ejercito-arranca-en-san-luis-potosi-campana-de-canje-de-armas-de-fuego\/#breadcrumb","itemListElement":[{"@type":"ListItem","position":1,"name":"Portada","item":"https:\/\/canal7slp.tv\/2025\/"},{"@type":"ListItem","position":2,"name":"Ej\u00e9rcito arranca en San Luis Potos\u00ed campa\u00f1a de canje de armas de fuego"}]},{"@type":"WebSite","@id":"https:\/\/canal7slp.tv\/2025\/#website","url":"https:\/\/canal7slp.tv\/2025\/","name":"N7 - Noticieros Canal 7","description":"Somos el Medio","publisher":{"@id":"https:\/\/canal7slp.tv\/2025\/#organization"},"potentialAction":[{"@type":"SearchAction","target":{"@type":"EntryPoint","urlTemplate":"https:\/\/canal7slp.tv\/2025\/?s={search_term_string}"},"query-input":{"@type":"PropertyValueSpecification","valueRequired":true,"valueName":"search_term_string"}}],"inLanguage":"es"},{"@type":"Organization","@id":"https:\/\/canal7slp.tv\/2025\/#organization","name":"Noticieros Canal 7","url":"https:\/\/canal7slp.tv\/2025\/","logo":{"@type":"ImageObject","inLanguage":"es","@id":"https:\/\/canal7slp.tv\/2025\/#\/schema\/logo\/image\/","url":"https:\/\/canal7slp.tv\/2025\/wp-content\/uploads\/2021\/01\/logo-noticieros@2x.png","contentUrl":"https:\/\/canal7slp.tv\/2025\/wp-content\/uploads\/2021\/01\/logo-noticieros@2x.png","width":1017,"height":268,"caption":"Noticieros Canal 7"},"image":{"@id":"https:\/\/canal7slp.tv\/2025\/#\/schema\/logo\/image\/"},"sameAs":["https:\/\/www.facebook.com\/noticieroscanal7atencionciudadana\/","https:\/\/x.com\/NOTICIEROS7","https:\/\/www.instagram.com\/canal7_slp","https:\/\/www.youtube.com\/channel\/UCliiYs-gP3JfJeqdPrNdd5A"]},{"@type":"Person","@id":"https:\/\/canal7slp.tv\/2025\/#\/schema\/person\/271e2b60a96e7cc9d9ac296f4d7e414b","name":"Edici\u00f3n Web","image":{"@type":"ImageObject","inLanguage":"es","@id":"https:\/\/secure.gravatar.com\/avatar\/eee448fc3f7164808013b816ba91ac7e43bbe82a70bebac296f8bc6f0addaa1a?s=96&d=mm&r=g","url":"https:\/\/secure.gravatar.com\/avatar\/eee448fc3f7164808013b816ba91ac7e43bbe82a70bebac296f8bc6f0addaa1a?s=96&d=mm&r=g","contentUrl":"https:\/\/secure.gravatar.com\/avatar\/eee448fc3f7164808013b816ba91ac7e43bbe82a70bebac296f8bc6f0addaa1a?s=96&d=mm&r=g","caption":"Edici\u00f3n Web"},"url":"https:\/\/canal7slp.tv\/2025\/author\/edicionweb\/"}]}},"_links":{"self":[{"href":"https:\/\/canal7slp.tv\/2025\/wp-json\/wp\/v2\/posts\/170605","targetHints":{"allow":["GET"]}}],"collection":[{"href":"https:\/\/canal7slp.tv\/2025\/wp-json\/wp\/v2\/posts"}],"about":[{"href":"https:\/\/canal7slp.tv\/2025\/wp-json\/wp\/v2\/types\/post"}],"author":[{"embeddable":true,"href":"https:\/\/canal7slp.tv\/2025\/wp-json\/wp\/v2\/users\/2"}],"replies":[{"embeddable":true,"href":"https:\/\/canal7slp.tv\/2025\/wp-json\/wp\/v2\/comments?post=170605"}],"version-history":[{"count":1,"href":"https:\/\/canal7slp.tv\/2025\/wp-json\/wp\/v2\/posts\/170605\/revisions"}],"predecessor-version":[{"id":170608,"href":"https:\/\/canal7slp.tv\/2025\/wp-json\/wp\/v2\/posts\/170605\/revisions\/170608"}],"wp:featuredmedia":[{"embeddable":true,"href":"https:\/\/canal7slp.tv\/2025\/wp-json\/wp\/v2\/media\/170607"}],"wp:attachment":[{"href":"https:\/\/canal7slp.tv\/2025\/wp-json\/wp\/v2\/media?parent=170605"}],"wp:term":[{"taxonomy":"category","embeddable":true,"href":"https:\/\/canal7slp.tv\/2025\/wp-json\/wp\/v2\/categories?post=170605"},{"taxonomy":"post_tag","embeddable":true,"href":"https:\/\/canal7slp.tv\/2025\/wp-json\/wp\/v2\/tags?post=170605"}],"curies":[{"name":"wp","href":"https:\/\/api.w.org\/{rel}","templated":true}]}}