{"id":170602,"date":"2025-06-16T15:46:25","date_gmt":"2025-06-16T21:46:25","guid":{"rendered":"https:\/\/canal7slp.tv\/2025\/?p=170602"},"modified":"2025-06-16T16:11:44","modified_gmt":"2025-06-16T22:11:44","slug":"rubio-prepara-visita-a-mexico-para-reforzar-agenda-bilateral","status":"publish","type":"post","link":"https:\/\/canal7slp.tv\/2025\/rubio-prepara-visita-a-mexico-para-reforzar-agenda-bilateral\/","title":{"rendered":"Rubio prepara visita a M\u00e9xico para reforzar agenda bilateral"},"content":{"rendered":"<p style=\"text-align: justify;\">EUA.- El secretario de Estado de Estados Unidos, Marco Rubio, planea visitar M\u00e9xico en un \u00abfuturo muy pr\u00f3ximo\u00bb, seg\u00fan confirm\u00f3 este lunes 16 de junio el subsecretario de Estado, Christopher Landau, durante una rueda de prensa telef\u00f3nica.<\/p>\n<p style=\"text-align: justify;\">Landau, quien visit\u00f3 Ciudad de M\u00e9xico la semana pasada y sostuvo un encuentro con la presidenta Claudia Sheinbaum, indic\u00f3 que parte de la reuni\u00f3n fue para preparar la visita de Rubio, quien podr\u00eda estar acompa\u00f1ado por otros altos funcionarios del gobierno estadounidense. \u201cA\u00fan no tenemos una fecha definida, pero esperamos que sea muy pronto\u201d, se\u00f1al\u00f3.<\/p>\n<p style=\"text-align: justify;\">En febrero pasado, una delegaci\u00f3n mexicana encabezada por el canciller Juan Ram\u00f3n de la Fuente viaj\u00f3 a Washington para reunirse con la nueva administraci\u00f3n de Donald Trump, y ahora se anticipa un encuentro similar en la capital mexicana.<\/p>\n<p style=\"text-align: justify;\">Landau, exembajador en M\u00e9xico durante el primer mandato de Trump (2017\u20132021), describi\u00f3 su conversaci\u00f3n con Sheinbaum como un di\u00e1logo de \u00abrespeto mutuo\u00bb, y record\u00f3 que ya conoc\u00eda a la mandataria desde su etapa como jefa de Gobierno de la Ciudad de M\u00e9xico. Destac\u00f3 adem\u00e1s que mantienen una \u201cbuena relaci\u00f3n\u201d.<\/p>\n<p style=\"text-align: justify;\">El subsecretario subray\u00f3 que ambos pa\u00edses enfrentan retos comunes en materia de seguridad y en la lucha contra los c\u00e1rteles del narcotr\u00e1fico. Aunque reconoci\u00f3 que la migraci\u00f3n irregular ha disminuido \u201cde manera dram\u00e1tica\u201d, se\u00f1al\u00f3 que a\u00fan hay trabajo por hacer.<\/p>\n<p style=\"text-align: justify;\">\u201cLa conversaci\u00f3n se desarroll\u00f3 en un ambiente de total respeto mutuo y de reconocimiento a la soberan\u00eda de ambas naciones\u201d, afirm\u00f3 Landau. \u201cCreo que habr\u00e1 mayor cooperaci\u00f3n que nunca. Sal\u00ed bastante optimista de las reuniones. Hay voluntad en ambos lados de la frontera para enfrentar juntos estos retos, porque son compartidos\u201d.<\/p>\n","protected":false},"excerpt":{"rendered":"<p>EUA.- El secretario de Estado de Estados Unidos, Marco Rubio, planea visitar M\u00e9xico en un \u00abfuturo muy pr\u00f3ximo\u00bb, seg\u00fan confirm\u00f3 este lunes 16 de junio el subsecretario de Estado, Christopher Landau, durante una rueda de prensa telef\u00f3nica. Landau, quien visit\u00f3 Ciudad de M\u00e9xico la semana pasada y sostuvo un encuentro con la presidenta Claudia Sheinbaum, indic\u00f3 que parte de la reuni\u00f3n fue para preparar la visita de Rubio, quien podr\u00eda estar acompa\u00f1ado por otros altos funcionarios del gobierno estadounidense. \u201cA\u00fan no tenemos una fecha definida, pero esperamos que sea muy pronto\u201d, se\u00f1al\u00f3. En febrero pasado, una delegaci\u00f3n mexicana encabezada por [&hellip;]<\/p>\n","protected":false},"author":2,"featured_media":170603,"comment_status":"closed","ping_status":"closed","sticky":false,"template":"","format":"standard","meta":{"_monsterinsights_skip_tracking":false,"_monsterinsights_sitenote_active":false,"_monsterinsights_sitenote_note":"","_monsterinsights_sitenote_category":0,"footnotes":""},"categories":[44],"tags":[],"class_list":["post-170602","post","type-post","status-publish","format-standard","has-post-thumbnail","hentry","category-internacional","post--single"],"yoast_head":"<!-- This site is optimized with the Yoast SEO plugin v27.5 - https:\/\/yoast.com\/product\/yoast-seo-wordpress\/ -->\n<title>Rubio prepara visita a M\u00e9xico para reforzar agenda bilateral - Canal 7 SLP - 2025<\/title>\n<meta name=\"robots\" content=\"index, follow, max-snippet:-1, max-image-preview:large, max-video-preview:-1\" \/>\n<link rel=\"canonical\" href=\"https:\/\/canal7slp.tv\/2025\/rubio-prepara-visita-a-mexico-para-reforzar-agenda-bilateral\/\" \/>\n<meta property=\"og:locale\" content=\"es_ES\" \/>\n<meta property=\"og:type\" content=\"article\" \/>\n<meta property=\"og:title\" content=\"Rubio prepara visita a M\u00e9xico para reforzar agenda bilateral - Canal 7 SLP - 2025\" \/>\n<meta property=\"og:description\" content=\"EUA.- El secretario de Estado de Estados Unidos, Marco Rubio, planea visitar M\u00e9xico en un \u00abfuturo muy pr\u00f3ximo\u00bb, seg\u00fan confirm\u00f3 este lunes 16 de junio el subsecretario de Estado, Christopher Landau, durante una rueda de prensa telef\u00f3nica. Landau, quien visit\u00f3 Ciudad de M\u00e9xico la semana pasada y sostuvo un encuentro con la presidenta Claudia Sheinbaum, indic\u00f3 que parte de la reuni\u00f3n fue para preparar la visita de Rubio, quien podr\u00eda estar acompa\u00f1ado por otros altos funcionarios del gobierno estadounidense. \u201cA\u00fan no tenemos una fecha definida, pero esperamos que sea muy pronto\u201d, se\u00f1al\u00f3. En febrero pasado, una delegaci\u00f3n mexicana encabezada por [&hellip;]\" \/>\n<meta property=\"og:url\" content=\"https:\/\/canal7slp.tv\/2025\/rubio-prepara-visita-a-mexico-para-reforzar-agenda-bilateral\/\" \/>\n<meta property=\"og:site_name\" content=\"Canal 7 SLP - 2025\" \/>\n<meta property=\"article:publisher\" content=\"https:\/\/www.facebook.com\/noticieroscanal7atencionciudadana\/\" \/>\n<meta property=\"article:published_time\" content=\"2025-06-16T21:46:25+00:00\" \/>\n<meta property=\"article:modified_time\" content=\"2025-06-16T22:11:44+00:00\" \/>\n<meta property=\"og:image\" content=\"https:\/\/canal7slp.tv\/2025\/wp-content\/uploads\/2025\/06\/10-15.jpg\" \/>\n\t<meta property=\"og:image:width\" content=\"750\" \/>\n\t<meta property=\"og:image:height\" content=\"500\" \/>\n\t<meta property=\"og:image:type\" content=\"image\/jpeg\" \/>\n<meta name=\"author\" content=\"Edici\u00f3n Web\" \/>\n<meta name=\"twitter:card\" content=\"summary_large_image\" \/>\n<meta name=\"twitter:creator\" content=\"@NOTICIEROS7\" \/>\n<meta name=\"twitter:site\" content=\"@NOTICIEROS7\" \/>\n<meta name=\"twitter:label1\" content=\"Escrito por\" \/>\n\t<meta name=\"twitter:data1\" content=\"Edici\u00f3n Web\" \/>\n\t<meta name=\"twitter:label2\" content=\"Tiempo de lectura\" \/>\n\t<meta name=\"twitter:data2\" content=\"2 minutos\" \/>\n<script type=\"application\/ld+json\" class=\"yoast-schema-graph\">{\"@context\":\"https:\\\/\\\/schema.org\",\"@graph\":[{\"@type\":\"Article\",\"@id\":\"https:\\\/\\\/canal7slp.tv\\\/2025\\\/rubio-prepara-visita-a-mexico-para-reforzar-agenda-bilateral\\\/#article\",\"isPartOf\":{\"@id\":\"https:\\\/\\\/canal7slp.tv\\\/2025\\\/rubio-prepara-visita-a-mexico-para-reforzar-agenda-bilateral\\\/\"},\"author\":{\"name\":\"Edici\u00f3n Web\",\"@id\":\"https:\\\/\\\/canal7slp.tv\\\/2025\\\/#\\\/schema\\\/person\\\/271e2b60a96e7cc9d9ac296f4d7e414b\"},\"headline\":\"Rubio prepara visita a M\u00e9xico para reforzar agenda bilateral\",\"datePublished\":\"2025-06-16T21:46:25+00:00\",\"dateModified\":\"2025-06-16T22:11:44+00:00\",\"mainEntityOfPage\":{\"@id\":\"https:\\\/\\\/canal7slp.tv\\\/2025\\\/rubio-prepara-visita-a-mexico-para-reforzar-agenda-bilateral\\\/\"},\"wordCount\":309,\"publisher\":{\"@id\":\"https:\\\/\\\/canal7slp.tv\\\/2025\\\/#organization\"},\"image\":{\"@id\":\"https:\\\/\\\/canal7slp.tv\\\/2025\\\/rubio-prepara-visita-a-mexico-para-reforzar-agenda-bilateral\\\/#primaryimage\"},\"thumbnailUrl\":\"https:\\\/\\\/canal7slp.tv\\\/2025\\\/wp-content\\\/uploads\\\/2025\\\/06\\\/10-15.jpg\",\"articleSection\":[\"INTERNACIONALES\"],\"inLanguage\":\"es\"},{\"@type\":\"WebPage\",\"@id\":\"https:\\\/\\\/canal7slp.tv\\\/2025\\\/rubio-prepara-visita-a-mexico-para-reforzar-agenda-bilateral\\\/\",\"url\":\"https:\\\/\\\/canal7slp.tv\\\/2025\\\/rubio-prepara-visita-a-mexico-para-reforzar-agenda-bilateral\\\/\",\"name\":\"Rubio prepara visita a M\u00e9xico para reforzar agenda bilateral - Canal 7 SLP - 2025\",\"isPartOf\":{\"@id\":\"https:\\\/\\\/canal7slp.tv\\\/2025\\\/#website\"},\"primaryImageOfPage\":{\"@id\":\"https:\\\/\\\/canal7slp.tv\\\/2025\\\/rubio-prepara-visita-a-mexico-para-reforzar-agenda-bilateral\\\/#primaryimage\"},\"image\":{\"@id\":\"https:\\\/\\\/canal7slp.tv\\\/2025\\\/rubio-prepara-visita-a-mexico-para-reforzar-agenda-bilateral\\\/#primaryimage\"},\"thumbnailUrl\":\"https:\\\/\\\/canal7slp.tv\\\/2025\\\/wp-content\\\/uploads\\\/2025\\\/06\\\/10-15.jpg\",\"datePublished\":\"2025-06-16T21:46:25+00:00\",\"dateModified\":\"2025-06-16T22:11:44+00:00\",\"breadcrumb\":{\"@id\":\"https:\\\/\\\/canal7slp.tv\\\/2025\\\/rubio-prepara-visita-a-mexico-para-reforzar-agenda-bilateral\\\/#breadcrumb\"},\"inLanguage\":\"es\",\"potentialAction\":[{\"@type\":\"ReadAction\",\"target\":[\"https:\\\/\\\/canal7slp.tv\\\/2025\\\/rubio-prepara-visita-a-mexico-para-reforzar-agenda-bilateral\\\/\"]}]},{\"@type\":\"ImageObject\",\"inLanguage\":\"es\",\"@id\":\"https:\\\/\\\/canal7slp.tv\\\/2025\\\/rubio-prepara-visita-a-mexico-para-reforzar-agenda-bilateral\\\/#primaryimage\",\"url\":\"https:\\\/\\\/canal7slp.tv\\\/2025\\\/wp-content\\\/uploads\\\/2025\\\/06\\\/10-15.jpg\",\"contentUrl\":\"https:\\\/\\\/canal7slp.tv\\\/2025\\\/wp-content\\\/uploads\\\/2025\\\/06\\\/10-15.jpg\",\"width\":750,\"height\":500},{\"@type\":\"BreadcrumbList\",\"@id\":\"https:\\\/\\\/canal7slp.tv\\\/2025\\\/rubio-prepara-visita-a-mexico-para-reforzar-agenda-bilateral\\\/#breadcrumb\",\"itemListElement\":[{\"@type\":\"ListItem\",\"position\":1,\"name\":\"Portada\",\"item\":\"https:\\\/\\\/canal7slp.tv\\\/2025\\\/\"},{\"@type\":\"ListItem\",\"position\":2,\"name\":\"Rubio prepara visita a M\u00e9xico para reforzar agenda bilateral\"}]},{\"@type\":\"WebSite\",\"@id\":\"https:\\\/\\\/canal7slp.tv\\\/2025\\\/#website\",\"url\":\"https:\\\/\\\/canal7slp.tv\\\/2025\\\/\",\"name\":\"N7 - Noticieros Canal 7\",\"description\":\"Somos el Medio\",\"publisher\":{\"@id\":\"https:\\\/\\\/canal7slp.tv\\\/2025\\\/#organization\"},\"potentialAction\":[{\"@type\":\"SearchAction\",\"target\":{\"@type\":\"EntryPoint\",\"urlTemplate\":\"https:\\\/\\\/canal7slp.tv\\\/2025\\\/?s={search_term_string}\"},\"query-input\":{\"@type\":\"PropertyValueSpecification\",\"valueRequired\":true,\"valueName\":\"search_term_string\"}}],\"inLanguage\":\"es\"},{\"@type\":\"Organization\",\"@id\":\"https:\\\/\\\/canal7slp.tv\\\/2025\\\/#organization\",\"name\":\"Noticieros Canal 7\",\"url\":\"https:\\\/\\\/canal7slp.tv\\\/2025\\\/\",\"logo\":{\"@type\":\"ImageObject\",\"inLanguage\":\"es\",\"@id\":\"https:\\\/\\\/canal7slp.tv\\\/2025\\\/#\\\/schema\\\/logo\\\/image\\\/\",\"url\":\"https:\\\/\\\/canal7slp.tv\\\/2025\\\/wp-content\\\/uploads\\\/2021\\\/01\\\/logo-noticieros@2x.png\",\"contentUrl\":\"https:\\\/\\\/canal7slp.tv\\\/2025\\\/wp-content\\\/uploads\\\/2021\\\/01\\\/logo-noticieros@2x.png\",\"width\":1017,\"height\":268,\"caption\":\"Noticieros Canal 7\"},\"image\":{\"@id\":\"https:\\\/\\\/canal7slp.tv\\\/2025\\\/#\\\/schema\\\/logo\\\/image\\\/\"},\"sameAs\":[\"https:\\\/\\\/www.facebook.com\\\/noticieroscanal7atencionciudadana\\\/\",\"https:\\\/\\\/x.com\\\/NOTICIEROS7\",\"https:\\\/\\\/www.instagram.com\\\/canal7_slp\",\"https:\\\/\\\/www.youtube.com\\\/channel\\\/UCliiYs-gP3JfJeqdPrNdd5A\"]},{\"@type\":\"Person\",\"@id\":\"https:\\\/\\\/canal7slp.tv\\\/2025\\\/#\\\/schema\\\/person\\\/271e2b60a96e7cc9d9ac296f4d7e414b\",\"name\":\"Edici\u00f3n Web\",\"image\":{\"@type\":\"ImageObject\",\"inLanguage\":\"es\",\"@id\":\"https:\\\/\\\/secure.gravatar.com\\\/avatar\\\/eee448fc3f7164808013b816ba91ac7e43bbe82a70bebac296f8bc6f0addaa1a?s=96&d=mm&r=g\",\"url\":\"https:\\\/\\\/secure.gravatar.com\\\/avatar\\\/eee448fc3f7164808013b816ba91ac7e43bbe82a70bebac296f8bc6f0addaa1a?s=96&d=mm&r=g\",\"contentUrl\":\"https:\\\/\\\/secure.gravatar.com\\\/avatar\\\/eee448fc3f7164808013b816ba91ac7e43bbe82a70bebac296f8bc6f0addaa1a?s=96&d=mm&r=g\",\"caption\":\"Edici\u00f3n Web\"},\"url\":\"https:\\\/\\\/canal7slp.tv\\\/2025\\\/author\\\/edicionweb\\\/\"}]}<\/script>\n<!-- \/ Yoast SEO plugin. -->","yoast_head_json":{"title":"Rubio prepara visita a M\u00e9xico para reforzar agenda bilateral - Canal 7 SLP - 2025","robots":{"index":"index","follow":"follow","max-snippet":"max-snippet:-1","max-image-preview":"max-image-preview:large","max-video-preview":"max-video-preview:-1"},"canonical":"https:\/\/canal7slp.tv\/2025\/rubio-prepara-visita-a-mexico-para-reforzar-agenda-bilateral\/","og_locale":"es_ES","og_type":"article","og_title":"Rubio prepara visita a M\u00e9xico para reforzar agenda bilateral - Canal 7 SLP - 2025","og_description":"EUA.- El secretario de Estado de Estados Unidos, Marco Rubio, planea visitar M\u00e9xico en un \u00abfuturo muy pr\u00f3ximo\u00bb, seg\u00fan confirm\u00f3 este lunes 16 de junio el subsecretario de Estado, Christopher Landau, durante una rueda de prensa telef\u00f3nica. Landau, quien visit\u00f3 Ciudad de M\u00e9xico la semana pasada y sostuvo un encuentro con la presidenta Claudia Sheinbaum, indic\u00f3 que parte de la reuni\u00f3n fue para preparar la visita de Rubio, quien podr\u00eda estar acompa\u00f1ado por otros altos funcionarios del gobierno estadounidense. \u201cA\u00fan no tenemos una fecha definida, pero esperamos que sea muy pronto\u201d, se\u00f1al\u00f3. En febrero pasado, una delegaci\u00f3n mexicana encabezada por [&hellip;]","og_url":"https:\/\/canal7slp.tv\/2025\/rubio-prepara-visita-a-mexico-para-reforzar-agenda-bilateral\/","og_site_name":"Canal 7 SLP - 2025","article_publisher":"https:\/\/www.facebook.com\/noticieroscanal7atencionciudadana\/","article_published_time":"2025-06-16T21:46:25+00:00","article_modified_time":"2025-06-16T22:11:44+00:00","og_image":[{"width":750,"height":500,"url":"https:\/\/canal7slp.tv\/2025\/wp-content\/uploads\/2025\/06\/10-15.jpg","type":"image\/jpeg"}],"author":"Edici\u00f3n Web","twitter_card":"summary_large_image","twitter_creator":"@NOTICIEROS7","twitter_site":"@NOTICIEROS7","twitter_misc":{"Escrito por":"Edici\u00f3n Web","Tiempo de lectura":"2 minutos"},"schema":{"@context":"https:\/\/schema.org","@graph":[{"@type":"Article","@id":"https:\/\/canal7slp.tv\/2025\/rubio-prepara-visita-a-mexico-para-reforzar-agenda-bilateral\/#article","isPartOf":{"@id":"https:\/\/canal7slp.tv\/2025\/rubio-prepara-visita-a-mexico-para-reforzar-agenda-bilateral\/"},"author":{"name":"Edici\u00f3n Web","@id":"https:\/\/canal7slp.tv\/2025\/#\/schema\/person\/271e2b60a96e7cc9d9ac296f4d7e414b"},"headline":"Rubio prepara visita a M\u00e9xico para reforzar agenda bilateral","datePublished":"2025-06-16T21:46:25+00:00","dateModified":"2025-06-16T22:11:44+00:00","mainEntityOfPage":{"@id":"https:\/\/canal7slp.tv\/2025\/rubio-prepara-visita-a-mexico-para-reforzar-agenda-bilateral\/"},"wordCount":309,"publisher":{"@id":"https:\/\/canal7slp.tv\/2025\/#organization"},"image":{"@id":"https:\/\/canal7slp.tv\/2025\/rubio-prepara-visita-a-mexico-para-reforzar-agenda-bilateral\/#primaryimage"},"thumbnailUrl":"https:\/\/canal7slp.tv\/2025\/wp-content\/uploads\/2025\/06\/10-15.jpg","articleSection":["INTERNACIONALES"],"inLanguage":"es"},{"@type":"WebPage","@id":"https:\/\/canal7slp.tv\/2025\/rubio-prepara-visita-a-mexico-para-reforzar-agenda-bilateral\/","url":"https:\/\/canal7slp.tv\/2025\/rubio-prepara-visita-a-mexico-para-reforzar-agenda-bilateral\/","name":"Rubio prepara visita a M\u00e9xico para reforzar agenda bilateral - Canal 7 SLP - 2025","isPartOf":{"@id":"https:\/\/canal7slp.tv\/2025\/#website"},"primaryImageOfPage":{"@id":"https:\/\/canal7slp.tv\/2025\/rubio-prepara-visita-a-mexico-para-reforzar-agenda-bilateral\/#primaryimage"},"image":{"@id":"https:\/\/canal7slp.tv\/2025\/rubio-prepara-visita-a-mexico-para-reforzar-agenda-bilateral\/#primaryimage"},"thumbnailUrl":"https:\/\/canal7slp.tv\/2025\/wp-content\/uploads\/2025\/06\/10-15.jpg","datePublished":"2025-06-16T21:46:25+00:00","dateModified":"2025-06-16T22:11:44+00:00","breadcrumb":{"@id":"https:\/\/canal7slp.tv\/2025\/rubio-prepara-visita-a-mexico-para-reforzar-agenda-bilateral\/#breadcrumb"},"inLanguage":"es","potentialAction":[{"@type":"ReadAction","target":["https:\/\/canal7slp.tv\/2025\/rubio-prepara-visita-a-mexico-para-reforzar-agenda-bilateral\/"]}]},{"@type":"ImageObject","inLanguage":"es","@id":"https:\/\/canal7slp.tv\/2025\/rubio-prepara-visita-a-mexico-para-reforzar-agenda-bilateral\/#primaryimage","url":"https:\/\/canal7slp.tv\/2025\/wp-content\/uploads\/2025\/06\/10-15.jpg","contentUrl":"https:\/\/canal7slp.tv\/2025\/wp-content\/uploads\/2025\/06\/10-15.jpg","width":750,"height":500},{"@type":"BreadcrumbList","@id":"https:\/\/canal7slp.tv\/2025\/rubio-prepara-visita-a-mexico-para-reforzar-agenda-bilateral\/#breadcrumb","itemListElement":[{"@type":"ListItem","position":1,"name":"Portada","item":"https:\/\/canal7slp.tv\/2025\/"},{"@type":"ListItem","position":2,"name":"Rubio prepara visita a M\u00e9xico para reforzar agenda bilateral"}]},{"@type":"WebSite","@id":"https:\/\/canal7slp.tv\/2025\/#website","url":"https:\/\/canal7slp.tv\/2025\/","name":"N7 - Noticieros Canal 7","description":"Somos el Medio","publisher":{"@id":"https:\/\/canal7slp.tv\/2025\/#organization"},"potentialAction":[{"@type":"SearchAction","target":{"@type":"EntryPoint","urlTemplate":"https:\/\/canal7slp.tv\/2025\/?s={search_term_string}"},"query-input":{"@type":"PropertyValueSpecification","valueRequired":true,"valueName":"search_term_string"}}],"inLanguage":"es"},{"@type":"Organization","@id":"https:\/\/canal7slp.tv\/2025\/#organization","name":"Noticieros Canal 7","url":"https:\/\/canal7slp.tv\/2025\/","logo":{"@type":"ImageObject","inLanguage":"es","@id":"https:\/\/canal7slp.tv\/2025\/#\/schema\/logo\/image\/","url":"https:\/\/canal7slp.tv\/2025\/wp-content\/uploads\/2021\/01\/logo-noticieros@2x.png","contentUrl":"https:\/\/canal7slp.tv\/2025\/wp-content\/uploads\/2021\/01\/logo-noticieros@2x.png","width":1017,"height":268,"caption":"Noticieros Canal 7"},"image":{"@id":"https:\/\/canal7slp.tv\/2025\/#\/schema\/logo\/image\/"},"sameAs":["https:\/\/www.facebook.com\/noticieroscanal7atencionciudadana\/","https:\/\/x.com\/NOTICIEROS7","https:\/\/www.instagram.com\/canal7_slp","https:\/\/www.youtube.com\/channel\/UCliiYs-gP3JfJeqdPrNdd5A"]},{"@type":"Person","@id":"https:\/\/canal7slp.tv\/2025\/#\/schema\/person\/271e2b60a96e7cc9d9ac296f4d7e414b","name":"Edici\u00f3n Web","image":{"@type":"ImageObject","inLanguage":"es","@id":"https:\/\/secure.gravatar.com\/avatar\/eee448fc3f7164808013b816ba91ac7e43bbe82a70bebac296f8bc6f0addaa1a?s=96&d=mm&r=g","url":"https:\/\/secure.gravatar.com\/avatar\/eee448fc3f7164808013b816ba91ac7e43bbe82a70bebac296f8bc6f0addaa1a?s=96&d=mm&r=g","contentUrl":"https:\/\/secure.gravatar.com\/avatar\/eee448fc3f7164808013b816ba91ac7e43bbe82a70bebac296f8bc6f0addaa1a?s=96&d=mm&r=g","caption":"Edici\u00f3n Web"},"url":"https:\/\/canal7slp.tv\/2025\/author\/edicionweb\/"}]}},"_links":{"self":[{"href":"https:\/\/canal7slp.tv\/2025\/wp-json\/wp\/v2\/posts\/170602","targetHints":{"allow":["GET"]}}],"collection":[{"href":"https:\/\/canal7slp.tv\/2025\/wp-json\/wp\/v2\/posts"}],"about":[{"href":"https:\/\/canal7slp.tv\/2025\/wp-json\/wp\/v2\/types\/post"}],"author":[{"embeddable":true,"href":"https:\/\/canal7slp.tv\/2025\/wp-json\/wp\/v2\/users\/2"}],"replies":[{"embeddable":true,"href":"https:\/\/canal7slp.tv\/2025\/wp-json\/wp\/v2\/comments?post=170602"}],"version-history":[{"count":1,"href":"https:\/\/canal7slp.tv\/2025\/wp-json\/wp\/v2\/posts\/170602\/revisions"}],"predecessor-version":[{"id":170604,"href":"https:\/\/canal7slp.tv\/2025\/wp-json\/wp\/v2\/posts\/170602\/revisions\/170604"}],"wp:featuredmedia":[{"embeddable":true,"href":"https:\/\/canal7slp.tv\/2025\/wp-json\/wp\/v2\/media\/170603"}],"wp:attachment":[{"href":"https:\/\/canal7slp.tv\/2025\/wp-json\/wp\/v2\/media?parent=170602"}],"wp:term":[{"taxonomy":"category","embeddable":true,"href":"https:\/\/canal7slp.tv\/2025\/wp-json\/wp\/v2\/categories?post=170602"},{"taxonomy":"post_tag","embeddable":true,"href":"https:\/\/canal7slp.tv\/2025\/wp-json\/wp\/v2\/tags?post=170602"}],"curies":[{"name":"wp","href":"https:\/\/api.w.org\/{rel}","templated":true}]}}