{"id":170596,"date":"2025-06-16T15:36:25","date_gmt":"2025-06-16T21:36:25","guid":{"rendered":"https:\/\/canal7slp.tv\/2025\/?p=170596"},"modified":"2025-06-16T15:36:25","modified_gmt":"2025-06-16T21:36:25","slug":"vinculan-a-proceso-a-nueve-presuntos-integrantes-del-cartel-del-golfo-por-delitos-con-armas-de-fuego","status":"publish","type":"post","link":"https:\/\/canal7slp.tv\/2025\/vinculan-a-proceso-a-nueve-presuntos-integrantes-del-cartel-del-golfo-por-delitos-con-armas-de-fuego\/","title":{"rendered":"Vinculan a proceso a nueve presuntos integrantes del C\u00e1rtel del Golfo por delitos con armas de fuego"},"content":{"rendered":"<p style=\"text-align: justify;\">M\u00e9xico.- Un juez de control vincul\u00f3 a proceso a nueve presuntos miembros del C\u00e1rtel del Golfo, acusados de diversos delitos relacionados con el uso y posesi\u00f3n de armamento exclusivo del Ej\u00e9rcito. Entre las imputaciones se encuentran la portaci\u00f3n y posesi\u00f3n de armas de fuego, as\u00ed como la posesi\u00f3n de cartuchos y cargadores de uso exclusivo de las Fuerzas Armadas.<\/p>\n<p style=\"text-align: justify;\">Las detenciones fueron realizadas por elementos de la Secretar\u00eda de la Defensa Nacional (SEDENA) durante tareas de vigilancia en el municipio de Soto la Marina, Tamaulipas. Durante el operativo, se aseguraron seis armas de fuego, cargadores, cartuchos de diferentes calibres y ocho chalecos bal\u00edsticos.<\/p>\n<p style=\"text-align: justify;\">Los detenidos fueron identificados como Juan \u00abA\u00bb, imputado por portaci\u00f3n y posesi\u00f3n de arma de fuego; Jos\u00e9 \u00abA\u00bb, por posesi\u00f3n de arma; y Luis \u00abL\u00bb, Jos\u00e9 \u00abR\u00bb, Juan \u00abR\u00bb, Marcos \u00abA\u00bb, Francisco \u00abR\u00bb, Omar \u00abM\u00bb y Jos\u00e9 Luis \u00abS\u00bb, a quienes se les acusa de portaci\u00f3n y posesi\u00f3n de armas, adem\u00e1s de posesi\u00f3n de cartuchos y cargadores, con agravantes.<\/p>\n<p style=\"text-align: justify;\">El juez impuso como medida cautelar la prisi\u00f3n preventiva oficiosa, por lo que los imputados fueron internados en el Centro de Ejecuci\u00f3n de Sanciones (CEDES) de Ciudad Victoria, Tamaulipas. Adem\u00e1s, fij\u00f3 un plazo de dos meses para el cierre de la investigaci\u00f3n complementaria.<\/p>\n<p style=\"text-align: justify;\">\n","protected":false},"excerpt":{"rendered":"<p>M\u00e9xico.- Un juez de control vincul\u00f3 a proceso a nueve presuntos miembros del C\u00e1rtel del Golfo, acusados de diversos delitos relacionados con el uso y posesi\u00f3n de armamento exclusivo del Ej\u00e9rcito. Entre las imputaciones se encuentran la portaci\u00f3n y posesi\u00f3n de armas de fuego, as\u00ed como la posesi\u00f3n de cartuchos y cargadores de uso exclusivo de las Fuerzas Armadas. Las detenciones fueron realizadas por elementos de la Secretar\u00eda de la Defensa Nacional (SEDENA) durante tareas de vigilancia en el municipio de Soto la Marina, Tamaulipas. Durante el operativo, se aseguraron seis armas de fuego, cargadores, cartuchos de diferentes calibres y [&hellip;]<\/p>\n","protected":false},"author":2,"featured_media":170597,"comment_status":"closed","ping_status":"closed","sticky":false,"template":"","format":"standard","meta":{"_monsterinsights_skip_tracking":false,"_monsterinsights_sitenote_active":false,"_monsterinsights_sitenote_note":"","_monsterinsights_sitenote_category":0,"footnotes":""},"categories":[46],"tags":[],"class_list":["post-170596","post","type-post","status-publish","format-standard","has-post-thumbnail","hentry","category-nacional","post--single"],"yoast_head":"<!-- This site is optimized with the Yoast SEO plugin v27.5 - https:\/\/yoast.com\/product\/yoast-seo-wordpress\/ -->\n<title>Vinculan a proceso a nueve presuntos integrantes del C\u00e1rtel del Golfo por delitos con armas de fuego - Canal 7 SLP - 2025<\/title>\n<meta name=\"robots\" content=\"index, follow, max-snippet:-1, max-image-preview:large, max-video-preview:-1\" \/>\n<link rel=\"canonical\" href=\"https:\/\/canal7slp.tv\/2025\/vinculan-a-proceso-a-nueve-presuntos-integrantes-del-cartel-del-golfo-por-delitos-con-armas-de-fuego\/\" \/>\n<meta property=\"og:locale\" content=\"es_ES\" \/>\n<meta property=\"og:type\" content=\"article\" \/>\n<meta property=\"og:title\" content=\"Vinculan a proceso a nueve presuntos integrantes del C\u00e1rtel del Golfo por delitos con armas de fuego - Canal 7 SLP - 2025\" \/>\n<meta property=\"og:description\" content=\"M\u00e9xico.- Un juez de control vincul\u00f3 a proceso a nueve presuntos miembros del C\u00e1rtel del Golfo, acusados de diversos delitos relacionados con el uso y posesi\u00f3n de armamento exclusivo del Ej\u00e9rcito. Entre las imputaciones se encuentran la portaci\u00f3n y posesi\u00f3n de armas de fuego, as\u00ed como la posesi\u00f3n de cartuchos y cargadores de uso exclusivo de las Fuerzas Armadas. Las detenciones fueron realizadas por elementos de la Secretar\u00eda de la Defensa Nacional (SEDENA) durante tareas de vigilancia en el municipio de Soto la Marina, Tamaulipas. Durante el operativo, se aseguraron seis armas de fuego, cargadores, cartuchos de diferentes calibres y [&hellip;]\" \/>\n<meta property=\"og:url\" content=\"https:\/\/canal7slp.tv\/2025\/vinculan-a-proceso-a-nueve-presuntos-integrantes-del-cartel-del-golfo-por-delitos-con-armas-de-fuego\/\" \/>\n<meta property=\"og:site_name\" content=\"Canal 7 SLP - 2025\" \/>\n<meta property=\"article:publisher\" content=\"https:\/\/www.facebook.com\/noticieroscanal7atencionciudadana\/\" \/>\n<meta property=\"article:published_time\" content=\"2025-06-16T21:36:25+00:00\" \/>\n<meta property=\"og:image\" content=\"https:\/\/canal7slp.tv\/2025\/wp-content\/uploads\/2025\/06\/08-15.jpg\" \/>\n\t<meta property=\"og:image:width\" content=\"888\" \/>\n\t<meta property=\"og:image:height\" content=\"500\" \/>\n\t<meta property=\"og:image:type\" content=\"image\/jpeg\" \/>\n<meta name=\"author\" content=\"Edici\u00f3n Web\" \/>\n<meta name=\"twitter:card\" content=\"summary_large_image\" \/>\n<meta name=\"twitter:creator\" content=\"@NOTICIEROS7\" \/>\n<meta name=\"twitter:site\" content=\"@NOTICIEROS7\" \/>\n<meta name=\"twitter:label1\" content=\"Escrito por\" \/>\n\t<meta name=\"twitter:data1\" content=\"Edici\u00f3n Web\" \/>\n\t<meta name=\"twitter:label2\" content=\"Tiempo de lectura\" \/>\n\t<meta name=\"twitter:data2\" content=\"2 minutos\" \/>\n<script type=\"application\/ld+json\" class=\"yoast-schema-graph\">{\"@context\":\"https:\\\/\\\/schema.org\",\"@graph\":[{\"@type\":\"Article\",\"@id\":\"https:\\\/\\\/canal7slp.tv\\\/2025\\\/vinculan-a-proceso-a-nueve-presuntos-integrantes-del-cartel-del-golfo-por-delitos-con-armas-de-fuego\\\/#article\",\"isPartOf\":{\"@id\":\"https:\\\/\\\/canal7slp.tv\\\/2025\\\/vinculan-a-proceso-a-nueve-presuntos-integrantes-del-cartel-del-golfo-por-delitos-con-armas-de-fuego\\\/\"},\"author\":{\"name\":\"Edici\u00f3n Web\",\"@id\":\"https:\\\/\\\/canal7slp.tv\\\/2025\\\/#\\\/schema\\\/person\\\/271e2b60a96e7cc9d9ac296f4d7e414b\"},\"headline\":\"Vinculan a proceso a nueve presuntos integrantes del C\u00e1rtel del Golfo por delitos con armas de fuego\",\"datePublished\":\"2025-06-16T21:36:25+00:00\",\"mainEntityOfPage\":{\"@id\":\"https:\\\/\\\/canal7slp.tv\\\/2025\\\/vinculan-a-proceso-a-nueve-presuntos-integrantes-del-cartel-del-golfo-por-delitos-con-armas-de-fuego\\\/\"},\"wordCount\":244,\"publisher\":{\"@id\":\"https:\\\/\\\/canal7slp.tv\\\/2025\\\/#organization\"},\"image\":{\"@id\":\"https:\\\/\\\/canal7slp.tv\\\/2025\\\/vinculan-a-proceso-a-nueve-presuntos-integrantes-del-cartel-del-golfo-por-delitos-con-armas-de-fuego\\\/#primaryimage\"},\"thumbnailUrl\":\"https:\\\/\\\/canal7slp.tv\\\/2025\\\/wp-content\\\/uploads\\\/2025\\\/06\\\/08-15.jpg\",\"articleSection\":[\"NACIONALES\"],\"inLanguage\":\"es\"},{\"@type\":\"WebPage\",\"@id\":\"https:\\\/\\\/canal7slp.tv\\\/2025\\\/vinculan-a-proceso-a-nueve-presuntos-integrantes-del-cartel-del-golfo-por-delitos-con-armas-de-fuego\\\/\",\"url\":\"https:\\\/\\\/canal7slp.tv\\\/2025\\\/vinculan-a-proceso-a-nueve-presuntos-integrantes-del-cartel-del-golfo-por-delitos-con-armas-de-fuego\\\/\",\"name\":\"Vinculan a proceso a nueve presuntos integrantes del C\u00e1rtel del Golfo por delitos con armas de fuego - Canal 7 SLP - 2025\",\"isPartOf\":{\"@id\":\"https:\\\/\\\/canal7slp.tv\\\/2025\\\/#website\"},\"primaryImageOfPage\":{\"@id\":\"https:\\\/\\\/canal7slp.tv\\\/2025\\\/vinculan-a-proceso-a-nueve-presuntos-integrantes-del-cartel-del-golfo-por-delitos-con-armas-de-fuego\\\/#primaryimage\"},\"image\":{\"@id\":\"https:\\\/\\\/canal7slp.tv\\\/2025\\\/vinculan-a-proceso-a-nueve-presuntos-integrantes-del-cartel-del-golfo-por-delitos-con-armas-de-fuego\\\/#primaryimage\"},\"thumbnailUrl\":\"https:\\\/\\\/canal7slp.tv\\\/2025\\\/wp-content\\\/uploads\\\/2025\\\/06\\\/08-15.jpg\",\"datePublished\":\"2025-06-16T21:36:25+00:00\",\"breadcrumb\":{\"@id\":\"https:\\\/\\\/canal7slp.tv\\\/2025\\\/vinculan-a-proceso-a-nueve-presuntos-integrantes-del-cartel-del-golfo-por-delitos-con-armas-de-fuego\\\/#breadcrumb\"},\"inLanguage\":\"es\",\"potentialAction\":[{\"@type\":\"ReadAction\",\"target\":[\"https:\\\/\\\/canal7slp.tv\\\/2025\\\/vinculan-a-proceso-a-nueve-presuntos-integrantes-del-cartel-del-golfo-por-delitos-con-armas-de-fuego\\\/\"]}]},{\"@type\":\"ImageObject\",\"inLanguage\":\"es\",\"@id\":\"https:\\\/\\\/canal7slp.tv\\\/2025\\\/vinculan-a-proceso-a-nueve-presuntos-integrantes-del-cartel-del-golfo-por-delitos-con-armas-de-fuego\\\/#primaryimage\",\"url\":\"https:\\\/\\\/canal7slp.tv\\\/2025\\\/wp-content\\\/uploads\\\/2025\\\/06\\\/08-15.jpg\",\"contentUrl\":\"https:\\\/\\\/canal7slp.tv\\\/2025\\\/wp-content\\\/uploads\\\/2025\\\/06\\\/08-15.jpg\",\"width\":888,\"height\":500},{\"@type\":\"BreadcrumbList\",\"@id\":\"https:\\\/\\\/canal7slp.tv\\\/2025\\\/vinculan-a-proceso-a-nueve-presuntos-integrantes-del-cartel-del-golfo-por-delitos-con-armas-de-fuego\\\/#breadcrumb\",\"itemListElement\":[{\"@type\":\"ListItem\",\"position\":1,\"name\":\"Portada\",\"item\":\"https:\\\/\\\/canal7slp.tv\\\/2025\\\/\"},{\"@type\":\"ListItem\",\"position\":2,\"name\":\"Vinculan a proceso a nueve presuntos integrantes del C\u00e1rtel del Golfo por delitos con armas de fuego\"}]},{\"@type\":\"WebSite\",\"@id\":\"https:\\\/\\\/canal7slp.tv\\\/2025\\\/#website\",\"url\":\"https:\\\/\\\/canal7slp.tv\\\/2025\\\/\",\"name\":\"N7 - Noticieros Canal 7\",\"description\":\"Somos el Medio\",\"publisher\":{\"@id\":\"https:\\\/\\\/canal7slp.tv\\\/2025\\\/#organization\"},\"potentialAction\":[{\"@type\":\"SearchAction\",\"target\":{\"@type\":\"EntryPoint\",\"urlTemplate\":\"https:\\\/\\\/canal7slp.tv\\\/2025\\\/?s={search_term_string}\"},\"query-input\":{\"@type\":\"PropertyValueSpecification\",\"valueRequired\":true,\"valueName\":\"search_term_string\"}}],\"inLanguage\":\"es\"},{\"@type\":\"Organization\",\"@id\":\"https:\\\/\\\/canal7slp.tv\\\/2025\\\/#organization\",\"name\":\"Noticieros Canal 7\",\"url\":\"https:\\\/\\\/canal7slp.tv\\\/2025\\\/\",\"logo\":{\"@type\":\"ImageObject\",\"inLanguage\":\"es\",\"@id\":\"https:\\\/\\\/canal7slp.tv\\\/2025\\\/#\\\/schema\\\/logo\\\/image\\\/\",\"url\":\"https:\\\/\\\/canal7slp.tv\\\/2025\\\/wp-content\\\/uploads\\\/2021\\\/01\\\/logo-noticieros@2x.png\",\"contentUrl\":\"https:\\\/\\\/canal7slp.tv\\\/2025\\\/wp-content\\\/uploads\\\/2021\\\/01\\\/logo-noticieros@2x.png\",\"width\":1017,\"height\":268,\"caption\":\"Noticieros Canal 7\"},\"image\":{\"@id\":\"https:\\\/\\\/canal7slp.tv\\\/2025\\\/#\\\/schema\\\/logo\\\/image\\\/\"},\"sameAs\":[\"https:\\\/\\\/www.facebook.com\\\/noticieroscanal7atencionciudadana\\\/\",\"https:\\\/\\\/x.com\\\/NOTICIEROS7\",\"https:\\\/\\\/www.instagram.com\\\/canal7_slp\",\"https:\\\/\\\/www.youtube.com\\\/channel\\\/UCliiYs-gP3JfJeqdPrNdd5A\"]},{\"@type\":\"Person\",\"@id\":\"https:\\\/\\\/canal7slp.tv\\\/2025\\\/#\\\/schema\\\/person\\\/271e2b60a96e7cc9d9ac296f4d7e414b\",\"name\":\"Edici\u00f3n Web\",\"image\":{\"@type\":\"ImageObject\",\"inLanguage\":\"es\",\"@id\":\"https:\\\/\\\/secure.gravatar.com\\\/avatar\\\/eee448fc3f7164808013b816ba91ac7e43bbe82a70bebac296f8bc6f0addaa1a?s=96&d=mm&r=g\",\"url\":\"https:\\\/\\\/secure.gravatar.com\\\/avatar\\\/eee448fc3f7164808013b816ba91ac7e43bbe82a70bebac296f8bc6f0addaa1a?s=96&d=mm&r=g\",\"contentUrl\":\"https:\\\/\\\/secure.gravatar.com\\\/avatar\\\/eee448fc3f7164808013b816ba91ac7e43bbe82a70bebac296f8bc6f0addaa1a?s=96&d=mm&r=g\",\"caption\":\"Edici\u00f3n Web\"},\"url\":\"https:\\\/\\\/canal7slp.tv\\\/2025\\\/author\\\/edicionweb\\\/\"}]}<\/script>\n<!-- \/ Yoast SEO plugin. -->","yoast_head_json":{"title":"Vinculan a proceso a nueve presuntos integrantes del C\u00e1rtel del Golfo por delitos con armas de fuego - Canal 7 SLP - 2025","robots":{"index":"index","follow":"follow","max-snippet":"max-snippet:-1","max-image-preview":"max-image-preview:large","max-video-preview":"max-video-preview:-1"},"canonical":"https:\/\/canal7slp.tv\/2025\/vinculan-a-proceso-a-nueve-presuntos-integrantes-del-cartel-del-golfo-por-delitos-con-armas-de-fuego\/","og_locale":"es_ES","og_type":"article","og_title":"Vinculan a proceso a nueve presuntos integrantes del C\u00e1rtel del Golfo por delitos con armas de fuego - Canal 7 SLP - 2025","og_description":"M\u00e9xico.- Un juez de control vincul\u00f3 a proceso a nueve presuntos miembros del C\u00e1rtel del Golfo, acusados de diversos delitos relacionados con el uso y posesi\u00f3n de armamento exclusivo del Ej\u00e9rcito. Entre las imputaciones se encuentran la portaci\u00f3n y posesi\u00f3n de armas de fuego, as\u00ed como la posesi\u00f3n de cartuchos y cargadores de uso exclusivo de las Fuerzas Armadas. Las detenciones fueron realizadas por elementos de la Secretar\u00eda de la Defensa Nacional (SEDENA) durante tareas de vigilancia en el municipio de Soto la Marina, Tamaulipas. Durante el operativo, se aseguraron seis armas de fuego, cargadores, cartuchos de diferentes calibres y [&hellip;]","og_url":"https:\/\/canal7slp.tv\/2025\/vinculan-a-proceso-a-nueve-presuntos-integrantes-del-cartel-del-golfo-por-delitos-con-armas-de-fuego\/","og_site_name":"Canal 7 SLP - 2025","article_publisher":"https:\/\/www.facebook.com\/noticieroscanal7atencionciudadana\/","article_published_time":"2025-06-16T21:36:25+00:00","og_image":[{"width":888,"height":500,"url":"https:\/\/canal7slp.tv\/2025\/wp-content\/uploads\/2025\/06\/08-15.jpg","type":"image\/jpeg"}],"author":"Edici\u00f3n Web","twitter_card":"summary_large_image","twitter_creator":"@NOTICIEROS7","twitter_site":"@NOTICIEROS7","twitter_misc":{"Escrito por":"Edici\u00f3n Web","Tiempo de lectura":"2 minutos"},"schema":{"@context":"https:\/\/schema.org","@graph":[{"@type":"Article","@id":"https:\/\/canal7slp.tv\/2025\/vinculan-a-proceso-a-nueve-presuntos-integrantes-del-cartel-del-golfo-por-delitos-con-armas-de-fuego\/#article","isPartOf":{"@id":"https:\/\/canal7slp.tv\/2025\/vinculan-a-proceso-a-nueve-presuntos-integrantes-del-cartel-del-golfo-por-delitos-con-armas-de-fuego\/"},"author":{"name":"Edici\u00f3n Web","@id":"https:\/\/canal7slp.tv\/2025\/#\/schema\/person\/271e2b60a96e7cc9d9ac296f4d7e414b"},"headline":"Vinculan a proceso a nueve presuntos integrantes del C\u00e1rtel del Golfo por delitos con armas de fuego","datePublished":"2025-06-16T21:36:25+00:00","mainEntityOfPage":{"@id":"https:\/\/canal7slp.tv\/2025\/vinculan-a-proceso-a-nueve-presuntos-integrantes-del-cartel-del-golfo-por-delitos-con-armas-de-fuego\/"},"wordCount":244,"publisher":{"@id":"https:\/\/canal7slp.tv\/2025\/#organization"},"image":{"@id":"https:\/\/canal7slp.tv\/2025\/vinculan-a-proceso-a-nueve-presuntos-integrantes-del-cartel-del-golfo-por-delitos-con-armas-de-fuego\/#primaryimage"},"thumbnailUrl":"https:\/\/canal7slp.tv\/2025\/wp-content\/uploads\/2025\/06\/08-15.jpg","articleSection":["NACIONALES"],"inLanguage":"es"},{"@type":"WebPage","@id":"https:\/\/canal7slp.tv\/2025\/vinculan-a-proceso-a-nueve-presuntos-integrantes-del-cartel-del-golfo-por-delitos-con-armas-de-fuego\/","url":"https:\/\/canal7slp.tv\/2025\/vinculan-a-proceso-a-nueve-presuntos-integrantes-del-cartel-del-golfo-por-delitos-con-armas-de-fuego\/","name":"Vinculan a proceso a nueve presuntos integrantes del C\u00e1rtel del Golfo por delitos con armas de fuego - Canal 7 SLP - 2025","isPartOf":{"@id":"https:\/\/canal7slp.tv\/2025\/#website"},"primaryImageOfPage":{"@id":"https:\/\/canal7slp.tv\/2025\/vinculan-a-proceso-a-nueve-presuntos-integrantes-del-cartel-del-golfo-por-delitos-con-armas-de-fuego\/#primaryimage"},"image":{"@id":"https:\/\/canal7slp.tv\/2025\/vinculan-a-proceso-a-nueve-presuntos-integrantes-del-cartel-del-golfo-por-delitos-con-armas-de-fuego\/#primaryimage"},"thumbnailUrl":"https:\/\/canal7slp.tv\/2025\/wp-content\/uploads\/2025\/06\/08-15.jpg","datePublished":"2025-06-16T21:36:25+00:00","breadcrumb":{"@id":"https:\/\/canal7slp.tv\/2025\/vinculan-a-proceso-a-nueve-presuntos-integrantes-del-cartel-del-golfo-por-delitos-con-armas-de-fuego\/#breadcrumb"},"inLanguage":"es","potentialAction":[{"@type":"ReadAction","target":["https:\/\/canal7slp.tv\/2025\/vinculan-a-proceso-a-nueve-presuntos-integrantes-del-cartel-del-golfo-por-delitos-con-armas-de-fuego\/"]}]},{"@type":"ImageObject","inLanguage":"es","@id":"https:\/\/canal7slp.tv\/2025\/vinculan-a-proceso-a-nueve-presuntos-integrantes-del-cartel-del-golfo-por-delitos-con-armas-de-fuego\/#primaryimage","url":"https:\/\/canal7slp.tv\/2025\/wp-content\/uploads\/2025\/06\/08-15.jpg","contentUrl":"https:\/\/canal7slp.tv\/2025\/wp-content\/uploads\/2025\/06\/08-15.jpg","width":888,"height":500},{"@type":"BreadcrumbList","@id":"https:\/\/canal7slp.tv\/2025\/vinculan-a-proceso-a-nueve-presuntos-integrantes-del-cartel-del-golfo-por-delitos-con-armas-de-fuego\/#breadcrumb","itemListElement":[{"@type":"ListItem","position":1,"name":"Portada","item":"https:\/\/canal7slp.tv\/2025\/"},{"@type":"ListItem","position":2,"name":"Vinculan a proceso a nueve presuntos integrantes del C\u00e1rtel del Golfo por delitos con armas de fuego"}]},{"@type":"WebSite","@id":"https:\/\/canal7slp.tv\/2025\/#website","url":"https:\/\/canal7slp.tv\/2025\/","name":"N7 - Noticieros Canal 7","description":"Somos el Medio","publisher":{"@id":"https:\/\/canal7slp.tv\/2025\/#organization"},"potentialAction":[{"@type":"SearchAction","target":{"@type":"EntryPoint","urlTemplate":"https:\/\/canal7slp.tv\/2025\/?s={search_term_string}"},"query-input":{"@type":"PropertyValueSpecification","valueRequired":true,"valueName":"search_term_string"}}],"inLanguage":"es"},{"@type":"Organization","@id":"https:\/\/canal7slp.tv\/2025\/#organization","name":"Noticieros Canal 7","url":"https:\/\/canal7slp.tv\/2025\/","logo":{"@type":"ImageObject","inLanguage":"es","@id":"https:\/\/canal7slp.tv\/2025\/#\/schema\/logo\/image\/","url":"https:\/\/canal7slp.tv\/2025\/wp-content\/uploads\/2021\/01\/logo-noticieros@2x.png","contentUrl":"https:\/\/canal7slp.tv\/2025\/wp-content\/uploads\/2021\/01\/logo-noticieros@2x.png","width":1017,"height":268,"caption":"Noticieros Canal 7"},"image":{"@id":"https:\/\/canal7slp.tv\/2025\/#\/schema\/logo\/image\/"},"sameAs":["https:\/\/www.facebook.com\/noticieroscanal7atencionciudadana\/","https:\/\/x.com\/NOTICIEROS7","https:\/\/www.instagram.com\/canal7_slp","https:\/\/www.youtube.com\/channel\/UCliiYs-gP3JfJeqdPrNdd5A"]},{"@type":"Person","@id":"https:\/\/canal7slp.tv\/2025\/#\/schema\/person\/271e2b60a96e7cc9d9ac296f4d7e414b","name":"Edici\u00f3n Web","image":{"@type":"ImageObject","inLanguage":"es","@id":"https:\/\/secure.gravatar.com\/avatar\/eee448fc3f7164808013b816ba91ac7e43bbe82a70bebac296f8bc6f0addaa1a?s=96&d=mm&r=g","url":"https:\/\/secure.gravatar.com\/avatar\/eee448fc3f7164808013b816ba91ac7e43bbe82a70bebac296f8bc6f0addaa1a?s=96&d=mm&r=g","contentUrl":"https:\/\/secure.gravatar.com\/avatar\/eee448fc3f7164808013b816ba91ac7e43bbe82a70bebac296f8bc6f0addaa1a?s=96&d=mm&r=g","caption":"Edici\u00f3n Web"},"url":"https:\/\/canal7slp.tv\/2025\/author\/edicionweb\/"}]}},"_links":{"self":[{"href":"https:\/\/canal7slp.tv\/2025\/wp-json\/wp\/v2\/posts\/170596","targetHints":{"allow":["GET"]}}],"collection":[{"href":"https:\/\/canal7slp.tv\/2025\/wp-json\/wp\/v2\/posts"}],"about":[{"href":"https:\/\/canal7slp.tv\/2025\/wp-json\/wp\/v2\/types\/post"}],"author":[{"embeddable":true,"href":"https:\/\/canal7slp.tv\/2025\/wp-json\/wp\/v2\/users\/2"}],"replies":[{"embeddable":true,"href":"https:\/\/canal7slp.tv\/2025\/wp-json\/wp\/v2\/comments?post=170596"}],"version-history":[{"count":1,"href":"https:\/\/canal7slp.tv\/2025\/wp-json\/wp\/v2\/posts\/170596\/revisions"}],"predecessor-version":[{"id":170598,"href":"https:\/\/canal7slp.tv\/2025\/wp-json\/wp\/v2\/posts\/170596\/revisions\/170598"}],"wp:featuredmedia":[{"embeddable":true,"href":"https:\/\/canal7slp.tv\/2025\/wp-json\/wp\/v2\/media\/170597"}],"wp:attachment":[{"href":"https:\/\/canal7slp.tv\/2025\/wp-json\/wp\/v2\/media?parent=170596"}],"wp:term":[{"taxonomy":"category","embeddable":true,"href":"https:\/\/canal7slp.tv\/2025\/wp-json\/wp\/v2\/categories?post=170596"},{"taxonomy":"post_tag","embeddable":true,"href":"https:\/\/canal7slp.tv\/2025\/wp-json\/wp\/v2\/tags?post=170596"}],"curies":[{"name":"wp","href":"https:\/\/api.w.org\/{rel}","templated":true}]}}