{"id":170592,"date":"2025-06-16T15:30:47","date_gmt":"2025-06-16T21:30:47","guid":{"rendered":"https:\/\/canal7slp.tv\/2025\/?p=170592"},"modified":"2025-06-16T15:30:47","modified_gmt":"2025-06-16T21:30:47","slug":"conflicto-entre-israel-e-iran-entra-en-su-cuarto-dia-con-mas-de-240-muertos","status":"publish","type":"post","link":"https:\/\/canal7slp.tv\/2025\/conflicto-entre-israel-e-iran-entra-en-su-cuarto-dia-con-mas-de-240-muertos\/","title":{"rendered":"Conflicto entre Israel e Ir\u00e1n entra en su cuarto d\u00eda con m\u00e1s de 240 muertos"},"content":{"rendered":"<p style=\"text-align: justify;\">\n<p style=\"text-align: justify;\">La confrontaci\u00f3n entre Israel e Ir\u00e1n ha entrado en su cuarto d\u00eda, dejando al menos 224 muertos en Ir\u00e1n y 24 en Israel, adem\u00e1s de m\u00e1s de 1,200 heridos, muchos de ellos mujeres y ni\u00f1os. El conflicto se ha intensificado sin se\u00f1ales claras de una pronta resoluci\u00f3n.<\/p>\n<p style=\"text-align: justify;\">El presidente de Estados Unidos, Donald Trump, asegur\u00f3 que Ir\u00e1n no est\u00e1 ganando la guerra y sugiri\u00f3 que ambos pa\u00edses deben alcanzar un acuerdo para evitar m\u00e1s sufrimiento. Sin embargo, las posturas de los l\u00edderes siguen siendo beligerantes.<\/p>\n<p style=\"text-align: justify;\">El presidente iran\u00ed, Masud Pezeshkian, advirti\u00f3 que Teher\u00e1n responder\u00e1 con mayor fuerza si Washington no detiene el respaldo a Israel. En contraste, el primer ministro israel\u00ed, Benjam\u00edn Netanyahu, afirm\u00f3 que la clave para frenar la violencia es \u201celiminar\u201d al l\u00edder supremo de Ir\u00e1n, Ali Jamene\u00ed.<\/p>\n<p style=\"text-align: justify;\">En el terreno, Israel inform\u00f3 ocho nuevas muertes tras ataques iran\u00edes iniciados el pasado viernes. Mientras tanto, Ir\u00e1n denunci\u00f3 bombardeos israel\u00edes en Mashhad y un barrio de Teher\u00e1n, donde fue atacada la sede de la radiotelevisi\u00f3n p\u00fablica IRIB. Teher\u00e1n calific\u00f3 esta acci\u00f3n como un crimen de guerra, mientras que el ministro de Defensa israel\u00ed defendi\u00f3 el ataque, argumentando que IRIB act\u00faa como instrumento de propaganda del r\u00e9gimen.<\/p>\n<p style=\"text-align: justify;\">A nivel internacional, se multiplican los llamados a la desescalada. Durante la Cumbre del G7, Trump urgi\u00f3 a iniciar un di\u00e1logo inmediato. El presidente de Turqu\u00eda, Recep Tayyip Erdogan, se ofreci\u00f3 como mediador. Seg\u00fan fuentes diplom\u00e1ticas, Ir\u00e1n estar\u00eda dispuesto a cesar el fuego si Estados Unidos deja de intervenir directamente, aunque se ha confirmado que Washington ha proporcionado apoyo log\u00edstico a Israel.<\/p>\n","protected":false},"excerpt":{"rendered":"<p>La confrontaci\u00f3n entre Israel e Ir\u00e1n ha entrado en su cuarto d\u00eda, dejando al menos 224 muertos en Ir\u00e1n y 24 en Israel, adem\u00e1s de m\u00e1s de 1,200 heridos, muchos de ellos mujeres y ni\u00f1os. El conflicto se ha intensificado sin se\u00f1ales claras de una pronta resoluci\u00f3n. El presidente de Estados Unidos, Donald Trump, asegur\u00f3 que Ir\u00e1n no est\u00e1 ganando la guerra y sugiri\u00f3 que ambos pa\u00edses deben alcanzar un acuerdo para evitar m\u00e1s sufrimiento. Sin embargo, las posturas de los l\u00edderes siguen siendo beligerantes. El presidente iran\u00ed, Masud Pezeshkian, advirti\u00f3 que Teher\u00e1n responder\u00e1 con mayor fuerza si Washington no [&hellip;]<\/p>\n","protected":false},"author":2,"featured_media":170593,"comment_status":"closed","ping_status":"closed","sticky":false,"template":"","format":"standard","meta":{"_monsterinsights_skip_tracking":false,"_monsterinsights_sitenote_active":false,"_monsterinsights_sitenote_note":"","_monsterinsights_sitenote_category":0,"footnotes":""},"categories":[44],"tags":[],"class_list":["post-170592","post","type-post","status-publish","format-standard","has-post-thumbnail","hentry","category-internacional","post--single"],"yoast_head":"<!-- This site is optimized with the Yoast SEO plugin v27.5 - https:\/\/yoast.com\/product\/yoast-seo-wordpress\/ -->\n<title>Conflicto entre Israel e Ir\u00e1n entra en su cuarto d\u00eda con m\u00e1s de 240 muertos - Canal 7 SLP - 2025<\/title>\n<meta name=\"robots\" content=\"index, follow, max-snippet:-1, max-image-preview:large, max-video-preview:-1\" \/>\n<link rel=\"canonical\" href=\"https:\/\/canal7slp.tv\/2025\/conflicto-entre-israel-e-iran-entra-en-su-cuarto-dia-con-mas-de-240-muertos\/\" \/>\n<meta property=\"og:locale\" content=\"es_ES\" \/>\n<meta property=\"og:type\" content=\"article\" \/>\n<meta property=\"og:title\" content=\"Conflicto entre Israel e Ir\u00e1n entra en su cuarto d\u00eda con m\u00e1s de 240 muertos - Canal 7 SLP - 2025\" \/>\n<meta property=\"og:description\" content=\"La confrontaci\u00f3n entre Israel e Ir\u00e1n ha entrado en su cuarto d\u00eda, dejando al menos 224 muertos en Ir\u00e1n y 24 en Israel, adem\u00e1s de m\u00e1s de 1,200 heridos, muchos de ellos mujeres y ni\u00f1os. El conflicto se ha intensificado sin se\u00f1ales claras de una pronta resoluci\u00f3n. El presidente de Estados Unidos, Donald Trump, asegur\u00f3 que Ir\u00e1n no est\u00e1 ganando la guerra y sugiri\u00f3 que ambos pa\u00edses deben alcanzar un acuerdo para evitar m\u00e1s sufrimiento. Sin embargo, las posturas de los l\u00edderes siguen siendo beligerantes. El presidente iran\u00ed, Masud Pezeshkian, advirti\u00f3 que Teher\u00e1n responder\u00e1 con mayor fuerza si Washington no [&hellip;]\" \/>\n<meta property=\"og:url\" content=\"https:\/\/canal7slp.tv\/2025\/conflicto-entre-israel-e-iran-entra-en-su-cuarto-dia-con-mas-de-240-muertos\/\" \/>\n<meta property=\"og:site_name\" content=\"Canal 7 SLP - 2025\" \/>\n<meta property=\"article:publisher\" content=\"https:\/\/www.facebook.com\/noticieroscanal7atencionciudadana\/\" \/>\n<meta property=\"article:published_time\" content=\"2025-06-16T21:30:47+00:00\" \/>\n<meta property=\"og:image\" content=\"https:\/\/canal7slp.tv\/2025\/wp-content\/uploads\/2025\/06\/07-14.jpg\" \/>\n\t<meta property=\"og:image:width\" content=\"888\" \/>\n\t<meta property=\"og:image:height\" content=\"500\" \/>\n\t<meta property=\"og:image:type\" content=\"image\/jpeg\" \/>\n<meta name=\"author\" content=\"Edici\u00f3n Web\" \/>\n<meta name=\"twitter:card\" content=\"summary_large_image\" \/>\n<meta name=\"twitter:creator\" content=\"@NOTICIEROS7\" \/>\n<meta name=\"twitter:site\" content=\"@NOTICIEROS7\" \/>\n<meta name=\"twitter:label1\" content=\"Escrito por\" \/>\n\t<meta name=\"twitter:data1\" content=\"Edici\u00f3n Web\" \/>\n\t<meta name=\"twitter:label2\" content=\"Tiempo de lectura\" \/>\n\t<meta name=\"twitter:data2\" content=\"2 minutos\" \/>\n<script type=\"application\/ld+json\" class=\"yoast-schema-graph\">{\"@context\":\"https:\\\/\\\/schema.org\",\"@graph\":[{\"@type\":\"Article\",\"@id\":\"https:\\\/\\\/canal7slp.tv\\\/2025\\\/conflicto-entre-israel-e-iran-entra-en-su-cuarto-dia-con-mas-de-240-muertos\\\/#article\",\"isPartOf\":{\"@id\":\"https:\\\/\\\/canal7slp.tv\\\/2025\\\/conflicto-entre-israel-e-iran-entra-en-su-cuarto-dia-con-mas-de-240-muertos\\\/\"},\"author\":{\"name\":\"Edici\u00f3n Web\",\"@id\":\"https:\\\/\\\/canal7slp.tv\\\/2025\\\/#\\\/schema\\\/person\\\/271e2b60a96e7cc9d9ac296f4d7e414b\"},\"headline\":\"Conflicto entre Israel e Ir\u00e1n entra en su cuarto d\u00eda con m\u00e1s de 240 muertos\",\"datePublished\":\"2025-06-16T21:30:47+00:00\",\"mainEntityOfPage\":{\"@id\":\"https:\\\/\\\/canal7slp.tv\\\/2025\\\/conflicto-entre-israel-e-iran-entra-en-su-cuarto-dia-con-mas-de-240-muertos\\\/\"},\"wordCount\":307,\"publisher\":{\"@id\":\"https:\\\/\\\/canal7slp.tv\\\/2025\\\/#organization\"},\"image\":{\"@id\":\"https:\\\/\\\/canal7slp.tv\\\/2025\\\/conflicto-entre-israel-e-iran-entra-en-su-cuarto-dia-con-mas-de-240-muertos\\\/#primaryimage\"},\"thumbnailUrl\":\"https:\\\/\\\/canal7slp.tv\\\/2025\\\/wp-content\\\/uploads\\\/2025\\\/06\\\/07-14.jpg\",\"articleSection\":[\"INTERNACIONALES\"],\"inLanguage\":\"es\"},{\"@type\":\"WebPage\",\"@id\":\"https:\\\/\\\/canal7slp.tv\\\/2025\\\/conflicto-entre-israel-e-iran-entra-en-su-cuarto-dia-con-mas-de-240-muertos\\\/\",\"url\":\"https:\\\/\\\/canal7slp.tv\\\/2025\\\/conflicto-entre-israel-e-iran-entra-en-su-cuarto-dia-con-mas-de-240-muertos\\\/\",\"name\":\"Conflicto entre Israel e Ir\u00e1n entra en su cuarto d\u00eda con m\u00e1s de 240 muertos - Canal 7 SLP - 2025\",\"isPartOf\":{\"@id\":\"https:\\\/\\\/canal7slp.tv\\\/2025\\\/#website\"},\"primaryImageOfPage\":{\"@id\":\"https:\\\/\\\/canal7slp.tv\\\/2025\\\/conflicto-entre-israel-e-iran-entra-en-su-cuarto-dia-con-mas-de-240-muertos\\\/#primaryimage\"},\"image\":{\"@id\":\"https:\\\/\\\/canal7slp.tv\\\/2025\\\/conflicto-entre-israel-e-iran-entra-en-su-cuarto-dia-con-mas-de-240-muertos\\\/#primaryimage\"},\"thumbnailUrl\":\"https:\\\/\\\/canal7slp.tv\\\/2025\\\/wp-content\\\/uploads\\\/2025\\\/06\\\/07-14.jpg\",\"datePublished\":\"2025-06-16T21:30:47+00:00\",\"breadcrumb\":{\"@id\":\"https:\\\/\\\/canal7slp.tv\\\/2025\\\/conflicto-entre-israel-e-iran-entra-en-su-cuarto-dia-con-mas-de-240-muertos\\\/#breadcrumb\"},\"inLanguage\":\"es\",\"potentialAction\":[{\"@type\":\"ReadAction\",\"target\":[\"https:\\\/\\\/canal7slp.tv\\\/2025\\\/conflicto-entre-israel-e-iran-entra-en-su-cuarto-dia-con-mas-de-240-muertos\\\/\"]}]},{\"@type\":\"ImageObject\",\"inLanguage\":\"es\",\"@id\":\"https:\\\/\\\/canal7slp.tv\\\/2025\\\/conflicto-entre-israel-e-iran-entra-en-su-cuarto-dia-con-mas-de-240-muertos\\\/#primaryimage\",\"url\":\"https:\\\/\\\/canal7slp.tv\\\/2025\\\/wp-content\\\/uploads\\\/2025\\\/06\\\/07-14.jpg\",\"contentUrl\":\"https:\\\/\\\/canal7slp.tv\\\/2025\\\/wp-content\\\/uploads\\\/2025\\\/06\\\/07-14.jpg\",\"width\":888,\"height\":500},{\"@type\":\"BreadcrumbList\",\"@id\":\"https:\\\/\\\/canal7slp.tv\\\/2025\\\/conflicto-entre-israel-e-iran-entra-en-su-cuarto-dia-con-mas-de-240-muertos\\\/#breadcrumb\",\"itemListElement\":[{\"@type\":\"ListItem\",\"position\":1,\"name\":\"Portada\",\"item\":\"https:\\\/\\\/canal7slp.tv\\\/2025\\\/\"},{\"@type\":\"ListItem\",\"position\":2,\"name\":\"Conflicto entre Israel e Ir\u00e1n entra en su cuarto d\u00eda con m\u00e1s de 240 muertos\"}]},{\"@type\":\"WebSite\",\"@id\":\"https:\\\/\\\/canal7slp.tv\\\/2025\\\/#website\",\"url\":\"https:\\\/\\\/canal7slp.tv\\\/2025\\\/\",\"name\":\"N7 - Noticieros Canal 7\",\"description\":\"Somos el Medio\",\"publisher\":{\"@id\":\"https:\\\/\\\/canal7slp.tv\\\/2025\\\/#organization\"},\"potentialAction\":[{\"@type\":\"SearchAction\",\"target\":{\"@type\":\"EntryPoint\",\"urlTemplate\":\"https:\\\/\\\/canal7slp.tv\\\/2025\\\/?s={search_term_string}\"},\"query-input\":{\"@type\":\"PropertyValueSpecification\",\"valueRequired\":true,\"valueName\":\"search_term_string\"}}],\"inLanguage\":\"es\"},{\"@type\":\"Organization\",\"@id\":\"https:\\\/\\\/canal7slp.tv\\\/2025\\\/#organization\",\"name\":\"Noticieros Canal 7\",\"url\":\"https:\\\/\\\/canal7slp.tv\\\/2025\\\/\",\"logo\":{\"@type\":\"ImageObject\",\"inLanguage\":\"es\",\"@id\":\"https:\\\/\\\/canal7slp.tv\\\/2025\\\/#\\\/schema\\\/logo\\\/image\\\/\",\"url\":\"https:\\\/\\\/canal7slp.tv\\\/2025\\\/wp-content\\\/uploads\\\/2021\\\/01\\\/logo-noticieros@2x.png\",\"contentUrl\":\"https:\\\/\\\/canal7slp.tv\\\/2025\\\/wp-content\\\/uploads\\\/2021\\\/01\\\/logo-noticieros@2x.png\",\"width\":1017,\"height\":268,\"caption\":\"Noticieros Canal 7\"},\"image\":{\"@id\":\"https:\\\/\\\/canal7slp.tv\\\/2025\\\/#\\\/schema\\\/logo\\\/image\\\/\"},\"sameAs\":[\"https:\\\/\\\/www.facebook.com\\\/noticieroscanal7atencionciudadana\\\/\",\"https:\\\/\\\/x.com\\\/NOTICIEROS7\",\"https:\\\/\\\/www.instagram.com\\\/canal7_slp\",\"https:\\\/\\\/www.youtube.com\\\/channel\\\/UCliiYs-gP3JfJeqdPrNdd5A\"]},{\"@type\":\"Person\",\"@id\":\"https:\\\/\\\/canal7slp.tv\\\/2025\\\/#\\\/schema\\\/person\\\/271e2b60a96e7cc9d9ac296f4d7e414b\",\"name\":\"Edici\u00f3n Web\",\"image\":{\"@type\":\"ImageObject\",\"inLanguage\":\"es\",\"@id\":\"https:\\\/\\\/secure.gravatar.com\\\/avatar\\\/eee448fc3f7164808013b816ba91ac7e43bbe82a70bebac296f8bc6f0addaa1a?s=96&d=mm&r=g\",\"url\":\"https:\\\/\\\/secure.gravatar.com\\\/avatar\\\/eee448fc3f7164808013b816ba91ac7e43bbe82a70bebac296f8bc6f0addaa1a?s=96&d=mm&r=g\",\"contentUrl\":\"https:\\\/\\\/secure.gravatar.com\\\/avatar\\\/eee448fc3f7164808013b816ba91ac7e43bbe82a70bebac296f8bc6f0addaa1a?s=96&d=mm&r=g\",\"caption\":\"Edici\u00f3n Web\"},\"url\":\"https:\\\/\\\/canal7slp.tv\\\/2025\\\/author\\\/edicionweb\\\/\"}]}<\/script>\n<!-- \/ Yoast SEO plugin. -->","yoast_head_json":{"title":"Conflicto entre Israel e Ir\u00e1n entra en su cuarto d\u00eda con m\u00e1s de 240 muertos - Canal 7 SLP - 2025","robots":{"index":"index","follow":"follow","max-snippet":"max-snippet:-1","max-image-preview":"max-image-preview:large","max-video-preview":"max-video-preview:-1"},"canonical":"https:\/\/canal7slp.tv\/2025\/conflicto-entre-israel-e-iran-entra-en-su-cuarto-dia-con-mas-de-240-muertos\/","og_locale":"es_ES","og_type":"article","og_title":"Conflicto entre Israel e Ir\u00e1n entra en su cuarto d\u00eda con m\u00e1s de 240 muertos - Canal 7 SLP - 2025","og_description":"La confrontaci\u00f3n entre Israel e Ir\u00e1n ha entrado en su cuarto d\u00eda, dejando al menos 224 muertos en Ir\u00e1n y 24 en Israel, adem\u00e1s de m\u00e1s de 1,200 heridos, muchos de ellos mujeres y ni\u00f1os. El conflicto se ha intensificado sin se\u00f1ales claras de una pronta resoluci\u00f3n. El presidente de Estados Unidos, Donald Trump, asegur\u00f3 que Ir\u00e1n no est\u00e1 ganando la guerra y sugiri\u00f3 que ambos pa\u00edses deben alcanzar un acuerdo para evitar m\u00e1s sufrimiento. Sin embargo, las posturas de los l\u00edderes siguen siendo beligerantes. El presidente iran\u00ed, Masud Pezeshkian, advirti\u00f3 que Teher\u00e1n responder\u00e1 con mayor fuerza si Washington no [&hellip;]","og_url":"https:\/\/canal7slp.tv\/2025\/conflicto-entre-israel-e-iran-entra-en-su-cuarto-dia-con-mas-de-240-muertos\/","og_site_name":"Canal 7 SLP - 2025","article_publisher":"https:\/\/www.facebook.com\/noticieroscanal7atencionciudadana\/","article_published_time":"2025-06-16T21:30:47+00:00","og_image":[{"width":888,"height":500,"url":"https:\/\/canal7slp.tv\/2025\/wp-content\/uploads\/2025\/06\/07-14.jpg","type":"image\/jpeg"}],"author":"Edici\u00f3n Web","twitter_card":"summary_large_image","twitter_creator":"@NOTICIEROS7","twitter_site":"@NOTICIEROS7","twitter_misc":{"Escrito por":"Edici\u00f3n Web","Tiempo de lectura":"2 minutos"},"schema":{"@context":"https:\/\/schema.org","@graph":[{"@type":"Article","@id":"https:\/\/canal7slp.tv\/2025\/conflicto-entre-israel-e-iran-entra-en-su-cuarto-dia-con-mas-de-240-muertos\/#article","isPartOf":{"@id":"https:\/\/canal7slp.tv\/2025\/conflicto-entre-israel-e-iran-entra-en-su-cuarto-dia-con-mas-de-240-muertos\/"},"author":{"name":"Edici\u00f3n Web","@id":"https:\/\/canal7slp.tv\/2025\/#\/schema\/person\/271e2b60a96e7cc9d9ac296f4d7e414b"},"headline":"Conflicto entre Israel e Ir\u00e1n entra en su cuarto d\u00eda con m\u00e1s de 240 muertos","datePublished":"2025-06-16T21:30:47+00:00","mainEntityOfPage":{"@id":"https:\/\/canal7slp.tv\/2025\/conflicto-entre-israel-e-iran-entra-en-su-cuarto-dia-con-mas-de-240-muertos\/"},"wordCount":307,"publisher":{"@id":"https:\/\/canal7slp.tv\/2025\/#organization"},"image":{"@id":"https:\/\/canal7slp.tv\/2025\/conflicto-entre-israel-e-iran-entra-en-su-cuarto-dia-con-mas-de-240-muertos\/#primaryimage"},"thumbnailUrl":"https:\/\/canal7slp.tv\/2025\/wp-content\/uploads\/2025\/06\/07-14.jpg","articleSection":["INTERNACIONALES"],"inLanguage":"es"},{"@type":"WebPage","@id":"https:\/\/canal7slp.tv\/2025\/conflicto-entre-israel-e-iran-entra-en-su-cuarto-dia-con-mas-de-240-muertos\/","url":"https:\/\/canal7slp.tv\/2025\/conflicto-entre-israel-e-iran-entra-en-su-cuarto-dia-con-mas-de-240-muertos\/","name":"Conflicto entre Israel e Ir\u00e1n entra en su cuarto d\u00eda con m\u00e1s de 240 muertos - Canal 7 SLP - 2025","isPartOf":{"@id":"https:\/\/canal7slp.tv\/2025\/#website"},"primaryImageOfPage":{"@id":"https:\/\/canal7slp.tv\/2025\/conflicto-entre-israel-e-iran-entra-en-su-cuarto-dia-con-mas-de-240-muertos\/#primaryimage"},"image":{"@id":"https:\/\/canal7slp.tv\/2025\/conflicto-entre-israel-e-iran-entra-en-su-cuarto-dia-con-mas-de-240-muertos\/#primaryimage"},"thumbnailUrl":"https:\/\/canal7slp.tv\/2025\/wp-content\/uploads\/2025\/06\/07-14.jpg","datePublished":"2025-06-16T21:30:47+00:00","breadcrumb":{"@id":"https:\/\/canal7slp.tv\/2025\/conflicto-entre-israel-e-iran-entra-en-su-cuarto-dia-con-mas-de-240-muertos\/#breadcrumb"},"inLanguage":"es","potentialAction":[{"@type":"ReadAction","target":["https:\/\/canal7slp.tv\/2025\/conflicto-entre-israel-e-iran-entra-en-su-cuarto-dia-con-mas-de-240-muertos\/"]}]},{"@type":"ImageObject","inLanguage":"es","@id":"https:\/\/canal7slp.tv\/2025\/conflicto-entre-israel-e-iran-entra-en-su-cuarto-dia-con-mas-de-240-muertos\/#primaryimage","url":"https:\/\/canal7slp.tv\/2025\/wp-content\/uploads\/2025\/06\/07-14.jpg","contentUrl":"https:\/\/canal7slp.tv\/2025\/wp-content\/uploads\/2025\/06\/07-14.jpg","width":888,"height":500},{"@type":"BreadcrumbList","@id":"https:\/\/canal7slp.tv\/2025\/conflicto-entre-israel-e-iran-entra-en-su-cuarto-dia-con-mas-de-240-muertos\/#breadcrumb","itemListElement":[{"@type":"ListItem","position":1,"name":"Portada","item":"https:\/\/canal7slp.tv\/2025\/"},{"@type":"ListItem","position":2,"name":"Conflicto entre Israel e Ir\u00e1n entra en su cuarto d\u00eda con m\u00e1s de 240 muertos"}]},{"@type":"WebSite","@id":"https:\/\/canal7slp.tv\/2025\/#website","url":"https:\/\/canal7slp.tv\/2025\/","name":"N7 - Noticieros Canal 7","description":"Somos el Medio","publisher":{"@id":"https:\/\/canal7slp.tv\/2025\/#organization"},"potentialAction":[{"@type":"SearchAction","target":{"@type":"EntryPoint","urlTemplate":"https:\/\/canal7slp.tv\/2025\/?s={search_term_string}"},"query-input":{"@type":"PropertyValueSpecification","valueRequired":true,"valueName":"search_term_string"}}],"inLanguage":"es"},{"@type":"Organization","@id":"https:\/\/canal7slp.tv\/2025\/#organization","name":"Noticieros Canal 7","url":"https:\/\/canal7slp.tv\/2025\/","logo":{"@type":"ImageObject","inLanguage":"es","@id":"https:\/\/canal7slp.tv\/2025\/#\/schema\/logo\/image\/","url":"https:\/\/canal7slp.tv\/2025\/wp-content\/uploads\/2021\/01\/logo-noticieros@2x.png","contentUrl":"https:\/\/canal7slp.tv\/2025\/wp-content\/uploads\/2021\/01\/logo-noticieros@2x.png","width":1017,"height":268,"caption":"Noticieros Canal 7"},"image":{"@id":"https:\/\/canal7slp.tv\/2025\/#\/schema\/logo\/image\/"},"sameAs":["https:\/\/www.facebook.com\/noticieroscanal7atencionciudadana\/","https:\/\/x.com\/NOTICIEROS7","https:\/\/www.instagram.com\/canal7_slp","https:\/\/www.youtube.com\/channel\/UCliiYs-gP3JfJeqdPrNdd5A"]},{"@type":"Person","@id":"https:\/\/canal7slp.tv\/2025\/#\/schema\/person\/271e2b60a96e7cc9d9ac296f4d7e414b","name":"Edici\u00f3n Web","image":{"@type":"ImageObject","inLanguage":"es","@id":"https:\/\/secure.gravatar.com\/avatar\/eee448fc3f7164808013b816ba91ac7e43bbe82a70bebac296f8bc6f0addaa1a?s=96&d=mm&r=g","url":"https:\/\/secure.gravatar.com\/avatar\/eee448fc3f7164808013b816ba91ac7e43bbe82a70bebac296f8bc6f0addaa1a?s=96&d=mm&r=g","contentUrl":"https:\/\/secure.gravatar.com\/avatar\/eee448fc3f7164808013b816ba91ac7e43bbe82a70bebac296f8bc6f0addaa1a?s=96&d=mm&r=g","caption":"Edici\u00f3n Web"},"url":"https:\/\/canal7slp.tv\/2025\/author\/edicionweb\/"}]}},"_links":{"self":[{"href":"https:\/\/canal7slp.tv\/2025\/wp-json\/wp\/v2\/posts\/170592","targetHints":{"allow":["GET"]}}],"collection":[{"href":"https:\/\/canal7slp.tv\/2025\/wp-json\/wp\/v2\/posts"}],"about":[{"href":"https:\/\/canal7slp.tv\/2025\/wp-json\/wp\/v2\/types\/post"}],"author":[{"embeddable":true,"href":"https:\/\/canal7slp.tv\/2025\/wp-json\/wp\/v2\/users\/2"}],"replies":[{"embeddable":true,"href":"https:\/\/canal7slp.tv\/2025\/wp-json\/wp\/v2\/comments?post=170592"}],"version-history":[{"count":1,"href":"https:\/\/canal7slp.tv\/2025\/wp-json\/wp\/v2\/posts\/170592\/revisions"}],"predecessor-version":[{"id":170594,"href":"https:\/\/canal7slp.tv\/2025\/wp-json\/wp\/v2\/posts\/170592\/revisions\/170594"}],"wp:featuredmedia":[{"embeddable":true,"href":"https:\/\/canal7slp.tv\/2025\/wp-json\/wp\/v2\/media\/170593"}],"wp:attachment":[{"href":"https:\/\/canal7slp.tv\/2025\/wp-json\/wp\/v2\/media?parent=170592"}],"wp:term":[{"taxonomy":"category","embeddable":true,"href":"https:\/\/canal7slp.tv\/2025\/wp-json\/wp\/v2\/categories?post=170592"},{"taxonomy":"post_tag","embeddable":true,"href":"https:\/\/canal7slp.tv\/2025\/wp-json\/wp\/v2\/tags?post=170592"}],"curies":[{"name":"wp","href":"https:\/\/api.w.org\/{rel}","templated":true}]}}