{"id":170589,"date":"2025-06-16T15:10:18","date_gmt":"2025-06-16T21:10:18","guid":{"rendered":"https:\/\/canal7slp.tv\/2025\/?p=170589"},"modified":"2025-06-16T15:10:18","modified_gmt":"2025-06-16T21:10:18","slug":"ciclon-erick-podria-formarse-en-el-pacifico","status":"publish","type":"post","link":"https:\/\/canal7slp.tv\/2025\/ciclon-erick-podria-formarse-en-el-pacifico\/","title":{"rendered":"Cicl\u00f3n Erick podr\u00eda formarse en el Pac\u00edfico"},"content":{"rendered":"<ul style=\"text-align: justify;\">\n<li>Prev\u00e9n lluvias intensas y vientos de hasta 120 km\/h.<\/li>\n<\/ul>\n<p style=\"text-align: justify;\">M\u00e9xico.- La temporada de ciclones tropicales 2025 ha tenido una actividad notable en el oc\u00e9ano Pac\u00edfico, con la formaci\u00f3n de cuatro tormentas tropicales: Alvin, Cosme, Dalila y el hurac\u00e1n categor\u00eda 1 B\u00e1rbara.<\/p>\n<p style=\"text-align: justify;\">Ahora, una nueva amenaza se perfila: la posible formaci\u00f3n de la tormenta Erick, derivada de una zona de baja presi\u00f3n asociada con la onda tropical n\u00famero 3.<\/p>\n<p style=\"text-align: justify;\">La Comisi\u00f3n Nacional del Agua (Conagua) inform\u00f3 que este sistema presenta un 90% de probabilidad de desarrollo cicl\u00f3nico en los pr\u00f3ximos siete d\u00edas y se localiza aproximadamente a 470 km al sur-sureste de la desembocadura del r\u00edo Suchiate, desplaz\u00e1ndose hacia el oeste-noroeste.<\/p>\n<p style=\"text-align: justify;\">Se espera que, durante la tarde del 17 de junio, esta baja presi\u00f3n provoque lluvias fuertes con descargas el\u00e9ctricas en entidades como Chiapas, Oaxaca, Puebla y Veracruz.<\/p>\n<p style=\"text-align: justify;\">De acuerdo con el Servicio Meteorol\u00f3gico Nacional (SMN), entre el 18 y el 19 de junio, el sistema podr\u00eda intensificarse a depresi\u00f3n o tormenta tropical en el golfo de Tehuantepec, con un posible acercamiento a la costa de Oaxaca.<\/p>\n<p style=\"text-align: justify;\">De ocurrir, esto podr\u00eda traer consigo lluvias intensas, rachas de viento de hasta 120 km\/h y oleaje elevado en las costas de Chiapas y Oaxaca.<\/p>\n<p style=\"text-align: justify;\">Se recomienda a la poblaci\u00f3n de las zonas costeras mantenerse alerta a los informes oficiales, ya que, dependiendo de la evoluci\u00f3n y trayectoria del sistema, otros estados como Guerrero, Michoac\u00e1n, Jalisco y Nayarit podr\u00edan verse afectados en los pr\u00f3ximos d\u00edas.<\/p>\n","protected":false},"excerpt":{"rendered":"<p>Prev\u00e9n lluvias intensas y vientos de hasta 120 km\/h. M\u00e9xico.- La temporada de ciclones tropicales 2025 ha tenido una actividad notable en el oc\u00e9ano Pac\u00edfico, con la formaci\u00f3n de cuatro tormentas tropicales: Alvin, Cosme, Dalila y el hurac\u00e1n categor\u00eda 1 B\u00e1rbara. Ahora, una nueva amenaza se perfila: la posible formaci\u00f3n de la tormenta Erick, derivada de una zona de baja presi\u00f3n asociada con la onda tropical n\u00famero 3. La Comisi\u00f3n Nacional del Agua (Conagua) inform\u00f3 que este sistema presenta un 90% de probabilidad de desarrollo cicl\u00f3nico en los pr\u00f3ximos siete d\u00edas y se localiza aproximadamente a 470 km al sur-sureste [&hellip;]<\/p>\n","protected":false},"author":2,"featured_media":170590,"comment_status":"closed","ping_status":"closed","sticky":false,"template":"","format":"standard","meta":{"_monsterinsights_skip_tracking":false,"_monsterinsights_sitenote_active":false,"_monsterinsights_sitenote_note":"","_monsterinsights_sitenote_category":0,"footnotes":""},"categories":[46],"tags":[],"class_list":["post-170589","post","type-post","status-publish","format-standard","has-post-thumbnail","hentry","category-nacional","post--single"],"yoast_head":"<!-- This site is optimized with the Yoast SEO plugin v27.5 - https:\/\/yoast.com\/product\/yoast-seo-wordpress\/ -->\n<title>Cicl\u00f3n Erick podr\u00eda formarse en el Pac\u00edfico - Canal 7 SLP - 2025<\/title>\n<meta name=\"robots\" content=\"index, follow, max-snippet:-1, max-image-preview:large, max-video-preview:-1\" \/>\n<link rel=\"canonical\" href=\"https:\/\/canal7slp.tv\/2025\/ciclon-erick-podria-formarse-en-el-pacifico\/\" \/>\n<meta property=\"og:locale\" content=\"es_ES\" \/>\n<meta property=\"og:type\" content=\"article\" \/>\n<meta property=\"og:title\" content=\"Cicl\u00f3n Erick podr\u00eda formarse en el Pac\u00edfico - Canal 7 SLP - 2025\" \/>\n<meta property=\"og:description\" content=\"Prev\u00e9n lluvias intensas y vientos de hasta 120 km\/h. M\u00e9xico.- La temporada de ciclones tropicales 2025 ha tenido una actividad notable en el oc\u00e9ano Pac\u00edfico, con la formaci\u00f3n de cuatro tormentas tropicales: Alvin, Cosme, Dalila y el hurac\u00e1n categor\u00eda 1 B\u00e1rbara. Ahora, una nueva amenaza se perfila: la posible formaci\u00f3n de la tormenta Erick, derivada de una zona de baja presi\u00f3n asociada con la onda tropical n\u00famero 3. La Comisi\u00f3n Nacional del Agua (Conagua) inform\u00f3 que este sistema presenta un 90% de probabilidad de desarrollo cicl\u00f3nico en los pr\u00f3ximos siete d\u00edas y se localiza aproximadamente a 470 km al sur-sureste [&hellip;]\" \/>\n<meta property=\"og:url\" content=\"https:\/\/canal7slp.tv\/2025\/ciclon-erick-podria-formarse-en-el-pacifico\/\" \/>\n<meta property=\"og:site_name\" content=\"Canal 7 SLP - 2025\" \/>\n<meta property=\"article:publisher\" content=\"https:\/\/www.facebook.com\/noticieroscanal7atencionciudadana\/\" \/>\n<meta property=\"article:published_time\" content=\"2025-06-16T21:10:18+00:00\" \/>\n<meta property=\"og:image\" content=\"https:\/\/canal7slp.tv\/2025\/wp-content\/uploads\/2025\/06\/06-16.jpg\" \/>\n\t<meta property=\"og:image:width\" content=\"614\" \/>\n\t<meta property=\"og:image:height\" content=\"410\" \/>\n\t<meta property=\"og:image:type\" content=\"image\/jpeg\" \/>\n<meta name=\"author\" content=\"Edici\u00f3n Web\" \/>\n<meta name=\"twitter:card\" content=\"summary_large_image\" \/>\n<meta name=\"twitter:creator\" content=\"@NOTICIEROS7\" \/>\n<meta name=\"twitter:site\" content=\"@NOTICIEROS7\" \/>\n<meta name=\"twitter:label1\" content=\"Escrito por\" \/>\n\t<meta name=\"twitter:data1\" content=\"Edici\u00f3n Web\" \/>\n\t<meta name=\"twitter:label2\" content=\"Tiempo de lectura\" \/>\n\t<meta name=\"twitter:data2\" content=\"2 minutos\" \/>\n<script type=\"application\/ld+json\" class=\"yoast-schema-graph\">{\"@context\":\"https:\\\/\\\/schema.org\",\"@graph\":[{\"@type\":\"Article\",\"@id\":\"https:\\\/\\\/canal7slp.tv\\\/2025\\\/ciclon-erick-podria-formarse-en-el-pacifico\\\/#article\",\"isPartOf\":{\"@id\":\"https:\\\/\\\/canal7slp.tv\\\/2025\\\/ciclon-erick-podria-formarse-en-el-pacifico\\\/\"},\"author\":{\"name\":\"Edici\u00f3n Web\",\"@id\":\"https:\\\/\\\/canal7slp.tv\\\/2025\\\/#\\\/schema\\\/person\\\/271e2b60a96e7cc9d9ac296f4d7e414b\"},\"headline\":\"Cicl\u00f3n Erick podr\u00eda formarse en el Pac\u00edfico\",\"datePublished\":\"2025-06-16T21:10:18+00:00\",\"mainEntityOfPage\":{\"@id\":\"https:\\\/\\\/canal7slp.tv\\\/2025\\\/ciclon-erick-podria-formarse-en-el-pacifico\\\/\"},\"wordCount\":273,\"publisher\":{\"@id\":\"https:\\\/\\\/canal7slp.tv\\\/2025\\\/#organization\"},\"image\":{\"@id\":\"https:\\\/\\\/canal7slp.tv\\\/2025\\\/ciclon-erick-podria-formarse-en-el-pacifico\\\/#primaryimage\"},\"thumbnailUrl\":\"https:\\\/\\\/canal7slp.tv\\\/2025\\\/wp-content\\\/uploads\\\/2025\\\/06\\\/06-16.jpg\",\"articleSection\":[\"NACIONALES\"],\"inLanguage\":\"es\"},{\"@type\":\"WebPage\",\"@id\":\"https:\\\/\\\/canal7slp.tv\\\/2025\\\/ciclon-erick-podria-formarse-en-el-pacifico\\\/\",\"url\":\"https:\\\/\\\/canal7slp.tv\\\/2025\\\/ciclon-erick-podria-formarse-en-el-pacifico\\\/\",\"name\":\"Cicl\u00f3n Erick podr\u00eda formarse en el Pac\u00edfico - Canal 7 SLP - 2025\",\"isPartOf\":{\"@id\":\"https:\\\/\\\/canal7slp.tv\\\/2025\\\/#website\"},\"primaryImageOfPage\":{\"@id\":\"https:\\\/\\\/canal7slp.tv\\\/2025\\\/ciclon-erick-podria-formarse-en-el-pacifico\\\/#primaryimage\"},\"image\":{\"@id\":\"https:\\\/\\\/canal7slp.tv\\\/2025\\\/ciclon-erick-podria-formarse-en-el-pacifico\\\/#primaryimage\"},\"thumbnailUrl\":\"https:\\\/\\\/canal7slp.tv\\\/2025\\\/wp-content\\\/uploads\\\/2025\\\/06\\\/06-16.jpg\",\"datePublished\":\"2025-06-16T21:10:18+00:00\",\"breadcrumb\":{\"@id\":\"https:\\\/\\\/canal7slp.tv\\\/2025\\\/ciclon-erick-podria-formarse-en-el-pacifico\\\/#breadcrumb\"},\"inLanguage\":\"es\",\"potentialAction\":[{\"@type\":\"ReadAction\",\"target\":[\"https:\\\/\\\/canal7slp.tv\\\/2025\\\/ciclon-erick-podria-formarse-en-el-pacifico\\\/\"]}]},{\"@type\":\"ImageObject\",\"inLanguage\":\"es\",\"@id\":\"https:\\\/\\\/canal7slp.tv\\\/2025\\\/ciclon-erick-podria-formarse-en-el-pacifico\\\/#primaryimage\",\"url\":\"https:\\\/\\\/canal7slp.tv\\\/2025\\\/wp-content\\\/uploads\\\/2025\\\/06\\\/06-16.jpg\",\"contentUrl\":\"https:\\\/\\\/canal7slp.tv\\\/2025\\\/wp-content\\\/uploads\\\/2025\\\/06\\\/06-16.jpg\",\"width\":614,\"height\":410},{\"@type\":\"BreadcrumbList\",\"@id\":\"https:\\\/\\\/canal7slp.tv\\\/2025\\\/ciclon-erick-podria-formarse-en-el-pacifico\\\/#breadcrumb\",\"itemListElement\":[{\"@type\":\"ListItem\",\"position\":1,\"name\":\"Portada\",\"item\":\"https:\\\/\\\/canal7slp.tv\\\/2025\\\/\"},{\"@type\":\"ListItem\",\"position\":2,\"name\":\"Cicl\u00f3n Erick podr\u00eda formarse en el Pac\u00edfico\"}]},{\"@type\":\"WebSite\",\"@id\":\"https:\\\/\\\/canal7slp.tv\\\/2025\\\/#website\",\"url\":\"https:\\\/\\\/canal7slp.tv\\\/2025\\\/\",\"name\":\"N7 - Noticieros Canal 7\",\"description\":\"Somos el Medio\",\"publisher\":{\"@id\":\"https:\\\/\\\/canal7slp.tv\\\/2025\\\/#organization\"},\"potentialAction\":[{\"@type\":\"SearchAction\",\"target\":{\"@type\":\"EntryPoint\",\"urlTemplate\":\"https:\\\/\\\/canal7slp.tv\\\/2025\\\/?s={search_term_string}\"},\"query-input\":{\"@type\":\"PropertyValueSpecification\",\"valueRequired\":true,\"valueName\":\"search_term_string\"}}],\"inLanguage\":\"es\"},{\"@type\":\"Organization\",\"@id\":\"https:\\\/\\\/canal7slp.tv\\\/2025\\\/#organization\",\"name\":\"Noticieros Canal 7\",\"url\":\"https:\\\/\\\/canal7slp.tv\\\/2025\\\/\",\"logo\":{\"@type\":\"ImageObject\",\"inLanguage\":\"es\",\"@id\":\"https:\\\/\\\/canal7slp.tv\\\/2025\\\/#\\\/schema\\\/logo\\\/image\\\/\",\"url\":\"https:\\\/\\\/canal7slp.tv\\\/2025\\\/wp-content\\\/uploads\\\/2021\\\/01\\\/logo-noticieros@2x.png\",\"contentUrl\":\"https:\\\/\\\/canal7slp.tv\\\/2025\\\/wp-content\\\/uploads\\\/2021\\\/01\\\/logo-noticieros@2x.png\",\"width\":1017,\"height\":268,\"caption\":\"Noticieros Canal 7\"},\"image\":{\"@id\":\"https:\\\/\\\/canal7slp.tv\\\/2025\\\/#\\\/schema\\\/logo\\\/image\\\/\"},\"sameAs\":[\"https:\\\/\\\/www.facebook.com\\\/noticieroscanal7atencionciudadana\\\/\",\"https:\\\/\\\/x.com\\\/NOTICIEROS7\",\"https:\\\/\\\/www.instagram.com\\\/canal7_slp\",\"https:\\\/\\\/www.youtube.com\\\/channel\\\/UCliiYs-gP3JfJeqdPrNdd5A\"]},{\"@type\":\"Person\",\"@id\":\"https:\\\/\\\/canal7slp.tv\\\/2025\\\/#\\\/schema\\\/person\\\/271e2b60a96e7cc9d9ac296f4d7e414b\",\"name\":\"Edici\u00f3n Web\",\"image\":{\"@type\":\"ImageObject\",\"inLanguage\":\"es\",\"@id\":\"https:\\\/\\\/secure.gravatar.com\\\/avatar\\\/eee448fc3f7164808013b816ba91ac7e43bbe82a70bebac296f8bc6f0addaa1a?s=96&d=mm&r=g\",\"url\":\"https:\\\/\\\/secure.gravatar.com\\\/avatar\\\/eee448fc3f7164808013b816ba91ac7e43bbe82a70bebac296f8bc6f0addaa1a?s=96&d=mm&r=g\",\"contentUrl\":\"https:\\\/\\\/secure.gravatar.com\\\/avatar\\\/eee448fc3f7164808013b816ba91ac7e43bbe82a70bebac296f8bc6f0addaa1a?s=96&d=mm&r=g\",\"caption\":\"Edici\u00f3n Web\"},\"url\":\"https:\\\/\\\/canal7slp.tv\\\/2025\\\/author\\\/edicionweb\\\/\"}]}<\/script>\n<!-- \/ Yoast SEO plugin. -->","yoast_head_json":{"title":"Cicl\u00f3n Erick podr\u00eda formarse en el Pac\u00edfico - Canal 7 SLP - 2025","robots":{"index":"index","follow":"follow","max-snippet":"max-snippet:-1","max-image-preview":"max-image-preview:large","max-video-preview":"max-video-preview:-1"},"canonical":"https:\/\/canal7slp.tv\/2025\/ciclon-erick-podria-formarse-en-el-pacifico\/","og_locale":"es_ES","og_type":"article","og_title":"Cicl\u00f3n Erick podr\u00eda formarse en el Pac\u00edfico - Canal 7 SLP - 2025","og_description":"Prev\u00e9n lluvias intensas y vientos de hasta 120 km\/h. M\u00e9xico.- La temporada de ciclones tropicales 2025 ha tenido una actividad notable en el oc\u00e9ano Pac\u00edfico, con la formaci\u00f3n de cuatro tormentas tropicales: Alvin, Cosme, Dalila y el hurac\u00e1n categor\u00eda 1 B\u00e1rbara. Ahora, una nueva amenaza se perfila: la posible formaci\u00f3n de la tormenta Erick, derivada de una zona de baja presi\u00f3n asociada con la onda tropical n\u00famero 3. La Comisi\u00f3n Nacional del Agua (Conagua) inform\u00f3 que este sistema presenta un 90% de probabilidad de desarrollo cicl\u00f3nico en los pr\u00f3ximos siete d\u00edas y se localiza aproximadamente a 470 km al sur-sureste [&hellip;]","og_url":"https:\/\/canal7slp.tv\/2025\/ciclon-erick-podria-formarse-en-el-pacifico\/","og_site_name":"Canal 7 SLP - 2025","article_publisher":"https:\/\/www.facebook.com\/noticieroscanal7atencionciudadana\/","article_published_time":"2025-06-16T21:10:18+00:00","og_image":[{"width":614,"height":410,"url":"https:\/\/canal7slp.tv\/2025\/wp-content\/uploads\/2025\/06\/06-16.jpg","type":"image\/jpeg"}],"author":"Edici\u00f3n Web","twitter_card":"summary_large_image","twitter_creator":"@NOTICIEROS7","twitter_site":"@NOTICIEROS7","twitter_misc":{"Escrito por":"Edici\u00f3n Web","Tiempo de lectura":"2 minutos"},"schema":{"@context":"https:\/\/schema.org","@graph":[{"@type":"Article","@id":"https:\/\/canal7slp.tv\/2025\/ciclon-erick-podria-formarse-en-el-pacifico\/#article","isPartOf":{"@id":"https:\/\/canal7slp.tv\/2025\/ciclon-erick-podria-formarse-en-el-pacifico\/"},"author":{"name":"Edici\u00f3n Web","@id":"https:\/\/canal7slp.tv\/2025\/#\/schema\/person\/271e2b60a96e7cc9d9ac296f4d7e414b"},"headline":"Cicl\u00f3n Erick podr\u00eda formarse en el Pac\u00edfico","datePublished":"2025-06-16T21:10:18+00:00","mainEntityOfPage":{"@id":"https:\/\/canal7slp.tv\/2025\/ciclon-erick-podria-formarse-en-el-pacifico\/"},"wordCount":273,"publisher":{"@id":"https:\/\/canal7slp.tv\/2025\/#organization"},"image":{"@id":"https:\/\/canal7slp.tv\/2025\/ciclon-erick-podria-formarse-en-el-pacifico\/#primaryimage"},"thumbnailUrl":"https:\/\/canal7slp.tv\/2025\/wp-content\/uploads\/2025\/06\/06-16.jpg","articleSection":["NACIONALES"],"inLanguage":"es"},{"@type":"WebPage","@id":"https:\/\/canal7slp.tv\/2025\/ciclon-erick-podria-formarse-en-el-pacifico\/","url":"https:\/\/canal7slp.tv\/2025\/ciclon-erick-podria-formarse-en-el-pacifico\/","name":"Cicl\u00f3n Erick podr\u00eda formarse en el Pac\u00edfico - Canal 7 SLP - 2025","isPartOf":{"@id":"https:\/\/canal7slp.tv\/2025\/#website"},"primaryImageOfPage":{"@id":"https:\/\/canal7slp.tv\/2025\/ciclon-erick-podria-formarse-en-el-pacifico\/#primaryimage"},"image":{"@id":"https:\/\/canal7slp.tv\/2025\/ciclon-erick-podria-formarse-en-el-pacifico\/#primaryimage"},"thumbnailUrl":"https:\/\/canal7slp.tv\/2025\/wp-content\/uploads\/2025\/06\/06-16.jpg","datePublished":"2025-06-16T21:10:18+00:00","breadcrumb":{"@id":"https:\/\/canal7slp.tv\/2025\/ciclon-erick-podria-formarse-en-el-pacifico\/#breadcrumb"},"inLanguage":"es","potentialAction":[{"@type":"ReadAction","target":["https:\/\/canal7slp.tv\/2025\/ciclon-erick-podria-formarse-en-el-pacifico\/"]}]},{"@type":"ImageObject","inLanguage":"es","@id":"https:\/\/canal7slp.tv\/2025\/ciclon-erick-podria-formarse-en-el-pacifico\/#primaryimage","url":"https:\/\/canal7slp.tv\/2025\/wp-content\/uploads\/2025\/06\/06-16.jpg","contentUrl":"https:\/\/canal7slp.tv\/2025\/wp-content\/uploads\/2025\/06\/06-16.jpg","width":614,"height":410},{"@type":"BreadcrumbList","@id":"https:\/\/canal7slp.tv\/2025\/ciclon-erick-podria-formarse-en-el-pacifico\/#breadcrumb","itemListElement":[{"@type":"ListItem","position":1,"name":"Portada","item":"https:\/\/canal7slp.tv\/2025\/"},{"@type":"ListItem","position":2,"name":"Cicl\u00f3n Erick podr\u00eda formarse en el Pac\u00edfico"}]},{"@type":"WebSite","@id":"https:\/\/canal7slp.tv\/2025\/#website","url":"https:\/\/canal7slp.tv\/2025\/","name":"N7 - Noticieros Canal 7","description":"Somos el Medio","publisher":{"@id":"https:\/\/canal7slp.tv\/2025\/#organization"},"potentialAction":[{"@type":"SearchAction","target":{"@type":"EntryPoint","urlTemplate":"https:\/\/canal7slp.tv\/2025\/?s={search_term_string}"},"query-input":{"@type":"PropertyValueSpecification","valueRequired":true,"valueName":"search_term_string"}}],"inLanguage":"es"},{"@type":"Organization","@id":"https:\/\/canal7slp.tv\/2025\/#organization","name":"Noticieros Canal 7","url":"https:\/\/canal7slp.tv\/2025\/","logo":{"@type":"ImageObject","inLanguage":"es","@id":"https:\/\/canal7slp.tv\/2025\/#\/schema\/logo\/image\/","url":"https:\/\/canal7slp.tv\/2025\/wp-content\/uploads\/2021\/01\/logo-noticieros@2x.png","contentUrl":"https:\/\/canal7slp.tv\/2025\/wp-content\/uploads\/2021\/01\/logo-noticieros@2x.png","width":1017,"height":268,"caption":"Noticieros Canal 7"},"image":{"@id":"https:\/\/canal7slp.tv\/2025\/#\/schema\/logo\/image\/"},"sameAs":["https:\/\/www.facebook.com\/noticieroscanal7atencionciudadana\/","https:\/\/x.com\/NOTICIEROS7","https:\/\/www.instagram.com\/canal7_slp","https:\/\/www.youtube.com\/channel\/UCliiYs-gP3JfJeqdPrNdd5A"]},{"@type":"Person","@id":"https:\/\/canal7slp.tv\/2025\/#\/schema\/person\/271e2b60a96e7cc9d9ac296f4d7e414b","name":"Edici\u00f3n Web","image":{"@type":"ImageObject","inLanguage":"es","@id":"https:\/\/secure.gravatar.com\/avatar\/eee448fc3f7164808013b816ba91ac7e43bbe82a70bebac296f8bc6f0addaa1a?s=96&d=mm&r=g","url":"https:\/\/secure.gravatar.com\/avatar\/eee448fc3f7164808013b816ba91ac7e43bbe82a70bebac296f8bc6f0addaa1a?s=96&d=mm&r=g","contentUrl":"https:\/\/secure.gravatar.com\/avatar\/eee448fc3f7164808013b816ba91ac7e43bbe82a70bebac296f8bc6f0addaa1a?s=96&d=mm&r=g","caption":"Edici\u00f3n Web"},"url":"https:\/\/canal7slp.tv\/2025\/author\/edicionweb\/"}]}},"_links":{"self":[{"href":"https:\/\/canal7slp.tv\/2025\/wp-json\/wp\/v2\/posts\/170589","targetHints":{"allow":["GET"]}}],"collection":[{"href":"https:\/\/canal7slp.tv\/2025\/wp-json\/wp\/v2\/posts"}],"about":[{"href":"https:\/\/canal7slp.tv\/2025\/wp-json\/wp\/v2\/types\/post"}],"author":[{"embeddable":true,"href":"https:\/\/canal7slp.tv\/2025\/wp-json\/wp\/v2\/users\/2"}],"replies":[{"embeddable":true,"href":"https:\/\/canal7slp.tv\/2025\/wp-json\/wp\/v2\/comments?post=170589"}],"version-history":[{"count":1,"href":"https:\/\/canal7slp.tv\/2025\/wp-json\/wp\/v2\/posts\/170589\/revisions"}],"predecessor-version":[{"id":170591,"href":"https:\/\/canal7slp.tv\/2025\/wp-json\/wp\/v2\/posts\/170589\/revisions\/170591"}],"wp:featuredmedia":[{"embeddable":true,"href":"https:\/\/canal7slp.tv\/2025\/wp-json\/wp\/v2\/media\/170590"}],"wp:attachment":[{"href":"https:\/\/canal7slp.tv\/2025\/wp-json\/wp\/v2\/media?parent=170589"}],"wp:term":[{"taxonomy":"category","embeddable":true,"href":"https:\/\/canal7slp.tv\/2025\/wp-json\/wp\/v2\/categories?post=170589"},{"taxonomy":"post_tag","embeddable":true,"href":"https:\/\/canal7slp.tv\/2025\/wp-json\/wp\/v2\/tags?post=170589"}],"curies":[{"name":"wp","href":"https:\/\/api.w.org\/{rel}","templated":true}]}}