{"id":170580,"date":"2025-06-16T14:24:08","date_gmt":"2025-06-16T20:24:08","guid":{"rendered":"https:\/\/canal7slp.tv\/2025\/?p=170580"},"modified":"2025-06-16T14:29:01","modified_gmt":"2025-06-16T20:29:01","slug":"daniel-alejandro-fajardo-convocado-a-la-preseleccion-mexicana-de-voleibol-u19","status":"publish","type":"post","link":"https:\/\/canal7slp.tv\/2025\/daniel-alejandro-fajardo-convocado-a-la-preseleccion-mexicana-de-voleibol-u19\/","title":{"rendered":"Daniel Alejandro Fajardo convocado a la Preselecci\u00f3n Mexicana de Voleibol U19"},"content":{"rendered":"<p style=\"text-align: justify;\">SLP.- Daniel Alejandro Fajardo, capit\u00e1n del equipo Toros de San Luis Potos\u00ed, ha sido convocado oficialmente al proceso de preselecci\u00f3n nacional mexicana de voleibol varonil categor\u00eda U19, consolid\u00e1ndose como uno de los referentes juveniles m\u00e1s destacados del pa\u00eds.<\/p>\n<p style=\"text-align: justify;\">Fajardo, reconocido por su disciplina, constancia, perseverancia y liderazgo dentro y fuera de la cancha, ha sido pieza fundamental en el desarrollo del equipo potosino, gan\u00e1ndose con m\u00e9ritos propios el respeto de sus compa\u00f1eros y entrenadores. Su reciente llamado a la preselecci\u00f3n es un reflejo de a\u00f1os de trabajo, sacrificio y resiliencia.<\/p>\n<p style=\"text-align: justify;\">La preselecci\u00f3n nacional U19 representa el primer filtro rumbo a competencias internacionales de alto nivel, y Fajardo buscar\u00e1 asegurar su lugar entre los mejores talentos juveniles del pa\u00eds.<\/p>\n","protected":false},"excerpt":{"rendered":"<p>SLP.- Daniel Alejandro Fajardo, capit\u00e1n del equipo Toros de San Luis Potos\u00ed, ha sido convocado oficialmente al proceso de preselecci\u00f3n nacional mexicana de voleibol varonil categor\u00eda U19, consolid\u00e1ndose como uno de los referentes juveniles m\u00e1s destacados del pa\u00eds. Fajardo, reconocido por su disciplina, constancia, perseverancia y liderazgo dentro y fuera de la cancha, ha sido pieza fundamental en el desarrollo del equipo potosino, gan\u00e1ndose con m\u00e9ritos propios el respeto de sus compa\u00f1eros y entrenadores. Su reciente llamado a la preselecci\u00f3n es un reflejo de a\u00f1os de trabajo, sacrificio y resiliencia. La preselecci\u00f3n nacional U19 representa el primer filtro rumbo a [&hellip;]<\/p>\n","protected":false},"author":2,"featured_media":170584,"comment_status":"closed","ping_status":"closed","sticky":false,"template":"","format":"video","meta":{"_monsterinsights_skip_tracking":false,"_monsterinsights_sitenote_active":false,"_monsterinsights_sitenote_note":"","_monsterinsights_sitenote_category":0,"footnotes":""},"categories":[7,5],"tags":[],"class_list":["post-170580","post","type-post","status-publish","format-video","has-post-thumbnail","hentry","category-deportes","category-destacadas","post_format-post-format-video","post--single"],"yoast_head":"<!-- This site is optimized with the Yoast SEO plugin v27.5 - https:\/\/yoast.com\/product\/yoast-seo-wordpress\/ -->\n<title>Daniel Alejandro Fajardo convocado a la Preselecci\u00f3n Mexicana de Voleibol U19 - Canal 7 SLP - 2025<\/title>\n<meta name=\"robots\" content=\"index, follow, max-snippet:-1, max-image-preview:large, max-video-preview:-1\" \/>\n<link rel=\"canonical\" href=\"https:\/\/canal7slp.tv\/2025\/daniel-alejandro-fajardo-convocado-a-la-preseleccion-mexicana-de-voleibol-u19\/\" \/>\n<meta property=\"og:locale\" content=\"es_ES\" \/>\n<meta property=\"og:type\" content=\"article\" \/>\n<meta property=\"og:title\" content=\"Daniel Alejandro Fajardo convocado a la Preselecci\u00f3n Mexicana de Voleibol U19 - Canal 7 SLP - 2025\" \/>\n<meta property=\"og:description\" content=\"SLP.- Daniel Alejandro Fajardo, capit\u00e1n del equipo Toros de San Luis Potos\u00ed, ha sido convocado oficialmente al proceso de preselecci\u00f3n nacional mexicana de voleibol varonil categor\u00eda U19, consolid\u00e1ndose como uno de los referentes juveniles m\u00e1s destacados del pa\u00eds. Fajardo, reconocido por su disciplina, constancia, perseverancia y liderazgo dentro y fuera de la cancha, ha sido pieza fundamental en el desarrollo del equipo potosino, gan\u00e1ndose con m\u00e9ritos propios el respeto de sus compa\u00f1eros y entrenadores. Su reciente llamado a la preselecci\u00f3n es un reflejo de a\u00f1os de trabajo, sacrificio y resiliencia. La preselecci\u00f3n nacional U19 representa el primer filtro rumbo a [&hellip;]\" \/>\n<meta property=\"og:url\" content=\"https:\/\/canal7slp.tv\/2025\/daniel-alejandro-fajardo-convocado-a-la-preseleccion-mexicana-de-voleibol-u19\/\" \/>\n<meta property=\"og:site_name\" content=\"Canal 7 SLP - 2025\" \/>\n<meta property=\"article:publisher\" content=\"https:\/\/www.facebook.com\/noticieroscanal7atencionciudadana\/\" \/>\n<meta property=\"article:published_time\" content=\"2025-06-16T20:24:08+00:00\" \/>\n<meta property=\"article:modified_time\" content=\"2025-06-16T20:29:01+00:00\" \/>\n<meta property=\"og:image\" content=\"https:\/\/canal7slp.tv\/2025\/wp-content\/uploads\/2025\/06\/Froi02Voleibol-1.jpg\" \/>\n\t<meta property=\"og:image:width\" content=\"1280\" \/>\n\t<meta property=\"og:image:height\" content=\"720\" \/>\n\t<meta property=\"og:image:type\" content=\"image\/jpeg\" \/>\n<meta name=\"author\" content=\"Edici\u00f3n Web\" \/>\n<meta name=\"twitter:card\" content=\"summary_large_image\" \/>\n<meta name=\"twitter:creator\" content=\"@NOTICIEROS7\" \/>\n<meta name=\"twitter:site\" content=\"@NOTICIEROS7\" \/>\n<meta name=\"twitter:label1\" content=\"Escrito por\" \/>\n\t<meta name=\"twitter:data1\" content=\"Edici\u00f3n Web\" \/>\n\t<meta name=\"twitter:label2\" content=\"Tiempo de lectura\" \/>\n\t<meta name=\"twitter:data2\" content=\"1 minuto\" \/>\n<script type=\"application\/ld+json\" class=\"yoast-schema-graph\">{\"@context\":\"https:\\\/\\\/schema.org\",\"@graph\":[{\"@type\":\"Article\",\"@id\":\"https:\\\/\\\/canal7slp.tv\\\/2025\\\/daniel-alejandro-fajardo-convocado-a-la-preseleccion-mexicana-de-voleibol-u19\\\/#article\",\"isPartOf\":{\"@id\":\"https:\\\/\\\/canal7slp.tv\\\/2025\\\/daniel-alejandro-fajardo-convocado-a-la-preseleccion-mexicana-de-voleibol-u19\\\/\"},\"author\":{\"name\":\"Edici\u00f3n Web\",\"@id\":\"https:\\\/\\\/canal7slp.tv\\\/2025\\\/#\\\/schema\\\/person\\\/271e2b60a96e7cc9d9ac296f4d7e414b\"},\"headline\":\"Daniel Alejandro Fajardo convocado a la Preselecci\u00f3n Mexicana de Voleibol U19\",\"datePublished\":\"2025-06-16T20:24:08+00:00\",\"dateModified\":\"2025-06-16T20:29:01+00:00\",\"mainEntityOfPage\":{\"@id\":\"https:\\\/\\\/canal7slp.tv\\\/2025\\\/daniel-alejandro-fajardo-convocado-a-la-preseleccion-mexicana-de-voleibol-u19\\\/\"},\"wordCount\":144,\"publisher\":{\"@id\":\"https:\\\/\\\/canal7slp.tv\\\/2025\\\/#organization\"},\"image\":{\"@id\":\"https:\\\/\\\/canal7slp.tv\\\/2025\\\/daniel-alejandro-fajardo-convocado-a-la-preseleccion-mexicana-de-voleibol-u19\\\/#primaryimage\"},\"thumbnailUrl\":\"https:\\\/\\\/canal7slp.tv\\\/2025\\\/wp-content\\\/uploads\\\/2025\\\/06\\\/Froi02Voleibol-1.jpg\",\"articleSection\":[\"DEPORTES\",\"DESTACADAS\"],\"inLanguage\":\"es\"},{\"@type\":\"WebPage\",\"@id\":\"https:\\\/\\\/canal7slp.tv\\\/2025\\\/daniel-alejandro-fajardo-convocado-a-la-preseleccion-mexicana-de-voleibol-u19\\\/\",\"url\":\"https:\\\/\\\/canal7slp.tv\\\/2025\\\/daniel-alejandro-fajardo-convocado-a-la-preseleccion-mexicana-de-voleibol-u19\\\/\",\"name\":\"Daniel Alejandro Fajardo convocado a la Preselecci\u00f3n Mexicana de Voleibol U19 - Canal 7 SLP - 2025\",\"isPartOf\":{\"@id\":\"https:\\\/\\\/canal7slp.tv\\\/2025\\\/#website\"},\"primaryImageOfPage\":{\"@id\":\"https:\\\/\\\/canal7slp.tv\\\/2025\\\/daniel-alejandro-fajardo-convocado-a-la-preseleccion-mexicana-de-voleibol-u19\\\/#primaryimage\"},\"image\":{\"@id\":\"https:\\\/\\\/canal7slp.tv\\\/2025\\\/daniel-alejandro-fajardo-convocado-a-la-preseleccion-mexicana-de-voleibol-u19\\\/#primaryimage\"},\"thumbnailUrl\":\"https:\\\/\\\/canal7slp.tv\\\/2025\\\/wp-content\\\/uploads\\\/2025\\\/06\\\/Froi02Voleibol-1.jpg\",\"datePublished\":\"2025-06-16T20:24:08+00:00\",\"dateModified\":\"2025-06-16T20:29:01+00:00\",\"breadcrumb\":{\"@id\":\"https:\\\/\\\/canal7slp.tv\\\/2025\\\/daniel-alejandro-fajardo-convocado-a-la-preseleccion-mexicana-de-voleibol-u19\\\/#breadcrumb\"},\"inLanguage\":\"es\",\"potentialAction\":[{\"@type\":\"ReadAction\",\"target\":[\"https:\\\/\\\/canal7slp.tv\\\/2025\\\/daniel-alejandro-fajardo-convocado-a-la-preseleccion-mexicana-de-voleibol-u19\\\/\"]}]},{\"@type\":\"ImageObject\",\"inLanguage\":\"es\",\"@id\":\"https:\\\/\\\/canal7slp.tv\\\/2025\\\/daniel-alejandro-fajardo-convocado-a-la-preseleccion-mexicana-de-voleibol-u19\\\/#primaryimage\",\"url\":\"https:\\\/\\\/canal7slp.tv\\\/2025\\\/wp-content\\\/uploads\\\/2025\\\/06\\\/Froi02Voleibol-1.jpg\",\"contentUrl\":\"https:\\\/\\\/canal7slp.tv\\\/2025\\\/wp-content\\\/uploads\\\/2025\\\/06\\\/Froi02Voleibol-1.jpg\",\"width\":1280,\"height\":720},{\"@type\":\"BreadcrumbList\",\"@id\":\"https:\\\/\\\/canal7slp.tv\\\/2025\\\/daniel-alejandro-fajardo-convocado-a-la-preseleccion-mexicana-de-voleibol-u19\\\/#breadcrumb\",\"itemListElement\":[{\"@type\":\"ListItem\",\"position\":1,\"name\":\"Portada\",\"item\":\"https:\\\/\\\/canal7slp.tv\\\/2025\\\/\"},{\"@type\":\"ListItem\",\"position\":2,\"name\":\"Daniel Alejandro Fajardo convocado a la Preselecci\u00f3n Mexicana de Voleibol U19\"}]},{\"@type\":\"WebSite\",\"@id\":\"https:\\\/\\\/canal7slp.tv\\\/2025\\\/#website\",\"url\":\"https:\\\/\\\/canal7slp.tv\\\/2025\\\/\",\"name\":\"N7 - Noticieros Canal 7\",\"description\":\"Somos el Medio\",\"publisher\":{\"@id\":\"https:\\\/\\\/canal7slp.tv\\\/2025\\\/#organization\"},\"potentialAction\":[{\"@type\":\"SearchAction\",\"target\":{\"@type\":\"EntryPoint\",\"urlTemplate\":\"https:\\\/\\\/canal7slp.tv\\\/2025\\\/?s={search_term_string}\"},\"query-input\":{\"@type\":\"PropertyValueSpecification\",\"valueRequired\":true,\"valueName\":\"search_term_string\"}}],\"inLanguage\":\"es\"},{\"@type\":\"Organization\",\"@id\":\"https:\\\/\\\/canal7slp.tv\\\/2025\\\/#organization\",\"name\":\"Noticieros Canal 7\",\"url\":\"https:\\\/\\\/canal7slp.tv\\\/2025\\\/\",\"logo\":{\"@type\":\"ImageObject\",\"inLanguage\":\"es\",\"@id\":\"https:\\\/\\\/canal7slp.tv\\\/2025\\\/#\\\/schema\\\/logo\\\/image\\\/\",\"url\":\"https:\\\/\\\/canal7slp.tv\\\/2025\\\/wp-content\\\/uploads\\\/2021\\\/01\\\/logo-noticieros@2x.png\",\"contentUrl\":\"https:\\\/\\\/canal7slp.tv\\\/2025\\\/wp-content\\\/uploads\\\/2021\\\/01\\\/logo-noticieros@2x.png\",\"width\":1017,\"height\":268,\"caption\":\"Noticieros Canal 7\"},\"image\":{\"@id\":\"https:\\\/\\\/canal7slp.tv\\\/2025\\\/#\\\/schema\\\/logo\\\/image\\\/\"},\"sameAs\":[\"https:\\\/\\\/www.facebook.com\\\/noticieroscanal7atencionciudadana\\\/\",\"https:\\\/\\\/x.com\\\/NOTICIEROS7\",\"https:\\\/\\\/www.instagram.com\\\/canal7_slp\",\"https:\\\/\\\/www.youtube.com\\\/channel\\\/UCliiYs-gP3JfJeqdPrNdd5A\"]},{\"@type\":\"Person\",\"@id\":\"https:\\\/\\\/canal7slp.tv\\\/2025\\\/#\\\/schema\\\/person\\\/271e2b60a96e7cc9d9ac296f4d7e414b\",\"name\":\"Edici\u00f3n Web\",\"image\":{\"@type\":\"ImageObject\",\"inLanguage\":\"es\",\"@id\":\"https:\\\/\\\/secure.gravatar.com\\\/avatar\\\/eee448fc3f7164808013b816ba91ac7e43bbe82a70bebac296f8bc6f0addaa1a?s=96&d=mm&r=g\",\"url\":\"https:\\\/\\\/secure.gravatar.com\\\/avatar\\\/eee448fc3f7164808013b816ba91ac7e43bbe82a70bebac296f8bc6f0addaa1a?s=96&d=mm&r=g\",\"contentUrl\":\"https:\\\/\\\/secure.gravatar.com\\\/avatar\\\/eee448fc3f7164808013b816ba91ac7e43bbe82a70bebac296f8bc6f0addaa1a?s=96&d=mm&r=g\",\"caption\":\"Edici\u00f3n Web\"},\"url\":\"https:\\\/\\\/canal7slp.tv\\\/2025\\\/author\\\/edicionweb\\\/\"}]}<\/script>\n<!-- \/ Yoast SEO plugin. -->","yoast_head_json":{"title":"Daniel Alejandro Fajardo convocado a la Preselecci\u00f3n Mexicana de Voleibol U19 - Canal 7 SLP - 2025","robots":{"index":"index","follow":"follow","max-snippet":"max-snippet:-1","max-image-preview":"max-image-preview:large","max-video-preview":"max-video-preview:-1"},"canonical":"https:\/\/canal7slp.tv\/2025\/daniel-alejandro-fajardo-convocado-a-la-preseleccion-mexicana-de-voleibol-u19\/","og_locale":"es_ES","og_type":"article","og_title":"Daniel Alejandro Fajardo convocado a la Preselecci\u00f3n Mexicana de Voleibol U19 - Canal 7 SLP - 2025","og_description":"SLP.- Daniel Alejandro Fajardo, capit\u00e1n del equipo Toros de San Luis Potos\u00ed, ha sido convocado oficialmente al proceso de preselecci\u00f3n nacional mexicana de voleibol varonil categor\u00eda U19, consolid\u00e1ndose como uno de los referentes juveniles m\u00e1s destacados del pa\u00eds. Fajardo, reconocido por su disciplina, constancia, perseverancia y liderazgo dentro y fuera de la cancha, ha sido pieza fundamental en el desarrollo del equipo potosino, gan\u00e1ndose con m\u00e9ritos propios el respeto de sus compa\u00f1eros y entrenadores. Su reciente llamado a la preselecci\u00f3n es un reflejo de a\u00f1os de trabajo, sacrificio y resiliencia. La preselecci\u00f3n nacional U19 representa el primer filtro rumbo a [&hellip;]","og_url":"https:\/\/canal7slp.tv\/2025\/daniel-alejandro-fajardo-convocado-a-la-preseleccion-mexicana-de-voleibol-u19\/","og_site_name":"Canal 7 SLP - 2025","article_publisher":"https:\/\/www.facebook.com\/noticieroscanal7atencionciudadana\/","article_published_time":"2025-06-16T20:24:08+00:00","article_modified_time":"2025-06-16T20:29:01+00:00","og_image":[{"width":1280,"height":720,"url":"https:\/\/canal7slp.tv\/2025\/wp-content\/uploads\/2025\/06\/Froi02Voleibol-1.jpg","type":"image\/jpeg"}],"author":"Edici\u00f3n Web","twitter_card":"summary_large_image","twitter_creator":"@NOTICIEROS7","twitter_site":"@NOTICIEROS7","twitter_misc":{"Escrito por":"Edici\u00f3n Web","Tiempo de lectura":"1 minuto"},"schema":{"@context":"https:\/\/schema.org","@graph":[{"@type":"Article","@id":"https:\/\/canal7slp.tv\/2025\/daniel-alejandro-fajardo-convocado-a-la-preseleccion-mexicana-de-voleibol-u19\/#article","isPartOf":{"@id":"https:\/\/canal7slp.tv\/2025\/daniel-alejandro-fajardo-convocado-a-la-preseleccion-mexicana-de-voleibol-u19\/"},"author":{"name":"Edici\u00f3n Web","@id":"https:\/\/canal7slp.tv\/2025\/#\/schema\/person\/271e2b60a96e7cc9d9ac296f4d7e414b"},"headline":"Daniel Alejandro Fajardo convocado a la Preselecci\u00f3n Mexicana de Voleibol U19","datePublished":"2025-06-16T20:24:08+00:00","dateModified":"2025-06-16T20:29:01+00:00","mainEntityOfPage":{"@id":"https:\/\/canal7slp.tv\/2025\/daniel-alejandro-fajardo-convocado-a-la-preseleccion-mexicana-de-voleibol-u19\/"},"wordCount":144,"publisher":{"@id":"https:\/\/canal7slp.tv\/2025\/#organization"},"image":{"@id":"https:\/\/canal7slp.tv\/2025\/daniel-alejandro-fajardo-convocado-a-la-preseleccion-mexicana-de-voleibol-u19\/#primaryimage"},"thumbnailUrl":"https:\/\/canal7slp.tv\/2025\/wp-content\/uploads\/2025\/06\/Froi02Voleibol-1.jpg","articleSection":["DEPORTES","DESTACADAS"],"inLanguage":"es"},{"@type":"WebPage","@id":"https:\/\/canal7slp.tv\/2025\/daniel-alejandro-fajardo-convocado-a-la-preseleccion-mexicana-de-voleibol-u19\/","url":"https:\/\/canal7slp.tv\/2025\/daniel-alejandro-fajardo-convocado-a-la-preseleccion-mexicana-de-voleibol-u19\/","name":"Daniel Alejandro Fajardo convocado a la Preselecci\u00f3n Mexicana de Voleibol U19 - Canal 7 SLP - 2025","isPartOf":{"@id":"https:\/\/canal7slp.tv\/2025\/#website"},"primaryImageOfPage":{"@id":"https:\/\/canal7slp.tv\/2025\/daniel-alejandro-fajardo-convocado-a-la-preseleccion-mexicana-de-voleibol-u19\/#primaryimage"},"image":{"@id":"https:\/\/canal7slp.tv\/2025\/daniel-alejandro-fajardo-convocado-a-la-preseleccion-mexicana-de-voleibol-u19\/#primaryimage"},"thumbnailUrl":"https:\/\/canal7slp.tv\/2025\/wp-content\/uploads\/2025\/06\/Froi02Voleibol-1.jpg","datePublished":"2025-06-16T20:24:08+00:00","dateModified":"2025-06-16T20:29:01+00:00","breadcrumb":{"@id":"https:\/\/canal7slp.tv\/2025\/daniel-alejandro-fajardo-convocado-a-la-preseleccion-mexicana-de-voleibol-u19\/#breadcrumb"},"inLanguage":"es","potentialAction":[{"@type":"ReadAction","target":["https:\/\/canal7slp.tv\/2025\/daniel-alejandro-fajardo-convocado-a-la-preseleccion-mexicana-de-voleibol-u19\/"]}]},{"@type":"ImageObject","inLanguage":"es","@id":"https:\/\/canal7slp.tv\/2025\/daniel-alejandro-fajardo-convocado-a-la-preseleccion-mexicana-de-voleibol-u19\/#primaryimage","url":"https:\/\/canal7slp.tv\/2025\/wp-content\/uploads\/2025\/06\/Froi02Voleibol-1.jpg","contentUrl":"https:\/\/canal7slp.tv\/2025\/wp-content\/uploads\/2025\/06\/Froi02Voleibol-1.jpg","width":1280,"height":720},{"@type":"BreadcrumbList","@id":"https:\/\/canal7slp.tv\/2025\/daniel-alejandro-fajardo-convocado-a-la-preseleccion-mexicana-de-voleibol-u19\/#breadcrumb","itemListElement":[{"@type":"ListItem","position":1,"name":"Portada","item":"https:\/\/canal7slp.tv\/2025\/"},{"@type":"ListItem","position":2,"name":"Daniel Alejandro Fajardo convocado a la Preselecci\u00f3n Mexicana de Voleibol U19"}]},{"@type":"WebSite","@id":"https:\/\/canal7slp.tv\/2025\/#website","url":"https:\/\/canal7slp.tv\/2025\/","name":"N7 - Noticieros Canal 7","description":"Somos el Medio","publisher":{"@id":"https:\/\/canal7slp.tv\/2025\/#organization"},"potentialAction":[{"@type":"SearchAction","target":{"@type":"EntryPoint","urlTemplate":"https:\/\/canal7slp.tv\/2025\/?s={search_term_string}"},"query-input":{"@type":"PropertyValueSpecification","valueRequired":true,"valueName":"search_term_string"}}],"inLanguage":"es"},{"@type":"Organization","@id":"https:\/\/canal7slp.tv\/2025\/#organization","name":"Noticieros Canal 7","url":"https:\/\/canal7slp.tv\/2025\/","logo":{"@type":"ImageObject","inLanguage":"es","@id":"https:\/\/canal7slp.tv\/2025\/#\/schema\/logo\/image\/","url":"https:\/\/canal7slp.tv\/2025\/wp-content\/uploads\/2021\/01\/logo-noticieros@2x.png","contentUrl":"https:\/\/canal7slp.tv\/2025\/wp-content\/uploads\/2021\/01\/logo-noticieros@2x.png","width":1017,"height":268,"caption":"Noticieros Canal 7"},"image":{"@id":"https:\/\/canal7slp.tv\/2025\/#\/schema\/logo\/image\/"},"sameAs":["https:\/\/www.facebook.com\/noticieroscanal7atencionciudadana\/","https:\/\/x.com\/NOTICIEROS7","https:\/\/www.instagram.com\/canal7_slp","https:\/\/www.youtube.com\/channel\/UCliiYs-gP3JfJeqdPrNdd5A"]},{"@type":"Person","@id":"https:\/\/canal7slp.tv\/2025\/#\/schema\/person\/271e2b60a96e7cc9d9ac296f4d7e414b","name":"Edici\u00f3n Web","image":{"@type":"ImageObject","inLanguage":"es","@id":"https:\/\/secure.gravatar.com\/avatar\/eee448fc3f7164808013b816ba91ac7e43bbe82a70bebac296f8bc6f0addaa1a?s=96&d=mm&r=g","url":"https:\/\/secure.gravatar.com\/avatar\/eee448fc3f7164808013b816ba91ac7e43bbe82a70bebac296f8bc6f0addaa1a?s=96&d=mm&r=g","contentUrl":"https:\/\/secure.gravatar.com\/avatar\/eee448fc3f7164808013b816ba91ac7e43bbe82a70bebac296f8bc6f0addaa1a?s=96&d=mm&r=g","caption":"Edici\u00f3n Web"},"url":"https:\/\/canal7slp.tv\/2025\/author\/edicionweb\/"}]}},"_links":{"self":[{"href":"https:\/\/canal7slp.tv\/2025\/wp-json\/wp\/v2\/posts\/170580","targetHints":{"allow":["GET"]}}],"collection":[{"href":"https:\/\/canal7slp.tv\/2025\/wp-json\/wp\/v2\/posts"}],"about":[{"href":"https:\/\/canal7slp.tv\/2025\/wp-json\/wp\/v2\/types\/post"}],"author":[{"embeddable":true,"href":"https:\/\/canal7slp.tv\/2025\/wp-json\/wp\/v2\/users\/2"}],"replies":[{"embeddable":true,"href":"https:\/\/canal7slp.tv\/2025\/wp-json\/wp\/v2\/comments?post=170580"}],"version-history":[{"count":1,"href":"https:\/\/canal7slp.tv\/2025\/wp-json\/wp\/v2\/posts\/170580\/revisions"}],"predecessor-version":[{"id":170583,"href":"https:\/\/canal7slp.tv\/2025\/wp-json\/wp\/v2\/posts\/170580\/revisions\/170583"}],"wp:featuredmedia":[{"embeddable":true,"href":"https:\/\/canal7slp.tv\/2025\/wp-json\/wp\/v2\/media\/170584"}],"wp:attachment":[{"href":"https:\/\/canal7slp.tv\/2025\/wp-json\/wp\/v2\/media?parent=170580"}],"wp:term":[{"taxonomy":"category","embeddable":true,"href":"https:\/\/canal7slp.tv\/2025\/wp-json\/wp\/v2\/categories?post=170580"},{"taxonomy":"post_tag","embeddable":true,"href":"https:\/\/canal7slp.tv\/2025\/wp-json\/wp\/v2\/tags?post=170580"}],"curies":[{"name":"wp","href":"https:\/\/api.w.org\/{rel}","templated":true}]}}