{"id":170331,"date":"2025-06-12T19:59:45","date_gmt":"2025-06-13T01:59:45","guid":{"rendered":"https:\/\/canal7slp.tv\/2025\/?p=170331"},"modified":"2025-06-12T19:59:45","modified_gmt":"2025-06-13T01:59:45","slug":"tras-elecciones-del-poder-judicial-el-estado-tendra-mas-mujeres-juezas","status":"publish","type":"post","link":"https:\/\/canal7slp.tv\/2025\/tras-elecciones-del-poder-judicial-el-estado-tendra-mas-mujeres-juezas\/","title":{"rendered":"Tras elecciones del Poder Judicial el estado tendr\u00e1 m\u00e1s mujeres juezas"},"content":{"rendered":"<p style=\"text-align: justify;\"><span style=\"font-size: 1.21429rem;\">SLP.- El Consejo Estatal Electoral y de Participaci\u00f3n Ciudadana realizar\u00e1 el pr\u00f3ximo domingo 15 de Junio el c\u00f3mputo estatal y la asignaci\u00f3n oficial de cargos de la elecci\u00f3n de personas juzgadoras.<\/span><\/p>\n<p style=\"text-align: justify;\">En este contexto, la consejera electoral Graciela D\u00edaz V\u00e1zquez destac\u00f3 que de los 87 cargos en juego a nivel local m\u00e1s de la mitad ser\u00e1n para mujeres.<\/p>\n<p style=\"text-align: justify;\">Cabe se\u00f1alar que en las elecciones judiciales a nivel local, se eligieron 15 magistraturas del Supremo Tribunal de Justicia del Estado, tres para el Tribunal de Disciplina Judicial y 69 cargos de personas juzgadoras de primera instancia en diversas especialidades como juez civil, de oralidad, de lo familiar, mercantil y de lo laboral entre otras especialidades.<\/p>\n<p style=\"text-align: justify;\">Asimismo, la consejera electoral afirm\u00f3 que en lo referente a los 45 cargos tambi\u00e9n de jurisdicci\u00f3n estatal, se cumpli\u00f3 con el principio de paridad de g\u00e9nero.<\/p>\n<p style=\"text-align: justify;\">Aclar\u00f3 que a diferencia de otros procesos electorales con representaci\u00f3n proporcional no ser\u00e1 necesario realizar ajustes adicionales para cumplir con la paridad, al decir que los resultados de la votaci\u00f3n ciudadana permiten una integraci\u00f3n equilibrada desde un inicio.<\/p>\n<p style=\"text-align: justify;\">Asimismo, opin\u00f3 que \u00e9ste proceso electoral marc\u00f3 un hito en la historia reciente del Poder Judicial del Estado, al afirmar que estar\u00e1 integrado por m\u00e1s mujeres que hombres.<\/p>\n<p>Por: Juan Carlos Contreras<\/p>\n","protected":false},"excerpt":{"rendered":"<p>SLP.- El Consejo Estatal Electoral y de Participaci\u00f3n Ciudadana realizar\u00e1 el pr\u00f3ximo domingo 15 de Junio el c\u00f3mputo estatal y la asignaci\u00f3n oficial de cargos de la elecci\u00f3n de personas juzgadoras. En este contexto, la consejera electoral Graciela D\u00edaz V\u00e1zquez destac\u00f3 que de los 87 cargos en juego a nivel local m\u00e1s de la mitad ser\u00e1n para mujeres. Cabe se\u00f1alar que en las elecciones judiciales a nivel local, se eligieron 15 magistraturas del Supremo Tribunal de Justicia del Estado, tres para el Tribunal de Disciplina Judicial y 69 cargos de personas juzgadoras de primera instancia en diversas especialidades como juez [&hellip;]<\/p>\n","protected":false},"author":2,"featured_media":170342,"comment_status":"closed","ping_status":"closed","sticky":false,"template":"","format":"video","meta":{"_monsterinsights_skip_tracking":false,"_monsterinsights_sitenote_active":false,"_monsterinsights_sitenote_note":"","_monsterinsights_sitenote_category":0,"footnotes":""},"categories":[5,45],"tags":[],"class_list":["post-170331","post","type-post","status-publish","format-video","has-post-thumbnail","hentry","category-destacadas","category-localesyregionales","post_format-post-format-video","post--single"],"yoast_head":"<!-- This site is optimized with the Yoast SEO plugin v27.5 - https:\/\/yoast.com\/product\/yoast-seo-wordpress\/ -->\n<title>Tras elecciones del Poder Judicial el estado tendr\u00e1 m\u00e1s mujeres juezas - Canal 7 SLP - 2025<\/title>\n<meta name=\"robots\" content=\"index, follow, max-snippet:-1, max-image-preview:large, max-video-preview:-1\" \/>\n<link rel=\"canonical\" href=\"https:\/\/canal7slp.tv\/2025\/tras-elecciones-del-poder-judicial-el-estado-tendra-mas-mujeres-juezas\/\" \/>\n<meta property=\"og:locale\" content=\"es_ES\" \/>\n<meta property=\"og:type\" content=\"article\" \/>\n<meta property=\"og:title\" content=\"Tras elecciones del Poder Judicial el estado tendr\u00e1 m\u00e1s mujeres juezas - Canal 7 SLP - 2025\" \/>\n<meta property=\"og:description\" content=\"SLP.- El Consejo Estatal Electoral y de Participaci\u00f3n Ciudadana realizar\u00e1 el pr\u00f3ximo domingo 15 de Junio el c\u00f3mputo estatal y la asignaci\u00f3n oficial de cargos de la elecci\u00f3n de personas juzgadoras. En este contexto, la consejera electoral Graciela D\u00edaz V\u00e1zquez destac\u00f3 que de los 87 cargos en juego a nivel local m\u00e1s de la mitad ser\u00e1n para mujeres. Cabe se\u00f1alar que en las elecciones judiciales a nivel local, se eligieron 15 magistraturas del Supremo Tribunal de Justicia del Estado, tres para el Tribunal de Disciplina Judicial y 69 cargos de personas juzgadoras de primera instancia en diversas especialidades como juez [&hellip;]\" \/>\n<meta property=\"og:url\" content=\"https:\/\/canal7slp.tv\/2025\/tras-elecciones-del-poder-judicial-el-estado-tendra-mas-mujeres-juezas\/\" \/>\n<meta property=\"og:site_name\" content=\"Canal 7 SLP - 2025\" \/>\n<meta property=\"article:publisher\" content=\"https:\/\/www.facebook.com\/noticieroscanal7atencionciudadana\/\" \/>\n<meta property=\"article:published_time\" content=\"2025-06-13T01:59:45+00:00\" \/>\n<meta property=\"og:image\" content=\"https:\/\/canal7slp.tv\/2025\/wp-content\/uploads\/2025\/06\/Claudio02Empoderadas.jpg\" \/>\n\t<meta property=\"og:image:width\" content=\"1280\" \/>\n\t<meta property=\"og:image:height\" content=\"720\" \/>\n\t<meta property=\"og:image:type\" content=\"image\/jpeg\" \/>\n<meta name=\"author\" content=\"Edici\u00f3n Web\" \/>\n<meta name=\"twitter:card\" content=\"summary_large_image\" \/>\n<meta name=\"twitter:creator\" content=\"@NOTICIEROS7\" \/>\n<meta name=\"twitter:site\" content=\"@NOTICIEROS7\" \/>\n<meta name=\"twitter:label1\" content=\"Escrito por\" \/>\n\t<meta name=\"twitter:data1\" content=\"Edici\u00f3n Web\" \/>\n\t<meta name=\"twitter:label2\" content=\"Tiempo de lectura\" \/>\n\t<meta name=\"twitter:data2\" content=\"2 minutos\" \/>\n<script type=\"application\/ld+json\" class=\"yoast-schema-graph\">{\"@context\":\"https:\\\/\\\/schema.org\",\"@graph\":[{\"@type\":\"Article\",\"@id\":\"https:\\\/\\\/canal7slp.tv\\\/2025\\\/tras-elecciones-del-poder-judicial-el-estado-tendra-mas-mujeres-juezas\\\/#article\",\"isPartOf\":{\"@id\":\"https:\\\/\\\/canal7slp.tv\\\/2025\\\/tras-elecciones-del-poder-judicial-el-estado-tendra-mas-mujeres-juezas\\\/\"},\"author\":{\"name\":\"Edici\u00f3n Web\",\"@id\":\"https:\\\/\\\/canal7slp.tv\\\/2025\\\/#\\\/schema\\\/person\\\/271e2b60a96e7cc9d9ac296f4d7e414b\"},\"headline\":\"Tras elecciones del Poder Judicial el estado tendr\u00e1 m\u00e1s mujeres juezas\",\"datePublished\":\"2025-06-13T01:59:45+00:00\",\"mainEntityOfPage\":{\"@id\":\"https:\\\/\\\/canal7slp.tv\\\/2025\\\/tras-elecciones-del-poder-judicial-el-estado-tendra-mas-mujeres-juezas\\\/\"},\"wordCount\":235,\"publisher\":{\"@id\":\"https:\\\/\\\/canal7slp.tv\\\/2025\\\/#organization\"},\"image\":{\"@id\":\"https:\\\/\\\/canal7slp.tv\\\/2025\\\/tras-elecciones-del-poder-judicial-el-estado-tendra-mas-mujeres-juezas\\\/#primaryimage\"},\"thumbnailUrl\":\"https:\\\/\\\/canal7slp.tv\\\/2025\\\/wp-content\\\/uploads\\\/2025\\\/06\\\/Claudio02Empoderadas.jpg\",\"articleSection\":[\"DESTACADAS\",\"LOCALES Y REGIONALES\"],\"inLanguage\":\"es\"},{\"@type\":\"WebPage\",\"@id\":\"https:\\\/\\\/canal7slp.tv\\\/2025\\\/tras-elecciones-del-poder-judicial-el-estado-tendra-mas-mujeres-juezas\\\/\",\"url\":\"https:\\\/\\\/canal7slp.tv\\\/2025\\\/tras-elecciones-del-poder-judicial-el-estado-tendra-mas-mujeres-juezas\\\/\",\"name\":\"Tras elecciones del Poder Judicial el estado tendr\u00e1 m\u00e1s mujeres juezas - Canal 7 SLP - 2025\",\"isPartOf\":{\"@id\":\"https:\\\/\\\/canal7slp.tv\\\/2025\\\/#website\"},\"primaryImageOfPage\":{\"@id\":\"https:\\\/\\\/canal7slp.tv\\\/2025\\\/tras-elecciones-del-poder-judicial-el-estado-tendra-mas-mujeres-juezas\\\/#primaryimage\"},\"image\":{\"@id\":\"https:\\\/\\\/canal7slp.tv\\\/2025\\\/tras-elecciones-del-poder-judicial-el-estado-tendra-mas-mujeres-juezas\\\/#primaryimage\"},\"thumbnailUrl\":\"https:\\\/\\\/canal7slp.tv\\\/2025\\\/wp-content\\\/uploads\\\/2025\\\/06\\\/Claudio02Empoderadas.jpg\",\"datePublished\":\"2025-06-13T01:59:45+00:00\",\"breadcrumb\":{\"@id\":\"https:\\\/\\\/canal7slp.tv\\\/2025\\\/tras-elecciones-del-poder-judicial-el-estado-tendra-mas-mujeres-juezas\\\/#breadcrumb\"},\"inLanguage\":\"es\",\"potentialAction\":[{\"@type\":\"ReadAction\",\"target\":[\"https:\\\/\\\/canal7slp.tv\\\/2025\\\/tras-elecciones-del-poder-judicial-el-estado-tendra-mas-mujeres-juezas\\\/\"]}]},{\"@type\":\"ImageObject\",\"inLanguage\":\"es\",\"@id\":\"https:\\\/\\\/canal7slp.tv\\\/2025\\\/tras-elecciones-del-poder-judicial-el-estado-tendra-mas-mujeres-juezas\\\/#primaryimage\",\"url\":\"https:\\\/\\\/canal7slp.tv\\\/2025\\\/wp-content\\\/uploads\\\/2025\\\/06\\\/Claudio02Empoderadas.jpg\",\"contentUrl\":\"https:\\\/\\\/canal7slp.tv\\\/2025\\\/wp-content\\\/uploads\\\/2025\\\/06\\\/Claudio02Empoderadas.jpg\",\"width\":1280,\"height\":720},{\"@type\":\"BreadcrumbList\",\"@id\":\"https:\\\/\\\/canal7slp.tv\\\/2025\\\/tras-elecciones-del-poder-judicial-el-estado-tendra-mas-mujeres-juezas\\\/#breadcrumb\",\"itemListElement\":[{\"@type\":\"ListItem\",\"position\":1,\"name\":\"Portada\",\"item\":\"https:\\\/\\\/canal7slp.tv\\\/2025\\\/\"},{\"@type\":\"ListItem\",\"position\":2,\"name\":\"Tras elecciones del Poder Judicial el estado tendr\u00e1 m\u00e1s mujeres juezas\"}]},{\"@type\":\"WebSite\",\"@id\":\"https:\\\/\\\/canal7slp.tv\\\/2025\\\/#website\",\"url\":\"https:\\\/\\\/canal7slp.tv\\\/2025\\\/\",\"name\":\"N7 - Noticieros Canal 7\",\"description\":\"Somos el Medio\",\"publisher\":{\"@id\":\"https:\\\/\\\/canal7slp.tv\\\/2025\\\/#organization\"},\"potentialAction\":[{\"@type\":\"SearchAction\",\"target\":{\"@type\":\"EntryPoint\",\"urlTemplate\":\"https:\\\/\\\/canal7slp.tv\\\/2025\\\/?s={search_term_string}\"},\"query-input\":{\"@type\":\"PropertyValueSpecification\",\"valueRequired\":true,\"valueName\":\"search_term_string\"}}],\"inLanguage\":\"es\"},{\"@type\":\"Organization\",\"@id\":\"https:\\\/\\\/canal7slp.tv\\\/2025\\\/#organization\",\"name\":\"Noticieros Canal 7\",\"url\":\"https:\\\/\\\/canal7slp.tv\\\/2025\\\/\",\"logo\":{\"@type\":\"ImageObject\",\"inLanguage\":\"es\",\"@id\":\"https:\\\/\\\/canal7slp.tv\\\/2025\\\/#\\\/schema\\\/logo\\\/image\\\/\",\"url\":\"https:\\\/\\\/canal7slp.tv\\\/2025\\\/wp-content\\\/uploads\\\/2021\\\/01\\\/logo-noticieros@2x.png\",\"contentUrl\":\"https:\\\/\\\/canal7slp.tv\\\/2025\\\/wp-content\\\/uploads\\\/2021\\\/01\\\/logo-noticieros@2x.png\",\"width\":1017,\"height\":268,\"caption\":\"Noticieros Canal 7\"},\"image\":{\"@id\":\"https:\\\/\\\/canal7slp.tv\\\/2025\\\/#\\\/schema\\\/logo\\\/image\\\/\"},\"sameAs\":[\"https:\\\/\\\/www.facebook.com\\\/noticieroscanal7atencionciudadana\\\/\",\"https:\\\/\\\/x.com\\\/NOTICIEROS7\",\"https:\\\/\\\/www.instagram.com\\\/canal7_slp\",\"https:\\\/\\\/www.youtube.com\\\/channel\\\/UCliiYs-gP3JfJeqdPrNdd5A\"]},{\"@type\":\"Person\",\"@id\":\"https:\\\/\\\/canal7slp.tv\\\/2025\\\/#\\\/schema\\\/person\\\/271e2b60a96e7cc9d9ac296f4d7e414b\",\"name\":\"Edici\u00f3n Web\",\"image\":{\"@type\":\"ImageObject\",\"inLanguage\":\"es\",\"@id\":\"https:\\\/\\\/secure.gravatar.com\\\/avatar\\\/eee448fc3f7164808013b816ba91ac7e43bbe82a70bebac296f8bc6f0addaa1a?s=96&d=mm&r=g\",\"url\":\"https:\\\/\\\/secure.gravatar.com\\\/avatar\\\/eee448fc3f7164808013b816ba91ac7e43bbe82a70bebac296f8bc6f0addaa1a?s=96&d=mm&r=g\",\"contentUrl\":\"https:\\\/\\\/secure.gravatar.com\\\/avatar\\\/eee448fc3f7164808013b816ba91ac7e43bbe82a70bebac296f8bc6f0addaa1a?s=96&d=mm&r=g\",\"caption\":\"Edici\u00f3n Web\"},\"url\":\"https:\\\/\\\/canal7slp.tv\\\/2025\\\/author\\\/edicionweb\\\/\"}]}<\/script>\n<!-- \/ Yoast SEO plugin. -->","yoast_head_json":{"title":"Tras elecciones del Poder Judicial el estado tendr\u00e1 m\u00e1s mujeres juezas - Canal 7 SLP - 2025","robots":{"index":"index","follow":"follow","max-snippet":"max-snippet:-1","max-image-preview":"max-image-preview:large","max-video-preview":"max-video-preview:-1"},"canonical":"https:\/\/canal7slp.tv\/2025\/tras-elecciones-del-poder-judicial-el-estado-tendra-mas-mujeres-juezas\/","og_locale":"es_ES","og_type":"article","og_title":"Tras elecciones del Poder Judicial el estado tendr\u00e1 m\u00e1s mujeres juezas - Canal 7 SLP - 2025","og_description":"SLP.- El Consejo Estatal Electoral y de Participaci\u00f3n Ciudadana realizar\u00e1 el pr\u00f3ximo domingo 15 de Junio el c\u00f3mputo estatal y la asignaci\u00f3n oficial de cargos de la elecci\u00f3n de personas juzgadoras. En este contexto, la consejera electoral Graciela D\u00edaz V\u00e1zquez destac\u00f3 que de los 87 cargos en juego a nivel local m\u00e1s de la mitad ser\u00e1n para mujeres. Cabe se\u00f1alar que en las elecciones judiciales a nivel local, se eligieron 15 magistraturas del Supremo Tribunal de Justicia del Estado, tres para el Tribunal de Disciplina Judicial y 69 cargos de personas juzgadoras de primera instancia en diversas especialidades como juez [&hellip;]","og_url":"https:\/\/canal7slp.tv\/2025\/tras-elecciones-del-poder-judicial-el-estado-tendra-mas-mujeres-juezas\/","og_site_name":"Canal 7 SLP - 2025","article_publisher":"https:\/\/www.facebook.com\/noticieroscanal7atencionciudadana\/","article_published_time":"2025-06-13T01:59:45+00:00","og_image":[{"width":1280,"height":720,"url":"https:\/\/canal7slp.tv\/2025\/wp-content\/uploads\/2025\/06\/Claudio02Empoderadas.jpg","type":"image\/jpeg"}],"author":"Edici\u00f3n Web","twitter_card":"summary_large_image","twitter_creator":"@NOTICIEROS7","twitter_site":"@NOTICIEROS7","twitter_misc":{"Escrito por":"Edici\u00f3n Web","Tiempo de lectura":"2 minutos"},"schema":{"@context":"https:\/\/schema.org","@graph":[{"@type":"Article","@id":"https:\/\/canal7slp.tv\/2025\/tras-elecciones-del-poder-judicial-el-estado-tendra-mas-mujeres-juezas\/#article","isPartOf":{"@id":"https:\/\/canal7slp.tv\/2025\/tras-elecciones-del-poder-judicial-el-estado-tendra-mas-mujeres-juezas\/"},"author":{"name":"Edici\u00f3n Web","@id":"https:\/\/canal7slp.tv\/2025\/#\/schema\/person\/271e2b60a96e7cc9d9ac296f4d7e414b"},"headline":"Tras elecciones del Poder Judicial el estado tendr\u00e1 m\u00e1s mujeres juezas","datePublished":"2025-06-13T01:59:45+00:00","mainEntityOfPage":{"@id":"https:\/\/canal7slp.tv\/2025\/tras-elecciones-del-poder-judicial-el-estado-tendra-mas-mujeres-juezas\/"},"wordCount":235,"publisher":{"@id":"https:\/\/canal7slp.tv\/2025\/#organization"},"image":{"@id":"https:\/\/canal7slp.tv\/2025\/tras-elecciones-del-poder-judicial-el-estado-tendra-mas-mujeres-juezas\/#primaryimage"},"thumbnailUrl":"https:\/\/canal7slp.tv\/2025\/wp-content\/uploads\/2025\/06\/Claudio02Empoderadas.jpg","articleSection":["DESTACADAS","LOCALES Y REGIONALES"],"inLanguage":"es"},{"@type":"WebPage","@id":"https:\/\/canal7slp.tv\/2025\/tras-elecciones-del-poder-judicial-el-estado-tendra-mas-mujeres-juezas\/","url":"https:\/\/canal7slp.tv\/2025\/tras-elecciones-del-poder-judicial-el-estado-tendra-mas-mujeres-juezas\/","name":"Tras elecciones del Poder Judicial el estado tendr\u00e1 m\u00e1s mujeres juezas - Canal 7 SLP - 2025","isPartOf":{"@id":"https:\/\/canal7slp.tv\/2025\/#website"},"primaryImageOfPage":{"@id":"https:\/\/canal7slp.tv\/2025\/tras-elecciones-del-poder-judicial-el-estado-tendra-mas-mujeres-juezas\/#primaryimage"},"image":{"@id":"https:\/\/canal7slp.tv\/2025\/tras-elecciones-del-poder-judicial-el-estado-tendra-mas-mujeres-juezas\/#primaryimage"},"thumbnailUrl":"https:\/\/canal7slp.tv\/2025\/wp-content\/uploads\/2025\/06\/Claudio02Empoderadas.jpg","datePublished":"2025-06-13T01:59:45+00:00","breadcrumb":{"@id":"https:\/\/canal7slp.tv\/2025\/tras-elecciones-del-poder-judicial-el-estado-tendra-mas-mujeres-juezas\/#breadcrumb"},"inLanguage":"es","potentialAction":[{"@type":"ReadAction","target":["https:\/\/canal7slp.tv\/2025\/tras-elecciones-del-poder-judicial-el-estado-tendra-mas-mujeres-juezas\/"]}]},{"@type":"ImageObject","inLanguage":"es","@id":"https:\/\/canal7slp.tv\/2025\/tras-elecciones-del-poder-judicial-el-estado-tendra-mas-mujeres-juezas\/#primaryimage","url":"https:\/\/canal7slp.tv\/2025\/wp-content\/uploads\/2025\/06\/Claudio02Empoderadas.jpg","contentUrl":"https:\/\/canal7slp.tv\/2025\/wp-content\/uploads\/2025\/06\/Claudio02Empoderadas.jpg","width":1280,"height":720},{"@type":"BreadcrumbList","@id":"https:\/\/canal7slp.tv\/2025\/tras-elecciones-del-poder-judicial-el-estado-tendra-mas-mujeres-juezas\/#breadcrumb","itemListElement":[{"@type":"ListItem","position":1,"name":"Portada","item":"https:\/\/canal7slp.tv\/2025\/"},{"@type":"ListItem","position":2,"name":"Tras elecciones del Poder Judicial el estado tendr\u00e1 m\u00e1s mujeres juezas"}]},{"@type":"WebSite","@id":"https:\/\/canal7slp.tv\/2025\/#website","url":"https:\/\/canal7slp.tv\/2025\/","name":"N7 - Noticieros Canal 7","description":"Somos el Medio","publisher":{"@id":"https:\/\/canal7slp.tv\/2025\/#organization"},"potentialAction":[{"@type":"SearchAction","target":{"@type":"EntryPoint","urlTemplate":"https:\/\/canal7slp.tv\/2025\/?s={search_term_string}"},"query-input":{"@type":"PropertyValueSpecification","valueRequired":true,"valueName":"search_term_string"}}],"inLanguage":"es"},{"@type":"Organization","@id":"https:\/\/canal7slp.tv\/2025\/#organization","name":"Noticieros Canal 7","url":"https:\/\/canal7slp.tv\/2025\/","logo":{"@type":"ImageObject","inLanguage":"es","@id":"https:\/\/canal7slp.tv\/2025\/#\/schema\/logo\/image\/","url":"https:\/\/canal7slp.tv\/2025\/wp-content\/uploads\/2021\/01\/logo-noticieros@2x.png","contentUrl":"https:\/\/canal7slp.tv\/2025\/wp-content\/uploads\/2021\/01\/logo-noticieros@2x.png","width":1017,"height":268,"caption":"Noticieros Canal 7"},"image":{"@id":"https:\/\/canal7slp.tv\/2025\/#\/schema\/logo\/image\/"},"sameAs":["https:\/\/www.facebook.com\/noticieroscanal7atencionciudadana\/","https:\/\/x.com\/NOTICIEROS7","https:\/\/www.instagram.com\/canal7_slp","https:\/\/www.youtube.com\/channel\/UCliiYs-gP3JfJeqdPrNdd5A"]},{"@type":"Person","@id":"https:\/\/canal7slp.tv\/2025\/#\/schema\/person\/271e2b60a96e7cc9d9ac296f4d7e414b","name":"Edici\u00f3n Web","image":{"@type":"ImageObject","inLanguage":"es","@id":"https:\/\/secure.gravatar.com\/avatar\/eee448fc3f7164808013b816ba91ac7e43bbe82a70bebac296f8bc6f0addaa1a?s=96&d=mm&r=g","url":"https:\/\/secure.gravatar.com\/avatar\/eee448fc3f7164808013b816ba91ac7e43bbe82a70bebac296f8bc6f0addaa1a?s=96&d=mm&r=g","contentUrl":"https:\/\/secure.gravatar.com\/avatar\/eee448fc3f7164808013b816ba91ac7e43bbe82a70bebac296f8bc6f0addaa1a?s=96&d=mm&r=g","caption":"Edici\u00f3n Web"},"url":"https:\/\/canal7slp.tv\/2025\/author\/edicionweb\/"}]}},"_links":{"self":[{"href":"https:\/\/canal7slp.tv\/2025\/wp-json\/wp\/v2\/posts\/170331","targetHints":{"allow":["GET"]}}],"collection":[{"href":"https:\/\/canal7slp.tv\/2025\/wp-json\/wp\/v2\/posts"}],"about":[{"href":"https:\/\/canal7slp.tv\/2025\/wp-json\/wp\/v2\/types\/post"}],"author":[{"embeddable":true,"href":"https:\/\/canal7slp.tv\/2025\/wp-json\/wp\/v2\/users\/2"}],"replies":[{"embeddable":true,"href":"https:\/\/canal7slp.tv\/2025\/wp-json\/wp\/v2\/comments?post=170331"}],"version-history":[{"count":2,"href":"https:\/\/canal7slp.tv\/2025\/wp-json\/wp\/v2\/posts\/170331\/revisions"}],"predecessor-version":[{"id":170343,"href":"https:\/\/canal7slp.tv\/2025\/wp-json\/wp\/v2\/posts\/170331\/revisions\/170343"}],"wp:featuredmedia":[{"embeddable":true,"href":"https:\/\/canal7slp.tv\/2025\/wp-json\/wp\/v2\/media\/170342"}],"wp:attachment":[{"href":"https:\/\/canal7slp.tv\/2025\/wp-json\/wp\/v2\/media?parent=170331"}],"wp:term":[{"taxonomy":"category","embeddable":true,"href":"https:\/\/canal7slp.tv\/2025\/wp-json\/wp\/v2\/categories?post=170331"},{"taxonomy":"post_tag","embeddable":true,"href":"https:\/\/canal7slp.tv\/2025\/wp-json\/wp\/v2\/tags?post=170331"}],"curies":[{"name":"wp","href":"https:\/\/api.w.org\/{rel}","templated":true}]}}