{"id":170326,"date":"2025-06-12T17:54:51","date_gmt":"2025-06-12T23:54:51","guid":{"rendered":"https:\/\/canal7slp.tv\/2025\/?p=170326"},"modified":"2025-06-12T17:54:51","modified_gmt":"2025-06-12T23:54:51","slug":"con-lucha-libre-el-ayuntamiento-de-slp-celebrara-el-dia-del-padre","status":"publish","type":"post","link":"https:\/\/canal7slp.tv\/2025\/con-lucha-libre-el-ayuntamiento-de-slp-celebrara-el-dia-del-padre\/","title":{"rendered":"Con Lucha Libre el Ayuntamiento de SLP celebrar\u00e1 el D\u00eda del Padre"},"content":{"rendered":"<p style=\"text-align: justify;\">SLP.- Como parte de las actividades para celebrar el D\u00eda del Padre, la direcci\u00f3n de Deporte Municipal del Ayuntamiento de San Luis Potos\u00ed present\u00f3 la funci\u00f3n de Lucha Libre a realizar este viernes 13 de junio.<\/p>\n<p style=\"text-align: justify;\">El director de Deporte Municipal de la capital, Luis Fernando Alonso Molina, habl\u00f3 al respecto.<\/p>\n<p style=\"text-align: justify;\">\u201cViernes 13 de junio en la Plaza de Toros a partir de la cinco de la tarde se abren las puertas y la funci\u00f3n estar\u00e1 empezando a las siete de la tarde, vienen grandes luchadores de nivel nacional como Dr. Wagner, DMT el Hurac\u00e1n Ram\u00edrez, Fuerza Guerrera, ellos estar\u00e1n en la lucha estelar pero tendremos seis luchas de gran calidad incluyendo las locales que tambi\u00e9n es un evento para apoyar a todos los luchadores potosinos\u201d.<\/p>\n<p style=\"text-align: justify;\">El regidor Francisco Pedraza Blanco, presidente de la Comisi\u00f3n de Cultura, Recreaci\u00f3n, Deporte y Juventud, asever\u00f3 que la actividad es en beneficio de la poblaci\u00f3n de la capital.<\/p>\n<p style=\"text-align: justify;\">\u201cEstamos muy contentos de presentar este cartel, la Direcci\u00f3n Municipal trae una vez m\u00e1s una funci\u00f3n de Lucha Libre totalmente gratuita para todos los potosinos, sobre todo para los ciudadanos de aqu\u00ed de la capital, cabe mencionar que en este cartel tambi\u00e9n nos va a acompa\u00f1ar Alberto El Patr\u00f3n (\u2026) la verdad que este es el ejemplo del buen trabajo y de lo que realiza el ayuntamiento de San Luis Potos\u00ed\u201d.<\/p>\n<p style=\"text-align: justify;\">El luchador internacional, Alberto del R\u00edo, alias \u201cEl Patr\u00f3n\u201d, asever\u00f3 que la funci\u00f3n ser\u00e1 familiar y divertida para todos los asistentes debido a la entrega que pondr\u00e1n en cada encuentro.<\/p>\n<p style=\"text-align: justify;\">\u201cCompletamente limpios, puros, divertidos, familiar, eso es lo que regala el presidente municipal y su administraci\u00f3n para todos los potosinos (\u2026) aqu\u00ed tenemos much\u00edsimo talento, hay apoyo de parte de gobierno, de empresas, es una de las ciudades predilectas de Lucha Libre (\u2026) yo me brindo completamente y es por eso que entrego los resultados que entrego y llegan ocho mil, 10 mil, 15 mil 20 mil personas a verme\u201d<\/p>\n<p style=\"text-align: justify;\">La administraci\u00f3n municipal espera un lleno total con la asistencia de m\u00e1s de siete mil personas.<\/p>\n<p>Por: Juan Carlos Contreras<\/p>\n","protected":false},"excerpt":{"rendered":"<p>SLP.- Como parte de las actividades para celebrar el D\u00eda del Padre, la direcci\u00f3n de Deporte Municipal del Ayuntamiento de San Luis Potos\u00ed present\u00f3 la funci\u00f3n de Lucha Libre a realizar este viernes 13 de junio. El director de Deporte Municipal de la capital, Luis Fernando Alonso Molina, habl\u00f3 al respecto. \u201cViernes 13 de junio en la Plaza de Toros a partir de la cinco de la tarde se abren las puertas y la funci\u00f3n estar\u00e1 empezando a las siete de la tarde, vienen grandes luchadores de nivel nacional como Dr. Wagner, DMT el Hurac\u00e1n Ram\u00edrez, Fuerza Guerrera, ellos estar\u00e1n [&hellip;]<\/p>\n","protected":false},"author":2,"featured_media":170336,"comment_status":"closed","ping_status":"closed","sticky":false,"template":"","format":"video","meta":{"_monsterinsights_skip_tracking":false,"_monsterinsights_sitenote_active":false,"_monsterinsights_sitenote_note":"","_monsterinsights_sitenote_category":0,"footnotes":""},"categories":[66,5,45],"tags":[],"class_list":["post-170326","post","type-post","status-publish","format-video","has-post-thumbnail","hentry","category-ayoslp","category-destacadas","category-localesyregionales","post_format-post-format-video","post--single"],"yoast_head":"<!-- This site is optimized with the Yoast SEO plugin v27.5 - https:\/\/yoast.com\/product\/yoast-seo-wordpress\/ -->\n<title>Con Lucha Libre el Ayuntamiento de SLP celebrar\u00e1 el D\u00eda del Padre - Canal 7 SLP - 2025<\/title>\n<meta name=\"robots\" content=\"index, follow, max-snippet:-1, max-image-preview:large, max-video-preview:-1\" \/>\n<link rel=\"canonical\" href=\"https:\/\/canal7slp.tv\/2025\/con-lucha-libre-el-ayuntamiento-de-slp-celebrara-el-dia-del-padre\/\" \/>\n<meta property=\"og:locale\" content=\"es_ES\" \/>\n<meta property=\"og:type\" content=\"article\" \/>\n<meta property=\"og:title\" content=\"Con Lucha Libre el Ayuntamiento de SLP celebrar\u00e1 el D\u00eda del Padre - Canal 7 SLP - 2025\" \/>\n<meta property=\"og:description\" content=\"SLP.- Como parte de las actividades para celebrar el D\u00eda del Padre, la direcci\u00f3n de Deporte Municipal del Ayuntamiento de San Luis Potos\u00ed present\u00f3 la funci\u00f3n de Lucha Libre a realizar este viernes 13 de junio. El director de Deporte Municipal de la capital, Luis Fernando Alonso Molina, habl\u00f3 al respecto. \u201cViernes 13 de junio en la Plaza de Toros a partir de la cinco de la tarde se abren las puertas y la funci\u00f3n estar\u00e1 empezando a las siete de la tarde, vienen grandes luchadores de nivel nacional como Dr. Wagner, DMT el Hurac\u00e1n Ram\u00edrez, Fuerza Guerrera, ellos estar\u00e1n [&hellip;]\" \/>\n<meta property=\"og:url\" content=\"https:\/\/canal7slp.tv\/2025\/con-lucha-libre-el-ayuntamiento-de-slp-celebrara-el-dia-del-padre\/\" \/>\n<meta property=\"og:site_name\" content=\"Canal 7 SLP - 2025\" \/>\n<meta property=\"article:publisher\" content=\"https:\/\/www.facebook.com\/noticieroscanal7atencionciudadana\/\" \/>\n<meta property=\"article:published_time\" content=\"2025-06-12T23:54:51+00:00\" \/>\n<meta property=\"og:image\" content=\"https:\/\/canal7slp.tv\/2025\/wp-content\/uploads\/2025\/06\/Poky04LuchaLibre.jpg\" \/>\n\t<meta property=\"og:image:width\" content=\"1280\" \/>\n\t<meta property=\"og:image:height\" content=\"720\" \/>\n\t<meta property=\"og:image:type\" content=\"image\/jpeg\" \/>\n<meta name=\"author\" content=\"Edici\u00f3n Web\" \/>\n<meta name=\"twitter:card\" content=\"summary_large_image\" \/>\n<meta name=\"twitter:creator\" content=\"@NOTICIEROS7\" \/>\n<meta name=\"twitter:site\" content=\"@NOTICIEROS7\" \/>\n<meta name=\"twitter:label1\" content=\"Escrito por\" \/>\n\t<meta name=\"twitter:data1\" content=\"Edici\u00f3n Web\" \/>\n\t<meta name=\"twitter:label2\" content=\"Tiempo de lectura\" \/>\n\t<meta name=\"twitter:data2\" content=\"2 minutos\" \/>\n<script type=\"application\/ld+json\" class=\"yoast-schema-graph\">{\"@context\":\"https:\\\/\\\/schema.org\",\"@graph\":[{\"@type\":\"Article\",\"@id\":\"https:\\\/\\\/canal7slp.tv\\\/2025\\\/con-lucha-libre-el-ayuntamiento-de-slp-celebrara-el-dia-del-padre\\\/#article\",\"isPartOf\":{\"@id\":\"https:\\\/\\\/canal7slp.tv\\\/2025\\\/con-lucha-libre-el-ayuntamiento-de-slp-celebrara-el-dia-del-padre\\\/\"},\"author\":{\"name\":\"Edici\u00f3n Web\",\"@id\":\"https:\\\/\\\/canal7slp.tv\\\/2025\\\/#\\\/schema\\\/person\\\/271e2b60a96e7cc9d9ac296f4d7e414b\"},\"headline\":\"Con Lucha Libre el Ayuntamiento de SLP celebrar\u00e1 el D\u00eda del Padre\",\"datePublished\":\"2025-06-12T23:54:51+00:00\",\"mainEntityOfPage\":{\"@id\":\"https:\\\/\\\/canal7slp.tv\\\/2025\\\/con-lucha-libre-el-ayuntamiento-de-slp-celebrara-el-dia-del-padre\\\/\"},\"wordCount\":376,\"publisher\":{\"@id\":\"https:\\\/\\\/canal7slp.tv\\\/2025\\\/#organization\"},\"image\":{\"@id\":\"https:\\\/\\\/canal7slp.tv\\\/2025\\\/con-lucha-libre-el-ayuntamiento-de-slp-celebrara-el-dia-del-padre\\\/#primaryimage\"},\"thumbnailUrl\":\"https:\\\/\\\/canal7slp.tv\\\/2025\\\/wp-content\\\/uploads\\\/2025\\\/06\\\/Poky04LuchaLibre.jpg\",\"articleSection\":[\"AYOSLP\",\"DESTACADAS\",\"LOCALES Y REGIONALES\"],\"inLanguage\":\"es\"},{\"@type\":\"WebPage\",\"@id\":\"https:\\\/\\\/canal7slp.tv\\\/2025\\\/con-lucha-libre-el-ayuntamiento-de-slp-celebrara-el-dia-del-padre\\\/\",\"url\":\"https:\\\/\\\/canal7slp.tv\\\/2025\\\/con-lucha-libre-el-ayuntamiento-de-slp-celebrara-el-dia-del-padre\\\/\",\"name\":\"Con Lucha Libre el Ayuntamiento de SLP celebrar\u00e1 el D\u00eda del Padre - Canal 7 SLP - 2025\",\"isPartOf\":{\"@id\":\"https:\\\/\\\/canal7slp.tv\\\/2025\\\/#website\"},\"primaryImageOfPage\":{\"@id\":\"https:\\\/\\\/canal7slp.tv\\\/2025\\\/con-lucha-libre-el-ayuntamiento-de-slp-celebrara-el-dia-del-padre\\\/#primaryimage\"},\"image\":{\"@id\":\"https:\\\/\\\/canal7slp.tv\\\/2025\\\/con-lucha-libre-el-ayuntamiento-de-slp-celebrara-el-dia-del-padre\\\/#primaryimage\"},\"thumbnailUrl\":\"https:\\\/\\\/canal7slp.tv\\\/2025\\\/wp-content\\\/uploads\\\/2025\\\/06\\\/Poky04LuchaLibre.jpg\",\"datePublished\":\"2025-06-12T23:54:51+00:00\",\"breadcrumb\":{\"@id\":\"https:\\\/\\\/canal7slp.tv\\\/2025\\\/con-lucha-libre-el-ayuntamiento-de-slp-celebrara-el-dia-del-padre\\\/#breadcrumb\"},\"inLanguage\":\"es\",\"potentialAction\":[{\"@type\":\"ReadAction\",\"target\":[\"https:\\\/\\\/canal7slp.tv\\\/2025\\\/con-lucha-libre-el-ayuntamiento-de-slp-celebrara-el-dia-del-padre\\\/\"]}]},{\"@type\":\"ImageObject\",\"inLanguage\":\"es\",\"@id\":\"https:\\\/\\\/canal7slp.tv\\\/2025\\\/con-lucha-libre-el-ayuntamiento-de-slp-celebrara-el-dia-del-padre\\\/#primaryimage\",\"url\":\"https:\\\/\\\/canal7slp.tv\\\/2025\\\/wp-content\\\/uploads\\\/2025\\\/06\\\/Poky04LuchaLibre.jpg\",\"contentUrl\":\"https:\\\/\\\/canal7slp.tv\\\/2025\\\/wp-content\\\/uploads\\\/2025\\\/06\\\/Poky04LuchaLibre.jpg\",\"width\":1280,\"height\":720},{\"@type\":\"BreadcrumbList\",\"@id\":\"https:\\\/\\\/canal7slp.tv\\\/2025\\\/con-lucha-libre-el-ayuntamiento-de-slp-celebrara-el-dia-del-padre\\\/#breadcrumb\",\"itemListElement\":[{\"@type\":\"ListItem\",\"position\":1,\"name\":\"Portada\",\"item\":\"https:\\\/\\\/canal7slp.tv\\\/2025\\\/\"},{\"@type\":\"ListItem\",\"position\":2,\"name\":\"Con Lucha Libre el Ayuntamiento de SLP celebrar\u00e1 el D\u00eda del Padre\"}]},{\"@type\":\"WebSite\",\"@id\":\"https:\\\/\\\/canal7slp.tv\\\/2025\\\/#website\",\"url\":\"https:\\\/\\\/canal7slp.tv\\\/2025\\\/\",\"name\":\"N7 - Noticieros Canal 7\",\"description\":\"Somos el Medio\",\"publisher\":{\"@id\":\"https:\\\/\\\/canal7slp.tv\\\/2025\\\/#organization\"},\"potentialAction\":[{\"@type\":\"SearchAction\",\"target\":{\"@type\":\"EntryPoint\",\"urlTemplate\":\"https:\\\/\\\/canal7slp.tv\\\/2025\\\/?s={search_term_string}\"},\"query-input\":{\"@type\":\"PropertyValueSpecification\",\"valueRequired\":true,\"valueName\":\"search_term_string\"}}],\"inLanguage\":\"es\"},{\"@type\":\"Organization\",\"@id\":\"https:\\\/\\\/canal7slp.tv\\\/2025\\\/#organization\",\"name\":\"Noticieros Canal 7\",\"url\":\"https:\\\/\\\/canal7slp.tv\\\/2025\\\/\",\"logo\":{\"@type\":\"ImageObject\",\"inLanguage\":\"es\",\"@id\":\"https:\\\/\\\/canal7slp.tv\\\/2025\\\/#\\\/schema\\\/logo\\\/image\\\/\",\"url\":\"https:\\\/\\\/canal7slp.tv\\\/2025\\\/wp-content\\\/uploads\\\/2021\\\/01\\\/logo-noticieros@2x.png\",\"contentUrl\":\"https:\\\/\\\/canal7slp.tv\\\/2025\\\/wp-content\\\/uploads\\\/2021\\\/01\\\/logo-noticieros@2x.png\",\"width\":1017,\"height\":268,\"caption\":\"Noticieros Canal 7\"},\"image\":{\"@id\":\"https:\\\/\\\/canal7slp.tv\\\/2025\\\/#\\\/schema\\\/logo\\\/image\\\/\"},\"sameAs\":[\"https:\\\/\\\/www.facebook.com\\\/noticieroscanal7atencionciudadana\\\/\",\"https:\\\/\\\/x.com\\\/NOTICIEROS7\",\"https:\\\/\\\/www.instagram.com\\\/canal7_slp\",\"https:\\\/\\\/www.youtube.com\\\/channel\\\/UCliiYs-gP3JfJeqdPrNdd5A\"]},{\"@type\":\"Person\",\"@id\":\"https:\\\/\\\/canal7slp.tv\\\/2025\\\/#\\\/schema\\\/person\\\/271e2b60a96e7cc9d9ac296f4d7e414b\",\"name\":\"Edici\u00f3n Web\",\"image\":{\"@type\":\"ImageObject\",\"inLanguage\":\"es\",\"@id\":\"https:\\\/\\\/secure.gravatar.com\\\/avatar\\\/eee448fc3f7164808013b816ba91ac7e43bbe82a70bebac296f8bc6f0addaa1a?s=96&d=mm&r=g\",\"url\":\"https:\\\/\\\/secure.gravatar.com\\\/avatar\\\/eee448fc3f7164808013b816ba91ac7e43bbe82a70bebac296f8bc6f0addaa1a?s=96&d=mm&r=g\",\"contentUrl\":\"https:\\\/\\\/secure.gravatar.com\\\/avatar\\\/eee448fc3f7164808013b816ba91ac7e43bbe82a70bebac296f8bc6f0addaa1a?s=96&d=mm&r=g\",\"caption\":\"Edici\u00f3n Web\"},\"url\":\"https:\\\/\\\/canal7slp.tv\\\/2025\\\/author\\\/edicionweb\\\/\"}]}<\/script>\n<!-- \/ Yoast SEO plugin. -->","yoast_head_json":{"title":"Con Lucha Libre el Ayuntamiento de SLP celebrar\u00e1 el D\u00eda del Padre - Canal 7 SLP - 2025","robots":{"index":"index","follow":"follow","max-snippet":"max-snippet:-1","max-image-preview":"max-image-preview:large","max-video-preview":"max-video-preview:-1"},"canonical":"https:\/\/canal7slp.tv\/2025\/con-lucha-libre-el-ayuntamiento-de-slp-celebrara-el-dia-del-padre\/","og_locale":"es_ES","og_type":"article","og_title":"Con Lucha Libre el Ayuntamiento de SLP celebrar\u00e1 el D\u00eda del Padre - Canal 7 SLP - 2025","og_description":"SLP.- Como parte de las actividades para celebrar el D\u00eda del Padre, la direcci\u00f3n de Deporte Municipal del Ayuntamiento de San Luis Potos\u00ed present\u00f3 la funci\u00f3n de Lucha Libre a realizar este viernes 13 de junio. El director de Deporte Municipal de la capital, Luis Fernando Alonso Molina, habl\u00f3 al respecto. \u201cViernes 13 de junio en la Plaza de Toros a partir de la cinco de la tarde se abren las puertas y la funci\u00f3n estar\u00e1 empezando a las siete de la tarde, vienen grandes luchadores de nivel nacional como Dr. Wagner, DMT el Hurac\u00e1n Ram\u00edrez, Fuerza Guerrera, ellos estar\u00e1n [&hellip;]","og_url":"https:\/\/canal7slp.tv\/2025\/con-lucha-libre-el-ayuntamiento-de-slp-celebrara-el-dia-del-padre\/","og_site_name":"Canal 7 SLP - 2025","article_publisher":"https:\/\/www.facebook.com\/noticieroscanal7atencionciudadana\/","article_published_time":"2025-06-12T23:54:51+00:00","og_image":[{"width":1280,"height":720,"url":"https:\/\/canal7slp.tv\/2025\/wp-content\/uploads\/2025\/06\/Poky04LuchaLibre.jpg","type":"image\/jpeg"}],"author":"Edici\u00f3n Web","twitter_card":"summary_large_image","twitter_creator":"@NOTICIEROS7","twitter_site":"@NOTICIEROS7","twitter_misc":{"Escrito por":"Edici\u00f3n Web","Tiempo de lectura":"2 minutos"},"schema":{"@context":"https:\/\/schema.org","@graph":[{"@type":"Article","@id":"https:\/\/canal7slp.tv\/2025\/con-lucha-libre-el-ayuntamiento-de-slp-celebrara-el-dia-del-padre\/#article","isPartOf":{"@id":"https:\/\/canal7slp.tv\/2025\/con-lucha-libre-el-ayuntamiento-de-slp-celebrara-el-dia-del-padre\/"},"author":{"name":"Edici\u00f3n Web","@id":"https:\/\/canal7slp.tv\/2025\/#\/schema\/person\/271e2b60a96e7cc9d9ac296f4d7e414b"},"headline":"Con Lucha Libre el Ayuntamiento de SLP celebrar\u00e1 el D\u00eda del Padre","datePublished":"2025-06-12T23:54:51+00:00","mainEntityOfPage":{"@id":"https:\/\/canal7slp.tv\/2025\/con-lucha-libre-el-ayuntamiento-de-slp-celebrara-el-dia-del-padre\/"},"wordCount":376,"publisher":{"@id":"https:\/\/canal7slp.tv\/2025\/#organization"},"image":{"@id":"https:\/\/canal7slp.tv\/2025\/con-lucha-libre-el-ayuntamiento-de-slp-celebrara-el-dia-del-padre\/#primaryimage"},"thumbnailUrl":"https:\/\/canal7slp.tv\/2025\/wp-content\/uploads\/2025\/06\/Poky04LuchaLibre.jpg","articleSection":["AYOSLP","DESTACADAS","LOCALES Y REGIONALES"],"inLanguage":"es"},{"@type":"WebPage","@id":"https:\/\/canal7slp.tv\/2025\/con-lucha-libre-el-ayuntamiento-de-slp-celebrara-el-dia-del-padre\/","url":"https:\/\/canal7slp.tv\/2025\/con-lucha-libre-el-ayuntamiento-de-slp-celebrara-el-dia-del-padre\/","name":"Con Lucha Libre el Ayuntamiento de SLP celebrar\u00e1 el D\u00eda del Padre - Canal 7 SLP - 2025","isPartOf":{"@id":"https:\/\/canal7slp.tv\/2025\/#website"},"primaryImageOfPage":{"@id":"https:\/\/canal7slp.tv\/2025\/con-lucha-libre-el-ayuntamiento-de-slp-celebrara-el-dia-del-padre\/#primaryimage"},"image":{"@id":"https:\/\/canal7slp.tv\/2025\/con-lucha-libre-el-ayuntamiento-de-slp-celebrara-el-dia-del-padre\/#primaryimage"},"thumbnailUrl":"https:\/\/canal7slp.tv\/2025\/wp-content\/uploads\/2025\/06\/Poky04LuchaLibre.jpg","datePublished":"2025-06-12T23:54:51+00:00","breadcrumb":{"@id":"https:\/\/canal7slp.tv\/2025\/con-lucha-libre-el-ayuntamiento-de-slp-celebrara-el-dia-del-padre\/#breadcrumb"},"inLanguage":"es","potentialAction":[{"@type":"ReadAction","target":["https:\/\/canal7slp.tv\/2025\/con-lucha-libre-el-ayuntamiento-de-slp-celebrara-el-dia-del-padre\/"]}]},{"@type":"ImageObject","inLanguage":"es","@id":"https:\/\/canal7slp.tv\/2025\/con-lucha-libre-el-ayuntamiento-de-slp-celebrara-el-dia-del-padre\/#primaryimage","url":"https:\/\/canal7slp.tv\/2025\/wp-content\/uploads\/2025\/06\/Poky04LuchaLibre.jpg","contentUrl":"https:\/\/canal7slp.tv\/2025\/wp-content\/uploads\/2025\/06\/Poky04LuchaLibre.jpg","width":1280,"height":720},{"@type":"BreadcrumbList","@id":"https:\/\/canal7slp.tv\/2025\/con-lucha-libre-el-ayuntamiento-de-slp-celebrara-el-dia-del-padre\/#breadcrumb","itemListElement":[{"@type":"ListItem","position":1,"name":"Portada","item":"https:\/\/canal7slp.tv\/2025\/"},{"@type":"ListItem","position":2,"name":"Con Lucha Libre el Ayuntamiento de SLP celebrar\u00e1 el D\u00eda del Padre"}]},{"@type":"WebSite","@id":"https:\/\/canal7slp.tv\/2025\/#website","url":"https:\/\/canal7slp.tv\/2025\/","name":"N7 - Noticieros Canal 7","description":"Somos el Medio","publisher":{"@id":"https:\/\/canal7slp.tv\/2025\/#organization"},"potentialAction":[{"@type":"SearchAction","target":{"@type":"EntryPoint","urlTemplate":"https:\/\/canal7slp.tv\/2025\/?s={search_term_string}"},"query-input":{"@type":"PropertyValueSpecification","valueRequired":true,"valueName":"search_term_string"}}],"inLanguage":"es"},{"@type":"Organization","@id":"https:\/\/canal7slp.tv\/2025\/#organization","name":"Noticieros Canal 7","url":"https:\/\/canal7slp.tv\/2025\/","logo":{"@type":"ImageObject","inLanguage":"es","@id":"https:\/\/canal7slp.tv\/2025\/#\/schema\/logo\/image\/","url":"https:\/\/canal7slp.tv\/2025\/wp-content\/uploads\/2021\/01\/logo-noticieros@2x.png","contentUrl":"https:\/\/canal7slp.tv\/2025\/wp-content\/uploads\/2021\/01\/logo-noticieros@2x.png","width":1017,"height":268,"caption":"Noticieros Canal 7"},"image":{"@id":"https:\/\/canal7slp.tv\/2025\/#\/schema\/logo\/image\/"},"sameAs":["https:\/\/www.facebook.com\/noticieroscanal7atencionciudadana\/","https:\/\/x.com\/NOTICIEROS7","https:\/\/www.instagram.com\/canal7_slp","https:\/\/www.youtube.com\/channel\/UCliiYs-gP3JfJeqdPrNdd5A"]},{"@type":"Person","@id":"https:\/\/canal7slp.tv\/2025\/#\/schema\/person\/271e2b60a96e7cc9d9ac296f4d7e414b","name":"Edici\u00f3n Web","image":{"@type":"ImageObject","inLanguage":"es","@id":"https:\/\/secure.gravatar.com\/avatar\/eee448fc3f7164808013b816ba91ac7e43bbe82a70bebac296f8bc6f0addaa1a?s=96&d=mm&r=g","url":"https:\/\/secure.gravatar.com\/avatar\/eee448fc3f7164808013b816ba91ac7e43bbe82a70bebac296f8bc6f0addaa1a?s=96&d=mm&r=g","contentUrl":"https:\/\/secure.gravatar.com\/avatar\/eee448fc3f7164808013b816ba91ac7e43bbe82a70bebac296f8bc6f0addaa1a?s=96&d=mm&r=g","caption":"Edici\u00f3n Web"},"url":"https:\/\/canal7slp.tv\/2025\/author\/edicionweb\/"}]}},"_links":{"self":[{"href":"https:\/\/canal7slp.tv\/2025\/wp-json\/wp\/v2\/posts\/170326","targetHints":{"allow":["GET"]}}],"collection":[{"href":"https:\/\/canal7slp.tv\/2025\/wp-json\/wp\/v2\/posts"}],"about":[{"href":"https:\/\/canal7slp.tv\/2025\/wp-json\/wp\/v2\/types\/post"}],"author":[{"embeddable":true,"href":"https:\/\/canal7slp.tv\/2025\/wp-json\/wp\/v2\/users\/2"}],"replies":[{"embeddable":true,"href":"https:\/\/canal7slp.tv\/2025\/wp-json\/wp\/v2\/comments?post=170326"}],"version-history":[{"count":2,"href":"https:\/\/canal7slp.tv\/2025\/wp-json\/wp\/v2\/posts\/170326\/revisions"}],"predecessor-version":[{"id":170337,"href":"https:\/\/canal7slp.tv\/2025\/wp-json\/wp\/v2\/posts\/170326\/revisions\/170337"}],"wp:featuredmedia":[{"embeddable":true,"href":"https:\/\/canal7slp.tv\/2025\/wp-json\/wp\/v2\/media\/170336"}],"wp:attachment":[{"href":"https:\/\/canal7slp.tv\/2025\/wp-json\/wp\/v2\/media?parent=170326"}],"wp:term":[{"taxonomy":"category","embeddable":true,"href":"https:\/\/canal7slp.tv\/2025\/wp-json\/wp\/v2\/categories?post=170326"},{"taxonomy":"post_tag","embeddable":true,"href":"https:\/\/canal7slp.tv\/2025\/wp-json\/wp\/v2\/tags?post=170326"}],"curies":[{"name":"wp","href":"https:\/\/api.w.org\/{rel}","templated":true}]}}