{"id":169906,"date":"2025-06-09T15:38:53","date_gmt":"2025-06-09T21:38:53","guid":{"rendered":"https:\/\/canal7slp.tv\/2025\/?p=169906"},"modified":"2025-06-09T15:38:53","modified_gmt":"2025-06-09T21:38:53","slug":"federacion-publicara-decreto-para-congelar-edad-de-jubilacion-docente","status":"publish","type":"post","link":"https:\/\/canal7slp.tv\/2025\/federacion-publicara-decreto-para-congelar-edad-de-jubilacion-docente\/","title":{"rendered":"Federaci\u00f3n publicar\u00e1 decreto para congelar edad de jubilaci\u00f3n docente"},"content":{"rendered":"<p style=\"text-align: justify;\">M\u00e9xico.- Tras la decisi\u00f3n de la Coordinadora Nacional de Trabajadores de la Educaci\u00f3n (CNTE) de levantar su plant\u00f3n del Z\u00f3calo capitalino y suspender el paro nacional, la presidenta Claudia Sheinbaum anunci\u00f3 la continuidad de las mesas tripartitas entre docentes, autoridades estatales y la Secretar\u00eda de Educaci\u00f3n P\u00fablica (SEP).<\/p>\n<p style=\"text-align: justify;\">En conferencia, Sheinbaum inform\u00f3 que esta semana se publicar\u00e1 un decreto que congela la edad de jubilaci\u00f3n de los maestros, como parte de los acuerdos alcanzados con el magisterio disidente. Detall\u00f3 que esta medida est\u00e1 relacionada con el presupuesto federal y el sistema de cuentas individuales administradas por las Afores, introducido tras la reforma de 2007, que elimin\u00f3 el fondo integral de pensiones.<\/p>\n<p style=\"text-align: justify;\">La mandataria destac\u00f3 la creaci\u00f3n del Fondo de Pensiones para el Bienestar, el cual busca proporcionar una compensaci\u00f3n solidaria para asegurar una jubilaci\u00f3n digna a los trabajadores.<\/p>\n<p style=\"text-align: justify;\">Adem\u00e1s, anunci\u00f3 que se establecer\u00e1n mesas estatales, comenzando por Oaxaca, con el objetivo de atender las necesidades educativas locales, entre ellas, el incremento de plazas docentes donde sea necesario. Tambi\u00e9n se revisar\u00e1n temas como las basificaciones.<\/p>\n<p style=\"text-align: justify;\">Sheinbaum reiter\u00f3 su compromiso con el derecho a la educaci\u00f3n y asegur\u00f3 que el decreto sobre la edad de jubilaci\u00f3n se publicar\u00e1 en el transcurso de la semana.<\/p>\n","protected":false},"excerpt":{"rendered":"<p>M\u00e9xico.- Tras la decisi\u00f3n de la Coordinadora Nacional de Trabajadores de la Educaci\u00f3n (CNTE) de levantar su plant\u00f3n del Z\u00f3calo capitalino y suspender el paro nacional, la presidenta Claudia Sheinbaum anunci\u00f3 la continuidad de las mesas tripartitas entre docentes, autoridades estatales y la Secretar\u00eda de Educaci\u00f3n P\u00fablica (SEP). En conferencia, Sheinbaum inform\u00f3 que esta semana se publicar\u00e1 un decreto que congela la edad de jubilaci\u00f3n de los maestros, como parte de los acuerdos alcanzados con el magisterio disidente. Detall\u00f3 que esta medida est\u00e1 relacionada con el presupuesto federal y el sistema de cuentas individuales administradas por las Afores, introducido tras [&hellip;]<\/p>\n","protected":false},"author":2,"featured_media":169907,"comment_status":"closed","ping_status":"closed","sticky":false,"template":"","format":"standard","meta":{"_monsterinsights_skip_tracking":false,"_monsterinsights_sitenote_active":false,"_monsterinsights_sitenote_note":"","_monsterinsights_sitenote_category":0,"footnotes":""},"categories":[46],"tags":[],"class_list":["post-169906","post","type-post","status-publish","format-standard","has-post-thumbnail","hentry","category-nacional","post--single"],"yoast_head":"<!-- This site is optimized with the Yoast SEO plugin v27.4 - https:\/\/yoast.com\/product\/yoast-seo-wordpress\/ -->\n<title>Federaci\u00f3n publicar\u00e1 decreto para congelar edad de jubilaci\u00f3n docente - Canal 7 SLP - 2025<\/title>\n<meta name=\"robots\" content=\"index, follow, max-snippet:-1, max-image-preview:large, max-video-preview:-1\" \/>\n<link rel=\"canonical\" href=\"https:\/\/canal7slp.tv\/2025\/federacion-publicara-decreto-para-congelar-edad-de-jubilacion-docente\/\" \/>\n<meta property=\"og:locale\" content=\"es_ES\" \/>\n<meta property=\"og:type\" content=\"article\" \/>\n<meta property=\"og:title\" content=\"Federaci\u00f3n publicar\u00e1 decreto para congelar edad de jubilaci\u00f3n docente - Canal 7 SLP - 2025\" \/>\n<meta property=\"og:description\" content=\"M\u00e9xico.- Tras la decisi\u00f3n de la Coordinadora Nacional de Trabajadores de la Educaci\u00f3n (CNTE) de levantar su plant\u00f3n del Z\u00f3calo capitalino y suspender el paro nacional, la presidenta Claudia Sheinbaum anunci\u00f3 la continuidad de las mesas tripartitas entre docentes, autoridades estatales y la Secretar\u00eda de Educaci\u00f3n P\u00fablica (SEP). En conferencia, Sheinbaum inform\u00f3 que esta semana se publicar\u00e1 un decreto que congela la edad de jubilaci\u00f3n de los maestros, como parte de los acuerdos alcanzados con el magisterio disidente. Detall\u00f3 que esta medida est\u00e1 relacionada con el presupuesto federal y el sistema de cuentas individuales administradas por las Afores, introducido tras [&hellip;]\" \/>\n<meta property=\"og:url\" content=\"https:\/\/canal7slp.tv\/2025\/federacion-publicara-decreto-para-congelar-edad-de-jubilacion-docente\/\" \/>\n<meta property=\"og:site_name\" content=\"Canal 7 SLP - 2025\" \/>\n<meta property=\"article:publisher\" content=\"https:\/\/www.facebook.com\/noticieroscanal7atencionciudadana\/\" \/>\n<meta property=\"article:published_time\" content=\"2025-06-09T21:38:53+00:00\" \/>\n<meta property=\"og:image\" content=\"https:\/\/canal7slp.tv\/2025\/wp-content\/uploads\/2025\/06\/10-8.jpg\" \/>\n\t<meta property=\"og:image:width\" content=\"750\" \/>\n\t<meta property=\"og:image:height\" content=\"500\" \/>\n\t<meta property=\"og:image:type\" content=\"image\/jpeg\" \/>\n<meta name=\"author\" content=\"Edici\u00f3n Web\" \/>\n<meta name=\"twitter:card\" content=\"summary_large_image\" \/>\n<meta name=\"twitter:creator\" content=\"@NOTICIEROS7\" \/>\n<meta name=\"twitter:site\" content=\"@NOTICIEROS7\" \/>\n<meta name=\"twitter:label1\" content=\"Escrito por\" \/>\n\t<meta name=\"twitter:data1\" content=\"Edici\u00f3n Web\" \/>\n\t<meta name=\"twitter:label2\" content=\"Tiempo de lectura\" \/>\n\t<meta name=\"twitter:data2\" content=\"2 minutos\" \/>\n<script type=\"application\/ld+json\" class=\"yoast-schema-graph\">{\"@context\":\"https:\\\/\\\/schema.org\",\"@graph\":[{\"@type\":\"Article\",\"@id\":\"https:\\\/\\\/canal7slp.tv\\\/2025\\\/federacion-publicara-decreto-para-congelar-edad-de-jubilacion-docente\\\/#article\",\"isPartOf\":{\"@id\":\"https:\\\/\\\/canal7slp.tv\\\/2025\\\/federacion-publicara-decreto-para-congelar-edad-de-jubilacion-docente\\\/\"},\"author\":{\"name\":\"Edici\u00f3n Web\",\"@id\":\"https:\\\/\\\/canal7slp.tv\\\/2025\\\/#\\\/schema\\\/person\\\/271e2b60a96e7cc9d9ac296f4d7e414b\"},\"headline\":\"Federaci\u00f3n publicar\u00e1 decreto para congelar edad de jubilaci\u00f3n docente\",\"datePublished\":\"2025-06-09T21:38:53+00:00\",\"mainEntityOfPage\":{\"@id\":\"https:\\\/\\\/canal7slp.tv\\\/2025\\\/federacion-publicara-decreto-para-congelar-edad-de-jubilacion-docente\\\/\"},\"wordCount\":231,\"publisher\":{\"@id\":\"https:\\\/\\\/canal7slp.tv\\\/2025\\\/#organization\"},\"image\":{\"@id\":\"https:\\\/\\\/canal7slp.tv\\\/2025\\\/federacion-publicara-decreto-para-congelar-edad-de-jubilacion-docente\\\/#primaryimage\"},\"thumbnailUrl\":\"https:\\\/\\\/canal7slp.tv\\\/2025\\\/wp-content\\\/uploads\\\/2025\\\/06\\\/10-8.jpg\",\"articleSection\":[\"NACIONALES\"],\"inLanguage\":\"es\"},{\"@type\":\"WebPage\",\"@id\":\"https:\\\/\\\/canal7slp.tv\\\/2025\\\/federacion-publicara-decreto-para-congelar-edad-de-jubilacion-docente\\\/\",\"url\":\"https:\\\/\\\/canal7slp.tv\\\/2025\\\/federacion-publicara-decreto-para-congelar-edad-de-jubilacion-docente\\\/\",\"name\":\"Federaci\u00f3n publicar\u00e1 decreto para congelar edad de jubilaci\u00f3n docente - Canal 7 SLP - 2025\",\"isPartOf\":{\"@id\":\"https:\\\/\\\/canal7slp.tv\\\/2025\\\/#website\"},\"primaryImageOfPage\":{\"@id\":\"https:\\\/\\\/canal7slp.tv\\\/2025\\\/federacion-publicara-decreto-para-congelar-edad-de-jubilacion-docente\\\/#primaryimage\"},\"image\":{\"@id\":\"https:\\\/\\\/canal7slp.tv\\\/2025\\\/federacion-publicara-decreto-para-congelar-edad-de-jubilacion-docente\\\/#primaryimage\"},\"thumbnailUrl\":\"https:\\\/\\\/canal7slp.tv\\\/2025\\\/wp-content\\\/uploads\\\/2025\\\/06\\\/10-8.jpg\",\"datePublished\":\"2025-06-09T21:38:53+00:00\",\"breadcrumb\":{\"@id\":\"https:\\\/\\\/canal7slp.tv\\\/2025\\\/federacion-publicara-decreto-para-congelar-edad-de-jubilacion-docente\\\/#breadcrumb\"},\"inLanguage\":\"es\",\"potentialAction\":[{\"@type\":\"ReadAction\",\"target\":[\"https:\\\/\\\/canal7slp.tv\\\/2025\\\/federacion-publicara-decreto-para-congelar-edad-de-jubilacion-docente\\\/\"]}]},{\"@type\":\"ImageObject\",\"inLanguage\":\"es\",\"@id\":\"https:\\\/\\\/canal7slp.tv\\\/2025\\\/federacion-publicara-decreto-para-congelar-edad-de-jubilacion-docente\\\/#primaryimage\",\"url\":\"https:\\\/\\\/canal7slp.tv\\\/2025\\\/wp-content\\\/uploads\\\/2025\\\/06\\\/10-8.jpg\",\"contentUrl\":\"https:\\\/\\\/canal7slp.tv\\\/2025\\\/wp-content\\\/uploads\\\/2025\\\/06\\\/10-8.jpg\",\"width\":750,\"height\":500},{\"@type\":\"BreadcrumbList\",\"@id\":\"https:\\\/\\\/canal7slp.tv\\\/2025\\\/federacion-publicara-decreto-para-congelar-edad-de-jubilacion-docente\\\/#breadcrumb\",\"itemListElement\":[{\"@type\":\"ListItem\",\"position\":1,\"name\":\"Portada\",\"item\":\"https:\\\/\\\/canal7slp.tv\\\/2025\\\/\"},{\"@type\":\"ListItem\",\"position\":2,\"name\":\"Federaci\u00f3n publicar\u00e1 decreto para congelar edad de jubilaci\u00f3n docente\"}]},{\"@type\":\"WebSite\",\"@id\":\"https:\\\/\\\/canal7slp.tv\\\/2025\\\/#website\",\"url\":\"https:\\\/\\\/canal7slp.tv\\\/2025\\\/\",\"name\":\"N7 - Noticieros Canal 7\",\"description\":\"Somos el Medio\",\"publisher\":{\"@id\":\"https:\\\/\\\/canal7slp.tv\\\/2025\\\/#organization\"},\"potentialAction\":[{\"@type\":\"SearchAction\",\"target\":{\"@type\":\"EntryPoint\",\"urlTemplate\":\"https:\\\/\\\/canal7slp.tv\\\/2025\\\/?s={search_term_string}\"},\"query-input\":{\"@type\":\"PropertyValueSpecification\",\"valueRequired\":true,\"valueName\":\"search_term_string\"}}],\"inLanguage\":\"es\"},{\"@type\":\"Organization\",\"@id\":\"https:\\\/\\\/canal7slp.tv\\\/2025\\\/#organization\",\"name\":\"Noticieros Canal 7\",\"url\":\"https:\\\/\\\/canal7slp.tv\\\/2025\\\/\",\"logo\":{\"@type\":\"ImageObject\",\"inLanguage\":\"es\",\"@id\":\"https:\\\/\\\/canal7slp.tv\\\/2025\\\/#\\\/schema\\\/logo\\\/image\\\/\",\"url\":\"https:\\\/\\\/canal7slp.tv\\\/2025\\\/wp-content\\\/uploads\\\/2021\\\/01\\\/logo-noticieros@2x.png\",\"contentUrl\":\"https:\\\/\\\/canal7slp.tv\\\/2025\\\/wp-content\\\/uploads\\\/2021\\\/01\\\/logo-noticieros@2x.png\",\"width\":1017,\"height\":268,\"caption\":\"Noticieros Canal 7\"},\"image\":{\"@id\":\"https:\\\/\\\/canal7slp.tv\\\/2025\\\/#\\\/schema\\\/logo\\\/image\\\/\"},\"sameAs\":[\"https:\\\/\\\/www.facebook.com\\\/noticieroscanal7atencionciudadana\\\/\",\"https:\\\/\\\/x.com\\\/NOTICIEROS7\",\"https:\\\/\\\/www.instagram.com\\\/canal7_slp\",\"https:\\\/\\\/www.youtube.com\\\/channel\\\/UCliiYs-gP3JfJeqdPrNdd5A\"]},{\"@type\":\"Person\",\"@id\":\"https:\\\/\\\/canal7slp.tv\\\/2025\\\/#\\\/schema\\\/person\\\/271e2b60a96e7cc9d9ac296f4d7e414b\",\"name\":\"Edici\u00f3n Web\",\"image\":{\"@type\":\"ImageObject\",\"inLanguage\":\"es\",\"@id\":\"https:\\\/\\\/secure.gravatar.com\\\/avatar\\\/eee448fc3f7164808013b816ba91ac7e43bbe82a70bebac296f8bc6f0addaa1a?s=96&d=mm&r=g\",\"url\":\"https:\\\/\\\/secure.gravatar.com\\\/avatar\\\/eee448fc3f7164808013b816ba91ac7e43bbe82a70bebac296f8bc6f0addaa1a?s=96&d=mm&r=g\",\"contentUrl\":\"https:\\\/\\\/secure.gravatar.com\\\/avatar\\\/eee448fc3f7164808013b816ba91ac7e43bbe82a70bebac296f8bc6f0addaa1a?s=96&d=mm&r=g\",\"caption\":\"Edici\u00f3n Web\"},\"url\":\"https:\\\/\\\/canal7slp.tv\\\/2025\\\/author\\\/edicionweb\\\/\"}]}<\/script>\n<!-- \/ Yoast SEO plugin. -->","yoast_head_json":{"title":"Federaci\u00f3n publicar\u00e1 decreto para congelar edad de jubilaci\u00f3n docente - Canal 7 SLP - 2025","robots":{"index":"index","follow":"follow","max-snippet":"max-snippet:-1","max-image-preview":"max-image-preview:large","max-video-preview":"max-video-preview:-1"},"canonical":"https:\/\/canal7slp.tv\/2025\/federacion-publicara-decreto-para-congelar-edad-de-jubilacion-docente\/","og_locale":"es_ES","og_type":"article","og_title":"Federaci\u00f3n publicar\u00e1 decreto para congelar edad de jubilaci\u00f3n docente - Canal 7 SLP - 2025","og_description":"M\u00e9xico.- Tras la decisi\u00f3n de la Coordinadora Nacional de Trabajadores de la Educaci\u00f3n (CNTE) de levantar su plant\u00f3n del Z\u00f3calo capitalino y suspender el paro nacional, la presidenta Claudia Sheinbaum anunci\u00f3 la continuidad de las mesas tripartitas entre docentes, autoridades estatales y la Secretar\u00eda de Educaci\u00f3n P\u00fablica (SEP). En conferencia, Sheinbaum inform\u00f3 que esta semana se publicar\u00e1 un decreto que congela la edad de jubilaci\u00f3n de los maestros, como parte de los acuerdos alcanzados con el magisterio disidente. Detall\u00f3 que esta medida est\u00e1 relacionada con el presupuesto federal y el sistema de cuentas individuales administradas por las Afores, introducido tras [&hellip;]","og_url":"https:\/\/canal7slp.tv\/2025\/federacion-publicara-decreto-para-congelar-edad-de-jubilacion-docente\/","og_site_name":"Canal 7 SLP - 2025","article_publisher":"https:\/\/www.facebook.com\/noticieroscanal7atencionciudadana\/","article_published_time":"2025-06-09T21:38:53+00:00","og_image":[{"width":750,"height":500,"url":"https:\/\/canal7slp.tv\/2025\/wp-content\/uploads\/2025\/06\/10-8.jpg","type":"image\/jpeg"}],"author":"Edici\u00f3n Web","twitter_card":"summary_large_image","twitter_creator":"@NOTICIEROS7","twitter_site":"@NOTICIEROS7","twitter_misc":{"Escrito por":"Edici\u00f3n Web","Tiempo de lectura":"2 minutos"},"schema":{"@context":"https:\/\/schema.org","@graph":[{"@type":"Article","@id":"https:\/\/canal7slp.tv\/2025\/federacion-publicara-decreto-para-congelar-edad-de-jubilacion-docente\/#article","isPartOf":{"@id":"https:\/\/canal7slp.tv\/2025\/federacion-publicara-decreto-para-congelar-edad-de-jubilacion-docente\/"},"author":{"name":"Edici\u00f3n Web","@id":"https:\/\/canal7slp.tv\/2025\/#\/schema\/person\/271e2b60a96e7cc9d9ac296f4d7e414b"},"headline":"Federaci\u00f3n publicar\u00e1 decreto para congelar edad de jubilaci\u00f3n docente","datePublished":"2025-06-09T21:38:53+00:00","mainEntityOfPage":{"@id":"https:\/\/canal7slp.tv\/2025\/federacion-publicara-decreto-para-congelar-edad-de-jubilacion-docente\/"},"wordCount":231,"publisher":{"@id":"https:\/\/canal7slp.tv\/2025\/#organization"},"image":{"@id":"https:\/\/canal7slp.tv\/2025\/federacion-publicara-decreto-para-congelar-edad-de-jubilacion-docente\/#primaryimage"},"thumbnailUrl":"https:\/\/canal7slp.tv\/2025\/wp-content\/uploads\/2025\/06\/10-8.jpg","articleSection":["NACIONALES"],"inLanguage":"es"},{"@type":"WebPage","@id":"https:\/\/canal7slp.tv\/2025\/federacion-publicara-decreto-para-congelar-edad-de-jubilacion-docente\/","url":"https:\/\/canal7slp.tv\/2025\/federacion-publicara-decreto-para-congelar-edad-de-jubilacion-docente\/","name":"Federaci\u00f3n publicar\u00e1 decreto para congelar edad de jubilaci\u00f3n docente - Canal 7 SLP - 2025","isPartOf":{"@id":"https:\/\/canal7slp.tv\/2025\/#website"},"primaryImageOfPage":{"@id":"https:\/\/canal7slp.tv\/2025\/federacion-publicara-decreto-para-congelar-edad-de-jubilacion-docente\/#primaryimage"},"image":{"@id":"https:\/\/canal7slp.tv\/2025\/federacion-publicara-decreto-para-congelar-edad-de-jubilacion-docente\/#primaryimage"},"thumbnailUrl":"https:\/\/canal7slp.tv\/2025\/wp-content\/uploads\/2025\/06\/10-8.jpg","datePublished":"2025-06-09T21:38:53+00:00","breadcrumb":{"@id":"https:\/\/canal7slp.tv\/2025\/federacion-publicara-decreto-para-congelar-edad-de-jubilacion-docente\/#breadcrumb"},"inLanguage":"es","potentialAction":[{"@type":"ReadAction","target":["https:\/\/canal7slp.tv\/2025\/federacion-publicara-decreto-para-congelar-edad-de-jubilacion-docente\/"]}]},{"@type":"ImageObject","inLanguage":"es","@id":"https:\/\/canal7slp.tv\/2025\/federacion-publicara-decreto-para-congelar-edad-de-jubilacion-docente\/#primaryimage","url":"https:\/\/canal7slp.tv\/2025\/wp-content\/uploads\/2025\/06\/10-8.jpg","contentUrl":"https:\/\/canal7slp.tv\/2025\/wp-content\/uploads\/2025\/06\/10-8.jpg","width":750,"height":500},{"@type":"BreadcrumbList","@id":"https:\/\/canal7slp.tv\/2025\/federacion-publicara-decreto-para-congelar-edad-de-jubilacion-docente\/#breadcrumb","itemListElement":[{"@type":"ListItem","position":1,"name":"Portada","item":"https:\/\/canal7slp.tv\/2025\/"},{"@type":"ListItem","position":2,"name":"Federaci\u00f3n publicar\u00e1 decreto para congelar edad de jubilaci\u00f3n docente"}]},{"@type":"WebSite","@id":"https:\/\/canal7slp.tv\/2025\/#website","url":"https:\/\/canal7slp.tv\/2025\/","name":"N7 - Noticieros Canal 7","description":"Somos el Medio","publisher":{"@id":"https:\/\/canal7slp.tv\/2025\/#organization"},"potentialAction":[{"@type":"SearchAction","target":{"@type":"EntryPoint","urlTemplate":"https:\/\/canal7slp.tv\/2025\/?s={search_term_string}"},"query-input":{"@type":"PropertyValueSpecification","valueRequired":true,"valueName":"search_term_string"}}],"inLanguage":"es"},{"@type":"Organization","@id":"https:\/\/canal7slp.tv\/2025\/#organization","name":"Noticieros Canal 7","url":"https:\/\/canal7slp.tv\/2025\/","logo":{"@type":"ImageObject","inLanguage":"es","@id":"https:\/\/canal7slp.tv\/2025\/#\/schema\/logo\/image\/","url":"https:\/\/canal7slp.tv\/2025\/wp-content\/uploads\/2021\/01\/logo-noticieros@2x.png","contentUrl":"https:\/\/canal7slp.tv\/2025\/wp-content\/uploads\/2021\/01\/logo-noticieros@2x.png","width":1017,"height":268,"caption":"Noticieros Canal 7"},"image":{"@id":"https:\/\/canal7slp.tv\/2025\/#\/schema\/logo\/image\/"},"sameAs":["https:\/\/www.facebook.com\/noticieroscanal7atencionciudadana\/","https:\/\/x.com\/NOTICIEROS7","https:\/\/www.instagram.com\/canal7_slp","https:\/\/www.youtube.com\/channel\/UCliiYs-gP3JfJeqdPrNdd5A"]},{"@type":"Person","@id":"https:\/\/canal7slp.tv\/2025\/#\/schema\/person\/271e2b60a96e7cc9d9ac296f4d7e414b","name":"Edici\u00f3n Web","image":{"@type":"ImageObject","inLanguage":"es","@id":"https:\/\/secure.gravatar.com\/avatar\/eee448fc3f7164808013b816ba91ac7e43bbe82a70bebac296f8bc6f0addaa1a?s=96&d=mm&r=g","url":"https:\/\/secure.gravatar.com\/avatar\/eee448fc3f7164808013b816ba91ac7e43bbe82a70bebac296f8bc6f0addaa1a?s=96&d=mm&r=g","contentUrl":"https:\/\/secure.gravatar.com\/avatar\/eee448fc3f7164808013b816ba91ac7e43bbe82a70bebac296f8bc6f0addaa1a?s=96&d=mm&r=g","caption":"Edici\u00f3n Web"},"url":"https:\/\/canal7slp.tv\/2025\/author\/edicionweb\/"}]}},"_links":{"self":[{"href":"https:\/\/canal7slp.tv\/2025\/wp-json\/wp\/v2\/posts\/169906","targetHints":{"allow":["GET"]}}],"collection":[{"href":"https:\/\/canal7slp.tv\/2025\/wp-json\/wp\/v2\/posts"}],"about":[{"href":"https:\/\/canal7slp.tv\/2025\/wp-json\/wp\/v2\/types\/post"}],"author":[{"embeddable":true,"href":"https:\/\/canal7slp.tv\/2025\/wp-json\/wp\/v2\/users\/2"}],"replies":[{"embeddable":true,"href":"https:\/\/canal7slp.tv\/2025\/wp-json\/wp\/v2\/comments?post=169906"}],"version-history":[{"count":1,"href":"https:\/\/canal7slp.tv\/2025\/wp-json\/wp\/v2\/posts\/169906\/revisions"}],"predecessor-version":[{"id":169908,"href":"https:\/\/canal7slp.tv\/2025\/wp-json\/wp\/v2\/posts\/169906\/revisions\/169908"}],"wp:featuredmedia":[{"embeddable":true,"href":"https:\/\/canal7slp.tv\/2025\/wp-json\/wp\/v2\/media\/169907"}],"wp:attachment":[{"href":"https:\/\/canal7slp.tv\/2025\/wp-json\/wp\/v2\/media?parent=169906"}],"wp:term":[{"taxonomy":"category","embeddable":true,"href":"https:\/\/canal7slp.tv\/2025\/wp-json\/wp\/v2\/categories?post=169906"},{"taxonomy":"post_tag","embeddable":true,"href":"https:\/\/canal7slp.tv\/2025\/wp-json\/wp\/v2\/tags?post=169906"}],"curies":[{"name":"wp","href":"https:\/\/api.w.org\/{rel}","templated":true}]}}