{"id":169902,"date":"2025-06-09T15:30:03","date_gmt":"2025-06-09T21:30:03","guid":{"rendered":"https:\/\/canal7slp.tv\/2025\/?p=169902"},"modified":"2025-06-09T15:30:03","modified_gmt":"2025-06-09T21:30:03","slug":"fgr-descarta-investigar-a-felipe-calderon-por-caso-garcia-luna","status":"publish","type":"post","link":"https:\/\/canal7slp.tv\/2025\/fgr-descarta-investigar-a-felipe-calderon-por-caso-garcia-luna\/","title":{"rendered":"FGR descarta investigar a Felipe Calder\u00f3n por caso Garc\u00eda Luna"},"content":{"rendered":"<p style=\"text-align: justify;\">\n<p style=\"text-align: justify;\">M\u00e9xico.- La presidenta de M\u00e9xico, Claudia Sheinbaum, confirm\u00f3 que la Fiscal\u00eda General de la Rep\u00fablica (FGR) no abrir\u00e1 una investigaci\u00f3n contra el expresidente Felipe Calder\u00f3n por su posible vinculaci\u00f3n con Genaro Garc\u00eda Luna ni por presunto encubrimiento de actividades il\u00edcitas.<\/p>\n<p style=\"text-align: justify;\">Esta decisi\u00f3n ocurre tras las declaraciones del general Tom\u00e1s \u00c1ngeles Dauahare, quien fue subsecretario de la Defensa Nacional durante el sexenio de Calder\u00f3n. \u00c1ngeles revel\u00f3 que inform\u00f3 en dos ocasiones al expresidente sobre los v\u00ednculos de Garc\u00eda Luna con el narcotr\u00e1fico, la primera en mayo de 2007 durante una reuni\u00f3n en Los Pinos.<\/p>\n<p style=\"text-align: justify;\">Seg\u00fan el general, aunque no pudo documentar sus se\u00f1alamientos en ese momento, consider\u00f3 indispensable advertir al presidente para evitar decisiones que perjudicaran al pa\u00eds.<\/p>\n<p style=\"text-align: justify;\">Durante su conferencia en Palacio Nacional, Sheinbaum fue cuestionada sobre si la FGR deber\u00eda iniciar una investigaci\u00f3n por encubrimiento o negligencia. La mandataria respondi\u00f3:<\/p>\n<p style=\"text-align: justify;\">\u201c\u00c9l tiene que dar su explicaci\u00f3n. Nosotros no vamos a entrar en eso. Yo creo que el pueblo de M\u00e9xico ya ha hecho su juicio y, en todo caso, \u00e9l tiene que dar una explicaci\u00f3n.\u201d<\/p>\n<p style=\"text-align: justify;\">Pese a los se\u00f1alamientos, la FGR no ha emitido una postura oficial adicional, y el expresidente Felipe Calder\u00f3n no se encuentra, hasta el momento, bajo investigaci\u00f3n por este caso.<\/p>\n","protected":false},"excerpt":{"rendered":"<p>M\u00e9xico.- La presidenta de M\u00e9xico, Claudia Sheinbaum, confirm\u00f3 que la Fiscal\u00eda General de la Rep\u00fablica (FGR) no abrir\u00e1 una investigaci\u00f3n contra el expresidente Felipe Calder\u00f3n por su posible vinculaci\u00f3n con Genaro Garc\u00eda Luna ni por presunto encubrimiento de actividades il\u00edcitas. Esta decisi\u00f3n ocurre tras las declaraciones del general Tom\u00e1s \u00c1ngeles Dauahare, quien fue subsecretario de la Defensa Nacional durante el sexenio de Calder\u00f3n. \u00c1ngeles revel\u00f3 que inform\u00f3 en dos ocasiones al expresidente sobre los v\u00ednculos de Garc\u00eda Luna con el narcotr\u00e1fico, la primera en mayo de 2007 durante una reuni\u00f3n en Los Pinos. Seg\u00fan el general, aunque no pudo documentar [&hellip;]<\/p>\n","protected":false},"author":2,"featured_media":169903,"comment_status":"closed","ping_status":"closed","sticky":false,"template":"","format":"standard","meta":{"_monsterinsights_skip_tracking":false,"_monsterinsights_sitenote_active":false,"_monsterinsights_sitenote_note":"","_monsterinsights_sitenote_category":0,"footnotes":""},"categories":[46],"tags":[],"class_list":["post-169902","post","type-post","status-publish","format-standard","has-post-thumbnail","hentry","category-nacional","post--single"],"yoast_head":"<!-- This site is optimized with the Yoast SEO plugin v27.4 - https:\/\/yoast.com\/product\/yoast-seo-wordpress\/ -->\n<title>FGR descarta investigar a Felipe Calder\u00f3n por caso Garc\u00eda Luna - Canal 7 SLP - 2025<\/title>\n<meta name=\"robots\" content=\"index, follow, max-snippet:-1, max-image-preview:large, max-video-preview:-1\" \/>\n<link rel=\"canonical\" href=\"https:\/\/canal7slp.tv\/2025\/fgr-descarta-investigar-a-felipe-calderon-por-caso-garcia-luna\/\" \/>\n<meta property=\"og:locale\" content=\"es_ES\" \/>\n<meta property=\"og:type\" content=\"article\" \/>\n<meta property=\"og:title\" content=\"FGR descarta investigar a Felipe Calder\u00f3n por caso Garc\u00eda Luna - Canal 7 SLP - 2025\" \/>\n<meta property=\"og:description\" content=\"M\u00e9xico.- La presidenta de M\u00e9xico, Claudia Sheinbaum, confirm\u00f3 que la Fiscal\u00eda General de la Rep\u00fablica (FGR) no abrir\u00e1 una investigaci\u00f3n contra el expresidente Felipe Calder\u00f3n por su posible vinculaci\u00f3n con Genaro Garc\u00eda Luna ni por presunto encubrimiento de actividades il\u00edcitas. Esta decisi\u00f3n ocurre tras las declaraciones del general Tom\u00e1s \u00c1ngeles Dauahare, quien fue subsecretario de la Defensa Nacional durante el sexenio de Calder\u00f3n. \u00c1ngeles revel\u00f3 que inform\u00f3 en dos ocasiones al expresidente sobre los v\u00ednculos de Garc\u00eda Luna con el narcotr\u00e1fico, la primera en mayo de 2007 durante una reuni\u00f3n en Los Pinos. Seg\u00fan el general, aunque no pudo documentar [&hellip;]\" \/>\n<meta property=\"og:url\" content=\"https:\/\/canal7slp.tv\/2025\/fgr-descarta-investigar-a-felipe-calderon-por-caso-garcia-luna\/\" \/>\n<meta property=\"og:site_name\" content=\"Canal 7 SLP - 2025\" \/>\n<meta property=\"article:publisher\" content=\"https:\/\/www.facebook.com\/noticieroscanal7atencionciudadana\/\" \/>\n<meta property=\"article:published_time\" content=\"2025-06-09T21:30:03+00:00\" \/>\n<meta property=\"og:image\" content=\"https:\/\/canal7slp.tv\/2025\/wp-content\/uploads\/2025\/06\/09-8.jpg\" \/>\n\t<meta property=\"og:image:width\" content=\"749\" \/>\n\t<meta property=\"og:image:height\" content=\"500\" \/>\n\t<meta property=\"og:image:type\" content=\"image\/jpeg\" \/>\n<meta name=\"author\" content=\"Edici\u00f3n Web\" \/>\n<meta name=\"twitter:card\" content=\"summary_large_image\" \/>\n<meta name=\"twitter:creator\" content=\"@NOTICIEROS7\" \/>\n<meta name=\"twitter:site\" content=\"@NOTICIEROS7\" \/>\n<meta name=\"twitter:label1\" content=\"Escrito por\" \/>\n\t<meta name=\"twitter:data1\" content=\"Edici\u00f3n Web\" \/>\n\t<meta name=\"twitter:label2\" content=\"Tiempo de lectura\" \/>\n\t<meta name=\"twitter:data2\" content=\"2 minutos\" \/>\n<script type=\"application\/ld+json\" class=\"yoast-schema-graph\">{\"@context\":\"https:\\\/\\\/schema.org\",\"@graph\":[{\"@type\":\"Article\",\"@id\":\"https:\\\/\\\/canal7slp.tv\\\/2025\\\/fgr-descarta-investigar-a-felipe-calderon-por-caso-garcia-luna\\\/#article\",\"isPartOf\":{\"@id\":\"https:\\\/\\\/canal7slp.tv\\\/2025\\\/fgr-descarta-investigar-a-felipe-calderon-por-caso-garcia-luna\\\/\"},\"author\":{\"name\":\"Edici\u00f3n Web\",\"@id\":\"https:\\\/\\\/canal7slp.tv\\\/2025\\\/#\\\/schema\\\/person\\\/271e2b60a96e7cc9d9ac296f4d7e414b\"},\"headline\":\"FGR descarta investigar a Felipe Calder\u00f3n por caso Garc\u00eda Luna\",\"datePublished\":\"2025-06-09T21:30:03+00:00\",\"mainEntityOfPage\":{\"@id\":\"https:\\\/\\\/canal7slp.tv\\\/2025\\\/fgr-descarta-investigar-a-felipe-calderon-por-caso-garcia-luna\\\/\"},\"wordCount\":244,\"publisher\":{\"@id\":\"https:\\\/\\\/canal7slp.tv\\\/2025\\\/#organization\"},\"image\":{\"@id\":\"https:\\\/\\\/canal7slp.tv\\\/2025\\\/fgr-descarta-investigar-a-felipe-calderon-por-caso-garcia-luna\\\/#primaryimage\"},\"thumbnailUrl\":\"https:\\\/\\\/canal7slp.tv\\\/2025\\\/wp-content\\\/uploads\\\/2025\\\/06\\\/09-8.jpg\",\"articleSection\":[\"NACIONALES\"],\"inLanguage\":\"es\"},{\"@type\":\"WebPage\",\"@id\":\"https:\\\/\\\/canal7slp.tv\\\/2025\\\/fgr-descarta-investigar-a-felipe-calderon-por-caso-garcia-luna\\\/\",\"url\":\"https:\\\/\\\/canal7slp.tv\\\/2025\\\/fgr-descarta-investigar-a-felipe-calderon-por-caso-garcia-luna\\\/\",\"name\":\"FGR descarta investigar a Felipe Calder\u00f3n por caso Garc\u00eda Luna - Canal 7 SLP - 2025\",\"isPartOf\":{\"@id\":\"https:\\\/\\\/canal7slp.tv\\\/2025\\\/#website\"},\"primaryImageOfPage\":{\"@id\":\"https:\\\/\\\/canal7slp.tv\\\/2025\\\/fgr-descarta-investigar-a-felipe-calderon-por-caso-garcia-luna\\\/#primaryimage\"},\"image\":{\"@id\":\"https:\\\/\\\/canal7slp.tv\\\/2025\\\/fgr-descarta-investigar-a-felipe-calderon-por-caso-garcia-luna\\\/#primaryimage\"},\"thumbnailUrl\":\"https:\\\/\\\/canal7slp.tv\\\/2025\\\/wp-content\\\/uploads\\\/2025\\\/06\\\/09-8.jpg\",\"datePublished\":\"2025-06-09T21:30:03+00:00\",\"breadcrumb\":{\"@id\":\"https:\\\/\\\/canal7slp.tv\\\/2025\\\/fgr-descarta-investigar-a-felipe-calderon-por-caso-garcia-luna\\\/#breadcrumb\"},\"inLanguage\":\"es\",\"potentialAction\":[{\"@type\":\"ReadAction\",\"target\":[\"https:\\\/\\\/canal7slp.tv\\\/2025\\\/fgr-descarta-investigar-a-felipe-calderon-por-caso-garcia-luna\\\/\"]}]},{\"@type\":\"ImageObject\",\"inLanguage\":\"es\",\"@id\":\"https:\\\/\\\/canal7slp.tv\\\/2025\\\/fgr-descarta-investigar-a-felipe-calderon-por-caso-garcia-luna\\\/#primaryimage\",\"url\":\"https:\\\/\\\/canal7slp.tv\\\/2025\\\/wp-content\\\/uploads\\\/2025\\\/06\\\/09-8.jpg\",\"contentUrl\":\"https:\\\/\\\/canal7slp.tv\\\/2025\\\/wp-content\\\/uploads\\\/2025\\\/06\\\/09-8.jpg\",\"width\":749,\"height\":500},{\"@type\":\"BreadcrumbList\",\"@id\":\"https:\\\/\\\/canal7slp.tv\\\/2025\\\/fgr-descarta-investigar-a-felipe-calderon-por-caso-garcia-luna\\\/#breadcrumb\",\"itemListElement\":[{\"@type\":\"ListItem\",\"position\":1,\"name\":\"Portada\",\"item\":\"https:\\\/\\\/canal7slp.tv\\\/2025\\\/\"},{\"@type\":\"ListItem\",\"position\":2,\"name\":\"FGR descarta investigar a Felipe Calder\u00f3n por caso Garc\u00eda Luna\"}]},{\"@type\":\"WebSite\",\"@id\":\"https:\\\/\\\/canal7slp.tv\\\/2025\\\/#website\",\"url\":\"https:\\\/\\\/canal7slp.tv\\\/2025\\\/\",\"name\":\"N7 - Noticieros Canal 7\",\"description\":\"Somos el Medio\",\"publisher\":{\"@id\":\"https:\\\/\\\/canal7slp.tv\\\/2025\\\/#organization\"},\"potentialAction\":[{\"@type\":\"SearchAction\",\"target\":{\"@type\":\"EntryPoint\",\"urlTemplate\":\"https:\\\/\\\/canal7slp.tv\\\/2025\\\/?s={search_term_string}\"},\"query-input\":{\"@type\":\"PropertyValueSpecification\",\"valueRequired\":true,\"valueName\":\"search_term_string\"}}],\"inLanguage\":\"es\"},{\"@type\":\"Organization\",\"@id\":\"https:\\\/\\\/canal7slp.tv\\\/2025\\\/#organization\",\"name\":\"Noticieros Canal 7\",\"url\":\"https:\\\/\\\/canal7slp.tv\\\/2025\\\/\",\"logo\":{\"@type\":\"ImageObject\",\"inLanguage\":\"es\",\"@id\":\"https:\\\/\\\/canal7slp.tv\\\/2025\\\/#\\\/schema\\\/logo\\\/image\\\/\",\"url\":\"https:\\\/\\\/canal7slp.tv\\\/2025\\\/wp-content\\\/uploads\\\/2021\\\/01\\\/logo-noticieros@2x.png\",\"contentUrl\":\"https:\\\/\\\/canal7slp.tv\\\/2025\\\/wp-content\\\/uploads\\\/2021\\\/01\\\/logo-noticieros@2x.png\",\"width\":1017,\"height\":268,\"caption\":\"Noticieros Canal 7\"},\"image\":{\"@id\":\"https:\\\/\\\/canal7slp.tv\\\/2025\\\/#\\\/schema\\\/logo\\\/image\\\/\"},\"sameAs\":[\"https:\\\/\\\/www.facebook.com\\\/noticieroscanal7atencionciudadana\\\/\",\"https:\\\/\\\/x.com\\\/NOTICIEROS7\",\"https:\\\/\\\/www.instagram.com\\\/canal7_slp\",\"https:\\\/\\\/www.youtube.com\\\/channel\\\/UCliiYs-gP3JfJeqdPrNdd5A\"]},{\"@type\":\"Person\",\"@id\":\"https:\\\/\\\/canal7slp.tv\\\/2025\\\/#\\\/schema\\\/person\\\/271e2b60a96e7cc9d9ac296f4d7e414b\",\"name\":\"Edici\u00f3n Web\",\"image\":{\"@type\":\"ImageObject\",\"inLanguage\":\"es\",\"@id\":\"https:\\\/\\\/secure.gravatar.com\\\/avatar\\\/eee448fc3f7164808013b816ba91ac7e43bbe82a70bebac296f8bc6f0addaa1a?s=96&d=mm&r=g\",\"url\":\"https:\\\/\\\/secure.gravatar.com\\\/avatar\\\/eee448fc3f7164808013b816ba91ac7e43bbe82a70bebac296f8bc6f0addaa1a?s=96&d=mm&r=g\",\"contentUrl\":\"https:\\\/\\\/secure.gravatar.com\\\/avatar\\\/eee448fc3f7164808013b816ba91ac7e43bbe82a70bebac296f8bc6f0addaa1a?s=96&d=mm&r=g\",\"caption\":\"Edici\u00f3n Web\"},\"url\":\"https:\\\/\\\/canal7slp.tv\\\/2025\\\/author\\\/edicionweb\\\/\"}]}<\/script>\n<!-- \/ Yoast SEO plugin. -->","yoast_head_json":{"title":"FGR descarta investigar a Felipe Calder\u00f3n por caso Garc\u00eda Luna - Canal 7 SLP - 2025","robots":{"index":"index","follow":"follow","max-snippet":"max-snippet:-1","max-image-preview":"max-image-preview:large","max-video-preview":"max-video-preview:-1"},"canonical":"https:\/\/canal7slp.tv\/2025\/fgr-descarta-investigar-a-felipe-calderon-por-caso-garcia-luna\/","og_locale":"es_ES","og_type":"article","og_title":"FGR descarta investigar a Felipe Calder\u00f3n por caso Garc\u00eda Luna - Canal 7 SLP - 2025","og_description":"M\u00e9xico.- La presidenta de M\u00e9xico, Claudia Sheinbaum, confirm\u00f3 que la Fiscal\u00eda General de la Rep\u00fablica (FGR) no abrir\u00e1 una investigaci\u00f3n contra el expresidente Felipe Calder\u00f3n por su posible vinculaci\u00f3n con Genaro Garc\u00eda Luna ni por presunto encubrimiento de actividades il\u00edcitas. Esta decisi\u00f3n ocurre tras las declaraciones del general Tom\u00e1s \u00c1ngeles Dauahare, quien fue subsecretario de la Defensa Nacional durante el sexenio de Calder\u00f3n. \u00c1ngeles revel\u00f3 que inform\u00f3 en dos ocasiones al expresidente sobre los v\u00ednculos de Garc\u00eda Luna con el narcotr\u00e1fico, la primera en mayo de 2007 durante una reuni\u00f3n en Los Pinos. Seg\u00fan el general, aunque no pudo documentar [&hellip;]","og_url":"https:\/\/canal7slp.tv\/2025\/fgr-descarta-investigar-a-felipe-calderon-por-caso-garcia-luna\/","og_site_name":"Canal 7 SLP - 2025","article_publisher":"https:\/\/www.facebook.com\/noticieroscanal7atencionciudadana\/","article_published_time":"2025-06-09T21:30:03+00:00","og_image":[{"width":749,"height":500,"url":"https:\/\/canal7slp.tv\/2025\/wp-content\/uploads\/2025\/06\/09-8.jpg","type":"image\/jpeg"}],"author":"Edici\u00f3n Web","twitter_card":"summary_large_image","twitter_creator":"@NOTICIEROS7","twitter_site":"@NOTICIEROS7","twitter_misc":{"Escrito por":"Edici\u00f3n Web","Tiempo de lectura":"2 minutos"},"schema":{"@context":"https:\/\/schema.org","@graph":[{"@type":"Article","@id":"https:\/\/canal7slp.tv\/2025\/fgr-descarta-investigar-a-felipe-calderon-por-caso-garcia-luna\/#article","isPartOf":{"@id":"https:\/\/canal7slp.tv\/2025\/fgr-descarta-investigar-a-felipe-calderon-por-caso-garcia-luna\/"},"author":{"name":"Edici\u00f3n Web","@id":"https:\/\/canal7slp.tv\/2025\/#\/schema\/person\/271e2b60a96e7cc9d9ac296f4d7e414b"},"headline":"FGR descarta investigar a Felipe Calder\u00f3n por caso Garc\u00eda Luna","datePublished":"2025-06-09T21:30:03+00:00","mainEntityOfPage":{"@id":"https:\/\/canal7slp.tv\/2025\/fgr-descarta-investigar-a-felipe-calderon-por-caso-garcia-luna\/"},"wordCount":244,"publisher":{"@id":"https:\/\/canal7slp.tv\/2025\/#organization"},"image":{"@id":"https:\/\/canal7slp.tv\/2025\/fgr-descarta-investigar-a-felipe-calderon-por-caso-garcia-luna\/#primaryimage"},"thumbnailUrl":"https:\/\/canal7slp.tv\/2025\/wp-content\/uploads\/2025\/06\/09-8.jpg","articleSection":["NACIONALES"],"inLanguage":"es"},{"@type":"WebPage","@id":"https:\/\/canal7slp.tv\/2025\/fgr-descarta-investigar-a-felipe-calderon-por-caso-garcia-luna\/","url":"https:\/\/canal7slp.tv\/2025\/fgr-descarta-investigar-a-felipe-calderon-por-caso-garcia-luna\/","name":"FGR descarta investigar a Felipe Calder\u00f3n por caso Garc\u00eda Luna - Canal 7 SLP - 2025","isPartOf":{"@id":"https:\/\/canal7slp.tv\/2025\/#website"},"primaryImageOfPage":{"@id":"https:\/\/canal7slp.tv\/2025\/fgr-descarta-investigar-a-felipe-calderon-por-caso-garcia-luna\/#primaryimage"},"image":{"@id":"https:\/\/canal7slp.tv\/2025\/fgr-descarta-investigar-a-felipe-calderon-por-caso-garcia-luna\/#primaryimage"},"thumbnailUrl":"https:\/\/canal7slp.tv\/2025\/wp-content\/uploads\/2025\/06\/09-8.jpg","datePublished":"2025-06-09T21:30:03+00:00","breadcrumb":{"@id":"https:\/\/canal7slp.tv\/2025\/fgr-descarta-investigar-a-felipe-calderon-por-caso-garcia-luna\/#breadcrumb"},"inLanguage":"es","potentialAction":[{"@type":"ReadAction","target":["https:\/\/canal7slp.tv\/2025\/fgr-descarta-investigar-a-felipe-calderon-por-caso-garcia-luna\/"]}]},{"@type":"ImageObject","inLanguage":"es","@id":"https:\/\/canal7slp.tv\/2025\/fgr-descarta-investigar-a-felipe-calderon-por-caso-garcia-luna\/#primaryimage","url":"https:\/\/canal7slp.tv\/2025\/wp-content\/uploads\/2025\/06\/09-8.jpg","contentUrl":"https:\/\/canal7slp.tv\/2025\/wp-content\/uploads\/2025\/06\/09-8.jpg","width":749,"height":500},{"@type":"BreadcrumbList","@id":"https:\/\/canal7slp.tv\/2025\/fgr-descarta-investigar-a-felipe-calderon-por-caso-garcia-luna\/#breadcrumb","itemListElement":[{"@type":"ListItem","position":1,"name":"Portada","item":"https:\/\/canal7slp.tv\/2025\/"},{"@type":"ListItem","position":2,"name":"FGR descarta investigar a Felipe Calder\u00f3n por caso Garc\u00eda Luna"}]},{"@type":"WebSite","@id":"https:\/\/canal7slp.tv\/2025\/#website","url":"https:\/\/canal7slp.tv\/2025\/","name":"N7 - Noticieros Canal 7","description":"Somos el Medio","publisher":{"@id":"https:\/\/canal7slp.tv\/2025\/#organization"},"potentialAction":[{"@type":"SearchAction","target":{"@type":"EntryPoint","urlTemplate":"https:\/\/canal7slp.tv\/2025\/?s={search_term_string}"},"query-input":{"@type":"PropertyValueSpecification","valueRequired":true,"valueName":"search_term_string"}}],"inLanguage":"es"},{"@type":"Organization","@id":"https:\/\/canal7slp.tv\/2025\/#organization","name":"Noticieros Canal 7","url":"https:\/\/canal7slp.tv\/2025\/","logo":{"@type":"ImageObject","inLanguage":"es","@id":"https:\/\/canal7slp.tv\/2025\/#\/schema\/logo\/image\/","url":"https:\/\/canal7slp.tv\/2025\/wp-content\/uploads\/2021\/01\/logo-noticieros@2x.png","contentUrl":"https:\/\/canal7slp.tv\/2025\/wp-content\/uploads\/2021\/01\/logo-noticieros@2x.png","width":1017,"height":268,"caption":"Noticieros Canal 7"},"image":{"@id":"https:\/\/canal7slp.tv\/2025\/#\/schema\/logo\/image\/"},"sameAs":["https:\/\/www.facebook.com\/noticieroscanal7atencionciudadana\/","https:\/\/x.com\/NOTICIEROS7","https:\/\/www.instagram.com\/canal7_slp","https:\/\/www.youtube.com\/channel\/UCliiYs-gP3JfJeqdPrNdd5A"]},{"@type":"Person","@id":"https:\/\/canal7slp.tv\/2025\/#\/schema\/person\/271e2b60a96e7cc9d9ac296f4d7e414b","name":"Edici\u00f3n Web","image":{"@type":"ImageObject","inLanguage":"es","@id":"https:\/\/secure.gravatar.com\/avatar\/eee448fc3f7164808013b816ba91ac7e43bbe82a70bebac296f8bc6f0addaa1a?s=96&d=mm&r=g","url":"https:\/\/secure.gravatar.com\/avatar\/eee448fc3f7164808013b816ba91ac7e43bbe82a70bebac296f8bc6f0addaa1a?s=96&d=mm&r=g","contentUrl":"https:\/\/secure.gravatar.com\/avatar\/eee448fc3f7164808013b816ba91ac7e43bbe82a70bebac296f8bc6f0addaa1a?s=96&d=mm&r=g","caption":"Edici\u00f3n Web"},"url":"https:\/\/canal7slp.tv\/2025\/author\/edicionweb\/"}]}},"_links":{"self":[{"href":"https:\/\/canal7slp.tv\/2025\/wp-json\/wp\/v2\/posts\/169902","targetHints":{"allow":["GET"]}}],"collection":[{"href":"https:\/\/canal7slp.tv\/2025\/wp-json\/wp\/v2\/posts"}],"about":[{"href":"https:\/\/canal7slp.tv\/2025\/wp-json\/wp\/v2\/types\/post"}],"author":[{"embeddable":true,"href":"https:\/\/canal7slp.tv\/2025\/wp-json\/wp\/v2\/users\/2"}],"replies":[{"embeddable":true,"href":"https:\/\/canal7slp.tv\/2025\/wp-json\/wp\/v2\/comments?post=169902"}],"version-history":[{"count":2,"href":"https:\/\/canal7slp.tv\/2025\/wp-json\/wp\/v2\/posts\/169902\/revisions"}],"predecessor-version":[{"id":169905,"href":"https:\/\/canal7slp.tv\/2025\/wp-json\/wp\/v2\/posts\/169902\/revisions\/169905"}],"wp:featuredmedia":[{"embeddable":true,"href":"https:\/\/canal7slp.tv\/2025\/wp-json\/wp\/v2\/media\/169903"}],"wp:attachment":[{"href":"https:\/\/canal7slp.tv\/2025\/wp-json\/wp\/v2\/media?parent=169902"}],"wp:term":[{"taxonomy":"category","embeddable":true,"href":"https:\/\/canal7slp.tv\/2025\/wp-json\/wp\/v2\/categories?post=169902"},{"taxonomy":"post_tag","embeddable":true,"href":"https:\/\/canal7slp.tv\/2025\/wp-json\/wp\/v2\/tags?post=169902"}],"curies":[{"name":"wp","href":"https:\/\/api.w.org\/{rel}","templated":true}]}}