{"id":169853,"date":"2025-06-08T18:41:33","date_gmt":"2025-06-09T00:41:33","guid":{"rendered":"https:\/\/canal7slp.tv\/2025\/?p=169853"},"modified":"2025-06-08T18:41:33","modified_gmt":"2025-06-09T00:41:33","slug":"arzobispo-jorge-alberto-cavazos-arizpe-envio-felicitacion-a-periodistas-por-dia-de-la-libertad-de-expresion","status":"publish","type":"post","link":"https:\/\/canal7slp.tv\/2025\/arzobispo-jorge-alberto-cavazos-arizpe-envio-felicitacion-a-periodistas-por-dia-de-la-libertad-de-expresion\/","title":{"rendered":"Arzobispo Jorge Alberto Cavazos Arizpe envi\u00f3 felicitaci\u00f3n a periodistas por D\u00eda de la Libertad de Expresi\u00f3n"},"content":{"rendered":"<p style=\"text-align: justify;\">SLP.- Por la celebraci\u00f3n del D\u00eda de la Libertad de Expresi\u00f3n El arzobispo de San Luis Potos\u00ed, Jorge Alberto Cavazos Arizpe envi\u00f3 una felicitaci\u00f3n a los trabajadores de medios locales.<\/p>\n<p style=\"text-align: justify;\">\u201cLos felicito porque precisamente van llevando esta tarea con much\u00edsima profesionalidad y van ayudando, como lo he dicho en otros momentos, a que estemos informados, pero tambi\u00e9n vayamos creciendo, madurando en diversos aspectos que competen al ser humano en su vida personal, familiar, laboral, en su vida social\u201d.<\/p>\n<p style=\"text-align: justify;\">Destac\u00f3 la labor que realizan diariamente.<\/p>\n<p style=\"text-align: justify;\">\u201cSiempre la libertad de expresi\u00f3n va a ser una oportunidad para conocer el esp\u00edritu humano por una parte, la grandeza, la riqueza del esp\u00edritu humano para poder hacer que las personas que vemos las noticias o lo que ustedes van presentando en los diversos medios pues tambi\u00e9n maduremos con diferentes visiones nuestro pensamiento y nuestro ser o actuar social\u201d.<\/p>\n<p style=\"text-align: justify;\">Se\u00f1al\u00f3 que no es un trabajo sencillo y que por el contrario requiere de ardua preparaci\u00f3n.<\/p>\n<p style=\"text-align: justify;\">\u201cEs una base moral de la libertad de expresi\u00f3n, siempre buscando s\u00ed la verdad pero tambi\u00e9n entonces edificando, construyendo, no es solamente destruir, no es exactamente dividir, es expresar reflexiones, verdades, realidades pero tambi\u00e9n caminos que construyen y eso s\u00ed es sumamente importante\u201d.<\/p>\n<p style=\"text-align: justify;\">Para finalizar, celebr\u00f3 el premio otorgado a Jes\u00fas Oswaldo Mart\u00ednez Reina reportero gr\u00e1fico de Noticieros Canal 7 por obtener la Menci\u00f3n Honorifica en la categor\u00eda Equidad de G\u00e9nero en el marco de la edici\u00f3n 2025 del Premio Estatal de Periodismo.<\/p>\n<p style=\"text-align: justify;\">\u201cPues te felicito, me da mucho gusto y ojal\u00e1 que tambi\u00e9n cada uno y cada una de ustedes puedan tambi\u00e9n lograr metas muy especiales y muy buenas porque siempre ayudan a la sociedad como he dicho a estar informados\u201d.<\/p>\n<p>Por: Juan Carlos Contreras<\/p>\n","protected":false},"excerpt":{"rendered":"<p>SLP.- Por la celebraci\u00f3n del D\u00eda de la Libertad de Expresi\u00f3n El arzobispo de San Luis Potos\u00ed, Jorge Alberto Cavazos Arizpe envi\u00f3 una felicitaci\u00f3n a los trabajadores de medios locales. \u201cLos felicito porque precisamente van llevando esta tarea con much\u00edsima profesionalidad y van ayudando, como lo he dicho en otros momentos, a que estemos informados, pero tambi\u00e9n vayamos creciendo, madurando en diversos aspectos que competen al ser humano en su vida personal, familiar, laboral, en su vida social\u201d. Destac\u00f3 la labor que realizan diariamente. \u201cSiempre la libertad de expresi\u00f3n va a ser una oportunidad para conocer el esp\u00edritu humano por [&hellip;]<\/p>\n","protected":false},"author":2,"featured_media":169855,"comment_status":"closed","ping_status":"closed","sticky":false,"template":"","format":"video","meta":{"_monsterinsights_skip_tracking":false,"_monsterinsights_sitenote_active":false,"_monsterinsights_sitenote_note":"","_monsterinsights_sitenote_category":0,"footnotes":""},"categories":[5,45],"tags":[],"class_list":["post-169853","post","type-post","status-publish","format-video","has-post-thumbnail","hentry","category-destacadas","category-localesyregionales","post_format-post-format-video","post--single"],"yoast_head":"<!-- This site is optimized with the Yoast SEO plugin v27.4 - https:\/\/yoast.com\/product\/yoast-seo-wordpress\/ -->\n<title>Arzobispo Jorge Alberto Cavazos Arizpe envi\u00f3 felicitaci\u00f3n a periodistas por D\u00eda de la Libertad de Expresi\u00f3n - Canal 7 SLP - 2025<\/title>\n<meta name=\"robots\" content=\"index, follow, max-snippet:-1, max-image-preview:large, max-video-preview:-1\" \/>\n<link rel=\"canonical\" href=\"https:\/\/canal7slp.tv\/2025\/arzobispo-jorge-alberto-cavazos-arizpe-envio-felicitacion-a-periodistas-por-dia-de-la-libertad-de-expresion\/\" \/>\n<meta property=\"og:locale\" content=\"es_ES\" \/>\n<meta property=\"og:type\" content=\"article\" \/>\n<meta property=\"og:title\" content=\"Arzobispo Jorge Alberto Cavazos Arizpe envi\u00f3 felicitaci\u00f3n a periodistas por D\u00eda de la Libertad de Expresi\u00f3n - Canal 7 SLP - 2025\" \/>\n<meta property=\"og:description\" content=\"SLP.- Por la celebraci\u00f3n del D\u00eda de la Libertad de Expresi\u00f3n El arzobispo de San Luis Potos\u00ed, Jorge Alberto Cavazos Arizpe envi\u00f3 una felicitaci\u00f3n a los trabajadores de medios locales. \u201cLos felicito porque precisamente van llevando esta tarea con much\u00edsima profesionalidad y van ayudando, como lo he dicho en otros momentos, a que estemos informados, pero tambi\u00e9n vayamos creciendo, madurando en diversos aspectos que competen al ser humano en su vida personal, familiar, laboral, en su vida social\u201d. Destac\u00f3 la labor que realizan diariamente. \u201cSiempre la libertad de expresi\u00f3n va a ser una oportunidad para conocer el esp\u00edritu humano por [&hellip;]\" \/>\n<meta property=\"og:url\" content=\"https:\/\/canal7slp.tv\/2025\/arzobispo-jorge-alberto-cavazos-arizpe-envio-felicitacion-a-periodistas-por-dia-de-la-libertad-de-expresion\/\" \/>\n<meta property=\"og:site_name\" content=\"Canal 7 SLP - 2025\" \/>\n<meta property=\"article:publisher\" content=\"https:\/\/www.facebook.com\/noticieroscanal7atencionciudadana\/\" \/>\n<meta property=\"article:published_time\" content=\"2025-06-09T00:41:33+00:00\" \/>\n<meta property=\"og:image\" content=\"https:\/\/canal7slp.tv\/2025\/wp-content\/uploads\/2025\/06\/Poky02Arzobispo.jpg\" \/>\n\t<meta property=\"og:image:width\" content=\"1280\" \/>\n\t<meta property=\"og:image:height\" content=\"720\" \/>\n\t<meta property=\"og:image:type\" content=\"image\/jpeg\" \/>\n<meta name=\"author\" content=\"Edici\u00f3n Web\" \/>\n<meta name=\"twitter:card\" content=\"summary_large_image\" \/>\n<meta name=\"twitter:creator\" content=\"@NOTICIEROS7\" \/>\n<meta name=\"twitter:site\" content=\"@NOTICIEROS7\" \/>\n<meta name=\"twitter:label1\" content=\"Escrito por\" \/>\n\t<meta name=\"twitter:data1\" content=\"Edici\u00f3n Web\" \/>\n\t<meta name=\"twitter:label2\" content=\"Tiempo de lectura\" \/>\n\t<meta name=\"twitter:data2\" content=\"2 minutos\" \/>\n<script type=\"application\/ld+json\" class=\"yoast-schema-graph\">{\"@context\":\"https:\\\/\\\/schema.org\",\"@graph\":[{\"@type\":\"Article\",\"@id\":\"https:\\\/\\\/canal7slp.tv\\\/2025\\\/arzobispo-jorge-alberto-cavazos-arizpe-envio-felicitacion-a-periodistas-por-dia-de-la-libertad-de-expresion\\\/#article\",\"isPartOf\":{\"@id\":\"https:\\\/\\\/canal7slp.tv\\\/2025\\\/arzobispo-jorge-alberto-cavazos-arizpe-envio-felicitacion-a-periodistas-por-dia-de-la-libertad-de-expresion\\\/\"},\"author\":{\"name\":\"Edici\u00f3n Web\",\"@id\":\"https:\\\/\\\/canal7slp.tv\\\/2025\\\/#\\\/schema\\\/person\\\/271e2b60a96e7cc9d9ac296f4d7e414b\"},\"headline\":\"Arzobispo Jorge Alberto Cavazos Arizpe envi\u00f3 felicitaci\u00f3n a periodistas por D\u00eda de la Libertad de Expresi\u00f3n\",\"datePublished\":\"2025-06-09T00:41:33+00:00\",\"mainEntityOfPage\":{\"@id\":\"https:\\\/\\\/canal7slp.tv\\\/2025\\\/arzobispo-jorge-alberto-cavazos-arizpe-envio-felicitacion-a-periodistas-por-dia-de-la-libertad-de-expresion\\\/\"},\"wordCount\":327,\"publisher\":{\"@id\":\"https:\\\/\\\/canal7slp.tv\\\/2025\\\/#organization\"},\"image\":{\"@id\":\"https:\\\/\\\/canal7slp.tv\\\/2025\\\/arzobispo-jorge-alberto-cavazos-arizpe-envio-felicitacion-a-periodistas-por-dia-de-la-libertad-de-expresion\\\/#primaryimage\"},\"thumbnailUrl\":\"https:\\\/\\\/canal7slp.tv\\\/2025\\\/wp-content\\\/uploads\\\/2025\\\/06\\\/Poky02Arzobispo.jpg\",\"articleSection\":[\"DESTACADAS\",\"LOCALES Y REGIONALES\"],\"inLanguage\":\"es\"},{\"@type\":\"WebPage\",\"@id\":\"https:\\\/\\\/canal7slp.tv\\\/2025\\\/arzobispo-jorge-alberto-cavazos-arizpe-envio-felicitacion-a-periodistas-por-dia-de-la-libertad-de-expresion\\\/\",\"url\":\"https:\\\/\\\/canal7slp.tv\\\/2025\\\/arzobispo-jorge-alberto-cavazos-arizpe-envio-felicitacion-a-periodistas-por-dia-de-la-libertad-de-expresion\\\/\",\"name\":\"Arzobispo Jorge Alberto Cavazos Arizpe envi\u00f3 felicitaci\u00f3n a periodistas por D\u00eda de la Libertad de Expresi\u00f3n - Canal 7 SLP - 2025\",\"isPartOf\":{\"@id\":\"https:\\\/\\\/canal7slp.tv\\\/2025\\\/#website\"},\"primaryImageOfPage\":{\"@id\":\"https:\\\/\\\/canal7slp.tv\\\/2025\\\/arzobispo-jorge-alberto-cavazos-arizpe-envio-felicitacion-a-periodistas-por-dia-de-la-libertad-de-expresion\\\/#primaryimage\"},\"image\":{\"@id\":\"https:\\\/\\\/canal7slp.tv\\\/2025\\\/arzobispo-jorge-alberto-cavazos-arizpe-envio-felicitacion-a-periodistas-por-dia-de-la-libertad-de-expresion\\\/#primaryimage\"},\"thumbnailUrl\":\"https:\\\/\\\/canal7slp.tv\\\/2025\\\/wp-content\\\/uploads\\\/2025\\\/06\\\/Poky02Arzobispo.jpg\",\"datePublished\":\"2025-06-09T00:41:33+00:00\",\"breadcrumb\":{\"@id\":\"https:\\\/\\\/canal7slp.tv\\\/2025\\\/arzobispo-jorge-alberto-cavazos-arizpe-envio-felicitacion-a-periodistas-por-dia-de-la-libertad-de-expresion\\\/#breadcrumb\"},\"inLanguage\":\"es\",\"potentialAction\":[{\"@type\":\"ReadAction\",\"target\":[\"https:\\\/\\\/canal7slp.tv\\\/2025\\\/arzobispo-jorge-alberto-cavazos-arizpe-envio-felicitacion-a-periodistas-por-dia-de-la-libertad-de-expresion\\\/\"]}]},{\"@type\":\"ImageObject\",\"inLanguage\":\"es\",\"@id\":\"https:\\\/\\\/canal7slp.tv\\\/2025\\\/arzobispo-jorge-alberto-cavazos-arizpe-envio-felicitacion-a-periodistas-por-dia-de-la-libertad-de-expresion\\\/#primaryimage\",\"url\":\"https:\\\/\\\/canal7slp.tv\\\/2025\\\/wp-content\\\/uploads\\\/2025\\\/06\\\/Poky02Arzobispo.jpg\",\"contentUrl\":\"https:\\\/\\\/canal7slp.tv\\\/2025\\\/wp-content\\\/uploads\\\/2025\\\/06\\\/Poky02Arzobispo.jpg\",\"width\":1280,\"height\":720},{\"@type\":\"BreadcrumbList\",\"@id\":\"https:\\\/\\\/canal7slp.tv\\\/2025\\\/arzobispo-jorge-alberto-cavazos-arizpe-envio-felicitacion-a-periodistas-por-dia-de-la-libertad-de-expresion\\\/#breadcrumb\",\"itemListElement\":[{\"@type\":\"ListItem\",\"position\":1,\"name\":\"Portada\",\"item\":\"https:\\\/\\\/canal7slp.tv\\\/2025\\\/\"},{\"@type\":\"ListItem\",\"position\":2,\"name\":\"Arzobispo Jorge Alberto Cavazos Arizpe envi\u00f3 felicitaci\u00f3n a periodistas por D\u00eda de la Libertad de Expresi\u00f3n\"}]},{\"@type\":\"WebSite\",\"@id\":\"https:\\\/\\\/canal7slp.tv\\\/2025\\\/#website\",\"url\":\"https:\\\/\\\/canal7slp.tv\\\/2025\\\/\",\"name\":\"N7 - Noticieros Canal 7\",\"description\":\"Somos el Medio\",\"publisher\":{\"@id\":\"https:\\\/\\\/canal7slp.tv\\\/2025\\\/#organization\"},\"potentialAction\":[{\"@type\":\"SearchAction\",\"target\":{\"@type\":\"EntryPoint\",\"urlTemplate\":\"https:\\\/\\\/canal7slp.tv\\\/2025\\\/?s={search_term_string}\"},\"query-input\":{\"@type\":\"PropertyValueSpecification\",\"valueRequired\":true,\"valueName\":\"search_term_string\"}}],\"inLanguage\":\"es\"},{\"@type\":\"Organization\",\"@id\":\"https:\\\/\\\/canal7slp.tv\\\/2025\\\/#organization\",\"name\":\"Noticieros Canal 7\",\"url\":\"https:\\\/\\\/canal7slp.tv\\\/2025\\\/\",\"logo\":{\"@type\":\"ImageObject\",\"inLanguage\":\"es\",\"@id\":\"https:\\\/\\\/canal7slp.tv\\\/2025\\\/#\\\/schema\\\/logo\\\/image\\\/\",\"url\":\"https:\\\/\\\/canal7slp.tv\\\/2025\\\/wp-content\\\/uploads\\\/2021\\\/01\\\/logo-noticieros@2x.png\",\"contentUrl\":\"https:\\\/\\\/canal7slp.tv\\\/2025\\\/wp-content\\\/uploads\\\/2021\\\/01\\\/logo-noticieros@2x.png\",\"width\":1017,\"height\":268,\"caption\":\"Noticieros Canal 7\"},\"image\":{\"@id\":\"https:\\\/\\\/canal7slp.tv\\\/2025\\\/#\\\/schema\\\/logo\\\/image\\\/\"},\"sameAs\":[\"https:\\\/\\\/www.facebook.com\\\/noticieroscanal7atencionciudadana\\\/\",\"https:\\\/\\\/x.com\\\/NOTICIEROS7\",\"https:\\\/\\\/www.instagram.com\\\/canal7_slp\",\"https:\\\/\\\/www.youtube.com\\\/channel\\\/UCliiYs-gP3JfJeqdPrNdd5A\"]},{\"@type\":\"Person\",\"@id\":\"https:\\\/\\\/canal7slp.tv\\\/2025\\\/#\\\/schema\\\/person\\\/271e2b60a96e7cc9d9ac296f4d7e414b\",\"name\":\"Edici\u00f3n Web\",\"image\":{\"@type\":\"ImageObject\",\"inLanguage\":\"es\",\"@id\":\"https:\\\/\\\/secure.gravatar.com\\\/avatar\\\/eee448fc3f7164808013b816ba91ac7e43bbe82a70bebac296f8bc6f0addaa1a?s=96&d=mm&r=g\",\"url\":\"https:\\\/\\\/secure.gravatar.com\\\/avatar\\\/eee448fc3f7164808013b816ba91ac7e43bbe82a70bebac296f8bc6f0addaa1a?s=96&d=mm&r=g\",\"contentUrl\":\"https:\\\/\\\/secure.gravatar.com\\\/avatar\\\/eee448fc3f7164808013b816ba91ac7e43bbe82a70bebac296f8bc6f0addaa1a?s=96&d=mm&r=g\",\"caption\":\"Edici\u00f3n Web\"},\"url\":\"https:\\\/\\\/canal7slp.tv\\\/2025\\\/author\\\/edicionweb\\\/\"}]}<\/script>\n<!-- \/ Yoast SEO plugin. -->","yoast_head_json":{"title":"Arzobispo Jorge Alberto Cavazos Arizpe envi\u00f3 felicitaci\u00f3n a periodistas por D\u00eda de la Libertad de Expresi\u00f3n - Canal 7 SLP - 2025","robots":{"index":"index","follow":"follow","max-snippet":"max-snippet:-1","max-image-preview":"max-image-preview:large","max-video-preview":"max-video-preview:-1"},"canonical":"https:\/\/canal7slp.tv\/2025\/arzobispo-jorge-alberto-cavazos-arizpe-envio-felicitacion-a-periodistas-por-dia-de-la-libertad-de-expresion\/","og_locale":"es_ES","og_type":"article","og_title":"Arzobispo Jorge Alberto Cavazos Arizpe envi\u00f3 felicitaci\u00f3n a periodistas por D\u00eda de la Libertad de Expresi\u00f3n - Canal 7 SLP - 2025","og_description":"SLP.- Por la celebraci\u00f3n del D\u00eda de la Libertad de Expresi\u00f3n El arzobispo de San Luis Potos\u00ed, Jorge Alberto Cavazos Arizpe envi\u00f3 una felicitaci\u00f3n a los trabajadores de medios locales. \u201cLos felicito porque precisamente van llevando esta tarea con much\u00edsima profesionalidad y van ayudando, como lo he dicho en otros momentos, a que estemos informados, pero tambi\u00e9n vayamos creciendo, madurando en diversos aspectos que competen al ser humano en su vida personal, familiar, laboral, en su vida social\u201d. Destac\u00f3 la labor que realizan diariamente. \u201cSiempre la libertad de expresi\u00f3n va a ser una oportunidad para conocer el esp\u00edritu humano por [&hellip;]","og_url":"https:\/\/canal7slp.tv\/2025\/arzobispo-jorge-alberto-cavazos-arizpe-envio-felicitacion-a-periodistas-por-dia-de-la-libertad-de-expresion\/","og_site_name":"Canal 7 SLP - 2025","article_publisher":"https:\/\/www.facebook.com\/noticieroscanal7atencionciudadana\/","article_published_time":"2025-06-09T00:41:33+00:00","og_image":[{"width":1280,"height":720,"url":"https:\/\/canal7slp.tv\/2025\/wp-content\/uploads\/2025\/06\/Poky02Arzobispo.jpg","type":"image\/jpeg"}],"author":"Edici\u00f3n Web","twitter_card":"summary_large_image","twitter_creator":"@NOTICIEROS7","twitter_site":"@NOTICIEROS7","twitter_misc":{"Escrito por":"Edici\u00f3n Web","Tiempo de lectura":"2 minutos"},"schema":{"@context":"https:\/\/schema.org","@graph":[{"@type":"Article","@id":"https:\/\/canal7slp.tv\/2025\/arzobispo-jorge-alberto-cavazos-arizpe-envio-felicitacion-a-periodistas-por-dia-de-la-libertad-de-expresion\/#article","isPartOf":{"@id":"https:\/\/canal7slp.tv\/2025\/arzobispo-jorge-alberto-cavazos-arizpe-envio-felicitacion-a-periodistas-por-dia-de-la-libertad-de-expresion\/"},"author":{"name":"Edici\u00f3n Web","@id":"https:\/\/canal7slp.tv\/2025\/#\/schema\/person\/271e2b60a96e7cc9d9ac296f4d7e414b"},"headline":"Arzobispo Jorge Alberto Cavazos Arizpe envi\u00f3 felicitaci\u00f3n a periodistas por D\u00eda de la Libertad de Expresi\u00f3n","datePublished":"2025-06-09T00:41:33+00:00","mainEntityOfPage":{"@id":"https:\/\/canal7slp.tv\/2025\/arzobispo-jorge-alberto-cavazos-arizpe-envio-felicitacion-a-periodistas-por-dia-de-la-libertad-de-expresion\/"},"wordCount":327,"publisher":{"@id":"https:\/\/canal7slp.tv\/2025\/#organization"},"image":{"@id":"https:\/\/canal7slp.tv\/2025\/arzobispo-jorge-alberto-cavazos-arizpe-envio-felicitacion-a-periodistas-por-dia-de-la-libertad-de-expresion\/#primaryimage"},"thumbnailUrl":"https:\/\/canal7slp.tv\/2025\/wp-content\/uploads\/2025\/06\/Poky02Arzobispo.jpg","articleSection":["DESTACADAS","LOCALES Y REGIONALES"],"inLanguage":"es"},{"@type":"WebPage","@id":"https:\/\/canal7slp.tv\/2025\/arzobispo-jorge-alberto-cavazos-arizpe-envio-felicitacion-a-periodistas-por-dia-de-la-libertad-de-expresion\/","url":"https:\/\/canal7slp.tv\/2025\/arzobispo-jorge-alberto-cavazos-arizpe-envio-felicitacion-a-periodistas-por-dia-de-la-libertad-de-expresion\/","name":"Arzobispo Jorge Alberto Cavazos Arizpe envi\u00f3 felicitaci\u00f3n a periodistas por D\u00eda de la Libertad de Expresi\u00f3n - Canal 7 SLP - 2025","isPartOf":{"@id":"https:\/\/canal7slp.tv\/2025\/#website"},"primaryImageOfPage":{"@id":"https:\/\/canal7slp.tv\/2025\/arzobispo-jorge-alberto-cavazos-arizpe-envio-felicitacion-a-periodistas-por-dia-de-la-libertad-de-expresion\/#primaryimage"},"image":{"@id":"https:\/\/canal7slp.tv\/2025\/arzobispo-jorge-alberto-cavazos-arizpe-envio-felicitacion-a-periodistas-por-dia-de-la-libertad-de-expresion\/#primaryimage"},"thumbnailUrl":"https:\/\/canal7slp.tv\/2025\/wp-content\/uploads\/2025\/06\/Poky02Arzobispo.jpg","datePublished":"2025-06-09T00:41:33+00:00","breadcrumb":{"@id":"https:\/\/canal7slp.tv\/2025\/arzobispo-jorge-alberto-cavazos-arizpe-envio-felicitacion-a-periodistas-por-dia-de-la-libertad-de-expresion\/#breadcrumb"},"inLanguage":"es","potentialAction":[{"@type":"ReadAction","target":["https:\/\/canal7slp.tv\/2025\/arzobispo-jorge-alberto-cavazos-arizpe-envio-felicitacion-a-periodistas-por-dia-de-la-libertad-de-expresion\/"]}]},{"@type":"ImageObject","inLanguage":"es","@id":"https:\/\/canal7slp.tv\/2025\/arzobispo-jorge-alberto-cavazos-arizpe-envio-felicitacion-a-periodistas-por-dia-de-la-libertad-de-expresion\/#primaryimage","url":"https:\/\/canal7slp.tv\/2025\/wp-content\/uploads\/2025\/06\/Poky02Arzobispo.jpg","contentUrl":"https:\/\/canal7slp.tv\/2025\/wp-content\/uploads\/2025\/06\/Poky02Arzobispo.jpg","width":1280,"height":720},{"@type":"BreadcrumbList","@id":"https:\/\/canal7slp.tv\/2025\/arzobispo-jorge-alberto-cavazos-arizpe-envio-felicitacion-a-periodistas-por-dia-de-la-libertad-de-expresion\/#breadcrumb","itemListElement":[{"@type":"ListItem","position":1,"name":"Portada","item":"https:\/\/canal7slp.tv\/2025\/"},{"@type":"ListItem","position":2,"name":"Arzobispo Jorge Alberto Cavazos Arizpe envi\u00f3 felicitaci\u00f3n a periodistas por D\u00eda de la Libertad de Expresi\u00f3n"}]},{"@type":"WebSite","@id":"https:\/\/canal7slp.tv\/2025\/#website","url":"https:\/\/canal7slp.tv\/2025\/","name":"N7 - Noticieros Canal 7","description":"Somos el Medio","publisher":{"@id":"https:\/\/canal7slp.tv\/2025\/#organization"},"potentialAction":[{"@type":"SearchAction","target":{"@type":"EntryPoint","urlTemplate":"https:\/\/canal7slp.tv\/2025\/?s={search_term_string}"},"query-input":{"@type":"PropertyValueSpecification","valueRequired":true,"valueName":"search_term_string"}}],"inLanguage":"es"},{"@type":"Organization","@id":"https:\/\/canal7slp.tv\/2025\/#organization","name":"Noticieros Canal 7","url":"https:\/\/canal7slp.tv\/2025\/","logo":{"@type":"ImageObject","inLanguage":"es","@id":"https:\/\/canal7slp.tv\/2025\/#\/schema\/logo\/image\/","url":"https:\/\/canal7slp.tv\/2025\/wp-content\/uploads\/2021\/01\/logo-noticieros@2x.png","contentUrl":"https:\/\/canal7slp.tv\/2025\/wp-content\/uploads\/2021\/01\/logo-noticieros@2x.png","width":1017,"height":268,"caption":"Noticieros Canal 7"},"image":{"@id":"https:\/\/canal7slp.tv\/2025\/#\/schema\/logo\/image\/"},"sameAs":["https:\/\/www.facebook.com\/noticieroscanal7atencionciudadana\/","https:\/\/x.com\/NOTICIEROS7","https:\/\/www.instagram.com\/canal7_slp","https:\/\/www.youtube.com\/channel\/UCliiYs-gP3JfJeqdPrNdd5A"]},{"@type":"Person","@id":"https:\/\/canal7slp.tv\/2025\/#\/schema\/person\/271e2b60a96e7cc9d9ac296f4d7e414b","name":"Edici\u00f3n Web","image":{"@type":"ImageObject","inLanguage":"es","@id":"https:\/\/secure.gravatar.com\/avatar\/eee448fc3f7164808013b816ba91ac7e43bbe82a70bebac296f8bc6f0addaa1a?s=96&d=mm&r=g","url":"https:\/\/secure.gravatar.com\/avatar\/eee448fc3f7164808013b816ba91ac7e43bbe82a70bebac296f8bc6f0addaa1a?s=96&d=mm&r=g","contentUrl":"https:\/\/secure.gravatar.com\/avatar\/eee448fc3f7164808013b816ba91ac7e43bbe82a70bebac296f8bc6f0addaa1a?s=96&d=mm&r=g","caption":"Edici\u00f3n Web"},"url":"https:\/\/canal7slp.tv\/2025\/author\/edicionweb\/"}]}},"_links":{"self":[{"href":"https:\/\/canal7slp.tv\/2025\/wp-json\/wp\/v2\/posts\/169853","targetHints":{"allow":["GET"]}}],"collection":[{"href":"https:\/\/canal7slp.tv\/2025\/wp-json\/wp\/v2\/posts"}],"about":[{"href":"https:\/\/canal7slp.tv\/2025\/wp-json\/wp\/v2\/types\/post"}],"author":[{"embeddable":true,"href":"https:\/\/canal7slp.tv\/2025\/wp-json\/wp\/v2\/users\/2"}],"replies":[{"embeddable":true,"href":"https:\/\/canal7slp.tv\/2025\/wp-json\/wp\/v2\/comments?post=169853"}],"version-history":[{"count":1,"href":"https:\/\/canal7slp.tv\/2025\/wp-json\/wp\/v2\/posts\/169853\/revisions"}],"predecessor-version":[{"id":169856,"href":"https:\/\/canal7slp.tv\/2025\/wp-json\/wp\/v2\/posts\/169853\/revisions\/169856"}],"wp:featuredmedia":[{"embeddable":true,"href":"https:\/\/canal7slp.tv\/2025\/wp-json\/wp\/v2\/media\/169855"}],"wp:attachment":[{"href":"https:\/\/canal7slp.tv\/2025\/wp-json\/wp\/v2\/media?parent=169853"}],"wp:term":[{"taxonomy":"category","embeddable":true,"href":"https:\/\/canal7slp.tv\/2025\/wp-json\/wp\/v2\/categories?post=169853"},{"taxonomy":"post_tag","embeddable":true,"href":"https:\/\/canal7slp.tv\/2025\/wp-json\/wp\/v2\/tags?post=169853"}],"curies":[{"name":"wp","href":"https:\/\/api.w.org\/{rel}","templated":true}]}}