{"id":169843,"date":"2025-06-08T13:35:30","date_gmt":"2025-06-08T19:35:30","guid":{"rendered":"https:\/\/canal7slp.tv\/2025\/?p=169843"},"modified":"2025-06-08T13:35:30","modified_gmt":"2025-06-08T19:35:30","slug":"ine-completa-computo-de-actas-para-eleccion-de-ministros-de-la-corte","status":"publish","type":"post","link":"https:\/\/canal7slp.tv\/2025\/ine-completa-computo-de-actas-para-eleccion-de-ministros-de-la-corte\/","title":{"rendered":"INE completa c\u00f3mputo de actas para elecci\u00f3n de ministros de la Corte"},"content":{"rendered":"<p style=\"text-align: justify;\">\n<p style=\"text-align: justify;\">M\u00e9xico.- El Consejo General del Instituto Nacional Electoral (INE) anunci\u00f3 que, al 7 de junio, se logr\u00f3 el 100% del c\u00f3mputo de actas en las elecciones para ministras y ministros de la Suprema Corte de Justicia de la Naci\u00f3n (SCJN).<\/p>\n<p style=\"text-align: justify;\">Durante una sesi\u00f3n extraordinaria virtual de menos de 20 minutos, el INE tambi\u00e9n confirm\u00f3 que se cuenta con la totalidad de las actas para las elecciones de magistradas y magistrados de la Sala Superior del Tribunal Electoral del Poder Judicial de la Federaci\u00f3n (TEPJF).<\/p>\n<p style=\"text-align: justify;\">Asimismo, se inform\u00f3 que el c\u00f3mputo completo fue alcanzado en las elecciones de magistradas y magistrados del Tribunal de Disciplina Judicial y de las Salas Regionales del TEPJF, con base en el trabajo realizado por los 300 consejos distritales del pa\u00eds.<\/p>\n<p style=\"text-align: justify;\">Respecto a otros \u00f3rganos judiciales, el informe detall\u00f3 que hasta las 17:00 horas del s\u00e1bado se hab\u00edan registrado:<\/p>\n<ul style=\"text-align: justify;\">\n<li>83 mil 531 actas computadas para la elecci\u00f3n de magistradas y magistrados del Tribunal Colegiado de Circuito, lo que representa un avance del 99.47%.<\/li>\n<li>74 mil 314 actas contabilizadas en la elecci\u00f3n de juezas y jueces de Distrito, equivalente a un 88.49% de avance.<\/li>\n<\/ul>\n<p style=\"text-align: justify;\">El INE precis\u00f3 que los consejos distritales permanecer\u00e1n en sesi\u00f3n permanente para concluir el c\u00f3mputo de los cargos restantes del Poder Judicial de la Federaci\u00f3n correspondientes al periodo 2024-2025.<\/p>\n","protected":false},"excerpt":{"rendered":"<p>M\u00e9xico.- El Consejo General del Instituto Nacional Electoral (INE) anunci\u00f3 que, al 7 de junio, se logr\u00f3 el 100% del c\u00f3mputo de actas en las elecciones para ministras y ministros de la Suprema Corte de Justicia de la Naci\u00f3n (SCJN). Durante una sesi\u00f3n extraordinaria virtual de menos de 20 minutos, el INE tambi\u00e9n confirm\u00f3 que se cuenta con la totalidad de las actas para las elecciones de magistradas y magistrados de la Sala Superior del Tribunal Electoral del Poder Judicial de la Federaci\u00f3n (TEPJF). Asimismo, se inform\u00f3 que el c\u00f3mputo completo fue alcanzado en las elecciones de magistradas y magistrados [&hellip;]<\/p>\n","protected":false},"author":2,"featured_media":169844,"comment_status":"closed","ping_status":"closed","sticky":false,"template":"","format":"standard","meta":{"_monsterinsights_skip_tracking":false,"_monsterinsights_sitenote_active":false,"_monsterinsights_sitenote_note":"","_monsterinsights_sitenote_category":0,"footnotes":""},"categories":[46],"tags":[],"class_list":["post-169843","post","type-post","status-publish","format-standard","has-post-thumbnail","hentry","category-nacional","post--single"],"yoast_head":"<!-- This site is optimized with the Yoast SEO plugin v27.4 - https:\/\/yoast.com\/product\/yoast-seo-wordpress\/ -->\n<title>INE completa c\u00f3mputo de actas para elecci\u00f3n de ministros de la Corte - Canal 7 SLP - 2025<\/title>\n<meta name=\"robots\" content=\"index, follow, max-snippet:-1, max-image-preview:large, max-video-preview:-1\" \/>\n<link rel=\"canonical\" href=\"https:\/\/canal7slp.tv\/2025\/ine-completa-computo-de-actas-para-eleccion-de-ministros-de-la-corte\/\" \/>\n<meta property=\"og:locale\" content=\"es_ES\" \/>\n<meta property=\"og:type\" content=\"article\" \/>\n<meta property=\"og:title\" content=\"INE completa c\u00f3mputo de actas para elecci\u00f3n de ministros de la Corte - Canal 7 SLP - 2025\" \/>\n<meta property=\"og:description\" content=\"M\u00e9xico.- El Consejo General del Instituto Nacional Electoral (INE) anunci\u00f3 que, al 7 de junio, se logr\u00f3 el 100% del c\u00f3mputo de actas en las elecciones para ministras y ministros de la Suprema Corte de Justicia de la Naci\u00f3n (SCJN). Durante una sesi\u00f3n extraordinaria virtual de menos de 20 minutos, el INE tambi\u00e9n confirm\u00f3 que se cuenta con la totalidad de las actas para las elecciones de magistradas y magistrados de la Sala Superior del Tribunal Electoral del Poder Judicial de la Federaci\u00f3n (TEPJF). Asimismo, se inform\u00f3 que el c\u00f3mputo completo fue alcanzado en las elecciones de magistradas y magistrados [&hellip;]\" \/>\n<meta property=\"og:url\" content=\"https:\/\/canal7slp.tv\/2025\/ine-completa-computo-de-actas-para-eleccion-de-ministros-de-la-corte\/\" \/>\n<meta property=\"og:site_name\" content=\"Canal 7 SLP - 2025\" \/>\n<meta property=\"article:publisher\" content=\"https:\/\/www.facebook.com\/noticieroscanal7atencionciudadana\/\" \/>\n<meta property=\"article:published_time\" content=\"2025-06-08T19:35:30+00:00\" \/>\n<meta property=\"og:image\" content=\"https:\/\/canal7slp.tv\/2025\/wp-content\/uploads\/2025\/06\/09-7.jpg\" \/>\n\t<meta property=\"og:image:width\" content=\"546\" \/>\n\t<meta property=\"og:image:height\" content=\"410\" \/>\n\t<meta property=\"og:image:type\" content=\"image\/jpeg\" \/>\n<meta name=\"author\" content=\"Edici\u00f3n Web\" \/>\n<meta name=\"twitter:card\" content=\"summary_large_image\" \/>\n<meta name=\"twitter:creator\" content=\"@NOTICIEROS7\" \/>\n<meta name=\"twitter:site\" content=\"@NOTICIEROS7\" \/>\n<meta name=\"twitter:label1\" content=\"Escrito por\" \/>\n\t<meta name=\"twitter:data1\" content=\"Edici\u00f3n Web\" \/>\n\t<meta name=\"twitter:label2\" content=\"Tiempo de lectura\" \/>\n\t<meta name=\"twitter:data2\" content=\"2 minutos\" \/>\n<script type=\"application\/ld+json\" class=\"yoast-schema-graph\">{\"@context\":\"https:\\\/\\\/schema.org\",\"@graph\":[{\"@type\":\"Article\",\"@id\":\"https:\\\/\\\/canal7slp.tv\\\/2025\\\/ine-completa-computo-de-actas-para-eleccion-de-ministros-de-la-corte\\\/#article\",\"isPartOf\":{\"@id\":\"https:\\\/\\\/canal7slp.tv\\\/2025\\\/ine-completa-computo-de-actas-para-eleccion-de-ministros-de-la-corte\\\/\"},\"author\":{\"name\":\"Edici\u00f3n Web\",\"@id\":\"https:\\\/\\\/canal7slp.tv\\\/2025\\\/#\\\/schema\\\/person\\\/271e2b60a96e7cc9d9ac296f4d7e414b\"},\"headline\":\"INE completa c\u00f3mputo de actas para elecci\u00f3n de ministros de la Corte\",\"datePublished\":\"2025-06-08T19:35:30+00:00\",\"mainEntityOfPage\":{\"@id\":\"https:\\\/\\\/canal7slp.tv\\\/2025\\\/ine-completa-computo-de-actas-para-eleccion-de-ministros-de-la-corte\\\/\"},\"wordCount\":236,\"publisher\":{\"@id\":\"https:\\\/\\\/canal7slp.tv\\\/2025\\\/#organization\"},\"image\":{\"@id\":\"https:\\\/\\\/canal7slp.tv\\\/2025\\\/ine-completa-computo-de-actas-para-eleccion-de-ministros-de-la-corte\\\/#primaryimage\"},\"thumbnailUrl\":\"https:\\\/\\\/canal7slp.tv\\\/2025\\\/wp-content\\\/uploads\\\/2025\\\/06\\\/09-7.jpg\",\"articleSection\":[\"NACIONALES\"],\"inLanguage\":\"es\"},{\"@type\":\"WebPage\",\"@id\":\"https:\\\/\\\/canal7slp.tv\\\/2025\\\/ine-completa-computo-de-actas-para-eleccion-de-ministros-de-la-corte\\\/\",\"url\":\"https:\\\/\\\/canal7slp.tv\\\/2025\\\/ine-completa-computo-de-actas-para-eleccion-de-ministros-de-la-corte\\\/\",\"name\":\"INE completa c\u00f3mputo de actas para elecci\u00f3n de ministros de la Corte - Canal 7 SLP - 2025\",\"isPartOf\":{\"@id\":\"https:\\\/\\\/canal7slp.tv\\\/2025\\\/#website\"},\"primaryImageOfPage\":{\"@id\":\"https:\\\/\\\/canal7slp.tv\\\/2025\\\/ine-completa-computo-de-actas-para-eleccion-de-ministros-de-la-corte\\\/#primaryimage\"},\"image\":{\"@id\":\"https:\\\/\\\/canal7slp.tv\\\/2025\\\/ine-completa-computo-de-actas-para-eleccion-de-ministros-de-la-corte\\\/#primaryimage\"},\"thumbnailUrl\":\"https:\\\/\\\/canal7slp.tv\\\/2025\\\/wp-content\\\/uploads\\\/2025\\\/06\\\/09-7.jpg\",\"datePublished\":\"2025-06-08T19:35:30+00:00\",\"breadcrumb\":{\"@id\":\"https:\\\/\\\/canal7slp.tv\\\/2025\\\/ine-completa-computo-de-actas-para-eleccion-de-ministros-de-la-corte\\\/#breadcrumb\"},\"inLanguage\":\"es\",\"potentialAction\":[{\"@type\":\"ReadAction\",\"target\":[\"https:\\\/\\\/canal7slp.tv\\\/2025\\\/ine-completa-computo-de-actas-para-eleccion-de-ministros-de-la-corte\\\/\"]}]},{\"@type\":\"ImageObject\",\"inLanguage\":\"es\",\"@id\":\"https:\\\/\\\/canal7slp.tv\\\/2025\\\/ine-completa-computo-de-actas-para-eleccion-de-ministros-de-la-corte\\\/#primaryimage\",\"url\":\"https:\\\/\\\/canal7slp.tv\\\/2025\\\/wp-content\\\/uploads\\\/2025\\\/06\\\/09-7.jpg\",\"contentUrl\":\"https:\\\/\\\/canal7slp.tv\\\/2025\\\/wp-content\\\/uploads\\\/2025\\\/06\\\/09-7.jpg\",\"width\":546,\"height\":410},{\"@type\":\"BreadcrumbList\",\"@id\":\"https:\\\/\\\/canal7slp.tv\\\/2025\\\/ine-completa-computo-de-actas-para-eleccion-de-ministros-de-la-corte\\\/#breadcrumb\",\"itemListElement\":[{\"@type\":\"ListItem\",\"position\":1,\"name\":\"Portada\",\"item\":\"https:\\\/\\\/canal7slp.tv\\\/2025\\\/\"},{\"@type\":\"ListItem\",\"position\":2,\"name\":\"INE completa c\u00f3mputo de actas para elecci\u00f3n de ministros de la Corte\"}]},{\"@type\":\"WebSite\",\"@id\":\"https:\\\/\\\/canal7slp.tv\\\/2025\\\/#website\",\"url\":\"https:\\\/\\\/canal7slp.tv\\\/2025\\\/\",\"name\":\"N7 - Noticieros Canal 7\",\"description\":\"Somos el Medio\",\"publisher\":{\"@id\":\"https:\\\/\\\/canal7slp.tv\\\/2025\\\/#organization\"},\"potentialAction\":[{\"@type\":\"SearchAction\",\"target\":{\"@type\":\"EntryPoint\",\"urlTemplate\":\"https:\\\/\\\/canal7slp.tv\\\/2025\\\/?s={search_term_string}\"},\"query-input\":{\"@type\":\"PropertyValueSpecification\",\"valueRequired\":true,\"valueName\":\"search_term_string\"}}],\"inLanguage\":\"es\"},{\"@type\":\"Organization\",\"@id\":\"https:\\\/\\\/canal7slp.tv\\\/2025\\\/#organization\",\"name\":\"Noticieros Canal 7\",\"url\":\"https:\\\/\\\/canal7slp.tv\\\/2025\\\/\",\"logo\":{\"@type\":\"ImageObject\",\"inLanguage\":\"es\",\"@id\":\"https:\\\/\\\/canal7slp.tv\\\/2025\\\/#\\\/schema\\\/logo\\\/image\\\/\",\"url\":\"https:\\\/\\\/canal7slp.tv\\\/2025\\\/wp-content\\\/uploads\\\/2021\\\/01\\\/logo-noticieros@2x.png\",\"contentUrl\":\"https:\\\/\\\/canal7slp.tv\\\/2025\\\/wp-content\\\/uploads\\\/2021\\\/01\\\/logo-noticieros@2x.png\",\"width\":1017,\"height\":268,\"caption\":\"Noticieros Canal 7\"},\"image\":{\"@id\":\"https:\\\/\\\/canal7slp.tv\\\/2025\\\/#\\\/schema\\\/logo\\\/image\\\/\"},\"sameAs\":[\"https:\\\/\\\/www.facebook.com\\\/noticieroscanal7atencionciudadana\\\/\",\"https:\\\/\\\/x.com\\\/NOTICIEROS7\",\"https:\\\/\\\/www.instagram.com\\\/canal7_slp\",\"https:\\\/\\\/www.youtube.com\\\/channel\\\/UCliiYs-gP3JfJeqdPrNdd5A\"]},{\"@type\":\"Person\",\"@id\":\"https:\\\/\\\/canal7slp.tv\\\/2025\\\/#\\\/schema\\\/person\\\/271e2b60a96e7cc9d9ac296f4d7e414b\",\"name\":\"Edici\u00f3n Web\",\"image\":{\"@type\":\"ImageObject\",\"inLanguage\":\"es\",\"@id\":\"https:\\\/\\\/secure.gravatar.com\\\/avatar\\\/eee448fc3f7164808013b816ba91ac7e43bbe82a70bebac296f8bc6f0addaa1a?s=96&d=mm&r=g\",\"url\":\"https:\\\/\\\/secure.gravatar.com\\\/avatar\\\/eee448fc3f7164808013b816ba91ac7e43bbe82a70bebac296f8bc6f0addaa1a?s=96&d=mm&r=g\",\"contentUrl\":\"https:\\\/\\\/secure.gravatar.com\\\/avatar\\\/eee448fc3f7164808013b816ba91ac7e43bbe82a70bebac296f8bc6f0addaa1a?s=96&d=mm&r=g\",\"caption\":\"Edici\u00f3n Web\"},\"url\":\"https:\\\/\\\/canal7slp.tv\\\/2025\\\/author\\\/edicionweb\\\/\"}]}<\/script>\n<!-- \/ Yoast SEO plugin. -->","yoast_head_json":{"title":"INE completa c\u00f3mputo de actas para elecci\u00f3n de ministros de la Corte - Canal 7 SLP - 2025","robots":{"index":"index","follow":"follow","max-snippet":"max-snippet:-1","max-image-preview":"max-image-preview:large","max-video-preview":"max-video-preview:-1"},"canonical":"https:\/\/canal7slp.tv\/2025\/ine-completa-computo-de-actas-para-eleccion-de-ministros-de-la-corte\/","og_locale":"es_ES","og_type":"article","og_title":"INE completa c\u00f3mputo de actas para elecci\u00f3n de ministros de la Corte - Canal 7 SLP - 2025","og_description":"M\u00e9xico.- El Consejo General del Instituto Nacional Electoral (INE) anunci\u00f3 que, al 7 de junio, se logr\u00f3 el 100% del c\u00f3mputo de actas en las elecciones para ministras y ministros de la Suprema Corte de Justicia de la Naci\u00f3n (SCJN). Durante una sesi\u00f3n extraordinaria virtual de menos de 20 minutos, el INE tambi\u00e9n confirm\u00f3 que se cuenta con la totalidad de las actas para las elecciones de magistradas y magistrados de la Sala Superior del Tribunal Electoral del Poder Judicial de la Federaci\u00f3n (TEPJF). Asimismo, se inform\u00f3 que el c\u00f3mputo completo fue alcanzado en las elecciones de magistradas y magistrados [&hellip;]","og_url":"https:\/\/canal7slp.tv\/2025\/ine-completa-computo-de-actas-para-eleccion-de-ministros-de-la-corte\/","og_site_name":"Canal 7 SLP - 2025","article_publisher":"https:\/\/www.facebook.com\/noticieroscanal7atencionciudadana\/","article_published_time":"2025-06-08T19:35:30+00:00","og_image":[{"width":546,"height":410,"url":"https:\/\/canal7slp.tv\/2025\/wp-content\/uploads\/2025\/06\/09-7.jpg","type":"image\/jpeg"}],"author":"Edici\u00f3n Web","twitter_card":"summary_large_image","twitter_creator":"@NOTICIEROS7","twitter_site":"@NOTICIEROS7","twitter_misc":{"Escrito por":"Edici\u00f3n Web","Tiempo de lectura":"2 minutos"},"schema":{"@context":"https:\/\/schema.org","@graph":[{"@type":"Article","@id":"https:\/\/canal7slp.tv\/2025\/ine-completa-computo-de-actas-para-eleccion-de-ministros-de-la-corte\/#article","isPartOf":{"@id":"https:\/\/canal7slp.tv\/2025\/ine-completa-computo-de-actas-para-eleccion-de-ministros-de-la-corte\/"},"author":{"name":"Edici\u00f3n Web","@id":"https:\/\/canal7slp.tv\/2025\/#\/schema\/person\/271e2b60a96e7cc9d9ac296f4d7e414b"},"headline":"INE completa c\u00f3mputo de actas para elecci\u00f3n de ministros de la Corte","datePublished":"2025-06-08T19:35:30+00:00","mainEntityOfPage":{"@id":"https:\/\/canal7slp.tv\/2025\/ine-completa-computo-de-actas-para-eleccion-de-ministros-de-la-corte\/"},"wordCount":236,"publisher":{"@id":"https:\/\/canal7slp.tv\/2025\/#organization"},"image":{"@id":"https:\/\/canal7slp.tv\/2025\/ine-completa-computo-de-actas-para-eleccion-de-ministros-de-la-corte\/#primaryimage"},"thumbnailUrl":"https:\/\/canal7slp.tv\/2025\/wp-content\/uploads\/2025\/06\/09-7.jpg","articleSection":["NACIONALES"],"inLanguage":"es"},{"@type":"WebPage","@id":"https:\/\/canal7slp.tv\/2025\/ine-completa-computo-de-actas-para-eleccion-de-ministros-de-la-corte\/","url":"https:\/\/canal7slp.tv\/2025\/ine-completa-computo-de-actas-para-eleccion-de-ministros-de-la-corte\/","name":"INE completa c\u00f3mputo de actas para elecci\u00f3n de ministros de la Corte - Canal 7 SLP - 2025","isPartOf":{"@id":"https:\/\/canal7slp.tv\/2025\/#website"},"primaryImageOfPage":{"@id":"https:\/\/canal7slp.tv\/2025\/ine-completa-computo-de-actas-para-eleccion-de-ministros-de-la-corte\/#primaryimage"},"image":{"@id":"https:\/\/canal7slp.tv\/2025\/ine-completa-computo-de-actas-para-eleccion-de-ministros-de-la-corte\/#primaryimage"},"thumbnailUrl":"https:\/\/canal7slp.tv\/2025\/wp-content\/uploads\/2025\/06\/09-7.jpg","datePublished":"2025-06-08T19:35:30+00:00","breadcrumb":{"@id":"https:\/\/canal7slp.tv\/2025\/ine-completa-computo-de-actas-para-eleccion-de-ministros-de-la-corte\/#breadcrumb"},"inLanguage":"es","potentialAction":[{"@type":"ReadAction","target":["https:\/\/canal7slp.tv\/2025\/ine-completa-computo-de-actas-para-eleccion-de-ministros-de-la-corte\/"]}]},{"@type":"ImageObject","inLanguage":"es","@id":"https:\/\/canal7slp.tv\/2025\/ine-completa-computo-de-actas-para-eleccion-de-ministros-de-la-corte\/#primaryimage","url":"https:\/\/canal7slp.tv\/2025\/wp-content\/uploads\/2025\/06\/09-7.jpg","contentUrl":"https:\/\/canal7slp.tv\/2025\/wp-content\/uploads\/2025\/06\/09-7.jpg","width":546,"height":410},{"@type":"BreadcrumbList","@id":"https:\/\/canal7slp.tv\/2025\/ine-completa-computo-de-actas-para-eleccion-de-ministros-de-la-corte\/#breadcrumb","itemListElement":[{"@type":"ListItem","position":1,"name":"Portada","item":"https:\/\/canal7slp.tv\/2025\/"},{"@type":"ListItem","position":2,"name":"INE completa c\u00f3mputo de actas para elecci\u00f3n de ministros de la Corte"}]},{"@type":"WebSite","@id":"https:\/\/canal7slp.tv\/2025\/#website","url":"https:\/\/canal7slp.tv\/2025\/","name":"N7 - Noticieros Canal 7","description":"Somos el Medio","publisher":{"@id":"https:\/\/canal7slp.tv\/2025\/#organization"},"potentialAction":[{"@type":"SearchAction","target":{"@type":"EntryPoint","urlTemplate":"https:\/\/canal7slp.tv\/2025\/?s={search_term_string}"},"query-input":{"@type":"PropertyValueSpecification","valueRequired":true,"valueName":"search_term_string"}}],"inLanguage":"es"},{"@type":"Organization","@id":"https:\/\/canal7slp.tv\/2025\/#organization","name":"Noticieros Canal 7","url":"https:\/\/canal7slp.tv\/2025\/","logo":{"@type":"ImageObject","inLanguage":"es","@id":"https:\/\/canal7slp.tv\/2025\/#\/schema\/logo\/image\/","url":"https:\/\/canal7slp.tv\/2025\/wp-content\/uploads\/2021\/01\/logo-noticieros@2x.png","contentUrl":"https:\/\/canal7slp.tv\/2025\/wp-content\/uploads\/2021\/01\/logo-noticieros@2x.png","width":1017,"height":268,"caption":"Noticieros Canal 7"},"image":{"@id":"https:\/\/canal7slp.tv\/2025\/#\/schema\/logo\/image\/"},"sameAs":["https:\/\/www.facebook.com\/noticieroscanal7atencionciudadana\/","https:\/\/x.com\/NOTICIEROS7","https:\/\/www.instagram.com\/canal7_slp","https:\/\/www.youtube.com\/channel\/UCliiYs-gP3JfJeqdPrNdd5A"]},{"@type":"Person","@id":"https:\/\/canal7slp.tv\/2025\/#\/schema\/person\/271e2b60a96e7cc9d9ac296f4d7e414b","name":"Edici\u00f3n Web","image":{"@type":"ImageObject","inLanguage":"es","@id":"https:\/\/secure.gravatar.com\/avatar\/eee448fc3f7164808013b816ba91ac7e43bbe82a70bebac296f8bc6f0addaa1a?s=96&d=mm&r=g","url":"https:\/\/secure.gravatar.com\/avatar\/eee448fc3f7164808013b816ba91ac7e43bbe82a70bebac296f8bc6f0addaa1a?s=96&d=mm&r=g","contentUrl":"https:\/\/secure.gravatar.com\/avatar\/eee448fc3f7164808013b816ba91ac7e43bbe82a70bebac296f8bc6f0addaa1a?s=96&d=mm&r=g","caption":"Edici\u00f3n Web"},"url":"https:\/\/canal7slp.tv\/2025\/author\/edicionweb\/"}]}},"_links":{"self":[{"href":"https:\/\/canal7slp.tv\/2025\/wp-json\/wp\/v2\/posts\/169843","targetHints":{"allow":["GET"]}}],"collection":[{"href":"https:\/\/canal7slp.tv\/2025\/wp-json\/wp\/v2\/posts"}],"about":[{"href":"https:\/\/canal7slp.tv\/2025\/wp-json\/wp\/v2\/types\/post"}],"author":[{"embeddable":true,"href":"https:\/\/canal7slp.tv\/2025\/wp-json\/wp\/v2\/users\/2"}],"replies":[{"embeddable":true,"href":"https:\/\/canal7slp.tv\/2025\/wp-json\/wp\/v2\/comments?post=169843"}],"version-history":[{"count":1,"href":"https:\/\/canal7slp.tv\/2025\/wp-json\/wp\/v2\/posts\/169843\/revisions"}],"predecessor-version":[{"id":169845,"href":"https:\/\/canal7slp.tv\/2025\/wp-json\/wp\/v2\/posts\/169843\/revisions\/169845"}],"wp:featuredmedia":[{"embeddable":true,"href":"https:\/\/canal7slp.tv\/2025\/wp-json\/wp\/v2\/media\/169844"}],"wp:attachment":[{"href":"https:\/\/canal7slp.tv\/2025\/wp-json\/wp\/v2\/media?parent=169843"}],"wp:term":[{"taxonomy":"category","embeddable":true,"href":"https:\/\/canal7slp.tv\/2025\/wp-json\/wp\/v2\/categories?post=169843"},{"taxonomy":"post_tag","embeddable":true,"href":"https:\/\/canal7slp.tv\/2025\/wp-json\/wp\/v2\/tags?post=169843"}],"curies":[{"name":"wp","href":"https:\/\/api.w.org\/{rel}","templated":true}]}}