{"id":169837,"date":"2025-06-08T11:02:07","date_gmt":"2025-06-08T17:02:07","guid":{"rendered":"https:\/\/canal7slp.tv\/2025\/?p=169837"},"modified":"2025-06-08T11:02:07","modified_gmt":"2025-06-08T17:02:07","slug":"ine-rechaza-solicitudes-de-recuento-de-votos-en-elecciones-de-la-scjn","status":"publish","type":"post","link":"https:\/\/canal7slp.tv\/2025\/ine-rechaza-solicitudes-de-recuento-de-votos-en-elecciones-de-la-scjn\/","title":{"rendered":"INE rechaza solicitudes de recuento de votos en elecciones de la SCJN"},"content":{"rendered":"<p style=\"text-align: justify;\">M\u00e9xico.- El Consejo General del Instituto Nacional Electoral (INE) rechaz\u00f3 por unanimidad las solicitudes de recuento de votos presentadas por tres candidatas a los cargos de ministra de la Suprema Corte de Justicia de la Naci\u00f3n (SCJN) y de juezas de distrito en materias de competencia mixta y laboral.<\/p>\n<p style=\"text-align: justify;\">Durante una sesi\u00f3n extraordinaria celebrada el s\u00e1bado, el \u00f3rgano electoral determin\u00f3 que no procede el recuento en este proceso, ya que no existe esa figura legal en el marco de esta elecci\u00f3n extraordinaria.<\/p>\n<p style=\"text-align: justify;\">Las solicitudes fueron hechas por Dora Alicia Mart\u00ednez Valero, Melissa Pel\u00e1ez Badilla y Yajaira Arellano Morales, quienes tambi\u00e9n pidieron:<\/p>\n<ul style=\"text-align: justify;\">\n<li>Un nuevo c\u00f3mputo de los votos.<\/li>\n<li>Representaci\u00f3n en el proceso de recuento.<\/li>\n<li>Acceso a la informaci\u00f3n del sistema de c\u00f3mputo utilizado durante la jornada electoral y en la emisi\u00f3n de resultados.<\/li>\n<\/ul>\n<p style=\"text-align: justify;\">El INE consider\u00f3 que las peticiones carecen de fundamento jur\u00eddico, y reiter\u00f3 que los mecanismos de esta elecci\u00f3n est\u00e1n claramente definidos y no contemplan recuentos.<\/p>\n","protected":false},"excerpt":{"rendered":"<p>M\u00e9xico.- El Consejo General del Instituto Nacional Electoral (INE) rechaz\u00f3 por unanimidad las solicitudes de recuento de votos presentadas por tres candidatas a los cargos de ministra de la Suprema Corte de Justicia de la Naci\u00f3n (SCJN) y de juezas de distrito en materias de competencia mixta y laboral. Durante una sesi\u00f3n extraordinaria celebrada el s\u00e1bado, el \u00f3rgano electoral determin\u00f3 que no procede el recuento en este proceso, ya que no existe esa figura legal en el marco de esta elecci\u00f3n extraordinaria. Las solicitudes fueron hechas por Dora Alicia Mart\u00ednez Valero, Melissa Pel\u00e1ez Badilla y Yajaira Arellano Morales, quienes tambi\u00e9n [&hellip;]<\/p>\n","protected":false},"author":2,"featured_media":169838,"comment_status":"closed","ping_status":"closed","sticky":false,"template":"","format":"standard","meta":{"_monsterinsights_skip_tracking":false,"_monsterinsights_sitenote_active":false,"_monsterinsights_sitenote_note":"","_monsterinsights_sitenote_category":0,"footnotes":""},"categories":[46],"tags":[],"class_list":["post-169837","post","type-post","status-publish","format-standard","has-post-thumbnail","hentry","category-nacional","post--single"],"yoast_head":"<!-- This site is optimized with the Yoast SEO plugin v27.4 - https:\/\/yoast.com\/product\/yoast-seo-wordpress\/ -->\n<title>INE rechaza solicitudes de recuento de votos en elecciones de la SCJN - Canal 7 SLP - 2025<\/title>\n<meta name=\"robots\" content=\"index, follow, max-snippet:-1, max-image-preview:large, max-video-preview:-1\" \/>\n<link rel=\"canonical\" href=\"https:\/\/canal7slp.tv\/2025\/ine-rechaza-solicitudes-de-recuento-de-votos-en-elecciones-de-la-scjn\/\" \/>\n<meta property=\"og:locale\" content=\"es_ES\" \/>\n<meta property=\"og:type\" content=\"article\" \/>\n<meta property=\"og:title\" content=\"INE rechaza solicitudes de recuento de votos en elecciones de la SCJN - Canal 7 SLP - 2025\" \/>\n<meta property=\"og:description\" content=\"M\u00e9xico.- El Consejo General del Instituto Nacional Electoral (INE) rechaz\u00f3 por unanimidad las solicitudes de recuento de votos presentadas por tres candidatas a los cargos de ministra de la Suprema Corte de Justicia de la Naci\u00f3n (SCJN) y de juezas de distrito en materias de competencia mixta y laboral. Durante una sesi\u00f3n extraordinaria celebrada el s\u00e1bado, el \u00f3rgano electoral determin\u00f3 que no procede el recuento en este proceso, ya que no existe esa figura legal en el marco de esta elecci\u00f3n extraordinaria. Las solicitudes fueron hechas por Dora Alicia Mart\u00ednez Valero, Melissa Pel\u00e1ez Badilla y Yajaira Arellano Morales, quienes tambi\u00e9n [&hellip;]\" \/>\n<meta property=\"og:url\" content=\"https:\/\/canal7slp.tv\/2025\/ine-rechaza-solicitudes-de-recuento-de-votos-en-elecciones-de-la-scjn\/\" \/>\n<meta property=\"og:site_name\" content=\"Canal 7 SLP - 2025\" \/>\n<meta property=\"article:publisher\" content=\"https:\/\/www.facebook.com\/noticieroscanal7atencionciudadana\/\" \/>\n<meta property=\"article:published_time\" content=\"2025-06-08T17:02:07+00:00\" \/>\n<meta property=\"og:image\" content=\"https:\/\/canal7slp.tv\/2025\/wp-content\/uploads\/2025\/06\/07-6.jpg\" \/>\n\t<meta property=\"og:image:width\" content=\"825\" \/>\n\t<meta property=\"og:image:height\" content=\"500\" \/>\n\t<meta property=\"og:image:type\" content=\"image\/jpeg\" \/>\n<meta name=\"author\" content=\"Edici\u00f3n Web\" \/>\n<meta name=\"twitter:card\" content=\"summary_large_image\" \/>\n<meta name=\"twitter:creator\" content=\"@NOTICIEROS7\" \/>\n<meta name=\"twitter:site\" content=\"@NOTICIEROS7\" \/>\n<meta name=\"twitter:label1\" content=\"Escrito por\" \/>\n\t<meta name=\"twitter:data1\" content=\"Edici\u00f3n Web\" \/>\n\t<meta name=\"twitter:label2\" content=\"Tiempo de lectura\" \/>\n\t<meta name=\"twitter:data2\" content=\"1 minuto\" \/>\n<script type=\"application\/ld+json\" class=\"yoast-schema-graph\">{\"@context\":\"https:\\\/\\\/schema.org\",\"@graph\":[{\"@type\":\"Article\",\"@id\":\"https:\\\/\\\/canal7slp.tv\\\/2025\\\/ine-rechaza-solicitudes-de-recuento-de-votos-en-elecciones-de-la-scjn\\\/#article\",\"isPartOf\":{\"@id\":\"https:\\\/\\\/canal7slp.tv\\\/2025\\\/ine-rechaza-solicitudes-de-recuento-de-votos-en-elecciones-de-la-scjn\\\/\"},\"author\":{\"name\":\"Edici\u00f3n Web\",\"@id\":\"https:\\\/\\\/canal7slp.tv\\\/2025\\\/#\\\/schema\\\/person\\\/271e2b60a96e7cc9d9ac296f4d7e414b\"},\"headline\":\"INE rechaza solicitudes de recuento de votos en elecciones de la SCJN\",\"datePublished\":\"2025-06-08T17:02:07+00:00\",\"mainEntityOfPage\":{\"@id\":\"https:\\\/\\\/canal7slp.tv\\\/2025\\\/ine-rechaza-solicitudes-de-recuento-de-votos-en-elecciones-de-la-scjn\\\/\"},\"wordCount\":186,\"publisher\":{\"@id\":\"https:\\\/\\\/canal7slp.tv\\\/2025\\\/#organization\"},\"image\":{\"@id\":\"https:\\\/\\\/canal7slp.tv\\\/2025\\\/ine-rechaza-solicitudes-de-recuento-de-votos-en-elecciones-de-la-scjn\\\/#primaryimage\"},\"thumbnailUrl\":\"https:\\\/\\\/canal7slp.tv\\\/2025\\\/wp-content\\\/uploads\\\/2025\\\/06\\\/07-6.jpg\",\"articleSection\":[\"NACIONALES\"],\"inLanguage\":\"es\"},{\"@type\":\"WebPage\",\"@id\":\"https:\\\/\\\/canal7slp.tv\\\/2025\\\/ine-rechaza-solicitudes-de-recuento-de-votos-en-elecciones-de-la-scjn\\\/\",\"url\":\"https:\\\/\\\/canal7slp.tv\\\/2025\\\/ine-rechaza-solicitudes-de-recuento-de-votos-en-elecciones-de-la-scjn\\\/\",\"name\":\"INE rechaza solicitudes de recuento de votos en elecciones de la SCJN - Canal 7 SLP - 2025\",\"isPartOf\":{\"@id\":\"https:\\\/\\\/canal7slp.tv\\\/2025\\\/#website\"},\"primaryImageOfPage\":{\"@id\":\"https:\\\/\\\/canal7slp.tv\\\/2025\\\/ine-rechaza-solicitudes-de-recuento-de-votos-en-elecciones-de-la-scjn\\\/#primaryimage\"},\"image\":{\"@id\":\"https:\\\/\\\/canal7slp.tv\\\/2025\\\/ine-rechaza-solicitudes-de-recuento-de-votos-en-elecciones-de-la-scjn\\\/#primaryimage\"},\"thumbnailUrl\":\"https:\\\/\\\/canal7slp.tv\\\/2025\\\/wp-content\\\/uploads\\\/2025\\\/06\\\/07-6.jpg\",\"datePublished\":\"2025-06-08T17:02:07+00:00\",\"breadcrumb\":{\"@id\":\"https:\\\/\\\/canal7slp.tv\\\/2025\\\/ine-rechaza-solicitudes-de-recuento-de-votos-en-elecciones-de-la-scjn\\\/#breadcrumb\"},\"inLanguage\":\"es\",\"potentialAction\":[{\"@type\":\"ReadAction\",\"target\":[\"https:\\\/\\\/canal7slp.tv\\\/2025\\\/ine-rechaza-solicitudes-de-recuento-de-votos-en-elecciones-de-la-scjn\\\/\"]}]},{\"@type\":\"ImageObject\",\"inLanguage\":\"es\",\"@id\":\"https:\\\/\\\/canal7slp.tv\\\/2025\\\/ine-rechaza-solicitudes-de-recuento-de-votos-en-elecciones-de-la-scjn\\\/#primaryimage\",\"url\":\"https:\\\/\\\/canal7slp.tv\\\/2025\\\/wp-content\\\/uploads\\\/2025\\\/06\\\/07-6.jpg\",\"contentUrl\":\"https:\\\/\\\/canal7slp.tv\\\/2025\\\/wp-content\\\/uploads\\\/2025\\\/06\\\/07-6.jpg\",\"width\":825,\"height\":500},{\"@type\":\"BreadcrumbList\",\"@id\":\"https:\\\/\\\/canal7slp.tv\\\/2025\\\/ine-rechaza-solicitudes-de-recuento-de-votos-en-elecciones-de-la-scjn\\\/#breadcrumb\",\"itemListElement\":[{\"@type\":\"ListItem\",\"position\":1,\"name\":\"Portada\",\"item\":\"https:\\\/\\\/canal7slp.tv\\\/2025\\\/\"},{\"@type\":\"ListItem\",\"position\":2,\"name\":\"INE rechaza solicitudes de recuento de votos en elecciones de la SCJN\"}]},{\"@type\":\"WebSite\",\"@id\":\"https:\\\/\\\/canal7slp.tv\\\/2025\\\/#website\",\"url\":\"https:\\\/\\\/canal7slp.tv\\\/2025\\\/\",\"name\":\"N7 - Noticieros Canal 7\",\"description\":\"Somos el Medio\",\"publisher\":{\"@id\":\"https:\\\/\\\/canal7slp.tv\\\/2025\\\/#organization\"},\"potentialAction\":[{\"@type\":\"SearchAction\",\"target\":{\"@type\":\"EntryPoint\",\"urlTemplate\":\"https:\\\/\\\/canal7slp.tv\\\/2025\\\/?s={search_term_string}\"},\"query-input\":{\"@type\":\"PropertyValueSpecification\",\"valueRequired\":true,\"valueName\":\"search_term_string\"}}],\"inLanguage\":\"es\"},{\"@type\":\"Organization\",\"@id\":\"https:\\\/\\\/canal7slp.tv\\\/2025\\\/#organization\",\"name\":\"Noticieros Canal 7\",\"url\":\"https:\\\/\\\/canal7slp.tv\\\/2025\\\/\",\"logo\":{\"@type\":\"ImageObject\",\"inLanguage\":\"es\",\"@id\":\"https:\\\/\\\/canal7slp.tv\\\/2025\\\/#\\\/schema\\\/logo\\\/image\\\/\",\"url\":\"https:\\\/\\\/canal7slp.tv\\\/2025\\\/wp-content\\\/uploads\\\/2021\\\/01\\\/logo-noticieros@2x.png\",\"contentUrl\":\"https:\\\/\\\/canal7slp.tv\\\/2025\\\/wp-content\\\/uploads\\\/2021\\\/01\\\/logo-noticieros@2x.png\",\"width\":1017,\"height\":268,\"caption\":\"Noticieros Canal 7\"},\"image\":{\"@id\":\"https:\\\/\\\/canal7slp.tv\\\/2025\\\/#\\\/schema\\\/logo\\\/image\\\/\"},\"sameAs\":[\"https:\\\/\\\/www.facebook.com\\\/noticieroscanal7atencionciudadana\\\/\",\"https:\\\/\\\/x.com\\\/NOTICIEROS7\",\"https:\\\/\\\/www.instagram.com\\\/canal7_slp\",\"https:\\\/\\\/www.youtube.com\\\/channel\\\/UCliiYs-gP3JfJeqdPrNdd5A\"]},{\"@type\":\"Person\",\"@id\":\"https:\\\/\\\/canal7slp.tv\\\/2025\\\/#\\\/schema\\\/person\\\/271e2b60a96e7cc9d9ac296f4d7e414b\",\"name\":\"Edici\u00f3n Web\",\"image\":{\"@type\":\"ImageObject\",\"inLanguage\":\"es\",\"@id\":\"https:\\\/\\\/secure.gravatar.com\\\/avatar\\\/eee448fc3f7164808013b816ba91ac7e43bbe82a70bebac296f8bc6f0addaa1a?s=96&d=mm&r=g\",\"url\":\"https:\\\/\\\/secure.gravatar.com\\\/avatar\\\/eee448fc3f7164808013b816ba91ac7e43bbe82a70bebac296f8bc6f0addaa1a?s=96&d=mm&r=g\",\"contentUrl\":\"https:\\\/\\\/secure.gravatar.com\\\/avatar\\\/eee448fc3f7164808013b816ba91ac7e43bbe82a70bebac296f8bc6f0addaa1a?s=96&d=mm&r=g\",\"caption\":\"Edici\u00f3n Web\"},\"url\":\"https:\\\/\\\/canal7slp.tv\\\/2025\\\/author\\\/edicionweb\\\/\"}]}<\/script>\n<!-- \/ Yoast SEO plugin. -->","yoast_head_json":{"title":"INE rechaza solicitudes de recuento de votos en elecciones de la SCJN - Canal 7 SLP - 2025","robots":{"index":"index","follow":"follow","max-snippet":"max-snippet:-1","max-image-preview":"max-image-preview:large","max-video-preview":"max-video-preview:-1"},"canonical":"https:\/\/canal7slp.tv\/2025\/ine-rechaza-solicitudes-de-recuento-de-votos-en-elecciones-de-la-scjn\/","og_locale":"es_ES","og_type":"article","og_title":"INE rechaza solicitudes de recuento de votos en elecciones de la SCJN - Canal 7 SLP - 2025","og_description":"M\u00e9xico.- El Consejo General del Instituto Nacional Electoral (INE) rechaz\u00f3 por unanimidad las solicitudes de recuento de votos presentadas por tres candidatas a los cargos de ministra de la Suprema Corte de Justicia de la Naci\u00f3n (SCJN) y de juezas de distrito en materias de competencia mixta y laboral. Durante una sesi\u00f3n extraordinaria celebrada el s\u00e1bado, el \u00f3rgano electoral determin\u00f3 que no procede el recuento en este proceso, ya que no existe esa figura legal en el marco de esta elecci\u00f3n extraordinaria. Las solicitudes fueron hechas por Dora Alicia Mart\u00ednez Valero, Melissa Pel\u00e1ez Badilla y Yajaira Arellano Morales, quienes tambi\u00e9n [&hellip;]","og_url":"https:\/\/canal7slp.tv\/2025\/ine-rechaza-solicitudes-de-recuento-de-votos-en-elecciones-de-la-scjn\/","og_site_name":"Canal 7 SLP - 2025","article_publisher":"https:\/\/www.facebook.com\/noticieroscanal7atencionciudadana\/","article_published_time":"2025-06-08T17:02:07+00:00","og_image":[{"width":825,"height":500,"url":"https:\/\/canal7slp.tv\/2025\/wp-content\/uploads\/2025\/06\/07-6.jpg","type":"image\/jpeg"}],"author":"Edici\u00f3n Web","twitter_card":"summary_large_image","twitter_creator":"@NOTICIEROS7","twitter_site":"@NOTICIEROS7","twitter_misc":{"Escrito por":"Edici\u00f3n Web","Tiempo de lectura":"1 minuto"},"schema":{"@context":"https:\/\/schema.org","@graph":[{"@type":"Article","@id":"https:\/\/canal7slp.tv\/2025\/ine-rechaza-solicitudes-de-recuento-de-votos-en-elecciones-de-la-scjn\/#article","isPartOf":{"@id":"https:\/\/canal7slp.tv\/2025\/ine-rechaza-solicitudes-de-recuento-de-votos-en-elecciones-de-la-scjn\/"},"author":{"name":"Edici\u00f3n Web","@id":"https:\/\/canal7slp.tv\/2025\/#\/schema\/person\/271e2b60a96e7cc9d9ac296f4d7e414b"},"headline":"INE rechaza solicitudes de recuento de votos en elecciones de la SCJN","datePublished":"2025-06-08T17:02:07+00:00","mainEntityOfPage":{"@id":"https:\/\/canal7slp.tv\/2025\/ine-rechaza-solicitudes-de-recuento-de-votos-en-elecciones-de-la-scjn\/"},"wordCount":186,"publisher":{"@id":"https:\/\/canal7slp.tv\/2025\/#organization"},"image":{"@id":"https:\/\/canal7slp.tv\/2025\/ine-rechaza-solicitudes-de-recuento-de-votos-en-elecciones-de-la-scjn\/#primaryimage"},"thumbnailUrl":"https:\/\/canal7slp.tv\/2025\/wp-content\/uploads\/2025\/06\/07-6.jpg","articleSection":["NACIONALES"],"inLanguage":"es"},{"@type":"WebPage","@id":"https:\/\/canal7slp.tv\/2025\/ine-rechaza-solicitudes-de-recuento-de-votos-en-elecciones-de-la-scjn\/","url":"https:\/\/canal7slp.tv\/2025\/ine-rechaza-solicitudes-de-recuento-de-votos-en-elecciones-de-la-scjn\/","name":"INE rechaza solicitudes de recuento de votos en elecciones de la SCJN - Canal 7 SLP - 2025","isPartOf":{"@id":"https:\/\/canal7slp.tv\/2025\/#website"},"primaryImageOfPage":{"@id":"https:\/\/canal7slp.tv\/2025\/ine-rechaza-solicitudes-de-recuento-de-votos-en-elecciones-de-la-scjn\/#primaryimage"},"image":{"@id":"https:\/\/canal7slp.tv\/2025\/ine-rechaza-solicitudes-de-recuento-de-votos-en-elecciones-de-la-scjn\/#primaryimage"},"thumbnailUrl":"https:\/\/canal7slp.tv\/2025\/wp-content\/uploads\/2025\/06\/07-6.jpg","datePublished":"2025-06-08T17:02:07+00:00","breadcrumb":{"@id":"https:\/\/canal7slp.tv\/2025\/ine-rechaza-solicitudes-de-recuento-de-votos-en-elecciones-de-la-scjn\/#breadcrumb"},"inLanguage":"es","potentialAction":[{"@type":"ReadAction","target":["https:\/\/canal7slp.tv\/2025\/ine-rechaza-solicitudes-de-recuento-de-votos-en-elecciones-de-la-scjn\/"]}]},{"@type":"ImageObject","inLanguage":"es","@id":"https:\/\/canal7slp.tv\/2025\/ine-rechaza-solicitudes-de-recuento-de-votos-en-elecciones-de-la-scjn\/#primaryimage","url":"https:\/\/canal7slp.tv\/2025\/wp-content\/uploads\/2025\/06\/07-6.jpg","contentUrl":"https:\/\/canal7slp.tv\/2025\/wp-content\/uploads\/2025\/06\/07-6.jpg","width":825,"height":500},{"@type":"BreadcrumbList","@id":"https:\/\/canal7slp.tv\/2025\/ine-rechaza-solicitudes-de-recuento-de-votos-en-elecciones-de-la-scjn\/#breadcrumb","itemListElement":[{"@type":"ListItem","position":1,"name":"Portada","item":"https:\/\/canal7slp.tv\/2025\/"},{"@type":"ListItem","position":2,"name":"INE rechaza solicitudes de recuento de votos en elecciones de la SCJN"}]},{"@type":"WebSite","@id":"https:\/\/canal7slp.tv\/2025\/#website","url":"https:\/\/canal7slp.tv\/2025\/","name":"N7 - Noticieros Canal 7","description":"Somos el Medio","publisher":{"@id":"https:\/\/canal7slp.tv\/2025\/#organization"},"potentialAction":[{"@type":"SearchAction","target":{"@type":"EntryPoint","urlTemplate":"https:\/\/canal7slp.tv\/2025\/?s={search_term_string}"},"query-input":{"@type":"PropertyValueSpecification","valueRequired":true,"valueName":"search_term_string"}}],"inLanguage":"es"},{"@type":"Organization","@id":"https:\/\/canal7slp.tv\/2025\/#organization","name":"Noticieros Canal 7","url":"https:\/\/canal7slp.tv\/2025\/","logo":{"@type":"ImageObject","inLanguage":"es","@id":"https:\/\/canal7slp.tv\/2025\/#\/schema\/logo\/image\/","url":"https:\/\/canal7slp.tv\/2025\/wp-content\/uploads\/2021\/01\/logo-noticieros@2x.png","contentUrl":"https:\/\/canal7slp.tv\/2025\/wp-content\/uploads\/2021\/01\/logo-noticieros@2x.png","width":1017,"height":268,"caption":"Noticieros Canal 7"},"image":{"@id":"https:\/\/canal7slp.tv\/2025\/#\/schema\/logo\/image\/"},"sameAs":["https:\/\/www.facebook.com\/noticieroscanal7atencionciudadana\/","https:\/\/x.com\/NOTICIEROS7","https:\/\/www.instagram.com\/canal7_slp","https:\/\/www.youtube.com\/channel\/UCliiYs-gP3JfJeqdPrNdd5A"]},{"@type":"Person","@id":"https:\/\/canal7slp.tv\/2025\/#\/schema\/person\/271e2b60a96e7cc9d9ac296f4d7e414b","name":"Edici\u00f3n Web","image":{"@type":"ImageObject","inLanguage":"es","@id":"https:\/\/secure.gravatar.com\/avatar\/eee448fc3f7164808013b816ba91ac7e43bbe82a70bebac296f8bc6f0addaa1a?s=96&d=mm&r=g","url":"https:\/\/secure.gravatar.com\/avatar\/eee448fc3f7164808013b816ba91ac7e43bbe82a70bebac296f8bc6f0addaa1a?s=96&d=mm&r=g","contentUrl":"https:\/\/secure.gravatar.com\/avatar\/eee448fc3f7164808013b816ba91ac7e43bbe82a70bebac296f8bc6f0addaa1a?s=96&d=mm&r=g","caption":"Edici\u00f3n Web"},"url":"https:\/\/canal7slp.tv\/2025\/author\/edicionweb\/"}]}},"_links":{"self":[{"href":"https:\/\/canal7slp.tv\/2025\/wp-json\/wp\/v2\/posts\/169837","targetHints":{"allow":["GET"]}}],"collection":[{"href":"https:\/\/canal7slp.tv\/2025\/wp-json\/wp\/v2\/posts"}],"about":[{"href":"https:\/\/canal7slp.tv\/2025\/wp-json\/wp\/v2\/types\/post"}],"author":[{"embeddable":true,"href":"https:\/\/canal7slp.tv\/2025\/wp-json\/wp\/v2\/users\/2"}],"replies":[{"embeddable":true,"href":"https:\/\/canal7slp.tv\/2025\/wp-json\/wp\/v2\/comments?post=169837"}],"version-history":[{"count":1,"href":"https:\/\/canal7slp.tv\/2025\/wp-json\/wp\/v2\/posts\/169837\/revisions"}],"predecessor-version":[{"id":169839,"href":"https:\/\/canal7slp.tv\/2025\/wp-json\/wp\/v2\/posts\/169837\/revisions\/169839"}],"wp:featuredmedia":[{"embeddable":true,"href":"https:\/\/canal7slp.tv\/2025\/wp-json\/wp\/v2\/media\/169838"}],"wp:attachment":[{"href":"https:\/\/canal7slp.tv\/2025\/wp-json\/wp\/v2\/media?parent=169837"}],"wp:term":[{"taxonomy":"category","embeddable":true,"href":"https:\/\/canal7slp.tv\/2025\/wp-json\/wp\/v2\/categories?post=169837"},{"taxonomy":"post_tag","embeddable":true,"href":"https:\/\/canal7slp.tv\/2025\/wp-json\/wp\/v2\/tags?post=169837"}],"curies":[{"name":"wp","href":"https:\/\/api.w.org\/{rel}","templated":true}]}}