{"id":169828,"date":"2025-06-08T10:12:11","date_gmt":"2025-06-08T16:12:11","guid":{"rendered":"https:\/\/canal7slp.tv\/2025\/?p=169828"},"modified":"2025-06-08T10:12:11","modified_gmt":"2025-06-08T16:12:11","slug":"lider-taliban-acusa-a-eua-de-oprimir-a-los-musulmanes-en-discurso-desde-kandahar","status":"publish","type":"post","link":"https:\/\/canal7slp.tv\/2025\/lider-taliban-acusa-a-eua-de-oprimir-a-los-musulmanes-en-discurso-desde-kandahar\/","title":{"rendered":"L\u00edder talib\u00e1n acusa a EUA de oprimir a los musulmanes en discurso desde Kandahar"},"content":{"rendered":"<p style=\"text-align: justify;\">Kandahar.- El l\u00edder supremo de los talibanes ha se\u00f1alado a Estados Unidos como el principal opresor de los musulmanes a nivel mundial, criticando su apoyo a Israel en el conflicto de Gaza y recordando la intervenci\u00f3n militar estadounidense en Afganist\u00e1n. En un discurso realizado en una mezquita de Kandahar, el l\u00edder talib\u00e1n denunci\u00f3 lo que considera una campa\u00f1a global de injusticia contra los musulmanes, orquestada por Washington.<\/p>\n<p style=\"text-align: justify;\">El l\u00edder afirm\u00f3: \u00abSe ha lanzado otra invasi\u00f3n por parte de los incr\u00e9dulos contra la santidad de los musulmanes\u00bb, comparando la invasi\u00f3n de Afganist\u00e1n con la actual situaci\u00f3n en Palestina. Su discurso se produce en un contexto de creciente condena internacional hacia la ofensiva militar israel\u00ed en Gaza, que ha dejado miles de muertos, incluidos civiles, ni\u00f1os y mujeres.<\/p>\n<p style=\"text-align: justify;\">Adem\u00e1s, hizo referencia al reciente veto de Estados Unidos en el Consejo de Seguridad de la ONU, donde se rechaz\u00f3 una resoluci\u00f3n que ped\u00eda un alto el fuego en Gaza, a pesar de que catorce pa\u00edses apoyaron la medida. \u00abEsta Am\u00e9rica opresora, que cometi\u00f3 atrocidades en Afganist\u00e1n, est\u00e1 ahora haciendo lo mismo en Palestina\u00bb, expres\u00f3.<\/p>\n<p style=\"text-align: justify;\">El l\u00edder talib\u00e1n acus\u00f3 a EUA de hipocres\u00eda, criticando su postura sobre los derechos humanos en Afganist\u00e1n mientras ignora la violencia en otras regiones. \u00abEstados Unidos pregunta por qu\u00e9 se violan los derechos humanos en Afganist\u00e1n, pero es el mismo pa\u00eds que comete cr\u00edmenes contra la humanidad en Palestina\u00bb, afirm\u00f3.<\/p>\n<p style=\"text-align: justify;\">Defendi\u00f3 que bajo el Emirato Isl\u00e1mico, las mujeres son tratadas con \u00abdignidad, modestia y honor\u00bb, en contraste con la situaci\u00f3n en Gaza, donde las acciones militares han causado numerosas bajas civiles. Tambi\u00e9n conden\u00f3 las sanciones impuestas por EUA y las restricciones migratorias, que limitan la entrada de ciudadanos de varios pa\u00edses musulmanes, incluido Afganist\u00e1n.<\/p>\n","protected":false},"excerpt":{"rendered":"<p>Kandahar.- El l\u00edder supremo de los talibanes ha se\u00f1alado a Estados Unidos como el principal opresor de los musulmanes a nivel mundial, criticando su apoyo a Israel en el conflicto de Gaza y recordando la intervenci\u00f3n militar estadounidense en Afganist\u00e1n. En un discurso realizado en una mezquita de Kandahar, el l\u00edder talib\u00e1n denunci\u00f3 lo que considera una campa\u00f1a global de injusticia contra los musulmanes, orquestada por Washington. El l\u00edder afirm\u00f3: \u00abSe ha lanzado otra invasi\u00f3n por parte de los incr\u00e9dulos contra la santidad de los musulmanes\u00bb, comparando la invasi\u00f3n de Afganist\u00e1n con la actual situaci\u00f3n en Palestina. Su discurso se [&hellip;]<\/p>\n","protected":false},"author":2,"featured_media":169829,"comment_status":"closed","ping_status":"closed","sticky":false,"template":"","format":"standard","meta":{"_monsterinsights_skip_tracking":false,"_monsterinsights_sitenote_active":false,"_monsterinsights_sitenote_note":"","_monsterinsights_sitenote_category":0,"footnotes":""},"categories":[44],"tags":[],"class_list":["post-169828","post","type-post","status-publish","format-standard","has-post-thumbnail","hentry","category-internacional","post--single"],"yoast_head":"<!-- This site is optimized with the Yoast SEO plugin v27.4 - https:\/\/yoast.com\/product\/yoast-seo-wordpress\/ -->\n<title>L\u00edder talib\u00e1n acusa a EUA de oprimir a los musulmanes en discurso desde Kandahar - Canal 7 SLP - 2025<\/title>\n<meta name=\"robots\" content=\"index, follow, max-snippet:-1, max-image-preview:large, max-video-preview:-1\" \/>\n<link rel=\"canonical\" href=\"https:\/\/canal7slp.tv\/2025\/lider-taliban-acusa-a-eua-de-oprimir-a-los-musulmanes-en-discurso-desde-kandahar\/\" \/>\n<meta property=\"og:locale\" content=\"es_ES\" \/>\n<meta property=\"og:type\" content=\"article\" \/>\n<meta property=\"og:title\" content=\"L\u00edder talib\u00e1n acusa a EUA de oprimir a los musulmanes en discurso desde Kandahar - Canal 7 SLP - 2025\" \/>\n<meta property=\"og:description\" content=\"Kandahar.- El l\u00edder supremo de los talibanes ha se\u00f1alado a Estados Unidos como el principal opresor de los musulmanes a nivel mundial, criticando su apoyo a Israel en el conflicto de Gaza y recordando la intervenci\u00f3n militar estadounidense en Afganist\u00e1n. En un discurso realizado en una mezquita de Kandahar, el l\u00edder talib\u00e1n denunci\u00f3 lo que considera una campa\u00f1a global de injusticia contra los musulmanes, orquestada por Washington. El l\u00edder afirm\u00f3: \u00abSe ha lanzado otra invasi\u00f3n por parte de los incr\u00e9dulos contra la santidad de los musulmanes\u00bb, comparando la invasi\u00f3n de Afganist\u00e1n con la actual situaci\u00f3n en Palestina. Su discurso se [&hellip;]\" \/>\n<meta property=\"og:url\" content=\"https:\/\/canal7slp.tv\/2025\/lider-taliban-acusa-a-eua-de-oprimir-a-los-musulmanes-en-discurso-desde-kandahar\/\" \/>\n<meta property=\"og:site_name\" content=\"Canal 7 SLP - 2025\" \/>\n<meta property=\"article:publisher\" content=\"https:\/\/www.facebook.com\/noticieroscanal7atencionciudadana\/\" \/>\n<meta property=\"article:published_time\" content=\"2025-06-08T16:12:11+00:00\" \/>\n<meta property=\"og:image\" content=\"https:\/\/canal7slp.tv\/2025\/wp-content\/uploads\/2025\/06\/04-7.jpg\" \/>\n\t<meta property=\"og:image:width\" content=\"793\" \/>\n\t<meta property=\"og:image:height\" content=\"450\" \/>\n\t<meta property=\"og:image:type\" content=\"image\/jpeg\" \/>\n<meta name=\"author\" content=\"Edici\u00f3n Web\" \/>\n<meta name=\"twitter:card\" content=\"summary_large_image\" \/>\n<meta name=\"twitter:creator\" content=\"@NOTICIEROS7\" \/>\n<meta name=\"twitter:site\" content=\"@NOTICIEROS7\" \/>\n<meta name=\"twitter:label1\" content=\"Escrito por\" \/>\n\t<meta name=\"twitter:data1\" content=\"Edici\u00f3n Web\" \/>\n\t<meta name=\"twitter:label2\" content=\"Tiempo de lectura\" \/>\n\t<meta name=\"twitter:data2\" content=\"2 minutos\" \/>\n<script type=\"application\/ld+json\" class=\"yoast-schema-graph\">{\"@context\":\"https:\\\/\\\/schema.org\",\"@graph\":[{\"@type\":\"Article\",\"@id\":\"https:\\\/\\\/canal7slp.tv\\\/2025\\\/lider-taliban-acusa-a-eua-de-oprimir-a-los-musulmanes-en-discurso-desde-kandahar\\\/#article\",\"isPartOf\":{\"@id\":\"https:\\\/\\\/canal7slp.tv\\\/2025\\\/lider-taliban-acusa-a-eua-de-oprimir-a-los-musulmanes-en-discurso-desde-kandahar\\\/\"},\"author\":{\"name\":\"Edici\u00f3n Web\",\"@id\":\"https:\\\/\\\/canal7slp.tv\\\/2025\\\/#\\\/schema\\\/person\\\/271e2b60a96e7cc9d9ac296f4d7e414b\"},\"headline\":\"L\u00edder talib\u00e1n acusa a EUA de oprimir a los musulmanes en discurso desde Kandahar\",\"datePublished\":\"2025-06-08T16:12:11+00:00\",\"mainEntityOfPage\":{\"@id\":\"https:\\\/\\\/canal7slp.tv\\\/2025\\\/lider-taliban-acusa-a-eua-de-oprimir-a-los-musulmanes-en-discurso-desde-kandahar\\\/\"},\"wordCount\":334,\"publisher\":{\"@id\":\"https:\\\/\\\/canal7slp.tv\\\/2025\\\/#organization\"},\"image\":{\"@id\":\"https:\\\/\\\/canal7slp.tv\\\/2025\\\/lider-taliban-acusa-a-eua-de-oprimir-a-los-musulmanes-en-discurso-desde-kandahar\\\/#primaryimage\"},\"thumbnailUrl\":\"https:\\\/\\\/canal7slp.tv\\\/2025\\\/wp-content\\\/uploads\\\/2025\\\/06\\\/04-7.jpg\",\"articleSection\":[\"INTERNACIONALES\"],\"inLanguage\":\"es\"},{\"@type\":\"WebPage\",\"@id\":\"https:\\\/\\\/canal7slp.tv\\\/2025\\\/lider-taliban-acusa-a-eua-de-oprimir-a-los-musulmanes-en-discurso-desde-kandahar\\\/\",\"url\":\"https:\\\/\\\/canal7slp.tv\\\/2025\\\/lider-taliban-acusa-a-eua-de-oprimir-a-los-musulmanes-en-discurso-desde-kandahar\\\/\",\"name\":\"L\u00edder talib\u00e1n acusa a EUA de oprimir a los musulmanes en discurso desde Kandahar - Canal 7 SLP - 2025\",\"isPartOf\":{\"@id\":\"https:\\\/\\\/canal7slp.tv\\\/2025\\\/#website\"},\"primaryImageOfPage\":{\"@id\":\"https:\\\/\\\/canal7slp.tv\\\/2025\\\/lider-taliban-acusa-a-eua-de-oprimir-a-los-musulmanes-en-discurso-desde-kandahar\\\/#primaryimage\"},\"image\":{\"@id\":\"https:\\\/\\\/canal7slp.tv\\\/2025\\\/lider-taliban-acusa-a-eua-de-oprimir-a-los-musulmanes-en-discurso-desde-kandahar\\\/#primaryimage\"},\"thumbnailUrl\":\"https:\\\/\\\/canal7slp.tv\\\/2025\\\/wp-content\\\/uploads\\\/2025\\\/06\\\/04-7.jpg\",\"datePublished\":\"2025-06-08T16:12:11+00:00\",\"breadcrumb\":{\"@id\":\"https:\\\/\\\/canal7slp.tv\\\/2025\\\/lider-taliban-acusa-a-eua-de-oprimir-a-los-musulmanes-en-discurso-desde-kandahar\\\/#breadcrumb\"},\"inLanguage\":\"es\",\"potentialAction\":[{\"@type\":\"ReadAction\",\"target\":[\"https:\\\/\\\/canal7slp.tv\\\/2025\\\/lider-taliban-acusa-a-eua-de-oprimir-a-los-musulmanes-en-discurso-desde-kandahar\\\/\"]}]},{\"@type\":\"ImageObject\",\"inLanguage\":\"es\",\"@id\":\"https:\\\/\\\/canal7slp.tv\\\/2025\\\/lider-taliban-acusa-a-eua-de-oprimir-a-los-musulmanes-en-discurso-desde-kandahar\\\/#primaryimage\",\"url\":\"https:\\\/\\\/canal7slp.tv\\\/2025\\\/wp-content\\\/uploads\\\/2025\\\/06\\\/04-7.jpg\",\"contentUrl\":\"https:\\\/\\\/canal7slp.tv\\\/2025\\\/wp-content\\\/uploads\\\/2025\\\/06\\\/04-7.jpg\",\"width\":793,\"height\":450},{\"@type\":\"BreadcrumbList\",\"@id\":\"https:\\\/\\\/canal7slp.tv\\\/2025\\\/lider-taliban-acusa-a-eua-de-oprimir-a-los-musulmanes-en-discurso-desde-kandahar\\\/#breadcrumb\",\"itemListElement\":[{\"@type\":\"ListItem\",\"position\":1,\"name\":\"Portada\",\"item\":\"https:\\\/\\\/canal7slp.tv\\\/2025\\\/\"},{\"@type\":\"ListItem\",\"position\":2,\"name\":\"L\u00edder talib\u00e1n acusa a EUA de oprimir a los musulmanes en discurso desde Kandahar\"}]},{\"@type\":\"WebSite\",\"@id\":\"https:\\\/\\\/canal7slp.tv\\\/2025\\\/#website\",\"url\":\"https:\\\/\\\/canal7slp.tv\\\/2025\\\/\",\"name\":\"N7 - Noticieros Canal 7\",\"description\":\"Somos el Medio\",\"publisher\":{\"@id\":\"https:\\\/\\\/canal7slp.tv\\\/2025\\\/#organization\"},\"potentialAction\":[{\"@type\":\"SearchAction\",\"target\":{\"@type\":\"EntryPoint\",\"urlTemplate\":\"https:\\\/\\\/canal7slp.tv\\\/2025\\\/?s={search_term_string}\"},\"query-input\":{\"@type\":\"PropertyValueSpecification\",\"valueRequired\":true,\"valueName\":\"search_term_string\"}}],\"inLanguage\":\"es\"},{\"@type\":\"Organization\",\"@id\":\"https:\\\/\\\/canal7slp.tv\\\/2025\\\/#organization\",\"name\":\"Noticieros Canal 7\",\"url\":\"https:\\\/\\\/canal7slp.tv\\\/2025\\\/\",\"logo\":{\"@type\":\"ImageObject\",\"inLanguage\":\"es\",\"@id\":\"https:\\\/\\\/canal7slp.tv\\\/2025\\\/#\\\/schema\\\/logo\\\/image\\\/\",\"url\":\"https:\\\/\\\/canal7slp.tv\\\/2025\\\/wp-content\\\/uploads\\\/2021\\\/01\\\/logo-noticieros@2x.png\",\"contentUrl\":\"https:\\\/\\\/canal7slp.tv\\\/2025\\\/wp-content\\\/uploads\\\/2021\\\/01\\\/logo-noticieros@2x.png\",\"width\":1017,\"height\":268,\"caption\":\"Noticieros Canal 7\"},\"image\":{\"@id\":\"https:\\\/\\\/canal7slp.tv\\\/2025\\\/#\\\/schema\\\/logo\\\/image\\\/\"},\"sameAs\":[\"https:\\\/\\\/www.facebook.com\\\/noticieroscanal7atencionciudadana\\\/\",\"https:\\\/\\\/x.com\\\/NOTICIEROS7\",\"https:\\\/\\\/www.instagram.com\\\/canal7_slp\",\"https:\\\/\\\/www.youtube.com\\\/channel\\\/UCliiYs-gP3JfJeqdPrNdd5A\"]},{\"@type\":\"Person\",\"@id\":\"https:\\\/\\\/canal7slp.tv\\\/2025\\\/#\\\/schema\\\/person\\\/271e2b60a96e7cc9d9ac296f4d7e414b\",\"name\":\"Edici\u00f3n Web\",\"image\":{\"@type\":\"ImageObject\",\"inLanguage\":\"es\",\"@id\":\"https:\\\/\\\/secure.gravatar.com\\\/avatar\\\/eee448fc3f7164808013b816ba91ac7e43bbe82a70bebac296f8bc6f0addaa1a?s=96&d=mm&r=g\",\"url\":\"https:\\\/\\\/secure.gravatar.com\\\/avatar\\\/eee448fc3f7164808013b816ba91ac7e43bbe82a70bebac296f8bc6f0addaa1a?s=96&d=mm&r=g\",\"contentUrl\":\"https:\\\/\\\/secure.gravatar.com\\\/avatar\\\/eee448fc3f7164808013b816ba91ac7e43bbe82a70bebac296f8bc6f0addaa1a?s=96&d=mm&r=g\",\"caption\":\"Edici\u00f3n Web\"},\"url\":\"https:\\\/\\\/canal7slp.tv\\\/2025\\\/author\\\/edicionweb\\\/\"}]}<\/script>\n<!-- \/ Yoast SEO plugin. -->","yoast_head_json":{"title":"L\u00edder talib\u00e1n acusa a EUA de oprimir a los musulmanes en discurso desde Kandahar - Canal 7 SLP - 2025","robots":{"index":"index","follow":"follow","max-snippet":"max-snippet:-1","max-image-preview":"max-image-preview:large","max-video-preview":"max-video-preview:-1"},"canonical":"https:\/\/canal7slp.tv\/2025\/lider-taliban-acusa-a-eua-de-oprimir-a-los-musulmanes-en-discurso-desde-kandahar\/","og_locale":"es_ES","og_type":"article","og_title":"L\u00edder talib\u00e1n acusa a EUA de oprimir a los musulmanes en discurso desde Kandahar - Canal 7 SLP - 2025","og_description":"Kandahar.- El l\u00edder supremo de los talibanes ha se\u00f1alado a Estados Unidos como el principal opresor de los musulmanes a nivel mundial, criticando su apoyo a Israel en el conflicto de Gaza y recordando la intervenci\u00f3n militar estadounidense en Afganist\u00e1n. En un discurso realizado en una mezquita de Kandahar, el l\u00edder talib\u00e1n denunci\u00f3 lo que considera una campa\u00f1a global de injusticia contra los musulmanes, orquestada por Washington. El l\u00edder afirm\u00f3: \u00abSe ha lanzado otra invasi\u00f3n por parte de los incr\u00e9dulos contra la santidad de los musulmanes\u00bb, comparando la invasi\u00f3n de Afganist\u00e1n con la actual situaci\u00f3n en Palestina. Su discurso se [&hellip;]","og_url":"https:\/\/canal7slp.tv\/2025\/lider-taliban-acusa-a-eua-de-oprimir-a-los-musulmanes-en-discurso-desde-kandahar\/","og_site_name":"Canal 7 SLP - 2025","article_publisher":"https:\/\/www.facebook.com\/noticieroscanal7atencionciudadana\/","article_published_time":"2025-06-08T16:12:11+00:00","og_image":[{"width":793,"height":450,"url":"https:\/\/canal7slp.tv\/2025\/wp-content\/uploads\/2025\/06\/04-7.jpg","type":"image\/jpeg"}],"author":"Edici\u00f3n Web","twitter_card":"summary_large_image","twitter_creator":"@NOTICIEROS7","twitter_site":"@NOTICIEROS7","twitter_misc":{"Escrito por":"Edici\u00f3n Web","Tiempo de lectura":"2 minutos"},"schema":{"@context":"https:\/\/schema.org","@graph":[{"@type":"Article","@id":"https:\/\/canal7slp.tv\/2025\/lider-taliban-acusa-a-eua-de-oprimir-a-los-musulmanes-en-discurso-desde-kandahar\/#article","isPartOf":{"@id":"https:\/\/canal7slp.tv\/2025\/lider-taliban-acusa-a-eua-de-oprimir-a-los-musulmanes-en-discurso-desde-kandahar\/"},"author":{"name":"Edici\u00f3n Web","@id":"https:\/\/canal7slp.tv\/2025\/#\/schema\/person\/271e2b60a96e7cc9d9ac296f4d7e414b"},"headline":"L\u00edder talib\u00e1n acusa a EUA de oprimir a los musulmanes en discurso desde Kandahar","datePublished":"2025-06-08T16:12:11+00:00","mainEntityOfPage":{"@id":"https:\/\/canal7slp.tv\/2025\/lider-taliban-acusa-a-eua-de-oprimir-a-los-musulmanes-en-discurso-desde-kandahar\/"},"wordCount":334,"publisher":{"@id":"https:\/\/canal7slp.tv\/2025\/#organization"},"image":{"@id":"https:\/\/canal7slp.tv\/2025\/lider-taliban-acusa-a-eua-de-oprimir-a-los-musulmanes-en-discurso-desde-kandahar\/#primaryimage"},"thumbnailUrl":"https:\/\/canal7slp.tv\/2025\/wp-content\/uploads\/2025\/06\/04-7.jpg","articleSection":["INTERNACIONALES"],"inLanguage":"es"},{"@type":"WebPage","@id":"https:\/\/canal7slp.tv\/2025\/lider-taliban-acusa-a-eua-de-oprimir-a-los-musulmanes-en-discurso-desde-kandahar\/","url":"https:\/\/canal7slp.tv\/2025\/lider-taliban-acusa-a-eua-de-oprimir-a-los-musulmanes-en-discurso-desde-kandahar\/","name":"L\u00edder talib\u00e1n acusa a EUA de oprimir a los musulmanes en discurso desde Kandahar - Canal 7 SLP - 2025","isPartOf":{"@id":"https:\/\/canal7slp.tv\/2025\/#website"},"primaryImageOfPage":{"@id":"https:\/\/canal7slp.tv\/2025\/lider-taliban-acusa-a-eua-de-oprimir-a-los-musulmanes-en-discurso-desde-kandahar\/#primaryimage"},"image":{"@id":"https:\/\/canal7slp.tv\/2025\/lider-taliban-acusa-a-eua-de-oprimir-a-los-musulmanes-en-discurso-desde-kandahar\/#primaryimage"},"thumbnailUrl":"https:\/\/canal7slp.tv\/2025\/wp-content\/uploads\/2025\/06\/04-7.jpg","datePublished":"2025-06-08T16:12:11+00:00","breadcrumb":{"@id":"https:\/\/canal7slp.tv\/2025\/lider-taliban-acusa-a-eua-de-oprimir-a-los-musulmanes-en-discurso-desde-kandahar\/#breadcrumb"},"inLanguage":"es","potentialAction":[{"@type":"ReadAction","target":["https:\/\/canal7slp.tv\/2025\/lider-taliban-acusa-a-eua-de-oprimir-a-los-musulmanes-en-discurso-desde-kandahar\/"]}]},{"@type":"ImageObject","inLanguage":"es","@id":"https:\/\/canal7slp.tv\/2025\/lider-taliban-acusa-a-eua-de-oprimir-a-los-musulmanes-en-discurso-desde-kandahar\/#primaryimage","url":"https:\/\/canal7slp.tv\/2025\/wp-content\/uploads\/2025\/06\/04-7.jpg","contentUrl":"https:\/\/canal7slp.tv\/2025\/wp-content\/uploads\/2025\/06\/04-7.jpg","width":793,"height":450},{"@type":"BreadcrumbList","@id":"https:\/\/canal7slp.tv\/2025\/lider-taliban-acusa-a-eua-de-oprimir-a-los-musulmanes-en-discurso-desde-kandahar\/#breadcrumb","itemListElement":[{"@type":"ListItem","position":1,"name":"Portada","item":"https:\/\/canal7slp.tv\/2025\/"},{"@type":"ListItem","position":2,"name":"L\u00edder talib\u00e1n acusa a EUA de oprimir a los musulmanes en discurso desde Kandahar"}]},{"@type":"WebSite","@id":"https:\/\/canal7slp.tv\/2025\/#website","url":"https:\/\/canal7slp.tv\/2025\/","name":"N7 - Noticieros Canal 7","description":"Somos el Medio","publisher":{"@id":"https:\/\/canal7slp.tv\/2025\/#organization"},"potentialAction":[{"@type":"SearchAction","target":{"@type":"EntryPoint","urlTemplate":"https:\/\/canal7slp.tv\/2025\/?s={search_term_string}"},"query-input":{"@type":"PropertyValueSpecification","valueRequired":true,"valueName":"search_term_string"}}],"inLanguage":"es"},{"@type":"Organization","@id":"https:\/\/canal7slp.tv\/2025\/#organization","name":"Noticieros Canal 7","url":"https:\/\/canal7slp.tv\/2025\/","logo":{"@type":"ImageObject","inLanguage":"es","@id":"https:\/\/canal7slp.tv\/2025\/#\/schema\/logo\/image\/","url":"https:\/\/canal7slp.tv\/2025\/wp-content\/uploads\/2021\/01\/logo-noticieros@2x.png","contentUrl":"https:\/\/canal7slp.tv\/2025\/wp-content\/uploads\/2021\/01\/logo-noticieros@2x.png","width":1017,"height":268,"caption":"Noticieros Canal 7"},"image":{"@id":"https:\/\/canal7slp.tv\/2025\/#\/schema\/logo\/image\/"},"sameAs":["https:\/\/www.facebook.com\/noticieroscanal7atencionciudadana\/","https:\/\/x.com\/NOTICIEROS7","https:\/\/www.instagram.com\/canal7_slp","https:\/\/www.youtube.com\/channel\/UCliiYs-gP3JfJeqdPrNdd5A"]},{"@type":"Person","@id":"https:\/\/canal7slp.tv\/2025\/#\/schema\/person\/271e2b60a96e7cc9d9ac296f4d7e414b","name":"Edici\u00f3n Web","image":{"@type":"ImageObject","inLanguage":"es","@id":"https:\/\/secure.gravatar.com\/avatar\/eee448fc3f7164808013b816ba91ac7e43bbe82a70bebac296f8bc6f0addaa1a?s=96&d=mm&r=g","url":"https:\/\/secure.gravatar.com\/avatar\/eee448fc3f7164808013b816ba91ac7e43bbe82a70bebac296f8bc6f0addaa1a?s=96&d=mm&r=g","contentUrl":"https:\/\/secure.gravatar.com\/avatar\/eee448fc3f7164808013b816ba91ac7e43bbe82a70bebac296f8bc6f0addaa1a?s=96&d=mm&r=g","caption":"Edici\u00f3n Web"},"url":"https:\/\/canal7slp.tv\/2025\/author\/edicionweb\/"}]}},"_links":{"self":[{"href":"https:\/\/canal7slp.tv\/2025\/wp-json\/wp\/v2\/posts\/169828","targetHints":{"allow":["GET"]}}],"collection":[{"href":"https:\/\/canal7slp.tv\/2025\/wp-json\/wp\/v2\/posts"}],"about":[{"href":"https:\/\/canal7slp.tv\/2025\/wp-json\/wp\/v2\/types\/post"}],"author":[{"embeddable":true,"href":"https:\/\/canal7slp.tv\/2025\/wp-json\/wp\/v2\/users\/2"}],"replies":[{"embeddable":true,"href":"https:\/\/canal7slp.tv\/2025\/wp-json\/wp\/v2\/comments?post=169828"}],"version-history":[{"count":1,"href":"https:\/\/canal7slp.tv\/2025\/wp-json\/wp\/v2\/posts\/169828\/revisions"}],"predecessor-version":[{"id":169830,"href":"https:\/\/canal7slp.tv\/2025\/wp-json\/wp\/v2\/posts\/169828\/revisions\/169830"}],"wp:featuredmedia":[{"embeddable":true,"href":"https:\/\/canal7slp.tv\/2025\/wp-json\/wp\/v2\/media\/169829"}],"wp:attachment":[{"href":"https:\/\/canal7slp.tv\/2025\/wp-json\/wp\/v2\/media?parent=169828"}],"wp:term":[{"taxonomy":"category","embeddable":true,"href":"https:\/\/canal7slp.tv\/2025\/wp-json\/wp\/v2\/categories?post=169828"},{"taxonomy":"post_tag","embeddable":true,"href":"https:\/\/canal7slp.tv\/2025\/wp-json\/wp\/v2\/tags?post=169828"}],"curies":[{"name":"wp","href":"https:\/\/api.w.org\/{rel}","templated":true}]}}