{"id":169825,"date":"2025-06-08T09:47:47","date_gmt":"2025-06-08T15:47:47","guid":{"rendered":"https:\/\/canal7slp.tv\/2025\/?p=169825"},"modified":"2025-06-08T09:47:47","modified_gmt":"2025-06-08T15:47:47","slug":"presidente-de-colombia-ordena-investigar-a-fondo-atentado-contra-miguel-uribe","status":"publish","type":"post","link":"https:\/\/canal7slp.tv\/2025\/presidente-de-colombia-ordena-investigar-a-fondo-atentado-contra-miguel-uribe\/","title":{"rendered":"Presidente de Colombia ordena investigar a fondo atentado contra Miguel Uribe"},"content":{"rendered":"<p style=\"text-align: justify;\">\n<p style=\"text-align: justify;\">Bogot\u00e1.- El presidente de Colombia, Gustavo Petro, asegur\u00f3 el s\u00e1bado que su gobierno se enfocar\u00e1 plenamente en identificar a los autores intelectuales del atentado que dej\u00f3 gravemente herido al senador y precandidato presidencial Miguel Uribe Turbay. Durante una conferencia de prensa, el mandatario cuestion\u00f3 la actuaci\u00f3n del equipo de seguridad que proteg\u00eda al senador, sugiriendo posibles fallos en los protocolos de protecci\u00f3n.<\/p>\n<p style=\"text-align: justify;\">\u00abHe ordenado que se investigue incluso a la escolta\u00bb, declar\u00f3 Petro, a\u00f1adiendo que un ataque contra una persona bajo custodia del Estado evidencia deficiencias en los servicios de seguridad. El presidente destac\u00f3 que la verdad es esencial y que la investigaci\u00f3n ser\u00e1 profunda, con participaci\u00f3n de todas las agencias de inteligencia.<\/p>\n<p style=\"text-align: justify;\">Uribe Turbay, de 39 a\u00f1os, fue baleado durante un acto de campa\u00f1a en el barrio Modelia, en Bogot\u00e1, y se encuentra en estado cr\u00edtico tras ser sometido a una operaci\u00f3n de tres horas en la Cl\u00ednica Fundaci\u00f3n Santa Fe. Inicialmente fue atendido en un centro m\u00e9dico de Fontib\u00f3n, tras recibir dos disparos mientras pronunciaba un discurso.<\/p>\n<p style=\"text-align: justify;\">Petro reconoci\u00f3 sus diferencias pol\u00edticas con Uribe, pero enfatiz\u00f3 que es responsabilidad del Estado garantizar la vida y la libertad de sus opositores, pilares fundamentales de la democracia. Afirm\u00f3 adem\u00e1s que todas las hip\u00f3tesis siguen abiertas mientras avanza la investigaci\u00f3n.<\/p>\n<p style=\"text-align: justify;\">Cabe se\u00f1alar, que la Fiscal\u00eda confirm\u00f3 que el atacante es un adolescente de 15 a\u00f1os, detenido en el lugar de los hechos con una pistola Glock.<\/p>\n<p style=\"text-align: justify;\">\n<p style=\"text-align: justify;\">\n","protected":false},"excerpt":{"rendered":"<p>Bogot\u00e1.- El presidente de Colombia, Gustavo Petro, asegur\u00f3 el s\u00e1bado que su gobierno se enfocar\u00e1 plenamente en identificar a los autores intelectuales del atentado que dej\u00f3 gravemente herido al senador y precandidato presidencial Miguel Uribe Turbay. Durante una conferencia de prensa, el mandatario cuestion\u00f3 la actuaci\u00f3n del equipo de seguridad que proteg\u00eda al senador, sugiriendo posibles fallos en los protocolos de protecci\u00f3n. \u00abHe ordenado que se investigue incluso a la escolta\u00bb, declar\u00f3 Petro, a\u00f1adiendo que un ataque contra una persona bajo custodia del Estado evidencia deficiencias en los servicios de seguridad. El presidente destac\u00f3 que la verdad es esencial y [&hellip;]<\/p>\n","protected":false},"author":2,"featured_media":169826,"comment_status":"closed","ping_status":"closed","sticky":false,"template":"","format":"standard","meta":{"_monsterinsights_skip_tracking":false,"_monsterinsights_sitenote_active":false,"_monsterinsights_sitenote_note":"","_monsterinsights_sitenote_category":0,"footnotes":""},"categories":[44],"tags":[],"class_list":["post-169825","post","type-post","status-publish","format-standard","has-post-thumbnail","hentry","category-internacional","post--single"],"yoast_head":"<!-- This site is optimized with the Yoast SEO plugin v27.4 - https:\/\/yoast.com\/product\/yoast-seo-wordpress\/ -->\n<title>Presidente de Colombia ordena investigar a fondo atentado contra Miguel Uribe - Canal 7 SLP - 2025<\/title>\n<meta name=\"robots\" content=\"index, follow, max-snippet:-1, max-image-preview:large, max-video-preview:-1\" \/>\n<link rel=\"canonical\" href=\"https:\/\/canal7slp.tv\/2025\/presidente-de-colombia-ordena-investigar-a-fondo-atentado-contra-miguel-uribe\/\" \/>\n<meta property=\"og:locale\" content=\"es_ES\" \/>\n<meta property=\"og:type\" content=\"article\" \/>\n<meta property=\"og:title\" content=\"Presidente de Colombia ordena investigar a fondo atentado contra Miguel Uribe - Canal 7 SLP - 2025\" \/>\n<meta property=\"og:description\" content=\"Bogot\u00e1.- El presidente de Colombia, Gustavo Petro, asegur\u00f3 el s\u00e1bado que su gobierno se enfocar\u00e1 plenamente en identificar a los autores intelectuales del atentado que dej\u00f3 gravemente herido al senador y precandidato presidencial Miguel Uribe Turbay. Durante una conferencia de prensa, el mandatario cuestion\u00f3 la actuaci\u00f3n del equipo de seguridad que proteg\u00eda al senador, sugiriendo posibles fallos en los protocolos de protecci\u00f3n. \u00abHe ordenado que se investigue incluso a la escolta\u00bb, declar\u00f3 Petro, a\u00f1adiendo que un ataque contra una persona bajo custodia del Estado evidencia deficiencias en los servicios de seguridad. El presidente destac\u00f3 que la verdad es esencial y [&hellip;]\" \/>\n<meta property=\"og:url\" content=\"https:\/\/canal7slp.tv\/2025\/presidente-de-colombia-ordena-investigar-a-fondo-atentado-contra-miguel-uribe\/\" \/>\n<meta property=\"og:site_name\" content=\"Canal 7 SLP - 2025\" \/>\n<meta property=\"article:publisher\" content=\"https:\/\/www.facebook.com\/noticieroscanal7atencionciudadana\/\" \/>\n<meta property=\"article:published_time\" content=\"2025-06-08T15:47:47+00:00\" \/>\n<meta property=\"og:image\" content=\"https:\/\/canal7slp.tv\/2025\/wp-content\/uploads\/2025\/06\/03-7.jpg\" \/>\n\t<meta property=\"og:image:width\" content=\"896\" \/>\n\t<meta property=\"og:image:height\" content=\"500\" \/>\n\t<meta property=\"og:image:type\" content=\"image\/jpeg\" \/>\n<meta name=\"author\" content=\"Edici\u00f3n Web\" \/>\n<meta name=\"twitter:card\" content=\"summary_large_image\" \/>\n<meta name=\"twitter:creator\" content=\"@NOTICIEROS7\" \/>\n<meta name=\"twitter:site\" content=\"@NOTICIEROS7\" \/>\n<meta name=\"twitter:label1\" content=\"Escrito por\" \/>\n\t<meta name=\"twitter:data1\" content=\"Edici\u00f3n Web\" \/>\n\t<meta name=\"twitter:label2\" content=\"Tiempo de lectura\" \/>\n\t<meta name=\"twitter:data2\" content=\"2 minutos\" \/>\n<script type=\"application\/ld+json\" class=\"yoast-schema-graph\">{\"@context\":\"https:\\\/\\\/schema.org\",\"@graph\":[{\"@type\":\"Article\",\"@id\":\"https:\\\/\\\/canal7slp.tv\\\/2025\\\/presidente-de-colombia-ordena-investigar-a-fondo-atentado-contra-miguel-uribe\\\/#article\",\"isPartOf\":{\"@id\":\"https:\\\/\\\/canal7slp.tv\\\/2025\\\/presidente-de-colombia-ordena-investigar-a-fondo-atentado-contra-miguel-uribe\\\/\"},\"author\":{\"name\":\"Edici\u00f3n Web\",\"@id\":\"https:\\\/\\\/canal7slp.tv\\\/2025\\\/#\\\/schema\\\/person\\\/271e2b60a96e7cc9d9ac296f4d7e414b\"},\"headline\":\"Presidente de Colombia ordena investigar a fondo atentado contra Miguel Uribe\",\"datePublished\":\"2025-06-08T15:47:47+00:00\",\"mainEntityOfPage\":{\"@id\":\"https:\\\/\\\/canal7slp.tv\\\/2025\\\/presidente-de-colombia-ordena-investigar-a-fondo-atentado-contra-miguel-uribe\\\/\"},\"wordCount\":267,\"publisher\":{\"@id\":\"https:\\\/\\\/canal7slp.tv\\\/2025\\\/#organization\"},\"image\":{\"@id\":\"https:\\\/\\\/canal7slp.tv\\\/2025\\\/presidente-de-colombia-ordena-investigar-a-fondo-atentado-contra-miguel-uribe\\\/#primaryimage\"},\"thumbnailUrl\":\"https:\\\/\\\/canal7slp.tv\\\/2025\\\/wp-content\\\/uploads\\\/2025\\\/06\\\/03-7.jpg\",\"articleSection\":[\"INTERNACIONALES\"],\"inLanguage\":\"es\"},{\"@type\":\"WebPage\",\"@id\":\"https:\\\/\\\/canal7slp.tv\\\/2025\\\/presidente-de-colombia-ordena-investigar-a-fondo-atentado-contra-miguel-uribe\\\/\",\"url\":\"https:\\\/\\\/canal7slp.tv\\\/2025\\\/presidente-de-colombia-ordena-investigar-a-fondo-atentado-contra-miguel-uribe\\\/\",\"name\":\"Presidente de Colombia ordena investigar a fondo atentado contra Miguel Uribe - Canal 7 SLP - 2025\",\"isPartOf\":{\"@id\":\"https:\\\/\\\/canal7slp.tv\\\/2025\\\/#website\"},\"primaryImageOfPage\":{\"@id\":\"https:\\\/\\\/canal7slp.tv\\\/2025\\\/presidente-de-colombia-ordena-investigar-a-fondo-atentado-contra-miguel-uribe\\\/#primaryimage\"},\"image\":{\"@id\":\"https:\\\/\\\/canal7slp.tv\\\/2025\\\/presidente-de-colombia-ordena-investigar-a-fondo-atentado-contra-miguel-uribe\\\/#primaryimage\"},\"thumbnailUrl\":\"https:\\\/\\\/canal7slp.tv\\\/2025\\\/wp-content\\\/uploads\\\/2025\\\/06\\\/03-7.jpg\",\"datePublished\":\"2025-06-08T15:47:47+00:00\",\"breadcrumb\":{\"@id\":\"https:\\\/\\\/canal7slp.tv\\\/2025\\\/presidente-de-colombia-ordena-investigar-a-fondo-atentado-contra-miguel-uribe\\\/#breadcrumb\"},\"inLanguage\":\"es\",\"potentialAction\":[{\"@type\":\"ReadAction\",\"target\":[\"https:\\\/\\\/canal7slp.tv\\\/2025\\\/presidente-de-colombia-ordena-investigar-a-fondo-atentado-contra-miguel-uribe\\\/\"]}]},{\"@type\":\"ImageObject\",\"inLanguage\":\"es\",\"@id\":\"https:\\\/\\\/canal7slp.tv\\\/2025\\\/presidente-de-colombia-ordena-investigar-a-fondo-atentado-contra-miguel-uribe\\\/#primaryimage\",\"url\":\"https:\\\/\\\/canal7slp.tv\\\/2025\\\/wp-content\\\/uploads\\\/2025\\\/06\\\/03-7.jpg\",\"contentUrl\":\"https:\\\/\\\/canal7slp.tv\\\/2025\\\/wp-content\\\/uploads\\\/2025\\\/06\\\/03-7.jpg\",\"width\":896,\"height\":500},{\"@type\":\"BreadcrumbList\",\"@id\":\"https:\\\/\\\/canal7slp.tv\\\/2025\\\/presidente-de-colombia-ordena-investigar-a-fondo-atentado-contra-miguel-uribe\\\/#breadcrumb\",\"itemListElement\":[{\"@type\":\"ListItem\",\"position\":1,\"name\":\"Portada\",\"item\":\"https:\\\/\\\/canal7slp.tv\\\/2025\\\/\"},{\"@type\":\"ListItem\",\"position\":2,\"name\":\"Presidente de Colombia ordena investigar a fondo atentado contra Miguel Uribe\"}]},{\"@type\":\"WebSite\",\"@id\":\"https:\\\/\\\/canal7slp.tv\\\/2025\\\/#website\",\"url\":\"https:\\\/\\\/canal7slp.tv\\\/2025\\\/\",\"name\":\"N7 - Noticieros Canal 7\",\"description\":\"Somos el Medio\",\"publisher\":{\"@id\":\"https:\\\/\\\/canal7slp.tv\\\/2025\\\/#organization\"},\"potentialAction\":[{\"@type\":\"SearchAction\",\"target\":{\"@type\":\"EntryPoint\",\"urlTemplate\":\"https:\\\/\\\/canal7slp.tv\\\/2025\\\/?s={search_term_string}\"},\"query-input\":{\"@type\":\"PropertyValueSpecification\",\"valueRequired\":true,\"valueName\":\"search_term_string\"}}],\"inLanguage\":\"es\"},{\"@type\":\"Organization\",\"@id\":\"https:\\\/\\\/canal7slp.tv\\\/2025\\\/#organization\",\"name\":\"Noticieros Canal 7\",\"url\":\"https:\\\/\\\/canal7slp.tv\\\/2025\\\/\",\"logo\":{\"@type\":\"ImageObject\",\"inLanguage\":\"es\",\"@id\":\"https:\\\/\\\/canal7slp.tv\\\/2025\\\/#\\\/schema\\\/logo\\\/image\\\/\",\"url\":\"https:\\\/\\\/canal7slp.tv\\\/2025\\\/wp-content\\\/uploads\\\/2021\\\/01\\\/logo-noticieros@2x.png\",\"contentUrl\":\"https:\\\/\\\/canal7slp.tv\\\/2025\\\/wp-content\\\/uploads\\\/2021\\\/01\\\/logo-noticieros@2x.png\",\"width\":1017,\"height\":268,\"caption\":\"Noticieros Canal 7\"},\"image\":{\"@id\":\"https:\\\/\\\/canal7slp.tv\\\/2025\\\/#\\\/schema\\\/logo\\\/image\\\/\"},\"sameAs\":[\"https:\\\/\\\/www.facebook.com\\\/noticieroscanal7atencionciudadana\\\/\",\"https:\\\/\\\/x.com\\\/NOTICIEROS7\",\"https:\\\/\\\/www.instagram.com\\\/canal7_slp\",\"https:\\\/\\\/www.youtube.com\\\/channel\\\/UCliiYs-gP3JfJeqdPrNdd5A\"]},{\"@type\":\"Person\",\"@id\":\"https:\\\/\\\/canal7slp.tv\\\/2025\\\/#\\\/schema\\\/person\\\/271e2b60a96e7cc9d9ac296f4d7e414b\",\"name\":\"Edici\u00f3n Web\",\"image\":{\"@type\":\"ImageObject\",\"inLanguage\":\"es\",\"@id\":\"https:\\\/\\\/secure.gravatar.com\\\/avatar\\\/eee448fc3f7164808013b816ba91ac7e43bbe82a70bebac296f8bc6f0addaa1a?s=96&d=mm&r=g\",\"url\":\"https:\\\/\\\/secure.gravatar.com\\\/avatar\\\/eee448fc3f7164808013b816ba91ac7e43bbe82a70bebac296f8bc6f0addaa1a?s=96&d=mm&r=g\",\"contentUrl\":\"https:\\\/\\\/secure.gravatar.com\\\/avatar\\\/eee448fc3f7164808013b816ba91ac7e43bbe82a70bebac296f8bc6f0addaa1a?s=96&d=mm&r=g\",\"caption\":\"Edici\u00f3n Web\"},\"url\":\"https:\\\/\\\/canal7slp.tv\\\/2025\\\/author\\\/edicionweb\\\/\"}]}<\/script>\n<!-- \/ Yoast SEO plugin. -->","yoast_head_json":{"title":"Presidente de Colombia ordena investigar a fondo atentado contra Miguel Uribe - Canal 7 SLP - 2025","robots":{"index":"index","follow":"follow","max-snippet":"max-snippet:-1","max-image-preview":"max-image-preview:large","max-video-preview":"max-video-preview:-1"},"canonical":"https:\/\/canal7slp.tv\/2025\/presidente-de-colombia-ordena-investigar-a-fondo-atentado-contra-miguel-uribe\/","og_locale":"es_ES","og_type":"article","og_title":"Presidente de Colombia ordena investigar a fondo atentado contra Miguel Uribe - Canal 7 SLP - 2025","og_description":"Bogot\u00e1.- El presidente de Colombia, Gustavo Petro, asegur\u00f3 el s\u00e1bado que su gobierno se enfocar\u00e1 plenamente en identificar a los autores intelectuales del atentado que dej\u00f3 gravemente herido al senador y precandidato presidencial Miguel Uribe Turbay. Durante una conferencia de prensa, el mandatario cuestion\u00f3 la actuaci\u00f3n del equipo de seguridad que proteg\u00eda al senador, sugiriendo posibles fallos en los protocolos de protecci\u00f3n. \u00abHe ordenado que se investigue incluso a la escolta\u00bb, declar\u00f3 Petro, a\u00f1adiendo que un ataque contra una persona bajo custodia del Estado evidencia deficiencias en los servicios de seguridad. El presidente destac\u00f3 que la verdad es esencial y [&hellip;]","og_url":"https:\/\/canal7slp.tv\/2025\/presidente-de-colombia-ordena-investigar-a-fondo-atentado-contra-miguel-uribe\/","og_site_name":"Canal 7 SLP - 2025","article_publisher":"https:\/\/www.facebook.com\/noticieroscanal7atencionciudadana\/","article_published_time":"2025-06-08T15:47:47+00:00","og_image":[{"width":896,"height":500,"url":"https:\/\/canal7slp.tv\/2025\/wp-content\/uploads\/2025\/06\/03-7.jpg","type":"image\/jpeg"}],"author":"Edici\u00f3n Web","twitter_card":"summary_large_image","twitter_creator":"@NOTICIEROS7","twitter_site":"@NOTICIEROS7","twitter_misc":{"Escrito por":"Edici\u00f3n Web","Tiempo de lectura":"2 minutos"},"schema":{"@context":"https:\/\/schema.org","@graph":[{"@type":"Article","@id":"https:\/\/canal7slp.tv\/2025\/presidente-de-colombia-ordena-investigar-a-fondo-atentado-contra-miguel-uribe\/#article","isPartOf":{"@id":"https:\/\/canal7slp.tv\/2025\/presidente-de-colombia-ordena-investigar-a-fondo-atentado-contra-miguel-uribe\/"},"author":{"name":"Edici\u00f3n Web","@id":"https:\/\/canal7slp.tv\/2025\/#\/schema\/person\/271e2b60a96e7cc9d9ac296f4d7e414b"},"headline":"Presidente de Colombia ordena investigar a fondo atentado contra Miguel Uribe","datePublished":"2025-06-08T15:47:47+00:00","mainEntityOfPage":{"@id":"https:\/\/canal7slp.tv\/2025\/presidente-de-colombia-ordena-investigar-a-fondo-atentado-contra-miguel-uribe\/"},"wordCount":267,"publisher":{"@id":"https:\/\/canal7slp.tv\/2025\/#organization"},"image":{"@id":"https:\/\/canal7slp.tv\/2025\/presidente-de-colombia-ordena-investigar-a-fondo-atentado-contra-miguel-uribe\/#primaryimage"},"thumbnailUrl":"https:\/\/canal7slp.tv\/2025\/wp-content\/uploads\/2025\/06\/03-7.jpg","articleSection":["INTERNACIONALES"],"inLanguage":"es"},{"@type":"WebPage","@id":"https:\/\/canal7slp.tv\/2025\/presidente-de-colombia-ordena-investigar-a-fondo-atentado-contra-miguel-uribe\/","url":"https:\/\/canal7slp.tv\/2025\/presidente-de-colombia-ordena-investigar-a-fondo-atentado-contra-miguel-uribe\/","name":"Presidente de Colombia ordena investigar a fondo atentado contra Miguel Uribe - Canal 7 SLP - 2025","isPartOf":{"@id":"https:\/\/canal7slp.tv\/2025\/#website"},"primaryImageOfPage":{"@id":"https:\/\/canal7slp.tv\/2025\/presidente-de-colombia-ordena-investigar-a-fondo-atentado-contra-miguel-uribe\/#primaryimage"},"image":{"@id":"https:\/\/canal7slp.tv\/2025\/presidente-de-colombia-ordena-investigar-a-fondo-atentado-contra-miguel-uribe\/#primaryimage"},"thumbnailUrl":"https:\/\/canal7slp.tv\/2025\/wp-content\/uploads\/2025\/06\/03-7.jpg","datePublished":"2025-06-08T15:47:47+00:00","breadcrumb":{"@id":"https:\/\/canal7slp.tv\/2025\/presidente-de-colombia-ordena-investigar-a-fondo-atentado-contra-miguel-uribe\/#breadcrumb"},"inLanguage":"es","potentialAction":[{"@type":"ReadAction","target":["https:\/\/canal7slp.tv\/2025\/presidente-de-colombia-ordena-investigar-a-fondo-atentado-contra-miguel-uribe\/"]}]},{"@type":"ImageObject","inLanguage":"es","@id":"https:\/\/canal7slp.tv\/2025\/presidente-de-colombia-ordena-investigar-a-fondo-atentado-contra-miguel-uribe\/#primaryimage","url":"https:\/\/canal7slp.tv\/2025\/wp-content\/uploads\/2025\/06\/03-7.jpg","contentUrl":"https:\/\/canal7slp.tv\/2025\/wp-content\/uploads\/2025\/06\/03-7.jpg","width":896,"height":500},{"@type":"BreadcrumbList","@id":"https:\/\/canal7slp.tv\/2025\/presidente-de-colombia-ordena-investigar-a-fondo-atentado-contra-miguel-uribe\/#breadcrumb","itemListElement":[{"@type":"ListItem","position":1,"name":"Portada","item":"https:\/\/canal7slp.tv\/2025\/"},{"@type":"ListItem","position":2,"name":"Presidente de Colombia ordena investigar a fondo atentado contra Miguel Uribe"}]},{"@type":"WebSite","@id":"https:\/\/canal7slp.tv\/2025\/#website","url":"https:\/\/canal7slp.tv\/2025\/","name":"N7 - Noticieros Canal 7","description":"Somos el Medio","publisher":{"@id":"https:\/\/canal7slp.tv\/2025\/#organization"},"potentialAction":[{"@type":"SearchAction","target":{"@type":"EntryPoint","urlTemplate":"https:\/\/canal7slp.tv\/2025\/?s={search_term_string}"},"query-input":{"@type":"PropertyValueSpecification","valueRequired":true,"valueName":"search_term_string"}}],"inLanguage":"es"},{"@type":"Organization","@id":"https:\/\/canal7slp.tv\/2025\/#organization","name":"Noticieros Canal 7","url":"https:\/\/canal7slp.tv\/2025\/","logo":{"@type":"ImageObject","inLanguage":"es","@id":"https:\/\/canal7slp.tv\/2025\/#\/schema\/logo\/image\/","url":"https:\/\/canal7slp.tv\/2025\/wp-content\/uploads\/2021\/01\/logo-noticieros@2x.png","contentUrl":"https:\/\/canal7slp.tv\/2025\/wp-content\/uploads\/2021\/01\/logo-noticieros@2x.png","width":1017,"height":268,"caption":"Noticieros Canal 7"},"image":{"@id":"https:\/\/canal7slp.tv\/2025\/#\/schema\/logo\/image\/"},"sameAs":["https:\/\/www.facebook.com\/noticieroscanal7atencionciudadana\/","https:\/\/x.com\/NOTICIEROS7","https:\/\/www.instagram.com\/canal7_slp","https:\/\/www.youtube.com\/channel\/UCliiYs-gP3JfJeqdPrNdd5A"]},{"@type":"Person","@id":"https:\/\/canal7slp.tv\/2025\/#\/schema\/person\/271e2b60a96e7cc9d9ac296f4d7e414b","name":"Edici\u00f3n Web","image":{"@type":"ImageObject","inLanguage":"es","@id":"https:\/\/secure.gravatar.com\/avatar\/eee448fc3f7164808013b816ba91ac7e43bbe82a70bebac296f8bc6f0addaa1a?s=96&d=mm&r=g","url":"https:\/\/secure.gravatar.com\/avatar\/eee448fc3f7164808013b816ba91ac7e43bbe82a70bebac296f8bc6f0addaa1a?s=96&d=mm&r=g","contentUrl":"https:\/\/secure.gravatar.com\/avatar\/eee448fc3f7164808013b816ba91ac7e43bbe82a70bebac296f8bc6f0addaa1a?s=96&d=mm&r=g","caption":"Edici\u00f3n Web"},"url":"https:\/\/canal7slp.tv\/2025\/author\/edicionweb\/"}]}},"_links":{"self":[{"href":"https:\/\/canal7slp.tv\/2025\/wp-json\/wp\/v2\/posts\/169825","targetHints":{"allow":["GET"]}}],"collection":[{"href":"https:\/\/canal7slp.tv\/2025\/wp-json\/wp\/v2\/posts"}],"about":[{"href":"https:\/\/canal7slp.tv\/2025\/wp-json\/wp\/v2\/types\/post"}],"author":[{"embeddable":true,"href":"https:\/\/canal7slp.tv\/2025\/wp-json\/wp\/v2\/users\/2"}],"replies":[{"embeddable":true,"href":"https:\/\/canal7slp.tv\/2025\/wp-json\/wp\/v2\/comments?post=169825"}],"version-history":[{"count":1,"href":"https:\/\/canal7slp.tv\/2025\/wp-json\/wp\/v2\/posts\/169825\/revisions"}],"predecessor-version":[{"id":169827,"href":"https:\/\/canal7slp.tv\/2025\/wp-json\/wp\/v2\/posts\/169825\/revisions\/169827"}],"wp:featuredmedia":[{"embeddable":true,"href":"https:\/\/canal7slp.tv\/2025\/wp-json\/wp\/v2\/media\/169826"}],"wp:attachment":[{"href":"https:\/\/canal7slp.tv\/2025\/wp-json\/wp\/v2\/media?parent=169825"}],"wp:term":[{"taxonomy":"category","embeddable":true,"href":"https:\/\/canal7slp.tv\/2025\/wp-json\/wp\/v2\/categories?post=169825"},{"taxonomy":"post_tag","embeddable":true,"href":"https:\/\/canal7slp.tv\/2025\/wp-json\/wp\/v2\/tags?post=169825"}],"curies":[{"name":"wp","href":"https:\/\/api.w.org\/{rel}","templated":true}]}}