{"id":168778,"date":"2025-05-28T19:51:48","date_gmt":"2025-05-29T01:51:48","guid":{"rendered":"https:\/\/canal7slp.tv\/2025\/?p=168778"},"modified":"2025-05-28T19:51:48","modified_gmt":"2025-05-29T01:51:48","slug":"diputado-de-morena-compra-casa-millonaria-en-rancho-santa-fe","status":"publish","type":"post","link":"https:\/\/canal7slp.tv\/2025\/diputado-de-morena-compra-casa-millonaria-en-rancho-santa-fe\/","title":{"rendered":"Diputado de Morena compra casa millonaria en Rancho Santa Fe"},"content":{"rendered":"<ul style=\"text-align: justify;\">\n<li>Mexicanos Contra la Corrupci\u00f3n revela irregularidades.<\/li>\n<\/ul>\n<p style=\"text-align: justify;\">Rancho Santa Fe.- El 8 de marzo de 2024, el diputado mexicano Arturo \u00c1vila Anaya, vocero del grupo parlamentario de Morena, adquiri\u00f3 una propiedad de lujo en Rancho Santa Fe, California, por un valor de 4.15 millones de d\u00f3lares.<\/p>\n<p style=\"text-align: justify;\">La operaci\u00f3n fue formalizada mediante registros oficiales del condado de San Diego, donde consta que la vendedora, Nerrie M. Zohn, transfiri\u00f3 el inmueble a \u00c1vila Anaya y su esposa, Clayna Scarlett Aiza Verboonen.<\/p>\n<p style=\"text-align: justify;\">La transacci\u00f3n incluy\u00f3 una hipoteca por 1.9 millones de d\u00f3lares, equivalente al 46% del valor total del inmueble, pero con una particularidad: el pr\u00e9stamo no fue otorgado por una instituci\u00f3n bancaria, sino directamente por la vendedora, algo poco com\u00fan en operaciones de esta magnitud.<\/p>\n<p style=\"text-align: justify;\">El contrato hipotecario fija una tasa de inter\u00e9s del 6.69% anual, y el resto del monto (unos 2.2 millones de d\u00f3lares) fue cubierto en efectivo por el legislador.<\/p>\n<p style=\"text-align: justify;\">Como servidor p\u00fablico, \u00c1vila Anaya est\u00e1 obligado a transparentar sus bienes y deudas ante la autoridad. En su declaraci\u00f3n patrimonial del cuarto trimestre de 2024, s\u00ed report\u00f3 la propiedad en Estados Unidos, pero registr\u00f3 un adeudo hipotecario de solo 1.609 millones de pesos (aproximadamente 83 mil d\u00f3lares).<\/p>\n<p style=\"text-align: justify;\">Esta cifra sugiere un pago anticipado significativo, aunque no existe evidencia documental p\u00fablica que acredite la cancelaci\u00f3n parcial o total del pr\u00e9stamo.<\/p>\n<p style=\"text-align: justify;\">Adem\u00e1s, su declaraci\u00f3n presenta omisiones relevantes: no incluye el nombre de una empresa de la cual es accionista mayoritario, ni proporciona direcciones ni valores de adquisici\u00f3n de otros bienes inmuebles que posee, lo que dificulta la verificaci\u00f3n y trazabilidad de su patrimonio.<\/p>\n<p style=\"text-align: justify;\">La informaci\u00f3n fue revelada por Mexicanos Contra la Corrupci\u00f3n y la Impunidad (MCCI), a partir de documentos oficiales tanto del condado de San Diego como de la plataforma Declaranet de la C\u00e1mara de Diputados.<\/p>\n<p style=\"text-align: justify;\">Tras la difusi\u00f3n del caso, \u00c1vila Anaya respondi\u00f3 a trav\u00e9s de redes sociales, argumentando que los se\u00f1alamientos obedecen a que su labor como vocero \u00abmolesta\u00bb a sus cr\u00edticos.<\/p>\n","protected":false},"excerpt":{"rendered":"<p>Mexicanos Contra la Corrupci\u00f3n revela irregularidades. Rancho Santa Fe.- El 8 de marzo de 2024, el diputado mexicano Arturo \u00c1vila Anaya, vocero del grupo parlamentario de Morena, adquiri\u00f3 una propiedad de lujo en Rancho Santa Fe, California, por un valor de 4.15 millones de d\u00f3lares. La operaci\u00f3n fue formalizada mediante registros oficiales del condado de San Diego, donde consta que la vendedora, Nerrie M. Zohn, transfiri\u00f3 el inmueble a \u00c1vila Anaya y su esposa, Clayna Scarlett Aiza Verboonen. La transacci\u00f3n incluy\u00f3 una hipoteca por 1.9 millones de d\u00f3lares, equivalente al 46% del valor total del inmueble, pero con una particularidad: [&hellip;]<\/p>\n","protected":false},"author":2,"featured_media":168779,"comment_status":"closed","ping_status":"closed","sticky":false,"template":"","format":"standard","meta":{"_monsterinsights_skip_tracking":false,"_monsterinsights_sitenote_active":false,"_monsterinsights_sitenote_note":"","_monsterinsights_sitenote_category":0,"footnotes":""},"categories":[46],"tags":[],"class_list":["post-168778","post","type-post","status-publish","format-standard","has-post-thumbnail","hentry","category-nacional","post--single"],"yoast_head":"<!-- This site is optimized with the Yoast SEO plugin v27.4 - https:\/\/yoast.com\/product\/yoast-seo-wordpress\/ -->\n<title>Diputado de Morena compra casa millonaria en Rancho Santa Fe - Canal 7 SLP - 2025<\/title>\n<meta name=\"robots\" content=\"index, follow, max-snippet:-1, max-image-preview:large, max-video-preview:-1\" \/>\n<link rel=\"canonical\" href=\"https:\/\/canal7slp.tv\/2025\/diputado-de-morena-compra-casa-millonaria-en-rancho-santa-fe\/\" \/>\n<meta property=\"og:locale\" content=\"es_ES\" \/>\n<meta property=\"og:type\" content=\"article\" \/>\n<meta property=\"og:title\" content=\"Diputado de Morena compra casa millonaria en Rancho Santa Fe - Canal 7 SLP - 2025\" \/>\n<meta property=\"og:description\" content=\"Mexicanos Contra la Corrupci\u00f3n revela irregularidades. Rancho Santa Fe.- El 8 de marzo de 2024, el diputado mexicano Arturo \u00c1vila Anaya, vocero del grupo parlamentario de Morena, adquiri\u00f3 una propiedad de lujo en Rancho Santa Fe, California, por un valor de 4.15 millones de d\u00f3lares. La operaci\u00f3n fue formalizada mediante registros oficiales del condado de San Diego, donde consta que la vendedora, Nerrie M. Zohn, transfiri\u00f3 el inmueble a \u00c1vila Anaya y su esposa, Clayna Scarlett Aiza Verboonen. La transacci\u00f3n incluy\u00f3 una hipoteca por 1.9 millones de d\u00f3lares, equivalente al 46% del valor total del inmueble, pero con una particularidad: [&hellip;]\" \/>\n<meta property=\"og:url\" content=\"https:\/\/canal7slp.tv\/2025\/diputado-de-morena-compra-casa-millonaria-en-rancho-santa-fe\/\" \/>\n<meta property=\"og:site_name\" content=\"Canal 7 SLP - 2025\" \/>\n<meta property=\"article:publisher\" content=\"https:\/\/www.facebook.com\/noticieroscanal7atencionciudadana\/\" \/>\n<meta property=\"article:published_time\" content=\"2025-05-29T01:51:48+00:00\" \/>\n<meta property=\"og:image\" content=\"https:\/\/canal7slp.tv\/2025\/wp-content\/uploads\/2025\/05\/18.jpg\" \/>\n\t<meta property=\"og:image:width\" content=\"811\" \/>\n\t<meta property=\"og:image:height\" content=\"500\" \/>\n\t<meta property=\"og:image:type\" content=\"image\/jpeg\" \/>\n<meta name=\"author\" content=\"Edici\u00f3n Web\" \/>\n<meta name=\"twitter:card\" content=\"summary_large_image\" \/>\n<meta name=\"twitter:creator\" content=\"@NOTICIEROS7\" \/>\n<meta name=\"twitter:site\" content=\"@NOTICIEROS7\" \/>\n<meta name=\"twitter:label1\" content=\"Escrito por\" \/>\n\t<meta name=\"twitter:data1\" content=\"Edici\u00f3n Web\" \/>\n\t<meta name=\"twitter:label2\" content=\"Tiempo de lectura\" \/>\n\t<meta name=\"twitter:data2\" content=\"2 minutos\" \/>\n<script type=\"application\/ld+json\" class=\"yoast-schema-graph\">{\"@context\":\"https:\\\/\\\/schema.org\",\"@graph\":[{\"@type\":\"Article\",\"@id\":\"https:\\\/\\\/canal7slp.tv\\\/2025\\\/diputado-de-morena-compra-casa-millonaria-en-rancho-santa-fe\\\/#article\",\"isPartOf\":{\"@id\":\"https:\\\/\\\/canal7slp.tv\\\/2025\\\/diputado-de-morena-compra-casa-millonaria-en-rancho-santa-fe\\\/\"},\"author\":{\"name\":\"Edici\u00f3n Web\",\"@id\":\"https:\\\/\\\/canal7slp.tv\\\/2025\\\/#\\\/schema\\\/person\\\/271e2b60a96e7cc9d9ac296f4d7e414b\"},\"headline\":\"Diputado de Morena compra casa millonaria en Rancho Santa Fe\",\"datePublished\":\"2025-05-29T01:51:48+00:00\",\"mainEntityOfPage\":{\"@id\":\"https:\\\/\\\/canal7slp.tv\\\/2025\\\/diputado-de-morena-compra-casa-millonaria-en-rancho-santa-fe\\\/\"},\"wordCount\":351,\"publisher\":{\"@id\":\"https:\\\/\\\/canal7slp.tv\\\/2025\\\/#organization\"},\"image\":{\"@id\":\"https:\\\/\\\/canal7slp.tv\\\/2025\\\/diputado-de-morena-compra-casa-millonaria-en-rancho-santa-fe\\\/#primaryimage\"},\"thumbnailUrl\":\"https:\\\/\\\/canal7slp.tv\\\/2025\\\/wp-content\\\/uploads\\\/2025\\\/05\\\/18.jpg\",\"articleSection\":[\"NACIONALES\"],\"inLanguage\":\"es\"},{\"@type\":\"WebPage\",\"@id\":\"https:\\\/\\\/canal7slp.tv\\\/2025\\\/diputado-de-morena-compra-casa-millonaria-en-rancho-santa-fe\\\/\",\"url\":\"https:\\\/\\\/canal7slp.tv\\\/2025\\\/diputado-de-morena-compra-casa-millonaria-en-rancho-santa-fe\\\/\",\"name\":\"Diputado de Morena compra casa millonaria en Rancho Santa Fe - Canal 7 SLP - 2025\",\"isPartOf\":{\"@id\":\"https:\\\/\\\/canal7slp.tv\\\/2025\\\/#website\"},\"primaryImageOfPage\":{\"@id\":\"https:\\\/\\\/canal7slp.tv\\\/2025\\\/diputado-de-morena-compra-casa-millonaria-en-rancho-santa-fe\\\/#primaryimage\"},\"image\":{\"@id\":\"https:\\\/\\\/canal7slp.tv\\\/2025\\\/diputado-de-morena-compra-casa-millonaria-en-rancho-santa-fe\\\/#primaryimage\"},\"thumbnailUrl\":\"https:\\\/\\\/canal7slp.tv\\\/2025\\\/wp-content\\\/uploads\\\/2025\\\/05\\\/18.jpg\",\"datePublished\":\"2025-05-29T01:51:48+00:00\",\"breadcrumb\":{\"@id\":\"https:\\\/\\\/canal7slp.tv\\\/2025\\\/diputado-de-morena-compra-casa-millonaria-en-rancho-santa-fe\\\/#breadcrumb\"},\"inLanguage\":\"es\",\"potentialAction\":[{\"@type\":\"ReadAction\",\"target\":[\"https:\\\/\\\/canal7slp.tv\\\/2025\\\/diputado-de-morena-compra-casa-millonaria-en-rancho-santa-fe\\\/\"]}]},{\"@type\":\"ImageObject\",\"inLanguage\":\"es\",\"@id\":\"https:\\\/\\\/canal7slp.tv\\\/2025\\\/diputado-de-morena-compra-casa-millonaria-en-rancho-santa-fe\\\/#primaryimage\",\"url\":\"https:\\\/\\\/canal7slp.tv\\\/2025\\\/wp-content\\\/uploads\\\/2025\\\/05\\\/18.jpg\",\"contentUrl\":\"https:\\\/\\\/canal7slp.tv\\\/2025\\\/wp-content\\\/uploads\\\/2025\\\/05\\\/18.jpg\",\"width\":811,\"height\":500},{\"@type\":\"BreadcrumbList\",\"@id\":\"https:\\\/\\\/canal7slp.tv\\\/2025\\\/diputado-de-morena-compra-casa-millonaria-en-rancho-santa-fe\\\/#breadcrumb\",\"itemListElement\":[{\"@type\":\"ListItem\",\"position\":1,\"name\":\"Portada\",\"item\":\"https:\\\/\\\/canal7slp.tv\\\/2025\\\/\"},{\"@type\":\"ListItem\",\"position\":2,\"name\":\"Diputado de Morena compra casa millonaria en Rancho Santa Fe\"}]},{\"@type\":\"WebSite\",\"@id\":\"https:\\\/\\\/canal7slp.tv\\\/2025\\\/#website\",\"url\":\"https:\\\/\\\/canal7slp.tv\\\/2025\\\/\",\"name\":\"N7 - Noticieros Canal 7\",\"description\":\"Somos el Medio\",\"publisher\":{\"@id\":\"https:\\\/\\\/canal7slp.tv\\\/2025\\\/#organization\"},\"potentialAction\":[{\"@type\":\"SearchAction\",\"target\":{\"@type\":\"EntryPoint\",\"urlTemplate\":\"https:\\\/\\\/canal7slp.tv\\\/2025\\\/?s={search_term_string}\"},\"query-input\":{\"@type\":\"PropertyValueSpecification\",\"valueRequired\":true,\"valueName\":\"search_term_string\"}}],\"inLanguage\":\"es\"},{\"@type\":\"Organization\",\"@id\":\"https:\\\/\\\/canal7slp.tv\\\/2025\\\/#organization\",\"name\":\"Noticieros Canal 7\",\"url\":\"https:\\\/\\\/canal7slp.tv\\\/2025\\\/\",\"logo\":{\"@type\":\"ImageObject\",\"inLanguage\":\"es\",\"@id\":\"https:\\\/\\\/canal7slp.tv\\\/2025\\\/#\\\/schema\\\/logo\\\/image\\\/\",\"url\":\"https:\\\/\\\/canal7slp.tv\\\/2025\\\/wp-content\\\/uploads\\\/2021\\\/01\\\/logo-noticieros@2x.png\",\"contentUrl\":\"https:\\\/\\\/canal7slp.tv\\\/2025\\\/wp-content\\\/uploads\\\/2021\\\/01\\\/logo-noticieros@2x.png\",\"width\":1017,\"height\":268,\"caption\":\"Noticieros Canal 7\"},\"image\":{\"@id\":\"https:\\\/\\\/canal7slp.tv\\\/2025\\\/#\\\/schema\\\/logo\\\/image\\\/\"},\"sameAs\":[\"https:\\\/\\\/www.facebook.com\\\/noticieroscanal7atencionciudadana\\\/\",\"https:\\\/\\\/x.com\\\/NOTICIEROS7\",\"https:\\\/\\\/www.instagram.com\\\/canal7_slp\",\"https:\\\/\\\/www.youtube.com\\\/channel\\\/UCliiYs-gP3JfJeqdPrNdd5A\"]},{\"@type\":\"Person\",\"@id\":\"https:\\\/\\\/canal7slp.tv\\\/2025\\\/#\\\/schema\\\/person\\\/271e2b60a96e7cc9d9ac296f4d7e414b\",\"name\":\"Edici\u00f3n Web\",\"image\":{\"@type\":\"ImageObject\",\"inLanguage\":\"es\",\"@id\":\"https:\\\/\\\/secure.gravatar.com\\\/avatar\\\/eee448fc3f7164808013b816ba91ac7e43bbe82a70bebac296f8bc6f0addaa1a?s=96&d=mm&r=g\",\"url\":\"https:\\\/\\\/secure.gravatar.com\\\/avatar\\\/eee448fc3f7164808013b816ba91ac7e43bbe82a70bebac296f8bc6f0addaa1a?s=96&d=mm&r=g\",\"contentUrl\":\"https:\\\/\\\/secure.gravatar.com\\\/avatar\\\/eee448fc3f7164808013b816ba91ac7e43bbe82a70bebac296f8bc6f0addaa1a?s=96&d=mm&r=g\",\"caption\":\"Edici\u00f3n Web\"},\"url\":\"https:\\\/\\\/canal7slp.tv\\\/2025\\\/author\\\/edicionweb\\\/\"}]}<\/script>\n<!-- \/ Yoast SEO plugin. -->","yoast_head_json":{"title":"Diputado de Morena compra casa millonaria en Rancho Santa Fe - Canal 7 SLP - 2025","robots":{"index":"index","follow":"follow","max-snippet":"max-snippet:-1","max-image-preview":"max-image-preview:large","max-video-preview":"max-video-preview:-1"},"canonical":"https:\/\/canal7slp.tv\/2025\/diputado-de-morena-compra-casa-millonaria-en-rancho-santa-fe\/","og_locale":"es_ES","og_type":"article","og_title":"Diputado de Morena compra casa millonaria en Rancho Santa Fe - Canal 7 SLP - 2025","og_description":"Mexicanos Contra la Corrupci\u00f3n revela irregularidades. Rancho Santa Fe.- El 8 de marzo de 2024, el diputado mexicano Arturo \u00c1vila Anaya, vocero del grupo parlamentario de Morena, adquiri\u00f3 una propiedad de lujo en Rancho Santa Fe, California, por un valor de 4.15 millones de d\u00f3lares. La operaci\u00f3n fue formalizada mediante registros oficiales del condado de San Diego, donde consta que la vendedora, Nerrie M. Zohn, transfiri\u00f3 el inmueble a \u00c1vila Anaya y su esposa, Clayna Scarlett Aiza Verboonen. La transacci\u00f3n incluy\u00f3 una hipoteca por 1.9 millones de d\u00f3lares, equivalente al 46% del valor total del inmueble, pero con una particularidad: [&hellip;]","og_url":"https:\/\/canal7slp.tv\/2025\/diputado-de-morena-compra-casa-millonaria-en-rancho-santa-fe\/","og_site_name":"Canal 7 SLP - 2025","article_publisher":"https:\/\/www.facebook.com\/noticieroscanal7atencionciudadana\/","article_published_time":"2025-05-29T01:51:48+00:00","og_image":[{"width":811,"height":500,"url":"https:\/\/canal7slp.tv\/2025\/wp-content\/uploads\/2025\/05\/18.jpg","type":"image\/jpeg"}],"author":"Edici\u00f3n Web","twitter_card":"summary_large_image","twitter_creator":"@NOTICIEROS7","twitter_site":"@NOTICIEROS7","twitter_misc":{"Escrito por":"Edici\u00f3n Web","Tiempo de lectura":"2 minutos"},"schema":{"@context":"https:\/\/schema.org","@graph":[{"@type":"Article","@id":"https:\/\/canal7slp.tv\/2025\/diputado-de-morena-compra-casa-millonaria-en-rancho-santa-fe\/#article","isPartOf":{"@id":"https:\/\/canal7slp.tv\/2025\/diputado-de-morena-compra-casa-millonaria-en-rancho-santa-fe\/"},"author":{"name":"Edici\u00f3n Web","@id":"https:\/\/canal7slp.tv\/2025\/#\/schema\/person\/271e2b60a96e7cc9d9ac296f4d7e414b"},"headline":"Diputado de Morena compra casa millonaria en Rancho Santa Fe","datePublished":"2025-05-29T01:51:48+00:00","mainEntityOfPage":{"@id":"https:\/\/canal7slp.tv\/2025\/diputado-de-morena-compra-casa-millonaria-en-rancho-santa-fe\/"},"wordCount":351,"publisher":{"@id":"https:\/\/canal7slp.tv\/2025\/#organization"},"image":{"@id":"https:\/\/canal7slp.tv\/2025\/diputado-de-morena-compra-casa-millonaria-en-rancho-santa-fe\/#primaryimage"},"thumbnailUrl":"https:\/\/canal7slp.tv\/2025\/wp-content\/uploads\/2025\/05\/18.jpg","articleSection":["NACIONALES"],"inLanguage":"es"},{"@type":"WebPage","@id":"https:\/\/canal7slp.tv\/2025\/diputado-de-morena-compra-casa-millonaria-en-rancho-santa-fe\/","url":"https:\/\/canal7slp.tv\/2025\/diputado-de-morena-compra-casa-millonaria-en-rancho-santa-fe\/","name":"Diputado de Morena compra casa millonaria en Rancho Santa Fe - Canal 7 SLP - 2025","isPartOf":{"@id":"https:\/\/canal7slp.tv\/2025\/#website"},"primaryImageOfPage":{"@id":"https:\/\/canal7slp.tv\/2025\/diputado-de-morena-compra-casa-millonaria-en-rancho-santa-fe\/#primaryimage"},"image":{"@id":"https:\/\/canal7slp.tv\/2025\/diputado-de-morena-compra-casa-millonaria-en-rancho-santa-fe\/#primaryimage"},"thumbnailUrl":"https:\/\/canal7slp.tv\/2025\/wp-content\/uploads\/2025\/05\/18.jpg","datePublished":"2025-05-29T01:51:48+00:00","breadcrumb":{"@id":"https:\/\/canal7slp.tv\/2025\/diputado-de-morena-compra-casa-millonaria-en-rancho-santa-fe\/#breadcrumb"},"inLanguage":"es","potentialAction":[{"@type":"ReadAction","target":["https:\/\/canal7slp.tv\/2025\/diputado-de-morena-compra-casa-millonaria-en-rancho-santa-fe\/"]}]},{"@type":"ImageObject","inLanguage":"es","@id":"https:\/\/canal7slp.tv\/2025\/diputado-de-morena-compra-casa-millonaria-en-rancho-santa-fe\/#primaryimage","url":"https:\/\/canal7slp.tv\/2025\/wp-content\/uploads\/2025\/05\/18.jpg","contentUrl":"https:\/\/canal7slp.tv\/2025\/wp-content\/uploads\/2025\/05\/18.jpg","width":811,"height":500},{"@type":"BreadcrumbList","@id":"https:\/\/canal7slp.tv\/2025\/diputado-de-morena-compra-casa-millonaria-en-rancho-santa-fe\/#breadcrumb","itemListElement":[{"@type":"ListItem","position":1,"name":"Portada","item":"https:\/\/canal7slp.tv\/2025\/"},{"@type":"ListItem","position":2,"name":"Diputado de Morena compra casa millonaria en Rancho Santa Fe"}]},{"@type":"WebSite","@id":"https:\/\/canal7slp.tv\/2025\/#website","url":"https:\/\/canal7slp.tv\/2025\/","name":"N7 - Noticieros Canal 7","description":"Somos el Medio","publisher":{"@id":"https:\/\/canal7slp.tv\/2025\/#organization"},"potentialAction":[{"@type":"SearchAction","target":{"@type":"EntryPoint","urlTemplate":"https:\/\/canal7slp.tv\/2025\/?s={search_term_string}"},"query-input":{"@type":"PropertyValueSpecification","valueRequired":true,"valueName":"search_term_string"}}],"inLanguage":"es"},{"@type":"Organization","@id":"https:\/\/canal7slp.tv\/2025\/#organization","name":"Noticieros Canal 7","url":"https:\/\/canal7slp.tv\/2025\/","logo":{"@type":"ImageObject","inLanguage":"es","@id":"https:\/\/canal7slp.tv\/2025\/#\/schema\/logo\/image\/","url":"https:\/\/canal7slp.tv\/2025\/wp-content\/uploads\/2021\/01\/logo-noticieros@2x.png","contentUrl":"https:\/\/canal7slp.tv\/2025\/wp-content\/uploads\/2021\/01\/logo-noticieros@2x.png","width":1017,"height":268,"caption":"Noticieros Canal 7"},"image":{"@id":"https:\/\/canal7slp.tv\/2025\/#\/schema\/logo\/image\/"},"sameAs":["https:\/\/www.facebook.com\/noticieroscanal7atencionciudadana\/","https:\/\/x.com\/NOTICIEROS7","https:\/\/www.instagram.com\/canal7_slp","https:\/\/www.youtube.com\/channel\/UCliiYs-gP3JfJeqdPrNdd5A"]},{"@type":"Person","@id":"https:\/\/canal7slp.tv\/2025\/#\/schema\/person\/271e2b60a96e7cc9d9ac296f4d7e414b","name":"Edici\u00f3n Web","image":{"@type":"ImageObject","inLanguage":"es","@id":"https:\/\/secure.gravatar.com\/avatar\/eee448fc3f7164808013b816ba91ac7e43bbe82a70bebac296f8bc6f0addaa1a?s=96&d=mm&r=g","url":"https:\/\/secure.gravatar.com\/avatar\/eee448fc3f7164808013b816ba91ac7e43bbe82a70bebac296f8bc6f0addaa1a?s=96&d=mm&r=g","contentUrl":"https:\/\/secure.gravatar.com\/avatar\/eee448fc3f7164808013b816ba91ac7e43bbe82a70bebac296f8bc6f0addaa1a?s=96&d=mm&r=g","caption":"Edici\u00f3n Web"},"url":"https:\/\/canal7slp.tv\/2025\/author\/edicionweb\/"}]}},"_links":{"self":[{"href":"https:\/\/canal7slp.tv\/2025\/wp-json\/wp\/v2\/posts\/168778","targetHints":{"allow":["GET"]}}],"collection":[{"href":"https:\/\/canal7slp.tv\/2025\/wp-json\/wp\/v2\/posts"}],"about":[{"href":"https:\/\/canal7slp.tv\/2025\/wp-json\/wp\/v2\/types\/post"}],"author":[{"embeddable":true,"href":"https:\/\/canal7slp.tv\/2025\/wp-json\/wp\/v2\/users\/2"}],"replies":[{"embeddable":true,"href":"https:\/\/canal7slp.tv\/2025\/wp-json\/wp\/v2\/comments?post=168778"}],"version-history":[{"count":1,"href":"https:\/\/canal7slp.tv\/2025\/wp-json\/wp\/v2\/posts\/168778\/revisions"}],"predecessor-version":[{"id":168780,"href":"https:\/\/canal7slp.tv\/2025\/wp-json\/wp\/v2\/posts\/168778\/revisions\/168780"}],"wp:featuredmedia":[{"embeddable":true,"href":"https:\/\/canal7slp.tv\/2025\/wp-json\/wp\/v2\/media\/168779"}],"wp:attachment":[{"href":"https:\/\/canal7slp.tv\/2025\/wp-json\/wp\/v2\/media?parent=168778"}],"wp:term":[{"taxonomy":"category","embeddable":true,"href":"https:\/\/canal7slp.tv\/2025\/wp-json\/wp\/v2\/categories?post=168778"},{"taxonomy":"post_tag","embeddable":true,"href":"https:\/\/canal7slp.tv\/2025\/wp-json\/wp\/v2\/tags?post=168778"}],"curies":[{"name":"wp","href":"https:\/\/api.w.org\/{rel}","templated":true}]}}