{"id":168770,"date":"2025-05-28T19:36:48","date_gmt":"2025-05-29T01:36:48","guid":{"rendered":"https:\/\/canal7slp.tv\/2025\/?p=168770"},"modified":"2025-05-28T19:36:50","modified_gmt":"2025-05-29T01:36:50","slug":"el-ceepac-a-la-espera-de-los-recursos-para-la-jornada-de-conteo-de-votos-de-elecciones-judiciales","status":"publish","type":"post","link":"https:\/\/canal7slp.tv\/2025\/el-ceepac-a-la-espera-de-los-recursos-para-la-jornada-de-conteo-de-votos-de-elecciones-judiciales\/","title":{"rendered":"El CEEPAC a la espera de los recursos para la jornada de conteo de votos de elecciones judiciales"},"content":{"rendered":"<p style=\"text-align: justify;\"><span style=\"font-size: 1.21429rem;\">SLP.- A 4 d\u00edas de la jornada electoral para elegir cargos del Poder Judicial el pr\u00f3ximo 1\u00b0 de Junio la consejera presidenta del Consejo Estatal Electoral y de Participaci\u00f3n Ciudadana, inform\u00f3 que a\u00fan hay pendientes financieros que no les ha resuelto la secretar\u00eda de Finanzas.<\/span><\/p>\n<p style=\"text-align: justify;\">En este contexto, se\u00f1al\u00f3 que han recibido un poco m\u00e1s de 90 millones de pesos correspondientes a los 110 millones de pesos, acordados y calendarizados con la dependencia estatal.<\/p>\n<p style=\"text-align: justify;\">La funcionaria electoral dijo adem\u00e1s que terminando la votaci\u00f3n del domingo 1\u00b0 de Junio inmediatamente iniciar\u00e1 el proceso de traslado de urnas y conteo de votos.<\/p>\n<p style=\"text-align: justify;\">Sin embargo, se\u00f1al\u00f3 que para esta etapa se requieren 9 millones de pesos al decir que esto implica el desplazamiento de capacitadores y supervisores.<\/p>\n<p style=\"text-align: justify;\">Por: Claudio Ibarra<\/p>\n","protected":false},"excerpt":{"rendered":"<p>SLP.- A 4 d\u00edas de la jornada electoral para elegir cargos del Poder Judicial el pr\u00f3ximo 1\u00b0 de Junio la consejera presidenta del Consejo Estatal Electoral y de Participaci\u00f3n Ciudadana, inform\u00f3 que a\u00fan hay pendientes financieros que no les ha resuelto la secretar\u00eda de Finanzas. En este contexto, se\u00f1al\u00f3 que han recibido un poco m\u00e1s de 90 millones de pesos correspondientes a los 110 millones de pesos, acordados y calendarizados con la dependencia estatal. La funcionaria electoral dijo adem\u00e1s que terminando la votaci\u00f3n del domingo 1\u00b0 de Junio inmediatamente iniciar\u00e1 el proceso de traslado de urnas y conteo de votos. [&hellip;]<\/p>\n","protected":false},"author":2,"featured_media":168772,"comment_status":"closed","ping_status":"closed","sticky":false,"template":"","format":"video","meta":{"_monsterinsights_skip_tracking":false,"_monsterinsights_sitenote_active":false,"_monsterinsights_sitenote_note":"","_monsterinsights_sitenote_category":0,"footnotes":""},"categories":[5,45],"tags":[],"class_list":["post-168770","post","type-post","status-publish","format-video","has-post-thumbnail","hentry","category-destacadas","category-localesyregionales","post_format-post-format-video","post--single"],"yoast_head":"<!-- This site is optimized with the Yoast SEO plugin v27.4 - https:\/\/yoast.com\/product\/yoast-seo-wordpress\/ -->\n<title>El CEEPAC a la espera de los recursos para la jornada de conteo de votos de elecciones judiciales - Canal 7 SLP - 2025<\/title>\n<meta name=\"robots\" content=\"index, follow, max-snippet:-1, max-image-preview:large, max-video-preview:-1\" \/>\n<link rel=\"canonical\" href=\"https:\/\/canal7slp.tv\/2025\/el-ceepac-a-la-espera-de-los-recursos-para-la-jornada-de-conteo-de-votos-de-elecciones-judiciales\/\" \/>\n<meta property=\"og:locale\" content=\"es_ES\" \/>\n<meta property=\"og:type\" content=\"article\" \/>\n<meta property=\"og:title\" content=\"El CEEPAC a la espera de los recursos para la jornada de conteo de votos de elecciones judiciales - Canal 7 SLP - 2025\" \/>\n<meta property=\"og:description\" content=\"SLP.- A 4 d\u00edas de la jornada electoral para elegir cargos del Poder Judicial el pr\u00f3ximo 1\u00b0 de Junio la consejera presidenta del Consejo Estatal Electoral y de Participaci\u00f3n Ciudadana, inform\u00f3 que a\u00fan hay pendientes financieros que no les ha resuelto la secretar\u00eda de Finanzas. En este contexto, se\u00f1al\u00f3 que han recibido un poco m\u00e1s de 90 millones de pesos correspondientes a los 110 millones de pesos, acordados y calendarizados con la dependencia estatal. La funcionaria electoral dijo adem\u00e1s que terminando la votaci\u00f3n del domingo 1\u00b0 de Junio inmediatamente iniciar\u00e1 el proceso de traslado de urnas y conteo de votos. [&hellip;]\" \/>\n<meta property=\"og:url\" content=\"https:\/\/canal7slp.tv\/2025\/el-ceepac-a-la-espera-de-los-recursos-para-la-jornada-de-conteo-de-votos-de-elecciones-judiciales\/\" \/>\n<meta property=\"og:site_name\" content=\"Canal 7 SLP - 2025\" \/>\n<meta property=\"article:publisher\" content=\"https:\/\/www.facebook.com\/noticieroscanal7atencionciudadana\/\" \/>\n<meta property=\"article:published_time\" content=\"2025-05-29T01:36:48+00:00\" \/>\n<meta property=\"article:modified_time\" content=\"2025-05-29T01:36:50+00:00\" \/>\n<meta property=\"og:image\" content=\"https:\/\/canal7slp.tv\/2025\/wp-content\/uploads\/2025\/05\/Claudio03Pendientes.jpg\" \/>\n\t<meta property=\"og:image:width\" content=\"1280\" \/>\n\t<meta property=\"og:image:height\" content=\"720\" \/>\n\t<meta property=\"og:image:type\" content=\"image\/jpeg\" \/>\n<meta name=\"author\" content=\"Edici\u00f3n Web\" \/>\n<meta name=\"twitter:card\" content=\"summary_large_image\" \/>\n<meta name=\"twitter:creator\" content=\"@NOTICIEROS7\" \/>\n<meta name=\"twitter:site\" content=\"@NOTICIEROS7\" \/>\n<meta name=\"twitter:label1\" content=\"Escrito por\" \/>\n\t<meta name=\"twitter:data1\" content=\"Edici\u00f3n Web\" \/>\n\t<meta name=\"twitter:label2\" content=\"Tiempo de lectura\" \/>\n\t<meta name=\"twitter:data2\" content=\"1 minuto\" \/>\n<script type=\"application\/ld+json\" class=\"yoast-schema-graph\">{\"@context\":\"https:\\\/\\\/schema.org\",\"@graph\":[{\"@type\":\"Article\",\"@id\":\"https:\\\/\\\/canal7slp.tv\\\/2025\\\/el-ceepac-a-la-espera-de-los-recursos-para-la-jornada-de-conteo-de-votos-de-elecciones-judiciales\\\/#article\",\"isPartOf\":{\"@id\":\"https:\\\/\\\/canal7slp.tv\\\/2025\\\/el-ceepac-a-la-espera-de-los-recursos-para-la-jornada-de-conteo-de-votos-de-elecciones-judiciales\\\/\"},\"author\":{\"name\":\"Edici\u00f3n Web\",\"@id\":\"https:\\\/\\\/canal7slp.tv\\\/2025\\\/#\\\/schema\\\/person\\\/271e2b60a96e7cc9d9ac296f4d7e414b\"},\"headline\":\"El CEEPAC a la espera de los recursos para la jornada de conteo de votos de elecciones judiciales\",\"datePublished\":\"2025-05-29T01:36:48+00:00\",\"dateModified\":\"2025-05-29T01:36:50+00:00\",\"mainEntityOfPage\":{\"@id\":\"https:\\\/\\\/canal7slp.tv\\\/2025\\\/el-ceepac-a-la-espera-de-los-recursos-para-la-jornada-de-conteo-de-votos-de-elecciones-judiciales\\\/\"},\"wordCount\":150,\"publisher\":{\"@id\":\"https:\\\/\\\/canal7slp.tv\\\/2025\\\/#organization\"},\"image\":{\"@id\":\"https:\\\/\\\/canal7slp.tv\\\/2025\\\/el-ceepac-a-la-espera-de-los-recursos-para-la-jornada-de-conteo-de-votos-de-elecciones-judiciales\\\/#primaryimage\"},\"thumbnailUrl\":\"https:\\\/\\\/canal7slp.tv\\\/2025\\\/wp-content\\\/uploads\\\/2025\\\/05\\\/Claudio03Pendientes.jpg\",\"articleSection\":[\"DESTACADAS\",\"LOCALES Y REGIONALES\"],\"inLanguage\":\"es\"},{\"@type\":\"WebPage\",\"@id\":\"https:\\\/\\\/canal7slp.tv\\\/2025\\\/el-ceepac-a-la-espera-de-los-recursos-para-la-jornada-de-conteo-de-votos-de-elecciones-judiciales\\\/\",\"url\":\"https:\\\/\\\/canal7slp.tv\\\/2025\\\/el-ceepac-a-la-espera-de-los-recursos-para-la-jornada-de-conteo-de-votos-de-elecciones-judiciales\\\/\",\"name\":\"El CEEPAC a la espera de los recursos para la jornada de conteo de votos de elecciones judiciales - Canal 7 SLP - 2025\",\"isPartOf\":{\"@id\":\"https:\\\/\\\/canal7slp.tv\\\/2025\\\/#website\"},\"primaryImageOfPage\":{\"@id\":\"https:\\\/\\\/canal7slp.tv\\\/2025\\\/el-ceepac-a-la-espera-de-los-recursos-para-la-jornada-de-conteo-de-votos-de-elecciones-judiciales\\\/#primaryimage\"},\"image\":{\"@id\":\"https:\\\/\\\/canal7slp.tv\\\/2025\\\/el-ceepac-a-la-espera-de-los-recursos-para-la-jornada-de-conteo-de-votos-de-elecciones-judiciales\\\/#primaryimage\"},\"thumbnailUrl\":\"https:\\\/\\\/canal7slp.tv\\\/2025\\\/wp-content\\\/uploads\\\/2025\\\/05\\\/Claudio03Pendientes.jpg\",\"datePublished\":\"2025-05-29T01:36:48+00:00\",\"dateModified\":\"2025-05-29T01:36:50+00:00\",\"breadcrumb\":{\"@id\":\"https:\\\/\\\/canal7slp.tv\\\/2025\\\/el-ceepac-a-la-espera-de-los-recursos-para-la-jornada-de-conteo-de-votos-de-elecciones-judiciales\\\/#breadcrumb\"},\"inLanguage\":\"es\",\"potentialAction\":[{\"@type\":\"ReadAction\",\"target\":[\"https:\\\/\\\/canal7slp.tv\\\/2025\\\/el-ceepac-a-la-espera-de-los-recursos-para-la-jornada-de-conteo-de-votos-de-elecciones-judiciales\\\/\"]}]},{\"@type\":\"ImageObject\",\"inLanguage\":\"es\",\"@id\":\"https:\\\/\\\/canal7slp.tv\\\/2025\\\/el-ceepac-a-la-espera-de-los-recursos-para-la-jornada-de-conteo-de-votos-de-elecciones-judiciales\\\/#primaryimage\",\"url\":\"https:\\\/\\\/canal7slp.tv\\\/2025\\\/wp-content\\\/uploads\\\/2025\\\/05\\\/Claudio03Pendientes.jpg\",\"contentUrl\":\"https:\\\/\\\/canal7slp.tv\\\/2025\\\/wp-content\\\/uploads\\\/2025\\\/05\\\/Claudio03Pendientes.jpg\",\"width\":1280,\"height\":720},{\"@type\":\"BreadcrumbList\",\"@id\":\"https:\\\/\\\/canal7slp.tv\\\/2025\\\/el-ceepac-a-la-espera-de-los-recursos-para-la-jornada-de-conteo-de-votos-de-elecciones-judiciales\\\/#breadcrumb\",\"itemListElement\":[{\"@type\":\"ListItem\",\"position\":1,\"name\":\"Portada\",\"item\":\"https:\\\/\\\/canal7slp.tv\\\/2025\\\/\"},{\"@type\":\"ListItem\",\"position\":2,\"name\":\"El CEEPAC a la espera de los recursos para la jornada de conteo de votos de elecciones judiciales\"}]},{\"@type\":\"WebSite\",\"@id\":\"https:\\\/\\\/canal7slp.tv\\\/2025\\\/#website\",\"url\":\"https:\\\/\\\/canal7slp.tv\\\/2025\\\/\",\"name\":\"N7 - Noticieros Canal 7\",\"description\":\"Somos el Medio\",\"publisher\":{\"@id\":\"https:\\\/\\\/canal7slp.tv\\\/2025\\\/#organization\"},\"potentialAction\":[{\"@type\":\"SearchAction\",\"target\":{\"@type\":\"EntryPoint\",\"urlTemplate\":\"https:\\\/\\\/canal7slp.tv\\\/2025\\\/?s={search_term_string}\"},\"query-input\":{\"@type\":\"PropertyValueSpecification\",\"valueRequired\":true,\"valueName\":\"search_term_string\"}}],\"inLanguage\":\"es\"},{\"@type\":\"Organization\",\"@id\":\"https:\\\/\\\/canal7slp.tv\\\/2025\\\/#organization\",\"name\":\"Noticieros Canal 7\",\"url\":\"https:\\\/\\\/canal7slp.tv\\\/2025\\\/\",\"logo\":{\"@type\":\"ImageObject\",\"inLanguage\":\"es\",\"@id\":\"https:\\\/\\\/canal7slp.tv\\\/2025\\\/#\\\/schema\\\/logo\\\/image\\\/\",\"url\":\"https:\\\/\\\/canal7slp.tv\\\/2025\\\/wp-content\\\/uploads\\\/2021\\\/01\\\/logo-noticieros@2x.png\",\"contentUrl\":\"https:\\\/\\\/canal7slp.tv\\\/2025\\\/wp-content\\\/uploads\\\/2021\\\/01\\\/logo-noticieros@2x.png\",\"width\":1017,\"height\":268,\"caption\":\"Noticieros Canal 7\"},\"image\":{\"@id\":\"https:\\\/\\\/canal7slp.tv\\\/2025\\\/#\\\/schema\\\/logo\\\/image\\\/\"},\"sameAs\":[\"https:\\\/\\\/www.facebook.com\\\/noticieroscanal7atencionciudadana\\\/\",\"https:\\\/\\\/x.com\\\/NOTICIEROS7\",\"https:\\\/\\\/www.instagram.com\\\/canal7_slp\",\"https:\\\/\\\/www.youtube.com\\\/channel\\\/UCliiYs-gP3JfJeqdPrNdd5A\"]},{\"@type\":\"Person\",\"@id\":\"https:\\\/\\\/canal7slp.tv\\\/2025\\\/#\\\/schema\\\/person\\\/271e2b60a96e7cc9d9ac296f4d7e414b\",\"name\":\"Edici\u00f3n Web\",\"image\":{\"@type\":\"ImageObject\",\"inLanguage\":\"es\",\"@id\":\"https:\\\/\\\/secure.gravatar.com\\\/avatar\\\/eee448fc3f7164808013b816ba91ac7e43bbe82a70bebac296f8bc6f0addaa1a?s=96&d=mm&r=g\",\"url\":\"https:\\\/\\\/secure.gravatar.com\\\/avatar\\\/eee448fc3f7164808013b816ba91ac7e43bbe82a70bebac296f8bc6f0addaa1a?s=96&d=mm&r=g\",\"contentUrl\":\"https:\\\/\\\/secure.gravatar.com\\\/avatar\\\/eee448fc3f7164808013b816ba91ac7e43bbe82a70bebac296f8bc6f0addaa1a?s=96&d=mm&r=g\",\"caption\":\"Edici\u00f3n Web\"},\"url\":\"https:\\\/\\\/canal7slp.tv\\\/2025\\\/author\\\/edicionweb\\\/\"}]}<\/script>\n<!-- \/ Yoast SEO plugin. -->","yoast_head_json":{"title":"El CEEPAC a la espera de los recursos para la jornada de conteo de votos de elecciones judiciales - Canal 7 SLP - 2025","robots":{"index":"index","follow":"follow","max-snippet":"max-snippet:-1","max-image-preview":"max-image-preview:large","max-video-preview":"max-video-preview:-1"},"canonical":"https:\/\/canal7slp.tv\/2025\/el-ceepac-a-la-espera-de-los-recursos-para-la-jornada-de-conteo-de-votos-de-elecciones-judiciales\/","og_locale":"es_ES","og_type":"article","og_title":"El CEEPAC a la espera de los recursos para la jornada de conteo de votos de elecciones judiciales - Canal 7 SLP - 2025","og_description":"SLP.- A 4 d\u00edas de la jornada electoral para elegir cargos del Poder Judicial el pr\u00f3ximo 1\u00b0 de Junio la consejera presidenta del Consejo Estatal Electoral y de Participaci\u00f3n Ciudadana, inform\u00f3 que a\u00fan hay pendientes financieros que no les ha resuelto la secretar\u00eda de Finanzas. En este contexto, se\u00f1al\u00f3 que han recibido un poco m\u00e1s de 90 millones de pesos correspondientes a los 110 millones de pesos, acordados y calendarizados con la dependencia estatal. La funcionaria electoral dijo adem\u00e1s que terminando la votaci\u00f3n del domingo 1\u00b0 de Junio inmediatamente iniciar\u00e1 el proceso de traslado de urnas y conteo de votos. [&hellip;]","og_url":"https:\/\/canal7slp.tv\/2025\/el-ceepac-a-la-espera-de-los-recursos-para-la-jornada-de-conteo-de-votos-de-elecciones-judiciales\/","og_site_name":"Canal 7 SLP - 2025","article_publisher":"https:\/\/www.facebook.com\/noticieroscanal7atencionciudadana\/","article_published_time":"2025-05-29T01:36:48+00:00","article_modified_time":"2025-05-29T01:36:50+00:00","og_image":[{"width":1280,"height":720,"url":"https:\/\/canal7slp.tv\/2025\/wp-content\/uploads\/2025\/05\/Claudio03Pendientes.jpg","type":"image\/jpeg"}],"author":"Edici\u00f3n Web","twitter_card":"summary_large_image","twitter_creator":"@NOTICIEROS7","twitter_site":"@NOTICIEROS7","twitter_misc":{"Escrito por":"Edici\u00f3n Web","Tiempo de lectura":"1 minuto"},"schema":{"@context":"https:\/\/schema.org","@graph":[{"@type":"Article","@id":"https:\/\/canal7slp.tv\/2025\/el-ceepac-a-la-espera-de-los-recursos-para-la-jornada-de-conteo-de-votos-de-elecciones-judiciales\/#article","isPartOf":{"@id":"https:\/\/canal7slp.tv\/2025\/el-ceepac-a-la-espera-de-los-recursos-para-la-jornada-de-conteo-de-votos-de-elecciones-judiciales\/"},"author":{"name":"Edici\u00f3n Web","@id":"https:\/\/canal7slp.tv\/2025\/#\/schema\/person\/271e2b60a96e7cc9d9ac296f4d7e414b"},"headline":"El CEEPAC a la espera de los recursos para la jornada de conteo de votos de elecciones judiciales","datePublished":"2025-05-29T01:36:48+00:00","dateModified":"2025-05-29T01:36:50+00:00","mainEntityOfPage":{"@id":"https:\/\/canal7slp.tv\/2025\/el-ceepac-a-la-espera-de-los-recursos-para-la-jornada-de-conteo-de-votos-de-elecciones-judiciales\/"},"wordCount":150,"publisher":{"@id":"https:\/\/canal7slp.tv\/2025\/#organization"},"image":{"@id":"https:\/\/canal7slp.tv\/2025\/el-ceepac-a-la-espera-de-los-recursos-para-la-jornada-de-conteo-de-votos-de-elecciones-judiciales\/#primaryimage"},"thumbnailUrl":"https:\/\/canal7slp.tv\/2025\/wp-content\/uploads\/2025\/05\/Claudio03Pendientes.jpg","articleSection":["DESTACADAS","LOCALES Y REGIONALES"],"inLanguage":"es"},{"@type":"WebPage","@id":"https:\/\/canal7slp.tv\/2025\/el-ceepac-a-la-espera-de-los-recursos-para-la-jornada-de-conteo-de-votos-de-elecciones-judiciales\/","url":"https:\/\/canal7slp.tv\/2025\/el-ceepac-a-la-espera-de-los-recursos-para-la-jornada-de-conteo-de-votos-de-elecciones-judiciales\/","name":"El CEEPAC a la espera de los recursos para la jornada de conteo de votos de elecciones judiciales - Canal 7 SLP - 2025","isPartOf":{"@id":"https:\/\/canal7slp.tv\/2025\/#website"},"primaryImageOfPage":{"@id":"https:\/\/canal7slp.tv\/2025\/el-ceepac-a-la-espera-de-los-recursos-para-la-jornada-de-conteo-de-votos-de-elecciones-judiciales\/#primaryimage"},"image":{"@id":"https:\/\/canal7slp.tv\/2025\/el-ceepac-a-la-espera-de-los-recursos-para-la-jornada-de-conteo-de-votos-de-elecciones-judiciales\/#primaryimage"},"thumbnailUrl":"https:\/\/canal7slp.tv\/2025\/wp-content\/uploads\/2025\/05\/Claudio03Pendientes.jpg","datePublished":"2025-05-29T01:36:48+00:00","dateModified":"2025-05-29T01:36:50+00:00","breadcrumb":{"@id":"https:\/\/canal7slp.tv\/2025\/el-ceepac-a-la-espera-de-los-recursos-para-la-jornada-de-conteo-de-votos-de-elecciones-judiciales\/#breadcrumb"},"inLanguage":"es","potentialAction":[{"@type":"ReadAction","target":["https:\/\/canal7slp.tv\/2025\/el-ceepac-a-la-espera-de-los-recursos-para-la-jornada-de-conteo-de-votos-de-elecciones-judiciales\/"]}]},{"@type":"ImageObject","inLanguage":"es","@id":"https:\/\/canal7slp.tv\/2025\/el-ceepac-a-la-espera-de-los-recursos-para-la-jornada-de-conteo-de-votos-de-elecciones-judiciales\/#primaryimage","url":"https:\/\/canal7slp.tv\/2025\/wp-content\/uploads\/2025\/05\/Claudio03Pendientes.jpg","contentUrl":"https:\/\/canal7slp.tv\/2025\/wp-content\/uploads\/2025\/05\/Claudio03Pendientes.jpg","width":1280,"height":720},{"@type":"BreadcrumbList","@id":"https:\/\/canal7slp.tv\/2025\/el-ceepac-a-la-espera-de-los-recursos-para-la-jornada-de-conteo-de-votos-de-elecciones-judiciales\/#breadcrumb","itemListElement":[{"@type":"ListItem","position":1,"name":"Portada","item":"https:\/\/canal7slp.tv\/2025\/"},{"@type":"ListItem","position":2,"name":"El CEEPAC a la espera de los recursos para la jornada de conteo de votos de elecciones judiciales"}]},{"@type":"WebSite","@id":"https:\/\/canal7slp.tv\/2025\/#website","url":"https:\/\/canal7slp.tv\/2025\/","name":"N7 - Noticieros Canal 7","description":"Somos el Medio","publisher":{"@id":"https:\/\/canal7slp.tv\/2025\/#organization"},"potentialAction":[{"@type":"SearchAction","target":{"@type":"EntryPoint","urlTemplate":"https:\/\/canal7slp.tv\/2025\/?s={search_term_string}"},"query-input":{"@type":"PropertyValueSpecification","valueRequired":true,"valueName":"search_term_string"}}],"inLanguage":"es"},{"@type":"Organization","@id":"https:\/\/canal7slp.tv\/2025\/#organization","name":"Noticieros Canal 7","url":"https:\/\/canal7slp.tv\/2025\/","logo":{"@type":"ImageObject","inLanguage":"es","@id":"https:\/\/canal7slp.tv\/2025\/#\/schema\/logo\/image\/","url":"https:\/\/canal7slp.tv\/2025\/wp-content\/uploads\/2021\/01\/logo-noticieros@2x.png","contentUrl":"https:\/\/canal7slp.tv\/2025\/wp-content\/uploads\/2021\/01\/logo-noticieros@2x.png","width":1017,"height":268,"caption":"Noticieros Canal 7"},"image":{"@id":"https:\/\/canal7slp.tv\/2025\/#\/schema\/logo\/image\/"},"sameAs":["https:\/\/www.facebook.com\/noticieroscanal7atencionciudadana\/","https:\/\/x.com\/NOTICIEROS7","https:\/\/www.instagram.com\/canal7_slp","https:\/\/www.youtube.com\/channel\/UCliiYs-gP3JfJeqdPrNdd5A"]},{"@type":"Person","@id":"https:\/\/canal7slp.tv\/2025\/#\/schema\/person\/271e2b60a96e7cc9d9ac296f4d7e414b","name":"Edici\u00f3n Web","image":{"@type":"ImageObject","inLanguage":"es","@id":"https:\/\/secure.gravatar.com\/avatar\/eee448fc3f7164808013b816ba91ac7e43bbe82a70bebac296f8bc6f0addaa1a?s=96&d=mm&r=g","url":"https:\/\/secure.gravatar.com\/avatar\/eee448fc3f7164808013b816ba91ac7e43bbe82a70bebac296f8bc6f0addaa1a?s=96&d=mm&r=g","contentUrl":"https:\/\/secure.gravatar.com\/avatar\/eee448fc3f7164808013b816ba91ac7e43bbe82a70bebac296f8bc6f0addaa1a?s=96&d=mm&r=g","caption":"Edici\u00f3n Web"},"url":"https:\/\/canal7slp.tv\/2025\/author\/edicionweb\/"}]}},"_links":{"self":[{"href":"https:\/\/canal7slp.tv\/2025\/wp-json\/wp\/v2\/posts\/168770","targetHints":{"allow":["GET"]}}],"collection":[{"href":"https:\/\/canal7slp.tv\/2025\/wp-json\/wp\/v2\/posts"}],"about":[{"href":"https:\/\/canal7slp.tv\/2025\/wp-json\/wp\/v2\/types\/post"}],"author":[{"embeddable":true,"href":"https:\/\/canal7slp.tv\/2025\/wp-json\/wp\/v2\/users\/2"}],"replies":[{"embeddable":true,"href":"https:\/\/canal7slp.tv\/2025\/wp-json\/wp\/v2\/comments?post=168770"}],"version-history":[{"count":1,"href":"https:\/\/canal7slp.tv\/2025\/wp-json\/wp\/v2\/posts\/168770\/revisions"}],"predecessor-version":[{"id":168773,"href":"https:\/\/canal7slp.tv\/2025\/wp-json\/wp\/v2\/posts\/168770\/revisions\/168773"}],"wp:featuredmedia":[{"embeddable":true,"href":"https:\/\/canal7slp.tv\/2025\/wp-json\/wp\/v2\/media\/168772"}],"wp:attachment":[{"href":"https:\/\/canal7slp.tv\/2025\/wp-json\/wp\/v2\/media?parent=168770"}],"wp:term":[{"taxonomy":"category","embeddable":true,"href":"https:\/\/canal7slp.tv\/2025\/wp-json\/wp\/v2\/categories?post=168770"},{"taxonomy":"post_tag","embeddable":true,"href":"https:\/\/canal7slp.tv\/2025\/wp-json\/wp\/v2\/tags?post=168770"}],"curies":[{"name":"wp","href":"https:\/\/api.w.org\/{rel}","templated":true}]}}