{"id":168766,"date":"2025-05-28T19:32:26","date_gmt":"2025-05-29T01:32:26","guid":{"rendered":"https:\/\/canal7slp.tv\/2025\/?p=168766"},"modified":"2025-12-10T08:48:53","modified_gmt":"2025-12-10T14:48:53","slug":"cuestiona-la-iglesia-veto-a-que-opine-sobre-elecciones-judiciales","status":"publish","type":"post","link":"https:\/\/canal7slp.tv\/2025\/cuestiona-la-iglesia-veto-a-que-opine-sobre-elecciones-judiciales\/","title":{"rendered":"Cuestiona la Iglesia veto a que opine sobre elecciones judiciales"},"content":{"rendered":"<p style=\"text-align: justify;\"><span style=\"font-size: 1.21429rem;\">SLP.- En el caso de un joven fallecido durante un ri\u00f1a al exterior de un antro ubicado sobre la avenida Mu\u00f1oz el vocero del Arzobispado Tom\u00e1s Cruz Perales, consider\u00f3 que es un asunto que no solo le compete a las autoridades p\u00fablicas, sino tambi\u00e9n a los padres de familia por tratarse de un menor de edad.<\/span><\/p>\n<p style=\"text-align: justify;\">En otros temas Cruz Perales fue cuestionado sobre las elecciones judiciales que se llevar\u00e1n a cabo este domingo 1\u00b0 de Junio al decir que no emitir\u00eda opini\u00f3n alguna por disposici\u00f3n girada por escrito, del Instituto Nacional Electoral.<\/p>\n<p style=\"text-align: justify;\">En este sentido, el vocero de la Arquidi\u00f3cesis Potosina se\u00f1al\u00f3 que con esta disposici\u00f3n oficial de alguna manera se coarta el derecho a la libre expresi\u00f3n de los ciudadanos.<\/p>\n<p style=\"text-align: justify;\">Por: Claudio Ibarra<\/p>\n","protected":false},"excerpt":{"rendered":"<p>SLP.- En el caso de un joven fallecido durante un ri\u00f1a al exterior de un antro ubicado sobre la avenida Mu\u00f1oz el vocero del Arzobispado Tom\u00e1s Cruz Perales, consider\u00f3 que es un asunto que no solo le compete a las autoridades p\u00fablicas, sino tambi\u00e9n a los padres de familia por tratarse de un menor de edad. En otros temas Cruz Perales fue cuestionado sobre las elecciones judiciales que se llevar\u00e1n a cabo este domingo 1\u00b0 de Junio al decir que no emitir\u00eda opini\u00f3n alguna por disposici\u00f3n girada por escrito, del Instituto Nacional Electoral. En este sentido, el vocero de la [&hellip;]<\/p>\n","protected":false},"author":2,"featured_media":168768,"comment_status":"closed","ping_status":"closed","sticky":false,"template":"","format":"video","meta":{"_monsterinsights_skip_tracking":false,"_monsterinsights_sitenote_active":false,"_monsterinsights_sitenote_note":"","_monsterinsights_sitenote_category":0,"footnotes":""},"categories":[5,519,45],"tags":[],"class_list":["post-168766","post","type-post","status-publish","format-video","has-post-thumbnail","hentry","category-destacadas","category-iglesia","category-localesyregionales","post_format-post-format-video","post--single"],"yoast_head":"<!-- This site is optimized with the Yoast SEO plugin v27.4 - https:\/\/yoast.com\/product\/yoast-seo-wordpress\/ -->\n<title>Cuestiona la Iglesia veto a que opine sobre elecciones judiciales - Canal 7 SLP - 2025<\/title>\n<meta name=\"robots\" content=\"index, follow, max-snippet:-1, max-image-preview:large, max-video-preview:-1\" \/>\n<link rel=\"canonical\" href=\"https:\/\/canal7slp.tv\/2025\/cuestiona-la-iglesia-veto-a-que-opine-sobre-elecciones-judiciales\/\" \/>\n<meta property=\"og:locale\" content=\"es_ES\" \/>\n<meta property=\"og:type\" content=\"article\" \/>\n<meta property=\"og:title\" content=\"Cuestiona la Iglesia veto a que opine sobre elecciones judiciales - Canal 7 SLP - 2025\" \/>\n<meta property=\"og:description\" content=\"SLP.- En el caso de un joven fallecido durante un ri\u00f1a al exterior de un antro ubicado sobre la avenida Mu\u00f1oz el vocero del Arzobispado Tom\u00e1s Cruz Perales, consider\u00f3 que es un asunto que no solo le compete a las autoridades p\u00fablicas, sino tambi\u00e9n a los padres de familia por tratarse de un menor de edad. En otros temas Cruz Perales fue cuestionado sobre las elecciones judiciales que se llevar\u00e1n a cabo este domingo 1\u00b0 de Junio al decir que no emitir\u00eda opini\u00f3n alguna por disposici\u00f3n girada por escrito, del Instituto Nacional Electoral. En este sentido, el vocero de la [&hellip;]\" \/>\n<meta property=\"og:url\" content=\"https:\/\/canal7slp.tv\/2025\/cuestiona-la-iglesia-veto-a-que-opine-sobre-elecciones-judiciales\/\" \/>\n<meta property=\"og:site_name\" content=\"Canal 7 SLP - 2025\" \/>\n<meta property=\"article:publisher\" content=\"https:\/\/www.facebook.com\/noticieroscanal7atencionciudadana\/\" \/>\n<meta property=\"article:published_time\" content=\"2025-05-29T01:32:26+00:00\" \/>\n<meta property=\"article:modified_time\" content=\"2025-12-10T14:48:53+00:00\" \/>\n<meta property=\"og:image\" content=\"https:\/\/canal7slp.tv\/2025\/wp-content\/uploads\/2025\/05\/Claudio02Amordazado.jpg\" \/>\n\t<meta property=\"og:image:width\" content=\"1280\" \/>\n\t<meta property=\"og:image:height\" content=\"720\" \/>\n\t<meta property=\"og:image:type\" content=\"image\/jpeg\" \/>\n<meta name=\"author\" content=\"Edici\u00f3n Web\" \/>\n<meta name=\"twitter:card\" content=\"summary_large_image\" \/>\n<meta name=\"twitter:creator\" content=\"@NOTICIEROS7\" \/>\n<meta name=\"twitter:site\" content=\"@NOTICIEROS7\" \/>\n<meta name=\"twitter:label1\" content=\"Escrito por\" \/>\n\t<meta name=\"twitter:data1\" content=\"Edici\u00f3n Web\" \/>\n\t<meta name=\"twitter:label2\" content=\"Tiempo de lectura\" \/>\n\t<meta name=\"twitter:data2\" content=\"1 minuto\" \/>\n<script type=\"application\/ld+json\" class=\"yoast-schema-graph\">{\"@context\":\"https:\\\/\\\/schema.org\",\"@graph\":[{\"@type\":\"Article\",\"@id\":\"https:\\\/\\\/canal7slp.tv\\\/2025\\\/cuestiona-la-iglesia-veto-a-que-opine-sobre-elecciones-judiciales\\\/#article\",\"isPartOf\":{\"@id\":\"https:\\\/\\\/canal7slp.tv\\\/2025\\\/cuestiona-la-iglesia-veto-a-que-opine-sobre-elecciones-judiciales\\\/\"},\"author\":{\"name\":\"Edici\u00f3n Web\",\"@id\":\"https:\\\/\\\/canal7slp.tv\\\/2025\\\/#\\\/schema\\\/person\\\/271e2b60a96e7cc9d9ac296f4d7e414b\"},\"headline\":\"Cuestiona la Iglesia veto a que opine sobre elecciones judiciales\",\"datePublished\":\"2025-05-29T01:32:26+00:00\",\"dateModified\":\"2025-12-10T14:48:53+00:00\",\"mainEntityOfPage\":{\"@id\":\"https:\\\/\\\/canal7slp.tv\\\/2025\\\/cuestiona-la-iglesia-veto-a-que-opine-sobre-elecciones-judiciales\\\/\"},\"wordCount\":148,\"publisher\":{\"@id\":\"https:\\\/\\\/canal7slp.tv\\\/2025\\\/#organization\"},\"image\":{\"@id\":\"https:\\\/\\\/canal7slp.tv\\\/2025\\\/cuestiona-la-iglesia-veto-a-que-opine-sobre-elecciones-judiciales\\\/#primaryimage\"},\"thumbnailUrl\":\"https:\\\/\\\/canal7slp.tv\\\/2025\\\/wp-content\\\/uploads\\\/2025\\\/05\\\/Claudio02Amordazado.jpg\",\"articleSection\":[\"DESTACADAS\",\"Iglesia\",\"LOCALES Y REGIONALES\"],\"inLanguage\":\"es\"},{\"@type\":\"WebPage\",\"@id\":\"https:\\\/\\\/canal7slp.tv\\\/2025\\\/cuestiona-la-iglesia-veto-a-que-opine-sobre-elecciones-judiciales\\\/\",\"url\":\"https:\\\/\\\/canal7slp.tv\\\/2025\\\/cuestiona-la-iglesia-veto-a-que-opine-sobre-elecciones-judiciales\\\/\",\"name\":\"Cuestiona la Iglesia veto a que opine sobre elecciones judiciales - Canal 7 SLP - 2025\",\"isPartOf\":{\"@id\":\"https:\\\/\\\/canal7slp.tv\\\/2025\\\/#website\"},\"primaryImageOfPage\":{\"@id\":\"https:\\\/\\\/canal7slp.tv\\\/2025\\\/cuestiona-la-iglesia-veto-a-que-opine-sobre-elecciones-judiciales\\\/#primaryimage\"},\"image\":{\"@id\":\"https:\\\/\\\/canal7slp.tv\\\/2025\\\/cuestiona-la-iglesia-veto-a-que-opine-sobre-elecciones-judiciales\\\/#primaryimage\"},\"thumbnailUrl\":\"https:\\\/\\\/canal7slp.tv\\\/2025\\\/wp-content\\\/uploads\\\/2025\\\/05\\\/Claudio02Amordazado.jpg\",\"datePublished\":\"2025-05-29T01:32:26+00:00\",\"dateModified\":\"2025-12-10T14:48:53+00:00\",\"breadcrumb\":{\"@id\":\"https:\\\/\\\/canal7slp.tv\\\/2025\\\/cuestiona-la-iglesia-veto-a-que-opine-sobre-elecciones-judiciales\\\/#breadcrumb\"},\"inLanguage\":\"es\",\"potentialAction\":[{\"@type\":\"ReadAction\",\"target\":[\"https:\\\/\\\/canal7slp.tv\\\/2025\\\/cuestiona-la-iglesia-veto-a-que-opine-sobre-elecciones-judiciales\\\/\"]}]},{\"@type\":\"ImageObject\",\"inLanguage\":\"es\",\"@id\":\"https:\\\/\\\/canal7slp.tv\\\/2025\\\/cuestiona-la-iglesia-veto-a-que-opine-sobre-elecciones-judiciales\\\/#primaryimage\",\"url\":\"https:\\\/\\\/canal7slp.tv\\\/2025\\\/wp-content\\\/uploads\\\/2025\\\/05\\\/Claudio02Amordazado.jpg\",\"contentUrl\":\"https:\\\/\\\/canal7slp.tv\\\/2025\\\/wp-content\\\/uploads\\\/2025\\\/05\\\/Claudio02Amordazado.jpg\",\"width\":1280,\"height\":720},{\"@type\":\"BreadcrumbList\",\"@id\":\"https:\\\/\\\/canal7slp.tv\\\/2025\\\/cuestiona-la-iglesia-veto-a-que-opine-sobre-elecciones-judiciales\\\/#breadcrumb\",\"itemListElement\":[{\"@type\":\"ListItem\",\"position\":1,\"name\":\"Portada\",\"item\":\"https:\\\/\\\/canal7slp.tv\\\/2025\\\/\"},{\"@type\":\"ListItem\",\"position\":2,\"name\":\"Cuestiona la Iglesia veto a que opine sobre elecciones judiciales\"}]},{\"@type\":\"WebSite\",\"@id\":\"https:\\\/\\\/canal7slp.tv\\\/2025\\\/#website\",\"url\":\"https:\\\/\\\/canal7slp.tv\\\/2025\\\/\",\"name\":\"N7 - Noticieros Canal 7\",\"description\":\"Somos el Medio\",\"publisher\":{\"@id\":\"https:\\\/\\\/canal7slp.tv\\\/2025\\\/#organization\"},\"potentialAction\":[{\"@type\":\"SearchAction\",\"target\":{\"@type\":\"EntryPoint\",\"urlTemplate\":\"https:\\\/\\\/canal7slp.tv\\\/2025\\\/?s={search_term_string}\"},\"query-input\":{\"@type\":\"PropertyValueSpecification\",\"valueRequired\":true,\"valueName\":\"search_term_string\"}}],\"inLanguage\":\"es\"},{\"@type\":\"Organization\",\"@id\":\"https:\\\/\\\/canal7slp.tv\\\/2025\\\/#organization\",\"name\":\"Noticieros Canal 7\",\"url\":\"https:\\\/\\\/canal7slp.tv\\\/2025\\\/\",\"logo\":{\"@type\":\"ImageObject\",\"inLanguage\":\"es\",\"@id\":\"https:\\\/\\\/canal7slp.tv\\\/2025\\\/#\\\/schema\\\/logo\\\/image\\\/\",\"url\":\"https:\\\/\\\/canal7slp.tv\\\/2025\\\/wp-content\\\/uploads\\\/2021\\\/01\\\/logo-noticieros@2x.png\",\"contentUrl\":\"https:\\\/\\\/canal7slp.tv\\\/2025\\\/wp-content\\\/uploads\\\/2021\\\/01\\\/logo-noticieros@2x.png\",\"width\":1017,\"height\":268,\"caption\":\"Noticieros Canal 7\"},\"image\":{\"@id\":\"https:\\\/\\\/canal7slp.tv\\\/2025\\\/#\\\/schema\\\/logo\\\/image\\\/\"},\"sameAs\":[\"https:\\\/\\\/www.facebook.com\\\/noticieroscanal7atencionciudadana\\\/\",\"https:\\\/\\\/x.com\\\/NOTICIEROS7\",\"https:\\\/\\\/www.instagram.com\\\/canal7_slp\",\"https:\\\/\\\/www.youtube.com\\\/channel\\\/UCliiYs-gP3JfJeqdPrNdd5A\"]},{\"@type\":\"Person\",\"@id\":\"https:\\\/\\\/canal7slp.tv\\\/2025\\\/#\\\/schema\\\/person\\\/271e2b60a96e7cc9d9ac296f4d7e414b\",\"name\":\"Edici\u00f3n Web\",\"image\":{\"@type\":\"ImageObject\",\"inLanguage\":\"es\",\"@id\":\"https:\\\/\\\/secure.gravatar.com\\\/avatar\\\/eee448fc3f7164808013b816ba91ac7e43bbe82a70bebac296f8bc6f0addaa1a?s=96&d=mm&r=g\",\"url\":\"https:\\\/\\\/secure.gravatar.com\\\/avatar\\\/eee448fc3f7164808013b816ba91ac7e43bbe82a70bebac296f8bc6f0addaa1a?s=96&d=mm&r=g\",\"contentUrl\":\"https:\\\/\\\/secure.gravatar.com\\\/avatar\\\/eee448fc3f7164808013b816ba91ac7e43bbe82a70bebac296f8bc6f0addaa1a?s=96&d=mm&r=g\",\"caption\":\"Edici\u00f3n Web\"},\"url\":\"https:\\\/\\\/canal7slp.tv\\\/2025\\\/author\\\/edicionweb\\\/\"}]}<\/script>\n<!-- \/ Yoast SEO plugin. -->","yoast_head_json":{"title":"Cuestiona la Iglesia veto a que opine sobre elecciones judiciales - Canal 7 SLP - 2025","robots":{"index":"index","follow":"follow","max-snippet":"max-snippet:-1","max-image-preview":"max-image-preview:large","max-video-preview":"max-video-preview:-1"},"canonical":"https:\/\/canal7slp.tv\/2025\/cuestiona-la-iglesia-veto-a-que-opine-sobre-elecciones-judiciales\/","og_locale":"es_ES","og_type":"article","og_title":"Cuestiona la Iglesia veto a que opine sobre elecciones judiciales - Canal 7 SLP - 2025","og_description":"SLP.- En el caso de un joven fallecido durante un ri\u00f1a al exterior de un antro ubicado sobre la avenida Mu\u00f1oz el vocero del Arzobispado Tom\u00e1s Cruz Perales, consider\u00f3 que es un asunto que no solo le compete a las autoridades p\u00fablicas, sino tambi\u00e9n a los padres de familia por tratarse de un menor de edad. En otros temas Cruz Perales fue cuestionado sobre las elecciones judiciales que se llevar\u00e1n a cabo este domingo 1\u00b0 de Junio al decir que no emitir\u00eda opini\u00f3n alguna por disposici\u00f3n girada por escrito, del Instituto Nacional Electoral. En este sentido, el vocero de la [&hellip;]","og_url":"https:\/\/canal7slp.tv\/2025\/cuestiona-la-iglesia-veto-a-que-opine-sobre-elecciones-judiciales\/","og_site_name":"Canal 7 SLP - 2025","article_publisher":"https:\/\/www.facebook.com\/noticieroscanal7atencionciudadana\/","article_published_time":"2025-05-29T01:32:26+00:00","article_modified_time":"2025-12-10T14:48:53+00:00","og_image":[{"width":1280,"height":720,"url":"https:\/\/canal7slp.tv\/2025\/wp-content\/uploads\/2025\/05\/Claudio02Amordazado.jpg","type":"image\/jpeg"}],"author":"Edici\u00f3n Web","twitter_card":"summary_large_image","twitter_creator":"@NOTICIEROS7","twitter_site":"@NOTICIEROS7","twitter_misc":{"Escrito por":"Edici\u00f3n Web","Tiempo de lectura":"1 minuto"},"schema":{"@context":"https:\/\/schema.org","@graph":[{"@type":"Article","@id":"https:\/\/canal7slp.tv\/2025\/cuestiona-la-iglesia-veto-a-que-opine-sobre-elecciones-judiciales\/#article","isPartOf":{"@id":"https:\/\/canal7slp.tv\/2025\/cuestiona-la-iglesia-veto-a-que-opine-sobre-elecciones-judiciales\/"},"author":{"name":"Edici\u00f3n Web","@id":"https:\/\/canal7slp.tv\/2025\/#\/schema\/person\/271e2b60a96e7cc9d9ac296f4d7e414b"},"headline":"Cuestiona la Iglesia veto a que opine sobre elecciones judiciales","datePublished":"2025-05-29T01:32:26+00:00","dateModified":"2025-12-10T14:48:53+00:00","mainEntityOfPage":{"@id":"https:\/\/canal7slp.tv\/2025\/cuestiona-la-iglesia-veto-a-que-opine-sobre-elecciones-judiciales\/"},"wordCount":148,"publisher":{"@id":"https:\/\/canal7slp.tv\/2025\/#organization"},"image":{"@id":"https:\/\/canal7slp.tv\/2025\/cuestiona-la-iglesia-veto-a-que-opine-sobre-elecciones-judiciales\/#primaryimage"},"thumbnailUrl":"https:\/\/canal7slp.tv\/2025\/wp-content\/uploads\/2025\/05\/Claudio02Amordazado.jpg","articleSection":["DESTACADAS","Iglesia","LOCALES Y REGIONALES"],"inLanguage":"es"},{"@type":"WebPage","@id":"https:\/\/canal7slp.tv\/2025\/cuestiona-la-iglesia-veto-a-que-opine-sobre-elecciones-judiciales\/","url":"https:\/\/canal7slp.tv\/2025\/cuestiona-la-iglesia-veto-a-que-opine-sobre-elecciones-judiciales\/","name":"Cuestiona la Iglesia veto a que opine sobre elecciones judiciales - Canal 7 SLP - 2025","isPartOf":{"@id":"https:\/\/canal7slp.tv\/2025\/#website"},"primaryImageOfPage":{"@id":"https:\/\/canal7slp.tv\/2025\/cuestiona-la-iglesia-veto-a-que-opine-sobre-elecciones-judiciales\/#primaryimage"},"image":{"@id":"https:\/\/canal7slp.tv\/2025\/cuestiona-la-iglesia-veto-a-que-opine-sobre-elecciones-judiciales\/#primaryimage"},"thumbnailUrl":"https:\/\/canal7slp.tv\/2025\/wp-content\/uploads\/2025\/05\/Claudio02Amordazado.jpg","datePublished":"2025-05-29T01:32:26+00:00","dateModified":"2025-12-10T14:48:53+00:00","breadcrumb":{"@id":"https:\/\/canal7slp.tv\/2025\/cuestiona-la-iglesia-veto-a-que-opine-sobre-elecciones-judiciales\/#breadcrumb"},"inLanguage":"es","potentialAction":[{"@type":"ReadAction","target":["https:\/\/canal7slp.tv\/2025\/cuestiona-la-iglesia-veto-a-que-opine-sobre-elecciones-judiciales\/"]}]},{"@type":"ImageObject","inLanguage":"es","@id":"https:\/\/canal7slp.tv\/2025\/cuestiona-la-iglesia-veto-a-que-opine-sobre-elecciones-judiciales\/#primaryimage","url":"https:\/\/canal7slp.tv\/2025\/wp-content\/uploads\/2025\/05\/Claudio02Amordazado.jpg","contentUrl":"https:\/\/canal7slp.tv\/2025\/wp-content\/uploads\/2025\/05\/Claudio02Amordazado.jpg","width":1280,"height":720},{"@type":"BreadcrumbList","@id":"https:\/\/canal7slp.tv\/2025\/cuestiona-la-iglesia-veto-a-que-opine-sobre-elecciones-judiciales\/#breadcrumb","itemListElement":[{"@type":"ListItem","position":1,"name":"Portada","item":"https:\/\/canal7slp.tv\/2025\/"},{"@type":"ListItem","position":2,"name":"Cuestiona la Iglesia veto a que opine sobre elecciones judiciales"}]},{"@type":"WebSite","@id":"https:\/\/canal7slp.tv\/2025\/#website","url":"https:\/\/canal7slp.tv\/2025\/","name":"N7 - Noticieros Canal 7","description":"Somos el Medio","publisher":{"@id":"https:\/\/canal7slp.tv\/2025\/#organization"},"potentialAction":[{"@type":"SearchAction","target":{"@type":"EntryPoint","urlTemplate":"https:\/\/canal7slp.tv\/2025\/?s={search_term_string}"},"query-input":{"@type":"PropertyValueSpecification","valueRequired":true,"valueName":"search_term_string"}}],"inLanguage":"es"},{"@type":"Organization","@id":"https:\/\/canal7slp.tv\/2025\/#organization","name":"Noticieros Canal 7","url":"https:\/\/canal7slp.tv\/2025\/","logo":{"@type":"ImageObject","inLanguage":"es","@id":"https:\/\/canal7slp.tv\/2025\/#\/schema\/logo\/image\/","url":"https:\/\/canal7slp.tv\/2025\/wp-content\/uploads\/2021\/01\/logo-noticieros@2x.png","contentUrl":"https:\/\/canal7slp.tv\/2025\/wp-content\/uploads\/2021\/01\/logo-noticieros@2x.png","width":1017,"height":268,"caption":"Noticieros Canal 7"},"image":{"@id":"https:\/\/canal7slp.tv\/2025\/#\/schema\/logo\/image\/"},"sameAs":["https:\/\/www.facebook.com\/noticieroscanal7atencionciudadana\/","https:\/\/x.com\/NOTICIEROS7","https:\/\/www.instagram.com\/canal7_slp","https:\/\/www.youtube.com\/channel\/UCliiYs-gP3JfJeqdPrNdd5A"]},{"@type":"Person","@id":"https:\/\/canal7slp.tv\/2025\/#\/schema\/person\/271e2b60a96e7cc9d9ac296f4d7e414b","name":"Edici\u00f3n Web","image":{"@type":"ImageObject","inLanguage":"es","@id":"https:\/\/secure.gravatar.com\/avatar\/eee448fc3f7164808013b816ba91ac7e43bbe82a70bebac296f8bc6f0addaa1a?s=96&d=mm&r=g","url":"https:\/\/secure.gravatar.com\/avatar\/eee448fc3f7164808013b816ba91ac7e43bbe82a70bebac296f8bc6f0addaa1a?s=96&d=mm&r=g","contentUrl":"https:\/\/secure.gravatar.com\/avatar\/eee448fc3f7164808013b816ba91ac7e43bbe82a70bebac296f8bc6f0addaa1a?s=96&d=mm&r=g","caption":"Edici\u00f3n Web"},"url":"https:\/\/canal7slp.tv\/2025\/author\/edicionweb\/"}]}},"_links":{"self":[{"href":"https:\/\/canal7slp.tv\/2025\/wp-json\/wp\/v2\/posts\/168766","targetHints":{"allow":["GET"]}}],"collection":[{"href":"https:\/\/canal7slp.tv\/2025\/wp-json\/wp\/v2\/posts"}],"about":[{"href":"https:\/\/canal7slp.tv\/2025\/wp-json\/wp\/v2\/types\/post"}],"author":[{"embeddable":true,"href":"https:\/\/canal7slp.tv\/2025\/wp-json\/wp\/v2\/users\/2"}],"replies":[{"embeddable":true,"href":"https:\/\/canal7slp.tv\/2025\/wp-json\/wp\/v2\/comments?post=168766"}],"version-history":[{"count":1,"href":"https:\/\/canal7slp.tv\/2025\/wp-json\/wp\/v2\/posts\/168766\/revisions"}],"predecessor-version":[{"id":168769,"href":"https:\/\/canal7slp.tv\/2025\/wp-json\/wp\/v2\/posts\/168766\/revisions\/168769"}],"wp:featuredmedia":[{"embeddable":true,"href":"https:\/\/canal7slp.tv\/2025\/wp-json\/wp\/v2\/media\/168768"}],"wp:attachment":[{"href":"https:\/\/canal7slp.tv\/2025\/wp-json\/wp\/v2\/media?parent=168766"}],"wp:term":[{"taxonomy":"category","embeddable":true,"href":"https:\/\/canal7slp.tv\/2025\/wp-json\/wp\/v2\/categories?post=168766"},{"taxonomy":"post_tag","embeddable":true,"href":"https:\/\/canal7slp.tv\/2025\/wp-json\/wp\/v2\/tags?post=168766"}],"curies":[{"name":"wp","href":"https:\/\/api.w.org\/{rel}","templated":true}]}}