{"id":168506,"date":"2025-05-26T14:56:28","date_gmt":"2025-05-26T20:56:28","guid":{"rendered":"https:\/\/canal7slp.tv\/2025\/?p=168506"},"modified":"2025-05-26T14:56:28","modified_gmt":"2025-05-26T20:56:28","slug":"taekwondo-de-la-becene-con-gran-actuacion-en-los-anuies","status":"publish","type":"post","link":"https:\/\/canal7slp.tv\/2025\/taekwondo-de-la-becene-con-gran-actuacion-en-los-anuies\/","title":{"rendered":"Taekwondo de la BECENE con gran actuaci\u00f3n en los ANUIES"},"content":{"rendered":"<p style=\"text-align: justify;\">SLP.- Las normalistas Sharon Michelle Jara Acosta e Ivanna Montserrat Torres Casta\u00f1\u00f3n, estudiantes de la Benem\u00e9rita y Centenaria Escuela Normal del Estado, obtuvieron medallas de oro y bronce en los Campeonatos Universitarios Nacionales ANUIES 2025, celebrados en Guadalajara.<\/p>\n<p style=\"text-align: justify;\">Su desempe\u00f1o en taekwondo posicion\u00f3 a San Luis Potos\u00ed entre las delegaciones m\u00e1s destacadas del pa\u00eds.<\/p>\n<p style=\"text-align: justify;\">Las atletas, dirigidas por el entrenador Jos\u00e9 de Jes\u00fas Mart\u00ednez Evaristo, integran un equipo de siete competidoras que dejaron huella en la justa nacional.<\/p>\n","protected":false},"excerpt":{"rendered":"<p>SLP.- Las normalistas Sharon Michelle Jara Acosta e Ivanna Montserrat Torres Casta\u00f1\u00f3n, estudiantes de la Benem\u00e9rita y Centenaria Escuela Normal del Estado, obtuvieron medallas de oro y bronce en los Campeonatos Universitarios Nacionales ANUIES 2025, celebrados en Guadalajara. Su desempe\u00f1o en taekwondo posicion\u00f3 a San Luis Potos\u00ed entre las delegaciones m\u00e1s destacadas del pa\u00eds. Las atletas, dirigidas por el entrenador Jos\u00e9 de Jes\u00fas Mart\u00ednez Evaristo, integran un equipo de siete competidoras que dejaron huella en la justa nacional.<\/p>\n","protected":false},"author":2,"featured_media":168515,"comment_status":"closed","ping_status":"closed","sticky":false,"template":"","format":"video","meta":{"_monsterinsights_skip_tracking":false,"_monsterinsights_sitenote_active":false,"_monsterinsights_sitenote_note":"","_monsterinsights_sitenote_category":0,"footnotes":""},"categories":[7,5],"tags":[],"class_list":["post-168506","post","type-post","status-publish","format-video","has-post-thumbnail","hentry","category-deportes","category-destacadas","post_format-post-format-video","post--single"],"yoast_head":"<!-- This site is optimized with the Yoast SEO plugin v27.5 - https:\/\/yoast.com\/product\/yoast-seo-wordpress\/ -->\n<title>Taekwondo de la BECENE con gran actuaci\u00f3n en los ANUIES - Canal 7 SLP - 2025<\/title>\n<meta name=\"robots\" content=\"index, follow, max-snippet:-1, max-image-preview:large, max-video-preview:-1\" \/>\n<link rel=\"canonical\" href=\"https:\/\/canal7slp.tv\/2025\/taekwondo-de-la-becene-con-gran-actuacion-en-los-anuies\/\" \/>\n<meta property=\"og:locale\" content=\"es_ES\" \/>\n<meta property=\"og:type\" content=\"article\" \/>\n<meta property=\"og:title\" content=\"Taekwondo de la BECENE con gran actuaci\u00f3n en los ANUIES - Canal 7 SLP - 2025\" \/>\n<meta property=\"og:description\" content=\"SLP.- Las normalistas Sharon Michelle Jara Acosta e Ivanna Montserrat Torres Casta\u00f1\u00f3n, estudiantes de la Benem\u00e9rita y Centenaria Escuela Normal del Estado, obtuvieron medallas de oro y bronce en los Campeonatos Universitarios Nacionales ANUIES 2025, celebrados en Guadalajara. Su desempe\u00f1o en taekwondo posicion\u00f3 a San Luis Potos\u00ed entre las delegaciones m\u00e1s destacadas del pa\u00eds. Las atletas, dirigidas por el entrenador Jos\u00e9 de Jes\u00fas Mart\u00ednez Evaristo, integran un equipo de siete competidoras que dejaron huella en la justa nacional.\" \/>\n<meta property=\"og:url\" content=\"https:\/\/canal7slp.tv\/2025\/taekwondo-de-la-becene-con-gran-actuacion-en-los-anuies\/\" \/>\n<meta property=\"og:site_name\" content=\"Canal 7 SLP - 2025\" \/>\n<meta property=\"article:publisher\" content=\"https:\/\/www.facebook.com\/noticieroscanal7atencionciudadana\/\" \/>\n<meta property=\"article:published_time\" content=\"2025-05-26T20:56:28+00:00\" \/>\n<meta property=\"og:image\" content=\"https:\/\/canal7slp.tv\/2025\/wp-content\/uploads\/2025\/05\/Froi02TDK-1.jpg\" \/>\n\t<meta property=\"og:image:width\" content=\"1280\" \/>\n\t<meta property=\"og:image:height\" content=\"720\" \/>\n\t<meta property=\"og:image:type\" content=\"image\/jpeg\" \/>\n<meta name=\"author\" content=\"Edici\u00f3n Web\" \/>\n<meta name=\"twitter:card\" content=\"summary_large_image\" \/>\n<meta name=\"twitter:creator\" content=\"@NOTICIEROS7\" \/>\n<meta name=\"twitter:site\" content=\"@NOTICIEROS7\" \/>\n<meta name=\"twitter:label1\" content=\"Escrito por\" \/>\n\t<meta name=\"twitter:data1\" content=\"Edici\u00f3n Web\" \/>\n\t<meta name=\"twitter:label2\" content=\"Tiempo de lectura\" \/>\n\t<meta name=\"twitter:data2\" content=\"1 minuto\" \/>\n<script type=\"application\/ld+json\" class=\"yoast-schema-graph\">{\"@context\":\"https:\\\/\\\/schema.org\",\"@graph\":[{\"@type\":\"Article\",\"@id\":\"https:\\\/\\\/canal7slp.tv\\\/2025\\\/taekwondo-de-la-becene-con-gran-actuacion-en-los-anuies\\\/#article\",\"isPartOf\":{\"@id\":\"https:\\\/\\\/canal7slp.tv\\\/2025\\\/taekwondo-de-la-becene-con-gran-actuacion-en-los-anuies\\\/\"},\"author\":{\"name\":\"Edici\u00f3n Web\",\"@id\":\"https:\\\/\\\/canal7slp.tv\\\/2025\\\/#\\\/schema\\\/person\\\/271e2b60a96e7cc9d9ac296f4d7e414b\"},\"headline\":\"Taekwondo de la BECENE con gran actuaci\u00f3n en los ANUIES\",\"datePublished\":\"2025-05-26T20:56:28+00:00\",\"mainEntityOfPage\":{\"@id\":\"https:\\\/\\\/canal7slp.tv\\\/2025\\\/taekwondo-de-la-becene-con-gran-actuacion-en-los-anuies\\\/\"},\"wordCount\":96,\"publisher\":{\"@id\":\"https:\\\/\\\/canal7slp.tv\\\/2025\\\/#organization\"},\"image\":{\"@id\":\"https:\\\/\\\/canal7slp.tv\\\/2025\\\/taekwondo-de-la-becene-con-gran-actuacion-en-los-anuies\\\/#primaryimage\"},\"thumbnailUrl\":\"https:\\\/\\\/canal7slp.tv\\\/2025\\\/wp-content\\\/uploads\\\/2025\\\/05\\\/Froi02TDK-1.jpg\",\"articleSection\":[\"DEPORTES\",\"DESTACADAS\"],\"inLanguage\":\"es\"},{\"@type\":\"WebPage\",\"@id\":\"https:\\\/\\\/canal7slp.tv\\\/2025\\\/taekwondo-de-la-becene-con-gran-actuacion-en-los-anuies\\\/\",\"url\":\"https:\\\/\\\/canal7slp.tv\\\/2025\\\/taekwondo-de-la-becene-con-gran-actuacion-en-los-anuies\\\/\",\"name\":\"Taekwondo de la BECENE con gran actuaci\u00f3n en los ANUIES - Canal 7 SLP - 2025\",\"isPartOf\":{\"@id\":\"https:\\\/\\\/canal7slp.tv\\\/2025\\\/#website\"},\"primaryImageOfPage\":{\"@id\":\"https:\\\/\\\/canal7slp.tv\\\/2025\\\/taekwondo-de-la-becene-con-gran-actuacion-en-los-anuies\\\/#primaryimage\"},\"image\":{\"@id\":\"https:\\\/\\\/canal7slp.tv\\\/2025\\\/taekwondo-de-la-becene-con-gran-actuacion-en-los-anuies\\\/#primaryimage\"},\"thumbnailUrl\":\"https:\\\/\\\/canal7slp.tv\\\/2025\\\/wp-content\\\/uploads\\\/2025\\\/05\\\/Froi02TDK-1.jpg\",\"datePublished\":\"2025-05-26T20:56:28+00:00\",\"breadcrumb\":{\"@id\":\"https:\\\/\\\/canal7slp.tv\\\/2025\\\/taekwondo-de-la-becene-con-gran-actuacion-en-los-anuies\\\/#breadcrumb\"},\"inLanguage\":\"es\",\"potentialAction\":[{\"@type\":\"ReadAction\",\"target\":[\"https:\\\/\\\/canal7slp.tv\\\/2025\\\/taekwondo-de-la-becene-con-gran-actuacion-en-los-anuies\\\/\"]}]},{\"@type\":\"ImageObject\",\"inLanguage\":\"es\",\"@id\":\"https:\\\/\\\/canal7slp.tv\\\/2025\\\/taekwondo-de-la-becene-con-gran-actuacion-en-los-anuies\\\/#primaryimage\",\"url\":\"https:\\\/\\\/canal7slp.tv\\\/2025\\\/wp-content\\\/uploads\\\/2025\\\/05\\\/Froi02TDK-1.jpg\",\"contentUrl\":\"https:\\\/\\\/canal7slp.tv\\\/2025\\\/wp-content\\\/uploads\\\/2025\\\/05\\\/Froi02TDK-1.jpg\",\"width\":1280,\"height\":720},{\"@type\":\"BreadcrumbList\",\"@id\":\"https:\\\/\\\/canal7slp.tv\\\/2025\\\/taekwondo-de-la-becene-con-gran-actuacion-en-los-anuies\\\/#breadcrumb\",\"itemListElement\":[{\"@type\":\"ListItem\",\"position\":1,\"name\":\"Portada\",\"item\":\"https:\\\/\\\/canal7slp.tv\\\/2025\\\/\"},{\"@type\":\"ListItem\",\"position\":2,\"name\":\"Taekwondo de la BECENE con gran actuaci\u00f3n en los ANUIES\"}]},{\"@type\":\"WebSite\",\"@id\":\"https:\\\/\\\/canal7slp.tv\\\/2025\\\/#website\",\"url\":\"https:\\\/\\\/canal7slp.tv\\\/2025\\\/\",\"name\":\"N7 - Noticieros Canal 7\",\"description\":\"Somos el Medio\",\"publisher\":{\"@id\":\"https:\\\/\\\/canal7slp.tv\\\/2025\\\/#organization\"},\"potentialAction\":[{\"@type\":\"SearchAction\",\"target\":{\"@type\":\"EntryPoint\",\"urlTemplate\":\"https:\\\/\\\/canal7slp.tv\\\/2025\\\/?s={search_term_string}\"},\"query-input\":{\"@type\":\"PropertyValueSpecification\",\"valueRequired\":true,\"valueName\":\"search_term_string\"}}],\"inLanguage\":\"es\"},{\"@type\":\"Organization\",\"@id\":\"https:\\\/\\\/canal7slp.tv\\\/2025\\\/#organization\",\"name\":\"Noticieros Canal 7\",\"url\":\"https:\\\/\\\/canal7slp.tv\\\/2025\\\/\",\"logo\":{\"@type\":\"ImageObject\",\"inLanguage\":\"es\",\"@id\":\"https:\\\/\\\/canal7slp.tv\\\/2025\\\/#\\\/schema\\\/logo\\\/image\\\/\",\"url\":\"https:\\\/\\\/canal7slp.tv\\\/2025\\\/wp-content\\\/uploads\\\/2021\\\/01\\\/logo-noticieros@2x.png\",\"contentUrl\":\"https:\\\/\\\/canal7slp.tv\\\/2025\\\/wp-content\\\/uploads\\\/2021\\\/01\\\/logo-noticieros@2x.png\",\"width\":1017,\"height\":268,\"caption\":\"Noticieros Canal 7\"},\"image\":{\"@id\":\"https:\\\/\\\/canal7slp.tv\\\/2025\\\/#\\\/schema\\\/logo\\\/image\\\/\"},\"sameAs\":[\"https:\\\/\\\/www.facebook.com\\\/noticieroscanal7atencionciudadana\\\/\",\"https:\\\/\\\/x.com\\\/NOTICIEROS7\",\"https:\\\/\\\/www.instagram.com\\\/canal7_slp\",\"https:\\\/\\\/www.youtube.com\\\/channel\\\/UCliiYs-gP3JfJeqdPrNdd5A\"]},{\"@type\":\"Person\",\"@id\":\"https:\\\/\\\/canal7slp.tv\\\/2025\\\/#\\\/schema\\\/person\\\/271e2b60a96e7cc9d9ac296f4d7e414b\",\"name\":\"Edici\u00f3n Web\",\"image\":{\"@type\":\"ImageObject\",\"inLanguage\":\"es\",\"@id\":\"https:\\\/\\\/secure.gravatar.com\\\/avatar\\\/eee448fc3f7164808013b816ba91ac7e43bbe82a70bebac296f8bc6f0addaa1a?s=96&d=mm&r=g\",\"url\":\"https:\\\/\\\/secure.gravatar.com\\\/avatar\\\/eee448fc3f7164808013b816ba91ac7e43bbe82a70bebac296f8bc6f0addaa1a?s=96&d=mm&r=g\",\"contentUrl\":\"https:\\\/\\\/secure.gravatar.com\\\/avatar\\\/eee448fc3f7164808013b816ba91ac7e43bbe82a70bebac296f8bc6f0addaa1a?s=96&d=mm&r=g\",\"caption\":\"Edici\u00f3n Web\"},\"url\":\"https:\\\/\\\/canal7slp.tv\\\/2025\\\/author\\\/edicionweb\\\/\"}]}<\/script>\n<!-- \/ Yoast SEO plugin. -->","yoast_head_json":{"title":"Taekwondo de la BECENE con gran actuaci\u00f3n en los ANUIES - Canal 7 SLP - 2025","robots":{"index":"index","follow":"follow","max-snippet":"max-snippet:-1","max-image-preview":"max-image-preview:large","max-video-preview":"max-video-preview:-1"},"canonical":"https:\/\/canal7slp.tv\/2025\/taekwondo-de-la-becene-con-gran-actuacion-en-los-anuies\/","og_locale":"es_ES","og_type":"article","og_title":"Taekwondo de la BECENE con gran actuaci\u00f3n en los ANUIES - Canal 7 SLP - 2025","og_description":"SLP.- Las normalistas Sharon Michelle Jara Acosta e Ivanna Montserrat Torres Casta\u00f1\u00f3n, estudiantes de la Benem\u00e9rita y Centenaria Escuela Normal del Estado, obtuvieron medallas de oro y bronce en los Campeonatos Universitarios Nacionales ANUIES 2025, celebrados en Guadalajara. Su desempe\u00f1o en taekwondo posicion\u00f3 a San Luis Potos\u00ed entre las delegaciones m\u00e1s destacadas del pa\u00eds. Las atletas, dirigidas por el entrenador Jos\u00e9 de Jes\u00fas Mart\u00ednez Evaristo, integran un equipo de siete competidoras que dejaron huella en la justa nacional.","og_url":"https:\/\/canal7slp.tv\/2025\/taekwondo-de-la-becene-con-gran-actuacion-en-los-anuies\/","og_site_name":"Canal 7 SLP - 2025","article_publisher":"https:\/\/www.facebook.com\/noticieroscanal7atencionciudadana\/","article_published_time":"2025-05-26T20:56:28+00:00","og_image":[{"width":1280,"height":720,"url":"https:\/\/canal7slp.tv\/2025\/wp-content\/uploads\/2025\/05\/Froi02TDK-1.jpg","type":"image\/jpeg"}],"author":"Edici\u00f3n Web","twitter_card":"summary_large_image","twitter_creator":"@NOTICIEROS7","twitter_site":"@NOTICIEROS7","twitter_misc":{"Escrito por":"Edici\u00f3n Web","Tiempo de lectura":"1 minuto"},"schema":{"@context":"https:\/\/schema.org","@graph":[{"@type":"Article","@id":"https:\/\/canal7slp.tv\/2025\/taekwondo-de-la-becene-con-gran-actuacion-en-los-anuies\/#article","isPartOf":{"@id":"https:\/\/canal7slp.tv\/2025\/taekwondo-de-la-becene-con-gran-actuacion-en-los-anuies\/"},"author":{"name":"Edici\u00f3n Web","@id":"https:\/\/canal7slp.tv\/2025\/#\/schema\/person\/271e2b60a96e7cc9d9ac296f4d7e414b"},"headline":"Taekwondo de la BECENE con gran actuaci\u00f3n en los ANUIES","datePublished":"2025-05-26T20:56:28+00:00","mainEntityOfPage":{"@id":"https:\/\/canal7slp.tv\/2025\/taekwondo-de-la-becene-con-gran-actuacion-en-los-anuies\/"},"wordCount":96,"publisher":{"@id":"https:\/\/canal7slp.tv\/2025\/#organization"},"image":{"@id":"https:\/\/canal7slp.tv\/2025\/taekwondo-de-la-becene-con-gran-actuacion-en-los-anuies\/#primaryimage"},"thumbnailUrl":"https:\/\/canal7slp.tv\/2025\/wp-content\/uploads\/2025\/05\/Froi02TDK-1.jpg","articleSection":["DEPORTES","DESTACADAS"],"inLanguage":"es"},{"@type":"WebPage","@id":"https:\/\/canal7slp.tv\/2025\/taekwondo-de-la-becene-con-gran-actuacion-en-los-anuies\/","url":"https:\/\/canal7slp.tv\/2025\/taekwondo-de-la-becene-con-gran-actuacion-en-los-anuies\/","name":"Taekwondo de la BECENE con gran actuaci\u00f3n en los ANUIES - Canal 7 SLP - 2025","isPartOf":{"@id":"https:\/\/canal7slp.tv\/2025\/#website"},"primaryImageOfPage":{"@id":"https:\/\/canal7slp.tv\/2025\/taekwondo-de-la-becene-con-gran-actuacion-en-los-anuies\/#primaryimage"},"image":{"@id":"https:\/\/canal7slp.tv\/2025\/taekwondo-de-la-becene-con-gran-actuacion-en-los-anuies\/#primaryimage"},"thumbnailUrl":"https:\/\/canal7slp.tv\/2025\/wp-content\/uploads\/2025\/05\/Froi02TDK-1.jpg","datePublished":"2025-05-26T20:56:28+00:00","breadcrumb":{"@id":"https:\/\/canal7slp.tv\/2025\/taekwondo-de-la-becene-con-gran-actuacion-en-los-anuies\/#breadcrumb"},"inLanguage":"es","potentialAction":[{"@type":"ReadAction","target":["https:\/\/canal7slp.tv\/2025\/taekwondo-de-la-becene-con-gran-actuacion-en-los-anuies\/"]}]},{"@type":"ImageObject","inLanguage":"es","@id":"https:\/\/canal7slp.tv\/2025\/taekwondo-de-la-becene-con-gran-actuacion-en-los-anuies\/#primaryimage","url":"https:\/\/canal7slp.tv\/2025\/wp-content\/uploads\/2025\/05\/Froi02TDK-1.jpg","contentUrl":"https:\/\/canal7slp.tv\/2025\/wp-content\/uploads\/2025\/05\/Froi02TDK-1.jpg","width":1280,"height":720},{"@type":"BreadcrumbList","@id":"https:\/\/canal7slp.tv\/2025\/taekwondo-de-la-becene-con-gran-actuacion-en-los-anuies\/#breadcrumb","itemListElement":[{"@type":"ListItem","position":1,"name":"Portada","item":"https:\/\/canal7slp.tv\/2025\/"},{"@type":"ListItem","position":2,"name":"Taekwondo de la BECENE con gran actuaci\u00f3n en los ANUIES"}]},{"@type":"WebSite","@id":"https:\/\/canal7slp.tv\/2025\/#website","url":"https:\/\/canal7slp.tv\/2025\/","name":"N7 - Noticieros Canal 7","description":"Somos el Medio","publisher":{"@id":"https:\/\/canal7slp.tv\/2025\/#organization"},"potentialAction":[{"@type":"SearchAction","target":{"@type":"EntryPoint","urlTemplate":"https:\/\/canal7slp.tv\/2025\/?s={search_term_string}"},"query-input":{"@type":"PropertyValueSpecification","valueRequired":true,"valueName":"search_term_string"}}],"inLanguage":"es"},{"@type":"Organization","@id":"https:\/\/canal7slp.tv\/2025\/#organization","name":"Noticieros Canal 7","url":"https:\/\/canal7slp.tv\/2025\/","logo":{"@type":"ImageObject","inLanguage":"es","@id":"https:\/\/canal7slp.tv\/2025\/#\/schema\/logo\/image\/","url":"https:\/\/canal7slp.tv\/2025\/wp-content\/uploads\/2021\/01\/logo-noticieros@2x.png","contentUrl":"https:\/\/canal7slp.tv\/2025\/wp-content\/uploads\/2021\/01\/logo-noticieros@2x.png","width":1017,"height":268,"caption":"Noticieros Canal 7"},"image":{"@id":"https:\/\/canal7slp.tv\/2025\/#\/schema\/logo\/image\/"},"sameAs":["https:\/\/www.facebook.com\/noticieroscanal7atencionciudadana\/","https:\/\/x.com\/NOTICIEROS7","https:\/\/www.instagram.com\/canal7_slp","https:\/\/www.youtube.com\/channel\/UCliiYs-gP3JfJeqdPrNdd5A"]},{"@type":"Person","@id":"https:\/\/canal7slp.tv\/2025\/#\/schema\/person\/271e2b60a96e7cc9d9ac296f4d7e414b","name":"Edici\u00f3n Web","image":{"@type":"ImageObject","inLanguage":"es","@id":"https:\/\/secure.gravatar.com\/avatar\/eee448fc3f7164808013b816ba91ac7e43bbe82a70bebac296f8bc6f0addaa1a?s=96&d=mm&r=g","url":"https:\/\/secure.gravatar.com\/avatar\/eee448fc3f7164808013b816ba91ac7e43bbe82a70bebac296f8bc6f0addaa1a?s=96&d=mm&r=g","contentUrl":"https:\/\/secure.gravatar.com\/avatar\/eee448fc3f7164808013b816ba91ac7e43bbe82a70bebac296f8bc6f0addaa1a?s=96&d=mm&r=g","caption":"Edici\u00f3n Web"},"url":"https:\/\/canal7slp.tv\/2025\/author\/edicionweb\/"}]}},"_links":{"self":[{"href":"https:\/\/canal7slp.tv\/2025\/wp-json\/wp\/v2\/posts\/168506","targetHints":{"allow":["GET"]}}],"collection":[{"href":"https:\/\/canal7slp.tv\/2025\/wp-json\/wp\/v2\/posts"}],"about":[{"href":"https:\/\/canal7slp.tv\/2025\/wp-json\/wp\/v2\/types\/post"}],"author":[{"embeddable":true,"href":"https:\/\/canal7slp.tv\/2025\/wp-json\/wp\/v2\/users\/2"}],"replies":[{"embeddable":true,"href":"https:\/\/canal7slp.tv\/2025\/wp-json\/wp\/v2\/comments?post=168506"}],"version-history":[{"count":2,"href":"https:\/\/canal7slp.tv\/2025\/wp-json\/wp\/v2\/posts\/168506\/revisions"}],"predecessor-version":[{"id":168516,"href":"https:\/\/canal7slp.tv\/2025\/wp-json\/wp\/v2\/posts\/168506\/revisions\/168516"}],"wp:featuredmedia":[{"embeddable":true,"href":"https:\/\/canal7slp.tv\/2025\/wp-json\/wp\/v2\/media\/168515"}],"wp:attachment":[{"href":"https:\/\/canal7slp.tv\/2025\/wp-json\/wp\/v2\/media?parent=168506"}],"wp:term":[{"taxonomy":"category","embeddable":true,"href":"https:\/\/canal7slp.tv\/2025\/wp-json\/wp\/v2\/categories?post=168506"},{"taxonomy":"post_tag","embeddable":true,"href":"https:\/\/canal7slp.tv\/2025\/wp-json\/wp\/v2\/tags?post=168506"}],"curies":[{"name":"wp","href":"https:\/\/api.w.org\/{rel}","templated":true}]}}