{"id":168449,"date":"2025-05-23T19:16:14","date_gmt":"2025-05-24T01:16:14","guid":{"rendered":"https:\/\/canal7slp.tv\/2025\/?p=168449"},"modified":"2025-05-23T19:16:33","modified_gmt":"2025-05-24T01:16:33","slug":"pese-a-limitantes-presupuestales-habra-elecciones-judiciales-afirma-vocal-ejecutivo-del-ine","status":"publish","type":"post","link":"https:\/\/canal7slp.tv\/2025\/pese-a-limitantes-presupuestales-habra-elecciones-judiciales-afirma-vocal-ejecutivo-del-ine\/","title":{"rendered":"Pese a limitantes presupuestales habr\u00e1 elecciones judiciales, afirma vocal ejecutivo del INE"},"content":{"rendered":"<p style=\"text-align: justify;\">SLP.- Pese a las limitancias presupuestales para este 1\u00b0 de Junio el Instituto Nacional Electoral garantiza que los ciudadanos podr\u00e1n votar en las elecciones judiciales.<\/p>\n<p style=\"text-align: justify;\">As\u00ed lo asegur\u00f3 el vocal ejecutivo Sergio Aispuro al afirmar que \u00e9sta no es una situaci\u00f3n privativa de San Luis Potos\u00ed.<\/p>\n<p style=\"text-align: justify;\">Sin embargo, el funcionario electoral asegur\u00f3 que a pesar de todas estas circunstancias todo y todos est\u00e1n listos para que arranque la jornada electoral del 1\u00b0 de Junio.<\/p>\n<p style=\"text-align: justify;\">El vocal ejecutivo del INE coment\u00f3 que en la semana entrante se har\u00e1 la asignaci\u00f3n de los presidentes de mesa directiva as\u00ed como la distribuci\u00f3n del material electoral y boletas.<\/p>\n<p style=\"text-align: justify;\">Sergio Aispuro hizo un llamado al electorado a participar en este proceso electoral al declinar opinar que porcentaje de ciudadanos acudir\u00e1n a las urnas.<\/p>\n<p style=\"text-align: justify;\">Asimismo, el vocal ejecutivo del INE hizo tambi\u00e9n un llamado a partidos pol\u00edticos e instituciones p\u00fablicas a que se abstengan de intervenir en este proceso electoral.<\/p>\n<p>Por: Claudio Ibarra<\/p>\n","protected":false},"excerpt":{"rendered":"<p>SLP.- Pese a las limitancias presupuestales para este 1\u00b0 de Junio el Instituto Nacional Electoral garantiza que los ciudadanos podr\u00e1n votar en las elecciones judiciales. As\u00ed lo asegur\u00f3 el vocal ejecutivo Sergio Aispuro al afirmar que \u00e9sta no es una situaci\u00f3n privativa de San Luis Potos\u00ed. Sin embargo, el funcionario electoral asegur\u00f3 que a pesar de todas estas circunstancias todo y todos est\u00e1n listos para que arranque la jornada electoral del 1\u00b0 de Junio. El vocal ejecutivo del INE coment\u00f3 que en la semana entrante se har\u00e1 la asignaci\u00f3n de los presidentes de mesa directiva as\u00ed como la distribuci\u00f3n del [&hellip;]<\/p>\n","protected":false},"author":2,"featured_media":168451,"comment_status":"closed","ping_status":"closed","sticky":false,"template":"","format":"video","meta":{"_monsterinsights_skip_tracking":false,"_monsterinsights_sitenote_active":false,"_monsterinsights_sitenote_note":"","_monsterinsights_sitenote_category":0,"footnotes":""},"categories":[5,45],"tags":[],"class_list":["post-168449","post","type-post","status-publish","format-video","has-post-thumbnail","hentry","category-destacadas","category-localesyregionales","post_format-post-format-video","post--single"],"yoast_head":"<!-- This site is optimized with the Yoast SEO plugin v27.5 - https:\/\/yoast.com\/product\/yoast-seo-wordpress\/ -->\n<title>Pese a limitantes presupuestales habr\u00e1 elecciones judiciales, afirma vocal ejecutivo del INE - Canal 7 SLP - 2025<\/title>\n<meta name=\"robots\" content=\"index, follow, max-snippet:-1, max-image-preview:large, max-video-preview:-1\" \/>\n<link rel=\"canonical\" href=\"https:\/\/canal7slp.tv\/2025\/pese-a-limitantes-presupuestales-habra-elecciones-judiciales-afirma-vocal-ejecutivo-del-ine\/\" \/>\n<meta property=\"og:locale\" content=\"es_ES\" \/>\n<meta property=\"og:type\" content=\"article\" \/>\n<meta property=\"og:title\" content=\"Pese a limitantes presupuestales habr\u00e1 elecciones judiciales, afirma vocal ejecutivo del INE - Canal 7 SLP - 2025\" \/>\n<meta property=\"og:description\" content=\"SLP.- Pese a las limitancias presupuestales para este 1\u00b0 de Junio el Instituto Nacional Electoral garantiza que los ciudadanos podr\u00e1n votar en las elecciones judiciales. As\u00ed lo asegur\u00f3 el vocal ejecutivo Sergio Aispuro al afirmar que \u00e9sta no es una situaci\u00f3n privativa de San Luis Potos\u00ed. Sin embargo, el funcionario electoral asegur\u00f3 que a pesar de todas estas circunstancias todo y todos est\u00e1n listos para que arranque la jornada electoral del 1\u00b0 de Junio. El vocal ejecutivo del INE coment\u00f3 que en la semana entrante se har\u00e1 la asignaci\u00f3n de los presidentes de mesa directiva as\u00ed como la distribuci\u00f3n del [&hellip;]\" \/>\n<meta property=\"og:url\" content=\"https:\/\/canal7slp.tv\/2025\/pese-a-limitantes-presupuestales-habra-elecciones-judiciales-afirma-vocal-ejecutivo-del-ine\/\" \/>\n<meta property=\"og:site_name\" content=\"Canal 7 SLP - 2025\" \/>\n<meta property=\"article:publisher\" content=\"https:\/\/www.facebook.com\/noticieroscanal7atencionciudadana\/\" \/>\n<meta property=\"article:published_time\" content=\"2025-05-24T01:16:14+00:00\" \/>\n<meta property=\"article:modified_time\" content=\"2025-05-24T01:16:33+00:00\" \/>\n<meta property=\"og:image\" content=\"https:\/\/canal7slp.tv\/2025\/wp-content\/uploads\/2025\/05\/Claudio03Aispuro.jpg\" \/>\n\t<meta property=\"og:image:width\" content=\"1280\" \/>\n\t<meta property=\"og:image:height\" content=\"720\" \/>\n\t<meta property=\"og:image:type\" content=\"image\/jpeg\" \/>\n<meta name=\"author\" content=\"Edici\u00f3n Web\" \/>\n<meta name=\"twitter:card\" content=\"summary_large_image\" \/>\n<meta name=\"twitter:creator\" content=\"@NOTICIEROS7\" \/>\n<meta name=\"twitter:site\" content=\"@NOTICIEROS7\" \/>\n<meta name=\"twitter:label1\" content=\"Escrito por\" \/>\n\t<meta name=\"twitter:data1\" content=\"Edici\u00f3n Web\" \/>\n\t<meta name=\"twitter:label2\" content=\"Tiempo de lectura\" \/>\n\t<meta name=\"twitter:data2\" content=\"1 minuto\" \/>\n<script type=\"application\/ld+json\" class=\"yoast-schema-graph\">{\"@context\":\"https:\\\/\\\/schema.org\",\"@graph\":[{\"@type\":\"Article\",\"@id\":\"https:\\\/\\\/canal7slp.tv\\\/2025\\\/pese-a-limitantes-presupuestales-habra-elecciones-judiciales-afirma-vocal-ejecutivo-del-ine\\\/#article\",\"isPartOf\":{\"@id\":\"https:\\\/\\\/canal7slp.tv\\\/2025\\\/pese-a-limitantes-presupuestales-habra-elecciones-judiciales-afirma-vocal-ejecutivo-del-ine\\\/\"},\"author\":{\"name\":\"Edici\u00f3n Web\",\"@id\":\"https:\\\/\\\/canal7slp.tv\\\/2025\\\/#\\\/schema\\\/person\\\/271e2b60a96e7cc9d9ac296f4d7e414b\"},\"headline\":\"Pese a limitantes presupuestales habr\u00e1 elecciones judiciales, afirma vocal ejecutivo del INE\",\"datePublished\":\"2025-05-24T01:16:14+00:00\",\"dateModified\":\"2025-05-24T01:16:33+00:00\",\"mainEntityOfPage\":{\"@id\":\"https:\\\/\\\/canal7slp.tv\\\/2025\\\/pese-a-limitantes-presupuestales-habra-elecciones-judiciales-afirma-vocal-ejecutivo-del-ine\\\/\"},\"wordCount\":177,\"publisher\":{\"@id\":\"https:\\\/\\\/canal7slp.tv\\\/2025\\\/#organization\"},\"image\":{\"@id\":\"https:\\\/\\\/canal7slp.tv\\\/2025\\\/pese-a-limitantes-presupuestales-habra-elecciones-judiciales-afirma-vocal-ejecutivo-del-ine\\\/#primaryimage\"},\"thumbnailUrl\":\"https:\\\/\\\/canal7slp.tv\\\/2025\\\/wp-content\\\/uploads\\\/2025\\\/05\\\/Claudio03Aispuro.jpg\",\"articleSection\":[\"DESTACADAS\",\"LOCALES Y REGIONALES\"],\"inLanguage\":\"es\"},{\"@type\":\"WebPage\",\"@id\":\"https:\\\/\\\/canal7slp.tv\\\/2025\\\/pese-a-limitantes-presupuestales-habra-elecciones-judiciales-afirma-vocal-ejecutivo-del-ine\\\/\",\"url\":\"https:\\\/\\\/canal7slp.tv\\\/2025\\\/pese-a-limitantes-presupuestales-habra-elecciones-judiciales-afirma-vocal-ejecutivo-del-ine\\\/\",\"name\":\"Pese a limitantes presupuestales habr\u00e1 elecciones judiciales, afirma vocal ejecutivo del INE - Canal 7 SLP - 2025\",\"isPartOf\":{\"@id\":\"https:\\\/\\\/canal7slp.tv\\\/2025\\\/#website\"},\"primaryImageOfPage\":{\"@id\":\"https:\\\/\\\/canal7slp.tv\\\/2025\\\/pese-a-limitantes-presupuestales-habra-elecciones-judiciales-afirma-vocal-ejecutivo-del-ine\\\/#primaryimage\"},\"image\":{\"@id\":\"https:\\\/\\\/canal7slp.tv\\\/2025\\\/pese-a-limitantes-presupuestales-habra-elecciones-judiciales-afirma-vocal-ejecutivo-del-ine\\\/#primaryimage\"},\"thumbnailUrl\":\"https:\\\/\\\/canal7slp.tv\\\/2025\\\/wp-content\\\/uploads\\\/2025\\\/05\\\/Claudio03Aispuro.jpg\",\"datePublished\":\"2025-05-24T01:16:14+00:00\",\"dateModified\":\"2025-05-24T01:16:33+00:00\",\"breadcrumb\":{\"@id\":\"https:\\\/\\\/canal7slp.tv\\\/2025\\\/pese-a-limitantes-presupuestales-habra-elecciones-judiciales-afirma-vocal-ejecutivo-del-ine\\\/#breadcrumb\"},\"inLanguage\":\"es\",\"potentialAction\":[{\"@type\":\"ReadAction\",\"target\":[\"https:\\\/\\\/canal7slp.tv\\\/2025\\\/pese-a-limitantes-presupuestales-habra-elecciones-judiciales-afirma-vocal-ejecutivo-del-ine\\\/\"]}]},{\"@type\":\"ImageObject\",\"inLanguage\":\"es\",\"@id\":\"https:\\\/\\\/canal7slp.tv\\\/2025\\\/pese-a-limitantes-presupuestales-habra-elecciones-judiciales-afirma-vocal-ejecutivo-del-ine\\\/#primaryimage\",\"url\":\"https:\\\/\\\/canal7slp.tv\\\/2025\\\/wp-content\\\/uploads\\\/2025\\\/05\\\/Claudio03Aispuro.jpg\",\"contentUrl\":\"https:\\\/\\\/canal7slp.tv\\\/2025\\\/wp-content\\\/uploads\\\/2025\\\/05\\\/Claudio03Aispuro.jpg\",\"width\":1280,\"height\":720},{\"@type\":\"BreadcrumbList\",\"@id\":\"https:\\\/\\\/canal7slp.tv\\\/2025\\\/pese-a-limitantes-presupuestales-habra-elecciones-judiciales-afirma-vocal-ejecutivo-del-ine\\\/#breadcrumb\",\"itemListElement\":[{\"@type\":\"ListItem\",\"position\":1,\"name\":\"Portada\",\"item\":\"https:\\\/\\\/canal7slp.tv\\\/2025\\\/\"},{\"@type\":\"ListItem\",\"position\":2,\"name\":\"Pese a limitantes presupuestales habr\u00e1 elecciones judiciales, afirma vocal ejecutivo del INE\"}]},{\"@type\":\"WebSite\",\"@id\":\"https:\\\/\\\/canal7slp.tv\\\/2025\\\/#website\",\"url\":\"https:\\\/\\\/canal7slp.tv\\\/2025\\\/\",\"name\":\"N7 - Noticieros Canal 7\",\"description\":\"Somos el Medio\",\"publisher\":{\"@id\":\"https:\\\/\\\/canal7slp.tv\\\/2025\\\/#organization\"},\"potentialAction\":[{\"@type\":\"SearchAction\",\"target\":{\"@type\":\"EntryPoint\",\"urlTemplate\":\"https:\\\/\\\/canal7slp.tv\\\/2025\\\/?s={search_term_string}\"},\"query-input\":{\"@type\":\"PropertyValueSpecification\",\"valueRequired\":true,\"valueName\":\"search_term_string\"}}],\"inLanguage\":\"es\"},{\"@type\":\"Organization\",\"@id\":\"https:\\\/\\\/canal7slp.tv\\\/2025\\\/#organization\",\"name\":\"Noticieros Canal 7\",\"url\":\"https:\\\/\\\/canal7slp.tv\\\/2025\\\/\",\"logo\":{\"@type\":\"ImageObject\",\"inLanguage\":\"es\",\"@id\":\"https:\\\/\\\/canal7slp.tv\\\/2025\\\/#\\\/schema\\\/logo\\\/image\\\/\",\"url\":\"https:\\\/\\\/canal7slp.tv\\\/2025\\\/wp-content\\\/uploads\\\/2021\\\/01\\\/logo-noticieros@2x.png\",\"contentUrl\":\"https:\\\/\\\/canal7slp.tv\\\/2025\\\/wp-content\\\/uploads\\\/2021\\\/01\\\/logo-noticieros@2x.png\",\"width\":1017,\"height\":268,\"caption\":\"Noticieros Canal 7\"},\"image\":{\"@id\":\"https:\\\/\\\/canal7slp.tv\\\/2025\\\/#\\\/schema\\\/logo\\\/image\\\/\"},\"sameAs\":[\"https:\\\/\\\/www.facebook.com\\\/noticieroscanal7atencionciudadana\\\/\",\"https:\\\/\\\/x.com\\\/NOTICIEROS7\",\"https:\\\/\\\/www.instagram.com\\\/canal7_slp\",\"https:\\\/\\\/www.youtube.com\\\/channel\\\/UCliiYs-gP3JfJeqdPrNdd5A\"]},{\"@type\":\"Person\",\"@id\":\"https:\\\/\\\/canal7slp.tv\\\/2025\\\/#\\\/schema\\\/person\\\/271e2b60a96e7cc9d9ac296f4d7e414b\",\"name\":\"Edici\u00f3n Web\",\"image\":{\"@type\":\"ImageObject\",\"inLanguage\":\"es\",\"@id\":\"https:\\\/\\\/secure.gravatar.com\\\/avatar\\\/eee448fc3f7164808013b816ba91ac7e43bbe82a70bebac296f8bc6f0addaa1a?s=96&d=mm&r=g\",\"url\":\"https:\\\/\\\/secure.gravatar.com\\\/avatar\\\/eee448fc3f7164808013b816ba91ac7e43bbe82a70bebac296f8bc6f0addaa1a?s=96&d=mm&r=g\",\"contentUrl\":\"https:\\\/\\\/secure.gravatar.com\\\/avatar\\\/eee448fc3f7164808013b816ba91ac7e43bbe82a70bebac296f8bc6f0addaa1a?s=96&d=mm&r=g\",\"caption\":\"Edici\u00f3n Web\"},\"url\":\"https:\\\/\\\/canal7slp.tv\\\/2025\\\/author\\\/edicionweb\\\/\"}]}<\/script>\n<!-- \/ Yoast SEO plugin. -->","yoast_head_json":{"title":"Pese a limitantes presupuestales habr\u00e1 elecciones judiciales, afirma vocal ejecutivo del INE - Canal 7 SLP - 2025","robots":{"index":"index","follow":"follow","max-snippet":"max-snippet:-1","max-image-preview":"max-image-preview:large","max-video-preview":"max-video-preview:-1"},"canonical":"https:\/\/canal7slp.tv\/2025\/pese-a-limitantes-presupuestales-habra-elecciones-judiciales-afirma-vocal-ejecutivo-del-ine\/","og_locale":"es_ES","og_type":"article","og_title":"Pese a limitantes presupuestales habr\u00e1 elecciones judiciales, afirma vocal ejecutivo del INE - Canal 7 SLP - 2025","og_description":"SLP.- Pese a las limitancias presupuestales para este 1\u00b0 de Junio el Instituto Nacional Electoral garantiza que los ciudadanos podr\u00e1n votar en las elecciones judiciales. As\u00ed lo asegur\u00f3 el vocal ejecutivo Sergio Aispuro al afirmar que \u00e9sta no es una situaci\u00f3n privativa de San Luis Potos\u00ed. Sin embargo, el funcionario electoral asegur\u00f3 que a pesar de todas estas circunstancias todo y todos est\u00e1n listos para que arranque la jornada electoral del 1\u00b0 de Junio. El vocal ejecutivo del INE coment\u00f3 que en la semana entrante se har\u00e1 la asignaci\u00f3n de los presidentes de mesa directiva as\u00ed como la distribuci\u00f3n del [&hellip;]","og_url":"https:\/\/canal7slp.tv\/2025\/pese-a-limitantes-presupuestales-habra-elecciones-judiciales-afirma-vocal-ejecutivo-del-ine\/","og_site_name":"Canal 7 SLP - 2025","article_publisher":"https:\/\/www.facebook.com\/noticieroscanal7atencionciudadana\/","article_published_time":"2025-05-24T01:16:14+00:00","article_modified_time":"2025-05-24T01:16:33+00:00","og_image":[{"width":1280,"height":720,"url":"https:\/\/canal7slp.tv\/2025\/wp-content\/uploads\/2025\/05\/Claudio03Aispuro.jpg","type":"image\/jpeg"}],"author":"Edici\u00f3n Web","twitter_card":"summary_large_image","twitter_creator":"@NOTICIEROS7","twitter_site":"@NOTICIEROS7","twitter_misc":{"Escrito por":"Edici\u00f3n Web","Tiempo de lectura":"1 minuto"},"schema":{"@context":"https:\/\/schema.org","@graph":[{"@type":"Article","@id":"https:\/\/canal7slp.tv\/2025\/pese-a-limitantes-presupuestales-habra-elecciones-judiciales-afirma-vocal-ejecutivo-del-ine\/#article","isPartOf":{"@id":"https:\/\/canal7slp.tv\/2025\/pese-a-limitantes-presupuestales-habra-elecciones-judiciales-afirma-vocal-ejecutivo-del-ine\/"},"author":{"name":"Edici\u00f3n Web","@id":"https:\/\/canal7slp.tv\/2025\/#\/schema\/person\/271e2b60a96e7cc9d9ac296f4d7e414b"},"headline":"Pese a limitantes presupuestales habr\u00e1 elecciones judiciales, afirma vocal ejecutivo del INE","datePublished":"2025-05-24T01:16:14+00:00","dateModified":"2025-05-24T01:16:33+00:00","mainEntityOfPage":{"@id":"https:\/\/canal7slp.tv\/2025\/pese-a-limitantes-presupuestales-habra-elecciones-judiciales-afirma-vocal-ejecutivo-del-ine\/"},"wordCount":177,"publisher":{"@id":"https:\/\/canal7slp.tv\/2025\/#organization"},"image":{"@id":"https:\/\/canal7slp.tv\/2025\/pese-a-limitantes-presupuestales-habra-elecciones-judiciales-afirma-vocal-ejecutivo-del-ine\/#primaryimage"},"thumbnailUrl":"https:\/\/canal7slp.tv\/2025\/wp-content\/uploads\/2025\/05\/Claudio03Aispuro.jpg","articleSection":["DESTACADAS","LOCALES Y REGIONALES"],"inLanguage":"es"},{"@type":"WebPage","@id":"https:\/\/canal7slp.tv\/2025\/pese-a-limitantes-presupuestales-habra-elecciones-judiciales-afirma-vocal-ejecutivo-del-ine\/","url":"https:\/\/canal7slp.tv\/2025\/pese-a-limitantes-presupuestales-habra-elecciones-judiciales-afirma-vocal-ejecutivo-del-ine\/","name":"Pese a limitantes presupuestales habr\u00e1 elecciones judiciales, afirma vocal ejecutivo del INE - Canal 7 SLP - 2025","isPartOf":{"@id":"https:\/\/canal7slp.tv\/2025\/#website"},"primaryImageOfPage":{"@id":"https:\/\/canal7slp.tv\/2025\/pese-a-limitantes-presupuestales-habra-elecciones-judiciales-afirma-vocal-ejecutivo-del-ine\/#primaryimage"},"image":{"@id":"https:\/\/canal7slp.tv\/2025\/pese-a-limitantes-presupuestales-habra-elecciones-judiciales-afirma-vocal-ejecutivo-del-ine\/#primaryimage"},"thumbnailUrl":"https:\/\/canal7slp.tv\/2025\/wp-content\/uploads\/2025\/05\/Claudio03Aispuro.jpg","datePublished":"2025-05-24T01:16:14+00:00","dateModified":"2025-05-24T01:16:33+00:00","breadcrumb":{"@id":"https:\/\/canal7slp.tv\/2025\/pese-a-limitantes-presupuestales-habra-elecciones-judiciales-afirma-vocal-ejecutivo-del-ine\/#breadcrumb"},"inLanguage":"es","potentialAction":[{"@type":"ReadAction","target":["https:\/\/canal7slp.tv\/2025\/pese-a-limitantes-presupuestales-habra-elecciones-judiciales-afirma-vocal-ejecutivo-del-ine\/"]}]},{"@type":"ImageObject","inLanguage":"es","@id":"https:\/\/canal7slp.tv\/2025\/pese-a-limitantes-presupuestales-habra-elecciones-judiciales-afirma-vocal-ejecutivo-del-ine\/#primaryimage","url":"https:\/\/canal7slp.tv\/2025\/wp-content\/uploads\/2025\/05\/Claudio03Aispuro.jpg","contentUrl":"https:\/\/canal7slp.tv\/2025\/wp-content\/uploads\/2025\/05\/Claudio03Aispuro.jpg","width":1280,"height":720},{"@type":"BreadcrumbList","@id":"https:\/\/canal7slp.tv\/2025\/pese-a-limitantes-presupuestales-habra-elecciones-judiciales-afirma-vocal-ejecutivo-del-ine\/#breadcrumb","itemListElement":[{"@type":"ListItem","position":1,"name":"Portada","item":"https:\/\/canal7slp.tv\/2025\/"},{"@type":"ListItem","position":2,"name":"Pese a limitantes presupuestales habr\u00e1 elecciones judiciales, afirma vocal ejecutivo del INE"}]},{"@type":"WebSite","@id":"https:\/\/canal7slp.tv\/2025\/#website","url":"https:\/\/canal7slp.tv\/2025\/","name":"N7 - Noticieros Canal 7","description":"Somos el Medio","publisher":{"@id":"https:\/\/canal7slp.tv\/2025\/#organization"},"potentialAction":[{"@type":"SearchAction","target":{"@type":"EntryPoint","urlTemplate":"https:\/\/canal7slp.tv\/2025\/?s={search_term_string}"},"query-input":{"@type":"PropertyValueSpecification","valueRequired":true,"valueName":"search_term_string"}}],"inLanguage":"es"},{"@type":"Organization","@id":"https:\/\/canal7slp.tv\/2025\/#organization","name":"Noticieros Canal 7","url":"https:\/\/canal7slp.tv\/2025\/","logo":{"@type":"ImageObject","inLanguage":"es","@id":"https:\/\/canal7slp.tv\/2025\/#\/schema\/logo\/image\/","url":"https:\/\/canal7slp.tv\/2025\/wp-content\/uploads\/2021\/01\/logo-noticieros@2x.png","contentUrl":"https:\/\/canal7slp.tv\/2025\/wp-content\/uploads\/2021\/01\/logo-noticieros@2x.png","width":1017,"height":268,"caption":"Noticieros Canal 7"},"image":{"@id":"https:\/\/canal7slp.tv\/2025\/#\/schema\/logo\/image\/"},"sameAs":["https:\/\/www.facebook.com\/noticieroscanal7atencionciudadana\/","https:\/\/x.com\/NOTICIEROS7","https:\/\/www.instagram.com\/canal7_slp","https:\/\/www.youtube.com\/channel\/UCliiYs-gP3JfJeqdPrNdd5A"]},{"@type":"Person","@id":"https:\/\/canal7slp.tv\/2025\/#\/schema\/person\/271e2b60a96e7cc9d9ac296f4d7e414b","name":"Edici\u00f3n Web","image":{"@type":"ImageObject","inLanguage":"es","@id":"https:\/\/secure.gravatar.com\/avatar\/eee448fc3f7164808013b816ba91ac7e43bbe82a70bebac296f8bc6f0addaa1a?s=96&d=mm&r=g","url":"https:\/\/secure.gravatar.com\/avatar\/eee448fc3f7164808013b816ba91ac7e43bbe82a70bebac296f8bc6f0addaa1a?s=96&d=mm&r=g","contentUrl":"https:\/\/secure.gravatar.com\/avatar\/eee448fc3f7164808013b816ba91ac7e43bbe82a70bebac296f8bc6f0addaa1a?s=96&d=mm&r=g","caption":"Edici\u00f3n Web"},"url":"https:\/\/canal7slp.tv\/2025\/author\/edicionweb\/"}]}},"_links":{"self":[{"href":"https:\/\/canal7slp.tv\/2025\/wp-json\/wp\/v2\/posts\/168449","targetHints":{"allow":["GET"]}}],"collection":[{"href":"https:\/\/canal7slp.tv\/2025\/wp-json\/wp\/v2\/posts"}],"about":[{"href":"https:\/\/canal7slp.tv\/2025\/wp-json\/wp\/v2\/types\/post"}],"author":[{"embeddable":true,"href":"https:\/\/canal7slp.tv\/2025\/wp-json\/wp\/v2\/users\/2"}],"replies":[{"embeddable":true,"href":"https:\/\/canal7slp.tv\/2025\/wp-json\/wp\/v2\/comments?post=168449"}],"version-history":[{"count":2,"href":"https:\/\/canal7slp.tv\/2025\/wp-json\/wp\/v2\/posts\/168449\/revisions"}],"predecessor-version":[{"id":168453,"href":"https:\/\/canal7slp.tv\/2025\/wp-json\/wp\/v2\/posts\/168449\/revisions\/168453"}],"wp:featuredmedia":[{"embeddable":true,"href":"https:\/\/canal7slp.tv\/2025\/wp-json\/wp\/v2\/media\/168451"}],"wp:attachment":[{"href":"https:\/\/canal7slp.tv\/2025\/wp-json\/wp\/v2\/media?parent=168449"}],"wp:term":[{"taxonomy":"category","embeddable":true,"href":"https:\/\/canal7slp.tv\/2025\/wp-json\/wp\/v2\/categories?post=168449"},{"taxonomy":"post_tag","embeddable":true,"href":"https:\/\/canal7slp.tv\/2025\/wp-json\/wp\/v2\/tags?post=168449"}],"curies":[{"name":"wp","href":"https:\/\/api.w.org\/{rel}","templated":true}]}}