{"id":168343,"date":"2025-05-22T16:35:14","date_gmt":"2025-05-22T22:35:14","guid":{"rendered":"https:\/\/canal7slp.tv\/2025\/?p=168343"},"modified":"2025-05-22T16:35:14","modified_gmt":"2025-05-22T22:35:14","slug":"corriendo-por-una-vida-digna-se-llevara-a-cabo-el-20-de-julio","status":"publish","type":"post","link":"https:\/\/canal7slp.tv\/2025\/corriendo-por-una-vida-digna-se-llevara-a-cabo-el-20-de-julio\/","title":{"rendered":"Corriendo por Una Vida Digna se llevar\u00e1 a cabo el 20 de julio"},"content":{"rendered":"<p style=\"text-align: justify;\">SLP.- Se llevara a cabo al edici\u00f3n numero XV de la Carrera Atl\u00e9tica Corriendo por una vida Digna el pr\u00f3ximo 20 de julio dando inicio a las 8 de la ma\u00f1ana<\/p>\n<p style=\"text-align: justify;\">La lid contara con tres distancias a recorrer 3, 6 y 12 kil\u00f3metros, tendr\u00e1 como punto de salida y meta el Centro de Alto Rendimiento y Desarrollo de Talentos \u201cEstadio Plan de San Luis\u201d.<\/p>\n<p style=\"text-align: justify;\">Se contara con diversas categor\u00edas en la distancia de 12 kil\u00f3metros como los son : 20-29, 30-39, 40-49, 50-59 y 60 a\u00f1os, cabe aclarar que la salida y meta de esta competencia ser\u00e1 en la pista del CDTAR Plan de San Luis y el recorrido por las calles aleda\u00f1as como Mariano Jim\u00e9nez, avenida Carranza, Himno Nacional, Por lo que se espera una gran afluencia de corredores que apoyen esta carrera que tiene una noble causa como lo es brindar rehabilitaci\u00f3n integral a menores con discapacidad en el Estado de San Luis Potos\u00ed.<\/p>\n","protected":false},"excerpt":{"rendered":"<p>SLP.- Se llevara a cabo al edici\u00f3n numero XV de la Carrera Atl\u00e9tica Corriendo por una vida Digna el pr\u00f3ximo 20 de julio dando inicio a las 8 de la ma\u00f1ana La lid contara con tres distancias a recorrer 3, 6 y 12 kil\u00f3metros, tendr\u00e1 como punto de salida y meta el Centro de Alto Rendimiento y Desarrollo de Talentos \u201cEstadio Plan de San Luis\u201d. Se contara con diversas categor\u00edas en la distancia de 12 kil\u00f3metros como los son : 20-29, 30-39, 40-49, 50-59 y 60 a\u00f1os, cabe aclarar que la salida y meta de esta competencia ser\u00e1 en la [&hellip;]<\/p>\n","protected":false},"author":2,"featured_media":168349,"comment_status":"closed","ping_status":"closed","sticky":false,"template":"","format":"video","meta":{"_monsterinsights_skip_tracking":false,"_monsterinsights_sitenote_active":false,"_monsterinsights_sitenote_note":"","_monsterinsights_sitenote_category":0,"footnotes":""},"categories":[7,5],"tags":[],"class_list":["post-168343","post","type-post","status-publish","format-video","has-post-thumbnail","hentry","category-deportes","category-destacadas","post_format-post-format-video","post--single"],"yoast_head":"<!-- This site is optimized with the Yoast SEO plugin v27.5 - https:\/\/yoast.com\/product\/yoast-seo-wordpress\/ -->\n<title>Corriendo por Una Vida Digna se llevar\u00e1 a cabo el 20 de julio - Canal 7 SLP - 2025<\/title>\n<meta name=\"robots\" content=\"index, follow, max-snippet:-1, max-image-preview:large, max-video-preview:-1\" \/>\n<link rel=\"canonical\" href=\"https:\/\/canal7slp.tv\/2025\/corriendo-por-una-vida-digna-se-llevara-a-cabo-el-20-de-julio\/\" \/>\n<meta property=\"og:locale\" content=\"es_ES\" \/>\n<meta property=\"og:type\" content=\"article\" \/>\n<meta property=\"og:title\" content=\"Corriendo por Una Vida Digna se llevar\u00e1 a cabo el 20 de julio - Canal 7 SLP - 2025\" \/>\n<meta property=\"og:description\" content=\"SLP.- Se llevara a cabo al edici\u00f3n numero XV de la Carrera Atl\u00e9tica Corriendo por una vida Digna el pr\u00f3ximo 20 de julio dando inicio a las 8 de la ma\u00f1ana La lid contara con tres distancias a recorrer 3, 6 y 12 kil\u00f3metros, tendr\u00e1 como punto de salida y meta el Centro de Alto Rendimiento y Desarrollo de Talentos \u201cEstadio Plan de San Luis\u201d. Se contara con diversas categor\u00edas en la distancia de 12 kil\u00f3metros como los son : 20-29, 30-39, 40-49, 50-59 y 60 a\u00f1os, cabe aclarar que la salida y meta de esta competencia ser\u00e1 en la [&hellip;]\" \/>\n<meta property=\"og:url\" content=\"https:\/\/canal7slp.tv\/2025\/corriendo-por-una-vida-digna-se-llevara-a-cabo-el-20-de-julio\/\" \/>\n<meta property=\"og:site_name\" content=\"Canal 7 SLP - 2025\" \/>\n<meta property=\"article:publisher\" content=\"https:\/\/www.facebook.com\/noticieroscanal7atencionciudadana\/\" \/>\n<meta property=\"article:published_time\" content=\"2025-05-22T22:35:14+00:00\" \/>\n<meta property=\"og:image\" content=\"https:\/\/canal7slp.tv\/2025\/wp-content\/uploads\/2025\/05\/Froi01Carrera-2.jpg\" \/>\n\t<meta property=\"og:image:width\" content=\"1280\" \/>\n\t<meta property=\"og:image:height\" content=\"720\" \/>\n\t<meta property=\"og:image:type\" content=\"image\/jpeg\" \/>\n<meta name=\"author\" content=\"Edici\u00f3n Web\" \/>\n<meta name=\"twitter:card\" content=\"summary_large_image\" \/>\n<meta name=\"twitter:creator\" content=\"@NOTICIEROS7\" \/>\n<meta name=\"twitter:site\" content=\"@NOTICIEROS7\" \/>\n<meta name=\"twitter:label1\" content=\"Escrito por\" \/>\n\t<meta name=\"twitter:data1\" content=\"Edici\u00f3n Web\" \/>\n\t<meta name=\"twitter:label2\" content=\"Tiempo de lectura\" \/>\n\t<meta name=\"twitter:data2\" content=\"1 minuto\" \/>\n<script type=\"application\/ld+json\" class=\"yoast-schema-graph\">{\"@context\":\"https:\\\/\\\/schema.org\",\"@graph\":[{\"@type\":\"Article\",\"@id\":\"https:\\\/\\\/canal7slp.tv\\\/2025\\\/corriendo-por-una-vida-digna-se-llevara-a-cabo-el-20-de-julio\\\/#article\",\"isPartOf\":{\"@id\":\"https:\\\/\\\/canal7slp.tv\\\/2025\\\/corriendo-por-una-vida-digna-se-llevara-a-cabo-el-20-de-julio\\\/\"},\"author\":{\"name\":\"Edici\u00f3n Web\",\"@id\":\"https:\\\/\\\/canal7slp.tv\\\/2025\\\/#\\\/schema\\\/person\\\/271e2b60a96e7cc9d9ac296f4d7e414b\"},\"headline\":\"Corriendo por Una Vida Digna se llevar\u00e1 a cabo el 20 de julio\",\"datePublished\":\"2025-05-22T22:35:14+00:00\",\"mainEntityOfPage\":{\"@id\":\"https:\\\/\\\/canal7slp.tv\\\/2025\\\/corriendo-por-una-vida-digna-se-llevara-a-cabo-el-20-de-julio\\\/\"},\"wordCount\":173,\"publisher\":{\"@id\":\"https:\\\/\\\/canal7slp.tv\\\/2025\\\/#organization\"},\"image\":{\"@id\":\"https:\\\/\\\/canal7slp.tv\\\/2025\\\/corriendo-por-una-vida-digna-se-llevara-a-cabo-el-20-de-julio\\\/#primaryimage\"},\"thumbnailUrl\":\"https:\\\/\\\/canal7slp.tv\\\/2025\\\/wp-content\\\/uploads\\\/2025\\\/05\\\/Froi01Carrera-2.jpg\",\"articleSection\":[\"DEPORTES\",\"DESTACADAS\"],\"inLanguage\":\"es\"},{\"@type\":\"WebPage\",\"@id\":\"https:\\\/\\\/canal7slp.tv\\\/2025\\\/corriendo-por-una-vida-digna-se-llevara-a-cabo-el-20-de-julio\\\/\",\"url\":\"https:\\\/\\\/canal7slp.tv\\\/2025\\\/corriendo-por-una-vida-digna-se-llevara-a-cabo-el-20-de-julio\\\/\",\"name\":\"Corriendo por Una Vida Digna se llevar\u00e1 a cabo el 20 de julio - Canal 7 SLP - 2025\",\"isPartOf\":{\"@id\":\"https:\\\/\\\/canal7slp.tv\\\/2025\\\/#website\"},\"primaryImageOfPage\":{\"@id\":\"https:\\\/\\\/canal7slp.tv\\\/2025\\\/corriendo-por-una-vida-digna-se-llevara-a-cabo-el-20-de-julio\\\/#primaryimage\"},\"image\":{\"@id\":\"https:\\\/\\\/canal7slp.tv\\\/2025\\\/corriendo-por-una-vida-digna-se-llevara-a-cabo-el-20-de-julio\\\/#primaryimage\"},\"thumbnailUrl\":\"https:\\\/\\\/canal7slp.tv\\\/2025\\\/wp-content\\\/uploads\\\/2025\\\/05\\\/Froi01Carrera-2.jpg\",\"datePublished\":\"2025-05-22T22:35:14+00:00\",\"breadcrumb\":{\"@id\":\"https:\\\/\\\/canal7slp.tv\\\/2025\\\/corriendo-por-una-vida-digna-se-llevara-a-cabo-el-20-de-julio\\\/#breadcrumb\"},\"inLanguage\":\"es\",\"potentialAction\":[{\"@type\":\"ReadAction\",\"target\":[\"https:\\\/\\\/canal7slp.tv\\\/2025\\\/corriendo-por-una-vida-digna-se-llevara-a-cabo-el-20-de-julio\\\/\"]}]},{\"@type\":\"ImageObject\",\"inLanguage\":\"es\",\"@id\":\"https:\\\/\\\/canal7slp.tv\\\/2025\\\/corriendo-por-una-vida-digna-se-llevara-a-cabo-el-20-de-julio\\\/#primaryimage\",\"url\":\"https:\\\/\\\/canal7slp.tv\\\/2025\\\/wp-content\\\/uploads\\\/2025\\\/05\\\/Froi01Carrera-2.jpg\",\"contentUrl\":\"https:\\\/\\\/canal7slp.tv\\\/2025\\\/wp-content\\\/uploads\\\/2025\\\/05\\\/Froi01Carrera-2.jpg\",\"width\":1280,\"height\":720},{\"@type\":\"BreadcrumbList\",\"@id\":\"https:\\\/\\\/canal7slp.tv\\\/2025\\\/corriendo-por-una-vida-digna-se-llevara-a-cabo-el-20-de-julio\\\/#breadcrumb\",\"itemListElement\":[{\"@type\":\"ListItem\",\"position\":1,\"name\":\"Portada\",\"item\":\"https:\\\/\\\/canal7slp.tv\\\/2025\\\/\"},{\"@type\":\"ListItem\",\"position\":2,\"name\":\"Corriendo por Una Vida Digna se llevar\u00e1 a cabo el 20 de julio\"}]},{\"@type\":\"WebSite\",\"@id\":\"https:\\\/\\\/canal7slp.tv\\\/2025\\\/#website\",\"url\":\"https:\\\/\\\/canal7slp.tv\\\/2025\\\/\",\"name\":\"N7 - Noticieros Canal 7\",\"description\":\"Somos el Medio\",\"publisher\":{\"@id\":\"https:\\\/\\\/canal7slp.tv\\\/2025\\\/#organization\"},\"potentialAction\":[{\"@type\":\"SearchAction\",\"target\":{\"@type\":\"EntryPoint\",\"urlTemplate\":\"https:\\\/\\\/canal7slp.tv\\\/2025\\\/?s={search_term_string}\"},\"query-input\":{\"@type\":\"PropertyValueSpecification\",\"valueRequired\":true,\"valueName\":\"search_term_string\"}}],\"inLanguage\":\"es\"},{\"@type\":\"Organization\",\"@id\":\"https:\\\/\\\/canal7slp.tv\\\/2025\\\/#organization\",\"name\":\"Noticieros Canal 7\",\"url\":\"https:\\\/\\\/canal7slp.tv\\\/2025\\\/\",\"logo\":{\"@type\":\"ImageObject\",\"inLanguage\":\"es\",\"@id\":\"https:\\\/\\\/canal7slp.tv\\\/2025\\\/#\\\/schema\\\/logo\\\/image\\\/\",\"url\":\"https:\\\/\\\/canal7slp.tv\\\/2025\\\/wp-content\\\/uploads\\\/2021\\\/01\\\/logo-noticieros@2x.png\",\"contentUrl\":\"https:\\\/\\\/canal7slp.tv\\\/2025\\\/wp-content\\\/uploads\\\/2021\\\/01\\\/logo-noticieros@2x.png\",\"width\":1017,\"height\":268,\"caption\":\"Noticieros Canal 7\"},\"image\":{\"@id\":\"https:\\\/\\\/canal7slp.tv\\\/2025\\\/#\\\/schema\\\/logo\\\/image\\\/\"},\"sameAs\":[\"https:\\\/\\\/www.facebook.com\\\/noticieroscanal7atencionciudadana\\\/\",\"https:\\\/\\\/x.com\\\/NOTICIEROS7\",\"https:\\\/\\\/www.instagram.com\\\/canal7_slp\",\"https:\\\/\\\/www.youtube.com\\\/channel\\\/UCliiYs-gP3JfJeqdPrNdd5A\"]},{\"@type\":\"Person\",\"@id\":\"https:\\\/\\\/canal7slp.tv\\\/2025\\\/#\\\/schema\\\/person\\\/271e2b60a96e7cc9d9ac296f4d7e414b\",\"name\":\"Edici\u00f3n Web\",\"image\":{\"@type\":\"ImageObject\",\"inLanguage\":\"es\",\"@id\":\"https:\\\/\\\/secure.gravatar.com\\\/avatar\\\/eee448fc3f7164808013b816ba91ac7e43bbe82a70bebac296f8bc6f0addaa1a?s=96&d=mm&r=g\",\"url\":\"https:\\\/\\\/secure.gravatar.com\\\/avatar\\\/eee448fc3f7164808013b816ba91ac7e43bbe82a70bebac296f8bc6f0addaa1a?s=96&d=mm&r=g\",\"contentUrl\":\"https:\\\/\\\/secure.gravatar.com\\\/avatar\\\/eee448fc3f7164808013b816ba91ac7e43bbe82a70bebac296f8bc6f0addaa1a?s=96&d=mm&r=g\",\"caption\":\"Edici\u00f3n Web\"},\"url\":\"https:\\\/\\\/canal7slp.tv\\\/2025\\\/author\\\/edicionweb\\\/\"}]}<\/script>\n<!-- \/ Yoast SEO plugin. -->","yoast_head_json":{"title":"Corriendo por Una Vida Digna se llevar\u00e1 a cabo el 20 de julio - Canal 7 SLP - 2025","robots":{"index":"index","follow":"follow","max-snippet":"max-snippet:-1","max-image-preview":"max-image-preview:large","max-video-preview":"max-video-preview:-1"},"canonical":"https:\/\/canal7slp.tv\/2025\/corriendo-por-una-vida-digna-se-llevara-a-cabo-el-20-de-julio\/","og_locale":"es_ES","og_type":"article","og_title":"Corriendo por Una Vida Digna se llevar\u00e1 a cabo el 20 de julio - Canal 7 SLP - 2025","og_description":"SLP.- Se llevara a cabo al edici\u00f3n numero XV de la Carrera Atl\u00e9tica Corriendo por una vida Digna el pr\u00f3ximo 20 de julio dando inicio a las 8 de la ma\u00f1ana La lid contara con tres distancias a recorrer 3, 6 y 12 kil\u00f3metros, tendr\u00e1 como punto de salida y meta el Centro de Alto Rendimiento y Desarrollo de Talentos \u201cEstadio Plan de San Luis\u201d. Se contara con diversas categor\u00edas en la distancia de 12 kil\u00f3metros como los son : 20-29, 30-39, 40-49, 50-59 y 60 a\u00f1os, cabe aclarar que la salida y meta de esta competencia ser\u00e1 en la [&hellip;]","og_url":"https:\/\/canal7slp.tv\/2025\/corriendo-por-una-vida-digna-se-llevara-a-cabo-el-20-de-julio\/","og_site_name":"Canal 7 SLP - 2025","article_publisher":"https:\/\/www.facebook.com\/noticieroscanal7atencionciudadana\/","article_published_time":"2025-05-22T22:35:14+00:00","og_image":[{"width":1280,"height":720,"url":"https:\/\/canal7slp.tv\/2025\/wp-content\/uploads\/2025\/05\/Froi01Carrera-2.jpg","type":"image\/jpeg"}],"author":"Edici\u00f3n Web","twitter_card":"summary_large_image","twitter_creator":"@NOTICIEROS7","twitter_site":"@NOTICIEROS7","twitter_misc":{"Escrito por":"Edici\u00f3n Web","Tiempo de lectura":"1 minuto"},"schema":{"@context":"https:\/\/schema.org","@graph":[{"@type":"Article","@id":"https:\/\/canal7slp.tv\/2025\/corriendo-por-una-vida-digna-se-llevara-a-cabo-el-20-de-julio\/#article","isPartOf":{"@id":"https:\/\/canal7slp.tv\/2025\/corriendo-por-una-vida-digna-se-llevara-a-cabo-el-20-de-julio\/"},"author":{"name":"Edici\u00f3n Web","@id":"https:\/\/canal7slp.tv\/2025\/#\/schema\/person\/271e2b60a96e7cc9d9ac296f4d7e414b"},"headline":"Corriendo por Una Vida Digna se llevar\u00e1 a cabo el 20 de julio","datePublished":"2025-05-22T22:35:14+00:00","mainEntityOfPage":{"@id":"https:\/\/canal7slp.tv\/2025\/corriendo-por-una-vida-digna-se-llevara-a-cabo-el-20-de-julio\/"},"wordCount":173,"publisher":{"@id":"https:\/\/canal7slp.tv\/2025\/#organization"},"image":{"@id":"https:\/\/canal7slp.tv\/2025\/corriendo-por-una-vida-digna-se-llevara-a-cabo-el-20-de-julio\/#primaryimage"},"thumbnailUrl":"https:\/\/canal7slp.tv\/2025\/wp-content\/uploads\/2025\/05\/Froi01Carrera-2.jpg","articleSection":["DEPORTES","DESTACADAS"],"inLanguage":"es"},{"@type":"WebPage","@id":"https:\/\/canal7slp.tv\/2025\/corriendo-por-una-vida-digna-se-llevara-a-cabo-el-20-de-julio\/","url":"https:\/\/canal7slp.tv\/2025\/corriendo-por-una-vida-digna-se-llevara-a-cabo-el-20-de-julio\/","name":"Corriendo por Una Vida Digna se llevar\u00e1 a cabo el 20 de julio - Canal 7 SLP - 2025","isPartOf":{"@id":"https:\/\/canal7slp.tv\/2025\/#website"},"primaryImageOfPage":{"@id":"https:\/\/canal7slp.tv\/2025\/corriendo-por-una-vida-digna-se-llevara-a-cabo-el-20-de-julio\/#primaryimage"},"image":{"@id":"https:\/\/canal7slp.tv\/2025\/corriendo-por-una-vida-digna-se-llevara-a-cabo-el-20-de-julio\/#primaryimage"},"thumbnailUrl":"https:\/\/canal7slp.tv\/2025\/wp-content\/uploads\/2025\/05\/Froi01Carrera-2.jpg","datePublished":"2025-05-22T22:35:14+00:00","breadcrumb":{"@id":"https:\/\/canal7slp.tv\/2025\/corriendo-por-una-vida-digna-se-llevara-a-cabo-el-20-de-julio\/#breadcrumb"},"inLanguage":"es","potentialAction":[{"@type":"ReadAction","target":["https:\/\/canal7slp.tv\/2025\/corriendo-por-una-vida-digna-se-llevara-a-cabo-el-20-de-julio\/"]}]},{"@type":"ImageObject","inLanguage":"es","@id":"https:\/\/canal7slp.tv\/2025\/corriendo-por-una-vida-digna-se-llevara-a-cabo-el-20-de-julio\/#primaryimage","url":"https:\/\/canal7slp.tv\/2025\/wp-content\/uploads\/2025\/05\/Froi01Carrera-2.jpg","contentUrl":"https:\/\/canal7slp.tv\/2025\/wp-content\/uploads\/2025\/05\/Froi01Carrera-2.jpg","width":1280,"height":720},{"@type":"BreadcrumbList","@id":"https:\/\/canal7slp.tv\/2025\/corriendo-por-una-vida-digna-se-llevara-a-cabo-el-20-de-julio\/#breadcrumb","itemListElement":[{"@type":"ListItem","position":1,"name":"Portada","item":"https:\/\/canal7slp.tv\/2025\/"},{"@type":"ListItem","position":2,"name":"Corriendo por Una Vida Digna se llevar\u00e1 a cabo el 20 de julio"}]},{"@type":"WebSite","@id":"https:\/\/canal7slp.tv\/2025\/#website","url":"https:\/\/canal7slp.tv\/2025\/","name":"N7 - Noticieros Canal 7","description":"Somos el Medio","publisher":{"@id":"https:\/\/canal7slp.tv\/2025\/#organization"},"potentialAction":[{"@type":"SearchAction","target":{"@type":"EntryPoint","urlTemplate":"https:\/\/canal7slp.tv\/2025\/?s={search_term_string}"},"query-input":{"@type":"PropertyValueSpecification","valueRequired":true,"valueName":"search_term_string"}}],"inLanguage":"es"},{"@type":"Organization","@id":"https:\/\/canal7slp.tv\/2025\/#organization","name":"Noticieros Canal 7","url":"https:\/\/canal7slp.tv\/2025\/","logo":{"@type":"ImageObject","inLanguage":"es","@id":"https:\/\/canal7slp.tv\/2025\/#\/schema\/logo\/image\/","url":"https:\/\/canal7slp.tv\/2025\/wp-content\/uploads\/2021\/01\/logo-noticieros@2x.png","contentUrl":"https:\/\/canal7slp.tv\/2025\/wp-content\/uploads\/2021\/01\/logo-noticieros@2x.png","width":1017,"height":268,"caption":"Noticieros Canal 7"},"image":{"@id":"https:\/\/canal7slp.tv\/2025\/#\/schema\/logo\/image\/"},"sameAs":["https:\/\/www.facebook.com\/noticieroscanal7atencionciudadana\/","https:\/\/x.com\/NOTICIEROS7","https:\/\/www.instagram.com\/canal7_slp","https:\/\/www.youtube.com\/channel\/UCliiYs-gP3JfJeqdPrNdd5A"]},{"@type":"Person","@id":"https:\/\/canal7slp.tv\/2025\/#\/schema\/person\/271e2b60a96e7cc9d9ac296f4d7e414b","name":"Edici\u00f3n Web","image":{"@type":"ImageObject","inLanguage":"es","@id":"https:\/\/secure.gravatar.com\/avatar\/eee448fc3f7164808013b816ba91ac7e43bbe82a70bebac296f8bc6f0addaa1a?s=96&d=mm&r=g","url":"https:\/\/secure.gravatar.com\/avatar\/eee448fc3f7164808013b816ba91ac7e43bbe82a70bebac296f8bc6f0addaa1a?s=96&d=mm&r=g","contentUrl":"https:\/\/secure.gravatar.com\/avatar\/eee448fc3f7164808013b816ba91ac7e43bbe82a70bebac296f8bc6f0addaa1a?s=96&d=mm&r=g","caption":"Edici\u00f3n Web"},"url":"https:\/\/canal7slp.tv\/2025\/author\/edicionweb\/"}]}},"_links":{"self":[{"href":"https:\/\/canal7slp.tv\/2025\/wp-json\/wp\/v2\/posts\/168343","targetHints":{"allow":["GET"]}}],"collection":[{"href":"https:\/\/canal7slp.tv\/2025\/wp-json\/wp\/v2\/posts"}],"about":[{"href":"https:\/\/canal7slp.tv\/2025\/wp-json\/wp\/v2\/types\/post"}],"author":[{"embeddable":true,"href":"https:\/\/canal7slp.tv\/2025\/wp-json\/wp\/v2\/users\/2"}],"replies":[{"embeddable":true,"href":"https:\/\/canal7slp.tv\/2025\/wp-json\/wp\/v2\/comments?post=168343"}],"version-history":[{"count":3,"href":"https:\/\/canal7slp.tv\/2025\/wp-json\/wp\/v2\/posts\/168343\/revisions"}],"predecessor-version":[{"id":168371,"href":"https:\/\/canal7slp.tv\/2025\/wp-json\/wp\/v2\/posts\/168343\/revisions\/168371"}],"wp:featuredmedia":[{"embeddable":true,"href":"https:\/\/canal7slp.tv\/2025\/wp-json\/wp\/v2\/media\/168349"}],"wp:attachment":[{"href":"https:\/\/canal7slp.tv\/2025\/wp-json\/wp\/v2\/media?parent=168343"}],"wp:term":[{"taxonomy":"category","embeddable":true,"href":"https:\/\/canal7slp.tv\/2025\/wp-json\/wp\/v2\/categories?post=168343"},{"taxonomy":"post_tag","embeddable":true,"href":"https:\/\/canal7slp.tv\/2025\/wp-json\/wp\/v2\/tags?post=168343"}],"curies":[{"name":"wp","href":"https:\/\/api.w.org\/{rel}","templated":true}]}}