{"id":168333,"date":"2025-05-21T23:45:24","date_gmt":"2025-05-22T05:45:24","guid":{"rendered":"https:\/\/canal7slp.tv\/2025\/?p=168333"},"modified":"2025-05-22T06:59:41","modified_gmt":"2025-05-22T12:59:41","slug":"respalda-pc-clases-en-linea-ante-ola-de-calor-que-impacta-a-slp","status":"publish","type":"post","link":"https:\/\/canal7slp.tv\/2025\/respalda-pc-clases-en-linea-ante-ola-de-calor-que-impacta-a-slp\/","title":{"rendered":"Respalda PC clases en l\u00ednea ante ola de calor que impacta a SLP"},"content":{"rendered":"<p><span style=\"font-size: 1.21429rem;\">SLP.- San Luis Potos\u00ed enfrenta una intensa oleada de calor con temperaturas que podr\u00edan alcanzar los 47 grados Celsius, por lo que la Coordinaci\u00f3n Estatal de Protecci\u00f3n Civil contempla emitir recomendaciones para que las clases se desarrollen de forma digital, a fin de proteger la salud de ni\u00f1as, ni\u00f1os y adolescentes, sobretodo de la zona huasteca.<\/span><\/p>\n<p>As\u00ed lo dio a conocer el director general, Mauricio Ordaz Flores, quien inform\u00f3 que se trabaja en conjunto con los presidentes municipales para implementar estrategias de prevenci\u00f3n ante el pron\u00f3stico de calor a\u00fan m\u00e1s extremo.<\/p>\n<p>\u201cNosotros esperamos hasta una temperatura de hasta 47 grados, probablemente nosotros pudi\u00e9ramos hacer esa propuesta esa recomendaci\u00f3n\u201d, indic\u00f3.<\/p>\n<p>Resalto que las condiciones f\u00edsicas de muchas escuelas no son las adecuadas para soportar altas temperaturas, pues varias de ellas est\u00e1n construidas con materiales que intensifican el calor.<\/p>\n<p>\u201cRecordemos que las escuelas son de otro tipo de construcci\u00f3n algunos son de l\u00e1mina y est\u00e1 la amiga genera en calor intenso y no podemos poner riesgo a los menores\u00bb, dijo.<\/p>\n<p>Ordaz Flores a\u00f1adi\u00f3 que se reunir\u00e1 con autoridades municipales para detallar las acciones que se aplicar\u00e1n en cada regi\u00f3n del estado, con base en los lineamientos previamente acordados con el gobernador del estado.<\/p>\n<p>\u201cLos presidentes municipales estar\u00e1n aqu\u00ed con nosotros, estaremos estableciendo unas estrategias que ya tenemos perfectamente dise\u00f1adas y tiene conocimiento del gobernador cu\u00e1les son, pero hay que desdoblarlas, explicarles y que ellos sepan llevarlas llevar a cabo cada uno desde sus \u00e1mbitos\u201d, termin\u00f3.<\/p>\n<p>Por: Jos\u00e9 Luis V\u00e1zquez<\/p>\n","protected":false},"excerpt":{"rendered":"<p>SLP.- San Luis Potos\u00ed enfrenta una intensa oleada de calor con temperaturas que podr\u00edan alcanzar los 47 grados Celsius, por lo que la Coordinaci\u00f3n Estatal de Protecci\u00f3n Civil contempla emitir recomendaciones para que las clases se desarrollen de forma digital, a fin de proteger la salud de ni\u00f1as, ni\u00f1os y adolescentes, sobretodo de la zona huasteca. As\u00ed lo dio a conocer el director general, Mauricio Ordaz Flores, quien inform\u00f3 que se trabaja en conjunto con los presidentes municipales para implementar estrategias de prevenci\u00f3n ante el pron\u00f3stico de calor a\u00fan m\u00e1s extremo. \u201cNosotros esperamos hasta una temperatura de hasta 47 grados, [&hellip;]<\/p>\n","protected":false},"author":2,"featured_media":168339,"comment_status":"closed","ping_status":"closed","sticky":false,"template":"","format":"video","meta":{"_monsterinsights_skip_tracking":false,"_monsterinsights_sitenote_active":false,"_monsterinsights_sitenote_note":"","_monsterinsights_sitenote_category":0,"footnotes":""},"categories":[5,510,45],"tags":[],"class_list":["post-168333","post","type-post","status-publish","format-video","has-post-thumbnail","hentry","category-destacadas","category-gobedoslp","category-localesyregionales","post_format-post-format-video","post--single"],"yoast_head":"<!-- This site is optimized with the Yoast SEO plugin v27.5 - https:\/\/yoast.com\/product\/yoast-seo-wordpress\/ -->\n<title>Respalda PC clases en l\u00ednea ante ola de calor que impacta a SLP - Canal 7 SLP - 2025<\/title>\n<meta name=\"robots\" content=\"index, follow, max-snippet:-1, max-image-preview:large, max-video-preview:-1\" \/>\n<link rel=\"canonical\" href=\"https:\/\/canal7slp.tv\/2025\/respalda-pc-clases-en-linea-ante-ola-de-calor-que-impacta-a-slp\/\" \/>\n<meta property=\"og:locale\" content=\"es_ES\" \/>\n<meta property=\"og:type\" content=\"article\" \/>\n<meta property=\"og:title\" content=\"Respalda PC clases en l\u00ednea ante ola de calor que impacta a SLP - Canal 7 SLP - 2025\" \/>\n<meta property=\"og:description\" content=\"SLP.- San Luis Potos\u00ed enfrenta una intensa oleada de calor con temperaturas que podr\u00edan alcanzar los 47 grados Celsius, por lo que la Coordinaci\u00f3n Estatal de Protecci\u00f3n Civil contempla emitir recomendaciones para que las clases se desarrollen de forma digital, a fin de proteger la salud de ni\u00f1as, ni\u00f1os y adolescentes, sobretodo de la zona huasteca. As\u00ed lo dio a conocer el director general, Mauricio Ordaz Flores, quien inform\u00f3 que se trabaja en conjunto con los presidentes municipales para implementar estrategias de prevenci\u00f3n ante el pron\u00f3stico de calor a\u00fan m\u00e1s extremo. \u201cNosotros esperamos hasta una temperatura de hasta 47 grados, [&hellip;]\" \/>\n<meta property=\"og:url\" content=\"https:\/\/canal7slp.tv\/2025\/respalda-pc-clases-en-linea-ante-ola-de-calor-que-impacta-a-slp\/\" \/>\n<meta property=\"og:site_name\" content=\"Canal 7 SLP - 2025\" \/>\n<meta property=\"article:publisher\" content=\"https:\/\/www.facebook.com\/noticieroscanal7atencionciudadana\/\" \/>\n<meta property=\"article:published_time\" content=\"2025-05-22T05:45:24+00:00\" \/>\n<meta property=\"article:modified_time\" content=\"2025-05-22T12:59:41+00:00\" \/>\n<meta property=\"og:image\" content=\"https:\/\/canal7slp.tv\/2025\/wp-content\/uploads\/2025\/05\/Vazquez03PCGrados.jpg\" \/>\n\t<meta property=\"og:image:width\" content=\"1280\" \/>\n\t<meta property=\"og:image:height\" content=\"720\" \/>\n\t<meta property=\"og:image:type\" content=\"image\/jpeg\" \/>\n<meta name=\"author\" content=\"Edici\u00f3n Web\" \/>\n<meta name=\"twitter:card\" content=\"summary_large_image\" \/>\n<meta name=\"twitter:creator\" content=\"@NOTICIEROS7\" \/>\n<meta name=\"twitter:site\" content=\"@NOTICIEROS7\" \/>\n<meta name=\"twitter:label1\" content=\"Escrito por\" \/>\n\t<meta name=\"twitter:data1\" content=\"Edici\u00f3n Web\" \/>\n\t<meta name=\"twitter:label2\" content=\"Tiempo de lectura\" \/>\n\t<meta name=\"twitter:data2\" content=\"2 minutos\" \/>\n<script type=\"application\/ld+json\" class=\"yoast-schema-graph\">{\"@context\":\"https:\\\/\\\/schema.org\",\"@graph\":[{\"@type\":\"Article\",\"@id\":\"https:\\\/\\\/canal7slp.tv\\\/2025\\\/respalda-pc-clases-en-linea-ante-ola-de-calor-que-impacta-a-slp\\\/#article\",\"isPartOf\":{\"@id\":\"https:\\\/\\\/canal7slp.tv\\\/2025\\\/respalda-pc-clases-en-linea-ante-ola-de-calor-que-impacta-a-slp\\\/\"},\"author\":{\"name\":\"Edici\u00f3n Web\",\"@id\":\"https:\\\/\\\/canal7slp.tv\\\/2025\\\/#\\\/schema\\\/person\\\/271e2b60a96e7cc9d9ac296f4d7e414b\"},\"headline\":\"Respalda PC clases en l\u00ednea ante ola de calor que impacta a SLP\",\"datePublished\":\"2025-05-22T05:45:24+00:00\",\"dateModified\":\"2025-05-22T12:59:41+00:00\",\"mainEntityOfPage\":{\"@id\":\"https:\\\/\\\/canal7slp.tv\\\/2025\\\/respalda-pc-clases-en-linea-ante-ola-de-calor-que-impacta-a-slp\\\/\"},\"wordCount\":282,\"publisher\":{\"@id\":\"https:\\\/\\\/canal7slp.tv\\\/2025\\\/#organization\"},\"image\":{\"@id\":\"https:\\\/\\\/canal7slp.tv\\\/2025\\\/respalda-pc-clases-en-linea-ante-ola-de-calor-que-impacta-a-slp\\\/#primaryimage\"},\"thumbnailUrl\":\"https:\\\/\\\/canal7slp.tv\\\/2025\\\/wp-content\\\/uploads\\\/2025\\\/05\\\/Vazquez03PCGrados.jpg\",\"articleSection\":[\"DESTACADAS\",\"GOBEDOSLP\",\"LOCALES Y REGIONALES\"],\"inLanguage\":\"es\"},{\"@type\":\"WebPage\",\"@id\":\"https:\\\/\\\/canal7slp.tv\\\/2025\\\/respalda-pc-clases-en-linea-ante-ola-de-calor-que-impacta-a-slp\\\/\",\"url\":\"https:\\\/\\\/canal7slp.tv\\\/2025\\\/respalda-pc-clases-en-linea-ante-ola-de-calor-que-impacta-a-slp\\\/\",\"name\":\"Respalda PC clases en l\u00ednea ante ola de calor que impacta a SLP - Canal 7 SLP - 2025\",\"isPartOf\":{\"@id\":\"https:\\\/\\\/canal7slp.tv\\\/2025\\\/#website\"},\"primaryImageOfPage\":{\"@id\":\"https:\\\/\\\/canal7slp.tv\\\/2025\\\/respalda-pc-clases-en-linea-ante-ola-de-calor-que-impacta-a-slp\\\/#primaryimage\"},\"image\":{\"@id\":\"https:\\\/\\\/canal7slp.tv\\\/2025\\\/respalda-pc-clases-en-linea-ante-ola-de-calor-que-impacta-a-slp\\\/#primaryimage\"},\"thumbnailUrl\":\"https:\\\/\\\/canal7slp.tv\\\/2025\\\/wp-content\\\/uploads\\\/2025\\\/05\\\/Vazquez03PCGrados.jpg\",\"datePublished\":\"2025-05-22T05:45:24+00:00\",\"dateModified\":\"2025-05-22T12:59:41+00:00\",\"breadcrumb\":{\"@id\":\"https:\\\/\\\/canal7slp.tv\\\/2025\\\/respalda-pc-clases-en-linea-ante-ola-de-calor-que-impacta-a-slp\\\/#breadcrumb\"},\"inLanguage\":\"es\",\"potentialAction\":[{\"@type\":\"ReadAction\",\"target\":[\"https:\\\/\\\/canal7slp.tv\\\/2025\\\/respalda-pc-clases-en-linea-ante-ola-de-calor-que-impacta-a-slp\\\/\"]}]},{\"@type\":\"ImageObject\",\"inLanguage\":\"es\",\"@id\":\"https:\\\/\\\/canal7slp.tv\\\/2025\\\/respalda-pc-clases-en-linea-ante-ola-de-calor-que-impacta-a-slp\\\/#primaryimage\",\"url\":\"https:\\\/\\\/canal7slp.tv\\\/2025\\\/wp-content\\\/uploads\\\/2025\\\/05\\\/Vazquez03PCGrados.jpg\",\"contentUrl\":\"https:\\\/\\\/canal7slp.tv\\\/2025\\\/wp-content\\\/uploads\\\/2025\\\/05\\\/Vazquez03PCGrados.jpg\",\"width\":1280,\"height\":720},{\"@type\":\"BreadcrumbList\",\"@id\":\"https:\\\/\\\/canal7slp.tv\\\/2025\\\/respalda-pc-clases-en-linea-ante-ola-de-calor-que-impacta-a-slp\\\/#breadcrumb\",\"itemListElement\":[{\"@type\":\"ListItem\",\"position\":1,\"name\":\"Portada\",\"item\":\"https:\\\/\\\/canal7slp.tv\\\/2025\\\/\"},{\"@type\":\"ListItem\",\"position\":2,\"name\":\"Respalda PC clases en l\u00ednea ante ola de calor que impacta a SLP\"}]},{\"@type\":\"WebSite\",\"@id\":\"https:\\\/\\\/canal7slp.tv\\\/2025\\\/#website\",\"url\":\"https:\\\/\\\/canal7slp.tv\\\/2025\\\/\",\"name\":\"N7 - Noticieros Canal 7\",\"description\":\"Somos el Medio\",\"publisher\":{\"@id\":\"https:\\\/\\\/canal7slp.tv\\\/2025\\\/#organization\"},\"potentialAction\":[{\"@type\":\"SearchAction\",\"target\":{\"@type\":\"EntryPoint\",\"urlTemplate\":\"https:\\\/\\\/canal7slp.tv\\\/2025\\\/?s={search_term_string}\"},\"query-input\":{\"@type\":\"PropertyValueSpecification\",\"valueRequired\":true,\"valueName\":\"search_term_string\"}}],\"inLanguage\":\"es\"},{\"@type\":\"Organization\",\"@id\":\"https:\\\/\\\/canal7slp.tv\\\/2025\\\/#organization\",\"name\":\"Noticieros Canal 7\",\"url\":\"https:\\\/\\\/canal7slp.tv\\\/2025\\\/\",\"logo\":{\"@type\":\"ImageObject\",\"inLanguage\":\"es\",\"@id\":\"https:\\\/\\\/canal7slp.tv\\\/2025\\\/#\\\/schema\\\/logo\\\/image\\\/\",\"url\":\"https:\\\/\\\/canal7slp.tv\\\/2025\\\/wp-content\\\/uploads\\\/2021\\\/01\\\/logo-noticieros@2x.png\",\"contentUrl\":\"https:\\\/\\\/canal7slp.tv\\\/2025\\\/wp-content\\\/uploads\\\/2021\\\/01\\\/logo-noticieros@2x.png\",\"width\":1017,\"height\":268,\"caption\":\"Noticieros Canal 7\"},\"image\":{\"@id\":\"https:\\\/\\\/canal7slp.tv\\\/2025\\\/#\\\/schema\\\/logo\\\/image\\\/\"},\"sameAs\":[\"https:\\\/\\\/www.facebook.com\\\/noticieroscanal7atencionciudadana\\\/\",\"https:\\\/\\\/x.com\\\/NOTICIEROS7\",\"https:\\\/\\\/www.instagram.com\\\/canal7_slp\",\"https:\\\/\\\/www.youtube.com\\\/channel\\\/UCliiYs-gP3JfJeqdPrNdd5A\"]},{\"@type\":\"Person\",\"@id\":\"https:\\\/\\\/canal7slp.tv\\\/2025\\\/#\\\/schema\\\/person\\\/271e2b60a96e7cc9d9ac296f4d7e414b\",\"name\":\"Edici\u00f3n Web\",\"image\":{\"@type\":\"ImageObject\",\"inLanguage\":\"es\",\"@id\":\"https:\\\/\\\/secure.gravatar.com\\\/avatar\\\/eee448fc3f7164808013b816ba91ac7e43bbe82a70bebac296f8bc6f0addaa1a?s=96&d=mm&r=g\",\"url\":\"https:\\\/\\\/secure.gravatar.com\\\/avatar\\\/eee448fc3f7164808013b816ba91ac7e43bbe82a70bebac296f8bc6f0addaa1a?s=96&d=mm&r=g\",\"contentUrl\":\"https:\\\/\\\/secure.gravatar.com\\\/avatar\\\/eee448fc3f7164808013b816ba91ac7e43bbe82a70bebac296f8bc6f0addaa1a?s=96&d=mm&r=g\",\"caption\":\"Edici\u00f3n Web\"},\"url\":\"https:\\\/\\\/canal7slp.tv\\\/2025\\\/author\\\/edicionweb\\\/\"}]}<\/script>\n<!-- \/ Yoast SEO plugin. -->","yoast_head_json":{"title":"Respalda PC clases en l\u00ednea ante ola de calor que impacta a SLP - Canal 7 SLP - 2025","robots":{"index":"index","follow":"follow","max-snippet":"max-snippet:-1","max-image-preview":"max-image-preview:large","max-video-preview":"max-video-preview:-1"},"canonical":"https:\/\/canal7slp.tv\/2025\/respalda-pc-clases-en-linea-ante-ola-de-calor-que-impacta-a-slp\/","og_locale":"es_ES","og_type":"article","og_title":"Respalda PC clases en l\u00ednea ante ola de calor que impacta a SLP - Canal 7 SLP - 2025","og_description":"SLP.- San Luis Potos\u00ed enfrenta una intensa oleada de calor con temperaturas que podr\u00edan alcanzar los 47 grados Celsius, por lo que la Coordinaci\u00f3n Estatal de Protecci\u00f3n Civil contempla emitir recomendaciones para que las clases se desarrollen de forma digital, a fin de proteger la salud de ni\u00f1as, ni\u00f1os y adolescentes, sobretodo de la zona huasteca. As\u00ed lo dio a conocer el director general, Mauricio Ordaz Flores, quien inform\u00f3 que se trabaja en conjunto con los presidentes municipales para implementar estrategias de prevenci\u00f3n ante el pron\u00f3stico de calor a\u00fan m\u00e1s extremo. \u201cNosotros esperamos hasta una temperatura de hasta 47 grados, [&hellip;]","og_url":"https:\/\/canal7slp.tv\/2025\/respalda-pc-clases-en-linea-ante-ola-de-calor-que-impacta-a-slp\/","og_site_name":"Canal 7 SLP - 2025","article_publisher":"https:\/\/www.facebook.com\/noticieroscanal7atencionciudadana\/","article_published_time":"2025-05-22T05:45:24+00:00","article_modified_time":"2025-05-22T12:59:41+00:00","og_image":[{"width":1280,"height":720,"url":"https:\/\/canal7slp.tv\/2025\/wp-content\/uploads\/2025\/05\/Vazquez03PCGrados.jpg","type":"image\/jpeg"}],"author":"Edici\u00f3n Web","twitter_card":"summary_large_image","twitter_creator":"@NOTICIEROS7","twitter_site":"@NOTICIEROS7","twitter_misc":{"Escrito por":"Edici\u00f3n Web","Tiempo de lectura":"2 minutos"},"schema":{"@context":"https:\/\/schema.org","@graph":[{"@type":"Article","@id":"https:\/\/canal7slp.tv\/2025\/respalda-pc-clases-en-linea-ante-ola-de-calor-que-impacta-a-slp\/#article","isPartOf":{"@id":"https:\/\/canal7slp.tv\/2025\/respalda-pc-clases-en-linea-ante-ola-de-calor-que-impacta-a-slp\/"},"author":{"name":"Edici\u00f3n Web","@id":"https:\/\/canal7slp.tv\/2025\/#\/schema\/person\/271e2b60a96e7cc9d9ac296f4d7e414b"},"headline":"Respalda PC clases en l\u00ednea ante ola de calor que impacta a SLP","datePublished":"2025-05-22T05:45:24+00:00","dateModified":"2025-05-22T12:59:41+00:00","mainEntityOfPage":{"@id":"https:\/\/canal7slp.tv\/2025\/respalda-pc-clases-en-linea-ante-ola-de-calor-que-impacta-a-slp\/"},"wordCount":282,"publisher":{"@id":"https:\/\/canal7slp.tv\/2025\/#organization"},"image":{"@id":"https:\/\/canal7slp.tv\/2025\/respalda-pc-clases-en-linea-ante-ola-de-calor-que-impacta-a-slp\/#primaryimage"},"thumbnailUrl":"https:\/\/canal7slp.tv\/2025\/wp-content\/uploads\/2025\/05\/Vazquez03PCGrados.jpg","articleSection":["DESTACADAS","GOBEDOSLP","LOCALES Y REGIONALES"],"inLanguage":"es"},{"@type":"WebPage","@id":"https:\/\/canal7slp.tv\/2025\/respalda-pc-clases-en-linea-ante-ola-de-calor-que-impacta-a-slp\/","url":"https:\/\/canal7slp.tv\/2025\/respalda-pc-clases-en-linea-ante-ola-de-calor-que-impacta-a-slp\/","name":"Respalda PC clases en l\u00ednea ante ola de calor que impacta a SLP - Canal 7 SLP - 2025","isPartOf":{"@id":"https:\/\/canal7slp.tv\/2025\/#website"},"primaryImageOfPage":{"@id":"https:\/\/canal7slp.tv\/2025\/respalda-pc-clases-en-linea-ante-ola-de-calor-que-impacta-a-slp\/#primaryimage"},"image":{"@id":"https:\/\/canal7slp.tv\/2025\/respalda-pc-clases-en-linea-ante-ola-de-calor-que-impacta-a-slp\/#primaryimage"},"thumbnailUrl":"https:\/\/canal7slp.tv\/2025\/wp-content\/uploads\/2025\/05\/Vazquez03PCGrados.jpg","datePublished":"2025-05-22T05:45:24+00:00","dateModified":"2025-05-22T12:59:41+00:00","breadcrumb":{"@id":"https:\/\/canal7slp.tv\/2025\/respalda-pc-clases-en-linea-ante-ola-de-calor-que-impacta-a-slp\/#breadcrumb"},"inLanguage":"es","potentialAction":[{"@type":"ReadAction","target":["https:\/\/canal7slp.tv\/2025\/respalda-pc-clases-en-linea-ante-ola-de-calor-que-impacta-a-slp\/"]}]},{"@type":"ImageObject","inLanguage":"es","@id":"https:\/\/canal7slp.tv\/2025\/respalda-pc-clases-en-linea-ante-ola-de-calor-que-impacta-a-slp\/#primaryimage","url":"https:\/\/canal7slp.tv\/2025\/wp-content\/uploads\/2025\/05\/Vazquez03PCGrados.jpg","contentUrl":"https:\/\/canal7slp.tv\/2025\/wp-content\/uploads\/2025\/05\/Vazquez03PCGrados.jpg","width":1280,"height":720},{"@type":"BreadcrumbList","@id":"https:\/\/canal7slp.tv\/2025\/respalda-pc-clases-en-linea-ante-ola-de-calor-que-impacta-a-slp\/#breadcrumb","itemListElement":[{"@type":"ListItem","position":1,"name":"Portada","item":"https:\/\/canal7slp.tv\/2025\/"},{"@type":"ListItem","position":2,"name":"Respalda PC clases en l\u00ednea ante ola de calor que impacta a SLP"}]},{"@type":"WebSite","@id":"https:\/\/canal7slp.tv\/2025\/#website","url":"https:\/\/canal7slp.tv\/2025\/","name":"N7 - Noticieros Canal 7","description":"Somos el Medio","publisher":{"@id":"https:\/\/canal7slp.tv\/2025\/#organization"},"potentialAction":[{"@type":"SearchAction","target":{"@type":"EntryPoint","urlTemplate":"https:\/\/canal7slp.tv\/2025\/?s={search_term_string}"},"query-input":{"@type":"PropertyValueSpecification","valueRequired":true,"valueName":"search_term_string"}}],"inLanguage":"es"},{"@type":"Organization","@id":"https:\/\/canal7slp.tv\/2025\/#organization","name":"Noticieros Canal 7","url":"https:\/\/canal7slp.tv\/2025\/","logo":{"@type":"ImageObject","inLanguage":"es","@id":"https:\/\/canal7slp.tv\/2025\/#\/schema\/logo\/image\/","url":"https:\/\/canal7slp.tv\/2025\/wp-content\/uploads\/2021\/01\/logo-noticieros@2x.png","contentUrl":"https:\/\/canal7slp.tv\/2025\/wp-content\/uploads\/2021\/01\/logo-noticieros@2x.png","width":1017,"height":268,"caption":"Noticieros Canal 7"},"image":{"@id":"https:\/\/canal7slp.tv\/2025\/#\/schema\/logo\/image\/"},"sameAs":["https:\/\/www.facebook.com\/noticieroscanal7atencionciudadana\/","https:\/\/x.com\/NOTICIEROS7","https:\/\/www.instagram.com\/canal7_slp","https:\/\/www.youtube.com\/channel\/UCliiYs-gP3JfJeqdPrNdd5A"]},{"@type":"Person","@id":"https:\/\/canal7slp.tv\/2025\/#\/schema\/person\/271e2b60a96e7cc9d9ac296f4d7e414b","name":"Edici\u00f3n Web","image":{"@type":"ImageObject","inLanguage":"es","@id":"https:\/\/secure.gravatar.com\/avatar\/eee448fc3f7164808013b816ba91ac7e43bbe82a70bebac296f8bc6f0addaa1a?s=96&d=mm&r=g","url":"https:\/\/secure.gravatar.com\/avatar\/eee448fc3f7164808013b816ba91ac7e43bbe82a70bebac296f8bc6f0addaa1a?s=96&d=mm&r=g","contentUrl":"https:\/\/secure.gravatar.com\/avatar\/eee448fc3f7164808013b816ba91ac7e43bbe82a70bebac296f8bc6f0addaa1a?s=96&d=mm&r=g","caption":"Edici\u00f3n Web"},"url":"https:\/\/canal7slp.tv\/2025\/author\/edicionweb\/"}]}},"_links":{"self":[{"href":"https:\/\/canal7slp.tv\/2025\/wp-json\/wp\/v2\/posts\/168333","targetHints":{"allow":["GET"]}}],"collection":[{"href":"https:\/\/canal7slp.tv\/2025\/wp-json\/wp\/v2\/posts"}],"about":[{"href":"https:\/\/canal7slp.tv\/2025\/wp-json\/wp\/v2\/types\/post"}],"author":[{"embeddable":true,"href":"https:\/\/canal7slp.tv\/2025\/wp-json\/wp\/v2\/users\/2"}],"replies":[{"embeddable":true,"href":"https:\/\/canal7slp.tv\/2025\/wp-json\/wp\/v2\/comments?post=168333"}],"version-history":[{"count":1,"href":"https:\/\/canal7slp.tv\/2025\/wp-json\/wp\/v2\/posts\/168333\/revisions"}],"predecessor-version":[{"id":168341,"href":"https:\/\/canal7slp.tv\/2025\/wp-json\/wp\/v2\/posts\/168333\/revisions\/168341"}],"wp:featuredmedia":[{"embeddable":true,"href":"https:\/\/canal7slp.tv\/2025\/wp-json\/wp\/v2\/media\/168339"}],"wp:attachment":[{"href":"https:\/\/canal7slp.tv\/2025\/wp-json\/wp\/v2\/media?parent=168333"}],"wp:term":[{"taxonomy":"category","embeddable":true,"href":"https:\/\/canal7slp.tv\/2025\/wp-json\/wp\/v2\/categories?post=168333"},{"taxonomy":"post_tag","embeddable":true,"href":"https:\/\/canal7slp.tv\/2025\/wp-json\/wp\/v2\/tags?post=168333"}],"curies":[{"name":"wp","href":"https:\/\/api.w.org\/{rel}","templated":true}]}}