{"id":168279,"date":"2025-05-21T17:14:09","date_gmt":"2025-05-21T23:14:09","guid":{"rendered":"https:\/\/canal7slp.tv\/2025\/?p=168279"},"modified":"2025-05-21T17:51:38","modified_gmt":"2025-05-21T23:51:38","slug":"ong-advierte-que-recortes-de-trump-a-medicaid-afectarian-a-mas-de-28-millones-de-latinos","status":"publish","type":"post","link":"https:\/\/canal7slp.tv\/2025\/ong-advierte-que-recortes-de-trump-a-medicaid-afectarian-a-mas-de-28-millones-de-latinos\/","title":{"rendered":"Ong advierte que recortes de Trump a Medicaid afectar\u00edan a m\u00e1s de 28 millones de latinos"},"content":{"rendered":"<p style=\"text-align: justify;\">\n<p style=\"text-align: justify;\">EUA.- La organizaci\u00f3n estadounidense Voto Latino alert\u00f3 sobre los efectos negativos que podr\u00edan derivarse del plan fiscal propuesto por el expresidente Donald Trump, el cual contempla recortes significativos al sistema de salud p\u00fablica, particularmente a programas como Medicaid y CHIP, que brindan atenci\u00f3n m\u00e9dica a comunidades de bajos ingresos.<\/p>\n<p style=\"text-align: justify;\">Seg\u00fan la organizaci\u00f3n, aproximadamente 28.6 millones de latinos podr\u00edan verse perjudicados si se aprueban estos recortes, que a\u00fan se debaten en el Congreso. El plan contempla rebajas y recortes fiscales por 4.9 billones de d\u00f3lares, incluyendo una reducci\u00f3n de al menos 715 millones de d\u00f3lares a Medicaid.<\/p>\n<p style=\"text-align: justify;\">Voto Latino destac\u00f3 que los latinos son uno de los grupos m\u00e1s dependientes de Medicaid y CHIP, representando casi el 28% de todos los beneficiarios, lo que equivale a 26.8 millones de personas. Adem\u00e1s, m\u00e1s del 50% de los ni\u00f1os latinos dependen de estos programas para acceder a atenci\u00f3n m\u00e9dica, y en 2021, el 58.1% de los nacimientos de mujeres hispanas fueron cubiertos por Medicaid, lo que subraya la importancia del programa para la salud maternoinfantil.<\/p>\n<p style=\"text-align: justify;\">Tambi\u00e9n se se\u00f1ala que 1 de cada 4 mujeres latinas en edad reproductiva utiliza Medicaid para acceder a m\u00e9todos anticonceptivos y servicios de salud reproductiva. Voto Latino critic\u00f3 duramente la intenci\u00f3n de financiar recortes fiscales para multimillonarios a costa del acceso a la salud de las comunidades m\u00e1s vulnerables, advirtiendo que esto profundizar\u00eda las desigualdades existentes y dejar\u00eda a millones sin protecci\u00f3n m\u00e9dica.<\/p>\n<p style=\"text-align: justify;\">Asimismo, una encuesta reciente revel\u00f3 que el 72% de los votantes latinos est\u00e1n preocupados por los recortes propuestos a Medicaid, lo que, seg\u00fan Voto Latino, demuestra que este plan va en contra de la voluntad popular.<\/p>\n<p style=\"text-align: justify;\">Por ahora, los congresistas republicanos realizan sesiones marat\u00f3nicas con la meta de aprobar el proyecto antes del 26 de mayo (D\u00eda de los Ca\u00eddos) y enviarlo al Despacho Oval antes del 4 de julio, fecha simb\u00f3lica del D\u00eda de la Independencia de Estados Unidos.<\/p>\n","protected":false},"excerpt":{"rendered":"<p>EUA.- La organizaci\u00f3n estadounidense Voto Latino alert\u00f3 sobre los efectos negativos que podr\u00edan derivarse del plan fiscal propuesto por el expresidente Donald Trump, el cual contempla recortes significativos al sistema de salud p\u00fablica, particularmente a programas como Medicaid y CHIP, que brindan atenci\u00f3n m\u00e9dica a comunidades de bajos ingresos. Seg\u00fan la organizaci\u00f3n, aproximadamente 28.6 millones de latinos podr\u00edan verse perjudicados si se aprueban estos recortes, que a\u00fan se debaten en el Congreso. El plan contempla rebajas y recortes fiscales por 4.9 billones de d\u00f3lares, incluyendo una reducci\u00f3n de al menos 715 millones de d\u00f3lares a Medicaid. Voto Latino destac\u00f3 que [&hellip;]<\/p>\n","protected":false},"author":2,"featured_media":168289,"comment_status":"closed","ping_status":"closed","sticky":false,"template":"","format":"standard","meta":{"_monsterinsights_skip_tracking":false,"_monsterinsights_sitenote_active":false,"_monsterinsights_sitenote_note":"","_monsterinsights_sitenote_category":0,"footnotes":""},"categories":[44],"tags":[],"class_list":["post-168279","post","type-post","status-publish","format-standard","has-post-thumbnail","hentry","category-internacional","post--single"],"yoast_head":"<!-- This site is optimized with the Yoast SEO plugin v27.5 - https:\/\/yoast.com\/product\/yoast-seo-wordpress\/ -->\n<title>Ong advierte que recortes de Trump a Medicaid afectar\u00edan a m\u00e1s de 28 millones de latinos - Canal 7 SLP - 2025<\/title>\n<meta name=\"robots\" content=\"index, follow, max-snippet:-1, max-image-preview:large, max-video-preview:-1\" \/>\n<link rel=\"canonical\" href=\"https:\/\/canal7slp.tv\/2025\/ong-advierte-que-recortes-de-trump-a-medicaid-afectarian-a-mas-de-28-millones-de-latinos\/\" \/>\n<meta property=\"og:locale\" content=\"es_ES\" \/>\n<meta property=\"og:type\" content=\"article\" \/>\n<meta property=\"og:title\" content=\"Ong advierte que recortes de Trump a Medicaid afectar\u00edan a m\u00e1s de 28 millones de latinos - Canal 7 SLP - 2025\" \/>\n<meta property=\"og:description\" content=\"EUA.- La organizaci\u00f3n estadounidense Voto Latino alert\u00f3 sobre los efectos negativos que podr\u00edan derivarse del plan fiscal propuesto por el expresidente Donald Trump, el cual contempla recortes significativos al sistema de salud p\u00fablica, particularmente a programas como Medicaid y CHIP, que brindan atenci\u00f3n m\u00e9dica a comunidades de bajos ingresos. Seg\u00fan la organizaci\u00f3n, aproximadamente 28.6 millones de latinos podr\u00edan verse perjudicados si se aprueban estos recortes, que a\u00fan se debaten en el Congreso. El plan contempla rebajas y recortes fiscales por 4.9 billones de d\u00f3lares, incluyendo una reducci\u00f3n de al menos 715 millones de d\u00f3lares a Medicaid. Voto Latino destac\u00f3 que [&hellip;]\" \/>\n<meta property=\"og:url\" content=\"https:\/\/canal7slp.tv\/2025\/ong-advierte-que-recortes-de-trump-a-medicaid-afectarian-a-mas-de-28-millones-de-latinos\/\" \/>\n<meta property=\"og:site_name\" content=\"Canal 7 SLP - 2025\" \/>\n<meta property=\"article:publisher\" content=\"https:\/\/www.facebook.com\/noticieroscanal7atencionciudadana\/\" \/>\n<meta property=\"article:published_time\" content=\"2025-05-21T23:14:09+00:00\" \/>\n<meta property=\"article:modified_time\" content=\"2025-05-21T23:51:38+00:00\" \/>\n<meta property=\"og:image\" content=\"https:\/\/canal7slp.tv\/2025\/wp-content\/uploads\/2025\/05\/08-19.jpg\" \/>\n\t<meta property=\"og:image:width\" content=\"961\" \/>\n\t<meta property=\"og:image:height\" content=\"410\" \/>\n\t<meta property=\"og:image:type\" content=\"image\/jpeg\" \/>\n<meta name=\"author\" content=\"Edici\u00f3n Web\" \/>\n<meta name=\"twitter:card\" content=\"summary_large_image\" \/>\n<meta name=\"twitter:creator\" content=\"@NOTICIEROS7\" \/>\n<meta name=\"twitter:site\" content=\"@NOTICIEROS7\" \/>\n<meta name=\"twitter:label1\" content=\"Escrito por\" \/>\n\t<meta name=\"twitter:data1\" content=\"Edici\u00f3n Web\" \/>\n\t<meta name=\"twitter:label2\" content=\"Tiempo de lectura\" \/>\n\t<meta name=\"twitter:data2\" content=\"2 minutos\" \/>\n<script type=\"application\/ld+json\" class=\"yoast-schema-graph\">{\"@context\":\"https:\\\/\\\/schema.org\",\"@graph\":[{\"@type\":\"Article\",\"@id\":\"https:\\\/\\\/canal7slp.tv\\\/2025\\\/ong-advierte-que-recortes-de-trump-a-medicaid-afectarian-a-mas-de-28-millones-de-latinos\\\/#article\",\"isPartOf\":{\"@id\":\"https:\\\/\\\/canal7slp.tv\\\/2025\\\/ong-advierte-que-recortes-de-trump-a-medicaid-afectarian-a-mas-de-28-millones-de-latinos\\\/\"},\"author\":{\"name\":\"Edici\u00f3n Web\",\"@id\":\"https:\\\/\\\/canal7slp.tv\\\/2025\\\/#\\\/schema\\\/person\\\/271e2b60a96e7cc9d9ac296f4d7e414b\"},\"headline\":\"Ong advierte que recortes de Trump a Medicaid afectar\u00edan a m\u00e1s de 28 millones de latinos\",\"datePublished\":\"2025-05-21T23:14:09+00:00\",\"dateModified\":\"2025-05-21T23:51:38+00:00\",\"mainEntityOfPage\":{\"@id\":\"https:\\\/\\\/canal7slp.tv\\\/2025\\\/ong-advierte-que-recortes-de-trump-a-medicaid-afectarian-a-mas-de-28-millones-de-latinos\\\/\"},\"wordCount\":354,\"publisher\":{\"@id\":\"https:\\\/\\\/canal7slp.tv\\\/2025\\\/#organization\"},\"image\":{\"@id\":\"https:\\\/\\\/canal7slp.tv\\\/2025\\\/ong-advierte-que-recortes-de-trump-a-medicaid-afectarian-a-mas-de-28-millones-de-latinos\\\/#primaryimage\"},\"thumbnailUrl\":\"https:\\\/\\\/canal7slp.tv\\\/2025\\\/wp-content\\\/uploads\\\/2025\\\/05\\\/08-19.jpg\",\"articleSection\":[\"INTERNACIONALES\"],\"inLanguage\":\"es\"},{\"@type\":\"WebPage\",\"@id\":\"https:\\\/\\\/canal7slp.tv\\\/2025\\\/ong-advierte-que-recortes-de-trump-a-medicaid-afectarian-a-mas-de-28-millones-de-latinos\\\/\",\"url\":\"https:\\\/\\\/canal7slp.tv\\\/2025\\\/ong-advierte-que-recortes-de-trump-a-medicaid-afectarian-a-mas-de-28-millones-de-latinos\\\/\",\"name\":\"Ong advierte que recortes de Trump a Medicaid afectar\u00edan a m\u00e1s de 28 millones de latinos - Canal 7 SLP - 2025\",\"isPartOf\":{\"@id\":\"https:\\\/\\\/canal7slp.tv\\\/2025\\\/#website\"},\"primaryImageOfPage\":{\"@id\":\"https:\\\/\\\/canal7slp.tv\\\/2025\\\/ong-advierte-que-recortes-de-trump-a-medicaid-afectarian-a-mas-de-28-millones-de-latinos\\\/#primaryimage\"},\"image\":{\"@id\":\"https:\\\/\\\/canal7slp.tv\\\/2025\\\/ong-advierte-que-recortes-de-trump-a-medicaid-afectarian-a-mas-de-28-millones-de-latinos\\\/#primaryimage\"},\"thumbnailUrl\":\"https:\\\/\\\/canal7slp.tv\\\/2025\\\/wp-content\\\/uploads\\\/2025\\\/05\\\/08-19.jpg\",\"datePublished\":\"2025-05-21T23:14:09+00:00\",\"dateModified\":\"2025-05-21T23:51:38+00:00\",\"breadcrumb\":{\"@id\":\"https:\\\/\\\/canal7slp.tv\\\/2025\\\/ong-advierte-que-recortes-de-trump-a-medicaid-afectarian-a-mas-de-28-millones-de-latinos\\\/#breadcrumb\"},\"inLanguage\":\"es\",\"potentialAction\":[{\"@type\":\"ReadAction\",\"target\":[\"https:\\\/\\\/canal7slp.tv\\\/2025\\\/ong-advierte-que-recortes-de-trump-a-medicaid-afectarian-a-mas-de-28-millones-de-latinos\\\/\"]}]},{\"@type\":\"ImageObject\",\"inLanguage\":\"es\",\"@id\":\"https:\\\/\\\/canal7slp.tv\\\/2025\\\/ong-advierte-que-recortes-de-trump-a-medicaid-afectarian-a-mas-de-28-millones-de-latinos\\\/#primaryimage\",\"url\":\"https:\\\/\\\/canal7slp.tv\\\/2025\\\/wp-content\\\/uploads\\\/2025\\\/05\\\/08-19.jpg\",\"contentUrl\":\"https:\\\/\\\/canal7slp.tv\\\/2025\\\/wp-content\\\/uploads\\\/2025\\\/05\\\/08-19.jpg\",\"width\":961,\"height\":410},{\"@type\":\"BreadcrumbList\",\"@id\":\"https:\\\/\\\/canal7slp.tv\\\/2025\\\/ong-advierte-que-recortes-de-trump-a-medicaid-afectarian-a-mas-de-28-millones-de-latinos\\\/#breadcrumb\",\"itemListElement\":[{\"@type\":\"ListItem\",\"position\":1,\"name\":\"Portada\",\"item\":\"https:\\\/\\\/canal7slp.tv\\\/2025\\\/\"},{\"@type\":\"ListItem\",\"position\":2,\"name\":\"Ong advierte que recortes de Trump a Medicaid afectar\u00edan a m\u00e1s de 28 millones de latinos\"}]},{\"@type\":\"WebSite\",\"@id\":\"https:\\\/\\\/canal7slp.tv\\\/2025\\\/#website\",\"url\":\"https:\\\/\\\/canal7slp.tv\\\/2025\\\/\",\"name\":\"N7 - Noticieros Canal 7\",\"description\":\"Somos el Medio\",\"publisher\":{\"@id\":\"https:\\\/\\\/canal7slp.tv\\\/2025\\\/#organization\"},\"potentialAction\":[{\"@type\":\"SearchAction\",\"target\":{\"@type\":\"EntryPoint\",\"urlTemplate\":\"https:\\\/\\\/canal7slp.tv\\\/2025\\\/?s={search_term_string}\"},\"query-input\":{\"@type\":\"PropertyValueSpecification\",\"valueRequired\":true,\"valueName\":\"search_term_string\"}}],\"inLanguage\":\"es\"},{\"@type\":\"Organization\",\"@id\":\"https:\\\/\\\/canal7slp.tv\\\/2025\\\/#organization\",\"name\":\"Noticieros Canal 7\",\"url\":\"https:\\\/\\\/canal7slp.tv\\\/2025\\\/\",\"logo\":{\"@type\":\"ImageObject\",\"inLanguage\":\"es\",\"@id\":\"https:\\\/\\\/canal7slp.tv\\\/2025\\\/#\\\/schema\\\/logo\\\/image\\\/\",\"url\":\"https:\\\/\\\/canal7slp.tv\\\/2025\\\/wp-content\\\/uploads\\\/2021\\\/01\\\/logo-noticieros@2x.png\",\"contentUrl\":\"https:\\\/\\\/canal7slp.tv\\\/2025\\\/wp-content\\\/uploads\\\/2021\\\/01\\\/logo-noticieros@2x.png\",\"width\":1017,\"height\":268,\"caption\":\"Noticieros Canal 7\"},\"image\":{\"@id\":\"https:\\\/\\\/canal7slp.tv\\\/2025\\\/#\\\/schema\\\/logo\\\/image\\\/\"},\"sameAs\":[\"https:\\\/\\\/www.facebook.com\\\/noticieroscanal7atencionciudadana\\\/\",\"https:\\\/\\\/x.com\\\/NOTICIEROS7\",\"https:\\\/\\\/www.instagram.com\\\/canal7_slp\",\"https:\\\/\\\/www.youtube.com\\\/channel\\\/UCliiYs-gP3JfJeqdPrNdd5A\"]},{\"@type\":\"Person\",\"@id\":\"https:\\\/\\\/canal7slp.tv\\\/2025\\\/#\\\/schema\\\/person\\\/271e2b60a96e7cc9d9ac296f4d7e414b\",\"name\":\"Edici\u00f3n Web\",\"image\":{\"@type\":\"ImageObject\",\"inLanguage\":\"es\",\"@id\":\"https:\\\/\\\/secure.gravatar.com\\\/avatar\\\/eee448fc3f7164808013b816ba91ac7e43bbe82a70bebac296f8bc6f0addaa1a?s=96&d=mm&r=g\",\"url\":\"https:\\\/\\\/secure.gravatar.com\\\/avatar\\\/eee448fc3f7164808013b816ba91ac7e43bbe82a70bebac296f8bc6f0addaa1a?s=96&d=mm&r=g\",\"contentUrl\":\"https:\\\/\\\/secure.gravatar.com\\\/avatar\\\/eee448fc3f7164808013b816ba91ac7e43bbe82a70bebac296f8bc6f0addaa1a?s=96&d=mm&r=g\",\"caption\":\"Edici\u00f3n Web\"},\"url\":\"https:\\\/\\\/canal7slp.tv\\\/2025\\\/author\\\/edicionweb\\\/\"}]}<\/script>\n<!-- \/ Yoast SEO plugin. -->","yoast_head_json":{"title":"Ong advierte que recortes de Trump a Medicaid afectar\u00edan a m\u00e1s de 28 millones de latinos - Canal 7 SLP - 2025","robots":{"index":"index","follow":"follow","max-snippet":"max-snippet:-1","max-image-preview":"max-image-preview:large","max-video-preview":"max-video-preview:-1"},"canonical":"https:\/\/canal7slp.tv\/2025\/ong-advierte-que-recortes-de-trump-a-medicaid-afectarian-a-mas-de-28-millones-de-latinos\/","og_locale":"es_ES","og_type":"article","og_title":"Ong advierte que recortes de Trump a Medicaid afectar\u00edan a m\u00e1s de 28 millones de latinos - Canal 7 SLP - 2025","og_description":"EUA.- La organizaci\u00f3n estadounidense Voto Latino alert\u00f3 sobre los efectos negativos que podr\u00edan derivarse del plan fiscal propuesto por el expresidente Donald Trump, el cual contempla recortes significativos al sistema de salud p\u00fablica, particularmente a programas como Medicaid y CHIP, que brindan atenci\u00f3n m\u00e9dica a comunidades de bajos ingresos. Seg\u00fan la organizaci\u00f3n, aproximadamente 28.6 millones de latinos podr\u00edan verse perjudicados si se aprueban estos recortes, que a\u00fan se debaten en el Congreso. El plan contempla rebajas y recortes fiscales por 4.9 billones de d\u00f3lares, incluyendo una reducci\u00f3n de al menos 715 millones de d\u00f3lares a Medicaid. Voto Latino destac\u00f3 que [&hellip;]","og_url":"https:\/\/canal7slp.tv\/2025\/ong-advierte-que-recortes-de-trump-a-medicaid-afectarian-a-mas-de-28-millones-de-latinos\/","og_site_name":"Canal 7 SLP - 2025","article_publisher":"https:\/\/www.facebook.com\/noticieroscanal7atencionciudadana\/","article_published_time":"2025-05-21T23:14:09+00:00","article_modified_time":"2025-05-21T23:51:38+00:00","og_image":[{"width":961,"height":410,"url":"https:\/\/canal7slp.tv\/2025\/wp-content\/uploads\/2025\/05\/08-19.jpg","type":"image\/jpeg"}],"author":"Edici\u00f3n Web","twitter_card":"summary_large_image","twitter_creator":"@NOTICIEROS7","twitter_site":"@NOTICIEROS7","twitter_misc":{"Escrito por":"Edici\u00f3n Web","Tiempo de lectura":"2 minutos"},"schema":{"@context":"https:\/\/schema.org","@graph":[{"@type":"Article","@id":"https:\/\/canal7slp.tv\/2025\/ong-advierte-que-recortes-de-trump-a-medicaid-afectarian-a-mas-de-28-millones-de-latinos\/#article","isPartOf":{"@id":"https:\/\/canal7slp.tv\/2025\/ong-advierte-que-recortes-de-trump-a-medicaid-afectarian-a-mas-de-28-millones-de-latinos\/"},"author":{"name":"Edici\u00f3n Web","@id":"https:\/\/canal7slp.tv\/2025\/#\/schema\/person\/271e2b60a96e7cc9d9ac296f4d7e414b"},"headline":"Ong advierte que recortes de Trump a Medicaid afectar\u00edan a m\u00e1s de 28 millones de latinos","datePublished":"2025-05-21T23:14:09+00:00","dateModified":"2025-05-21T23:51:38+00:00","mainEntityOfPage":{"@id":"https:\/\/canal7slp.tv\/2025\/ong-advierte-que-recortes-de-trump-a-medicaid-afectarian-a-mas-de-28-millones-de-latinos\/"},"wordCount":354,"publisher":{"@id":"https:\/\/canal7slp.tv\/2025\/#organization"},"image":{"@id":"https:\/\/canal7slp.tv\/2025\/ong-advierte-que-recortes-de-trump-a-medicaid-afectarian-a-mas-de-28-millones-de-latinos\/#primaryimage"},"thumbnailUrl":"https:\/\/canal7slp.tv\/2025\/wp-content\/uploads\/2025\/05\/08-19.jpg","articleSection":["INTERNACIONALES"],"inLanguage":"es"},{"@type":"WebPage","@id":"https:\/\/canal7slp.tv\/2025\/ong-advierte-que-recortes-de-trump-a-medicaid-afectarian-a-mas-de-28-millones-de-latinos\/","url":"https:\/\/canal7slp.tv\/2025\/ong-advierte-que-recortes-de-trump-a-medicaid-afectarian-a-mas-de-28-millones-de-latinos\/","name":"Ong advierte que recortes de Trump a Medicaid afectar\u00edan a m\u00e1s de 28 millones de latinos - Canal 7 SLP - 2025","isPartOf":{"@id":"https:\/\/canal7slp.tv\/2025\/#website"},"primaryImageOfPage":{"@id":"https:\/\/canal7slp.tv\/2025\/ong-advierte-que-recortes-de-trump-a-medicaid-afectarian-a-mas-de-28-millones-de-latinos\/#primaryimage"},"image":{"@id":"https:\/\/canal7slp.tv\/2025\/ong-advierte-que-recortes-de-trump-a-medicaid-afectarian-a-mas-de-28-millones-de-latinos\/#primaryimage"},"thumbnailUrl":"https:\/\/canal7slp.tv\/2025\/wp-content\/uploads\/2025\/05\/08-19.jpg","datePublished":"2025-05-21T23:14:09+00:00","dateModified":"2025-05-21T23:51:38+00:00","breadcrumb":{"@id":"https:\/\/canal7slp.tv\/2025\/ong-advierte-que-recortes-de-trump-a-medicaid-afectarian-a-mas-de-28-millones-de-latinos\/#breadcrumb"},"inLanguage":"es","potentialAction":[{"@type":"ReadAction","target":["https:\/\/canal7slp.tv\/2025\/ong-advierte-que-recortes-de-trump-a-medicaid-afectarian-a-mas-de-28-millones-de-latinos\/"]}]},{"@type":"ImageObject","inLanguage":"es","@id":"https:\/\/canal7slp.tv\/2025\/ong-advierte-que-recortes-de-trump-a-medicaid-afectarian-a-mas-de-28-millones-de-latinos\/#primaryimage","url":"https:\/\/canal7slp.tv\/2025\/wp-content\/uploads\/2025\/05\/08-19.jpg","contentUrl":"https:\/\/canal7slp.tv\/2025\/wp-content\/uploads\/2025\/05\/08-19.jpg","width":961,"height":410},{"@type":"BreadcrumbList","@id":"https:\/\/canal7slp.tv\/2025\/ong-advierte-que-recortes-de-trump-a-medicaid-afectarian-a-mas-de-28-millones-de-latinos\/#breadcrumb","itemListElement":[{"@type":"ListItem","position":1,"name":"Portada","item":"https:\/\/canal7slp.tv\/2025\/"},{"@type":"ListItem","position":2,"name":"Ong advierte que recortes de Trump a Medicaid afectar\u00edan a m\u00e1s de 28 millones de latinos"}]},{"@type":"WebSite","@id":"https:\/\/canal7slp.tv\/2025\/#website","url":"https:\/\/canal7slp.tv\/2025\/","name":"N7 - Noticieros Canal 7","description":"Somos el Medio","publisher":{"@id":"https:\/\/canal7slp.tv\/2025\/#organization"},"potentialAction":[{"@type":"SearchAction","target":{"@type":"EntryPoint","urlTemplate":"https:\/\/canal7slp.tv\/2025\/?s={search_term_string}"},"query-input":{"@type":"PropertyValueSpecification","valueRequired":true,"valueName":"search_term_string"}}],"inLanguage":"es"},{"@type":"Organization","@id":"https:\/\/canal7slp.tv\/2025\/#organization","name":"Noticieros Canal 7","url":"https:\/\/canal7slp.tv\/2025\/","logo":{"@type":"ImageObject","inLanguage":"es","@id":"https:\/\/canal7slp.tv\/2025\/#\/schema\/logo\/image\/","url":"https:\/\/canal7slp.tv\/2025\/wp-content\/uploads\/2021\/01\/logo-noticieros@2x.png","contentUrl":"https:\/\/canal7slp.tv\/2025\/wp-content\/uploads\/2021\/01\/logo-noticieros@2x.png","width":1017,"height":268,"caption":"Noticieros Canal 7"},"image":{"@id":"https:\/\/canal7slp.tv\/2025\/#\/schema\/logo\/image\/"},"sameAs":["https:\/\/www.facebook.com\/noticieroscanal7atencionciudadana\/","https:\/\/x.com\/NOTICIEROS7","https:\/\/www.instagram.com\/canal7_slp","https:\/\/www.youtube.com\/channel\/UCliiYs-gP3JfJeqdPrNdd5A"]},{"@type":"Person","@id":"https:\/\/canal7slp.tv\/2025\/#\/schema\/person\/271e2b60a96e7cc9d9ac296f4d7e414b","name":"Edici\u00f3n Web","image":{"@type":"ImageObject","inLanguage":"es","@id":"https:\/\/secure.gravatar.com\/avatar\/eee448fc3f7164808013b816ba91ac7e43bbe82a70bebac296f8bc6f0addaa1a?s=96&d=mm&r=g","url":"https:\/\/secure.gravatar.com\/avatar\/eee448fc3f7164808013b816ba91ac7e43bbe82a70bebac296f8bc6f0addaa1a?s=96&d=mm&r=g","contentUrl":"https:\/\/secure.gravatar.com\/avatar\/eee448fc3f7164808013b816ba91ac7e43bbe82a70bebac296f8bc6f0addaa1a?s=96&d=mm&r=g","caption":"Edici\u00f3n Web"},"url":"https:\/\/canal7slp.tv\/2025\/author\/edicionweb\/"}]}},"_links":{"self":[{"href":"https:\/\/canal7slp.tv\/2025\/wp-json\/wp\/v2\/posts\/168279","targetHints":{"allow":["GET"]}}],"collection":[{"href":"https:\/\/canal7slp.tv\/2025\/wp-json\/wp\/v2\/posts"}],"about":[{"href":"https:\/\/canal7slp.tv\/2025\/wp-json\/wp\/v2\/types\/post"}],"author":[{"embeddable":true,"href":"https:\/\/canal7slp.tv\/2025\/wp-json\/wp\/v2\/users\/2"}],"replies":[{"embeddable":true,"href":"https:\/\/canal7slp.tv\/2025\/wp-json\/wp\/v2\/comments?post=168279"}],"version-history":[{"count":1,"href":"https:\/\/canal7slp.tv\/2025\/wp-json\/wp\/v2\/posts\/168279\/revisions"}],"predecessor-version":[{"id":168295,"href":"https:\/\/canal7slp.tv\/2025\/wp-json\/wp\/v2\/posts\/168279\/revisions\/168295"}],"wp:featuredmedia":[{"embeddable":true,"href":"https:\/\/canal7slp.tv\/2025\/wp-json\/wp\/v2\/media\/168289"}],"wp:attachment":[{"href":"https:\/\/canal7slp.tv\/2025\/wp-json\/wp\/v2\/media?parent=168279"}],"wp:term":[{"taxonomy":"category","embeddable":true,"href":"https:\/\/canal7slp.tv\/2025\/wp-json\/wp\/v2\/categories?post=168279"},{"taxonomy":"post_tag","embeddable":true,"href":"https:\/\/canal7slp.tv\/2025\/wp-json\/wp\/v2\/tags?post=168279"}],"curies":[{"name":"wp","href":"https:\/\/api.w.org\/{rel}","templated":true}]}}