{"id":168276,"date":"2025-05-21T17:14:02","date_gmt":"2025-05-21T23:14:02","guid":{"rendered":"https:\/\/canal7slp.tv\/2025\/?p=168276"},"modified":"2025-05-21T17:51:13","modified_gmt":"2025-05-21T23:51:13","slug":"identifican-a-cuatro-involucrados-en-asesinato-de-funcionarios-cercanos-a-clara-brugada","status":"publish","type":"post","link":"https:\/\/canal7slp.tv\/2025\/identifican-a-cuatro-involucrados-en-asesinato-de-funcionarios-cercanos-a-clara-brugada\/","title":{"rendered":"Identifican a cuatro involucrados en asesinato de funcionarios cercanos a Clara Brugada"},"content":{"rendered":"<p style=\"text-align: justify;\">\n<p style=\"text-align: justify;\">Ciudad de M\u00e9xico.- La Fiscal\u00eda General de Justicia de la Ciudad de M\u00e9xico (FGJCDMX) y la Secretar\u00eda de Seguridad Ciudadana (SSC) confirmaron este mi\u00e9rcoles que al menos cuatro personas participaron en el asesinato de Ximena Guzm\u00e1n y Jos\u00e9 Mu\u00f1oz, funcionarios cercanos a la jefa de Gobierno capitalina, Clara Brugada.<\/p>\n<p style=\"text-align: justify;\">De acuerdo con el titular de la SSC, Pablo V\u00e1zquez, el ataque fue directo y con un alto grado de planeaci\u00f3n. Precis\u00f3 que uno de los implicados fue el autor material, mientras que los otros tres habr\u00edan colaborado en la log\u00edstica y conducci\u00f3n de los veh\u00edculos utilizados para perpetrar el crimen.<\/p>\n<p style=\"text-align: justify;\">Por su parte, la fiscal capitalina Bertha Alcalde Luj\u00e1n subray\u00f3 que los responsables actuaron con experiencia previa, lo que refuerza la hip\u00f3tesis de un crimen altamente coordinado y premeditado.<\/p>\n<p style=\"text-align: justify;\">El doble homicidio, ocurrido el martes, ha causado conmoci\u00f3n y reavivado el debate sobre la escalada de violencia e inseguridad en la capital y en el pa\u00eds, especialmente por tratarse de colaboradores de una figura pol\u00edtica de alto perfil como Clara Brugada.<\/p>\n","protected":false},"excerpt":{"rendered":"<p>Ciudad de M\u00e9xico.- La Fiscal\u00eda General de Justicia de la Ciudad de M\u00e9xico (FGJCDMX) y la Secretar\u00eda de Seguridad Ciudadana (SSC) confirmaron este mi\u00e9rcoles que al menos cuatro personas participaron en el asesinato de Ximena Guzm\u00e1n y Jos\u00e9 Mu\u00f1oz, funcionarios cercanos a la jefa de Gobierno capitalina, Clara Brugada. De acuerdo con el titular de la SSC, Pablo V\u00e1zquez, el ataque fue directo y con un alto grado de planeaci\u00f3n. Precis\u00f3 que uno de los implicados fue el autor material, mientras que los otros tres habr\u00edan colaborado en la log\u00edstica y conducci\u00f3n de los veh\u00edculos utilizados para perpetrar el crimen. [&hellip;]<\/p>\n","protected":false},"author":2,"featured_media":168286,"comment_status":"closed","ping_status":"closed","sticky":false,"template":"","format":"standard","meta":{"_monsterinsights_skip_tracking":false,"_monsterinsights_sitenote_active":false,"_monsterinsights_sitenote_note":"","_monsterinsights_sitenote_category":0,"footnotes":""},"categories":[46],"tags":[],"class_list":["post-168276","post","type-post","status-publish","format-standard","has-post-thumbnail","hentry","category-nacional","post--single"],"yoast_head":"<!-- This site is optimized with the Yoast SEO plugin v27.5 - https:\/\/yoast.com\/product\/yoast-seo-wordpress\/ -->\n<title>Identifican a cuatro involucrados en asesinato de funcionarios cercanos a Clara Brugada - Canal 7 SLP - 2025<\/title>\n<meta name=\"robots\" content=\"index, follow, max-snippet:-1, max-image-preview:large, max-video-preview:-1\" \/>\n<link rel=\"canonical\" href=\"https:\/\/canal7slp.tv\/2025\/identifican-a-cuatro-involucrados-en-asesinato-de-funcionarios-cercanos-a-clara-brugada\/\" \/>\n<meta property=\"og:locale\" content=\"es_ES\" \/>\n<meta property=\"og:type\" content=\"article\" \/>\n<meta property=\"og:title\" content=\"Identifican a cuatro involucrados en asesinato de funcionarios cercanos a Clara Brugada - Canal 7 SLP - 2025\" \/>\n<meta property=\"og:description\" content=\"Ciudad de M\u00e9xico.- La Fiscal\u00eda General de Justicia de la Ciudad de M\u00e9xico (FGJCDMX) y la Secretar\u00eda de Seguridad Ciudadana (SSC) confirmaron este mi\u00e9rcoles que al menos cuatro personas participaron en el asesinato de Ximena Guzm\u00e1n y Jos\u00e9 Mu\u00f1oz, funcionarios cercanos a la jefa de Gobierno capitalina, Clara Brugada. De acuerdo con el titular de la SSC, Pablo V\u00e1zquez, el ataque fue directo y con un alto grado de planeaci\u00f3n. Precis\u00f3 que uno de los implicados fue el autor material, mientras que los otros tres habr\u00edan colaborado en la log\u00edstica y conducci\u00f3n de los veh\u00edculos utilizados para perpetrar el crimen. [&hellip;]\" \/>\n<meta property=\"og:url\" content=\"https:\/\/canal7slp.tv\/2025\/identifican-a-cuatro-involucrados-en-asesinato-de-funcionarios-cercanos-a-clara-brugada\/\" \/>\n<meta property=\"og:site_name\" content=\"Canal 7 SLP - 2025\" \/>\n<meta property=\"article:publisher\" content=\"https:\/\/www.facebook.com\/noticieroscanal7atencionciudadana\/\" \/>\n<meta property=\"article:published_time\" content=\"2025-05-21T23:14:02+00:00\" \/>\n<meta property=\"article:modified_time\" content=\"2025-05-21T23:51:13+00:00\" \/>\n<meta property=\"og:image\" content=\"https:\/\/canal7slp.tv\/2025\/wp-content\/uploads\/2025\/05\/05-20.jpg\" \/>\n\t<meta property=\"og:image:width\" content=\"888\" \/>\n\t<meta property=\"og:image:height\" content=\"500\" \/>\n\t<meta property=\"og:image:type\" content=\"image\/jpeg\" \/>\n<meta name=\"author\" content=\"Edici\u00f3n Web\" \/>\n<meta name=\"twitter:card\" content=\"summary_large_image\" \/>\n<meta name=\"twitter:creator\" content=\"@NOTICIEROS7\" \/>\n<meta name=\"twitter:site\" content=\"@NOTICIEROS7\" \/>\n<meta name=\"twitter:label1\" content=\"Escrito por\" \/>\n\t<meta name=\"twitter:data1\" content=\"Edici\u00f3n Web\" \/>\n\t<meta name=\"twitter:label2\" content=\"Tiempo de lectura\" \/>\n\t<meta name=\"twitter:data2\" content=\"1 minuto\" \/>\n<script type=\"application\/ld+json\" class=\"yoast-schema-graph\">{\"@context\":\"https:\\\/\\\/schema.org\",\"@graph\":[{\"@type\":\"Article\",\"@id\":\"https:\\\/\\\/canal7slp.tv\\\/2025\\\/identifican-a-cuatro-involucrados-en-asesinato-de-funcionarios-cercanos-a-clara-brugada\\\/#article\",\"isPartOf\":{\"@id\":\"https:\\\/\\\/canal7slp.tv\\\/2025\\\/identifican-a-cuatro-involucrados-en-asesinato-de-funcionarios-cercanos-a-clara-brugada\\\/\"},\"author\":{\"name\":\"Edici\u00f3n Web\",\"@id\":\"https:\\\/\\\/canal7slp.tv\\\/2025\\\/#\\\/schema\\\/person\\\/271e2b60a96e7cc9d9ac296f4d7e414b\"},\"headline\":\"Identifican a cuatro involucrados en asesinato de funcionarios cercanos a Clara Brugada\",\"datePublished\":\"2025-05-21T23:14:02+00:00\",\"dateModified\":\"2025-05-21T23:51:13+00:00\",\"mainEntityOfPage\":{\"@id\":\"https:\\\/\\\/canal7slp.tv\\\/2025\\\/identifican-a-cuatro-involucrados-en-asesinato-de-funcionarios-cercanos-a-clara-brugada\\\/\"},\"wordCount\":202,\"publisher\":{\"@id\":\"https:\\\/\\\/canal7slp.tv\\\/2025\\\/#organization\"},\"image\":{\"@id\":\"https:\\\/\\\/canal7slp.tv\\\/2025\\\/identifican-a-cuatro-involucrados-en-asesinato-de-funcionarios-cercanos-a-clara-brugada\\\/#primaryimage\"},\"thumbnailUrl\":\"https:\\\/\\\/canal7slp.tv\\\/2025\\\/wp-content\\\/uploads\\\/2025\\\/05\\\/05-20.jpg\",\"articleSection\":[\"NACIONALES\"],\"inLanguage\":\"es\"},{\"@type\":\"WebPage\",\"@id\":\"https:\\\/\\\/canal7slp.tv\\\/2025\\\/identifican-a-cuatro-involucrados-en-asesinato-de-funcionarios-cercanos-a-clara-brugada\\\/\",\"url\":\"https:\\\/\\\/canal7slp.tv\\\/2025\\\/identifican-a-cuatro-involucrados-en-asesinato-de-funcionarios-cercanos-a-clara-brugada\\\/\",\"name\":\"Identifican a cuatro involucrados en asesinato de funcionarios cercanos a Clara Brugada - Canal 7 SLP - 2025\",\"isPartOf\":{\"@id\":\"https:\\\/\\\/canal7slp.tv\\\/2025\\\/#website\"},\"primaryImageOfPage\":{\"@id\":\"https:\\\/\\\/canal7slp.tv\\\/2025\\\/identifican-a-cuatro-involucrados-en-asesinato-de-funcionarios-cercanos-a-clara-brugada\\\/#primaryimage\"},\"image\":{\"@id\":\"https:\\\/\\\/canal7slp.tv\\\/2025\\\/identifican-a-cuatro-involucrados-en-asesinato-de-funcionarios-cercanos-a-clara-brugada\\\/#primaryimage\"},\"thumbnailUrl\":\"https:\\\/\\\/canal7slp.tv\\\/2025\\\/wp-content\\\/uploads\\\/2025\\\/05\\\/05-20.jpg\",\"datePublished\":\"2025-05-21T23:14:02+00:00\",\"dateModified\":\"2025-05-21T23:51:13+00:00\",\"breadcrumb\":{\"@id\":\"https:\\\/\\\/canal7slp.tv\\\/2025\\\/identifican-a-cuatro-involucrados-en-asesinato-de-funcionarios-cercanos-a-clara-brugada\\\/#breadcrumb\"},\"inLanguage\":\"es\",\"potentialAction\":[{\"@type\":\"ReadAction\",\"target\":[\"https:\\\/\\\/canal7slp.tv\\\/2025\\\/identifican-a-cuatro-involucrados-en-asesinato-de-funcionarios-cercanos-a-clara-brugada\\\/\"]}]},{\"@type\":\"ImageObject\",\"inLanguage\":\"es\",\"@id\":\"https:\\\/\\\/canal7slp.tv\\\/2025\\\/identifican-a-cuatro-involucrados-en-asesinato-de-funcionarios-cercanos-a-clara-brugada\\\/#primaryimage\",\"url\":\"https:\\\/\\\/canal7slp.tv\\\/2025\\\/wp-content\\\/uploads\\\/2025\\\/05\\\/05-20.jpg\",\"contentUrl\":\"https:\\\/\\\/canal7slp.tv\\\/2025\\\/wp-content\\\/uploads\\\/2025\\\/05\\\/05-20.jpg\",\"width\":888,\"height\":500},{\"@type\":\"BreadcrumbList\",\"@id\":\"https:\\\/\\\/canal7slp.tv\\\/2025\\\/identifican-a-cuatro-involucrados-en-asesinato-de-funcionarios-cercanos-a-clara-brugada\\\/#breadcrumb\",\"itemListElement\":[{\"@type\":\"ListItem\",\"position\":1,\"name\":\"Portada\",\"item\":\"https:\\\/\\\/canal7slp.tv\\\/2025\\\/\"},{\"@type\":\"ListItem\",\"position\":2,\"name\":\"Identifican a cuatro involucrados en asesinato de funcionarios cercanos a Clara Brugada\"}]},{\"@type\":\"WebSite\",\"@id\":\"https:\\\/\\\/canal7slp.tv\\\/2025\\\/#website\",\"url\":\"https:\\\/\\\/canal7slp.tv\\\/2025\\\/\",\"name\":\"N7 - Noticieros Canal 7\",\"description\":\"Somos el Medio\",\"publisher\":{\"@id\":\"https:\\\/\\\/canal7slp.tv\\\/2025\\\/#organization\"},\"potentialAction\":[{\"@type\":\"SearchAction\",\"target\":{\"@type\":\"EntryPoint\",\"urlTemplate\":\"https:\\\/\\\/canal7slp.tv\\\/2025\\\/?s={search_term_string}\"},\"query-input\":{\"@type\":\"PropertyValueSpecification\",\"valueRequired\":true,\"valueName\":\"search_term_string\"}}],\"inLanguage\":\"es\"},{\"@type\":\"Organization\",\"@id\":\"https:\\\/\\\/canal7slp.tv\\\/2025\\\/#organization\",\"name\":\"Noticieros Canal 7\",\"url\":\"https:\\\/\\\/canal7slp.tv\\\/2025\\\/\",\"logo\":{\"@type\":\"ImageObject\",\"inLanguage\":\"es\",\"@id\":\"https:\\\/\\\/canal7slp.tv\\\/2025\\\/#\\\/schema\\\/logo\\\/image\\\/\",\"url\":\"https:\\\/\\\/canal7slp.tv\\\/2025\\\/wp-content\\\/uploads\\\/2021\\\/01\\\/logo-noticieros@2x.png\",\"contentUrl\":\"https:\\\/\\\/canal7slp.tv\\\/2025\\\/wp-content\\\/uploads\\\/2021\\\/01\\\/logo-noticieros@2x.png\",\"width\":1017,\"height\":268,\"caption\":\"Noticieros Canal 7\"},\"image\":{\"@id\":\"https:\\\/\\\/canal7slp.tv\\\/2025\\\/#\\\/schema\\\/logo\\\/image\\\/\"},\"sameAs\":[\"https:\\\/\\\/www.facebook.com\\\/noticieroscanal7atencionciudadana\\\/\",\"https:\\\/\\\/x.com\\\/NOTICIEROS7\",\"https:\\\/\\\/www.instagram.com\\\/canal7_slp\",\"https:\\\/\\\/www.youtube.com\\\/channel\\\/UCliiYs-gP3JfJeqdPrNdd5A\"]},{\"@type\":\"Person\",\"@id\":\"https:\\\/\\\/canal7slp.tv\\\/2025\\\/#\\\/schema\\\/person\\\/271e2b60a96e7cc9d9ac296f4d7e414b\",\"name\":\"Edici\u00f3n Web\",\"image\":{\"@type\":\"ImageObject\",\"inLanguage\":\"es\",\"@id\":\"https:\\\/\\\/secure.gravatar.com\\\/avatar\\\/eee448fc3f7164808013b816ba91ac7e43bbe82a70bebac296f8bc6f0addaa1a?s=96&d=mm&r=g\",\"url\":\"https:\\\/\\\/secure.gravatar.com\\\/avatar\\\/eee448fc3f7164808013b816ba91ac7e43bbe82a70bebac296f8bc6f0addaa1a?s=96&d=mm&r=g\",\"contentUrl\":\"https:\\\/\\\/secure.gravatar.com\\\/avatar\\\/eee448fc3f7164808013b816ba91ac7e43bbe82a70bebac296f8bc6f0addaa1a?s=96&d=mm&r=g\",\"caption\":\"Edici\u00f3n Web\"},\"url\":\"https:\\\/\\\/canal7slp.tv\\\/2025\\\/author\\\/edicionweb\\\/\"}]}<\/script>\n<!-- \/ Yoast SEO plugin. -->","yoast_head_json":{"title":"Identifican a cuatro involucrados en asesinato de funcionarios cercanos a Clara Brugada - Canal 7 SLP - 2025","robots":{"index":"index","follow":"follow","max-snippet":"max-snippet:-1","max-image-preview":"max-image-preview:large","max-video-preview":"max-video-preview:-1"},"canonical":"https:\/\/canal7slp.tv\/2025\/identifican-a-cuatro-involucrados-en-asesinato-de-funcionarios-cercanos-a-clara-brugada\/","og_locale":"es_ES","og_type":"article","og_title":"Identifican a cuatro involucrados en asesinato de funcionarios cercanos a Clara Brugada - Canal 7 SLP - 2025","og_description":"Ciudad de M\u00e9xico.- La Fiscal\u00eda General de Justicia de la Ciudad de M\u00e9xico (FGJCDMX) y la Secretar\u00eda de Seguridad Ciudadana (SSC) confirmaron este mi\u00e9rcoles que al menos cuatro personas participaron en el asesinato de Ximena Guzm\u00e1n y Jos\u00e9 Mu\u00f1oz, funcionarios cercanos a la jefa de Gobierno capitalina, Clara Brugada. De acuerdo con el titular de la SSC, Pablo V\u00e1zquez, el ataque fue directo y con un alto grado de planeaci\u00f3n. Precis\u00f3 que uno de los implicados fue el autor material, mientras que los otros tres habr\u00edan colaborado en la log\u00edstica y conducci\u00f3n de los veh\u00edculos utilizados para perpetrar el crimen. [&hellip;]","og_url":"https:\/\/canal7slp.tv\/2025\/identifican-a-cuatro-involucrados-en-asesinato-de-funcionarios-cercanos-a-clara-brugada\/","og_site_name":"Canal 7 SLP - 2025","article_publisher":"https:\/\/www.facebook.com\/noticieroscanal7atencionciudadana\/","article_published_time":"2025-05-21T23:14:02+00:00","article_modified_time":"2025-05-21T23:51:13+00:00","og_image":[{"width":888,"height":500,"url":"https:\/\/canal7slp.tv\/2025\/wp-content\/uploads\/2025\/05\/05-20.jpg","type":"image\/jpeg"}],"author":"Edici\u00f3n Web","twitter_card":"summary_large_image","twitter_creator":"@NOTICIEROS7","twitter_site":"@NOTICIEROS7","twitter_misc":{"Escrito por":"Edici\u00f3n Web","Tiempo de lectura":"1 minuto"},"schema":{"@context":"https:\/\/schema.org","@graph":[{"@type":"Article","@id":"https:\/\/canal7slp.tv\/2025\/identifican-a-cuatro-involucrados-en-asesinato-de-funcionarios-cercanos-a-clara-brugada\/#article","isPartOf":{"@id":"https:\/\/canal7slp.tv\/2025\/identifican-a-cuatro-involucrados-en-asesinato-de-funcionarios-cercanos-a-clara-brugada\/"},"author":{"name":"Edici\u00f3n Web","@id":"https:\/\/canal7slp.tv\/2025\/#\/schema\/person\/271e2b60a96e7cc9d9ac296f4d7e414b"},"headline":"Identifican a cuatro involucrados en asesinato de funcionarios cercanos a Clara Brugada","datePublished":"2025-05-21T23:14:02+00:00","dateModified":"2025-05-21T23:51:13+00:00","mainEntityOfPage":{"@id":"https:\/\/canal7slp.tv\/2025\/identifican-a-cuatro-involucrados-en-asesinato-de-funcionarios-cercanos-a-clara-brugada\/"},"wordCount":202,"publisher":{"@id":"https:\/\/canal7slp.tv\/2025\/#organization"},"image":{"@id":"https:\/\/canal7slp.tv\/2025\/identifican-a-cuatro-involucrados-en-asesinato-de-funcionarios-cercanos-a-clara-brugada\/#primaryimage"},"thumbnailUrl":"https:\/\/canal7slp.tv\/2025\/wp-content\/uploads\/2025\/05\/05-20.jpg","articleSection":["NACIONALES"],"inLanguage":"es"},{"@type":"WebPage","@id":"https:\/\/canal7slp.tv\/2025\/identifican-a-cuatro-involucrados-en-asesinato-de-funcionarios-cercanos-a-clara-brugada\/","url":"https:\/\/canal7slp.tv\/2025\/identifican-a-cuatro-involucrados-en-asesinato-de-funcionarios-cercanos-a-clara-brugada\/","name":"Identifican a cuatro involucrados en asesinato de funcionarios cercanos a Clara Brugada - Canal 7 SLP - 2025","isPartOf":{"@id":"https:\/\/canal7slp.tv\/2025\/#website"},"primaryImageOfPage":{"@id":"https:\/\/canal7slp.tv\/2025\/identifican-a-cuatro-involucrados-en-asesinato-de-funcionarios-cercanos-a-clara-brugada\/#primaryimage"},"image":{"@id":"https:\/\/canal7slp.tv\/2025\/identifican-a-cuatro-involucrados-en-asesinato-de-funcionarios-cercanos-a-clara-brugada\/#primaryimage"},"thumbnailUrl":"https:\/\/canal7slp.tv\/2025\/wp-content\/uploads\/2025\/05\/05-20.jpg","datePublished":"2025-05-21T23:14:02+00:00","dateModified":"2025-05-21T23:51:13+00:00","breadcrumb":{"@id":"https:\/\/canal7slp.tv\/2025\/identifican-a-cuatro-involucrados-en-asesinato-de-funcionarios-cercanos-a-clara-brugada\/#breadcrumb"},"inLanguage":"es","potentialAction":[{"@type":"ReadAction","target":["https:\/\/canal7slp.tv\/2025\/identifican-a-cuatro-involucrados-en-asesinato-de-funcionarios-cercanos-a-clara-brugada\/"]}]},{"@type":"ImageObject","inLanguage":"es","@id":"https:\/\/canal7slp.tv\/2025\/identifican-a-cuatro-involucrados-en-asesinato-de-funcionarios-cercanos-a-clara-brugada\/#primaryimage","url":"https:\/\/canal7slp.tv\/2025\/wp-content\/uploads\/2025\/05\/05-20.jpg","contentUrl":"https:\/\/canal7slp.tv\/2025\/wp-content\/uploads\/2025\/05\/05-20.jpg","width":888,"height":500},{"@type":"BreadcrumbList","@id":"https:\/\/canal7slp.tv\/2025\/identifican-a-cuatro-involucrados-en-asesinato-de-funcionarios-cercanos-a-clara-brugada\/#breadcrumb","itemListElement":[{"@type":"ListItem","position":1,"name":"Portada","item":"https:\/\/canal7slp.tv\/2025\/"},{"@type":"ListItem","position":2,"name":"Identifican a cuatro involucrados en asesinato de funcionarios cercanos a Clara Brugada"}]},{"@type":"WebSite","@id":"https:\/\/canal7slp.tv\/2025\/#website","url":"https:\/\/canal7slp.tv\/2025\/","name":"N7 - Noticieros Canal 7","description":"Somos el Medio","publisher":{"@id":"https:\/\/canal7slp.tv\/2025\/#organization"},"potentialAction":[{"@type":"SearchAction","target":{"@type":"EntryPoint","urlTemplate":"https:\/\/canal7slp.tv\/2025\/?s={search_term_string}"},"query-input":{"@type":"PropertyValueSpecification","valueRequired":true,"valueName":"search_term_string"}}],"inLanguage":"es"},{"@type":"Organization","@id":"https:\/\/canal7slp.tv\/2025\/#organization","name":"Noticieros Canal 7","url":"https:\/\/canal7slp.tv\/2025\/","logo":{"@type":"ImageObject","inLanguage":"es","@id":"https:\/\/canal7slp.tv\/2025\/#\/schema\/logo\/image\/","url":"https:\/\/canal7slp.tv\/2025\/wp-content\/uploads\/2021\/01\/logo-noticieros@2x.png","contentUrl":"https:\/\/canal7slp.tv\/2025\/wp-content\/uploads\/2021\/01\/logo-noticieros@2x.png","width":1017,"height":268,"caption":"Noticieros Canal 7"},"image":{"@id":"https:\/\/canal7slp.tv\/2025\/#\/schema\/logo\/image\/"},"sameAs":["https:\/\/www.facebook.com\/noticieroscanal7atencionciudadana\/","https:\/\/x.com\/NOTICIEROS7","https:\/\/www.instagram.com\/canal7_slp","https:\/\/www.youtube.com\/channel\/UCliiYs-gP3JfJeqdPrNdd5A"]},{"@type":"Person","@id":"https:\/\/canal7slp.tv\/2025\/#\/schema\/person\/271e2b60a96e7cc9d9ac296f4d7e414b","name":"Edici\u00f3n Web","image":{"@type":"ImageObject","inLanguage":"es","@id":"https:\/\/secure.gravatar.com\/avatar\/eee448fc3f7164808013b816ba91ac7e43bbe82a70bebac296f8bc6f0addaa1a?s=96&d=mm&r=g","url":"https:\/\/secure.gravatar.com\/avatar\/eee448fc3f7164808013b816ba91ac7e43bbe82a70bebac296f8bc6f0addaa1a?s=96&d=mm&r=g","contentUrl":"https:\/\/secure.gravatar.com\/avatar\/eee448fc3f7164808013b816ba91ac7e43bbe82a70bebac296f8bc6f0addaa1a?s=96&d=mm&r=g","caption":"Edici\u00f3n Web"},"url":"https:\/\/canal7slp.tv\/2025\/author\/edicionweb\/"}]}},"_links":{"self":[{"href":"https:\/\/canal7slp.tv\/2025\/wp-json\/wp\/v2\/posts\/168276","targetHints":{"allow":["GET"]}}],"collection":[{"href":"https:\/\/canal7slp.tv\/2025\/wp-json\/wp\/v2\/posts"}],"about":[{"href":"https:\/\/canal7slp.tv\/2025\/wp-json\/wp\/v2\/types\/post"}],"author":[{"embeddable":true,"href":"https:\/\/canal7slp.tv\/2025\/wp-json\/wp\/v2\/users\/2"}],"replies":[{"embeddable":true,"href":"https:\/\/canal7slp.tv\/2025\/wp-json\/wp\/v2\/comments?post=168276"}],"version-history":[{"count":1,"href":"https:\/\/canal7slp.tv\/2025\/wp-json\/wp\/v2\/posts\/168276\/revisions"}],"predecessor-version":[{"id":168292,"href":"https:\/\/canal7slp.tv\/2025\/wp-json\/wp\/v2\/posts\/168276\/revisions\/168292"}],"wp:featuredmedia":[{"embeddable":true,"href":"https:\/\/canal7slp.tv\/2025\/wp-json\/wp\/v2\/media\/168286"}],"wp:attachment":[{"href":"https:\/\/canal7slp.tv\/2025\/wp-json\/wp\/v2\/media?parent=168276"}],"wp:term":[{"taxonomy":"category","embeddable":true,"href":"https:\/\/canal7slp.tv\/2025\/wp-json\/wp\/v2\/categories?post=168276"},{"taxonomy":"post_tag","embeddable":true,"href":"https:\/\/canal7slp.tv\/2025\/wp-json\/wp\/v2\/tags?post=168276"}],"curies":[{"name":"wp","href":"https:\/\/api.w.org\/{rel}","templated":true}]}}