{"id":168275,"date":"2025-05-21T17:12:50","date_gmt":"2025-05-21T23:12:50","guid":{"rendered":"https:\/\/canal7slp.tv\/2025\/?p=168275"},"modified":"2025-05-21T17:51:53","modified_gmt":"2025-05-21T23:51:53","slug":"aerolinea-privada-anuncia-nueva-ruta-de-dublin-a-cancun-a-partir-de-2026","status":"publish","type":"post","link":"https:\/\/canal7slp.tv\/2025\/aerolinea-privada-anuncia-nueva-ruta-de-dublin-a-cancun-a-partir-de-2026\/","title":{"rendered":"Aerol\u00ednea privada anuncia nueva ruta de Dubl\u00edn a Canc\u00fan a partir de 2026"},"content":{"rendered":"<p style=\"text-align: justify;\">\n<p style=\"text-align: justify;\">M\u00e9xico.- La aerol\u00ednea irlandesa Aer Lingus anunci\u00f3 este martes la apertura de una nueva ruta directa entre Dubl\u00edn y Canc\u00fan, que comenzar\u00e1 a operar el 6 de enero de 2026. El servicio contar\u00e1 con tres vuelos semanales hasta el 29 de abril, a bordo de aeronaves Airbus A330-300 de fuselaje ancho, con precios desde 291 euros por trayecto.<\/p>\n<p style=\"text-align: justify;\">La directora ejecutiva de la aerol\u00ednea, Lynne Embleton, destac\u00f3 que esta ruta responde al creciente inter\u00e9s de los viajeros por descubrir destinos estacionales fuera del pico de verano, y se\u00f1al\u00f3 a Canc\u00fan como un lugar ideal para los turistas irlandeses que buscan nuevas experiencias.<\/p>\n<p style=\"text-align: justify;\">Adem\u00e1s de beneficiar al mercado irland\u00e9s, la ruta tambi\u00e9n facilitar\u00e1 la llegada de pasajeros procedentes del Reino Unido y Europa continental, posicionando a Canc\u00fan como un punto clave de conexi\u00f3n para el turismo internacional. Si bien el operador Tui ya ofrece vuelos ch\u00e1rter desde Dubl\u00edn, Aer Lingus se convertir\u00e1 en la primera aerol\u00ednea en ofrecer vuelos directos regulares hacia este destino mexicano.<\/p>\n<p style=\"text-align: justify;\">La Embajada de M\u00e9xico en Dubl\u00edn celebr\u00f3 el anuncio, que coincide con el 50 aniversario del establecimiento de relaciones diplom\u00e1ticas entre M\u00e9xico e Irlanda. La embajadora Carolina Zaragoza Flores subray\u00f3 que esta conexi\u00f3n a\u00e9rea directa impulsar\u00e1 el turismo, las oportunidades de negocio y el intercambio cultural, fortaleciendo a\u00fan m\u00e1s la amistad bilateral.<\/p>\n<p style=\"text-align: justify;\">Por su parte, la gobernadora de Quintana Roo, Mara Lezama Espinosa, expres\u00f3 su compromiso de trabajar con Aer Lingus para asegurar el \u00e9xito de esta nueva ruta, destacando los beneficios que traer\u00e1 tanto al turismo como a las relaciones comerciales entre ambas naciones.<\/p>\n","protected":false},"excerpt":{"rendered":"<p>M\u00e9xico.- La aerol\u00ednea irlandesa Aer Lingus anunci\u00f3 este martes la apertura de una nueva ruta directa entre Dubl\u00edn y Canc\u00fan, que comenzar\u00e1 a operar el 6 de enero de 2026. El servicio contar\u00e1 con tres vuelos semanales hasta el 29 de abril, a bordo de aeronaves Airbus A330-300 de fuselaje ancho, con precios desde 291 euros por trayecto. La directora ejecutiva de la aerol\u00ednea, Lynne Embleton, destac\u00f3 que esta ruta responde al creciente inter\u00e9s de los viajeros por descubrir destinos estacionales fuera del pico de verano, y se\u00f1al\u00f3 a Canc\u00fan como un lugar ideal para los turistas irlandeses que buscan [&hellip;]<\/p>\n","protected":false},"author":2,"featured_media":168285,"comment_status":"closed","ping_status":"closed","sticky":false,"template":"","format":"standard","meta":{"_monsterinsights_skip_tracking":false,"_monsterinsights_sitenote_active":false,"_monsterinsights_sitenote_note":"","_monsterinsights_sitenote_category":0,"footnotes":""},"categories":[40,46],"tags":[],"class_list":["post-168275","post","type-post","status-publish","format-standard","has-post-thumbnail","hentry","category-economia","category-nacional","post--single"],"yoast_head":"<!-- This site is optimized with the Yoast SEO plugin v27.5 - https:\/\/yoast.com\/product\/yoast-seo-wordpress\/ -->\n<title>Aerol\u00ednea privada anuncia nueva ruta de Dubl\u00edn a Canc\u00fan a partir de 2026 - Canal 7 SLP - 2025<\/title>\n<meta name=\"robots\" content=\"index, follow, max-snippet:-1, max-image-preview:large, max-video-preview:-1\" \/>\n<link rel=\"canonical\" href=\"https:\/\/canal7slp.tv\/2025\/aerolinea-privada-anuncia-nueva-ruta-de-dublin-a-cancun-a-partir-de-2026\/\" \/>\n<meta property=\"og:locale\" content=\"es_ES\" \/>\n<meta property=\"og:type\" content=\"article\" \/>\n<meta property=\"og:title\" content=\"Aerol\u00ednea privada anuncia nueva ruta de Dubl\u00edn a Canc\u00fan a partir de 2026 - Canal 7 SLP - 2025\" \/>\n<meta property=\"og:description\" content=\"M\u00e9xico.- La aerol\u00ednea irlandesa Aer Lingus anunci\u00f3 este martes la apertura de una nueva ruta directa entre Dubl\u00edn y Canc\u00fan, que comenzar\u00e1 a operar el 6 de enero de 2026. El servicio contar\u00e1 con tres vuelos semanales hasta el 29 de abril, a bordo de aeronaves Airbus A330-300 de fuselaje ancho, con precios desde 291 euros por trayecto. La directora ejecutiva de la aerol\u00ednea, Lynne Embleton, destac\u00f3 que esta ruta responde al creciente inter\u00e9s de los viajeros por descubrir destinos estacionales fuera del pico de verano, y se\u00f1al\u00f3 a Canc\u00fan como un lugar ideal para los turistas irlandeses que buscan [&hellip;]\" \/>\n<meta property=\"og:url\" content=\"https:\/\/canal7slp.tv\/2025\/aerolinea-privada-anuncia-nueva-ruta-de-dublin-a-cancun-a-partir-de-2026\/\" \/>\n<meta property=\"og:site_name\" content=\"Canal 7 SLP - 2025\" \/>\n<meta property=\"article:publisher\" content=\"https:\/\/www.facebook.com\/noticieroscanal7atencionciudadana\/\" \/>\n<meta property=\"article:published_time\" content=\"2025-05-21T23:12:50+00:00\" \/>\n<meta property=\"article:modified_time\" content=\"2025-05-21T23:51:53+00:00\" \/>\n<meta property=\"og:image\" content=\"https:\/\/canal7slp.tv\/2025\/wp-content\/uploads\/2025\/05\/04-21.jpg\" \/>\n\t<meta property=\"og:image:width\" content=\"888\" \/>\n\t<meta property=\"og:image:height\" content=\"500\" \/>\n\t<meta property=\"og:image:type\" content=\"image\/jpeg\" \/>\n<meta name=\"author\" content=\"Edici\u00f3n Web\" \/>\n<meta name=\"twitter:card\" content=\"summary_large_image\" \/>\n<meta name=\"twitter:creator\" content=\"@NOTICIEROS7\" \/>\n<meta name=\"twitter:site\" content=\"@NOTICIEROS7\" \/>\n<meta name=\"twitter:label1\" content=\"Escrito por\" \/>\n\t<meta name=\"twitter:data1\" content=\"Edici\u00f3n Web\" \/>\n\t<meta name=\"twitter:label2\" content=\"Tiempo de lectura\" \/>\n\t<meta name=\"twitter:data2\" content=\"2 minutos\" \/>\n<script type=\"application\/ld+json\" class=\"yoast-schema-graph\">{\"@context\":\"https:\\\/\\\/schema.org\",\"@graph\":[{\"@type\":\"Article\",\"@id\":\"https:\\\/\\\/canal7slp.tv\\\/2025\\\/aerolinea-privada-anuncia-nueva-ruta-de-dublin-a-cancun-a-partir-de-2026\\\/#article\",\"isPartOf\":{\"@id\":\"https:\\\/\\\/canal7slp.tv\\\/2025\\\/aerolinea-privada-anuncia-nueva-ruta-de-dublin-a-cancun-a-partir-de-2026\\\/\"},\"author\":{\"name\":\"Edici\u00f3n Web\",\"@id\":\"https:\\\/\\\/canal7slp.tv\\\/2025\\\/#\\\/schema\\\/person\\\/271e2b60a96e7cc9d9ac296f4d7e414b\"},\"headline\":\"Aerol\u00ednea privada anuncia nueva ruta de Dubl\u00edn a Canc\u00fan a partir de 2026\",\"datePublished\":\"2025-05-21T23:12:50+00:00\",\"dateModified\":\"2025-05-21T23:51:53+00:00\",\"mainEntityOfPage\":{\"@id\":\"https:\\\/\\\/canal7slp.tv\\\/2025\\\/aerolinea-privada-anuncia-nueva-ruta-de-dublin-a-cancun-a-partir-de-2026\\\/\"},\"wordCount\":295,\"publisher\":{\"@id\":\"https:\\\/\\\/canal7slp.tv\\\/2025\\\/#organization\"},\"image\":{\"@id\":\"https:\\\/\\\/canal7slp.tv\\\/2025\\\/aerolinea-privada-anuncia-nueva-ruta-de-dublin-a-cancun-a-partir-de-2026\\\/#primaryimage\"},\"thumbnailUrl\":\"https:\\\/\\\/canal7slp.tv\\\/2025\\\/wp-content\\\/uploads\\\/2025\\\/05\\\/04-21.jpg\",\"articleSection\":[\"ECONOM\u00cdA\",\"NACIONALES\"],\"inLanguage\":\"es\"},{\"@type\":\"WebPage\",\"@id\":\"https:\\\/\\\/canal7slp.tv\\\/2025\\\/aerolinea-privada-anuncia-nueva-ruta-de-dublin-a-cancun-a-partir-de-2026\\\/\",\"url\":\"https:\\\/\\\/canal7slp.tv\\\/2025\\\/aerolinea-privada-anuncia-nueva-ruta-de-dublin-a-cancun-a-partir-de-2026\\\/\",\"name\":\"Aerol\u00ednea privada anuncia nueva ruta de Dubl\u00edn a Canc\u00fan a partir de 2026 - Canal 7 SLP - 2025\",\"isPartOf\":{\"@id\":\"https:\\\/\\\/canal7slp.tv\\\/2025\\\/#website\"},\"primaryImageOfPage\":{\"@id\":\"https:\\\/\\\/canal7slp.tv\\\/2025\\\/aerolinea-privada-anuncia-nueva-ruta-de-dublin-a-cancun-a-partir-de-2026\\\/#primaryimage\"},\"image\":{\"@id\":\"https:\\\/\\\/canal7slp.tv\\\/2025\\\/aerolinea-privada-anuncia-nueva-ruta-de-dublin-a-cancun-a-partir-de-2026\\\/#primaryimage\"},\"thumbnailUrl\":\"https:\\\/\\\/canal7slp.tv\\\/2025\\\/wp-content\\\/uploads\\\/2025\\\/05\\\/04-21.jpg\",\"datePublished\":\"2025-05-21T23:12:50+00:00\",\"dateModified\":\"2025-05-21T23:51:53+00:00\",\"breadcrumb\":{\"@id\":\"https:\\\/\\\/canal7slp.tv\\\/2025\\\/aerolinea-privada-anuncia-nueva-ruta-de-dublin-a-cancun-a-partir-de-2026\\\/#breadcrumb\"},\"inLanguage\":\"es\",\"potentialAction\":[{\"@type\":\"ReadAction\",\"target\":[\"https:\\\/\\\/canal7slp.tv\\\/2025\\\/aerolinea-privada-anuncia-nueva-ruta-de-dublin-a-cancun-a-partir-de-2026\\\/\"]}]},{\"@type\":\"ImageObject\",\"inLanguage\":\"es\",\"@id\":\"https:\\\/\\\/canal7slp.tv\\\/2025\\\/aerolinea-privada-anuncia-nueva-ruta-de-dublin-a-cancun-a-partir-de-2026\\\/#primaryimage\",\"url\":\"https:\\\/\\\/canal7slp.tv\\\/2025\\\/wp-content\\\/uploads\\\/2025\\\/05\\\/04-21.jpg\",\"contentUrl\":\"https:\\\/\\\/canal7slp.tv\\\/2025\\\/wp-content\\\/uploads\\\/2025\\\/05\\\/04-21.jpg\",\"width\":888,\"height\":500},{\"@type\":\"BreadcrumbList\",\"@id\":\"https:\\\/\\\/canal7slp.tv\\\/2025\\\/aerolinea-privada-anuncia-nueva-ruta-de-dublin-a-cancun-a-partir-de-2026\\\/#breadcrumb\",\"itemListElement\":[{\"@type\":\"ListItem\",\"position\":1,\"name\":\"Portada\",\"item\":\"https:\\\/\\\/canal7slp.tv\\\/2025\\\/\"},{\"@type\":\"ListItem\",\"position\":2,\"name\":\"Aerol\u00ednea privada anuncia nueva ruta de Dubl\u00edn a Canc\u00fan a partir de 2026\"}]},{\"@type\":\"WebSite\",\"@id\":\"https:\\\/\\\/canal7slp.tv\\\/2025\\\/#website\",\"url\":\"https:\\\/\\\/canal7slp.tv\\\/2025\\\/\",\"name\":\"N7 - Noticieros Canal 7\",\"description\":\"Somos el Medio\",\"publisher\":{\"@id\":\"https:\\\/\\\/canal7slp.tv\\\/2025\\\/#organization\"},\"potentialAction\":[{\"@type\":\"SearchAction\",\"target\":{\"@type\":\"EntryPoint\",\"urlTemplate\":\"https:\\\/\\\/canal7slp.tv\\\/2025\\\/?s={search_term_string}\"},\"query-input\":{\"@type\":\"PropertyValueSpecification\",\"valueRequired\":true,\"valueName\":\"search_term_string\"}}],\"inLanguage\":\"es\"},{\"@type\":\"Organization\",\"@id\":\"https:\\\/\\\/canal7slp.tv\\\/2025\\\/#organization\",\"name\":\"Noticieros Canal 7\",\"url\":\"https:\\\/\\\/canal7slp.tv\\\/2025\\\/\",\"logo\":{\"@type\":\"ImageObject\",\"inLanguage\":\"es\",\"@id\":\"https:\\\/\\\/canal7slp.tv\\\/2025\\\/#\\\/schema\\\/logo\\\/image\\\/\",\"url\":\"https:\\\/\\\/canal7slp.tv\\\/2025\\\/wp-content\\\/uploads\\\/2021\\\/01\\\/logo-noticieros@2x.png\",\"contentUrl\":\"https:\\\/\\\/canal7slp.tv\\\/2025\\\/wp-content\\\/uploads\\\/2021\\\/01\\\/logo-noticieros@2x.png\",\"width\":1017,\"height\":268,\"caption\":\"Noticieros Canal 7\"},\"image\":{\"@id\":\"https:\\\/\\\/canal7slp.tv\\\/2025\\\/#\\\/schema\\\/logo\\\/image\\\/\"},\"sameAs\":[\"https:\\\/\\\/www.facebook.com\\\/noticieroscanal7atencionciudadana\\\/\",\"https:\\\/\\\/x.com\\\/NOTICIEROS7\",\"https:\\\/\\\/www.instagram.com\\\/canal7_slp\",\"https:\\\/\\\/www.youtube.com\\\/channel\\\/UCliiYs-gP3JfJeqdPrNdd5A\"]},{\"@type\":\"Person\",\"@id\":\"https:\\\/\\\/canal7slp.tv\\\/2025\\\/#\\\/schema\\\/person\\\/271e2b60a96e7cc9d9ac296f4d7e414b\",\"name\":\"Edici\u00f3n Web\",\"image\":{\"@type\":\"ImageObject\",\"inLanguage\":\"es\",\"@id\":\"https:\\\/\\\/secure.gravatar.com\\\/avatar\\\/eee448fc3f7164808013b816ba91ac7e43bbe82a70bebac296f8bc6f0addaa1a?s=96&d=mm&r=g\",\"url\":\"https:\\\/\\\/secure.gravatar.com\\\/avatar\\\/eee448fc3f7164808013b816ba91ac7e43bbe82a70bebac296f8bc6f0addaa1a?s=96&d=mm&r=g\",\"contentUrl\":\"https:\\\/\\\/secure.gravatar.com\\\/avatar\\\/eee448fc3f7164808013b816ba91ac7e43bbe82a70bebac296f8bc6f0addaa1a?s=96&d=mm&r=g\",\"caption\":\"Edici\u00f3n Web\"},\"url\":\"https:\\\/\\\/canal7slp.tv\\\/2025\\\/author\\\/edicionweb\\\/\"}]}<\/script>\n<!-- \/ Yoast SEO plugin. -->","yoast_head_json":{"title":"Aerol\u00ednea privada anuncia nueva ruta de Dubl\u00edn a Canc\u00fan a partir de 2026 - Canal 7 SLP - 2025","robots":{"index":"index","follow":"follow","max-snippet":"max-snippet:-1","max-image-preview":"max-image-preview:large","max-video-preview":"max-video-preview:-1"},"canonical":"https:\/\/canal7slp.tv\/2025\/aerolinea-privada-anuncia-nueva-ruta-de-dublin-a-cancun-a-partir-de-2026\/","og_locale":"es_ES","og_type":"article","og_title":"Aerol\u00ednea privada anuncia nueva ruta de Dubl\u00edn a Canc\u00fan a partir de 2026 - Canal 7 SLP - 2025","og_description":"M\u00e9xico.- La aerol\u00ednea irlandesa Aer Lingus anunci\u00f3 este martes la apertura de una nueva ruta directa entre Dubl\u00edn y Canc\u00fan, que comenzar\u00e1 a operar el 6 de enero de 2026. El servicio contar\u00e1 con tres vuelos semanales hasta el 29 de abril, a bordo de aeronaves Airbus A330-300 de fuselaje ancho, con precios desde 291 euros por trayecto. La directora ejecutiva de la aerol\u00ednea, Lynne Embleton, destac\u00f3 que esta ruta responde al creciente inter\u00e9s de los viajeros por descubrir destinos estacionales fuera del pico de verano, y se\u00f1al\u00f3 a Canc\u00fan como un lugar ideal para los turistas irlandeses que buscan [&hellip;]","og_url":"https:\/\/canal7slp.tv\/2025\/aerolinea-privada-anuncia-nueva-ruta-de-dublin-a-cancun-a-partir-de-2026\/","og_site_name":"Canal 7 SLP - 2025","article_publisher":"https:\/\/www.facebook.com\/noticieroscanal7atencionciudadana\/","article_published_time":"2025-05-21T23:12:50+00:00","article_modified_time":"2025-05-21T23:51:53+00:00","og_image":[{"width":888,"height":500,"url":"https:\/\/canal7slp.tv\/2025\/wp-content\/uploads\/2025\/05\/04-21.jpg","type":"image\/jpeg"}],"author":"Edici\u00f3n Web","twitter_card":"summary_large_image","twitter_creator":"@NOTICIEROS7","twitter_site":"@NOTICIEROS7","twitter_misc":{"Escrito por":"Edici\u00f3n Web","Tiempo de lectura":"2 minutos"},"schema":{"@context":"https:\/\/schema.org","@graph":[{"@type":"Article","@id":"https:\/\/canal7slp.tv\/2025\/aerolinea-privada-anuncia-nueva-ruta-de-dublin-a-cancun-a-partir-de-2026\/#article","isPartOf":{"@id":"https:\/\/canal7slp.tv\/2025\/aerolinea-privada-anuncia-nueva-ruta-de-dublin-a-cancun-a-partir-de-2026\/"},"author":{"name":"Edici\u00f3n Web","@id":"https:\/\/canal7slp.tv\/2025\/#\/schema\/person\/271e2b60a96e7cc9d9ac296f4d7e414b"},"headline":"Aerol\u00ednea privada anuncia nueva ruta de Dubl\u00edn a Canc\u00fan a partir de 2026","datePublished":"2025-05-21T23:12:50+00:00","dateModified":"2025-05-21T23:51:53+00:00","mainEntityOfPage":{"@id":"https:\/\/canal7slp.tv\/2025\/aerolinea-privada-anuncia-nueva-ruta-de-dublin-a-cancun-a-partir-de-2026\/"},"wordCount":295,"publisher":{"@id":"https:\/\/canal7slp.tv\/2025\/#organization"},"image":{"@id":"https:\/\/canal7slp.tv\/2025\/aerolinea-privada-anuncia-nueva-ruta-de-dublin-a-cancun-a-partir-de-2026\/#primaryimage"},"thumbnailUrl":"https:\/\/canal7slp.tv\/2025\/wp-content\/uploads\/2025\/05\/04-21.jpg","articleSection":["ECONOM\u00cdA","NACIONALES"],"inLanguage":"es"},{"@type":"WebPage","@id":"https:\/\/canal7slp.tv\/2025\/aerolinea-privada-anuncia-nueva-ruta-de-dublin-a-cancun-a-partir-de-2026\/","url":"https:\/\/canal7slp.tv\/2025\/aerolinea-privada-anuncia-nueva-ruta-de-dublin-a-cancun-a-partir-de-2026\/","name":"Aerol\u00ednea privada anuncia nueva ruta de Dubl\u00edn a Canc\u00fan a partir de 2026 - Canal 7 SLP - 2025","isPartOf":{"@id":"https:\/\/canal7slp.tv\/2025\/#website"},"primaryImageOfPage":{"@id":"https:\/\/canal7slp.tv\/2025\/aerolinea-privada-anuncia-nueva-ruta-de-dublin-a-cancun-a-partir-de-2026\/#primaryimage"},"image":{"@id":"https:\/\/canal7slp.tv\/2025\/aerolinea-privada-anuncia-nueva-ruta-de-dublin-a-cancun-a-partir-de-2026\/#primaryimage"},"thumbnailUrl":"https:\/\/canal7slp.tv\/2025\/wp-content\/uploads\/2025\/05\/04-21.jpg","datePublished":"2025-05-21T23:12:50+00:00","dateModified":"2025-05-21T23:51:53+00:00","breadcrumb":{"@id":"https:\/\/canal7slp.tv\/2025\/aerolinea-privada-anuncia-nueva-ruta-de-dublin-a-cancun-a-partir-de-2026\/#breadcrumb"},"inLanguage":"es","potentialAction":[{"@type":"ReadAction","target":["https:\/\/canal7slp.tv\/2025\/aerolinea-privada-anuncia-nueva-ruta-de-dublin-a-cancun-a-partir-de-2026\/"]}]},{"@type":"ImageObject","inLanguage":"es","@id":"https:\/\/canal7slp.tv\/2025\/aerolinea-privada-anuncia-nueva-ruta-de-dublin-a-cancun-a-partir-de-2026\/#primaryimage","url":"https:\/\/canal7slp.tv\/2025\/wp-content\/uploads\/2025\/05\/04-21.jpg","contentUrl":"https:\/\/canal7slp.tv\/2025\/wp-content\/uploads\/2025\/05\/04-21.jpg","width":888,"height":500},{"@type":"BreadcrumbList","@id":"https:\/\/canal7slp.tv\/2025\/aerolinea-privada-anuncia-nueva-ruta-de-dublin-a-cancun-a-partir-de-2026\/#breadcrumb","itemListElement":[{"@type":"ListItem","position":1,"name":"Portada","item":"https:\/\/canal7slp.tv\/2025\/"},{"@type":"ListItem","position":2,"name":"Aerol\u00ednea privada anuncia nueva ruta de Dubl\u00edn a Canc\u00fan a partir de 2026"}]},{"@type":"WebSite","@id":"https:\/\/canal7slp.tv\/2025\/#website","url":"https:\/\/canal7slp.tv\/2025\/","name":"N7 - Noticieros Canal 7","description":"Somos el Medio","publisher":{"@id":"https:\/\/canal7slp.tv\/2025\/#organization"},"potentialAction":[{"@type":"SearchAction","target":{"@type":"EntryPoint","urlTemplate":"https:\/\/canal7slp.tv\/2025\/?s={search_term_string}"},"query-input":{"@type":"PropertyValueSpecification","valueRequired":true,"valueName":"search_term_string"}}],"inLanguage":"es"},{"@type":"Organization","@id":"https:\/\/canal7slp.tv\/2025\/#organization","name":"Noticieros Canal 7","url":"https:\/\/canal7slp.tv\/2025\/","logo":{"@type":"ImageObject","inLanguage":"es","@id":"https:\/\/canal7slp.tv\/2025\/#\/schema\/logo\/image\/","url":"https:\/\/canal7slp.tv\/2025\/wp-content\/uploads\/2021\/01\/logo-noticieros@2x.png","contentUrl":"https:\/\/canal7slp.tv\/2025\/wp-content\/uploads\/2021\/01\/logo-noticieros@2x.png","width":1017,"height":268,"caption":"Noticieros Canal 7"},"image":{"@id":"https:\/\/canal7slp.tv\/2025\/#\/schema\/logo\/image\/"},"sameAs":["https:\/\/www.facebook.com\/noticieroscanal7atencionciudadana\/","https:\/\/x.com\/NOTICIEROS7","https:\/\/www.instagram.com\/canal7_slp","https:\/\/www.youtube.com\/channel\/UCliiYs-gP3JfJeqdPrNdd5A"]},{"@type":"Person","@id":"https:\/\/canal7slp.tv\/2025\/#\/schema\/person\/271e2b60a96e7cc9d9ac296f4d7e414b","name":"Edici\u00f3n Web","image":{"@type":"ImageObject","inLanguage":"es","@id":"https:\/\/secure.gravatar.com\/avatar\/eee448fc3f7164808013b816ba91ac7e43bbe82a70bebac296f8bc6f0addaa1a?s=96&d=mm&r=g","url":"https:\/\/secure.gravatar.com\/avatar\/eee448fc3f7164808013b816ba91ac7e43bbe82a70bebac296f8bc6f0addaa1a?s=96&d=mm&r=g","contentUrl":"https:\/\/secure.gravatar.com\/avatar\/eee448fc3f7164808013b816ba91ac7e43bbe82a70bebac296f8bc6f0addaa1a?s=96&d=mm&r=g","caption":"Edici\u00f3n Web"},"url":"https:\/\/canal7slp.tv\/2025\/author\/edicionweb\/"}]}},"_links":{"self":[{"href":"https:\/\/canal7slp.tv\/2025\/wp-json\/wp\/v2\/posts\/168275","targetHints":{"allow":["GET"]}}],"collection":[{"href":"https:\/\/canal7slp.tv\/2025\/wp-json\/wp\/v2\/posts"}],"about":[{"href":"https:\/\/canal7slp.tv\/2025\/wp-json\/wp\/v2\/types\/post"}],"author":[{"embeddable":true,"href":"https:\/\/canal7slp.tv\/2025\/wp-json\/wp\/v2\/users\/2"}],"replies":[{"embeddable":true,"href":"https:\/\/canal7slp.tv\/2025\/wp-json\/wp\/v2\/comments?post=168275"}],"version-history":[{"count":1,"href":"https:\/\/canal7slp.tv\/2025\/wp-json\/wp\/v2\/posts\/168275\/revisions"}],"predecessor-version":[{"id":168291,"href":"https:\/\/canal7slp.tv\/2025\/wp-json\/wp\/v2\/posts\/168275\/revisions\/168291"}],"wp:featuredmedia":[{"embeddable":true,"href":"https:\/\/canal7slp.tv\/2025\/wp-json\/wp\/v2\/media\/168285"}],"wp:attachment":[{"href":"https:\/\/canal7slp.tv\/2025\/wp-json\/wp\/v2\/media?parent=168275"}],"wp:term":[{"taxonomy":"category","embeddable":true,"href":"https:\/\/canal7slp.tv\/2025\/wp-json\/wp\/v2\/categories?post=168275"},{"taxonomy":"post_tag","embeddable":true,"href":"https:\/\/canal7slp.tv\/2025\/wp-json\/wp\/v2\/tags?post=168275"}],"curies":[{"name":"wp","href":"https:\/\/api.w.org\/{rel}","templated":true}]}}