{"id":168274,"date":"2025-05-21T17:07:50","date_gmt":"2025-05-21T23:07:50","guid":{"rendered":"https:\/\/canal7slp.tv\/2025\/?p=168274"},"modified":"2025-05-21T17:51:13","modified_gmt":"2025-05-21T23:51:13","slug":"confirman-primera-muerte-por-sarampion-en-sonora","status":"publish","type":"post","link":"https:\/\/canal7slp.tv\/2025\/confirman-primera-muerte-por-sarampion-en-sonora\/","title":{"rendered":"Confirman primera muerte por sarampi\u00f3n en Sonora"},"content":{"rendered":"<p style=\"text-align: justify;\">\n<ul style=\"text-align: justify;\">\n<li>Ya son tres menores fallecidos en el norte del pa\u00eds.<\/li>\n<\/ul>\n<p style=\"text-align: justify;\">Hermosillo.- La Secretar\u00eda de Salud de Sonora confirm\u00f3 la primera muerte por sarampi\u00f3n en el estado, una menor de un a\u00f1o, hija de jornaleros agr\u00edcolas migrantes originarios de Chihuahua que trabajaban en el municipio de Cajeme. La ni\u00f1a, que padec\u00eda desnutrici\u00f3n severa y no hab\u00eda sido vacunada, tampoco fue llevada a recibir atenci\u00f3n m\u00e9dica, de acuerdo con las autoridades.<\/p>\n<p style=\"text-align: justify;\">Hasta el momento, Sonora ha registrado 21 casos importados de sarampi\u00f3n, lo que ha encendido las alertas sanitarias en la regi\u00f3n.<\/p>\n<p style=\"text-align: justify;\">Por su parte, la Secretar\u00eda de Salud de Chihuahua report\u00f3 el fallecimiento de dos menores m\u00e1s debido a complicaciones asociadas con el sarampi\u00f3n. Se trata de un ni\u00f1o de siete a\u00f1os y otro de 11 meses, ambos originarios de los municipios de Namiquipa y Ojinaga, y miembros de la comunidad menonita. Ninguno de los dos contaba con esquema de vacunaci\u00f3n.<\/p>\n<p style=\"text-align: justify;\">Ambos menores desarrollaron neumon\u00eda, y adem\u00e1s padec\u00edan enfermedades cr\u00f3nicas: uno ten\u00eda leucemia y el otro, una afecci\u00f3n renal. Los casos fueron notificados a la Direcci\u00f3n General de Epidemiolog\u00eda en la Ciudad de M\u00e9xico, que emiti\u00f3 un dictamen oficial tras el an\u00e1lisis cl\u00ednico y epidemiol\u00f3gico.<\/p>\n<p style=\"text-align: justify;\">Hasta el 19 de mayo, Chihuahua acumulaba mil 434 contagios de sarampi\u00f3n, de los cuales mil 187 pacientes ya se han recuperado.<\/p>\n","protected":false},"excerpt":{"rendered":"<p>Ya son tres menores fallecidos en el norte del pa\u00eds. Hermosillo.- La Secretar\u00eda de Salud de Sonora confirm\u00f3 la primera muerte por sarampi\u00f3n en el estado, una menor de un a\u00f1o, hija de jornaleros agr\u00edcolas migrantes originarios de Chihuahua que trabajaban en el municipio de Cajeme. La ni\u00f1a, que padec\u00eda desnutrici\u00f3n severa y no hab\u00eda sido vacunada, tampoco fue llevada a recibir atenci\u00f3n m\u00e9dica, de acuerdo con las autoridades. Hasta el momento, Sonora ha registrado 21 casos importados de sarampi\u00f3n, lo que ha encendido las alertas sanitarias en la regi\u00f3n. Por su parte, la Secretar\u00eda de Salud de Chihuahua report\u00f3 [&hellip;]<\/p>\n","protected":false},"author":2,"featured_media":168283,"comment_status":"closed","ping_status":"closed","sticky":false,"template":"","format":"standard","meta":{"_monsterinsights_skip_tracking":false,"_monsterinsights_sitenote_active":false,"_monsterinsights_sitenote_note":"","_monsterinsights_sitenote_category":0,"footnotes":""},"categories":[46],"tags":[],"class_list":["post-168274","post","type-post","status-publish","format-standard","has-post-thumbnail","hentry","category-nacional","post--single"],"yoast_head":"<!-- This site is optimized with the Yoast SEO plugin v27.5 - https:\/\/yoast.com\/product\/yoast-seo-wordpress\/ -->\n<title>Confirman primera muerte por sarampi\u00f3n en Sonora - Canal 7 SLP - 2025<\/title>\n<meta name=\"robots\" content=\"index, follow, max-snippet:-1, max-image-preview:large, max-video-preview:-1\" \/>\n<link rel=\"canonical\" href=\"https:\/\/canal7slp.tv\/2025\/confirman-primera-muerte-por-sarampion-en-sonora\/\" \/>\n<meta property=\"og:locale\" content=\"es_ES\" \/>\n<meta property=\"og:type\" content=\"article\" \/>\n<meta property=\"og:title\" content=\"Confirman primera muerte por sarampi\u00f3n en Sonora - Canal 7 SLP - 2025\" \/>\n<meta property=\"og:description\" content=\"Ya son tres menores fallecidos en el norte del pa\u00eds. Hermosillo.- La Secretar\u00eda de Salud de Sonora confirm\u00f3 la primera muerte por sarampi\u00f3n en el estado, una menor de un a\u00f1o, hija de jornaleros agr\u00edcolas migrantes originarios de Chihuahua que trabajaban en el municipio de Cajeme. La ni\u00f1a, que padec\u00eda desnutrici\u00f3n severa y no hab\u00eda sido vacunada, tampoco fue llevada a recibir atenci\u00f3n m\u00e9dica, de acuerdo con las autoridades. Hasta el momento, Sonora ha registrado 21 casos importados de sarampi\u00f3n, lo que ha encendido las alertas sanitarias en la regi\u00f3n. Por su parte, la Secretar\u00eda de Salud de Chihuahua report\u00f3 [&hellip;]\" \/>\n<meta property=\"og:url\" content=\"https:\/\/canal7slp.tv\/2025\/confirman-primera-muerte-por-sarampion-en-sonora\/\" \/>\n<meta property=\"og:site_name\" content=\"Canal 7 SLP - 2025\" \/>\n<meta property=\"article:publisher\" content=\"https:\/\/www.facebook.com\/noticieroscanal7atencionciudadana\/\" \/>\n<meta property=\"article:published_time\" content=\"2025-05-21T23:07:50+00:00\" \/>\n<meta property=\"article:modified_time\" content=\"2025-05-21T23:51:13+00:00\" \/>\n<meta property=\"og:image\" content=\"https:\/\/canal7slp.tv\/2025\/wp-content\/uploads\/2025\/05\/03-21.jpg\" \/>\n\t<meta property=\"og:image:width\" content=\"888\" \/>\n\t<meta property=\"og:image:height\" content=\"500\" \/>\n\t<meta property=\"og:image:type\" content=\"image\/jpeg\" \/>\n<meta name=\"author\" content=\"Edici\u00f3n Web\" \/>\n<meta name=\"twitter:card\" content=\"summary_large_image\" \/>\n<meta name=\"twitter:creator\" content=\"@NOTICIEROS7\" \/>\n<meta name=\"twitter:site\" content=\"@NOTICIEROS7\" \/>\n<meta name=\"twitter:label1\" content=\"Escrito por\" \/>\n\t<meta name=\"twitter:data1\" content=\"Edici\u00f3n Web\" \/>\n\t<meta name=\"twitter:label2\" content=\"Tiempo de lectura\" \/>\n\t<meta name=\"twitter:data2\" content=\"1 minuto\" \/>\n<script type=\"application\/ld+json\" class=\"yoast-schema-graph\">{\"@context\":\"https:\\\/\\\/schema.org\",\"@graph\":[{\"@type\":\"Article\",\"@id\":\"https:\\\/\\\/canal7slp.tv\\\/2025\\\/confirman-primera-muerte-por-sarampion-en-sonora\\\/#article\",\"isPartOf\":{\"@id\":\"https:\\\/\\\/canal7slp.tv\\\/2025\\\/confirman-primera-muerte-por-sarampion-en-sonora\\\/\"},\"author\":{\"name\":\"Edici\u00f3n Web\",\"@id\":\"https:\\\/\\\/canal7slp.tv\\\/2025\\\/#\\\/schema\\\/person\\\/271e2b60a96e7cc9d9ac296f4d7e414b\"},\"headline\":\"Confirman primera muerte por sarampi\u00f3n en Sonora\",\"datePublished\":\"2025-05-21T23:07:50+00:00\",\"dateModified\":\"2025-05-21T23:51:13+00:00\",\"mainEntityOfPage\":{\"@id\":\"https:\\\/\\\/canal7slp.tv\\\/2025\\\/confirman-primera-muerte-por-sarampion-en-sonora\\\/\"},\"wordCount\":252,\"publisher\":{\"@id\":\"https:\\\/\\\/canal7slp.tv\\\/2025\\\/#organization\"},\"image\":{\"@id\":\"https:\\\/\\\/canal7slp.tv\\\/2025\\\/confirman-primera-muerte-por-sarampion-en-sonora\\\/#primaryimage\"},\"thumbnailUrl\":\"https:\\\/\\\/canal7slp.tv\\\/2025\\\/wp-content\\\/uploads\\\/2025\\\/05\\\/03-21.jpg\",\"articleSection\":[\"NACIONALES\"],\"inLanguage\":\"es\"},{\"@type\":\"WebPage\",\"@id\":\"https:\\\/\\\/canal7slp.tv\\\/2025\\\/confirman-primera-muerte-por-sarampion-en-sonora\\\/\",\"url\":\"https:\\\/\\\/canal7slp.tv\\\/2025\\\/confirman-primera-muerte-por-sarampion-en-sonora\\\/\",\"name\":\"Confirman primera muerte por sarampi\u00f3n en Sonora - Canal 7 SLP - 2025\",\"isPartOf\":{\"@id\":\"https:\\\/\\\/canal7slp.tv\\\/2025\\\/#website\"},\"primaryImageOfPage\":{\"@id\":\"https:\\\/\\\/canal7slp.tv\\\/2025\\\/confirman-primera-muerte-por-sarampion-en-sonora\\\/#primaryimage\"},\"image\":{\"@id\":\"https:\\\/\\\/canal7slp.tv\\\/2025\\\/confirman-primera-muerte-por-sarampion-en-sonora\\\/#primaryimage\"},\"thumbnailUrl\":\"https:\\\/\\\/canal7slp.tv\\\/2025\\\/wp-content\\\/uploads\\\/2025\\\/05\\\/03-21.jpg\",\"datePublished\":\"2025-05-21T23:07:50+00:00\",\"dateModified\":\"2025-05-21T23:51:13+00:00\",\"breadcrumb\":{\"@id\":\"https:\\\/\\\/canal7slp.tv\\\/2025\\\/confirman-primera-muerte-por-sarampion-en-sonora\\\/#breadcrumb\"},\"inLanguage\":\"es\",\"potentialAction\":[{\"@type\":\"ReadAction\",\"target\":[\"https:\\\/\\\/canal7slp.tv\\\/2025\\\/confirman-primera-muerte-por-sarampion-en-sonora\\\/\"]}]},{\"@type\":\"ImageObject\",\"inLanguage\":\"es\",\"@id\":\"https:\\\/\\\/canal7slp.tv\\\/2025\\\/confirman-primera-muerte-por-sarampion-en-sonora\\\/#primaryimage\",\"url\":\"https:\\\/\\\/canal7slp.tv\\\/2025\\\/wp-content\\\/uploads\\\/2025\\\/05\\\/03-21.jpg\",\"contentUrl\":\"https:\\\/\\\/canal7slp.tv\\\/2025\\\/wp-content\\\/uploads\\\/2025\\\/05\\\/03-21.jpg\",\"width\":888,\"height\":500},{\"@type\":\"BreadcrumbList\",\"@id\":\"https:\\\/\\\/canal7slp.tv\\\/2025\\\/confirman-primera-muerte-por-sarampion-en-sonora\\\/#breadcrumb\",\"itemListElement\":[{\"@type\":\"ListItem\",\"position\":1,\"name\":\"Portada\",\"item\":\"https:\\\/\\\/canal7slp.tv\\\/2025\\\/\"},{\"@type\":\"ListItem\",\"position\":2,\"name\":\"Confirman primera muerte por sarampi\u00f3n en Sonora\"}]},{\"@type\":\"WebSite\",\"@id\":\"https:\\\/\\\/canal7slp.tv\\\/2025\\\/#website\",\"url\":\"https:\\\/\\\/canal7slp.tv\\\/2025\\\/\",\"name\":\"N7 - Noticieros Canal 7\",\"description\":\"Somos el Medio\",\"publisher\":{\"@id\":\"https:\\\/\\\/canal7slp.tv\\\/2025\\\/#organization\"},\"potentialAction\":[{\"@type\":\"SearchAction\",\"target\":{\"@type\":\"EntryPoint\",\"urlTemplate\":\"https:\\\/\\\/canal7slp.tv\\\/2025\\\/?s={search_term_string}\"},\"query-input\":{\"@type\":\"PropertyValueSpecification\",\"valueRequired\":true,\"valueName\":\"search_term_string\"}}],\"inLanguage\":\"es\"},{\"@type\":\"Organization\",\"@id\":\"https:\\\/\\\/canal7slp.tv\\\/2025\\\/#organization\",\"name\":\"Noticieros Canal 7\",\"url\":\"https:\\\/\\\/canal7slp.tv\\\/2025\\\/\",\"logo\":{\"@type\":\"ImageObject\",\"inLanguage\":\"es\",\"@id\":\"https:\\\/\\\/canal7slp.tv\\\/2025\\\/#\\\/schema\\\/logo\\\/image\\\/\",\"url\":\"https:\\\/\\\/canal7slp.tv\\\/2025\\\/wp-content\\\/uploads\\\/2021\\\/01\\\/logo-noticieros@2x.png\",\"contentUrl\":\"https:\\\/\\\/canal7slp.tv\\\/2025\\\/wp-content\\\/uploads\\\/2021\\\/01\\\/logo-noticieros@2x.png\",\"width\":1017,\"height\":268,\"caption\":\"Noticieros Canal 7\"},\"image\":{\"@id\":\"https:\\\/\\\/canal7slp.tv\\\/2025\\\/#\\\/schema\\\/logo\\\/image\\\/\"},\"sameAs\":[\"https:\\\/\\\/www.facebook.com\\\/noticieroscanal7atencionciudadana\\\/\",\"https:\\\/\\\/x.com\\\/NOTICIEROS7\",\"https:\\\/\\\/www.instagram.com\\\/canal7_slp\",\"https:\\\/\\\/www.youtube.com\\\/channel\\\/UCliiYs-gP3JfJeqdPrNdd5A\"]},{\"@type\":\"Person\",\"@id\":\"https:\\\/\\\/canal7slp.tv\\\/2025\\\/#\\\/schema\\\/person\\\/271e2b60a96e7cc9d9ac296f4d7e414b\",\"name\":\"Edici\u00f3n Web\",\"image\":{\"@type\":\"ImageObject\",\"inLanguage\":\"es\",\"@id\":\"https:\\\/\\\/secure.gravatar.com\\\/avatar\\\/eee448fc3f7164808013b816ba91ac7e43bbe82a70bebac296f8bc6f0addaa1a?s=96&d=mm&r=g\",\"url\":\"https:\\\/\\\/secure.gravatar.com\\\/avatar\\\/eee448fc3f7164808013b816ba91ac7e43bbe82a70bebac296f8bc6f0addaa1a?s=96&d=mm&r=g\",\"contentUrl\":\"https:\\\/\\\/secure.gravatar.com\\\/avatar\\\/eee448fc3f7164808013b816ba91ac7e43bbe82a70bebac296f8bc6f0addaa1a?s=96&d=mm&r=g\",\"caption\":\"Edici\u00f3n Web\"},\"url\":\"https:\\\/\\\/canal7slp.tv\\\/2025\\\/author\\\/edicionweb\\\/\"}]}<\/script>\n<!-- \/ Yoast SEO plugin. -->","yoast_head_json":{"title":"Confirman primera muerte por sarampi\u00f3n en Sonora - Canal 7 SLP - 2025","robots":{"index":"index","follow":"follow","max-snippet":"max-snippet:-1","max-image-preview":"max-image-preview:large","max-video-preview":"max-video-preview:-1"},"canonical":"https:\/\/canal7slp.tv\/2025\/confirman-primera-muerte-por-sarampion-en-sonora\/","og_locale":"es_ES","og_type":"article","og_title":"Confirman primera muerte por sarampi\u00f3n en Sonora - Canal 7 SLP - 2025","og_description":"Ya son tres menores fallecidos en el norte del pa\u00eds. Hermosillo.- La Secretar\u00eda de Salud de Sonora confirm\u00f3 la primera muerte por sarampi\u00f3n en el estado, una menor de un a\u00f1o, hija de jornaleros agr\u00edcolas migrantes originarios de Chihuahua que trabajaban en el municipio de Cajeme. La ni\u00f1a, que padec\u00eda desnutrici\u00f3n severa y no hab\u00eda sido vacunada, tampoco fue llevada a recibir atenci\u00f3n m\u00e9dica, de acuerdo con las autoridades. Hasta el momento, Sonora ha registrado 21 casos importados de sarampi\u00f3n, lo que ha encendido las alertas sanitarias en la regi\u00f3n. Por su parte, la Secretar\u00eda de Salud de Chihuahua report\u00f3 [&hellip;]","og_url":"https:\/\/canal7slp.tv\/2025\/confirman-primera-muerte-por-sarampion-en-sonora\/","og_site_name":"Canal 7 SLP - 2025","article_publisher":"https:\/\/www.facebook.com\/noticieroscanal7atencionciudadana\/","article_published_time":"2025-05-21T23:07:50+00:00","article_modified_time":"2025-05-21T23:51:13+00:00","og_image":[{"width":888,"height":500,"url":"https:\/\/canal7slp.tv\/2025\/wp-content\/uploads\/2025\/05\/03-21.jpg","type":"image\/jpeg"}],"author":"Edici\u00f3n Web","twitter_card":"summary_large_image","twitter_creator":"@NOTICIEROS7","twitter_site":"@NOTICIEROS7","twitter_misc":{"Escrito por":"Edici\u00f3n Web","Tiempo de lectura":"1 minuto"},"schema":{"@context":"https:\/\/schema.org","@graph":[{"@type":"Article","@id":"https:\/\/canal7slp.tv\/2025\/confirman-primera-muerte-por-sarampion-en-sonora\/#article","isPartOf":{"@id":"https:\/\/canal7slp.tv\/2025\/confirman-primera-muerte-por-sarampion-en-sonora\/"},"author":{"name":"Edici\u00f3n Web","@id":"https:\/\/canal7slp.tv\/2025\/#\/schema\/person\/271e2b60a96e7cc9d9ac296f4d7e414b"},"headline":"Confirman primera muerte por sarampi\u00f3n en Sonora","datePublished":"2025-05-21T23:07:50+00:00","dateModified":"2025-05-21T23:51:13+00:00","mainEntityOfPage":{"@id":"https:\/\/canal7slp.tv\/2025\/confirman-primera-muerte-por-sarampion-en-sonora\/"},"wordCount":252,"publisher":{"@id":"https:\/\/canal7slp.tv\/2025\/#organization"},"image":{"@id":"https:\/\/canal7slp.tv\/2025\/confirman-primera-muerte-por-sarampion-en-sonora\/#primaryimage"},"thumbnailUrl":"https:\/\/canal7slp.tv\/2025\/wp-content\/uploads\/2025\/05\/03-21.jpg","articleSection":["NACIONALES"],"inLanguage":"es"},{"@type":"WebPage","@id":"https:\/\/canal7slp.tv\/2025\/confirman-primera-muerte-por-sarampion-en-sonora\/","url":"https:\/\/canal7slp.tv\/2025\/confirman-primera-muerte-por-sarampion-en-sonora\/","name":"Confirman primera muerte por sarampi\u00f3n en Sonora - Canal 7 SLP - 2025","isPartOf":{"@id":"https:\/\/canal7slp.tv\/2025\/#website"},"primaryImageOfPage":{"@id":"https:\/\/canal7slp.tv\/2025\/confirman-primera-muerte-por-sarampion-en-sonora\/#primaryimage"},"image":{"@id":"https:\/\/canal7slp.tv\/2025\/confirman-primera-muerte-por-sarampion-en-sonora\/#primaryimage"},"thumbnailUrl":"https:\/\/canal7slp.tv\/2025\/wp-content\/uploads\/2025\/05\/03-21.jpg","datePublished":"2025-05-21T23:07:50+00:00","dateModified":"2025-05-21T23:51:13+00:00","breadcrumb":{"@id":"https:\/\/canal7slp.tv\/2025\/confirman-primera-muerte-por-sarampion-en-sonora\/#breadcrumb"},"inLanguage":"es","potentialAction":[{"@type":"ReadAction","target":["https:\/\/canal7slp.tv\/2025\/confirman-primera-muerte-por-sarampion-en-sonora\/"]}]},{"@type":"ImageObject","inLanguage":"es","@id":"https:\/\/canal7slp.tv\/2025\/confirman-primera-muerte-por-sarampion-en-sonora\/#primaryimage","url":"https:\/\/canal7slp.tv\/2025\/wp-content\/uploads\/2025\/05\/03-21.jpg","contentUrl":"https:\/\/canal7slp.tv\/2025\/wp-content\/uploads\/2025\/05\/03-21.jpg","width":888,"height":500},{"@type":"BreadcrumbList","@id":"https:\/\/canal7slp.tv\/2025\/confirman-primera-muerte-por-sarampion-en-sonora\/#breadcrumb","itemListElement":[{"@type":"ListItem","position":1,"name":"Portada","item":"https:\/\/canal7slp.tv\/2025\/"},{"@type":"ListItem","position":2,"name":"Confirman primera muerte por sarampi\u00f3n en Sonora"}]},{"@type":"WebSite","@id":"https:\/\/canal7slp.tv\/2025\/#website","url":"https:\/\/canal7slp.tv\/2025\/","name":"N7 - Noticieros Canal 7","description":"Somos el Medio","publisher":{"@id":"https:\/\/canal7slp.tv\/2025\/#organization"},"potentialAction":[{"@type":"SearchAction","target":{"@type":"EntryPoint","urlTemplate":"https:\/\/canal7slp.tv\/2025\/?s={search_term_string}"},"query-input":{"@type":"PropertyValueSpecification","valueRequired":true,"valueName":"search_term_string"}}],"inLanguage":"es"},{"@type":"Organization","@id":"https:\/\/canal7slp.tv\/2025\/#organization","name":"Noticieros Canal 7","url":"https:\/\/canal7slp.tv\/2025\/","logo":{"@type":"ImageObject","inLanguage":"es","@id":"https:\/\/canal7slp.tv\/2025\/#\/schema\/logo\/image\/","url":"https:\/\/canal7slp.tv\/2025\/wp-content\/uploads\/2021\/01\/logo-noticieros@2x.png","contentUrl":"https:\/\/canal7slp.tv\/2025\/wp-content\/uploads\/2021\/01\/logo-noticieros@2x.png","width":1017,"height":268,"caption":"Noticieros Canal 7"},"image":{"@id":"https:\/\/canal7slp.tv\/2025\/#\/schema\/logo\/image\/"},"sameAs":["https:\/\/www.facebook.com\/noticieroscanal7atencionciudadana\/","https:\/\/x.com\/NOTICIEROS7","https:\/\/www.instagram.com\/canal7_slp","https:\/\/www.youtube.com\/channel\/UCliiYs-gP3JfJeqdPrNdd5A"]},{"@type":"Person","@id":"https:\/\/canal7slp.tv\/2025\/#\/schema\/person\/271e2b60a96e7cc9d9ac296f4d7e414b","name":"Edici\u00f3n Web","image":{"@type":"ImageObject","inLanguage":"es","@id":"https:\/\/secure.gravatar.com\/avatar\/eee448fc3f7164808013b816ba91ac7e43bbe82a70bebac296f8bc6f0addaa1a?s=96&d=mm&r=g","url":"https:\/\/secure.gravatar.com\/avatar\/eee448fc3f7164808013b816ba91ac7e43bbe82a70bebac296f8bc6f0addaa1a?s=96&d=mm&r=g","contentUrl":"https:\/\/secure.gravatar.com\/avatar\/eee448fc3f7164808013b816ba91ac7e43bbe82a70bebac296f8bc6f0addaa1a?s=96&d=mm&r=g","caption":"Edici\u00f3n Web"},"url":"https:\/\/canal7slp.tv\/2025\/author\/edicionweb\/"}]}},"_links":{"self":[{"href":"https:\/\/canal7slp.tv\/2025\/wp-json\/wp\/v2\/posts\/168274","targetHints":{"allow":["GET"]}}],"collection":[{"href":"https:\/\/canal7slp.tv\/2025\/wp-json\/wp\/v2\/posts"}],"about":[{"href":"https:\/\/canal7slp.tv\/2025\/wp-json\/wp\/v2\/types\/post"}],"author":[{"embeddable":true,"href":"https:\/\/canal7slp.tv\/2025\/wp-json\/wp\/v2\/users\/2"}],"replies":[{"embeddable":true,"href":"https:\/\/canal7slp.tv\/2025\/wp-json\/wp\/v2\/comments?post=168274"}],"version-history":[{"count":1,"href":"https:\/\/canal7slp.tv\/2025\/wp-json\/wp\/v2\/posts\/168274\/revisions"}],"predecessor-version":[{"id":168284,"href":"https:\/\/canal7slp.tv\/2025\/wp-json\/wp\/v2\/posts\/168274\/revisions\/168284"}],"wp:featuredmedia":[{"embeddable":true,"href":"https:\/\/canal7slp.tv\/2025\/wp-json\/wp\/v2\/media\/168283"}],"wp:attachment":[{"href":"https:\/\/canal7slp.tv\/2025\/wp-json\/wp\/v2\/media?parent=168274"}],"wp:term":[{"taxonomy":"category","embeddable":true,"href":"https:\/\/canal7slp.tv\/2025\/wp-json\/wp\/v2\/categories?post=168274"},{"taxonomy":"post_tag","embeddable":true,"href":"https:\/\/canal7slp.tv\/2025\/wp-json\/wp\/v2\/tags?post=168274"}],"curies":[{"name":"wp","href":"https:\/\/api.w.org\/{rel}","templated":true}]}}