{"id":168271,"date":"2025-05-21T17:01:38","date_gmt":"2025-05-21T23:01:38","guid":{"rendered":"https:\/\/canal7slp.tv\/2025\/?p=168271"},"modified":"2025-05-21T17:01:38","modified_gmt":"2025-05-21T23:01:38","slug":"marco-rubio-anuncia-visita-oficial-a-mexico-para-reforzar-cooperacion-en-seguridad","status":"publish","type":"post","link":"https:\/\/canal7slp.tv\/2025\/marco-rubio-anuncia-visita-oficial-a-mexico-para-reforzar-cooperacion-en-seguridad\/","title":{"rendered":"Marco Rubio anuncia visita oficial a M\u00e9xico para reforzar cooperaci\u00f3n en seguridad"},"content":{"rendered":"<p style=\"text-align: justify;\">\n<p style=\"text-align: justify;\">EUA.- El secretario de Estado de Estados Unidos, Marco Rubio, anunci\u00f3 en una audiencia ante la C\u00e1mara de Representantes que realizar\u00e1 su primera visita oficial a M\u00e9xico en las pr\u00f3ximas semanas, con el objetivo de fortalecer la cooperaci\u00f3n bilateral en materia de seguridad.<\/p>\n<p style=\"text-align: justify;\">Durante su intervenci\u00f3n, Rubio elogi\u00f3 a la presidenta Claudia Sheinbaum, calificando como \u201cbastante positiva\u201d su respuesta ante las preocupaciones de seguridad planteadas por la Administraci\u00f3n Trump. Asimismo, destac\u00f3 la disposici\u00f3n del gobierno mexicano para colaborar en temas sensibles relacionados con la seguridad regional.<\/p>\n<p style=\"text-align: justify;\">En su visita, Rubio prev\u00e9 reunirse con integrantes del gabinete mexicano para abordar temas clave. Aunque no descart\u00f3 tratar el asunto migratorio, subray\u00f3 que las prioridades para Estados Unidos son el comercio y la seguridad.<\/p>\n<p style=\"text-align: justify;\">El funcionario expres\u00f3 preocupaci\u00f3n por el tr\u00e1fico de armas provenientes de Estados Unidos hacia los c\u00e1rteles mexicanos, a los que calific\u00f3 como una amenaza directa. En este sentido, se\u00f1al\u00f3 que su pa\u00eds est\u00e1 interesado en detener el flujo de armamento que fortalece a estas organizaciones criminales.<\/p>\n<p style=\"text-align: justify;\">Rubio tambi\u00e9n hizo referencia a la violencia pol\u00edtica en M\u00e9xico, citando el asesinato reciente de dos colaboradores de la alcaldesa capitalina, Clara Brugada, como un reflejo de la compleja situaci\u00f3n de seguridad en el pa\u00eds.<\/p>\n<p style=\"text-align: justify;\">Finalmente, afirm\u00f3 que actualmente existe una colaboraci\u00f3n sin precedentes con las autoridades mexicanas en la captura y extradici\u00f3n de criminales buscados por Estados Unidos, y que esta cooperaci\u00f3n ser\u00e1 un eje central de su pr\u00f3xima visita.<\/p>\n","protected":false},"excerpt":{"rendered":"<p>EUA.- El secretario de Estado de Estados Unidos, Marco Rubio, anunci\u00f3 en una audiencia ante la C\u00e1mara de Representantes que realizar\u00e1 su primera visita oficial a M\u00e9xico en las pr\u00f3ximas semanas, con el objetivo de fortalecer la cooperaci\u00f3n bilateral en materia de seguridad. Durante su intervenci\u00f3n, Rubio elogi\u00f3 a la presidenta Claudia Sheinbaum, calificando como \u201cbastante positiva\u201d su respuesta ante las preocupaciones de seguridad planteadas por la Administraci\u00f3n Trump. Asimismo, destac\u00f3 la disposici\u00f3n del gobierno mexicano para colaborar en temas sensibles relacionados con la seguridad regional. En su visita, Rubio prev\u00e9 reunirse con integrantes del gabinete mexicano para abordar temas [&hellip;]<\/p>\n","protected":false},"author":2,"featured_media":168272,"comment_status":"closed","ping_status":"closed","sticky":false,"template":"","format":"standard","meta":{"_monsterinsights_skip_tracking":false,"_monsterinsights_sitenote_active":false,"_monsterinsights_sitenote_note":"","_monsterinsights_sitenote_category":0,"footnotes":""},"categories":[44,46],"tags":[],"class_list":["post-168271","post","type-post","status-publish","format-standard","has-post-thumbnail","hentry","category-internacional","category-nacional","post--single"],"yoast_head":"<!-- This site is optimized with the Yoast SEO plugin v27.5 - https:\/\/yoast.com\/product\/yoast-seo-wordpress\/ -->\n<title>Marco Rubio anuncia visita oficial a M\u00e9xico para reforzar cooperaci\u00f3n en seguridad - Canal 7 SLP - 2025<\/title>\n<meta name=\"robots\" content=\"index, follow, max-snippet:-1, max-image-preview:large, max-video-preview:-1\" \/>\n<link rel=\"canonical\" href=\"https:\/\/canal7slp.tv\/2025\/marco-rubio-anuncia-visita-oficial-a-mexico-para-reforzar-cooperacion-en-seguridad\/\" \/>\n<meta property=\"og:locale\" content=\"es_ES\" \/>\n<meta property=\"og:type\" content=\"article\" \/>\n<meta property=\"og:title\" content=\"Marco Rubio anuncia visita oficial a M\u00e9xico para reforzar cooperaci\u00f3n en seguridad - Canal 7 SLP - 2025\" \/>\n<meta property=\"og:description\" content=\"EUA.- El secretario de Estado de Estados Unidos, Marco Rubio, anunci\u00f3 en una audiencia ante la C\u00e1mara de Representantes que realizar\u00e1 su primera visita oficial a M\u00e9xico en las pr\u00f3ximas semanas, con el objetivo de fortalecer la cooperaci\u00f3n bilateral en materia de seguridad. Durante su intervenci\u00f3n, Rubio elogi\u00f3 a la presidenta Claudia Sheinbaum, calificando como \u201cbastante positiva\u201d su respuesta ante las preocupaciones de seguridad planteadas por la Administraci\u00f3n Trump. Asimismo, destac\u00f3 la disposici\u00f3n del gobierno mexicano para colaborar en temas sensibles relacionados con la seguridad regional. En su visita, Rubio prev\u00e9 reunirse con integrantes del gabinete mexicano para abordar temas [&hellip;]\" \/>\n<meta property=\"og:url\" content=\"https:\/\/canal7slp.tv\/2025\/marco-rubio-anuncia-visita-oficial-a-mexico-para-reforzar-cooperacion-en-seguridad\/\" \/>\n<meta property=\"og:site_name\" content=\"Canal 7 SLP - 2025\" \/>\n<meta property=\"article:publisher\" content=\"https:\/\/www.facebook.com\/noticieroscanal7atencionciudadana\/\" \/>\n<meta property=\"article:published_time\" content=\"2025-05-21T23:01:38+00:00\" \/>\n<meta property=\"og:image\" content=\"https:\/\/canal7slp.tv\/2025\/wp-content\/uploads\/2025\/05\/02-20.jpg\" \/>\n\t<meta property=\"og:image:width\" content=\"772\" \/>\n\t<meta property=\"og:image:height\" content=\"500\" \/>\n\t<meta property=\"og:image:type\" content=\"image\/jpeg\" \/>\n<meta name=\"author\" content=\"Edici\u00f3n Web\" \/>\n<meta name=\"twitter:card\" content=\"summary_large_image\" \/>\n<meta name=\"twitter:creator\" content=\"@NOTICIEROS7\" \/>\n<meta name=\"twitter:site\" content=\"@NOTICIEROS7\" \/>\n<meta name=\"twitter:label1\" content=\"Escrito por\" \/>\n\t<meta name=\"twitter:data1\" content=\"Edici\u00f3n Web\" \/>\n\t<meta name=\"twitter:label2\" content=\"Tiempo de lectura\" \/>\n\t<meta name=\"twitter:data2\" content=\"2 minutos\" \/>\n<script type=\"application\/ld+json\" class=\"yoast-schema-graph\">{\"@context\":\"https:\\\/\\\/schema.org\",\"@graph\":[{\"@type\":\"Article\",\"@id\":\"https:\\\/\\\/canal7slp.tv\\\/2025\\\/marco-rubio-anuncia-visita-oficial-a-mexico-para-reforzar-cooperacion-en-seguridad\\\/#article\",\"isPartOf\":{\"@id\":\"https:\\\/\\\/canal7slp.tv\\\/2025\\\/marco-rubio-anuncia-visita-oficial-a-mexico-para-reforzar-cooperacion-en-seguridad\\\/\"},\"author\":{\"name\":\"Edici\u00f3n Web\",\"@id\":\"https:\\\/\\\/canal7slp.tv\\\/2025\\\/#\\\/schema\\\/person\\\/271e2b60a96e7cc9d9ac296f4d7e414b\"},\"headline\":\"Marco Rubio anuncia visita oficial a M\u00e9xico para reforzar cooperaci\u00f3n en seguridad\",\"datePublished\":\"2025-05-21T23:01:38+00:00\",\"mainEntityOfPage\":{\"@id\":\"https:\\\/\\\/canal7slp.tv\\\/2025\\\/marco-rubio-anuncia-visita-oficial-a-mexico-para-reforzar-cooperacion-en-seguridad\\\/\"},\"wordCount\":274,\"publisher\":{\"@id\":\"https:\\\/\\\/canal7slp.tv\\\/2025\\\/#organization\"},\"image\":{\"@id\":\"https:\\\/\\\/canal7slp.tv\\\/2025\\\/marco-rubio-anuncia-visita-oficial-a-mexico-para-reforzar-cooperacion-en-seguridad\\\/#primaryimage\"},\"thumbnailUrl\":\"https:\\\/\\\/canal7slp.tv\\\/2025\\\/wp-content\\\/uploads\\\/2025\\\/05\\\/02-20.jpg\",\"articleSection\":[\"INTERNACIONALES\",\"NACIONALES\"],\"inLanguage\":\"es\"},{\"@type\":\"WebPage\",\"@id\":\"https:\\\/\\\/canal7slp.tv\\\/2025\\\/marco-rubio-anuncia-visita-oficial-a-mexico-para-reforzar-cooperacion-en-seguridad\\\/\",\"url\":\"https:\\\/\\\/canal7slp.tv\\\/2025\\\/marco-rubio-anuncia-visita-oficial-a-mexico-para-reforzar-cooperacion-en-seguridad\\\/\",\"name\":\"Marco Rubio anuncia visita oficial a M\u00e9xico para reforzar cooperaci\u00f3n en seguridad - Canal 7 SLP - 2025\",\"isPartOf\":{\"@id\":\"https:\\\/\\\/canal7slp.tv\\\/2025\\\/#website\"},\"primaryImageOfPage\":{\"@id\":\"https:\\\/\\\/canal7slp.tv\\\/2025\\\/marco-rubio-anuncia-visita-oficial-a-mexico-para-reforzar-cooperacion-en-seguridad\\\/#primaryimage\"},\"image\":{\"@id\":\"https:\\\/\\\/canal7slp.tv\\\/2025\\\/marco-rubio-anuncia-visita-oficial-a-mexico-para-reforzar-cooperacion-en-seguridad\\\/#primaryimage\"},\"thumbnailUrl\":\"https:\\\/\\\/canal7slp.tv\\\/2025\\\/wp-content\\\/uploads\\\/2025\\\/05\\\/02-20.jpg\",\"datePublished\":\"2025-05-21T23:01:38+00:00\",\"breadcrumb\":{\"@id\":\"https:\\\/\\\/canal7slp.tv\\\/2025\\\/marco-rubio-anuncia-visita-oficial-a-mexico-para-reforzar-cooperacion-en-seguridad\\\/#breadcrumb\"},\"inLanguage\":\"es\",\"potentialAction\":[{\"@type\":\"ReadAction\",\"target\":[\"https:\\\/\\\/canal7slp.tv\\\/2025\\\/marco-rubio-anuncia-visita-oficial-a-mexico-para-reforzar-cooperacion-en-seguridad\\\/\"]}]},{\"@type\":\"ImageObject\",\"inLanguage\":\"es\",\"@id\":\"https:\\\/\\\/canal7slp.tv\\\/2025\\\/marco-rubio-anuncia-visita-oficial-a-mexico-para-reforzar-cooperacion-en-seguridad\\\/#primaryimage\",\"url\":\"https:\\\/\\\/canal7slp.tv\\\/2025\\\/wp-content\\\/uploads\\\/2025\\\/05\\\/02-20.jpg\",\"contentUrl\":\"https:\\\/\\\/canal7slp.tv\\\/2025\\\/wp-content\\\/uploads\\\/2025\\\/05\\\/02-20.jpg\",\"width\":772,\"height\":500},{\"@type\":\"BreadcrumbList\",\"@id\":\"https:\\\/\\\/canal7slp.tv\\\/2025\\\/marco-rubio-anuncia-visita-oficial-a-mexico-para-reforzar-cooperacion-en-seguridad\\\/#breadcrumb\",\"itemListElement\":[{\"@type\":\"ListItem\",\"position\":1,\"name\":\"Portada\",\"item\":\"https:\\\/\\\/canal7slp.tv\\\/2025\\\/\"},{\"@type\":\"ListItem\",\"position\":2,\"name\":\"Marco Rubio anuncia visita oficial a M\u00e9xico para reforzar cooperaci\u00f3n en seguridad\"}]},{\"@type\":\"WebSite\",\"@id\":\"https:\\\/\\\/canal7slp.tv\\\/2025\\\/#website\",\"url\":\"https:\\\/\\\/canal7slp.tv\\\/2025\\\/\",\"name\":\"N7 - Noticieros Canal 7\",\"description\":\"Somos el Medio\",\"publisher\":{\"@id\":\"https:\\\/\\\/canal7slp.tv\\\/2025\\\/#organization\"},\"potentialAction\":[{\"@type\":\"SearchAction\",\"target\":{\"@type\":\"EntryPoint\",\"urlTemplate\":\"https:\\\/\\\/canal7slp.tv\\\/2025\\\/?s={search_term_string}\"},\"query-input\":{\"@type\":\"PropertyValueSpecification\",\"valueRequired\":true,\"valueName\":\"search_term_string\"}}],\"inLanguage\":\"es\"},{\"@type\":\"Organization\",\"@id\":\"https:\\\/\\\/canal7slp.tv\\\/2025\\\/#organization\",\"name\":\"Noticieros Canal 7\",\"url\":\"https:\\\/\\\/canal7slp.tv\\\/2025\\\/\",\"logo\":{\"@type\":\"ImageObject\",\"inLanguage\":\"es\",\"@id\":\"https:\\\/\\\/canal7slp.tv\\\/2025\\\/#\\\/schema\\\/logo\\\/image\\\/\",\"url\":\"https:\\\/\\\/canal7slp.tv\\\/2025\\\/wp-content\\\/uploads\\\/2021\\\/01\\\/logo-noticieros@2x.png\",\"contentUrl\":\"https:\\\/\\\/canal7slp.tv\\\/2025\\\/wp-content\\\/uploads\\\/2021\\\/01\\\/logo-noticieros@2x.png\",\"width\":1017,\"height\":268,\"caption\":\"Noticieros Canal 7\"},\"image\":{\"@id\":\"https:\\\/\\\/canal7slp.tv\\\/2025\\\/#\\\/schema\\\/logo\\\/image\\\/\"},\"sameAs\":[\"https:\\\/\\\/www.facebook.com\\\/noticieroscanal7atencionciudadana\\\/\",\"https:\\\/\\\/x.com\\\/NOTICIEROS7\",\"https:\\\/\\\/www.instagram.com\\\/canal7_slp\",\"https:\\\/\\\/www.youtube.com\\\/channel\\\/UCliiYs-gP3JfJeqdPrNdd5A\"]},{\"@type\":\"Person\",\"@id\":\"https:\\\/\\\/canal7slp.tv\\\/2025\\\/#\\\/schema\\\/person\\\/271e2b60a96e7cc9d9ac296f4d7e414b\",\"name\":\"Edici\u00f3n Web\",\"image\":{\"@type\":\"ImageObject\",\"inLanguage\":\"es\",\"@id\":\"https:\\\/\\\/secure.gravatar.com\\\/avatar\\\/eee448fc3f7164808013b816ba91ac7e43bbe82a70bebac296f8bc6f0addaa1a?s=96&d=mm&r=g\",\"url\":\"https:\\\/\\\/secure.gravatar.com\\\/avatar\\\/eee448fc3f7164808013b816ba91ac7e43bbe82a70bebac296f8bc6f0addaa1a?s=96&d=mm&r=g\",\"contentUrl\":\"https:\\\/\\\/secure.gravatar.com\\\/avatar\\\/eee448fc3f7164808013b816ba91ac7e43bbe82a70bebac296f8bc6f0addaa1a?s=96&d=mm&r=g\",\"caption\":\"Edici\u00f3n Web\"},\"url\":\"https:\\\/\\\/canal7slp.tv\\\/2025\\\/author\\\/edicionweb\\\/\"}]}<\/script>\n<!-- \/ Yoast SEO plugin. -->","yoast_head_json":{"title":"Marco Rubio anuncia visita oficial a M\u00e9xico para reforzar cooperaci\u00f3n en seguridad - Canal 7 SLP - 2025","robots":{"index":"index","follow":"follow","max-snippet":"max-snippet:-1","max-image-preview":"max-image-preview:large","max-video-preview":"max-video-preview:-1"},"canonical":"https:\/\/canal7slp.tv\/2025\/marco-rubio-anuncia-visita-oficial-a-mexico-para-reforzar-cooperacion-en-seguridad\/","og_locale":"es_ES","og_type":"article","og_title":"Marco Rubio anuncia visita oficial a M\u00e9xico para reforzar cooperaci\u00f3n en seguridad - Canal 7 SLP - 2025","og_description":"EUA.- El secretario de Estado de Estados Unidos, Marco Rubio, anunci\u00f3 en una audiencia ante la C\u00e1mara de Representantes que realizar\u00e1 su primera visita oficial a M\u00e9xico en las pr\u00f3ximas semanas, con el objetivo de fortalecer la cooperaci\u00f3n bilateral en materia de seguridad. Durante su intervenci\u00f3n, Rubio elogi\u00f3 a la presidenta Claudia Sheinbaum, calificando como \u201cbastante positiva\u201d su respuesta ante las preocupaciones de seguridad planteadas por la Administraci\u00f3n Trump. Asimismo, destac\u00f3 la disposici\u00f3n del gobierno mexicano para colaborar en temas sensibles relacionados con la seguridad regional. En su visita, Rubio prev\u00e9 reunirse con integrantes del gabinete mexicano para abordar temas [&hellip;]","og_url":"https:\/\/canal7slp.tv\/2025\/marco-rubio-anuncia-visita-oficial-a-mexico-para-reforzar-cooperacion-en-seguridad\/","og_site_name":"Canal 7 SLP - 2025","article_publisher":"https:\/\/www.facebook.com\/noticieroscanal7atencionciudadana\/","article_published_time":"2025-05-21T23:01:38+00:00","og_image":[{"width":772,"height":500,"url":"https:\/\/canal7slp.tv\/2025\/wp-content\/uploads\/2025\/05\/02-20.jpg","type":"image\/jpeg"}],"author":"Edici\u00f3n Web","twitter_card":"summary_large_image","twitter_creator":"@NOTICIEROS7","twitter_site":"@NOTICIEROS7","twitter_misc":{"Escrito por":"Edici\u00f3n Web","Tiempo de lectura":"2 minutos"},"schema":{"@context":"https:\/\/schema.org","@graph":[{"@type":"Article","@id":"https:\/\/canal7slp.tv\/2025\/marco-rubio-anuncia-visita-oficial-a-mexico-para-reforzar-cooperacion-en-seguridad\/#article","isPartOf":{"@id":"https:\/\/canal7slp.tv\/2025\/marco-rubio-anuncia-visita-oficial-a-mexico-para-reforzar-cooperacion-en-seguridad\/"},"author":{"name":"Edici\u00f3n Web","@id":"https:\/\/canal7slp.tv\/2025\/#\/schema\/person\/271e2b60a96e7cc9d9ac296f4d7e414b"},"headline":"Marco Rubio anuncia visita oficial a M\u00e9xico para reforzar cooperaci\u00f3n en seguridad","datePublished":"2025-05-21T23:01:38+00:00","mainEntityOfPage":{"@id":"https:\/\/canal7slp.tv\/2025\/marco-rubio-anuncia-visita-oficial-a-mexico-para-reforzar-cooperacion-en-seguridad\/"},"wordCount":274,"publisher":{"@id":"https:\/\/canal7slp.tv\/2025\/#organization"},"image":{"@id":"https:\/\/canal7slp.tv\/2025\/marco-rubio-anuncia-visita-oficial-a-mexico-para-reforzar-cooperacion-en-seguridad\/#primaryimage"},"thumbnailUrl":"https:\/\/canal7slp.tv\/2025\/wp-content\/uploads\/2025\/05\/02-20.jpg","articleSection":["INTERNACIONALES","NACIONALES"],"inLanguage":"es"},{"@type":"WebPage","@id":"https:\/\/canal7slp.tv\/2025\/marco-rubio-anuncia-visita-oficial-a-mexico-para-reforzar-cooperacion-en-seguridad\/","url":"https:\/\/canal7slp.tv\/2025\/marco-rubio-anuncia-visita-oficial-a-mexico-para-reforzar-cooperacion-en-seguridad\/","name":"Marco Rubio anuncia visita oficial a M\u00e9xico para reforzar cooperaci\u00f3n en seguridad - Canal 7 SLP - 2025","isPartOf":{"@id":"https:\/\/canal7slp.tv\/2025\/#website"},"primaryImageOfPage":{"@id":"https:\/\/canal7slp.tv\/2025\/marco-rubio-anuncia-visita-oficial-a-mexico-para-reforzar-cooperacion-en-seguridad\/#primaryimage"},"image":{"@id":"https:\/\/canal7slp.tv\/2025\/marco-rubio-anuncia-visita-oficial-a-mexico-para-reforzar-cooperacion-en-seguridad\/#primaryimage"},"thumbnailUrl":"https:\/\/canal7slp.tv\/2025\/wp-content\/uploads\/2025\/05\/02-20.jpg","datePublished":"2025-05-21T23:01:38+00:00","breadcrumb":{"@id":"https:\/\/canal7slp.tv\/2025\/marco-rubio-anuncia-visita-oficial-a-mexico-para-reforzar-cooperacion-en-seguridad\/#breadcrumb"},"inLanguage":"es","potentialAction":[{"@type":"ReadAction","target":["https:\/\/canal7slp.tv\/2025\/marco-rubio-anuncia-visita-oficial-a-mexico-para-reforzar-cooperacion-en-seguridad\/"]}]},{"@type":"ImageObject","inLanguage":"es","@id":"https:\/\/canal7slp.tv\/2025\/marco-rubio-anuncia-visita-oficial-a-mexico-para-reforzar-cooperacion-en-seguridad\/#primaryimage","url":"https:\/\/canal7slp.tv\/2025\/wp-content\/uploads\/2025\/05\/02-20.jpg","contentUrl":"https:\/\/canal7slp.tv\/2025\/wp-content\/uploads\/2025\/05\/02-20.jpg","width":772,"height":500},{"@type":"BreadcrumbList","@id":"https:\/\/canal7slp.tv\/2025\/marco-rubio-anuncia-visita-oficial-a-mexico-para-reforzar-cooperacion-en-seguridad\/#breadcrumb","itemListElement":[{"@type":"ListItem","position":1,"name":"Portada","item":"https:\/\/canal7slp.tv\/2025\/"},{"@type":"ListItem","position":2,"name":"Marco Rubio anuncia visita oficial a M\u00e9xico para reforzar cooperaci\u00f3n en seguridad"}]},{"@type":"WebSite","@id":"https:\/\/canal7slp.tv\/2025\/#website","url":"https:\/\/canal7slp.tv\/2025\/","name":"N7 - Noticieros Canal 7","description":"Somos el Medio","publisher":{"@id":"https:\/\/canal7slp.tv\/2025\/#organization"},"potentialAction":[{"@type":"SearchAction","target":{"@type":"EntryPoint","urlTemplate":"https:\/\/canal7slp.tv\/2025\/?s={search_term_string}"},"query-input":{"@type":"PropertyValueSpecification","valueRequired":true,"valueName":"search_term_string"}}],"inLanguage":"es"},{"@type":"Organization","@id":"https:\/\/canal7slp.tv\/2025\/#organization","name":"Noticieros Canal 7","url":"https:\/\/canal7slp.tv\/2025\/","logo":{"@type":"ImageObject","inLanguage":"es","@id":"https:\/\/canal7slp.tv\/2025\/#\/schema\/logo\/image\/","url":"https:\/\/canal7slp.tv\/2025\/wp-content\/uploads\/2021\/01\/logo-noticieros@2x.png","contentUrl":"https:\/\/canal7slp.tv\/2025\/wp-content\/uploads\/2021\/01\/logo-noticieros@2x.png","width":1017,"height":268,"caption":"Noticieros Canal 7"},"image":{"@id":"https:\/\/canal7slp.tv\/2025\/#\/schema\/logo\/image\/"},"sameAs":["https:\/\/www.facebook.com\/noticieroscanal7atencionciudadana\/","https:\/\/x.com\/NOTICIEROS7","https:\/\/www.instagram.com\/canal7_slp","https:\/\/www.youtube.com\/channel\/UCliiYs-gP3JfJeqdPrNdd5A"]},{"@type":"Person","@id":"https:\/\/canal7slp.tv\/2025\/#\/schema\/person\/271e2b60a96e7cc9d9ac296f4d7e414b","name":"Edici\u00f3n Web","image":{"@type":"ImageObject","inLanguage":"es","@id":"https:\/\/secure.gravatar.com\/avatar\/eee448fc3f7164808013b816ba91ac7e43bbe82a70bebac296f8bc6f0addaa1a?s=96&d=mm&r=g","url":"https:\/\/secure.gravatar.com\/avatar\/eee448fc3f7164808013b816ba91ac7e43bbe82a70bebac296f8bc6f0addaa1a?s=96&d=mm&r=g","contentUrl":"https:\/\/secure.gravatar.com\/avatar\/eee448fc3f7164808013b816ba91ac7e43bbe82a70bebac296f8bc6f0addaa1a?s=96&d=mm&r=g","caption":"Edici\u00f3n Web"},"url":"https:\/\/canal7slp.tv\/2025\/author\/edicionweb\/"}]}},"_links":{"self":[{"href":"https:\/\/canal7slp.tv\/2025\/wp-json\/wp\/v2\/posts\/168271","targetHints":{"allow":["GET"]}}],"collection":[{"href":"https:\/\/canal7slp.tv\/2025\/wp-json\/wp\/v2\/posts"}],"about":[{"href":"https:\/\/canal7slp.tv\/2025\/wp-json\/wp\/v2\/types\/post"}],"author":[{"embeddable":true,"href":"https:\/\/canal7slp.tv\/2025\/wp-json\/wp\/v2\/users\/2"}],"replies":[{"embeddable":true,"href":"https:\/\/canal7slp.tv\/2025\/wp-json\/wp\/v2\/comments?post=168271"}],"version-history":[{"count":1,"href":"https:\/\/canal7slp.tv\/2025\/wp-json\/wp\/v2\/posts\/168271\/revisions"}],"predecessor-version":[{"id":168273,"href":"https:\/\/canal7slp.tv\/2025\/wp-json\/wp\/v2\/posts\/168271\/revisions\/168273"}],"wp:featuredmedia":[{"embeddable":true,"href":"https:\/\/canal7slp.tv\/2025\/wp-json\/wp\/v2\/media\/168272"}],"wp:attachment":[{"href":"https:\/\/canal7slp.tv\/2025\/wp-json\/wp\/v2\/media?parent=168271"}],"wp:term":[{"taxonomy":"category","embeddable":true,"href":"https:\/\/canal7slp.tv\/2025\/wp-json\/wp\/v2\/categories?post=168271"},{"taxonomy":"post_tag","embeddable":true,"href":"https:\/\/canal7slp.tv\/2025\/wp-json\/wp\/v2\/tags?post=168271"}],"curies":[{"name":"wp","href":"https:\/\/api.w.org\/{rel}","templated":true}]}}