{"id":168241,"date":"2025-05-20T20:00:30","date_gmt":"2025-05-21T02:00:30","guid":{"rendered":"https:\/\/canal7slp.tv\/2025\/?p=168241"},"modified":"2025-05-20T20:00:30","modified_gmt":"2025-05-21T02:00:30","slug":"ganaderos-potosinos-en-alerta-ante-la-llegada-del-gusano-barrenador","status":"publish","type":"post","link":"https:\/\/canal7slp.tv\/2025\/ganaderos-potosinos-en-alerta-ante-la-llegada-del-gusano-barrenador\/","title":{"rendered":"Ganaderos potosinos en alerta ante la llegada del gusano barrenador"},"content":{"rendered":"<p style=\"text-align: justify;\"><span style=\"font-size: 1.21429rem;\">SLP.- Productores ganaderos y autoridades est\u00e1n en alerta ante la posible llegada del gusano barrenador que afecte la exportaci\u00f3n de ganado.<\/span><\/p>\n<p style=\"text-align: justify;\">As\u00ed lo manifest\u00f3 Hiram Aguilar M\u00e1rquez, coordinador regional para la Prevenci\u00f3n de la Fiebre Aftosa al se\u00f1alar que se busca establecer un protocolo de respuesta ante la detecci\u00f3n de esta plaga.<\/p>\n<p style=\"text-align: justify;\">Destac\u00f3 la importancia de poner especial cuidado en el ganado de la regi\u00f3n huasteca al decir que en esta zona pasa el ganado que cruzan de la frontera sur, proveniente de Centroam\u00e9rica y que dijo, viene contagiado de esta plaga.<\/p>\n<p style=\"text-align: justify;\">Actualmente, solo la regi\u00f3n Huasteca y parte de la Zona Media cuentan con autorizaci\u00f3n para exportar lo que dijo, ha llevado a redoblar esfuerzos para mantener otras regiones libres del gusano barrenador.<\/p>\n<p style=\"text-align: justify;\">Asimismo, el funcionario federal afirm\u00f3 que no solo el ganado se ve afectado por esta plaga sino tambi\u00e9n los animales de traspatio.<\/p>\n<p style=\"text-align: justify;\">Por: Claudio Ibarra<\/p>\n","protected":false},"excerpt":{"rendered":"<p>SLP.- Productores ganaderos y autoridades est\u00e1n en alerta ante la posible llegada del gusano barrenador que afecte la exportaci\u00f3n de ganado. As\u00ed lo manifest\u00f3 Hiram Aguilar M\u00e1rquez, coordinador regional para la Prevenci\u00f3n de la Fiebre Aftosa al se\u00f1alar que se busca establecer un protocolo de respuesta ante la detecci\u00f3n de esta plaga. Destac\u00f3 la importancia de poner especial cuidado en el ganado de la regi\u00f3n huasteca al decir que en esta zona pasa el ganado que cruzan de la frontera sur, proveniente de Centroam\u00e9rica y que dijo, viene contagiado de esta plaga. Actualmente, solo la regi\u00f3n Huasteca y parte de [&hellip;]<\/p>\n","protected":false},"author":2,"featured_media":168247,"comment_status":"closed","ping_status":"closed","sticky":false,"template":"","format":"video","meta":{"_monsterinsights_skip_tracking":false,"_monsterinsights_sitenote_active":false,"_monsterinsights_sitenote_note":"","_monsterinsights_sitenote_category":0,"footnotes":""},"categories":[5,45],"tags":[],"class_list":["post-168241","post","type-post","status-publish","format-video","has-post-thumbnail","hentry","category-destacadas","category-localesyregionales","post_format-post-format-video","post--single"],"yoast_head":"<!-- This site is optimized with the Yoast SEO plugin v27.4 - https:\/\/yoast.com\/product\/yoast-seo-wordpress\/ -->\n<title>Ganaderos potosinos en alerta ante la llegada del gusano barrenador - Canal 7 SLP - 2025<\/title>\n<meta name=\"robots\" content=\"index, follow, max-snippet:-1, max-image-preview:large, max-video-preview:-1\" \/>\n<link rel=\"canonical\" href=\"https:\/\/canal7slp.tv\/2025\/ganaderos-potosinos-en-alerta-ante-la-llegada-del-gusano-barrenador\/\" \/>\n<meta property=\"og:locale\" content=\"es_ES\" \/>\n<meta property=\"og:type\" content=\"article\" \/>\n<meta property=\"og:title\" content=\"Ganaderos potosinos en alerta ante la llegada del gusano barrenador - Canal 7 SLP - 2025\" \/>\n<meta property=\"og:description\" content=\"SLP.- Productores ganaderos y autoridades est\u00e1n en alerta ante la posible llegada del gusano barrenador que afecte la exportaci\u00f3n de ganado. As\u00ed lo manifest\u00f3 Hiram Aguilar M\u00e1rquez, coordinador regional para la Prevenci\u00f3n de la Fiebre Aftosa al se\u00f1alar que se busca establecer un protocolo de respuesta ante la detecci\u00f3n de esta plaga. Destac\u00f3 la importancia de poner especial cuidado en el ganado de la regi\u00f3n huasteca al decir que en esta zona pasa el ganado que cruzan de la frontera sur, proveniente de Centroam\u00e9rica y que dijo, viene contagiado de esta plaga. Actualmente, solo la regi\u00f3n Huasteca y parte de [&hellip;]\" \/>\n<meta property=\"og:url\" content=\"https:\/\/canal7slp.tv\/2025\/ganaderos-potosinos-en-alerta-ante-la-llegada-del-gusano-barrenador\/\" \/>\n<meta property=\"og:site_name\" content=\"Canal 7 SLP - 2025\" \/>\n<meta property=\"article:publisher\" content=\"https:\/\/www.facebook.com\/noticieroscanal7atencionciudadana\/\" \/>\n<meta property=\"article:published_time\" content=\"2025-05-21T02:00:30+00:00\" \/>\n<meta property=\"og:image\" content=\"https:\/\/canal7slp.tv\/2025\/wp-content\/uploads\/2025\/05\/Claudio02Barrenador.jpg\" \/>\n\t<meta property=\"og:image:width\" content=\"1280\" \/>\n\t<meta property=\"og:image:height\" content=\"720\" \/>\n\t<meta property=\"og:image:type\" content=\"image\/jpeg\" \/>\n<meta name=\"author\" content=\"Edici\u00f3n Web\" \/>\n<meta name=\"twitter:card\" content=\"summary_large_image\" \/>\n<meta name=\"twitter:creator\" content=\"@NOTICIEROS7\" \/>\n<meta name=\"twitter:site\" content=\"@NOTICIEROS7\" \/>\n<meta name=\"twitter:label1\" content=\"Escrito por\" \/>\n\t<meta name=\"twitter:data1\" content=\"Edici\u00f3n Web\" \/>\n\t<meta name=\"twitter:label2\" content=\"Tiempo de lectura\" \/>\n\t<meta name=\"twitter:data2\" content=\"1 minuto\" \/>\n<script type=\"application\/ld+json\" class=\"yoast-schema-graph\">{\"@context\":\"https:\\\/\\\/schema.org\",\"@graph\":[{\"@type\":\"Article\",\"@id\":\"https:\\\/\\\/canal7slp.tv\\\/2025\\\/ganaderos-potosinos-en-alerta-ante-la-llegada-del-gusano-barrenador\\\/#article\",\"isPartOf\":{\"@id\":\"https:\\\/\\\/canal7slp.tv\\\/2025\\\/ganaderos-potosinos-en-alerta-ante-la-llegada-del-gusano-barrenador\\\/\"},\"author\":{\"name\":\"Edici\u00f3n Web\",\"@id\":\"https:\\\/\\\/canal7slp.tv\\\/2025\\\/#\\\/schema\\\/person\\\/271e2b60a96e7cc9d9ac296f4d7e414b\"},\"headline\":\"Ganaderos potosinos en alerta ante la llegada del gusano barrenador\",\"datePublished\":\"2025-05-21T02:00:30+00:00\",\"mainEntityOfPage\":{\"@id\":\"https:\\\/\\\/canal7slp.tv\\\/2025\\\/ganaderos-potosinos-en-alerta-ante-la-llegada-del-gusano-barrenador\\\/\"},\"wordCount\":171,\"publisher\":{\"@id\":\"https:\\\/\\\/canal7slp.tv\\\/2025\\\/#organization\"},\"image\":{\"@id\":\"https:\\\/\\\/canal7slp.tv\\\/2025\\\/ganaderos-potosinos-en-alerta-ante-la-llegada-del-gusano-barrenador\\\/#primaryimage\"},\"thumbnailUrl\":\"https:\\\/\\\/canal7slp.tv\\\/2025\\\/wp-content\\\/uploads\\\/2025\\\/05\\\/Claudio02Barrenador.jpg\",\"articleSection\":[\"DESTACADAS\",\"LOCALES Y REGIONALES\"],\"inLanguage\":\"es\"},{\"@type\":\"WebPage\",\"@id\":\"https:\\\/\\\/canal7slp.tv\\\/2025\\\/ganaderos-potosinos-en-alerta-ante-la-llegada-del-gusano-barrenador\\\/\",\"url\":\"https:\\\/\\\/canal7slp.tv\\\/2025\\\/ganaderos-potosinos-en-alerta-ante-la-llegada-del-gusano-barrenador\\\/\",\"name\":\"Ganaderos potosinos en alerta ante la llegada del gusano barrenador - Canal 7 SLP - 2025\",\"isPartOf\":{\"@id\":\"https:\\\/\\\/canal7slp.tv\\\/2025\\\/#website\"},\"primaryImageOfPage\":{\"@id\":\"https:\\\/\\\/canal7slp.tv\\\/2025\\\/ganaderos-potosinos-en-alerta-ante-la-llegada-del-gusano-barrenador\\\/#primaryimage\"},\"image\":{\"@id\":\"https:\\\/\\\/canal7slp.tv\\\/2025\\\/ganaderos-potosinos-en-alerta-ante-la-llegada-del-gusano-barrenador\\\/#primaryimage\"},\"thumbnailUrl\":\"https:\\\/\\\/canal7slp.tv\\\/2025\\\/wp-content\\\/uploads\\\/2025\\\/05\\\/Claudio02Barrenador.jpg\",\"datePublished\":\"2025-05-21T02:00:30+00:00\",\"breadcrumb\":{\"@id\":\"https:\\\/\\\/canal7slp.tv\\\/2025\\\/ganaderos-potosinos-en-alerta-ante-la-llegada-del-gusano-barrenador\\\/#breadcrumb\"},\"inLanguage\":\"es\",\"potentialAction\":[{\"@type\":\"ReadAction\",\"target\":[\"https:\\\/\\\/canal7slp.tv\\\/2025\\\/ganaderos-potosinos-en-alerta-ante-la-llegada-del-gusano-barrenador\\\/\"]}]},{\"@type\":\"ImageObject\",\"inLanguage\":\"es\",\"@id\":\"https:\\\/\\\/canal7slp.tv\\\/2025\\\/ganaderos-potosinos-en-alerta-ante-la-llegada-del-gusano-barrenador\\\/#primaryimage\",\"url\":\"https:\\\/\\\/canal7slp.tv\\\/2025\\\/wp-content\\\/uploads\\\/2025\\\/05\\\/Claudio02Barrenador.jpg\",\"contentUrl\":\"https:\\\/\\\/canal7slp.tv\\\/2025\\\/wp-content\\\/uploads\\\/2025\\\/05\\\/Claudio02Barrenador.jpg\",\"width\":1280,\"height\":720},{\"@type\":\"BreadcrumbList\",\"@id\":\"https:\\\/\\\/canal7slp.tv\\\/2025\\\/ganaderos-potosinos-en-alerta-ante-la-llegada-del-gusano-barrenador\\\/#breadcrumb\",\"itemListElement\":[{\"@type\":\"ListItem\",\"position\":1,\"name\":\"Portada\",\"item\":\"https:\\\/\\\/canal7slp.tv\\\/2025\\\/\"},{\"@type\":\"ListItem\",\"position\":2,\"name\":\"Ganaderos potosinos en alerta ante la llegada del gusano barrenador\"}]},{\"@type\":\"WebSite\",\"@id\":\"https:\\\/\\\/canal7slp.tv\\\/2025\\\/#website\",\"url\":\"https:\\\/\\\/canal7slp.tv\\\/2025\\\/\",\"name\":\"N7 - Noticieros Canal 7\",\"description\":\"Somos el Medio\",\"publisher\":{\"@id\":\"https:\\\/\\\/canal7slp.tv\\\/2025\\\/#organization\"},\"potentialAction\":[{\"@type\":\"SearchAction\",\"target\":{\"@type\":\"EntryPoint\",\"urlTemplate\":\"https:\\\/\\\/canal7slp.tv\\\/2025\\\/?s={search_term_string}\"},\"query-input\":{\"@type\":\"PropertyValueSpecification\",\"valueRequired\":true,\"valueName\":\"search_term_string\"}}],\"inLanguage\":\"es\"},{\"@type\":\"Organization\",\"@id\":\"https:\\\/\\\/canal7slp.tv\\\/2025\\\/#organization\",\"name\":\"Noticieros Canal 7\",\"url\":\"https:\\\/\\\/canal7slp.tv\\\/2025\\\/\",\"logo\":{\"@type\":\"ImageObject\",\"inLanguage\":\"es\",\"@id\":\"https:\\\/\\\/canal7slp.tv\\\/2025\\\/#\\\/schema\\\/logo\\\/image\\\/\",\"url\":\"https:\\\/\\\/canal7slp.tv\\\/2025\\\/wp-content\\\/uploads\\\/2021\\\/01\\\/logo-noticieros@2x.png\",\"contentUrl\":\"https:\\\/\\\/canal7slp.tv\\\/2025\\\/wp-content\\\/uploads\\\/2021\\\/01\\\/logo-noticieros@2x.png\",\"width\":1017,\"height\":268,\"caption\":\"Noticieros Canal 7\"},\"image\":{\"@id\":\"https:\\\/\\\/canal7slp.tv\\\/2025\\\/#\\\/schema\\\/logo\\\/image\\\/\"},\"sameAs\":[\"https:\\\/\\\/www.facebook.com\\\/noticieroscanal7atencionciudadana\\\/\",\"https:\\\/\\\/x.com\\\/NOTICIEROS7\",\"https:\\\/\\\/www.instagram.com\\\/canal7_slp\",\"https:\\\/\\\/www.youtube.com\\\/channel\\\/UCliiYs-gP3JfJeqdPrNdd5A\"]},{\"@type\":\"Person\",\"@id\":\"https:\\\/\\\/canal7slp.tv\\\/2025\\\/#\\\/schema\\\/person\\\/271e2b60a96e7cc9d9ac296f4d7e414b\",\"name\":\"Edici\u00f3n Web\",\"image\":{\"@type\":\"ImageObject\",\"inLanguage\":\"es\",\"@id\":\"https:\\\/\\\/secure.gravatar.com\\\/avatar\\\/eee448fc3f7164808013b816ba91ac7e43bbe82a70bebac296f8bc6f0addaa1a?s=96&d=mm&r=g\",\"url\":\"https:\\\/\\\/secure.gravatar.com\\\/avatar\\\/eee448fc3f7164808013b816ba91ac7e43bbe82a70bebac296f8bc6f0addaa1a?s=96&d=mm&r=g\",\"contentUrl\":\"https:\\\/\\\/secure.gravatar.com\\\/avatar\\\/eee448fc3f7164808013b816ba91ac7e43bbe82a70bebac296f8bc6f0addaa1a?s=96&d=mm&r=g\",\"caption\":\"Edici\u00f3n Web\"},\"url\":\"https:\\\/\\\/canal7slp.tv\\\/2025\\\/author\\\/edicionweb\\\/\"}]}<\/script>\n<!-- \/ Yoast SEO plugin. -->","yoast_head_json":{"title":"Ganaderos potosinos en alerta ante la llegada del gusano barrenador - Canal 7 SLP - 2025","robots":{"index":"index","follow":"follow","max-snippet":"max-snippet:-1","max-image-preview":"max-image-preview:large","max-video-preview":"max-video-preview:-1"},"canonical":"https:\/\/canal7slp.tv\/2025\/ganaderos-potosinos-en-alerta-ante-la-llegada-del-gusano-barrenador\/","og_locale":"es_ES","og_type":"article","og_title":"Ganaderos potosinos en alerta ante la llegada del gusano barrenador - Canal 7 SLP - 2025","og_description":"SLP.- Productores ganaderos y autoridades est\u00e1n en alerta ante la posible llegada del gusano barrenador que afecte la exportaci\u00f3n de ganado. As\u00ed lo manifest\u00f3 Hiram Aguilar M\u00e1rquez, coordinador regional para la Prevenci\u00f3n de la Fiebre Aftosa al se\u00f1alar que se busca establecer un protocolo de respuesta ante la detecci\u00f3n de esta plaga. Destac\u00f3 la importancia de poner especial cuidado en el ganado de la regi\u00f3n huasteca al decir que en esta zona pasa el ganado que cruzan de la frontera sur, proveniente de Centroam\u00e9rica y que dijo, viene contagiado de esta plaga. Actualmente, solo la regi\u00f3n Huasteca y parte de [&hellip;]","og_url":"https:\/\/canal7slp.tv\/2025\/ganaderos-potosinos-en-alerta-ante-la-llegada-del-gusano-barrenador\/","og_site_name":"Canal 7 SLP - 2025","article_publisher":"https:\/\/www.facebook.com\/noticieroscanal7atencionciudadana\/","article_published_time":"2025-05-21T02:00:30+00:00","og_image":[{"width":1280,"height":720,"url":"https:\/\/canal7slp.tv\/2025\/wp-content\/uploads\/2025\/05\/Claudio02Barrenador.jpg","type":"image\/jpeg"}],"author":"Edici\u00f3n Web","twitter_card":"summary_large_image","twitter_creator":"@NOTICIEROS7","twitter_site":"@NOTICIEROS7","twitter_misc":{"Escrito por":"Edici\u00f3n Web","Tiempo de lectura":"1 minuto"},"schema":{"@context":"https:\/\/schema.org","@graph":[{"@type":"Article","@id":"https:\/\/canal7slp.tv\/2025\/ganaderos-potosinos-en-alerta-ante-la-llegada-del-gusano-barrenador\/#article","isPartOf":{"@id":"https:\/\/canal7slp.tv\/2025\/ganaderos-potosinos-en-alerta-ante-la-llegada-del-gusano-barrenador\/"},"author":{"name":"Edici\u00f3n Web","@id":"https:\/\/canal7slp.tv\/2025\/#\/schema\/person\/271e2b60a96e7cc9d9ac296f4d7e414b"},"headline":"Ganaderos potosinos en alerta ante la llegada del gusano barrenador","datePublished":"2025-05-21T02:00:30+00:00","mainEntityOfPage":{"@id":"https:\/\/canal7slp.tv\/2025\/ganaderos-potosinos-en-alerta-ante-la-llegada-del-gusano-barrenador\/"},"wordCount":171,"publisher":{"@id":"https:\/\/canal7slp.tv\/2025\/#organization"},"image":{"@id":"https:\/\/canal7slp.tv\/2025\/ganaderos-potosinos-en-alerta-ante-la-llegada-del-gusano-barrenador\/#primaryimage"},"thumbnailUrl":"https:\/\/canal7slp.tv\/2025\/wp-content\/uploads\/2025\/05\/Claudio02Barrenador.jpg","articleSection":["DESTACADAS","LOCALES Y REGIONALES"],"inLanguage":"es"},{"@type":"WebPage","@id":"https:\/\/canal7slp.tv\/2025\/ganaderos-potosinos-en-alerta-ante-la-llegada-del-gusano-barrenador\/","url":"https:\/\/canal7slp.tv\/2025\/ganaderos-potosinos-en-alerta-ante-la-llegada-del-gusano-barrenador\/","name":"Ganaderos potosinos en alerta ante la llegada del gusano barrenador - Canal 7 SLP - 2025","isPartOf":{"@id":"https:\/\/canal7slp.tv\/2025\/#website"},"primaryImageOfPage":{"@id":"https:\/\/canal7slp.tv\/2025\/ganaderos-potosinos-en-alerta-ante-la-llegada-del-gusano-barrenador\/#primaryimage"},"image":{"@id":"https:\/\/canal7slp.tv\/2025\/ganaderos-potosinos-en-alerta-ante-la-llegada-del-gusano-barrenador\/#primaryimage"},"thumbnailUrl":"https:\/\/canal7slp.tv\/2025\/wp-content\/uploads\/2025\/05\/Claudio02Barrenador.jpg","datePublished":"2025-05-21T02:00:30+00:00","breadcrumb":{"@id":"https:\/\/canal7slp.tv\/2025\/ganaderos-potosinos-en-alerta-ante-la-llegada-del-gusano-barrenador\/#breadcrumb"},"inLanguage":"es","potentialAction":[{"@type":"ReadAction","target":["https:\/\/canal7slp.tv\/2025\/ganaderos-potosinos-en-alerta-ante-la-llegada-del-gusano-barrenador\/"]}]},{"@type":"ImageObject","inLanguage":"es","@id":"https:\/\/canal7slp.tv\/2025\/ganaderos-potosinos-en-alerta-ante-la-llegada-del-gusano-barrenador\/#primaryimage","url":"https:\/\/canal7slp.tv\/2025\/wp-content\/uploads\/2025\/05\/Claudio02Barrenador.jpg","contentUrl":"https:\/\/canal7slp.tv\/2025\/wp-content\/uploads\/2025\/05\/Claudio02Barrenador.jpg","width":1280,"height":720},{"@type":"BreadcrumbList","@id":"https:\/\/canal7slp.tv\/2025\/ganaderos-potosinos-en-alerta-ante-la-llegada-del-gusano-barrenador\/#breadcrumb","itemListElement":[{"@type":"ListItem","position":1,"name":"Portada","item":"https:\/\/canal7slp.tv\/2025\/"},{"@type":"ListItem","position":2,"name":"Ganaderos potosinos en alerta ante la llegada del gusano barrenador"}]},{"@type":"WebSite","@id":"https:\/\/canal7slp.tv\/2025\/#website","url":"https:\/\/canal7slp.tv\/2025\/","name":"N7 - Noticieros Canal 7","description":"Somos el Medio","publisher":{"@id":"https:\/\/canal7slp.tv\/2025\/#organization"},"potentialAction":[{"@type":"SearchAction","target":{"@type":"EntryPoint","urlTemplate":"https:\/\/canal7slp.tv\/2025\/?s={search_term_string}"},"query-input":{"@type":"PropertyValueSpecification","valueRequired":true,"valueName":"search_term_string"}}],"inLanguage":"es"},{"@type":"Organization","@id":"https:\/\/canal7slp.tv\/2025\/#organization","name":"Noticieros Canal 7","url":"https:\/\/canal7slp.tv\/2025\/","logo":{"@type":"ImageObject","inLanguage":"es","@id":"https:\/\/canal7slp.tv\/2025\/#\/schema\/logo\/image\/","url":"https:\/\/canal7slp.tv\/2025\/wp-content\/uploads\/2021\/01\/logo-noticieros@2x.png","contentUrl":"https:\/\/canal7slp.tv\/2025\/wp-content\/uploads\/2021\/01\/logo-noticieros@2x.png","width":1017,"height":268,"caption":"Noticieros Canal 7"},"image":{"@id":"https:\/\/canal7slp.tv\/2025\/#\/schema\/logo\/image\/"},"sameAs":["https:\/\/www.facebook.com\/noticieroscanal7atencionciudadana\/","https:\/\/x.com\/NOTICIEROS7","https:\/\/www.instagram.com\/canal7_slp","https:\/\/www.youtube.com\/channel\/UCliiYs-gP3JfJeqdPrNdd5A"]},{"@type":"Person","@id":"https:\/\/canal7slp.tv\/2025\/#\/schema\/person\/271e2b60a96e7cc9d9ac296f4d7e414b","name":"Edici\u00f3n Web","image":{"@type":"ImageObject","inLanguage":"es","@id":"https:\/\/secure.gravatar.com\/avatar\/eee448fc3f7164808013b816ba91ac7e43bbe82a70bebac296f8bc6f0addaa1a?s=96&d=mm&r=g","url":"https:\/\/secure.gravatar.com\/avatar\/eee448fc3f7164808013b816ba91ac7e43bbe82a70bebac296f8bc6f0addaa1a?s=96&d=mm&r=g","contentUrl":"https:\/\/secure.gravatar.com\/avatar\/eee448fc3f7164808013b816ba91ac7e43bbe82a70bebac296f8bc6f0addaa1a?s=96&d=mm&r=g","caption":"Edici\u00f3n Web"},"url":"https:\/\/canal7slp.tv\/2025\/author\/edicionweb\/"}]}},"_links":{"self":[{"href":"https:\/\/canal7slp.tv\/2025\/wp-json\/wp\/v2\/posts\/168241","targetHints":{"allow":["GET"]}}],"collection":[{"href":"https:\/\/canal7slp.tv\/2025\/wp-json\/wp\/v2\/posts"}],"about":[{"href":"https:\/\/canal7slp.tv\/2025\/wp-json\/wp\/v2\/types\/post"}],"author":[{"embeddable":true,"href":"https:\/\/canal7slp.tv\/2025\/wp-json\/wp\/v2\/users\/2"}],"replies":[{"embeddable":true,"href":"https:\/\/canal7slp.tv\/2025\/wp-json\/wp\/v2\/comments?post=168241"}],"version-history":[{"count":1,"href":"https:\/\/canal7slp.tv\/2025\/wp-json\/wp\/v2\/posts\/168241\/revisions"}],"predecessor-version":[{"id":168248,"href":"https:\/\/canal7slp.tv\/2025\/wp-json\/wp\/v2\/posts\/168241\/revisions\/168248"}],"wp:featuredmedia":[{"embeddable":true,"href":"https:\/\/canal7slp.tv\/2025\/wp-json\/wp\/v2\/media\/168247"}],"wp:attachment":[{"href":"https:\/\/canal7slp.tv\/2025\/wp-json\/wp\/v2\/media?parent=168241"}],"wp:term":[{"taxonomy":"category","embeddable":true,"href":"https:\/\/canal7slp.tv\/2025\/wp-json\/wp\/v2\/categories?post=168241"},{"taxonomy":"post_tag","embeddable":true,"href":"https:\/\/canal7slp.tv\/2025\/wp-json\/wp\/v2\/tags?post=168241"}],"curies":[{"name":"wp","href":"https:\/\/api.w.org\/{rel}","templated":true}]}}