{"id":168117,"date":"2025-05-19T17:54:01","date_gmt":"2025-05-19T23:54:01","guid":{"rendered":"https:\/\/canal7slp.tv\/2025\/?p=168117"},"modified":"2025-05-19T22:04:59","modified_gmt":"2025-05-20T04:04:59","slug":"fallece-rafael-armendariz-blazquez-presidente-de-la-asociacion-mexicana-de-hoteles-y-moteles","status":"publish","type":"post","link":"https:\/\/canal7slp.tv\/2025\/fallece-rafael-armendariz-blazquez-presidente-de-la-asociacion-mexicana-de-hoteles-y-moteles\/","title":{"rendered":"Fallece Rafael Armend\u00e1riz Bl\u00e1zquez, presidente de la Asociaci\u00f3n Mexicana de Hoteles y Moteles"},"content":{"rendered":"<p style=\"text-align: justify;\">SLP.- Este lunes 19 de mayo falleci\u00f3 el presidente de la Asociaci\u00f3n Mexicana de Hoteles y Moteles del Estado de San Luis Potos\u00ed, Rafael Armend\u00e1riz Bl\u00e1zquez.<\/p>\n<p style=\"text-align: justify;\">Promotor del turismo, l\u00edder en el rubro con una larga trayectoria y representaci\u00f3n en el organismo empresarial -tanto en San Luis Potos\u00ed, como la Rep\u00fablica Mexicana-.<\/p>\n<p style=\"text-align: justify;\">De postura franca y cr\u00edtico de aquellos programas o estrategias de difusi\u00f3n deficientes en la administraci\u00f3n p\u00fablica.<\/p>\n<p style=\"text-align: justify;\">Rafael Armend\u00e1riz Bl\u00e1zquez naci\u00f3 un 15 de septiembre de 1953.<\/p>\n<p style=\"text-align: justify;\">Era Contador P\u00fablico, egresado de la Universidad Aut\u00f3noma de San Luis Potos\u00ed (UASLP).<\/p>\n<p style=\"text-align: justify;\">Fue en octubre de 1974 cuando se inici\u00f3 en la hoteler\u00eda.<\/p>\n<p style=\"text-align: justify;\">Su presencia en la Asociaci\u00f3n Mexicana de Hoteles y Moteles comenz\u00f3 en la filial de San Luis Potos\u00ed, como tesorero. Posteriormente, fue electo presidente.<\/p>\n<p style=\"text-align: justify;\">Durante su vida particip\u00f3 en diversas instituciones del sector p\u00fablico y privado: por ejemplo, como vicepresidente de Turismo de CANACO-SERVyTUR; miembro del Patronato de la Feria Nacional Potosina (FENAPO), integrante del Consejo de Banpa\u00eds y coordinador de los Organismos Empresariales de San Luis Potos\u00ed.<\/p>\n<p style=\"text-align: justify;\">Integr\u00f3 el \u00f3rgano interno de Interapas, form\u00f3 parte del Consejo Tur\u00edstico Municipal; aunado a haberse desempe\u00f1ado como consejero de COPARMEX, entre otras encomiendas.<\/p>\n<p style=\"text-align: justify;\">Fue un referente del sector hotelero en San Luis Potos\u00ed.<br \/>\nSu legado perdurar\u00e1.<\/p>\n<p style=\"text-align: justify;\">En paz descanse.<\/p>\n<p>Por: Paulina Rodr\u00edguez<\/p>\n","protected":false},"excerpt":{"rendered":"<p>SLP.- Este lunes 19 de mayo falleci\u00f3 el presidente de la Asociaci\u00f3n Mexicana de Hoteles y Moteles del Estado de San Luis Potos\u00ed, Rafael Armend\u00e1riz Bl\u00e1zquez. Promotor del turismo, l\u00edder en el rubro con una larga trayectoria y representaci\u00f3n en el organismo empresarial -tanto en San Luis Potos\u00ed, como la Rep\u00fablica Mexicana-. De postura franca y cr\u00edtico de aquellos programas o estrategias de difusi\u00f3n deficientes en la administraci\u00f3n p\u00fablica. Rafael Armend\u00e1riz Bl\u00e1zquez naci\u00f3 un 15 de septiembre de 1953. Era Contador P\u00fablico, egresado de la Universidad Aut\u00f3noma de San Luis Potos\u00ed (UASLP). Fue en octubre de 1974 cuando se inici\u00f3 [&hellip;]<\/p>\n","protected":false},"author":2,"featured_media":168151,"comment_status":"closed","ping_status":"closed","sticky":false,"template":"","format":"video","meta":{"_monsterinsights_skip_tracking":false,"_monsterinsights_sitenote_active":false,"_monsterinsights_sitenote_note":"","_monsterinsights_sitenote_category":0,"footnotes":""},"categories":[5,45],"tags":[],"class_list":["post-168117","post","type-post","status-publish","format-video","has-post-thumbnail","hentry","category-destacadas","category-localesyregionales","post_format-post-format-video","post--single"],"yoast_head":"<!-- This site is optimized with the Yoast SEO plugin v27.4 - https:\/\/yoast.com\/product\/yoast-seo-wordpress\/ -->\n<title>Fallece Rafael Armend\u00e1riz Bl\u00e1zquez, presidente de la Asociaci\u00f3n Mexicana de Hoteles y Moteles - Canal 7 SLP - 2025<\/title>\n<meta name=\"robots\" content=\"index, follow, max-snippet:-1, max-image-preview:large, max-video-preview:-1\" \/>\n<link rel=\"canonical\" href=\"https:\/\/canal7slp.tv\/2025\/fallece-rafael-armendariz-blazquez-presidente-de-la-asociacion-mexicana-de-hoteles-y-moteles\/\" \/>\n<meta property=\"og:locale\" content=\"es_ES\" \/>\n<meta property=\"og:type\" content=\"article\" \/>\n<meta property=\"og:title\" content=\"Fallece Rafael Armend\u00e1riz Bl\u00e1zquez, presidente de la Asociaci\u00f3n Mexicana de Hoteles y Moteles - Canal 7 SLP - 2025\" \/>\n<meta property=\"og:description\" content=\"SLP.- Este lunes 19 de mayo falleci\u00f3 el presidente de la Asociaci\u00f3n Mexicana de Hoteles y Moteles del Estado de San Luis Potos\u00ed, Rafael Armend\u00e1riz Bl\u00e1zquez. Promotor del turismo, l\u00edder en el rubro con una larga trayectoria y representaci\u00f3n en el organismo empresarial -tanto en San Luis Potos\u00ed, como la Rep\u00fablica Mexicana-. De postura franca y cr\u00edtico de aquellos programas o estrategias de difusi\u00f3n deficientes en la administraci\u00f3n p\u00fablica. Rafael Armend\u00e1riz Bl\u00e1zquez naci\u00f3 un 15 de septiembre de 1953. Era Contador P\u00fablico, egresado de la Universidad Aut\u00f3noma de San Luis Potos\u00ed (UASLP). Fue en octubre de 1974 cuando se inici\u00f3 [&hellip;]\" \/>\n<meta property=\"og:url\" content=\"https:\/\/canal7slp.tv\/2025\/fallece-rafael-armendariz-blazquez-presidente-de-la-asociacion-mexicana-de-hoteles-y-moteles\/\" \/>\n<meta property=\"og:site_name\" content=\"Canal 7 SLP - 2025\" \/>\n<meta property=\"article:publisher\" content=\"https:\/\/www.facebook.com\/noticieroscanal7atencionciudadana\/\" \/>\n<meta property=\"article:published_time\" content=\"2025-05-19T23:54:01+00:00\" \/>\n<meta property=\"article:modified_time\" content=\"2025-05-20T04:04:59+00:00\" \/>\n<meta property=\"og:image\" content=\"https:\/\/canal7slp.tv\/2025\/wp-content\/uploads\/2025\/05\/Pau01DonRafa.jpg\" \/>\n\t<meta property=\"og:image:width\" content=\"1280\" \/>\n\t<meta property=\"og:image:height\" content=\"720\" \/>\n\t<meta property=\"og:image:type\" content=\"image\/jpeg\" \/>\n<meta name=\"author\" content=\"Edici\u00f3n Web\" \/>\n<meta name=\"twitter:card\" content=\"summary_large_image\" \/>\n<meta name=\"twitter:creator\" content=\"@NOTICIEROS7\" \/>\n<meta name=\"twitter:site\" content=\"@NOTICIEROS7\" \/>\n<meta name=\"twitter:label1\" content=\"Escrito por\" \/>\n\t<meta name=\"twitter:data1\" content=\"Edici\u00f3n Web\" \/>\n\t<meta name=\"twitter:label2\" content=\"Tiempo de lectura\" \/>\n\t<meta name=\"twitter:data2\" content=\"2 minutos\" \/>\n<script type=\"application\/ld+json\" class=\"yoast-schema-graph\">{\"@context\":\"https:\\\/\\\/schema.org\",\"@graph\":[{\"@type\":\"Article\",\"@id\":\"https:\\\/\\\/canal7slp.tv\\\/2025\\\/fallece-rafael-armendariz-blazquez-presidente-de-la-asociacion-mexicana-de-hoteles-y-moteles\\\/#article\",\"isPartOf\":{\"@id\":\"https:\\\/\\\/canal7slp.tv\\\/2025\\\/fallece-rafael-armendariz-blazquez-presidente-de-la-asociacion-mexicana-de-hoteles-y-moteles\\\/\"},\"author\":{\"name\":\"Edici\u00f3n Web\",\"@id\":\"https:\\\/\\\/canal7slp.tv\\\/2025\\\/#\\\/schema\\\/person\\\/271e2b60a96e7cc9d9ac296f4d7e414b\"},\"headline\":\"Fallece Rafael Armend\u00e1riz Bl\u00e1zquez, presidente de la Asociaci\u00f3n Mexicana de Hoteles y Moteles\",\"datePublished\":\"2025-05-19T23:54:01+00:00\",\"dateModified\":\"2025-05-20T04:04:59+00:00\",\"mainEntityOfPage\":{\"@id\":\"https:\\\/\\\/canal7slp.tv\\\/2025\\\/fallece-rafael-armendariz-blazquez-presidente-de-la-asociacion-mexicana-de-hoteles-y-moteles\\\/\"},\"wordCount\":247,\"publisher\":{\"@id\":\"https:\\\/\\\/canal7slp.tv\\\/2025\\\/#organization\"},\"image\":{\"@id\":\"https:\\\/\\\/canal7slp.tv\\\/2025\\\/fallece-rafael-armendariz-blazquez-presidente-de-la-asociacion-mexicana-de-hoteles-y-moteles\\\/#primaryimage\"},\"thumbnailUrl\":\"https:\\\/\\\/canal7slp.tv\\\/2025\\\/wp-content\\\/uploads\\\/2025\\\/05\\\/Pau01DonRafa.jpg\",\"articleSection\":[\"DESTACADAS\",\"LOCALES Y REGIONALES\"],\"inLanguage\":\"es\"},{\"@type\":\"WebPage\",\"@id\":\"https:\\\/\\\/canal7slp.tv\\\/2025\\\/fallece-rafael-armendariz-blazquez-presidente-de-la-asociacion-mexicana-de-hoteles-y-moteles\\\/\",\"url\":\"https:\\\/\\\/canal7slp.tv\\\/2025\\\/fallece-rafael-armendariz-blazquez-presidente-de-la-asociacion-mexicana-de-hoteles-y-moteles\\\/\",\"name\":\"Fallece Rafael Armend\u00e1riz Bl\u00e1zquez, presidente de la Asociaci\u00f3n Mexicana de Hoteles y Moteles - Canal 7 SLP - 2025\",\"isPartOf\":{\"@id\":\"https:\\\/\\\/canal7slp.tv\\\/2025\\\/#website\"},\"primaryImageOfPage\":{\"@id\":\"https:\\\/\\\/canal7slp.tv\\\/2025\\\/fallece-rafael-armendariz-blazquez-presidente-de-la-asociacion-mexicana-de-hoteles-y-moteles\\\/#primaryimage\"},\"image\":{\"@id\":\"https:\\\/\\\/canal7slp.tv\\\/2025\\\/fallece-rafael-armendariz-blazquez-presidente-de-la-asociacion-mexicana-de-hoteles-y-moteles\\\/#primaryimage\"},\"thumbnailUrl\":\"https:\\\/\\\/canal7slp.tv\\\/2025\\\/wp-content\\\/uploads\\\/2025\\\/05\\\/Pau01DonRafa.jpg\",\"datePublished\":\"2025-05-19T23:54:01+00:00\",\"dateModified\":\"2025-05-20T04:04:59+00:00\",\"breadcrumb\":{\"@id\":\"https:\\\/\\\/canal7slp.tv\\\/2025\\\/fallece-rafael-armendariz-blazquez-presidente-de-la-asociacion-mexicana-de-hoteles-y-moteles\\\/#breadcrumb\"},\"inLanguage\":\"es\",\"potentialAction\":[{\"@type\":\"ReadAction\",\"target\":[\"https:\\\/\\\/canal7slp.tv\\\/2025\\\/fallece-rafael-armendariz-blazquez-presidente-de-la-asociacion-mexicana-de-hoteles-y-moteles\\\/\"]}]},{\"@type\":\"ImageObject\",\"inLanguage\":\"es\",\"@id\":\"https:\\\/\\\/canal7slp.tv\\\/2025\\\/fallece-rafael-armendariz-blazquez-presidente-de-la-asociacion-mexicana-de-hoteles-y-moteles\\\/#primaryimage\",\"url\":\"https:\\\/\\\/canal7slp.tv\\\/2025\\\/wp-content\\\/uploads\\\/2025\\\/05\\\/Pau01DonRafa.jpg\",\"contentUrl\":\"https:\\\/\\\/canal7slp.tv\\\/2025\\\/wp-content\\\/uploads\\\/2025\\\/05\\\/Pau01DonRafa.jpg\",\"width\":1280,\"height\":720},{\"@type\":\"BreadcrumbList\",\"@id\":\"https:\\\/\\\/canal7slp.tv\\\/2025\\\/fallece-rafael-armendariz-blazquez-presidente-de-la-asociacion-mexicana-de-hoteles-y-moteles\\\/#breadcrumb\",\"itemListElement\":[{\"@type\":\"ListItem\",\"position\":1,\"name\":\"Portada\",\"item\":\"https:\\\/\\\/canal7slp.tv\\\/2025\\\/\"},{\"@type\":\"ListItem\",\"position\":2,\"name\":\"Fallece Rafael Armend\u00e1riz Bl\u00e1zquez, presidente de la Asociaci\u00f3n Mexicana de Hoteles y Moteles\"}]},{\"@type\":\"WebSite\",\"@id\":\"https:\\\/\\\/canal7slp.tv\\\/2025\\\/#website\",\"url\":\"https:\\\/\\\/canal7slp.tv\\\/2025\\\/\",\"name\":\"N7 - Noticieros Canal 7\",\"description\":\"Somos el Medio\",\"publisher\":{\"@id\":\"https:\\\/\\\/canal7slp.tv\\\/2025\\\/#organization\"},\"potentialAction\":[{\"@type\":\"SearchAction\",\"target\":{\"@type\":\"EntryPoint\",\"urlTemplate\":\"https:\\\/\\\/canal7slp.tv\\\/2025\\\/?s={search_term_string}\"},\"query-input\":{\"@type\":\"PropertyValueSpecification\",\"valueRequired\":true,\"valueName\":\"search_term_string\"}}],\"inLanguage\":\"es\"},{\"@type\":\"Organization\",\"@id\":\"https:\\\/\\\/canal7slp.tv\\\/2025\\\/#organization\",\"name\":\"Noticieros Canal 7\",\"url\":\"https:\\\/\\\/canal7slp.tv\\\/2025\\\/\",\"logo\":{\"@type\":\"ImageObject\",\"inLanguage\":\"es\",\"@id\":\"https:\\\/\\\/canal7slp.tv\\\/2025\\\/#\\\/schema\\\/logo\\\/image\\\/\",\"url\":\"https:\\\/\\\/canal7slp.tv\\\/2025\\\/wp-content\\\/uploads\\\/2021\\\/01\\\/logo-noticieros@2x.png\",\"contentUrl\":\"https:\\\/\\\/canal7slp.tv\\\/2025\\\/wp-content\\\/uploads\\\/2021\\\/01\\\/logo-noticieros@2x.png\",\"width\":1017,\"height\":268,\"caption\":\"Noticieros Canal 7\"},\"image\":{\"@id\":\"https:\\\/\\\/canal7slp.tv\\\/2025\\\/#\\\/schema\\\/logo\\\/image\\\/\"},\"sameAs\":[\"https:\\\/\\\/www.facebook.com\\\/noticieroscanal7atencionciudadana\\\/\",\"https:\\\/\\\/x.com\\\/NOTICIEROS7\",\"https:\\\/\\\/www.instagram.com\\\/canal7_slp\",\"https:\\\/\\\/www.youtube.com\\\/channel\\\/UCliiYs-gP3JfJeqdPrNdd5A\"]},{\"@type\":\"Person\",\"@id\":\"https:\\\/\\\/canal7slp.tv\\\/2025\\\/#\\\/schema\\\/person\\\/271e2b60a96e7cc9d9ac296f4d7e414b\",\"name\":\"Edici\u00f3n Web\",\"image\":{\"@type\":\"ImageObject\",\"inLanguage\":\"es\",\"@id\":\"https:\\\/\\\/secure.gravatar.com\\\/avatar\\\/eee448fc3f7164808013b816ba91ac7e43bbe82a70bebac296f8bc6f0addaa1a?s=96&d=mm&r=g\",\"url\":\"https:\\\/\\\/secure.gravatar.com\\\/avatar\\\/eee448fc3f7164808013b816ba91ac7e43bbe82a70bebac296f8bc6f0addaa1a?s=96&d=mm&r=g\",\"contentUrl\":\"https:\\\/\\\/secure.gravatar.com\\\/avatar\\\/eee448fc3f7164808013b816ba91ac7e43bbe82a70bebac296f8bc6f0addaa1a?s=96&d=mm&r=g\",\"caption\":\"Edici\u00f3n Web\"},\"url\":\"https:\\\/\\\/canal7slp.tv\\\/2025\\\/author\\\/edicionweb\\\/\"}]}<\/script>\n<!-- \/ Yoast SEO plugin. -->","yoast_head_json":{"title":"Fallece Rafael Armend\u00e1riz Bl\u00e1zquez, presidente de la Asociaci\u00f3n Mexicana de Hoteles y Moteles - Canal 7 SLP - 2025","robots":{"index":"index","follow":"follow","max-snippet":"max-snippet:-1","max-image-preview":"max-image-preview:large","max-video-preview":"max-video-preview:-1"},"canonical":"https:\/\/canal7slp.tv\/2025\/fallece-rafael-armendariz-blazquez-presidente-de-la-asociacion-mexicana-de-hoteles-y-moteles\/","og_locale":"es_ES","og_type":"article","og_title":"Fallece Rafael Armend\u00e1riz Bl\u00e1zquez, presidente de la Asociaci\u00f3n Mexicana de Hoteles y Moteles - Canal 7 SLP - 2025","og_description":"SLP.- Este lunes 19 de mayo falleci\u00f3 el presidente de la Asociaci\u00f3n Mexicana de Hoteles y Moteles del Estado de San Luis Potos\u00ed, Rafael Armend\u00e1riz Bl\u00e1zquez. Promotor del turismo, l\u00edder en el rubro con una larga trayectoria y representaci\u00f3n en el organismo empresarial -tanto en San Luis Potos\u00ed, como la Rep\u00fablica Mexicana-. De postura franca y cr\u00edtico de aquellos programas o estrategias de difusi\u00f3n deficientes en la administraci\u00f3n p\u00fablica. Rafael Armend\u00e1riz Bl\u00e1zquez naci\u00f3 un 15 de septiembre de 1953. Era Contador P\u00fablico, egresado de la Universidad Aut\u00f3noma de San Luis Potos\u00ed (UASLP). Fue en octubre de 1974 cuando se inici\u00f3 [&hellip;]","og_url":"https:\/\/canal7slp.tv\/2025\/fallece-rafael-armendariz-blazquez-presidente-de-la-asociacion-mexicana-de-hoteles-y-moteles\/","og_site_name":"Canal 7 SLP - 2025","article_publisher":"https:\/\/www.facebook.com\/noticieroscanal7atencionciudadana\/","article_published_time":"2025-05-19T23:54:01+00:00","article_modified_time":"2025-05-20T04:04:59+00:00","og_image":[{"width":1280,"height":720,"url":"https:\/\/canal7slp.tv\/2025\/wp-content\/uploads\/2025\/05\/Pau01DonRafa.jpg","type":"image\/jpeg"}],"author":"Edici\u00f3n Web","twitter_card":"summary_large_image","twitter_creator":"@NOTICIEROS7","twitter_site":"@NOTICIEROS7","twitter_misc":{"Escrito por":"Edici\u00f3n Web","Tiempo de lectura":"2 minutos"},"schema":{"@context":"https:\/\/schema.org","@graph":[{"@type":"Article","@id":"https:\/\/canal7slp.tv\/2025\/fallece-rafael-armendariz-blazquez-presidente-de-la-asociacion-mexicana-de-hoteles-y-moteles\/#article","isPartOf":{"@id":"https:\/\/canal7slp.tv\/2025\/fallece-rafael-armendariz-blazquez-presidente-de-la-asociacion-mexicana-de-hoteles-y-moteles\/"},"author":{"name":"Edici\u00f3n Web","@id":"https:\/\/canal7slp.tv\/2025\/#\/schema\/person\/271e2b60a96e7cc9d9ac296f4d7e414b"},"headline":"Fallece Rafael Armend\u00e1riz Bl\u00e1zquez, presidente de la Asociaci\u00f3n Mexicana de Hoteles y Moteles","datePublished":"2025-05-19T23:54:01+00:00","dateModified":"2025-05-20T04:04:59+00:00","mainEntityOfPage":{"@id":"https:\/\/canal7slp.tv\/2025\/fallece-rafael-armendariz-blazquez-presidente-de-la-asociacion-mexicana-de-hoteles-y-moteles\/"},"wordCount":247,"publisher":{"@id":"https:\/\/canal7slp.tv\/2025\/#organization"},"image":{"@id":"https:\/\/canal7slp.tv\/2025\/fallece-rafael-armendariz-blazquez-presidente-de-la-asociacion-mexicana-de-hoteles-y-moteles\/#primaryimage"},"thumbnailUrl":"https:\/\/canal7slp.tv\/2025\/wp-content\/uploads\/2025\/05\/Pau01DonRafa.jpg","articleSection":["DESTACADAS","LOCALES Y REGIONALES"],"inLanguage":"es"},{"@type":"WebPage","@id":"https:\/\/canal7slp.tv\/2025\/fallece-rafael-armendariz-blazquez-presidente-de-la-asociacion-mexicana-de-hoteles-y-moteles\/","url":"https:\/\/canal7slp.tv\/2025\/fallece-rafael-armendariz-blazquez-presidente-de-la-asociacion-mexicana-de-hoteles-y-moteles\/","name":"Fallece Rafael Armend\u00e1riz Bl\u00e1zquez, presidente de la Asociaci\u00f3n Mexicana de Hoteles y Moteles - Canal 7 SLP - 2025","isPartOf":{"@id":"https:\/\/canal7slp.tv\/2025\/#website"},"primaryImageOfPage":{"@id":"https:\/\/canal7slp.tv\/2025\/fallece-rafael-armendariz-blazquez-presidente-de-la-asociacion-mexicana-de-hoteles-y-moteles\/#primaryimage"},"image":{"@id":"https:\/\/canal7slp.tv\/2025\/fallece-rafael-armendariz-blazquez-presidente-de-la-asociacion-mexicana-de-hoteles-y-moteles\/#primaryimage"},"thumbnailUrl":"https:\/\/canal7slp.tv\/2025\/wp-content\/uploads\/2025\/05\/Pau01DonRafa.jpg","datePublished":"2025-05-19T23:54:01+00:00","dateModified":"2025-05-20T04:04:59+00:00","breadcrumb":{"@id":"https:\/\/canal7slp.tv\/2025\/fallece-rafael-armendariz-blazquez-presidente-de-la-asociacion-mexicana-de-hoteles-y-moteles\/#breadcrumb"},"inLanguage":"es","potentialAction":[{"@type":"ReadAction","target":["https:\/\/canal7slp.tv\/2025\/fallece-rafael-armendariz-blazquez-presidente-de-la-asociacion-mexicana-de-hoteles-y-moteles\/"]}]},{"@type":"ImageObject","inLanguage":"es","@id":"https:\/\/canal7slp.tv\/2025\/fallece-rafael-armendariz-blazquez-presidente-de-la-asociacion-mexicana-de-hoteles-y-moteles\/#primaryimage","url":"https:\/\/canal7slp.tv\/2025\/wp-content\/uploads\/2025\/05\/Pau01DonRafa.jpg","contentUrl":"https:\/\/canal7slp.tv\/2025\/wp-content\/uploads\/2025\/05\/Pau01DonRafa.jpg","width":1280,"height":720},{"@type":"BreadcrumbList","@id":"https:\/\/canal7slp.tv\/2025\/fallece-rafael-armendariz-blazquez-presidente-de-la-asociacion-mexicana-de-hoteles-y-moteles\/#breadcrumb","itemListElement":[{"@type":"ListItem","position":1,"name":"Portada","item":"https:\/\/canal7slp.tv\/2025\/"},{"@type":"ListItem","position":2,"name":"Fallece Rafael Armend\u00e1riz Bl\u00e1zquez, presidente de la Asociaci\u00f3n Mexicana de Hoteles y Moteles"}]},{"@type":"WebSite","@id":"https:\/\/canal7slp.tv\/2025\/#website","url":"https:\/\/canal7slp.tv\/2025\/","name":"N7 - Noticieros Canal 7","description":"Somos el Medio","publisher":{"@id":"https:\/\/canal7slp.tv\/2025\/#organization"},"potentialAction":[{"@type":"SearchAction","target":{"@type":"EntryPoint","urlTemplate":"https:\/\/canal7slp.tv\/2025\/?s={search_term_string}"},"query-input":{"@type":"PropertyValueSpecification","valueRequired":true,"valueName":"search_term_string"}}],"inLanguage":"es"},{"@type":"Organization","@id":"https:\/\/canal7slp.tv\/2025\/#organization","name":"Noticieros Canal 7","url":"https:\/\/canal7slp.tv\/2025\/","logo":{"@type":"ImageObject","inLanguage":"es","@id":"https:\/\/canal7slp.tv\/2025\/#\/schema\/logo\/image\/","url":"https:\/\/canal7slp.tv\/2025\/wp-content\/uploads\/2021\/01\/logo-noticieros@2x.png","contentUrl":"https:\/\/canal7slp.tv\/2025\/wp-content\/uploads\/2021\/01\/logo-noticieros@2x.png","width":1017,"height":268,"caption":"Noticieros Canal 7"},"image":{"@id":"https:\/\/canal7slp.tv\/2025\/#\/schema\/logo\/image\/"},"sameAs":["https:\/\/www.facebook.com\/noticieroscanal7atencionciudadana\/","https:\/\/x.com\/NOTICIEROS7","https:\/\/www.instagram.com\/canal7_slp","https:\/\/www.youtube.com\/channel\/UCliiYs-gP3JfJeqdPrNdd5A"]},{"@type":"Person","@id":"https:\/\/canal7slp.tv\/2025\/#\/schema\/person\/271e2b60a96e7cc9d9ac296f4d7e414b","name":"Edici\u00f3n Web","image":{"@type":"ImageObject","inLanguage":"es","@id":"https:\/\/secure.gravatar.com\/avatar\/eee448fc3f7164808013b816ba91ac7e43bbe82a70bebac296f8bc6f0addaa1a?s=96&d=mm&r=g","url":"https:\/\/secure.gravatar.com\/avatar\/eee448fc3f7164808013b816ba91ac7e43bbe82a70bebac296f8bc6f0addaa1a?s=96&d=mm&r=g","contentUrl":"https:\/\/secure.gravatar.com\/avatar\/eee448fc3f7164808013b816ba91ac7e43bbe82a70bebac296f8bc6f0addaa1a?s=96&d=mm&r=g","caption":"Edici\u00f3n Web"},"url":"https:\/\/canal7slp.tv\/2025\/author\/edicionweb\/"}]}},"_links":{"self":[{"href":"https:\/\/canal7slp.tv\/2025\/wp-json\/wp\/v2\/posts\/168117","targetHints":{"allow":["GET"]}}],"collection":[{"href":"https:\/\/canal7slp.tv\/2025\/wp-json\/wp\/v2\/posts"}],"about":[{"href":"https:\/\/canal7slp.tv\/2025\/wp-json\/wp\/v2\/types\/post"}],"author":[{"embeddable":true,"href":"https:\/\/canal7slp.tv\/2025\/wp-json\/wp\/v2\/users\/2"}],"replies":[{"embeddable":true,"href":"https:\/\/canal7slp.tv\/2025\/wp-json\/wp\/v2\/comments?post=168117"}],"version-history":[{"count":1,"href":"https:\/\/canal7slp.tv\/2025\/wp-json\/wp\/v2\/posts\/168117\/revisions"}],"predecessor-version":[{"id":168118,"href":"https:\/\/canal7slp.tv\/2025\/wp-json\/wp\/v2\/posts\/168117\/revisions\/168118"}],"wp:featuredmedia":[{"embeddable":true,"href":"https:\/\/canal7slp.tv\/2025\/wp-json\/wp\/v2\/media\/168151"}],"wp:attachment":[{"href":"https:\/\/canal7slp.tv\/2025\/wp-json\/wp\/v2\/media?parent=168117"}],"wp:term":[{"taxonomy":"category","embeddable":true,"href":"https:\/\/canal7slp.tv\/2025\/wp-json\/wp\/v2\/categories?post=168117"},{"taxonomy":"post_tag","embeddable":true,"href":"https:\/\/canal7slp.tv\/2025\/wp-json\/wp\/v2\/tags?post=168117"}],"curies":[{"name":"wp","href":"https:\/\/api.w.org\/{rel}","templated":true}]}}