{"id":168068,"date":"2025-05-19T15:53:16","date_gmt":"2025-05-19T21:53:16","guid":{"rendered":"https:\/\/canal7slp.tv\/2025\/?p=168068"},"modified":"2025-05-19T15:53:16","modified_gmt":"2025-05-19T21:53:16","slug":"tras-marcha-ciudadana-sspc-afirma-que-continuara-el-fortalecimiento-de-acciones-de-seguridad","status":"publish","type":"post","link":"https:\/\/canal7slp.tv\/2025\/tras-marcha-ciudadana-sspc-afirma-que-continuara-el-fortalecimiento-de-acciones-de-seguridad\/","title":{"rendered":"Tras marcha ciudadana, SSPC afirma que continuar\u00e1 el fortalecimiento de acciones de seguridad"},"content":{"rendered":"<p style=\"text-align: justify;\"><span style=\"font-size: 1.21429rem;\">SLP.- Tras la marcha realizada el pasado fin de semana en San Luis Potos\u00ed, en la que cientos de personas exigieron justicia y mayor seguridad, el secretario de Seguridad y Protecci\u00f3n Ciudadana del Estado, Jes\u00fas Ju\u00e1rez Hern\u00e1ndez, asegur\u00f3 que se mantienen firmes en reforzar la coordinaci\u00f3n y las estrategias operativas en el territorio.<\/span><\/p>\n<p style=\"text-align: justify;\">Sin embargo, destac\u00f3 que actualmente se tienen cifras positivas referentes al \u00edndice de delitos de alto impacto, sobretodo en la zona metropolitana.<\/p>\n<p style=\"text-align: justify;\">\u201cNosotros queremos combatir tambi\u00e9n la estad\u00edstica; aqu\u00ed en la zona metropolitana traemos una estad\u00edstica positiva en cuanto a delitos de alto impacto que es a lo que ahorita la Guardia Civil se avoc\u00f3\u201d, mencion\u00f3.<\/p>\n<p style=\"text-align: justify;\">Prosigui\u00f3: \u201cLa idea es tambi\u00e9n coordinarnos para combatir la incidencia delictiva en la zona metropolitana, es decir, una vez que bajan los delitos de alto impacto se empiezan a visualizar otros delitos que empiezan a surgir o elevarse y hay que aplicarnos\u00bb.<\/p>\n<p style=\"text-align: justify;\">El secretario indic\u00f3 que se cuenta con un despliegue importante en las regiones que colindan con otras entidades, a fin de contener la operaci\u00f3n de grupos criminales.<\/p>\n<p style=\"text-align: justify;\">\u201cTenemos un despliegue regional con las fronteras de otros estados; ah\u00ed tenemos la mayor presencia en el combate a grupos criminales\u201d, detall\u00f3.<\/p>\n<p style=\"text-align: justify;\">Tambi\u00e9n resalt\u00f3 el valor de las mesas de seguridad como mecanismos para asignar tareas claras y fortalecer la coordinaci\u00f3n entre instituciones.<\/p>\n<p style=\"text-align: justify;\">\u201cEstamos de acuerdo en que debemos de buscar estrategias, acciones, tareas, encomiendas para cada una de las instituciones y para eso sirve la mesa, para que cada uno nos llevemos las tareas as\u00ed sea de forma individual o de forma coordinadas\u201d, dijo.<\/p>\n<p style=\"text-align: justify;\">Finalmente, indic\u00f3 que se est\u00e1n utilizando herramientas y operativos especializados para atender distintos tipos de delitos.<\/p>\n<p style=\"text-align: justify;\">\u201cNosotros tenemos muchas herramientas como operativos especializados para el combate a cierto tipo de acciones delictivas como el robo de veh\u00edculos, robo de motocicletas o robo a comercio; lo que debemos de hacer es coordinarnos con esas herramientas y crear otras o generar otras acciones como ya lo estamos haciendo\u201d, concluy\u00f3.<\/p>\n<p style=\"text-align: justify;\">Por: Jos\u00e9 Luis V\u00e1zquez<\/p>\n","protected":false},"excerpt":{"rendered":"<p>SLP.- Tras la marcha realizada el pasado fin de semana en San Luis Potos\u00ed, en la que cientos de personas exigieron justicia y mayor seguridad, el secretario de Seguridad y Protecci\u00f3n Ciudadana del Estado, Jes\u00fas Ju\u00e1rez Hern\u00e1ndez, asegur\u00f3 que se mantienen firmes en reforzar la coordinaci\u00f3n y las estrategias operativas en el territorio. Sin embargo, destac\u00f3 que actualmente se tienen cifras positivas referentes al \u00edndice de delitos de alto impacto, sobretodo en la zona metropolitana. \u201cNosotros queremos combatir tambi\u00e9n la estad\u00edstica; aqu\u00ed en la zona metropolitana traemos una estad\u00edstica positiva en cuanto a delitos de alto impacto que es a [&hellip;]<\/p>\n","protected":false},"author":2,"featured_media":168070,"comment_status":"closed","ping_status":"closed","sticky":false,"template":"","format":"video","meta":{"_monsterinsights_skip_tracking":false,"_monsterinsights_sitenote_active":false,"_monsterinsights_sitenote_note":"","_monsterinsights_sitenote_category":0,"footnotes":""},"categories":[5,45],"tags":[],"class_list":["post-168068","post","type-post","status-publish","format-video","has-post-thumbnail","hentry","category-destacadas","category-localesyregionales","post_format-post-format-video","post--single"],"yoast_head":"<!-- This site is optimized with the Yoast SEO plugin v27.4 - https:\/\/yoast.com\/product\/yoast-seo-wordpress\/ -->\n<title>Tras marcha ciudadana, SSPC afirma que continuar\u00e1 el fortalecimiento de acciones de seguridad - Canal 7 SLP - 2025<\/title>\n<meta name=\"robots\" content=\"index, follow, max-snippet:-1, max-image-preview:large, max-video-preview:-1\" \/>\n<link rel=\"canonical\" href=\"https:\/\/canal7slp.tv\/2025\/tras-marcha-ciudadana-sspc-afirma-que-continuara-el-fortalecimiento-de-acciones-de-seguridad\/\" \/>\n<meta property=\"og:locale\" content=\"es_ES\" \/>\n<meta property=\"og:type\" content=\"article\" \/>\n<meta property=\"og:title\" content=\"Tras marcha ciudadana, SSPC afirma que continuar\u00e1 el fortalecimiento de acciones de seguridad - Canal 7 SLP - 2025\" \/>\n<meta property=\"og:description\" content=\"SLP.- Tras la marcha realizada el pasado fin de semana en San Luis Potos\u00ed, en la que cientos de personas exigieron justicia y mayor seguridad, el secretario de Seguridad y Protecci\u00f3n Ciudadana del Estado, Jes\u00fas Ju\u00e1rez Hern\u00e1ndez, asegur\u00f3 que se mantienen firmes en reforzar la coordinaci\u00f3n y las estrategias operativas en el territorio. Sin embargo, destac\u00f3 que actualmente se tienen cifras positivas referentes al \u00edndice de delitos de alto impacto, sobretodo en la zona metropolitana. \u201cNosotros queremos combatir tambi\u00e9n la estad\u00edstica; aqu\u00ed en la zona metropolitana traemos una estad\u00edstica positiva en cuanto a delitos de alto impacto que es a [&hellip;]\" \/>\n<meta property=\"og:url\" content=\"https:\/\/canal7slp.tv\/2025\/tras-marcha-ciudadana-sspc-afirma-que-continuara-el-fortalecimiento-de-acciones-de-seguridad\/\" \/>\n<meta property=\"og:site_name\" content=\"Canal 7 SLP - 2025\" \/>\n<meta property=\"article:publisher\" content=\"https:\/\/www.facebook.com\/noticieroscanal7atencionciudadana\/\" \/>\n<meta property=\"article:published_time\" content=\"2025-05-19T21:53:16+00:00\" \/>\n<meta property=\"og:image\" content=\"https:\/\/canal7slp.tv\/2025\/wp-content\/uploads\/2025\/05\/Vazquez04SSPCSeguridad.jpg\" \/>\n\t<meta property=\"og:image:width\" content=\"1280\" \/>\n\t<meta property=\"og:image:height\" content=\"720\" \/>\n\t<meta property=\"og:image:type\" content=\"image\/jpeg\" \/>\n<meta name=\"author\" content=\"Edici\u00f3n Web\" \/>\n<meta name=\"twitter:card\" content=\"summary_large_image\" \/>\n<meta name=\"twitter:creator\" content=\"@NOTICIEROS7\" \/>\n<meta name=\"twitter:site\" content=\"@NOTICIEROS7\" \/>\n<meta name=\"twitter:label1\" content=\"Escrito por\" \/>\n\t<meta name=\"twitter:data1\" content=\"Edici\u00f3n Web\" \/>\n\t<meta name=\"twitter:label2\" content=\"Tiempo de lectura\" \/>\n\t<meta name=\"twitter:data2\" content=\"2 minutos\" \/>\n<script type=\"application\/ld+json\" class=\"yoast-schema-graph\">{\"@context\":\"https:\\\/\\\/schema.org\",\"@graph\":[{\"@type\":\"Article\",\"@id\":\"https:\\\/\\\/canal7slp.tv\\\/2025\\\/tras-marcha-ciudadana-sspc-afirma-que-continuara-el-fortalecimiento-de-acciones-de-seguridad\\\/#article\",\"isPartOf\":{\"@id\":\"https:\\\/\\\/canal7slp.tv\\\/2025\\\/tras-marcha-ciudadana-sspc-afirma-que-continuara-el-fortalecimiento-de-acciones-de-seguridad\\\/\"},\"author\":{\"name\":\"Edici\u00f3n Web\",\"@id\":\"https:\\\/\\\/canal7slp.tv\\\/2025\\\/#\\\/schema\\\/person\\\/271e2b60a96e7cc9d9ac296f4d7e414b\"},\"headline\":\"Tras marcha ciudadana, SSPC afirma que continuar\u00e1 el fortalecimiento de acciones de seguridad\",\"datePublished\":\"2025-05-19T21:53:16+00:00\",\"mainEntityOfPage\":{\"@id\":\"https:\\\/\\\/canal7slp.tv\\\/2025\\\/tras-marcha-ciudadana-sspc-afirma-que-continuara-el-fortalecimiento-de-acciones-de-seguridad\\\/\"},\"wordCount\":363,\"publisher\":{\"@id\":\"https:\\\/\\\/canal7slp.tv\\\/2025\\\/#organization\"},\"image\":{\"@id\":\"https:\\\/\\\/canal7slp.tv\\\/2025\\\/tras-marcha-ciudadana-sspc-afirma-que-continuara-el-fortalecimiento-de-acciones-de-seguridad\\\/#primaryimage\"},\"thumbnailUrl\":\"https:\\\/\\\/canal7slp.tv\\\/2025\\\/wp-content\\\/uploads\\\/2025\\\/05\\\/Vazquez04SSPCSeguridad.jpg\",\"articleSection\":[\"DESTACADAS\",\"LOCALES Y REGIONALES\"],\"inLanguage\":\"es\"},{\"@type\":\"WebPage\",\"@id\":\"https:\\\/\\\/canal7slp.tv\\\/2025\\\/tras-marcha-ciudadana-sspc-afirma-que-continuara-el-fortalecimiento-de-acciones-de-seguridad\\\/\",\"url\":\"https:\\\/\\\/canal7slp.tv\\\/2025\\\/tras-marcha-ciudadana-sspc-afirma-que-continuara-el-fortalecimiento-de-acciones-de-seguridad\\\/\",\"name\":\"Tras marcha ciudadana, SSPC afirma que continuar\u00e1 el fortalecimiento de acciones de seguridad - Canal 7 SLP - 2025\",\"isPartOf\":{\"@id\":\"https:\\\/\\\/canal7slp.tv\\\/2025\\\/#website\"},\"primaryImageOfPage\":{\"@id\":\"https:\\\/\\\/canal7slp.tv\\\/2025\\\/tras-marcha-ciudadana-sspc-afirma-que-continuara-el-fortalecimiento-de-acciones-de-seguridad\\\/#primaryimage\"},\"image\":{\"@id\":\"https:\\\/\\\/canal7slp.tv\\\/2025\\\/tras-marcha-ciudadana-sspc-afirma-que-continuara-el-fortalecimiento-de-acciones-de-seguridad\\\/#primaryimage\"},\"thumbnailUrl\":\"https:\\\/\\\/canal7slp.tv\\\/2025\\\/wp-content\\\/uploads\\\/2025\\\/05\\\/Vazquez04SSPCSeguridad.jpg\",\"datePublished\":\"2025-05-19T21:53:16+00:00\",\"breadcrumb\":{\"@id\":\"https:\\\/\\\/canal7slp.tv\\\/2025\\\/tras-marcha-ciudadana-sspc-afirma-que-continuara-el-fortalecimiento-de-acciones-de-seguridad\\\/#breadcrumb\"},\"inLanguage\":\"es\",\"potentialAction\":[{\"@type\":\"ReadAction\",\"target\":[\"https:\\\/\\\/canal7slp.tv\\\/2025\\\/tras-marcha-ciudadana-sspc-afirma-que-continuara-el-fortalecimiento-de-acciones-de-seguridad\\\/\"]}]},{\"@type\":\"ImageObject\",\"inLanguage\":\"es\",\"@id\":\"https:\\\/\\\/canal7slp.tv\\\/2025\\\/tras-marcha-ciudadana-sspc-afirma-que-continuara-el-fortalecimiento-de-acciones-de-seguridad\\\/#primaryimage\",\"url\":\"https:\\\/\\\/canal7slp.tv\\\/2025\\\/wp-content\\\/uploads\\\/2025\\\/05\\\/Vazquez04SSPCSeguridad.jpg\",\"contentUrl\":\"https:\\\/\\\/canal7slp.tv\\\/2025\\\/wp-content\\\/uploads\\\/2025\\\/05\\\/Vazquez04SSPCSeguridad.jpg\",\"width\":1280,\"height\":720},{\"@type\":\"BreadcrumbList\",\"@id\":\"https:\\\/\\\/canal7slp.tv\\\/2025\\\/tras-marcha-ciudadana-sspc-afirma-que-continuara-el-fortalecimiento-de-acciones-de-seguridad\\\/#breadcrumb\",\"itemListElement\":[{\"@type\":\"ListItem\",\"position\":1,\"name\":\"Portada\",\"item\":\"https:\\\/\\\/canal7slp.tv\\\/2025\\\/\"},{\"@type\":\"ListItem\",\"position\":2,\"name\":\"Tras marcha ciudadana, SSPC afirma que continuar\u00e1 el fortalecimiento de acciones de seguridad\"}]},{\"@type\":\"WebSite\",\"@id\":\"https:\\\/\\\/canal7slp.tv\\\/2025\\\/#website\",\"url\":\"https:\\\/\\\/canal7slp.tv\\\/2025\\\/\",\"name\":\"N7 - Noticieros Canal 7\",\"description\":\"Somos el Medio\",\"publisher\":{\"@id\":\"https:\\\/\\\/canal7slp.tv\\\/2025\\\/#organization\"},\"potentialAction\":[{\"@type\":\"SearchAction\",\"target\":{\"@type\":\"EntryPoint\",\"urlTemplate\":\"https:\\\/\\\/canal7slp.tv\\\/2025\\\/?s={search_term_string}\"},\"query-input\":{\"@type\":\"PropertyValueSpecification\",\"valueRequired\":true,\"valueName\":\"search_term_string\"}}],\"inLanguage\":\"es\"},{\"@type\":\"Organization\",\"@id\":\"https:\\\/\\\/canal7slp.tv\\\/2025\\\/#organization\",\"name\":\"Noticieros Canal 7\",\"url\":\"https:\\\/\\\/canal7slp.tv\\\/2025\\\/\",\"logo\":{\"@type\":\"ImageObject\",\"inLanguage\":\"es\",\"@id\":\"https:\\\/\\\/canal7slp.tv\\\/2025\\\/#\\\/schema\\\/logo\\\/image\\\/\",\"url\":\"https:\\\/\\\/canal7slp.tv\\\/2025\\\/wp-content\\\/uploads\\\/2021\\\/01\\\/logo-noticieros@2x.png\",\"contentUrl\":\"https:\\\/\\\/canal7slp.tv\\\/2025\\\/wp-content\\\/uploads\\\/2021\\\/01\\\/logo-noticieros@2x.png\",\"width\":1017,\"height\":268,\"caption\":\"Noticieros Canal 7\"},\"image\":{\"@id\":\"https:\\\/\\\/canal7slp.tv\\\/2025\\\/#\\\/schema\\\/logo\\\/image\\\/\"},\"sameAs\":[\"https:\\\/\\\/www.facebook.com\\\/noticieroscanal7atencionciudadana\\\/\",\"https:\\\/\\\/x.com\\\/NOTICIEROS7\",\"https:\\\/\\\/www.instagram.com\\\/canal7_slp\",\"https:\\\/\\\/www.youtube.com\\\/channel\\\/UCliiYs-gP3JfJeqdPrNdd5A\"]},{\"@type\":\"Person\",\"@id\":\"https:\\\/\\\/canal7slp.tv\\\/2025\\\/#\\\/schema\\\/person\\\/271e2b60a96e7cc9d9ac296f4d7e414b\",\"name\":\"Edici\u00f3n Web\",\"image\":{\"@type\":\"ImageObject\",\"inLanguage\":\"es\",\"@id\":\"https:\\\/\\\/secure.gravatar.com\\\/avatar\\\/eee448fc3f7164808013b816ba91ac7e43bbe82a70bebac296f8bc6f0addaa1a?s=96&d=mm&r=g\",\"url\":\"https:\\\/\\\/secure.gravatar.com\\\/avatar\\\/eee448fc3f7164808013b816ba91ac7e43bbe82a70bebac296f8bc6f0addaa1a?s=96&d=mm&r=g\",\"contentUrl\":\"https:\\\/\\\/secure.gravatar.com\\\/avatar\\\/eee448fc3f7164808013b816ba91ac7e43bbe82a70bebac296f8bc6f0addaa1a?s=96&d=mm&r=g\",\"caption\":\"Edici\u00f3n Web\"},\"url\":\"https:\\\/\\\/canal7slp.tv\\\/2025\\\/author\\\/edicionweb\\\/\"}]}<\/script>\n<!-- \/ Yoast SEO plugin. -->","yoast_head_json":{"title":"Tras marcha ciudadana, SSPC afirma que continuar\u00e1 el fortalecimiento de acciones de seguridad - Canal 7 SLP - 2025","robots":{"index":"index","follow":"follow","max-snippet":"max-snippet:-1","max-image-preview":"max-image-preview:large","max-video-preview":"max-video-preview:-1"},"canonical":"https:\/\/canal7slp.tv\/2025\/tras-marcha-ciudadana-sspc-afirma-que-continuara-el-fortalecimiento-de-acciones-de-seguridad\/","og_locale":"es_ES","og_type":"article","og_title":"Tras marcha ciudadana, SSPC afirma que continuar\u00e1 el fortalecimiento de acciones de seguridad - Canal 7 SLP - 2025","og_description":"SLP.- Tras la marcha realizada el pasado fin de semana en San Luis Potos\u00ed, en la que cientos de personas exigieron justicia y mayor seguridad, el secretario de Seguridad y Protecci\u00f3n Ciudadana del Estado, Jes\u00fas Ju\u00e1rez Hern\u00e1ndez, asegur\u00f3 que se mantienen firmes en reforzar la coordinaci\u00f3n y las estrategias operativas en el territorio. Sin embargo, destac\u00f3 que actualmente se tienen cifras positivas referentes al \u00edndice de delitos de alto impacto, sobretodo en la zona metropolitana. \u201cNosotros queremos combatir tambi\u00e9n la estad\u00edstica; aqu\u00ed en la zona metropolitana traemos una estad\u00edstica positiva en cuanto a delitos de alto impacto que es a [&hellip;]","og_url":"https:\/\/canal7slp.tv\/2025\/tras-marcha-ciudadana-sspc-afirma-que-continuara-el-fortalecimiento-de-acciones-de-seguridad\/","og_site_name":"Canal 7 SLP - 2025","article_publisher":"https:\/\/www.facebook.com\/noticieroscanal7atencionciudadana\/","article_published_time":"2025-05-19T21:53:16+00:00","og_image":[{"width":1280,"height":720,"url":"https:\/\/canal7slp.tv\/2025\/wp-content\/uploads\/2025\/05\/Vazquez04SSPCSeguridad.jpg","type":"image\/jpeg"}],"author":"Edici\u00f3n Web","twitter_card":"summary_large_image","twitter_creator":"@NOTICIEROS7","twitter_site":"@NOTICIEROS7","twitter_misc":{"Escrito por":"Edici\u00f3n Web","Tiempo de lectura":"2 minutos"},"schema":{"@context":"https:\/\/schema.org","@graph":[{"@type":"Article","@id":"https:\/\/canal7slp.tv\/2025\/tras-marcha-ciudadana-sspc-afirma-que-continuara-el-fortalecimiento-de-acciones-de-seguridad\/#article","isPartOf":{"@id":"https:\/\/canal7slp.tv\/2025\/tras-marcha-ciudadana-sspc-afirma-que-continuara-el-fortalecimiento-de-acciones-de-seguridad\/"},"author":{"name":"Edici\u00f3n Web","@id":"https:\/\/canal7slp.tv\/2025\/#\/schema\/person\/271e2b60a96e7cc9d9ac296f4d7e414b"},"headline":"Tras marcha ciudadana, SSPC afirma que continuar\u00e1 el fortalecimiento de acciones de seguridad","datePublished":"2025-05-19T21:53:16+00:00","mainEntityOfPage":{"@id":"https:\/\/canal7slp.tv\/2025\/tras-marcha-ciudadana-sspc-afirma-que-continuara-el-fortalecimiento-de-acciones-de-seguridad\/"},"wordCount":363,"publisher":{"@id":"https:\/\/canal7slp.tv\/2025\/#organization"},"image":{"@id":"https:\/\/canal7slp.tv\/2025\/tras-marcha-ciudadana-sspc-afirma-que-continuara-el-fortalecimiento-de-acciones-de-seguridad\/#primaryimage"},"thumbnailUrl":"https:\/\/canal7slp.tv\/2025\/wp-content\/uploads\/2025\/05\/Vazquez04SSPCSeguridad.jpg","articleSection":["DESTACADAS","LOCALES Y REGIONALES"],"inLanguage":"es"},{"@type":"WebPage","@id":"https:\/\/canal7slp.tv\/2025\/tras-marcha-ciudadana-sspc-afirma-que-continuara-el-fortalecimiento-de-acciones-de-seguridad\/","url":"https:\/\/canal7slp.tv\/2025\/tras-marcha-ciudadana-sspc-afirma-que-continuara-el-fortalecimiento-de-acciones-de-seguridad\/","name":"Tras marcha ciudadana, SSPC afirma que continuar\u00e1 el fortalecimiento de acciones de seguridad - Canal 7 SLP - 2025","isPartOf":{"@id":"https:\/\/canal7slp.tv\/2025\/#website"},"primaryImageOfPage":{"@id":"https:\/\/canal7slp.tv\/2025\/tras-marcha-ciudadana-sspc-afirma-que-continuara-el-fortalecimiento-de-acciones-de-seguridad\/#primaryimage"},"image":{"@id":"https:\/\/canal7slp.tv\/2025\/tras-marcha-ciudadana-sspc-afirma-que-continuara-el-fortalecimiento-de-acciones-de-seguridad\/#primaryimage"},"thumbnailUrl":"https:\/\/canal7slp.tv\/2025\/wp-content\/uploads\/2025\/05\/Vazquez04SSPCSeguridad.jpg","datePublished":"2025-05-19T21:53:16+00:00","breadcrumb":{"@id":"https:\/\/canal7slp.tv\/2025\/tras-marcha-ciudadana-sspc-afirma-que-continuara-el-fortalecimiento-de-acciones-de-seguridad\/#breadcrumb"},"inLanguage":"es","potentialAction":[{"@type":"ReadAction","target":["https:\/\/canal7slp.tv\/2025\/tras-marcha-ciudadana-sspc-afirma-que-continuara-el-fortalecimiento-de-acciones-de-seguridad\/"]}]},{"@type":"ImageObject","inLanguage":"es","@id":"https:\/\/canal7slp.tv\/2025\/tras-marcha-ciudadana-sspc-afirma-que-continuara-el-fortalecimiento-de-acciones-de-seguridad\/#primaryimage","url":"https:\/\/canal7slp.tv\/2025\/wp-content\/uploads\/2025\/05\/Vazquez04SSPCSeguridad.jpg","contentUrl":"https:\/\/canal7slp.tv\/2025\/wp-content\/uploads\/2025\/05\/Vazquez04SSPCSeguridad.jpg","width":1280,"height":720},{"@type":"BreadcrumbList","@id":"https:\/\/canal7slp.tv\/2025\/tras-marcha-ciudadana-sspc-afirma-que-continuara-el-fortalecimiento-de-acciones-de-seguridad\/#breadcrumb","itemListElement":[{"@type":"ListItem","position":1,"name":"Portada","item":"https:\/\/canal7slp.tv\/2025\/"},{"@type":"ListItem","position":2,"name":"Tras marcha ciudadana, SSPC afirma que continuar\u00e1 el fortalecimiento de acciones de seguridad"}]},{"@type":"WebSite","@id":"https:\/\/canal7slp.tv\/2025\/#website","url":"https:\/\/canal7slp.tv\/2025\/","name":"N7 - Noticieros Canal 7","description":"Somos el Medio","publisher":{"@id":"https:\/\/canal7slp.tv\/2025\/#organization"},"potentialAction":[{"@type":"SearchAction","target":{"@type":"EntryPoint","urlTemplate":"https:\/\/canal7slp.tv\/2025\/?s={search_term_string}"},"query-input":{"@type":"PropertyValueSpecification","valueRequired":true,"valueName":"search_term_string"}}],"inLanguage":"es"},{"@type":"Organization","@id":"https:\/\/canal7slp.tv\/2025\/#organization","name":"Noticieros Canal 7","url":"https:\/\/canal7slp.tv\/2025\/","logo":{"@type":"ImageObject","inLanguage":"es","@id":"https:\/\/canal7slp.tv\/2025\/#\/schema\/logo\/image\/","url":"https:\/\/canal7slp.tv\/2025\/wp-content\/uploads\/2021\/01\/logo-noticieros@2x.png","contentUrl":"https:\/\/canal7slp.tv\/2025\/wp-content\/uploads\/2021\/01\/logo-noticieros@2x.png","width":1017,"height":268,"caption":"Noticieros Canal 7"},"image":{"@id":"https:\/\/canal7slp.tv\/2025\/#\/schema\/logo\/image\/"},"sameAs":["https:\/\/www.facebook.com\/noticieroscanal7atencionciudadana\/","https:\/\/x.com\/NOTICIEROS7","https:\/\/www.instagram.com\/canal7_slp","https:\/\/www.youtube.com\/channel\/UCliiYs-gP3JfJeqdPrNdd5A"]},{"@type":"Person","@id":"https:\/\/canal7slp.tv\/2025\/#\/schema\/person\/271e2b60a96e7cc9d9ac296f4d7e414b","name":"Edici\u00f3n Web","image":{"@type":"ImageObject","inLanguage":"es","@id":"https:\/\/secure.gravatar.com\/avatar\/eee448fc3f7164808013b816ba91ac7e43bbe82a70bebac296f8bc6f0addaa1a?s=96&d=mm&r=g","url":"https:\/\/secure.gravatar.com\/avatar\/eee448fc3f7164808013b816ba91ac7e43bbe82a70bebac296f8bc6f0addaa1a?s=96&d=mm&r=g","contentUrl":"https:\/\/secure.gravatar.com\/avatar\/eee448fc3f7164808013b816ba91ac7e43bbe82a70bebac296f8bc6f0addaa1a?s=96&d=mm&r=g","caption":"Edici\u00f3n Web"},"url":"https:\/\/canal7slp.tv\/2025\/author\/edicionweb\/"}]}},"_links":{"self":[{"href":"https:\/\/canal7slp.tv\/2025\/wp-json\/wp\/v2\/posts\/168068","targetHints":{"allow":["GET"]}}],"collection":[{"href":"https:\/\/canal7slp.tv\/2025\/wp-json\/wp\/v2\/posts"}],"about":[{"href":"https:\/\/canal7slp.tv\/2025\/wp-json\/wp\/v2\/types\/post"}],"author":[{"embeddable":true,"href":"https:\/\/canal7slp.tv\/2025\/wp-json\/wp\/v2\/users\/2"}],"replies":[{"embeddable":true,"href":"https:\/\/canal7slp.tv\/2025\/wp-json\/wp\/v2\/comments?post=168068"}],"version-history":[{"count":1,"href":"https:\/\/canal7slp.tv\/2025\/wp-json\/wp\/v2\/posts\/168068\/revisions"}],"predecessor-version":[{"id":168071,"href":"https:\/\/canal7slp.tv\/2025\/wp-json\/wp\/v2\/posts\/168068\/revisions\/168071"}],"wp:featuredmedia":[{"embeddable":true,"href":"https:\/\/canal7slp.tv\/2025\/wp-json\/wp\/v2\/media\/168070"}],"wp:attachment":[{"href":"https:\/\/canal7slp.tv\/2025\/wp-json\/wp\/v2\/media?parent=168068"}],"wp:term":[{"taxonomy":"category","embeddable":true,"href":"https:\/\/canal7slp.tv\/2025\/wp-json\/wp\/v2\/categories?post=168068"},{"taxonomy":"post_tag","embeddable":true,"href":"https:\/\/canal7slp.tv\/2025\/wp-json\/wp\/v2\/tags?post=168068"}],"curies":[{"name":"wp","href":"https:\/\/api.w.org\/{rel}","templated":true}]}}