{"id":167704,"date":"2025-05-15T14:11:41","date_gmt":"2025-05-15T20:11:41","guid":{"rendered":"https:\/\/canal7slp.tv\/2025\/?p=167704"},"modified":"2025-05-15T14:11:41","modified_gmt":"2025-05-15T20:11:41","slug":"por-abrir-convocatoria-voy-x-san-luis-con-becas-deportivas","status":"publish","type":"post","link":"https:\/\/canal7slp.tv\/2025\/por-abrir-convocatoria-voy-x-san-luis-con-becas-deportivas\/","title":{"rendered":"Por abrir convocatoria \u201cVoy X San Luis\u201d con becas deportivas"},"content":{"rendered":"<p style=\"text-align: justify;\">SLP.- Ser\u00e1 en los pr\u00f3ximos d\u00edas que el ayuntamiento de San Luis Potos\u00ed, a trav\u00e9s de la direcci\u00f3n de Deporte abra la convocatoria para inscribirse en el programa de becas deportivas \u201cVoy X San Luis\u201d, un proyecto creado para impulsar la preparaci\u00f3n de mujeres y hombres potosinos con talento en cualquier disciplina, con miras a participar en eventos nacionales e internacionales.<\/p>\n<p style=\"text-align: justify;\">Esta acci\u00f3n es con la firme intenci\u00f3n de que la falta de recursos no sea un impedimento para que los j\u00f3venes deportistas se preparen de manera adecuada para poder participar en las diversas competencias.<\/p>\n<p style=\"text-align: justify;\">Adem\u00e1s con esto se pretende evitar la fuga de talentos por falta de oportunidades,<\/p>\n<p style=\"text-align: justify;\">M\u00e1s all\u00e1 de una beca monetaria, tambi\u00e9n tendr\u00e1n la oportunidad de ser entrenados por profesionales en la metodolog\u00eda del deporte, con asesor\u00eda psicol\u00f3gica, gu\u00eda nutrimental y de ciencias aplicadas al deporte, con seguimiento puntual y atendiendo siempre sus necesidades prioritarias.<\/p>\n","protected":false},"excerpt":{"rendered":"<p>SLP.- Ser\u00e1 en los pr\u00f3ximos d\u00edas que el ayuntamiento de San Luis Potos\u00ed, a trav\u00e9s de la direcci\u00f3n de Deporte abra la convocatoria para inscribirse en el programa de becas deportivas \u201cVoy X San Luis\u201d, un proyecto creado para impulsar la preparaci\u00f3n de mujeres y hombres potosinos con talento en cualquier disciplina, con miras a participar en eventos nacionales e internacionales. Esta acci\u00f3n es con la firme intenci\u00f3n de que la falta de recursos no sea un impedimento para que los j\u00f3venes deportistas se preparen de manera adecuada para poder participar en las diversas competencias. Adem\u00e1s con esto se pretende [&hellip;]<\/p>\n","protected":false},"author":2,"featured_media":167713,"comment_status":"closed","ping_status":"closed","sticky":false,"template":"","format":"video","meta":{"_monsterinsights_skip_tracking":false,"_monsterinsights_sitenote_active":false,"_monsterinsights_sitenote_note":"","_monsterinsights_sitenote_category":0,"footnotes":""},"categories":[7,5],"tags":[],"class_list":["post-167704","post","type-post","status-publish","format-video","has-post-thumbnail","hentry","category-deportes","category-destacadas","post_format-post-format-video","post--single"],"yoast_head":"<!-- This site is optimized with the Yoast SEO plugin v27.5 - https:\/\/yoast.com\/product\/yoast-seo-wordpress\/ -->\n<title>Por abrir convocatoria \u201cVoy X San Luis\u201d con becas deportivas - Canal 7 SLP - 2025<\/title>\n<meta name=\"robots\" content=\"index, follow, max-snippet:-1, max-image-preview:large, max-video-preview:-1\" \/>\n<link rel=\"canonical\" href=\"https:\/\/canal7slp.tv\/2025\/por-abrir-convocatoria-voy-x-san-luis-con-becas-deportivas\/\" \/>\n<meta property=\"og:locale\" content=\"es_ES\" \/>\n<meta property=\"og:type\" content=\"article\" \/>\n<meta property=\"og:title\" content=\"Por abrir convocatoria \u201cVoy X San Luis\u201d con becas deportivas - Canal 7 SLP - 2025\" \/>\n<meta property=\"og:description\" content=\"SLP.- Ser\u00e1 en los pr\u00f3ximos d\u00edas que el ayuntamiento de San Luis Potos\u00ed, a trav\u00e9s de la direcci\u00f3n de Deporte abra la convocatoria para inscribirse en el programa de becas deportivas \u201cVoy X San Luis\u201d, un proyecto creado para impulsar la preparaci\u00f3n de mujeres y hombres potosinos con talento en cualquier disciplina, con miras a participar en eventos nacionales e internacionales. Esta acci\u00f3n es con la firme intenci\u00f3n de que la falta de recursos no sea un impedimento para que los j\u00f3venes deportistas se preparen de manera adecuada para poder participar en las diversas competencias. Adem\u00e1s con esto se pretende [&hellip;]\" \/>\n<meta property=\"og:url\" content=\"https:\/\/canal7slp.tv\/2025\/por-abrir-convocatoria-voy-x-san-luis-con-becas-deportivas\/\" \/>\n<meta property=\"og:site_name\" content=\"Canal 7 SLP - 2025\" \/>\n<meta property=\"article:publisher\" content=\"https:\/\/www.facebook.com\/noticieroscanal7atencionciudadana\/\" \/>\n<meta property=\"article:published_time\" content=\"2025-05-15T20:11:41+00:00\" \/>\n<meta property=\"og:image\" content=\"https:\/\/canal7slp.tv\/2025\/wp-content\/uploads\/2025\/05\/Froi02Becas.jpg\" \/>\n\t<meta property=\"og:image:width\" content=\"1280\" \/>\n\t<meta property=\"og:image:height\" content=\"720\" \/>\n\t<meta property=\"og:image:type\" content=\"image\/jpeg\" \/>\n<meta name=\"author\" content=\"Edici\u00f3n Web\" \/>\n<meta name=\"twitter:card\" content=\"summary_large_image\" \/>\n<meta name=\"twitter:creator\" content=\"@NOTICIEROS7\" \/>\n<meta name=\"twitter:site\" content=\"@NOTICIEROS7\" \/>\n<meta name=\"twitter:label1\" content=\"Escrito por\" \/>\n\t<meta name=\"twitter:data1\" content=\"Edici\u00f3n Web\" \/>\n\t<meta name=\"twitter:label2\" content=\"Tiempo de lectura\" \/>\n\t<meta name=\"twitter:data2\" content=\"1 minuto\" \/>\n<script type=\"application\/ld+json\" class=\"yoast-schema-graph\">{\"@context\":\"https:\\\/\\\/schema.org\",\"@graph\":[{\"@type\":\"Article\",\"@id\":\"https:\\\/\\\/canal7slp.tv\\\/2025\\\/por-abrir-convocatoria-voy-x-san-luis-con-becas-deportivas\\\/#article\",\"isPartOf\":{\"@id\":\"https:\\\/\\\/canal7slp.tv\\\/2025\\\/por-abrir-convocatoria-voy-x-san-luis-con-becas-deportivas\\\/\"},\"author\":{\"name\":\"Edici\u00f3n Web\",\"@id\":\"https:\\\/\\\/canal7slp.tv\\\/2025\\\/#\\\/schema\\\/person\\\/271e2b60a96e7cc9d9ac296f4d7e414b\"},\"headline\":\"Por abrir convocatoria \u201cVoy X San Luis\u201d con becas deportivas\",\"datePublished\":\"2025-05-15T20:11:41+00:00\",\"mainEntityOfPage\":{\"@id\":\"https:\\\/\\\/canal7slp.tv\\\/2025\\\/por-abrir-convocatoria-voy-x-san-luis-con-becas-deportivas\\\/\"},\"wordCount\":176,\"publisher\":{\"@id\":\"https:\\\/\\\/canal7slp.tv\\\/2025\\\/#organization\"},\"image\":{\"@id\":\"https:\\\/\\\/canal7slp.tv\\\/2025\\\/por-abrir-convocatoria-voy-x-san-luis-con-becas-deportivas\\\/#primaryimage\"},\"thumbnailUrl\":\"https:\\\/\\\/canal7slp.tv\\\/2025\\\/wp-content\\\/uploads\\\/2025\\\/05\\\/Froi02Becas.jpg\",\"articleSection\":[\"DEPORTES\",\"DESTACADAS\"],\"inLanguage\":\"es\"},{\"@type\":\"WebPage\",\"@id\":\"https:\\\/\\\/canal7slp.tv\\\/2025\\\/por-abrir-convocatoria-voy-x-san-luis-con-becas-deportivas\\\/\",\"url\":\"https:\\\/\\\/canal7slp.tv\\\/2025\\\/por-abrir-convocatoria-voy-x-san-luis-con-becas-deportivas\\\/\",\"name\":\"Por abrir convocatoria \u201cVoy X San Luis\u201d con becas deportivas - Canal 7 SLP - 2025\",\"isPartOf\":{\"@id\":\"https:\\\/\\\/canal7slp.tv\\\/2025\\\/#website\"},\"primaryImageOfPage\":{\"@id\":\"https:\\\/\\\/canal7slp.tv\\\/2025\\\/por-abrir-convocatoria-voy-x-san-luis-con-becas-deportivas\\\/#primaryimage\"},\"image\":{\"@id\":\"https:\\\/\\\/canal7slp.tv\\\/2025\\\/por-abrir-convocatoria-voy-x-san-luis-con-becas-deportivas\\\/#primaryimage\"},\"thumbnailUrl\":\"https:\\\/\\\/canal7slp.tv\\\/2025\\\/wp-content\\\/uploads\\\/2025\\\/05\\\/Froi02Becas.jpg\",\"datePublished\":\"2025-05-15T20:11:41+00:00\",\"breadcrumb\":{\"@id\":\"https:\\\/\\\/canal7slp.tv\\\/2025\\\/por-abrir-convocatoria-voy-x-san-luis-con-becas-deportivas\\\/#breadcrumb\"},\"inLanguage\":\"es\",\"potentialAction\":[{\"@type\":\"ReadAction\",\"target\":[\"https:\\\/\\\/canal7slp.tv\\\/2025\\\/por-abrir-convocatoria-voy-x-san-luis-con-becas-deportivas\\\/\"]}]},{\"@type\":\"ImageObject\",\"inLanguage\":\"es\",\"@id\":\"https:\\\/\\\/canal7slp.tv\\\/2025\\\/por-abrir-convocatoria-voy-x-san-luis-con-becas-deportivas\\\/#primaryimage\",\"url\":\"https:\\\/\\\/canal7slp.tv\\\/2025\\\/wp-content\\\/uploads\\\/2025\\\/05\\\/Froi02Becas.jpg\",\"contentUrl\":\"https:\\\/\\\/canal7slp.tv\\\/2025\\\/wp-content\\\/uploads\\\/2025\\\/05\\\/Froi02Becas.jpg\",\"width\":1280,\"height\":720},{\"@type\":\"BreadcrumbList\",\"@id\":\"https:\\\/\\\/canal7slp.tv\\\/2025\\\/por-abrir-convocatoria-voy-x-san-luis-con-becas-deportivas\\\/#breadcrumb\",\"itemListElement\":[{\"@type\":\"ListItem\",\"position\":1,\"name\":\"Portada\",\"item\":\"https:\\\/\\\/canal7slp.tv\\\/2025\\\/\"},{\"@type\":\"ListItem\",\"position\":2,\"name\":\"Por abrir convocatoria \u201cVoy X San Luis\u201d con becas deportivas\"}]},{\"@type\":\"WebSite\",\"@id\":\"https:\\\/\\\/canal7slp.tv\\\/2025\\\/#website\",\"url\":\"https:\\\/\\\/canal7slp.tv\\\/2025\\\/\",\"name\":\"N7 - Noticieros Canal 7\",\"description\":\"Somos el Medio\",\"publisher\":{\"@id\":\"https:\\\/\\\/canal7slp.tv\\\/2025\\\/#organization\"},\"potentialAction\":[{\"@type\":\"SearchAction\",\"target\":{\"@type\":\"EntryPoint\",\"urlTemplate\":\"https:\\\/\\\/canal7slp.tv\\\/2025\\\/?s={search_term_string}\"},\"query-input\":{\"@type\":\"PropertyValueSpecification\",\"valueRequired\":true,\"valueName\":\"search_term_string\"}}],\"inLanguage\":\"es\"},{\"@type\":\"Organization\",\"@id\":\"https:\\\/\\\/canal7slp.tv\\\/2025\\\/#organization\",\"name\":\"Noticieros Canal 7\",\"url\":\"https:\\\/\\\/canal7slp.tv\\\/2025\\\/\",\"logo\":{\"@type\":\"ImageObject\",\"inLanguage\":\"es\",\"@id\":\"https:\\\/\\\/canal7slp.tv\\\/2025\\\/#\\\/schema\\\/logo\\\/image\\\/\",\"url\":\"https:\\\/\\\/canal7slp.tv\\\/2025\\\/wp-content\\\/uploads\\\/2021\\\/01\\\/logo-noticieros@2x.png\",\"contentUrl\":\"https:\\\/\\\/canal7slp.tv\\\/2025\\\/wp-content\\\/uploads\\\/2021\\\/01\\\/logo-noticieros@2x.png\",\"width\":1017,\"height\":268,\"caption\":\"Noticieros Canal 7\"},\"image\":{\"@id\":\"https:\\\/\\\/canal7slp.tv\\\/2025\\\/#\\\/schema\\\/logo\\\/image\\\/\"},\"sameAs\":[\"https:\\\/\\\/www.facebook.com\\\/noticieroscanal7atencionciudadana\\\/\",\"https:\\\/\\\/x.com\\\/NOTICIEROS7\",\"https:\\\/\\\/www.instagram.com\\\/canal7_slp\",\"https:\\\/\\\/www.youtube.com\\\/channel\\\/UCliiYs-gP3JfJeqdPrNdd5A\"]},{\"@type\":\"Person\",\"@id\":\"https:\\\/\\\/canal7slp.tv\\\/2025\\\/#\\\/schema\\\/person\\\/271e2b60a96e7cc9d9ac296f4d7e414b\",\"name\":\"Edici\u00f3n Web\",\"image\":{\"@type\":\"ImageObject\",\"inLanguage\":\"es\",\"@id\":\"https:\\\/\\\/secure.gravatar.com\\\/avatar\\\/eee448fc3f7164808013b816ba91ac7e43bbe82a70bebac296f8bc6f0addaa1a?s=96&d=mm&r=g\",\"url\":\"https:\\\/\\\/secure.gravatar.com\\\/avatar\\\/eee448fc3f7164808013b816ba91ac7e43bbe82a70bebac296f8bc6f0addaa1a?s=96&d=mm&r=g\",\"contentUrl\":\"https:\\\/\\\/secure.gravatar.com\\\/avatar\\\/eee448fc3f7164808013b816ba91ac7e43bbe82a70bebac296f8bc6f0addaa1a?s=96&d=mm&r=g\",\"caption\":\"Edici\u00f3n Web\"},\"url\":\"https:\\\/\\\/canal7slp.tv\\\/2025\\\/author\\\/edicionweb\\\/\"}]}<\/script>\n<!-- \/ Yoast SEO plugin. -->","yoast_head_json":{"title":"Por abrir convocatoria \u201cVoy X San Luis\u201d con becas deportivas - Canal 7 SLP - 2025","robots":{"index":"index","follow":"follow","max-snippet":"max-snippet:-1","max-image-preview":"max-image-preview:large","max-video-preview":"max-video-preview:-1"},"canonical":"https:\/\/canal7slp.tv\/2025\/por-abrir-convocatoria-voy-x-san-luis-con-becas-deportivas\/","og_locale":"es_ES","og_type":"article","og_title":"Por abrir convocatoria \u201cVoy X San Luis\u201d con becas deportivas - Canal 7 SLP - 2025","og_description":"SLP.- Ser\u00e1 en los pr\u00f3ximos d\u00edas que el ayuntamiento de San Luis Potos\u00ed, a trav\u00e9s de la direcci\u00f3n de Deporte abra la convocatoria para inscribirse en el programa de becas deportivas \u201cVoy X San Luis\u201d, un proyecto creado para impulsar la preparaci\u00f3n de mujeres y hombres potosinos con talento en cualquier disciplina, con miras a participar en eventos nacionales e internacionales. Esta acci\u00f3n es con la firme intenci\u00f3n de que la falta de recursos no sea un impedimento para que los j\u00f3venes deportistas se preparen de manera adecuada para poder participar en las diversas competencias. Adem\u00e1s con esto se pretende [&hellip;]","og_url":"https:\/\/canal7slp.tv\/2025\/por-abrir-convocatoria-voy-x-san-luis-con-becas-deportivas\/","og_site_name":"Canal 7 SLP - 2025","article_publisher":"https:\/\/www.facebook.com\/noticieroscanal7atencionciudadana\/","article_published_time":"2025-05-15T20:11:41+00:00","og_image":[{"width":1280,"height":720,"url":"https:\/\/canal7slp.tv\/2025\/wp-content\/uploads\/2025\/05\/Froi02Becas.jpg","type":"image\/jpeg"}],"author":"Edici\u00f3n Web","twitter_card":"summary_large_image","twitter_creator":"@NOTICIEROS7","twitter_site":"@NOTICIEROS7","twitter_misc":{"Escrito por":"Edici\u00f3n Web","Tiempo de lectura":"1 minuto"},"schema":{"@context":"https:\/\/schema.org","@graph":[{"@type":"Article","@id":"https:\/\/canal7slp.tv\/2025\/por-abrir-convocatoria-voy-x-san-luis-con-becas-deportivas\/#article","isPartOf":{"@id":"https:\/\/canal7slp.tv\/2025\/por-abrir-convocatoria-voy-x-san-luis-con-becas-deportivas\/"},"author":{"name":"Edici\u00f3n Web","@id":"https:\/\/canal7slp.tv\/2025\/#\/schema\/person\/271e2b60a96e7cc9d9ac296f4d7e414b"},"headline":"Por abrir convocatoria \u201cVoy X San Luis\u201d con becas deportivas","datePublished":"2025-05-15T20:11:41+00:00","mainEntityOfPage":{"@id":"https:\/\/canal7slp.tv\/2025\/por-abrir-convocatoria-voy-x-san-luis-con-becas-deportivas\/"},"wordCount":176,"publisher":{"@id":"https:\/\/canal7slp.tv\/2025\/#organization"},"image":{"@id":"https:\/\/canal7slp.tv\/2025\/por-abrir-convocatoria-voy-x-san-luis-con-becas-deportivas\/#primaryimage"},"thumbnailUrl":"https:\/\/canal7slp.tv\/2025\/wp-content\/uploads\/2025\/05\/Froi02Becas.jpg","articleSection":["DEPORTES","DESTACADAS"],"inLanguage":"es"},{"@type":"WebPage","@id":"https:\/\/canal7slp.tv\/2025\/por-abrir-convocatoria-voy-x-san-luis-con-becas-deportivas\/","url":"https:\/\/canal7slp.tv\/2025\/por-abrir-convocatoria-voy-x-san-luis-con-becas-deportivas\/","name":"Por abrir convocatoria \u201cVoy X San Luis\u201d con becas deportivas - Canal 7 SLP - 2025","isPartOf":{"@id":"https:\/\/canal7slp.tv\/2025\/#website"},"primaryImageOfPage":{"@id":"https:\/\/canal7slp.tv\/2025\/por-abrir-convocatoria-voy-x-san-luis-con-becas-deportivas\/#primaryimage"},"image":{"@id":"https:\/\/canal7slp.tv\/2025\/por-abrir-convocatoria-voy-x-san-luis-con-becas-deportivas\/#primaryimage"},"thumbnailUrl":"https:\/\/canal7slp.tv\/2025\/wp-content\/uploads\/2025\/05\/Froi02Becas.jpg","datePublished":"2025-05-15T20:11:41+00:00","breadcrumb":{"@id":"https:\/\/canal7slp.tv\/2025\/por-abrir-convocatoria-voy-x-san-luis-con-becas-deportivas\/#breadcrumb"},"inLanguage":"es","potentialAction":[{"@type":"ReadAction","target":["https:\/\/canal7slp.tv\/2025\/por-abrir-convocatoria-voy-x-san-luis-con-becas-deportivas\/"]}]},{"@type":"ImageObject","inLanguage":"es","@id":"https:\/\/canal7slp.tv\/2025\/por-abrir-convocatoria-voy-x-san-luis-con-becas-deportivas\/#primaryimage","url":"https:\/\/canal7slp.tv\/2025\/wp-content\/uploads\/2025\/05\/Froi02Becas.jpg","contentUrl":"https:\/\/canal7slp.tv\/2025\/wp-content\/uploads\/2025\/05\/Froi02Becas.jpg","width":1280,"height":720},{"@type":"BreadcrumbList","@id":"https:\/\/canal7slp.tv\/2025\/por-abrir-convocatoria-voy-x-san-luis-con-becas-deportivas\/#breadcrumb","itemListElement":[{"@type":"ListItem","position":1,"name":"Portada","item":"https:\/\/canal7slp.tv\/2025\/"},{"@type":"ListItem","position":2,"name":"Por abrir convocatoria \u201cVoy X San Luis\u201d con becas deportivas"}]},{"@type":"WebSite","@id":"https:\/\/canal7slp.tv\/2025\/#website","url":"https:\/\/canal7slp.tv\/2025\/","name":"N7 - Noticieros Canal 7","description":"Somos el Medio","publisher":{"@id":"https:\/\/canal7slp.tv\/2025\/#organization"},"potentialAction":[{"@type":"SearchAction","target":{"@type":"EntryPoint","urlTemplate":"https:\/\/canal7slp.tv\/2025\/?s={search_term_string}"},"query-input":{"@type":"PropertyValueSpecification","valueRequired":true,"valueName":"search_term_string"}}],"inLanguage":"es"},{"@type":"Organization","@id":"https:\/\/canal7slp.tv\/2025\/#organization","name":"Noticieros Canal 7","url":"https:\/\/canal7slp.tv\/2025\/","logo":{"@type":"ImageObject","inLanguage":"es","@id":"https:\/\/canal7slp.tv\/2025\/#\/schema\/logo\/image\/","url":"https:\/\/canal7slp.tv\/2025\/wp-content\/uploads\/2021\/01\/logo-noticieros@2x.png","contentUrl":"https:\/\/canal7slp.tv\/2025\/wp-content\/uploads\/2021\/01\/logo-noticieros@2x.png","width":1017,"height":268,"caption":"Noticieros Canal 7"},"image":{"@id":"https:\/\/canal7slp.tv\/2025\/#\/schema\/logo\/image\/"},"sameAs":["https:\/\/www.facebook.com\/noticieroscanal7atencionciudadana\/","https:\/\/x.com\/NOTICIEROS7","https:\/\/www.instagram.com\/canal7_slp","https:\/\/www.youtube.com\/channel\/UCliiYs-gP3JfJeqdPrNdd5A"]},{"@type":"Person","@id":"https:\/\/canal7slp.tv\/2025\/#\/schema\/person\/271e2b60a96e7cc9d9ac296f4d7e414b","name":"Edici\u00f3n Web","image":{"@type":"ImageObject","inLanguage":"es","@id":"https:\/\/secure.gravatar.com\/avatar\/eee448fc3f7164808013b816ba91ac7e43bbe82a70bebac296f8bc6f0addaa1a?s=96&d=mm&r=g","url":"https:\/\/secure.gravatar.com\/avatar\/eee448fc3f7164808013b816ba91ac7e43bbe82a70bebac296f8bc6f0addaa1a?s=96&d=mm&r=g","contentUrl":"https:\/\/secure.gravatar.com\/avatar\/eee448fc3f7164808013b816ba91ac7e43bbe82a70bebac296f8bc6f0addaa1a?s=96&d=mm&r=g","caption":"Edici\u00f3n Web"},"url":"https:\/\/canal7slp.tv\/2025\/author\/edicionweb\/"}]}},"_links":{"self":[{"href":"https:\/\/canal7slp.tv\/2025\/wp-json\/wp\/v2\/posts\/167704","targetHints":{"allow":["GET"]}}],"collection":[{"href":"https:\/\/canal7slp.tv\/2025\/wp-json\/wp\/v2\/posts"}],"about":[{"href":"https:\/\/canal7slp.tv\/2025\/wp-json\/wp\/v2\/types\/post"}],"author":[{"embeddable":true,"href":"https:\/\/canal7slp.tv\/2025\/wp-json\/wp\/v2\/users\/2"}],"replies":[{"embeddable":true,"href":"https:\/\/canal7slp.tv\/2025\/wp-json\/wp\/v2\/comments?post=167704"}],"version-history":[{"count":2,"href":"https:\/\/canal7slp.tv\/2025\/wp-json\/wp\/v2\/posts\/167704\/revisions"}],"predecessor-version":[{"id":167714,"href":"https:\/\/canal7slp.tv\/2025\/wp-json\/wp\/v2\/posts\/167704\/revisions\/167714"}],"wp:featuredmedia":[{"embeddable":true,"href":"https:\/\/canal7slp.tv\/2025\/wp-json\/wp\/v2\/media\/167713"}],"wp:attachment":[{"href":"https:\/\/canal7slp.tv\/2025\/wp-json\/wp\/v2\/media?parent=167704"}],"wp:term":[{"taxonomy":"category","embeddable":true,"href":"https:\/\/canal7slp.tv\/2025\/wp-json\/wp\/v2\/categories?post=167704"},{"taxonomy":"post_tag","embeddable":true,"href":"https:\/\/canal7slp.tv\/2025\/wp-json\/wp\/v2\/tags?post=167704"}],"curies":[{"name":"wp","href":"https:\/\/api.w.org\/{rel}","templated":true}]}}