{"id":167696,"date":"2025-05-15T13:50:55","date_gmt":"2025-05-15T19:50:55","guid":{"rendered":"https:\/\/canal7slp.tv\/2025\/?p=167696"},"modified":"2025-05-15T13:50:55","modified_gmt":"2025-05-15T19:50:55","slug":"cadena-de-supermercados-anuncia-aumento-de-precios-debido-a-los-aranceles-de-trump","status":"publish","type":"post","link":"https:\/\/canal7slp.tv\/2025\/cadena-de-supermercados-anuncia-aumento-de-precios-debido-a-los-aranceles-de-trump\/","title":{"rendered":"Cadena de supermercados anuncia aumento de precios debido a los aranceles de Trump"},"content":{"rendered":"<p style=\"text-align: justify;\">EUA.- Walmart anunci\u00f3 este jueves, durante la presentaci\u00f3n de sus resultados financieros, que aumentar\u00e1 los precios de varios productos a partir de este mes y durante el verano, en respuesta a los nuevos aranceles propuestos por Donald Trump sobre las importaciones chinas.<\/p>\n<p style=\"text-align: justify;\">En entrevista con The Wall Street Journal, el director financiero de la empresa, John David Rainey, afirm\u00f3 que \u201cla magnitud y la velocidad con la que nos est\u00e1n llegando estos precios no tiene precedentes en la historia\u201d.<\/p>\n<p style=\"text-align: justify;\">Aunque las ventas han crecido de manera constante en el \u00faltimo trimestre, gracias a las promociones, el impacto total de la guerra comercial a\u00fan no se ha reflejado completamente en los consumidores.<\/p>\n<p style=\"text-align: justify;\">Walmart ya ha comenzado a ajustar sus precios a medida que los proveedores trasladan sus propios incrementos de costos.<\/p>\n<p style=\"text-align: justify;\">Por ejemplo, el precio de los pl\u00e1tanos, uno de los productos m\u00e1s populares de la cadena, pas\u00f3 de 50 a 54 centavos por libra, debido al aumento arancelario.<\/p>\n<p style=\"text-align: justify;\">Estados Unidos acord\u00f3 recientemente reducir de forma temporal los aranceles a las importaciones chinas, del 145 % al 30 %.<\/p>\n<p style=\"text-align: justify;\">Aunque Rainey reconoci\u00f3 que este ajuste es preferible, advirti\u00f3 que un arancel del 30 % sigue siendo una carga significativa para los consumidores.<\/p>\n<p style=\"text-align: justify;\">Tras el anuncio de estas medidas, las acciones de Walmart cayeron casi un 5 % durante los primeros minutos de la jornada en Wall Street. A pesar de ello, la empresa super\u00f3 las expectativas de ingresos y ganancias en su m\u00e1s reciente reporte financiero.<\/p>\n","protected":false},"excerpt":{"rendered":"<p>EUA.- Walmart anunci\u00f3 este jueves, durante la presentaci\u00f3n de sus resultados financieros, que aumentar\u00e1 los precios de varios productos a partir de este mes y durante el verano, en respuesta a los nuevos aranceles propuestos por Donald Trump sobre las importaciones chinas. En entrevista con The Wall Street Journal, el director financiero de la empresa, John David Rainey, afirm\u00f3 que \u201cla magnitud y la velocidad con la que nos est\u00e1n llegando estos precios no tiene precedentes en la historia\u201d. Aunque las ventas han crecido de manera constante en el \u00faltimo trimestre, gracias a las promociones, el impacto total de la [&hellip;]<\/p>\n","protected":false},"author":2,"featured_media":167697,"comment_status":"closed","ping_status":"closed","sticky":false,"template":"","format":"standard","meta":{"_monsterinsights_skip_tracking":false,"_monsterinsights_sitenote_active":false,"_monsterinsights_sitenote_note":"","_monsterinsights_sitenote_category":0,"footnotes":""},"categories":[40],"tags":[],"class_list":["post-167696","post","type-post","status-publish","format-standard","has-post-thumbnail","hentry","category-economia","post--single"],"yoast_head":"<!-- This site is optimized with the Yoast SEO plugin v27.5 - https:\/\/yoast.com\/product\/yoast-seo-wordpress\/ -->\n<title>Cadena de supermercados anuncia aumento de precios debido a los aranceles de Trump - Canal 7 SLP - 2025<\/title>\n<meta name=\"robots\" content=\"index, follow, max-snippet:-1, max-image-preview:large, max-video-preview:-1\" \/>\n<link rel=\"canonical\" href=\"https:\/\/canal7slp.tv\/2025\/cadena-de-supermercados-anuncia-aumento-de-precios-debido-a-los-aranceles-de-trump\/\" \/>\n<meta property=\"og:locale\" content=\"es_ES\" \/>\n<meta property=\"og:type\" content=\"article\" \/>\n<meta property=\"og:title\" content=\"Cadena de supermercados anuncia aumento de precios debido a los aranceles de Trump - Canal 7 SLP - 2025\" \/>\n<meta property=\"og:description\" content=\"EUA.- Walmart anunci\u00f3 este jueves, durante la presentaci\u00f3n de sus resultados financieros, que aumentar\u00e1 los precios de varios productos a partir de este mes y durante el verano, en respuesta a los nuevos aranceles propuestos por Donald Trump sobre las importaciones chinas. En entrevista con The Wall Street Journal, el director financiero de la empresa, John David Rainey, afirm\u00f3 que \u201cla magnitud y la velocidad con la que nos est\u00e1n llegando estos precios no tiene precedentes en la historia\u201d. Aunque las ventas han crecido de manera constante en el \u00faltimo trimestre, gracias a las promociones, el impacto total de la [&hellip;]\" \/>\n<meta property=\"og:url\" content=\"https:\/\/canal7slp.tv\/2025\/cadena-de-supermercados-anuncia-aumento-de-precios-debido-a-los-aranceles-de-trump\/\" \/>\n<meta property=\"og:site_name\" content=\"Canal 7 SLP - 2025\" \/>\n<meta property=\"article:publisher\" content=\"https:\/\/www.facebook.com\/noticieroscanal7atencionciudadana\/\" \/>\n<meta property=\"article:published_time\" content=\"2025-05-15T19:50:55+00:00\" \/>\n<meta property=\"og:image\" content=\"https:\/\/canal7slp.tv\/2025\/wp-content\/uploads\/2025\/05\/04-14.jpg\" \/>\n\t<meta property=\"og:image:width\" content=\"666\" \/>\n\t<meta property=\"og:image:height\" content=\"500\" \/>\n\t<meta property=\"og:image:type\" content=\"image\/jpeg\" \/>\n<meta name=\"author\" content=\"Edici\u00f3n Web\" \/>\n<meta name=\"twitter:card\" content=\"summary_large_image\" \/>\n<meta name=\"twitter:creator\" content=\"@NOTICIEROS7\" \/>\n<meta name=\"twitter:site\" content=\"@NOTICIEROS7\" \/>\n<meta name=\"twitter:label1\" content=\"Escrito por\" \/>\n\t<meta name=\"twitter:data1\" content=\"Edici\u00f3n Web\" \/>\n\t<meta name=\"twitter:label2\" content=\"Tiempo de lectura\" \/>\n\t<meta name=\"twitter:data2\" content=\"2 minutos\" \/>\n<script type=\"application\/ld+json\" class=\"yoast-schema-graph\">{\"@context\":\"https:\\\/\\\/schema.org\",\"@graph\":[{\"@type\":\"Article\",\"@id\":\"https:\\\/\\\/canal7slp.tv\\\/2025\\\/cadena-de-supermercados-anuncia-aumento-de-precios-debido-a-los-aranceles-de-trump\\\/#article\",\"isPartOf\":{\"@id\":\"https:\\\/\\\/canal7slp.tv\\\/2025\\\/cadena-de-supermercados-anuncia-aumento-de-precios-debido-a-los-aranceles-de-trump\\\/\"},\"author\":{\"name\":\"Edici\u00f3n Web\",\"@id\":\"https:\\\/\\\/canal7slp.tv\\\/2025\\\/#\\\/schema\\\/person\\\/271e2b60a96e7cc9d9ac296f4d7e414b\"},\"headline\":\"Cadena de supermercados anuncia aumento de precios debido a los aranceles de Trump\",\"datePublished\":\"2025-05-15T19:50:55+00:00\",\"mainEntityOfPage\":{\"@id\":\"https:\\\/\\\/canal7slp.tv\\\/2025\\\/cadena-de-supermercados-anuncia-aumento-de-precios-debido-a-los-aranceles-de-trump\\\/\"},\"wordCount\":255,\"publisher\":{\"@id\":\"https:\\\/\\\/canal7slp.tv\\\/2025\\\/#organization\"},\"image\":{\"@id\":\"https:\\\/\\\/canal7slp.tv\\\/2025\\\/cadena-de-supermercados-anuncia-aumento-de-precios-debido-a-los-aranceles-de-trump\\\/#primaryimage\"},\"thumbnailUrl\":\"https:\\\/\\\/canal7slp.tv\\\/2025\\\/wp-content\\\/uploads\\\/2025\\\/05\\\/04-14.jpg\",\"articleSection\":[\"ECONOM\u00cdA\"],\"inLanguage\":\"es\"},{\"@type\":\"WebPage\",\"@id\":\"https:\\\/\\\/canal7slp.tv\\\/2025\\\/cadena-de-supermercados-anuncia-aumento-de-precios-debido-a-los-aranceles-de-trump\\\/\",\"url\":\"https:\\\/\\\/canal7slp.tv\\\/2025\\\/cadena-de-supermercados-anuncia-aumento-de-precios-debido-a-los-aranceles-de-trump\\\/\",\"name\":\"Cadena de supermercados anuncia aumento de precios debido a los aranceles de Trump - Canal 7 SLP - 2025\",\"isPartOf\":{\"@id\":\"https:\\\/\\\/canal7slp.tv\\\/2025\\\/#website\"},\"primaryImageOfPage\":{\"@id\":\"https:\\\/\\\/canal7slp.tv\\\/2025\\\/cadena-de-supermercados-anuncia-aumento-de-precios-debido-a-los-aranceles-de-trump\\\/#primaryimage\"},\"image\":{\"@id\":\"https:\\\/\\\/canal7slp.tv\\\/2025\\\/cadena-de-supermercados-anuncia-aumento-de-precios-debido-a-los-aranceles-de-trump\\\/#primaryimage\"},\"thumbnailUrl\":\"https:\\\/\\\/canal7slp.tv\\\/2025\\\/wp-content\\\/uploads\\\/2025\\\/05\\\/04-14.jpg\",\"datePublished\":\"2025-05-15T19:50:55+00:00\",\"breadcrumb\":{\"@id\":\"https:\\\/\\\/canal7slp.tv\\\/2025\\\/cadena-de-supermercados-anuncia-aumento-de-precios-debido-a-los-aranceles-de-trump\\\/#breadcrumb\"},\"inLanguage\":\"es\",\"potentialAction\":[{\"@type\":\"ReadAction\",\"target\":[\"https:\\\/\\\/canal7slp.tv\\\/2025\\\/cadena-de-supermercados-anuncia-aumento-de-precios-debido-a-los-aranceles-de-trump\\\/\"]}]},{\"@type\":\"ImageObject\",\"inLanguage\":\"es\",\"@id\":\"https:\\\/\\\/canal7slp.tv\\\/2025\\\/cadena-de-supermercados-anuncia-aumento-de-precios-debido-a-los-aranceles-de-trump\\\/#primaryimage\",\"url\":\"https:\\\/\\\/canal7slp.tv\\\/2025\\\/wp-content\\\/uploads\\\/2025\\\/05\\\/04-14.jpg\",\"contentUrl\":\"https:\\\/\\\/canal7slp.tv\\\/2025\\\/wp-content\\\/uploads\\\/2025\\\/05\\\/04-14.jpg\",\"width\":666,\"height\":500},{\"@type\":\"BreadcrumbList\",\"@id\":\"https:\\\/\\\/canal7slp.tv\\\/2025\\\/cadena-de-supermercados-anuncia-aumento-de-precios-debido-a-los-aranceles-de-trump\\\/#breadcrumb\",\"itemListElement\":[{\"@type\":\"ListItem\",\"position\":1,\"name\":\"Portada\",\"item\":\"https:\\\/\\\/canal7slp.tv\\\/2025\\\/\"},{\"@type\":\"ListItem\",\"position\":2,\"name\":\"Cadena de supermercados anuncia aumento de precios debido a los aranceles de Trump\"}]},{\"@type\":\"WebSite\",\"@id\":\"https:\\\/\\\/canal7slp.tv\\\/2025\\\/#website\",\"url\":\"https:\\\/\\\/canal7slp.tv\\\/2025\\\/\",\"name\":\"N7 - Noticieros Canal 7\",\"description\":\"Somos el Medio\",\"publisher\":{\"@id\":\"https:\\\/\\\/canal7slp.tv\\\/2025\\\/#organization\"},\"potentialAction\":[{\"@type\":\"SearchAction\",\"target\":{\"@type\":\"EntryPoint\",\"urlTemplate\":\"https:\\\/\\\/canal7slp.tv\\\/2025\\\/?s={search_term_string}\"},\"query-input\":{\"@type\":\"PropertyValueSpecification\",\"valueRequired\":true,\"valueName\":\"search_term_string\"}}],\"inLanguage\":\"es\"},{\"@type\":\"Organization\",\"@id\":\"https:\\\/\\\/canal7slp.tv\\\/2025\\\/#organization\",\"name\":\"Noticieros Canal 7\",\"url\":\"https:\\\/\\\/canal7slp.tv\\\/2025\\\/\",\"logo\":{\"@type\":\"ImageObject\",\"inLanguage\":\"es\",\"@id\":\"https:\\\/\\\/canal7slp.tv\\\/2025\\\/#\\\/schema\\\/logo\\\/image\\\/\",\"url\":\"https:\\\/\\\/canal7slp.tv\\\/2025\\\/wp-content\\\/uploads\\\/2021\\\/01\\\/logo-noticieros@2x.png\",\"contentUrl\":\"https:\\\/\\\/canal7slp.tv\\\/2025\\\/wp-content\\\/uploads\\\/2021\\\/01\\\/logo-noticieros@2x.png\",\"width\":1017,\"height\":268,\"caption\":\"Noticieros Canal 7\"},\"image\":{\"@id\":\"https:\\\/\\\/canal7slp.tv\\\/2025\\\/#\\\/schema\\\/logo\\\/image\\\/\"},\"sameAs\":[\"https:\\\/\\\/www.facebook.com\\\/noticieroscanal7atencionciudadana\\\/\",\"https:\\\/\\\/x.com\\\/NOTICIEROS7\",\"https:\\\/\\\/www.instagram.com\\\/canal7_slp\",\"https:\\\/\\\/www.youtube.com\\\/channel\\\/UCliiYs-gP3JfJeqdPrNdd5A\"]},{\"@type\":\"Person\",\"@id\":\"https:\\\/\\\/canal7slp.tv\\\/2025\\\/#\\\/schema\\\/person\\\/271e2b60a96e7cc9d9ac296f4d7e414b\",\"name\":\"Edici\u00f3n Web\",\"image\":{\"@type\":\"ImageObject\",\"inLanguage\":\"es\",\"@id\":\"https:\\\/\\\/secure.gravatar.com\\\/avatar\\\/eee448fc3f7164808013b816ba91ac7e43bbe82a70bebac296f8bc6f0addaa1a?s=96&d=mm&r=g\",\"url\":\"https:\\\/\\\/secure.gravatar.com\\\/avatar\\\/eee448fc3f7164808013b816ba91ac7e43bbe82a70bebac296f8bc6f0addaa1a?s=96&d=mm&r=g\",\"contentUrl\":\"https:\\\/\\\/secure.gravatar.com\\\/avatar\\\/eee448fc3f7164808013b816ba91ac7e43bbe82a70bebac296f8bc6f0addaa1a?s=96&d=mm&r=g\",\"caption\":\"Edici\u00f3n Web\"},\"url\":\"https:\\\/\\\/canal7slp.tv\\\/2025\\\/author\\\/edicionweb\\\/\"}]}<\/script>\n<!-- \/ Yoast SEO plugin. -->","yoast_head_json":{"title":"Cadena de supermercados anuncia aumento de precios debido a los aranceles de Trump - Canal 7 SLP - 2025","robots":{"index":"index","follow":"follow","max-snippet":"max-snippet:-1","max-image-preview":"max-image-preview:large","max-video-preview":"max-video-preview:-1"},"canonical":"https:\/\/canal7slp.tv\/2025\/cadena-de-supermercados-anuncia-aumento-de-precios-debido-a-los-aranceles-de-trump\/","og_locale":"es_ES","og_type":"article","og_title":"Cadena de supermercados anuncia aumento de precios debido a los aranceles de Trump - Canal 7 SLP - 2025","og_description":"EUA.- Walmart anunci\u00f3 este jueves, durante la presentaci\u00f3n de sus resultados financieros, que aumentar\u00e1 los precios de varios productos a partir de este mes y durante el verano, en respuesta a los nuevos aranceles propuestos por Donald Trump sobre las importaciones chinas. En entrevista con The Wall Street Journal, el director financiero de la empresa, John David Rainey, afirm\u00f3 que \u201cla magnitud y la velocidad con la que nos est\u00e1n llegando estos precios no tiene precedentes en la historia\u201d. Aunque las ventas han crecido de manera constante en el \u00faltimo trimestre, gracias a las promociones, el impacto total de la [&hellip;]","og_url":"https:\/\/canal7slp.tv\/2025\/cadena-de-supermercados-anuncia-aumento-de-precios-debido-a-los-aranceles-de-trump\/","og_site_name":"Canal 7 SLP - 2025","article_publisher":"https:\/\/www.facebook.com\/noticieroscanal7atencionciudadana\/","article_published_time":"2025-05-15T19:50:55+00:00","og_image":[{"width":666,"height":500,"url":"https:\/\/canal7slp.tv\/2025\/wp-content\/uploads\/2025\/05\/04-14.jpg","type":"image\/jpeg"}],"author":"Edici\u00f3n Web","twitter_card":"summary_large_image","twitter_creator":"@NOTICIEROS7","twitter_site":"@NOTICIEROS7","twitter_misc":{"Escrito por":"Edici\u00f3n Web","Tiempo de lectura":"2 minutos"},"schema":{"@context":"https:\/\/schema.org","@graph":[{"@type":"Article","@id":"https:\/\/canal7slp.tv\/2025\/cadena-de-supermercados-anuncia-aumento-de-precios-debido-a-los-aranceles-de-trump\/#article","isPartOf":{"@id":"https:\/\/canal7slp.tv\/2025\/cadena-de-supermercados-anuncia-aumento-de-precios-debido-a-los-aranceles-de-trump\/"},"author":{"name":"Edici\u00f3n Web","@id":"https:\/\/canal7slp.tv\/2025\/#\/schema\/person\/271e2b60a96e7cc9d9ac296f4d7e414b"},"headline":"Cadena de supermercados anuncia aumento de precios debido a los aranceles de Trump","datePublished":"2025-05-15T19:50:55+00:00","mainEntityOfPage":{"@id":"https:\/\/canal7slp.tv\/2025\/cadena-de-supermercados-anuncia-aumento-de-precios-debido-a-los-aranceles-de-trump\/"},"wordCount":255,"publisher":{"@id":"https:\/\/canal7slp.tv\/2025\/#organization"},"image":{"@id":"https:\/\/canal7slp.tv\/2025\/cadena-de-supermercados-anuncia-aumento-de-precios-debido-a-los-aranceles-de-trump\/#primaryimage"},"thumbnailUrl":"https:\/\/canal7slp.tv\/2025\/wp-content\/uploads\/2025\/05\/04-14.jpg","articleSection":["ECONOM\u00cdA"],"inLanguage":"es"},{"@type":"WebPage","@id":"https:\/\/canal7slp.tv\/2025\/cadena-de-supermercados-anuncia-aumento-de-precios-debido-a-los-aranceles-de-trump\/","url":"https:\/\/canal7slp.tv\/2025\/cadena-de-supermercados-anuncia-aumento-de-precios-debido-a-los-aranceles-de-trump\/","name":"Cadena de supermercados anuncia aumento de precios debido a los aranceles de Trump - Canal 7 SLP - 2025","isPartOf":{"@id":"https:\/\/canal7slp.tv\/2025\/#website"},"primaryImageOfPage":{"@id":"https:\/\/canal7slp.tv\/2025\/cadena-de-supermercados-anuncia-aumento-de-precios-debido-a-los-aranceles-de-trump\/#primaryimage"},"image":{"@id":"https:\/\/canal7slp.tv\/2025\/cadena-de-supermercados-anuncia-aumento-de-precios-debido-a-los-aranceles-de-trump\/#primaryimage"},"thumbnailUrl":"https:\/\/canal7slp.tv\/2025\/wp-content\/uploads\/2025\/05\/04-14.jpg","datePublished":"2025-05-15T19:50:55+00:00","breadcrumb":{"@id":"https:\/\/canal7slp.tv\/2025\/cadena-de-supermercados-anuncia-aumento-de-precios-debido-a-los-aranceles-de-trump\/#breadcrumb"},"inLanguage":"es","potentialAction":[{"@type":"ReadAction","target":["https:\/\/canal7slp.tv\/2025\/cadena-de-supermercados-anuncia-aumento-de-precios-debido-a-los-aranceles-de-trump\/"]}]},{"@type":"ImageObject","inLanguage":"es","@id":"https:\/\/canal7slp.tv\/2025\/cadena-de-supermercados-anuncia-aumento-de-precios-debido-a-los-aranceles-de-trump\/#primaryimage","url":"https:\/\/canal7slp.tv\/2025\/wp-content\/uploads\/2025\/05\/04-14.jpg","contentUrl":"https:\/\/canal7slp.tv\/2025\/wp-content\/uploads\/2025\/05\/04-14.jpg","width":666,"height":500},{"@type":"BreadcrumbList","@id":"https:\/\/canal7slp.tv\/2025\/cadena-de-supermercados-anuncia-aumento-de-precios-debido-a-los-aranceles-de-trump\/#breadcrumb","itemListElement":[{"@type":"ListItem","position":1,"name":"Portada","item":"https:\/\/canal7slp.tv\/2025\/"},{"@type":"ListItem","position":2,"name":"Cadena de supermercados anuncia aumento de precios debido a los aranceles de Trump"}]},{"@type":"WebSite","@id":"https:\/\/canal7slp.tv\/2025\/#website","url":"https:\/\/canal7slp.tv\/2025\/","name":"N7 - Noticieros Canal 7","description":"Somos el Medio","publisher":{"@id":"https:\/\/canal7slp.tv\/2025\/#organization"},"potentialAction":[{"@type":"SearchAction","target":{"@type":"EntryPoint","urlTemplate":"https:\/\/canal7slp.tv\/2025\/?s={search_term_string}"},"query-input":{"@type":"PropertyValueSpecification","valueRequired":true,"valueName":"search_term_string"}}],"inLanguage":"es"},{"@type":"Organization","@id":"https:\/\/canal7slp.tv\/2025\/#organization","name":"Noticieros Canal 7","url":"https:\/\/canal7slp.tv\/2025\/","logo":{"@type":"ImageObject","inLanguage":"es","@id":"https:\/\/canal7slp.tv\/2025\/#\/schema\/logo\/image\/","url":"https:\/\/canal7slp.tv\/2025\/wp-content\/uploads\/2021\/01\/logo-noticieros@2x.png","contentUrl":"https:\/\/canal7slp.tv\/2025\/wp-content\/uploads\/2021\/01\/logo-noticieros@2x.png","width":1017,"height":268,"caption":"Noticieros Canal 7"},"image":{"@id":"https:\/\/canal7slp.tv\/2025\/#\/schema\/logo\/image\/"},"sameAs":["https:\/\/www.facebook.com\/noticieroscanal7atencionciudadana\/","https:\/\/x.com\/NOTICIEROS7","https:\/\/www.instagram.com\/canal7_slp","https:\/\/www.youtube.com\/channel\/UCliiYs-gP3JfJeqdPrNdd5A"]},{"@type":"Person","@id":"https:\/\/canal7slp.tv\/2025\/#\/schema\/person\/271e2b60a96e7cc9d9ac296f4d7e414b","name":"Edici\u00f3n Web","image":{"@type":"ImageObject","inLanguage":"es","@id":"https:\/\/secure.gravatar.com\/avatar\/eee448fc3f7164808013b816ba91ac7e43bbe82a70bebac296f8bc6f0addaa1a?s=96&d=mm&r=g","url":"https:\/\/secure.gravatar.com\/avatar\/eee448fc3f7164808013b816ba91ac7e43bbe82a70bebac296f8bc6f0addaa1a?s=96&d=mm&r=g","contentUrl":"https:\/\/secure.gravatar.com\/avatar\/eee448fc3f7164808013b816ba91ac7e43bbe82a70bebac296f8bc6f0addaa1a?s=96&d=mm&r=g","caption":"Edici\u00f3n Web"},"url":"https:\/\/canal7slp.tv\/2025\/author\/edicionweb\/"}]}},"_links":{"self":[{"href":"https:\/\/canal7slp.tv\/2025\/wp-json\/wp\/v2\/posts\/167696","targetHints":{"allow":["GET"]}}],"collection":[{"href":"https:\/\/canal7slp.tv\/2025\/wp-json\/wp\/v2\/posts"}],"about":[{"href":"https:\/\/canal7slp.tv\/2025\/wp-json\/wp\/v2\/types\/post"}],"author":[{"embeddable":true,"href":"https:\/\/canal7slp.tv\/2025\/wp-json\/wp\/v2\/users\/2"}],"replies":[{"embeddable":true,"href":"https:\/\/canal7slp.tv\/2025\/wp-json\/wp\/v2\/comments?post=167696"}],"version-history":[{"count":1,"href":"https:\/\/canal7slp.tv\/2025\/wp-json\/wp\/v2\/posts\/167696\/revisions"}],"predecessor-version":[{"id":167698,"href":"https:\/\/canal7slp.tv\/2025\/wp-json\/wp\/v2\/posts\/167696\/revisions\/167698"}],"wp:featuredmedia":[{"embeddable":true,"href":"https:\/\/canal7slp.tv\/2025\/wp-json\/wp\/v2\/media\/167697"}],"wp:attachment":[{"href":"https:\/\/canal7slp.tv\/2025\/wp-json\/wp\/v2\/media?parent=167696"}],"wp:term":[{"taxonomy":"category","embeddable":true,"href":"https:\/\/canal7slp.tv\/2025\/wp-json\/wp\/v2\/categories?post=167696"},{"taxonomy":"post_tag","embeddable":true,"href":"https:\/\/canal7slp.tv\/2025\/wp-json\/wp\/v2\/tags?post=167696"}],"curies":[{"name":"wp","href":"https:\/\/api.w.org\/{rel}","templated":true}]}}