{"id":167690,"date":"2025-05-15T13:11:26","date_gmt":"2025-05-15T19:11:26","guid":{"rendered":"https:\/\/canal7slp.tv\/2025\/?p=167690"},"modified":"2025-05-15T13:11:26","modified_gmt":"2025-05-15T19:11:26","slug":"federacion-anuncia-aumento-salarial-y-semana-extra-de-vacaciones-para-maestros","status":"publish","type":"post","link":"https:\/\/canal7slp.tv\/2025\/federacion-anuncia-aumento-salarial-y-semana-extra-de-vacaciones-para-maestros\/","title":{"rendered":"Federaci\u00f3n anuncia aumento salarial y semana extra de vacaciones para maestros"},"content":{"rendered":"<p style=\"text-align: justify;\">M\u00e9xico.- En el marco del D\u00eda del Maestro, la presidenta Claudia Sheinbaum Pardo anunci\u00f3 un aumento salarial del 9%, retroactivo al 1 de enero, y un 1% adicional que se aplicar\u00e1 a partir de septiembre, como reconocimiento a la labor docente. Este incremento implicar\u00e1 un costo adicional de 36,000 millones de pesos al presupuesto anual.<\/p>\n<p style=\"text-align: justify;\">Durante una reuni\u00f3n con el Sindicato Nacional de Trabajadores de la Educaci\u00f3n (SNTE), Sheinbaum tambi\u00e9n anunci\u00f3 una semana extra de vacaciones para los maestros, resultado de un an\u00e1lisis comparativo de calendarios escolares internacionales.<\/p>\n<p style=\"text-align: justify;\">Al tocar otros temas, la mandataria critic\u00f3 la ley del ISSSTE de 2007 y ofreci\u00f3 abrir un di\u00e1logo sobre cr\u00e9ditos de vivienda, refiri\u00e9ndose a las reducciones implementadas en el FOVISSSTE.<\/p>\n<p style=\"text-align: justify;\">En el evento se entregaron condecoraciones a docentes por sus a\u00f1os de servicio. Sheinbaum enfatiz\u00f3 que la educaci\u00f3n p\u00fablica sufri\u00f3 recortes durante el periodo neoliberal y la reforma educativa de 2013, y ratific\u00f3 su compromiso de eliminar la Unidad del Sistema para la Carrera de las Maestras y Maestros (USICAMM). Argument\u00f3 que el futuro de la educaci\u00f3n debe decidirlo el propio magisterio, no la Secretar\u00eda de Educaci\u00f3n P\u00fablica: \u201cQueremos que las decisiones vengan de las maestras y los maestros\u201d.<\/p>\n","protected":false},"excerpt":{"rendered":"<p>M\u00e9xico.- En el marco del D\u00eda del Maestro, la presidenta Claudia Sheinbaum Pardo anunci\u00f3 un aumento salarial del 9%, retroactivo al 1 de enero, y un 1% adicional que se aplicar\u00e1 a partir de septiembre, como reconocimiento a la labor docente. Este incremento implicar\u00e1 un costo adicional de 36,000 millones de pesos al presupuesto anual. Durante una reuni\u00f3n con el Sindicato Nacional de Trabajadores de la Educaci\u00f3n (SNTE), Sheinbaum tambi\u00e9n anunci\u00f3 una semana extra de vacaciones para los maestros, resultado de un an\u00e1lisis comparativo de calendarios escolares internacionales. Al tocar otros temas, la mandataria critic\u00f3 la ley del ISSSTE de [&hellip;]<\/p>\n","protected":false},"author":2,"featured_media":167691,"comment_status":"closed","ping_status":"closed","sticky":false,"template":"","format":"standard","meta":{"_monsterinsights_skip_tracking":false,"_monsterinsights_sitenote_active":false,"_monsterinsights_sitenote_note":"","_monsterinsights_sitenote_category":0,"footnotes":""},"categories":[46],"tags":[],"class_list":["post-167690","post","type-post","status-publish","format-standard","has-post-thumbnail","hentry","category-nacional","post--single"],"yoast_head":"<!-- This site is optimized with the Yoast SEO plugin v27.4 - https:\/\/yoast.com\/product\/yoast-seo-wordpress\/ -->\n<title>Federaci\u00f3n anuncia aumento salarial y semana extra de vacaciones para maestros - Canal 7 SLP - 2025<\/title>\n<meta name=\"robots\" content=\"index, follow, max-snippet:-1, max-image-preview:large, max-video-preview:-1\" \/>\n<link rel=\"canonical\" href=\"https:\/\/canal7slp.tv\/2025\/federacion-anuncia-aumento-salarial-y-semana-extra-de-vacaciones-para-maestros\/\" \/>\n<meta property=\"og:locale\" content=\"es_ES\" \/>\n<meta property=\"og:type\" content=\"article\" \/>\n<meta property=\"og:title\" content=\"Federaci\u00f3n anuncia aumento salarial y semana extra de vacaciones para maestros - Canal 7 SLP - 2025\" \/>\n<meta property=\"og:description\" content=\"M\u00e9xico.- En el marco del D\u00eda del Maestro, la presidenta Claudia Sheinbaum Pardo anunci\u00f3 un aumento salarial del 9%, retroactivo al 1 de enero, y un 1% adicional que se aplicar\u00e1 a partir de septiembre, como reconocimiento a la labor docente. Este incremento implicar\u00e1 un costo adicional de 36,000 millones de pesos al presupuesto anual. Durante una reuni\u00f3n con el Sindicato Nacional de Trabajadores de la Educaci\u00f3n (SNTE), Sheinbaum tambi\u00e9n anunci\u00f3 una semana extra de vacaciones para los maestros, resultado de un an\u00e1lisis comparativo de calendarios escolares internacionales. Al tocar otros temas, la mandataria critic\u00f3 la ley del ISSSTE de [&hellip;]\" \/>\n<meta property=\"og:url\" content=\"https:\/\/canal7slp.tv\/2025\/federacion-anuncia-aumento-salarial-y-semana-extra-de-vacaciones-para-maestros\/\" \/>\n<meta property=\"og:site_name\" content=\"Canal 7 SLP - 2025\" \/>\n<meta property=\"article:publisher\" content=\"https:\/\/www.facebook.com\/noticieroscanal7atencionciudadana\/\" \/>\n<meta property=\"article:published_time\" content=\"2025-05-15T19:11:26+00:00\" \/>\n<meta property=\"og:image\" content=\"https:\/\/canal7slp.tv\/2025\/wp-content\/uploads\/2025\/05\/02-14.jpg\" \/>\n\t<meta property=\"og:image:width\" content=\"749\" \/>\n\t<meta property=\"og:image:height\" content=\"500\" \/>\n\t<meta property=\"og:image:type\" content=\"image\/jpeg\" \/>\n<meta name=\"author\" content=\"Edici\u00f3n Web\" \/>\n<meta name=\"twitter:card\" content=\"summary_large_image\" \/>\n<meta name=\"twitter:creator\" content=\"@NOTICIEROS7\" \/>\n<meta name=\"twitter:site\" content=\"@NOTICIEROS7\" \/>\n<meta name=\"twitter:label1\" content=\"Escrito por\" \/>\n\t<meta name=\"twitter:data1\" content=\"Edici\u00f3n Web\" \/>\n\t<meta name=\"twitter:label2\" content=\"Tiempo de lectura\" \/>\n\t<meta name=\"twitter:data2\" content=\"2 minutos\" \/>\n<script type=\"application\/ld+json\" class=\"yoast-schema-graph\">{\"@context\":\"https:\\\/\\\/schema.org\",\"@graph\":[{\"@type\":\"Article\",\"@id\":\"https:\\\/\\\/canal7slp.tv\\\/2025\\\/federacion-anuncia-aumento-salarial-y-semana-extra-de-vacaciones-para-maestros\\\/#article\",\"isPartOf\":{\"@id\":\"https:\\\/\\\/canal7slp.tv\\\/2025\\\/federacion-anuncia-aumento-salarial-y-semana-extra-de-vacaciones-para-maestros\\\/\"},\"author\":{\"name\":\"Edici\u00f3n Web\",\"@id\":\"https:\\\/\\\/canal7slp.tv\\\/2025\\\/#\\\/schema\\\/person\\\/271e2b60a96e7cc9d9ac296f4d7e414b\"},\"headline\":\"Federaci\u00f3n anuncia aumento salarial y semana extra de vacaciones para maestros\",\"datePublished\":\"2025-05-15T19:11:26+00:00\",\"mainEntityOfPage\":{\"@id\":\"https:\\\/\\\/canal7slp.tv\\\/2025\\\/federacion-anuncia-aumento-salarial-y-semana-extra-de-vacaciones-para-maestros\\\/\"},\"wordCount\":220,\"publisher\":{\"@id\":\"https:\\\/\\\/canal7slp.tv\\\/2025\\\/#organization\"},\"image\":{\"@id\":\"https:\\\/\\\/canal7slp.tv\\\/2025\\\/federacion-anuncia-aumento-salarial-y-semana-extra-de-vacaciones-para-maestros\\\/#primaryimage\"},\"thumbnailUrl\":\"https:\\\/\\\/canal7slp.tv\\\/2025\\\/wp-content\\\/uploads\\\/2025\\\/05\\\/02-14.jpg\",\"articleSection\":[\"NACIONALES\"],\"inLanguage\":\"es\"},{\"@type\":\"WebPage\",\"@id\":\"https:\\\/\\\/canal7slp.tv\\\/2025\\\/federacion-anuncia-aumento-salarial-y-semana-extra-de-vacaciones-para-maestros\\\/\",\"url\":\"https:\\\/\\\/canal7slp.tv\\\/2025\\\/federacion-anuncia-aumento-salarial-y-semana-extra-de-vacaciones-para-maestros\\\/\",\"name\":\"Federaci\u00f3n anuncia aumento salarial y semana extra de vacaciones para maestros - Canal 7 SLP - 2025\",\"isPartOf\":{\"@id\":\"https:\\\/\\\/canal7slp.tv\\\/2025\\\/#website\"},\"primaryImageOfPage\":{\"@id\":\"https:\\\/\\\/canal7slp.tv\\\/2025\\\/federacion-anuncia-aumento-salarial-y-semana-extra-de-vacaciones-para-maestros\\\/#primaryimage\"},\"image\":{\"@id\":\"https:\\\/\\\/canal7slp.tv\\\/2025\\\/federacion-anuncia-aumento-salarial-y-semana-extra-de-vacaciones-para-maestros\\\/#primaryimage\"},\"thumbnailUrl\":\"https:\\\/\\\/canal7slp.tv\\\/2025\\\/wp-content\\\/uploads\\\/2025\\\/05\\\/02-14.jpg\",\"datePublished\":\"2025-05-15T19:11:26+00:00\",\"breadcrumb\":{\"@id\":\"https:\\\/\\\/canal7slp.tv\\\/2025\\\/federacion-anuncia-aumento-salarial-y-semana-extra-de-vacaciones-para-maestros\\\/#breadcrumb\"},\"inLanguage\":\"es\",\"potentialAction\":[{\"@type\":\"ReadAction\",\"target\":[\"https:\\\/\\\/canal7slp.tv\\\/2025\\\/federacion-anuncia-aumento-salarial-y-semana-extra-de-vacaciones-para-maestros\\\/\"]}]},{\"@type\":\"ImageObject\",\"inLanguage\":\"es\",\"@id\":\"https:\\\/\\\/canal7slp.tv\\\/2025\\\/federacion-anuncia-aumento-salarial-y-semana-extra-de-vacaciones-para-maestros\\\/#primaryimage\",\"url\":\"https:\\\/\\\/canal7slp.tv\\\/2025\\\/wp-content\\\/uploads\\\/2025\\\/05\\\/02-14.jpg\",\"contentUrl\":\"https:\\\/\\\/canal7slp.tv\\\/2025\\\/wp-content\\\/uploads\\\/2025\\\/05\\\/02-14.jpg\",\"width\":749,\"height\":500},{\"@type\":\"BreadcrumbList\",\"@id\":\"https:\\\/\\\/canal7slp.tv\\\/2025\\\/federacion-anuncia-aumento-salarial-y-semana-extra-de-vacaciones-para-maestros\\\/#breadcrumb\",\"itemListElement\":[{\"@type\":\"ListItem\",\"position\":1,\"name\":\"Portada\",\"item\":\"https:\\\/\\\/canal7slp.tv\\\/2025\\\/\"},{\"@type\":\"ListItem\",\"position\":2,\"name\":\"Federaci\u00f3n anuncia aumento salarial y semana extra de vacaciones para maestros\"}]},{\"@type\":\"WebSite\",\"@id\":\"https:\\\/\\\/canal7slp.tv\\\/2025\\\/#website\",\"url\":\"https:\\\/\\\/canal7slp.tv\\\/2025\\\/\",\"name\":\"N7 - Noticieros Canal 7\",\"description\":\"Somos el Medio\",\"publisher\":{\"@id\":\"https:\\\/\\\/canal7slp.tv\\\/2025\\\/#organization\"},\"potentialAction\":[{\"@type\":\"SearchAction\",\"target\":{\"@type\":\"EntryPoint\",\"urlTemplate\":\"https:\\\/\\\/canal7slp.tv\\\/2025\\\/?s={search_term_string}\"},\"query-input\":{\"@type\":\"PropertyValueSpecification\",\"valueRequired\":true,\"valueName\":\"search_term_string\"}}],\"inLanguage\":\"es\"},{\"@type\":\"Organization\",\"@id\":\"https:\\\/\\\/canal7slp.tv\\\/2025\\\/#organization\",\"name\":\"Noticieros Canal 7\",\"url\":\"https:\\\/\\\/canal7slp.tv\\\/2025\\\/\",\"logo\":{\"@type\":\"ImageObject\",\"inLanguage\":\"es\",\"@id\":\"https:\\\/\\\/canal7slp.tv\\\/2025\\\/#\\\/schema\\\/logo\\\/image\\\/\",\"url\":\"https:\\\/\\\/canal7slp.tv\\\/2025\\\/wp-content\\\/uploads\\\/2021\\\/01\\\/logo-noticieros@2x.png\",\"contentUrl\":\"https:\\\/\\\/canal7slp.tv\\\/2025\\\/wp-content\\\/uploads\\\/2021\\\/01\\\/logo-noticieros@2x.png\",\"width\":1017,\"height\":268,\"caption\":\"Noticieros Canal 7\"},\"image\":{\"@id\":\"https:\\\/\\\/canal7slp.tv\\\/2025\\\/#\\\/schema\\\/logo\\\/image\\\/\"},\"sameAs\":[\"https:\\\/\\\/www.facebook.com\\\/noticieroscanal7atencionciudadana\\\/\",\"https:\\\/\\\/x.com\\\/NOTICIEROS7\",\"https:\\\/\\\/www.instagram.com\\\/canal7_slp\",\"https:\\\/\\\/www.youtube.com\\\/channel\\\/UCliiYs-gP3JfJeqdPrNdd5A\"]},{\"@type\":\"Person\",\"@id\":\"https:\\\/\\\/canal7slp.tv\\\/2025\\\/#\\\/schema\\\/person\\\/271e2b60a96e7cc9d9ac296f4d7e414b\",\"name\":\"Edici\u00f3n Web\",\"image\":{\"@type\":\"ImageObject\",\"inLanguage\":\"es\",\"@id\":\"https:\\\/\\\/secure.gravatar.com\\\/avatar\\\/eee448fc3f7164808013b816ba91ac7e43bbe82a70bebac296f8bc6f0addaa1a?s=96&d=mm&r=g\",\"url\":\"https:\\\/\\\/secure.gravatar.com\\\/avatar\\\/eee448fc3f7164808013b816ba91ac7e43bbe82a70bebac296f8bc6f0addaa1a?s=96&d=mm&r=g\",\"contentUrl\":\"https:\\\/\\\/secure.gravatar.com\\\/avatar\\\/eee448fc3f7164808013b816ba91ac7e43bbe82a70bebac296f8bc6f0addaa1a?s=96&d=mm&r=g\",\"caption\":\"Edici\u00f3n Web\"},\"url\":\"https:\\\/\\\/canal7slp.tv\\\/2025\\\/author\\\/edicionweb\\\/\"}]}<\/script>\n<!-- \/ Yoast SEO plugin. -->","yoast_head_json":{"title":"Federaci\u00f3n anuncia aumento salarial y semana extra de vacaciones para maestros - Canal 7 SLP - 2025","robots":{"index":"index","follow":"follow","max-snippet":"max-snippet:-1","max-image-preview":"max-image-preview:large","max-video-preview":"max-video-preview:-1"},"canonical":"https:\/\/canal7slp.tv\/2025\/federacion-anuncia-aumento-salarial-y-semana-extra-de-vacaciones-para-maestros\/","og_locale":"es_ES","og_type":"article","og_title":"Federaci\u00f3n anuncia aumento salarial y semana extra de vacaciones para maestros - Canal 7 SLP - 2025","og_description":"M\u00e9xico.- En el marco del D\u00eda del Maestro, la presidenta Claudia Sheinbaum Pardo anunci\u00f3 un aumento salarial del 9%, retroactivo al 1 de enero, y un 1% adicional que se aplicar\u00e1 a partir de septiembre, como reconocimiento a la labor docente. Este incremento implicar\u00e1 un costo adicional de 36,000 millones de pesos al presupuesto anual. Durante una reuni\u00f3n con el Sindicato Nacional de Trabajadores de la Educaci\u00f3n (SNTE), Sheinbaum tambi\u00e9n anunci\u00f3 una semana extra de vacaciones para los maestros, resultado de un an\u00e1lisis comparativo de calendarios escolares internacionales. Al tocar otros temas, la mandataria critic\u00f3 la ley del ISSSTE de [&hellip;]","og_url":"https:\/\/canal7slp.tv\/2025\/federacion-anuncia-aumento-salarial-y-semana-extra-de-vacaciones-para-maestros\/","og_site_name":"Canal 7 SLP - 2025","article_publisher":"https:\/\/www.facebook.com\/noticieroscanal7atencionciudadana\/","article_published_time":"2025-05-15T19:11:26+00:00","og_image":[{"width":749,"height":500,"url":"https:\/\/canal7slp.tv\/2025\/wp-content\/uploads\/2025\/05\/02-14.jpg","type":"image\/jpeg"}],"author":"Edici\u00f3n Web","twitter_card":"summary_large_image","twitter_creator":"@NOTICIEROS7","twitter_site":"@NOTICIEROS7","twitter_misc":{"Escrito por":"Edici\u00f3n Web","Tiempo de lectura":"2 minutos"},"schema":{"@context":"https:\/\/schema.org","@graph":[{"@type":"Article","@id":"https:\/\/canal7slp.tv\/2025\/federacion-anuncia-aumento-salarial-y-semana-extra-de-vacaciones-para-maestros\/#article","isPartOf":{"@id":"https:\/\/canal7slp.tv\/2025\/federacion-anuncia-aumento-salarial-y-semana-extra-de-vacaciones-para-maestros\/"},"author":{"name":"Edici\u00f3n Web","@id":"https:\/\/canal7slp.tv\/2025\/#\/schema\/person\/271e2b60a96e7cc9d9ac296f4d7e414b"},"headline":"Federaci\u00f3n anuncia aumento salarial y semana extra de vacaciones para maestros","datePublished":"2025-05-15T19:11:26+00:00","mainEntityOfPage":{"@id":"https:\/\/canal7slp.tv\/2025\/federacion-anuncia-aumento-salarial-y-semana-extra-de-vacaciones-para-maestros\/"},"wordCount":220,"publisher":{"@id":"https:\/\/canal7slp.tv\/2025\/#organization"},"image":{"@id":"https:\/\/canal7slp.tv\/2025\/federacion-anuncia-aumento-salarial-y-semana-extra-de-vacaciones-para-maestros\/#primaryimage"},"thumbnailUrl":"https:\/\/canal7slp.tv\/2025\/wp-content\/uploads\/2025\/05\/02-14.jpg","articleSection":["NACIONALES"],"inLanguage":"es"},{"@type":"WebPage","@id":"https:\/\/canal7slp.tv\/2025\/federacion-anuncia-aumento-salarial-y-semana-extra-de-vacaciones-para-maestros\/","url":"https:\/\/canal7slp.tv\/2025\/federacion-anuncia-aumento-salarial-y-semana-extra-de-vacaciones-para-maestros\/","name":"Federaci\u00f3n anuncia aumento salarial y semana extra de vacaciones para maestros - Canal 7 SLP - 2025","isPartOf":{"@id":"https:\/\/canal7slp.tv\/2025\/#website"},"primaryImageOfPage":{"@id":"https:\/\/canal7slp.tv\/2025\/federacion-anuncia-aumento-salarial-y-semana-extra-de-vacaciones-para-maestros\/#primaryimage"},"image":{"@id":"https:\/\/canal7slp.tv\/2025\/federacion-anuncia-aumento-salarial-y-semana-extra-de-vacaciones-para-maestros\/#primaryimage"},"thumbnailUrl":"https:\/\/canal7slp.tv\/2025\/wp-content\/uploads\/2025\/05\/02-14.jpg","datePublished":"2025-05-15T19:11:26+00:00","breadcrumb":{"@id":"https:\/\/canal7slp.tv\/2025\/federacion-anuncia-aumento-salarial-y-semana-extra-de-vacaciones-para-maestros\/#breadcrumb"},"inLanguage":"es","potentialAction":[{"@type":"ReadAction","target":["https:\/\/canal7slp.tv\/2025\/federacion-anuncia-aumento-salarial-y-semana-extra-de-vacaciones-para-maestros\/"]}]},{"@type":"ImageObject","inLanguage":"es","@id":"https:\/\/canal7slp.tv\/2025\/federacion-anuncia-aumento-salarial-y-semana-extra-de-vacaciones-para-maestros\/#primaryimage","url":"https:\/\/canal7slp.tv\/2025\/wp-content\/uploads\/2025\/05\/02-14.jpg","contentUrl":"https:\/\/canal7slp.tv\/2025\/wp-content\/uploads\/2025\/05\/02-14.jpg","width":749,"height":500},{"@type":"BreadcrumbList","@id":"https:\/\/canal7slp.tv\/2025\/federacion-anuncia-aumento-salarial-y-semana-extra-de-vacaciones-para-maestros\/#breadcrumb","itemListElement":[{"@type":"ListItem","position":1,"name":"Portada","item":"https:\/\/canal7slp.tv\/2025\/"},{"@type":"ListItem","position":2,"name":"Federaci\u00f3n anuncia aumento salarial y semana extra de vacaciones para maestros"}]},{"@type":"WebSite","@id":"https:\/\/canal7slp.tv\/2025\/#website","url":"https:\/\/canal7slp.tv\/2025\/","name":"N7 - Noticieros Canal 7","description":"Somos el Medio","publisher":{"@id":"https:\/\/canal7slp.tv\/2025\/#organization"},"potentialAction":[{"@type":"SearchAction","target":{"@type":"EntryPoint","urlTemplate":"https:\/\/canal7slp.tv\/2025\/?s={search_term_string}"},"query-input":{"@type":"PropertyValueSpecification","valueRequired":true,"valueName":"search_term_string"}}],"inLanguage":"es"},{"@type":"Organization","@id":"https:\/\/canal7slp.tv\/2025\/#organization","name":"Noticieros Canal 7","url":"https:\/\/canal7slp.tv\/2025\/","logo":{"@type":"ImageObject","inLanguage":"es","@id":"https:\/\/canal7slp.tv\/2025\/#\/schema\/logo\/image\/","url":"https:\/\/canal7slp.tv\/2025\/wp-content\/uploads\/2021\/01\/logo-noticieros@2x.png","contentUrl":"https:\/\/canal7slp.tv\/2025\/wp-content\/uploads\/2021\/01\/logo-noticieros@2x.png","width":1017,"height":268,"caption":"Noticieros Canal 7"},"image":{"@id":"https:\/\/canal7slp.tv\/2025\/#\/schema\/logo\/image\/"},"sameAs":["https:\/\/www.facebook.com\/noticieroscanal7atencionciudadana\/","https:\/\/x.com\/NOTICIEROS7","https:\/\/www.instagram.com\/canal7_slp","https:\/\/www.youtube.com\/channel\/UCliiYs-gP3JfJeqdPrNdd5A"]},{"@type":"Person","@id":"https:\/\/canal7slp.tv\/2025\/#\/schema\/person\/271e2b60a96e7cc9d9ac296f4d7e414b","name":"Edici\u00f3n Web","image":{"@type":"ImageObject","inLanguage":"es","@id":"https:\/\/secure.gravatar.com\/avatar\/eee448fc3f7164808013b816ba91ac7e43bbe82a70bebac296f8bc6f0addaa1a?s=96&d=mm&r=g","url":"https:\/\/secure.gravatar.com\/avatar\/eee448fc3f7164808013b816ba91ac7e43bbe82a70bebac296f8bc6f0addaa1a?s=96&d=mm&r=g","contentUrl":"https:\/\/secure.gravatar.com\/avatar\/eee448fc3f7164808013b816ba91ac7e43bbe82a70bebac296f8bc6f0addaa1a?s=96&d=mm&r=g","caption":"Edici\u00f3n Web"},"url":"https:\/\/canal7slp.tv\/2025\/author\/edicionweb\/"}]}},"_links":{"self":[{"href":"https:\/\/canal7slp.tv\/2025\/wp-json\/wp\/v2\/posts\/167690","targetHints":{"allow":["GET"]}}],"collection":[{"href":"https:\/\/canal7slp.tv\/2025\/wp-json\/wp\/v2\/posts"}],"about":[{"href":"https:\/\/canal7slp.tv\/2025\/wp-json\/wp\/v2\/types\/post"}],"author":[{"embeddable":true,"href":"https:\/\/canal7slp.tv\/2025\/wp-json\/wp\/v2\/users\/2"}],"replies":[{"embeddable":true,"href":"https:\/\/canal7slp.tv\/2025\/wp-json\/wp\/v2\/comments?post=167690"}],"version-history":[{"count":1,"href":"https:\/\/canal7slp.tv\/2025\/wp-json\/wp\/v2\/posts\/167690\/revisions"}],"predecessor-version":[{"id":167692,"href":"https:\/\/canal7slp.tv\/2025\/wp-json\/wp\/v2\/posts\/167690\/revisions\/167692"}],"wp:featuredmedia":[{"embeddable":true,"href":"https:\/\/canal7slp.tv\/2025\/wp-json\/wp\/v2\/media\/167691"}],"wp:attachment":[{"href":"https:\/\/canal7slp.tv\/2025\/wp-json\/wp\/v2\/media?parent=167690"}],"wp:term":[{"taxonomy":"category","embeddable":true,"href":"https:\/\/canal7slp.tv\/2025\/wp-json\/wp\/v2\/categories?post=167690"},{"taxonomy":"post_tag","embeddable":true,"href":"https:\/\/canal7slp.tv\/2025\/wp-json\/wp\/v2\/tags?post=167690"}],"curies":[{"name":"wp","href":"https:\/\/api.w.org\/{rel}","templated":true}]}}