{"id":167673,"date":"2025-05-14T22:05:20","date_gmt":"2025-05-15T04:05:20","guid":{"rendered":"https:\/\/canal7slp.tv\/2025\/?p=167673"},"modified":"2025-05-14T22:05:20","modified_gmt":"2025-05-15T04:05:20","slug":"canacintra-reconocio-a-empresas-con-procesos-pulcros-y-de-calidad","status":"publish","type":"post","link":"https:\/\/canal7slp.tv\/2025\/canacintra-reconocio-a-empresas-con-procesos-pulcros-y-de-calidad\/","title":{"rendered":"Canacintra reconoci\u00f3 a empresas con procesos pulcros y de calidad"},"content":{"rendered":"<p><span style=\"font-size: 1.21429rem;\">SLP.- Se entregaron los reconocimientos Premio de Calidad San Luis Potos\u00ed y Premio Plus de Calidad 2024 por parte de la Canacintra.<\/span><\/p>\n<p>El Grupo de Calidad Canacintra es el encargado de la decisi\u00f3n de los ganadores de los premios, Laura Acosta D\u00edaz de Le\u00f3n, habl\u00f3 sobre los or\u00edgenes de este certamen.<\/p>\n<p>\u201cEl Premio de Calidad San Luis Potos\u00ed inici\u00f3 su primera edici\u00f3n en el a\u00f1o 1993 con dos a\u00f1os de trabajo previo constituido por gerentes de calidad de algunas organizaciones potosinas, convirti\u00e9ndose San Luis Potos\u00ed en ser el segundo estado en la Rep\u00fablica Mexicana en lanzar un certamen de esta naturaleza\u201d.<\/p>\n<p>La finalidad es destacar a las empresas.<\/p>\n<p>\u201cReconociendo a aquellas empresas que han apostado por la calidad como medio para lograr la excelencia participando organizaciones de los diferentes sectores convocados\u201d.<\/p>\n<p>Se reconoce satisfacci\u00f3n del cliente, gesti\u00f3n de la calidad, del personal, de la organizaci\u00f3n, mejora continua seguridad y salud ocupacional, gesti\u00f3n ambiental y responsabilidad social corporativa para las empresas.<\/p>\n<p>Este a\u00f1o seis empresas fueron condecoradas de los rubros de armado de veh\u00edculos, elaboraci\u00f3n de cajas para empaquetar, fabricaci\u00f3n de art\u00edculos de seguridad, autopartes y refacciones para la industria.<\/p>\n<p>La presidente de la Canacintra, Imelda Elizalde Mart\u00ednez, felicit\u00f3 a los ganadores.<\/p>\n<p>\u201cPero justamente esa es la raz\u00f3n m\u00e1s poderosa por la que estamos hoy reunidos, la excelencia y hoy aqu\u00ed la tenemos representada (\u2026) y me honra much\u00edsimos presidir a esta c\u00e1mara en donde celebramos a estas empresas que han decidido hacer las cosas bien y mejor cada d\u00eda (\u2026) este premio representa la distinci\u00f3n m\u00e1s alta que nuestro estado otorga\u201d.<\/p>\n<p>La presidenta invit\u00f3 a las empresas a participar en la edici\u00f3n 2025 del Premio de Calidad San Luis Potos\u00ed, ya que a partir de este momento ha quedado abierta la convocatoria que se puede verificar en las redes sociales de la Canacintra.<\/p>\n<p>Por: Juan Carlos Contreras<\/p>\n","protected":false},"excerpt":{"rendered":"<p>SLP.- Se entregaron los reconocimientos Premio de Calidad San Luis Potos\u00ed y Premio Plus de Calidad 2024 por parte de la Canacintra. El Grupo de Calidad Canacintra es el encargado de la decisi\u00f3n de los ganadores de los premios, Laura Acosta D\u00edaz de Le\u00f3n, habl\u00f3 sobre los or\u00edgenes de este certamen. \u201cEl Premio de Calidad San Luis Potos\u00ed inici\u00f3 su primera edici\u00f3n en el a\u00f1o 1993 con dos a\u00f1os de trabajo previo constituido por gerentes de calidad de algunas organizaciones potosinas, convirti\u00e9ndose San Luis Potos\u00ed en ser el segundo estado en la Rep\u00fablica Mexicana en lanzar un certamen de esta [&hellip;]<\/p>\n","protected":false},"author":2,"featured_media":167680,"comment_status":"closed","ping_status":"closed","sticky":false,"template":"","format":"video","meta":{"_monsterinsights_skip_tracking":false,"_monsterinsights_sitenote_active":false,"_monsterinsights_sitenote_note":"","_monsterinsights_sitenote_category":0,"footnotes":""},"categories":[5,45],"tags":[],"class_list":["post-167673","post","type-post","status-publish","format-video","has-post-thumbnail","hentry","category-destacadas","category-localesyregionales","post_format-post-format-video","post--single"],"yoast_head":"<!-- This site is optimized with the Yoast SEO plugin v27.4 - https:\/\/yoast.com\/product\/yoast-seo-wordpress\/ -->\n<title>Canacintra reconoci\u00f3 a empresas con procesos pulcros y de calidad - Canal 7 SLP - 2025<\/title>\n<meta name=\"robots\" content=\"index, follow, max-snippet:-1, max-image-preview:large, max-video-preview:-1\" \/>\n<link rel=\"canonical\" href=\"https:\/\/canal7slp.tv\/2025\/canacintra-reconocio-a-empresas-con-procesos-pulcros-y-de-calidad\/\" \/>\n<meta property=\"og:locale\" content=\"es_ES\" \/>\n<meta property=\"og:type\" content=\"article\" \/>\n<meta property=\"og:title\" content=\"Canacintra reconoci\u00f3 a empresas con procesos pulcros y de calidad - Canal 7 SLP - 2025\" \/>\n<meta property=\"og:description\" content=\"SLP.- Se entregaron los reconocimientos Premio de Calidad San Luis Potos\u00ed y Premio Plus de Calidad 2024 por parte de la Canacintra. El Grupo de Calidad Canacintra es el encargado de la decisi\u00f3n de los ganadores de los premios, Laura Acosta D\u00edaz de Le\u00f3n, habl\u00f3 sobre los or\u00edgenes de este certamen. \u201cEl Premio de Calidad San Luis Potos\u00ed inici\u00f3 su primera edici\u00f3n en el a\u00f1o 1993 con dos a\u00f1os de trabajo previo constituido por gerentes de calidad de algunas organizaciones potosinas, convirti\u00e9ndose San Luis Potos\u00ed en ser el segundo estado en la Rep\u00fablica Mexicana en lanzar un certamen de esta [&hellip;]\" \/>\n<meta property=\"og:url\" content=\"https:\/\/canal7slp.tv\/2025\/canacintra-reconocio-a-empresas-con-procesos-pulcros-y-de-calidad\/\" \/>\n<meta property=\"og:site_name\" content=\"Canal 7 SLP - 2025\" \/>\n<meta property=\"article:publisher\" content=\"https:\/\/www.facebook.com\/noticieroscanal7atencionciudadana\/\" \/>\n<meta property=\"article:published_time\" content=\"2025-05-15T04:05:20+00:00\" \/>\n<meta property=\"og:image\" content=\"https:\/\/canal7slp.tv\/2025\/wp-content\/uploads\/2025\/05\/Poky0PremioCalidad.jpg\" \/>\n\t<meta property=\"og:image:width\" content=\"1280\" \/>\n\t<meta property=\"og:image:height\" content=\"720\" \/>\n\t<meta property=\"og:image:type\" content=\"image\/jpeg\" \/>\n<meta name=\"author\" content=\"Edici\u00f3n Web\" \/>\n<meta name=\"twitter:card\" content=\"summary_large_image\" \/>\n<meta name=\"twitter:creator\" content=\"@NOTICIEROS7\" \/>\n<meta name=\"twitter:site\" content=\"@NOTICIEROS7\" \/>\n<meta name=\"twitter:label1\" content=\"Escrito por\" \/>\n\t<meta name=\"twitter:data1\" content=\"Edici\u00f3n Web\" \/>\n\t<meta name=\"twitter:label2\" content=\"Tiempo de lectura\" \/>\n\t<meta name=\"twitter:data2\" content=\"2 minutos\" \/>\n<script type=\"application\/ld+json\" class=\"yoast-schema-graph\">{\"@context\":\"https:\\\/\\\/schema.org\",\"@graph\":[{\"@type\":\"Article\",\"@id\":\"https:\\\/\\\/canal7slp.tv\\\/2025\\\/canacintra-reconocio-a-empresas-con-procesos-pulcros-y-de-calidad\\\/#article\",\"isPartOf\":{\"@id\":\"https:\\\/\\\/canal7slp.tv\\\/2025\\\/canacintra-reconocio-a-empresas-con-procesos-pulcros-y-de-calidad\\\/\"},\"author\":{\"name\":\"Edici\u00f3n Web\",\"@id\":\"https:\\\/\\\/canal7slp.tv\\\/2025\\\/#\\\/schema\\\/person\\\/271e2b60a96e7cc9d9ac296f4d7e414b\"},\"headline\":\"Canacintra reconoci\u00f3 a empresas con procesos pulcros y de calidad\",\"datePublished\":\"2025-05-15T04:05:20+00:00\",\"mainEntityOfPage\":{\"@id\":\"https:\\\/\\\/canal7slp.tv\\\/2025\\\/canacintra-reconocio-a-empresas-con-procesos-pulcros-y-de-calidad\\\/\"},\"wordCount\":340,\"publisher\":{\"@id\":\"https:\\\/\\\/canal7slp.tv\\\/2025\\\/#organization\"},\"image\":{\"@id\":\"https:\\\/\\\/canal7slp.tv\\\/2025\\\/canacintra-reconocio-a-empresas-con-procesos-pulcros-y-de-calidad\\\/#primaryimage\"},\"thumbnailUrl\":\"https:\\\/\\\/canal7slp.tv\\\/2025\\\/wp-content\\\/uploads\\\/2025\\\/05\\\/Poky0PremioCalidad.jpg\",\"articleSection\":[\"DESTACADAS\",\"LOCALES Y REGIONALES\"],\"inLanguage\":\"es\"},{\"@type\":\"WebPage\",\"@id\":\"https:\\\/\\\/canal7slp.tv\\\/2025\\\/canacintra-reconocio-a-empresas-con-procesos-pulcros-y-de-calidad\\\/\",\"url\":\"https:\\\/\\\/canal7slp.tv\\\/2025\\\/canacintra-reconocio-a-empresas-con-procesos-pulcros-y-de-calidad\\\/\",\"name\":\"Canacintra reconoci\u00f3 a empresas con procesos pulcros y de calidad - Canal 7 SLP - 2025\",\"isPartOf\":{\"@id\":\"https:\\\/\\\/canal7slp.tv\\\/2025\\\/#website\"},\"primaryImageOfPage\":{\"@id\":\"https:\\\/\\\/canal7slp.tv\\\/2025\\\/canacintra-reconocio-a-empresas-con-procesos-pulcros-y-de-calidad\\\/#primaryimage\"},\"image\":{\"@id\":\"https:\\\/\\\/canal7slp.tv\\\/2025\\\/canacintra-reconocio-a-empresas-con-procesos-pulcros-y-de-calidad\\\/#primaryimage\"},\"thumbnailUrl\":\"https:\\\/\\\/canal7slp.tv\\\/2025\\\/wp-content\\\/uploads\\\/2025\\\/05\\\/Poky0PremioCalidad.jpg\",\"datePublished\":\"2025-05-15T04:05:20+00:00\",\"breadcrumb\":{\"@id\":\"https:\\\/\\\/canal7slp.tv\\\/2025\\\/canacintra-reconocio-a-empresas-con-procesos-pulcros-y-de-calidad\\\/#breadcrumb\"},\"inLanguage\":\"es\",\"potentialAction\":[{\"@type\":\"ReadAction\",\"target\":[\"https:\\\/\\\/canal7slp.tv\\\/2025\\\/canacintra-reconocio-a-empresas-con-procesos-pulcros-y-de-calidad\\\/\"]}]},{\"@type\":\"ImageObject\",\"inLanguage\":\"es\",\"@id\":\"https:\\\/\\\/canal7slp.tv\\\/2025\\\/canacintra-reconocio-a-empresas-con-procesos-pulcros-y-de-calidad\\\/#primaryimage\",\"url\":\"https:\\\/\\\/canal7slp.tv\\\/2025\\\/wp-content\\\/uploads\\\/2025\\\/05\\\/Poky0PremioCalidad.jpg\",\"contentUrl\":\"https:\\\/\\\/canal7slp.tv\\\/2025\\\/wp-content\\\/uploads\\\/2025\\\/05\\\/Poky0PremioCalidad.jpg\",\"width\":1280,\"height\":720},{\"@type\":\"BreadcrumbList\",\"@id\":\"https:\\\/\\\/canal7slp.tv\\\/2025\\\/canacintra-reconocio-a-empresas-con-procesos-pulcros-y-de-calidad\\\/#breadcrumb\",\"itemListElement\":[{\"@type\":\"ListItem\",\"position\":1,\"name\":\"Portada\",\"item\":\"https:\\\/\\\/canal7slp.tv\\\/2025\\\/\"},{\"@type\":\"ListItem\",\"position\":2,\"name\":\"Canacintra reconoci\u00f3 a empresas con procesos pulcros y de calidad\"}]},{\"@type\":\"WebSite\",\"@id\":\"https:\\\/\\\/canal7slp.tv\\\/2025\\\/#website\",\"url\":\"https:\\\/\\\/canal7slp.tv\\\/2025\\\/\",\"name\":\"N7 - Noticieros Canal 7\",\"description\":\"Somos el Medio\",\"publisher\":{\"@id\":\"https:\\\/\\\/canal7slp.tv\\\/2025\\\/#organization\"},\"potentialAction\":[{\"@type\":\"SearchAction\",\"target\":{\"@type\":\"EntryPoint\",\"urlTemplate\":\"https:\\\/\\\/canal7slp.tv\\\/2025\\\/?s={search_term_string}\"},\"query-input\":{\"@type\":\"PropertyValueSpecification\",\"valueRequired\":true,\"valueName\":\"search_term_string\"}}],\"inLanguage\":\"es\"},{\"@type\":\"Organization\",\"@id\":\"https:\\\/\\\/canal7slp.tv\\\/2025\\\/#organization\",\"name\":\"Noticieros Canal 7\",\"url\":\"https:\\\/\\\/canal7slp.tv\\\/2025\\\/\",\"logo\":{\"@type\":\"ImageObject\",\"inLanguage\":\"es\",\"@id\":\"https:\\\/\\\/canal7slp.tv\\\/2025\\\/#\\\/schema\\\/logo\\\/image\\\/\",\"url\":\"https:\\\/\\\/canal7slp.tv\\\/2025\\\/wp-content\\\/uploads\\\/2021\\\/01\\\/logo-noticieros@2x.png\",\"contentUrl\":\"https:\\\/\\\/canal7slp.tv\\\/2025\\\/wp-content\\\/uploads\\\/2021\\\/01\\\/logo-noticieros@2x.png\",\"width\":1017,\"height\":268,\"caption\":\"Noticieros Canal 7\"},\"image\":{\"@id\":\"https:\\\/\\\/canal7slp.tv\\\/2025\\\/#\\\/schema\\\/logo\\\/image\\\/\"},\"sameAs\":[\"https:\\\/\\\/www.facebook.com\\\/noticieroscanal7atencionciudadana\\\/\",\"https:\\\/\\\/x.com\\\/NOTICIEROS7\",\"https:\\\/\\\/www.instagram.com\\\/canal7_slp\",\"https:\\\/\\\/www.youtube.com\\\/channel\\\/UCliiYs-gP3JfJeqdPrNdd5A\"]},{\"@type\":\"Person\",\"@id\":\"https:\\\/\\\/canal7slp.tv\\\/2025\\\/#\\\/schema\\\/person\\\/271e2b60a96e7cc9d9ac296f4d7e414b\",\"name\":\"Edici\u00f3n Web\",\"image\":{\"@type\":\"ImageObject\",\"inLanguage\":\"es\",\"@id\":\"https:\\\/\\\/secure.gravatar.com\\\/avatar\\\/eee448fc3f7164808013b816ba91ac7e43bbe82a70bebac296f8bc6f0addaa1a?s=96&d=mm&r=g\",\"url\":\"https:\\\/\\\/secure.gravatar.com\\\/avatar\\\/eee448fc3f7164808013b816ba91ac7e43bbe82a70bebac296f8bc6f0addaa1a?s=96&d=mm&r=g\",\"contentUrl\":\"https:\\\/\\\/secure.gravatar.com\\\/avatar\\\/eee448fc3f7164808013b816ba91ac7e43bbe82a70bebac296f8bc6f0addaa1a?s=96&d=mm&r=g\",\"caption\":\"Edici\u00f3n Web\"},\"url\":\"https:\\\/\\\/canal7slp.tv\\\/2025\\\/author\\\/edicionweb\\\/\"}]}<\/script>\n<!-- \/ Yoast SEO plugin. -->","yoast_head_json":{"title":"Canacintra reconoci\u00f3 a empresas con procesos pulcros y de calidad - Canal 7 SLP - 2025","robots":{"index":"index","follow":"follow","max-snippet":"max-snippet:-1","max-image-preview":"max-image-preview:large","max-video-preview":"max-video-preview:-1"},"canonical":"https:\/\/canal7slp.tv\/2025\/canacintra-reconocio-a-empresas-con-procesos-pulcros-y-de-calidad\/","og_locale":"es_ES","og_type":"article","og_title":"Canacintra reconoci\u00f3 a empresas con procesos pulcros y de calidad - Canal 7 SLP - 2025","og_description":"SLP.- Se entregaron los reconocimientos Premio de Calidad San Luis Potos\u00ed y Premio Plus de Calidad 2024 por parte de la Canacintra. El Grupo de Calidad Canacintra es el encargado de la decisi\u00f3n de los ganadores de los premios, Laura Acosta D\u00edaz de Le\u00f3n, habl\u00f3 sobre los or\u00edgenes de este certamen. \u201cEl Premio de Calidad San Luis Potos\u00ed inici\u00f3 su primera edici\u00f3n en el a\u00f1o 1993 con dos a\u00f1os de trabajo previo constituido por gerentes de calidad de algunas organizaciones potosinas, convirti\u00e9ndose San Luis Potos\u00ed en ser el segundo estado en la Rep\u00fablica Mexicana en lanzar un certamen de esta [&hellip;]","og_url":"https:\/\/canal7slp.tv\/2025\/canacintra-reconocio-a-empresas-con-procesos-pulcros-y-de-calidad\/","og_site_name":"Canal 7 SLP - 2025","article_publisher":"https:\/\/www.facebook.com\/noticieroscanal7atencionciudadana\/","article_published_time":"2025-05-15T04:05:20+00:00","og_image":[{"width":1280,"height":720,"url":"https:\/\/canal7slp.tv\/2025\/wp-content\/uploads\/2025\/05\/Poky0PremioCalidad.jpg","type":"image\/jpeg"}],"author":"Edici\u00f3n Web","twitter_card":"summary_large_image","twitter_creator":"@NOTICIEROS7","twitter_site":"@NOTICIEROS7","twitter_misc":{"Escrito por":"Edici\u00f3n Web","Tiempo de lectura":"2 minutos"},"schema":{"@context":"https:\/\/schema.org","@graph":[{"@type":"Article","@id":"https:\/\/canal7slp.tv\/2025\/canacintra-reconocio-a-empresas-con-procesos-pulcros-y-de-calidad\/#article","isPartOf":{"@id":"https:\/\/canal7slp.tv\/2025\/canacintra-reconocio-a-empresas-con-procesos-pulcros-y-de-calidad\/"},"author":{"name":"Edici\u00f3n Web","@id":"https:\/\/canal7slp.tv\/2025\/#\/schema\/person\/271e2b60a96e7cc9d9ac296f4d7e414b"},"headline":"Canacintra reconoci\u00f3 a empresas con procesos pulcros y de calidad","datePublished":"2025-05-15T04:05:20+00:00","mainEntityOfPage":{"@id":"https:\/\/canal7slp.tv\/2025\/canacintra-reconocio-a-empresas-con-procesos-pulcros-y-de-calidad\/"},"wordCount":340,"publisher":{"@id":"https:\/\/canal7slp.tv\/2025\/#organization"},"image":{"@id":"https:\/\/canal7slp.tv\/2025\/canacintra-reconocio-a-empresas-con-procesos-pulcros-y-de-calidad\/#primaryimage"},"thumbnailUrl":"https:\/\/canal7slp.tv\/2025\/wp-content\/uploads\/2025\/05\/Poky0PremioCalidad.jpg","articleSection":["DESTACADAS","LOCALES Y REGIONALES"],"inLanguage":"es"},{"@type":"WebPage","@id":"https:\/\/canal7slp.tv\/2025\/canacintra-reconocio-a-empresas-con-procesos-pulcros-y-de-calidad\/","url":"https:\/\/canal7slp.tv\/2025\/canacintra-reconocio-a-empresas-con-procesos-pulcros-y-de-calidad\/","name":"Canacintra reconoci\u00f3 a empresas con procesos pulcros y de calidad - Canal 7 SLP - 2025","isPartOf":{"@id":"https:\/\/canal7slp.tv\/2025\/#website"},"primaryImageOfPage":{"@id":"https:\/\/canal7slp.tv\/2025\/canacintra-reconocio-a-empresas-con-procesos-pulcros-y-de-calidad\/#primaryimage"},"image":{"@id":"https:\/\/canal7slp.tv\/2025\/canacintra-reconocio-a-empresas-con-procesos-pulcros-y-de-calidad\/#primaryimage"},"thumbnailUrl":"https:\/\/canal7slp.tv\/2025\/wp-content\/uploads\/2025\/05\/Poky0PremioCalidad.jpg","datePublished":"2025-05-15T04:05:20+00:00","breadcrumb":{"@id":"https:\/\/canal7slp.tv\/2025\/canacintra-reconocio-a-empresas-con-procesos-pulcros-y-de-calidad\/#breadcrumb"},"inLanguage":"es","potentialAction":[{"@type":"ReadAction","target":["https:\/\/canal7slp.tv\/2025\/canacintra-reconocio-a-empresas-con-procesos-pulcros-y-de-calidad\/"]}]},{"@type":"ImageObject","inLanguage":"es","@id":"https:\/\/canal7slp.tv\/2025\/canacintra-reconocio-a-empresas-con-procesos-pulcros-y-de-calidad\/#primaryimage","url":"https:\/\/canal7slp.tv\/2025\/wp-content\/uploads\/2025\/05\/Poky0PremioCalidad.jpg","contentUrl":"https:\/\/canal7slp.tv\/2025\/wp-content\/uploads\/2025\/05\/Poky0PremioCalidad.jpg","width":1280,"height":720},{"@type":"BreadcrumbList","@id":"https:\/\/canal7slp.tv\/2025\/canacintra-reconocio-a-empresas-con-procesos-pulcros-y-de-calidad\/#breadcrumb","itemListElement":[{"@type":"ListItem","position":1,"name":"Portada","item":"https:\/\/canal7slp.tv\/2025\/"},{"@type":"ListItem","position":2,"name":"Canacintra reconoci\u00f3 a empresas con procesos pulcros y de calidad"}]},{"@type":"WebSite","@id":"https:\/\/canal7slp.tv\/2025\/#website","url":"https:\/\/canal7slp.tv\/2025\/","name":"N7 - Noticieros Canal 7","description":"Somos el Medio","publisher":{"@id":"https:\/\/canal7slp.tv\/2025\/#organization"},"potentialAction":[{"@type":"SearchAction","target":{"@type":"EntryPoint","urlTemplate":"https:\/\/canal7slp.tv\/2025\/?s={search_term_string}"},"query-input":{"@type":"PropertyValueSpecification","valueRequired":true,"valueName":"search_term_string"}}],"inLanguage":"es"},{"@type":"Organization","@id":"https:\/\/canal7slp.tv\/2025\/#organization","name":"Noticieros Canal 7","url":"https:\/\/canal7slp.tv\/2025\/","logo":{"@type":"ImageObject","inLanguage":"es","@id":"https:\/\/canal7slp.tv\/2025\/#\/schema\/logo\/image\/","url":"https:\/\/canal7slp.tv\/2025\/wp-content\/uploads\/2021\/01\/logo-noticieros@2x.png","contentUrl":"https:\/\/canal7slp.tv\/2025\/wp-content\/uploads\/2021\/01\/logo-noticieros@2x.png","width":1017,"height":268,"caption":"Noticieros Canal 7"},"image":{"@id":"https:\/\/canal7slp.tv\/2025\/#\/schema\/logo\/image\/"},"sameAs":["https:\/\/www.facebook.com\/noticieroscanal7atencionciudadana\/","https:\/\/x.com\/NOTICIEROS7","https:\/\/www.instagram.com\/canal7_slp","https:\/\/www.youtube.com\/channel\/UCliiYs-gP3JfJeqdPrNdd5A"]},{"@type":"Person","@id":"https:\/\/canal7slp.tv\/2025\/#\/schema\/person\/271e2b60a96e7cc9d9ac296f4d7e414b","name":"Edici\u00f3n Web","image":{"@type":"ImageObject","inLanguage":"es","@id":"https:\/\/secure.gravatar.com\/avatar\/eee448fc3f7164808013b816ba91ac7e43bbe82a70bebac296f8bc6f0addaa1a?s=96&d=mm&r=g","url":"https:\/\/secure.gravatar.com\/avatar\/eee448fc3f7164808013b816ba91ac7e43bbe82a70bebac296f8bc6f0addaa1a?s=96&d=mm&r=g","contentUrl":"https:\/\/secure.gravatar.com\/avatar\/eee448fc3f7164808013b816ba91ac7e43bbe82a70bebac296f8bc6f0addaa1a?s=96&d=mm&r=g","caption":"Edici\u00f3n Web"},"url":"https:\/\/canal7slp.tv\/2025\/author\/edicionweb\/"}]}},"_links":{"self":[{"href":"https:\/\/canal7slp.tv\/2025\/wp-json\/wp\/v2\/posts\/167673","targetHints":{"allow":["GET"]}}],"collection":[{"href":"https:\/\/canal7slp.tv\/2025\/wp-json\/wp\/v2\/posts"}],"about":[{"href":"https:\/\/canal7slp.tv\/2025\/wp-json\/wp\/v2\/types\/post"}],"author":[{"embeddable":true,"href":"https:\/\/canal7slp.tv\/2025\/wp-json\/wp\/v2\/users\/2"}],"replies":[{"embeddable":true,"href":"https:\/\/canal7slp.tv\/2025\/wp-json\/wp\/v2\/comments?post=167673"}],"version-history":[{"count":2,"href":"https:\/\/canal7slp.tv\/2025\/wp-json\/wp\/v2\/posts\/167673\/revisions"}],"predecessor-version":[{"id":167681,"href":"https:\/\/canal7slp.tv\/2025\/wp-json\/wp\/v2\/posts\/167673\/revisions\/167681"}],"wp:featuredmedia":[{"embeddable":true,"href":"https:\/\/canal7slp.tv\/2025\/wp-json\/wp\/v2\/media\/167680"}],"wp:attachment":[{"href":"https:\/\/canal7slp.tv\/2025\/wp-json\/wp\/v2\/media?parent=167673"}],"wp:term":[{"taxonomy":"category","embeddable":true,"href":"https:\/\/canal7slp.tv\/2025\/wp-json\/wp\/v2\/categories?post=167673"},{"taxonomy":"post_tag","embeddable":true,"href":"https:\/\/canal7slp.tv\/2025\/wp-json\/wp\/v2\/tags?post=167673"}],"curies":[{"name":"wp","href":"https:\/\/api.w.org\/{rel}","templated":true}]}}