{"id":167672,"date":"2025-05-14T21:43:54","date_gmt":"2025-05-15T03:43:54","guid":{"rendered":"https:\/\/canal7slp.tv\/2025\/?p=167672"},"modified":"2025-05-14T21:43:54","modified_gmt":"2025-05-15T03:43:54","slug":"vocacion-y-constante-preparacion-claves-para-las-y-los-maestros","status":"publish","type":"post","link":"https:\/\/canal7slp.tv\/2025\/vocacion-y-constante-preparacion-claves-para-las-y-los-maestros\/","title":{"rendered":"Vocaci\u00f3n y constante preparaci\u00f3n claves para las y los maestros"},"content":{"rendered":"<p><span style=\"font-size: 1.21429rem;\">SLP.- Como cada 15 de mayo se el D\u00eda del Maestro una labor que forma a las generaciones futuras con conocimiento y comprensi\u00f3n.<\/span><\/p>\n<p>La directora de la escuela Agust\u00edn Dom\u00ednguez, Alma Irene Gonz\u00e1lez Avenda\u00f1o, afirm\u00f3 que todos los d\u00edas de clases son especiales para los catedr\u00e1ticos.<\/p>\n<p>\u00abValoramos la labor tan valuable de cada uno de los compa\u00f1eros y que es de gran compromiso para ellos, es una gran responsabilidad la que tenemos todos los maestros en atender a nuestros ni\u00f1os d\u00eda con d\u00eda\u00bb.<\/p>\n<p>Ser la gu\u00eda de los maestros a su cargo no es tarea f\u00e1cil, pero s\u00ed muy reconfortante.<\/p>\n<p>\u00abTodos los maestros son responsables, se preocupan cada uno de ellos por los aprendizajes de nuestros alumnos, siempre est\u00e1n al pendiente de ellos y siempre tratan de dar lo mejor de si en cada uno de los grupos\u00bb.<\/p>\n<p>Martha Estela, maestra con 40 a\u00f1os de servicio, asever\u00f3 que de las infancias se aprende.<\/p>\n<p>\u00abMe hacen sentir joven, aprender cada d\u00eda, se aprende de cada grupo de cada alumno se va aprendiendo (&#8230;) claro, hay un cambio muy grande antes eran los ni\u00f1os m\u00e1s pasivos, m\u00e1s tranquilos, ahorita est\u00e1n que me rebasan, son m\u00e1s inquietos, m\u00e1s expresivos, les gusta mucho participar, est\u00e1n despiertos los ni\u00f1os\u00bb.<\/p>\n<p>Saber enfocar a los alumnos es vital para la catedr\u00e1tica Lourdes del Socorro quien cuenta con 12 a\u00f1os de carrera.<\/p>\n<p>\u00abHay muchas situaciones desde ni\u00f1os que nos llegan un poco muy t\u00edmidos otros que son demasiado explosivos, entonces ir encamin\u00e1ndolos para que cada d\u00eda sean mejores alumnos (&#8230;) pues el maestro primero debe de tener vocaci\u00f3n, amar su trabajo, querer ser mejor cada d\u00eda, mucha paciencia, el tambi\u00e9n el auto conocerse, poder conocer a sus alumnos y el nunca dejar de aprender porque no es de que ya termin\u00e9 la carrera y ya con lo que s\u00e9 me puedo quedar, siempre tenemos que estar actualiz\u00e1ndolos\u00bb.<\/p>\n<p>Karla Ver\u00f3nica quien tiene 21 a\u00f1os frente a sal\u00f3n de clases, dijo que los grados finales de la primaria, son decisivos.<\/p>\n<p>\u00abDe cuando empec\u00e9 a ahorita a cambiado much\u00edsimo la concepci\u00f3n del pre adolescente, ahorita ya son adolescentes, sus procesos biol\u00f3gicos y hormonales han cambiado mucho y eso impacta mucho tambi\u00e9n en el desempe\u00f1o acad\u00e9mico, en la capacidad de concentrarse, en la autonom\u00eda y en los h\u00e1bitos de estudio que deben de tener los alumnos\u00bb.<\/p>\n<p>Supervisi\u00f3n de maestros y padres se requiere.<\/p>\n<p>\u00abDebemos de entender que ellos ahorita est\u00e1n en una etapa que ni son ni\u00f1os ni son grandes entonces necesitan la supervisi\u00f3n constante de los pap\u00e1s y tambi\u00e9n darles la oportunidad a ellos de que demuestren esa libertad que est\u00e1n pidiendo\u00bb.<\/p>\n<p>Para culminar enviaron una mensaje a los colegas.<\/p>\n<p>\u00abMaestros much\u00edsimas felicidades, recuerden que es una profesi\u00f3n de las m\u00e1s bonitas porque nosotros somos formadores de todas las dem\u00e1s profesiones, muchas felicidades\u00bb.<\/p>\n<p>\u00abYo a mis compa\u00f1eros maestros los felicito porque es una labor muy hermosa la que hacemos con sus dificultades, con sus aciertos, pero cada uno damos lo mejor de nosotros\u00bb.<\/p>\n<p>\u00abEsta actividad nos llena de orgullo pero nos llena tambi\u00e9n de un compromiso en el cual no es nada m\u00e1s tenerlos de ocho a una, es formarlos, darles las herramientas para que ellos puedan salir adelante y que alg\u00fan d\u00eda ellos nos lleguen a gobernar\u00bb.<\/p>\n<p>\u00abY que disfruten este d\u00eda, es una labor muy loable, muy bonita, de mucho compromiso y mucha responsabilidad para la sociedad y para cada uno de nosotros\u00bb.<\/p>\n<p>Por: Juan Carlos Contreras<\/p>\n","protected":false},"excerpt":{"rendered":"<p>SLP.- Como cada 15 de mayo se el D\u00eda del Maestro una labor que forma a las generaciones futuras con conocimiento y comprensi\u00f3n. La directora de la escuela Agust\u00edn Dom\u00ednguez, Alma Irene Gonz\u00e1lez Avenda\u00f1o, afirm\u00f3 que todos los d\u00edas de clases son especiales para los catedr\u00e1ticos. \u00abValoramos la labor tan valuable de cada uno de los compa\u00f1eros y que es de gran compromiso para ellos, es una gran responsabilidad la que tenemos todos los maestros en atender a nuestros ni\u00f1os d\u00eda con d\u00eda\u00bb. Ser la gu\u00eda de los maestros a su cargo no es tarea f\u00e1cil, pero s\u00ed muy reconfortante. [&hellip;]<\/p>\n","protected":false},"author":2,"featured_media":167677,"comment_status":"closed","ping_status":"closed","sticky":false,"template":"","format":"video","meta":{"_monsterinsights_skip_tracking":false,"_monsterinsights_sitenote_active":false,"_monsterinsights_sitenote_note":"","_monsterinsights_sitenote_category":0,"footnotes":""},"categories":[5,45],"tags":[],"class_list":["post-167672","post","type-post","status-publish","format-video","has-post-thumbnail","hentry","category-destacadas","category-localesyregionales","post_format-post-format-video","post--single"],"yoast_head":"<!-- This site is optimized with the Yoast SEO plugin v27.5 - https:\/\/yoast.com\/product\/yoast-seo-wordpress\/ -->\n<title>Vocaci\u00f3n y constante preparaci\u00f3n claves para las y los maestros - Canal 7 SLP - 2025<\/title>\n<meta name=\"robots\" content=\"index, follow, max-snippet:-1, max-image-preview:large, max-video-preview:-1\" \/>\n<link rel=\"canonical\" href=\"https:\/\/canal7slp.tv\/2025\/vocacion-y-constante-preparacion-claves-para-las-y-los-maestros\/\" \/>\n<meta property=\"og:locale\" content=\"es_ES\" \/>\n<meta property=\"og:type\" content=\"article\" \/>\n<meta property=\"og:title\" content=\"Vocaci\u00f3n y constante preparaci\u00f3n claves para las y los maestros - Canal 7 SLP - 2025\" \/>\n<meta property=\"og:description\" content=\"SLP.- Como cada 15 de mayo se el D\u00eda del Maestro una labor que forma a las generaciones futuras con conocimiento y comprensi\u00f3n. La directora de la escuela Agust\u00edn Dom\u00ednguez, Alma Irene Gonz\u00e1lez Avenda\u00f1o, afirm\u00f3 que todos los d\u00edas de clases son especiales para los catedr\u00e1ticos. \u00abValoramos la labor tan valuable de cada uno de los compa\u00f1eros y que es de gran compromiso para ellos, es una gran responsabilidad la que tenemos todos los maestros en atender a nuestros ni\u00f1os d\u00eda con d\u00eda\u00bb. Ser la gu\u00eda de los maestros a su cargo no es tarea f\u00e1cil, pero s\u00ed muy reconfortante. [&hellip;]\" \/>\n<meta property=\"og:url\" content=\"https:\/\/canal7slp.tv\/2025\/vocacion-y-constante-preparacion-claves-para-las-y-los-maestros\/\" \/>\n<meta property=\"og:site_name\" content=\"Canal 7 SLP - 2025\" \/>\n<meta property=\"article:publisher\" content=\"https:\/\/www.facebook.com\/noticieroscanal7atencionciudadana\/\" \/>\n<meta property=\"article:published_time\" content=\"2025-05-15T03:43:54+00:00\" \/>\n<meta property=\"og:image\" content=\"https:\/\/canal7slp.tv\/2025\/wp-content\/uploads\/2025\/05\/POky0DiaMaestro.jpg\" \/>\n\t<meta property=\"og:image:width\" content=\"1280\" \/>\n\t<meta property=\"og:image:height\" content=\"720\" \/>\n\t<meta property=\"og:image:type\" content=\"image\/jpeg\" \/>\n<meta name=\"author\" content=\"Edici\u00f3n Web\" \/>\n<meta name=\"twitter:card\" content=\"summary_large_image\" \/>\n<meta name=\"twitter:creator\" content=\"@NOTICIEROS7\" \/>\n<meta name=\"twitter:site\" content=\"@NOTICIEROS7\" \/>\n<meta name=\"twitter:label1\" content=\"Escrito por\" \/>\n\t<meta name=\"twitter:data1\" content=\"Edici\u00f3n Web\" \/>\n\t<meta name=\"twitter:label2\" content=\"Tiempo de lectura\" \/>\n\t<meta name=\"twitter:data2\" content=\"3 minutos\" \/>\n<script type=\"application\/ld+json\" class=\"yoast-schema-graph\">{\"@context\":\"https:\\\/\\\/schema.org\",\"@graph\":[{\"@type\":\"Article\",\"@id\":\"https:\\\/\\\/canal7slp.tv\\\/2025\\\/vocacion-y-constante-preparacion-claves-para-las-y-los-maestros\\\/#article\",\"isPartOf\":{\"@id\":\"https:\\\/\\\/canal7slp.tv\\\/2025\\\/vocacion-y-constante-preparacion-claves-para-las-y-los-maestros\\\/\"},\"author\":{\"name\":\"Edici\u00f3n Web\",\"@id\":\"https:\\\/\\\/canal7slp.tv\\\/2025\\\/#\\\/schema\\\/person\\\/271e2b60a96e7cc9d9ac296f4d7e414b\"},\"headline\":\"Vocaci\u00f3n y constante preparaci\u00f3n claves para las y los maestros\",\"datePublished\":\"2025-05-15T03:43:54+00:00\",\"mainEntityOfPage\":{\"@id\":\"https:\\\/\\\/canal7slp.tv\\\/2025\\\/vocacion-y-constante-preparacion-claves-para-las-y-los-maestros\\\/\"},\"wordCount\":638,\"publisher\":{\"@id\":\"https:\\\/\\\/canal7slp.tv\\\/2025\\\/#organization\"},\"image\":{\"@id\":\"https:\\\/\\\/canal7slp.tv\\\/2025\\\/vocacion-y-constante-preparacion-claves-para-las-y-los-maestros\\\/#primaryimage\"},\"thumbnailUrl\":\"https:\\\/\\\/canal7slp.tv\\\/2025\\\/wp-content\\\/uploads\\\/2025\\\/05\\\/POky0DiaMaestro.jpg\",\"articleSection\":[\"DESTACADAS\",\"LOCALES Y REGIONALES\"],\"inLanguage\":\"es\"},{\"@type\":\"WebPage\",\"@id\":\"https:\\\/\\\/canal7slp.tv\\\/2025\\\/vocacion-y-constante-preparacion-claves-para-las-y-los-maestros\\\/\",\"url\":\"https:\\\/\\\/canal7slp.tv\\\/2025\\\/vocacion-y-constante-preparacion-claves-para-las-y-los-maestros\\\/\",\"name\":\"Vocaci\u00f3n y constante preparaci\u00f3n claves para las y los maestros - Canal 7 SLP - 2025\",\"isPartOf\":{\"@id\":\"https:\\\/\\\/canal7slp.tv\\\/2025\\\/#website\"},\"primaryImageOfPage\":{\"@id\":\"https:\\\/\\\/canal7slp.tv\\\/2025\\\/vocacion-y-constante-preparacion-claves-para-las-y-los-maestros\\\/#primaryimage\"},\"image\":{\"@id\":\"https:\\\/\\\/canal7slp.tv\\\/2025\\\/vocacion-y-constante-preparacion-claves-para-las-y-los-maestros\\\/#primaryimage\"},\"thumbnailUrl\":\"https:\\\/\\\/canal7slp.tv\\\/2025\\\/wp-content\\\/uploads\\\/2025\\\/05\\\/POky0DiaMaestro.jpg\",\"datePublished\":\"2025-05-15T03:43:54+00:00\",\"breadcrumb\":{\"@id\":\"https:\\\/\\\/canal7slp.tv\\\/2025\\\/vocacion-y-constante-preparacion-claves-para-las-y-los-maestros\\\/#breadcrumb\"},\"inLanguage\":\"es\",\"potentialAction\":[{\"@type\":\"ReadAction\",\"target\":[\"https:\\\/\\\/canal7slp.tv\\\/2025\\\/vocacion-y-constante-preparacion-claves-para-las-y-los-maestros\\\/\"]}]},{\"@type\":\"ImageObject\",\"inLanguage\":\"es\",\"@id\":\"https:\\\/\\\/canal7slp.tv\\\/2025\\\/vocacion-y-constante-preparacion-claves-para-las-y-los-maestros\\\/#primaryimage\",\"url\":\"https:\\\/\\\/canal7slp.tv\\\/2025\\\/wp-content\\\/uploads\\\/2025\\\/05\\\/POky0DiaMaestro.jpg\",\"contentUrl\":\"https:\\\/\\\/canal7slp.tv\\\/2025\\\/wp-content\\\/uploads\\\/2025\\\/05\\\/POky0DiaMaestro.jpg\",\"width\":1280,\"height\":720},{\"@type\":\"BreadcrumbList\",\"@id\":\"https:\\\/\\\/canal7slp.tv\\\/2025\\\/vocacion-y-constante-preparacion-claves-para-las-y-los-maestros\\\/#breadcrumb\",\"itemListElement\":[{\"@type\":\"ListItem\",\"position\":1,\"name\":\"Portada\",\"item\":\"https:\\\/\\\/canal7slp.tv\\\/2025\\\/\"},{\"@type\":\"ListItem\",\"position\":2,\"name\":\"Vocaci\u00f3n y constante preparaci\u00f3n claves para las y los maestros\"}]},{\"@type\":\"WebSite\",\"@id\":\"https:\\\/\\\/canal7slp.tv\\\/2025\\\/#website\",\"url\":\"https:\\\/\\\/canal7slp.tv\\\/2025\\\/\",\"name\":\"N7 - Noticieros Canal 7\",\"description\":\"Somos el Medio\",\"publisher\":{\"@id\":\"https:\\\/\\\/canal7slp.tv\\\/2025\\\/#organization\"},\"potentialAction\":[{\"@type\":\"SearchAction\",\"target\":{\"@type\":\"EntryPoint\",\"urlTemplate\":\"https:\\\/\\\/canal7slp.tv\\\/2025\\\/?s={search_term_string}\"},\"query-input\":{\"@type\":\"PropertyValueSpecification\",\"valueRequired\":true,\"valueName\":\"search_term_string\"}}],\"inLanguage\":\"es\"},{\"@type\":\"Organization\",\"@id\":\"https:\\\/\\\/canal7slp.tv\\\/2025\\\/#organization\",\"name\":\"Noticieros Canal 7\",\"url\":\"https:\\\/\\\/canal7slp.tv\\\/2025\\\/\",\"logo\":{\"@type\":\"ImageObject\",\"inLanguage\":\"es\",\"@id\":\"https:\\\/\\\/canal7slp.tv\\\/2025\\\/#\\\/schema\\\/logo\\\/image\\\/\",\"url\":\"https:\\\/\\\/canal7slp.tv\\\/2025\\\/wp-content\\\/uploads\\\/2021\\\/01\\\/logo-noticieros@2x.png\",\"contentUrl\":\"https:\\\/\\\/canal7slp.tv\\\/2025\\\/wp-content\\\/uploads\\\/2021\\\/01\\\/logo-noticieros@2x.png\",\"width\":1017,\"height\":268,\"caption\":\"Noticieros Canal 7\"},\"image\":{\"@id\":\"https:\\\/\\\/canal7slp.tv\\\/2025\\\/#\\\/schema\\\/logo\\\/image\\\/\"},\"sameAs\":[\"https:\\\/\\\/www.facebook.com\\\/noticieroscanal7atencionciudadana\\\/\",\"https:\\\/\\\/x.com\\\/NOTICIEROS7\",\"https:\\\/\\\/www.instagram.com\\\/canal7_slp\",\"https:\\\/\\\/www.youtube.com\\\/channel\\\/UCliiYs-gP3JfJeqdPrNdd5A\"]},{\"@type\":\"Person\",\"@id\":\"https:\\\/\\\/canal7slp.tv\\\/2025\\\/#\\\/schema\\\/person\\\/271e2b60a96e7cc9d9ac296f4d7e414b\",\"name\":\"Edici\u00f3n Web\",\"image\":{\"@type\":\"ImageObject\",\"inLanguage\":\"es\",\"@id\":\"https:\\\/\\\/secure.gravatar.com\\\/avatar\\\/eee448fc3f7164808013b816ba91ac7e43bbe82a70bebac296f8bc6f0addaa1a?s=96&d=mm&r=g\",\"url\":\"https:\\\/\\\/secure.gravatar.com\\\/avatar\\\/eee448fc3f7164808013b816ba91ac7e43bbe82a70bebac296f8bc6f0addaa1a?s=96&d=mm&r=g\",\"contentUrl\":\"https:\\\/\\\/secure.gravatar.com\\\/avatar\\\/eee448fc3f7164808013b816ba91ac7e43bbe82a70bebac296f8bc6f0addaa1a?s=96&d=mm&r=g\",\"caption\":\"Edici\u00f3n Web\"},\"url\":\"https:\\\/\\\/canal7slp.tv\\\/2025\\\/author\\\/edicionweb\\\/\"}]}<\/script>\n<!-- \/ Yoast SEO plugin. -->","yoast_head_json":{"title":"Vocaci\u00f3n y constante preparaci\u00f3n claves para las y los maestros - Canal 7 SLP - 2025","robots":{"index":"index","follow":"follow","max-snippet":"max-snippet:-1","max-image-preview":"max-image-preview:large","max-video-preview":"max-video-preview:-1"},"canonical":"https:\/\/canal7slp.tv\/2025\/vocacion-y-constante-preparacion-claves-para-las-y-los-maestros\/","og_locale":"es_ES","og_type":"article","og_title":"Vocaci\u00f3n y constante preparaci\u00f3n claves para las y los maestros - Canal 7 SLP - 2025","og_description":"SLP.- Como cada 15 de mayo se el D\u00eda del Maestro una labor que forma a las generaciones futuras con conocimiento y comprensi\u00f3n. La directora de la escuela Agust\u00edn Dom\u00ednguez, Alma Irene Gonz\u00e1lez Avenda\u00f1o, afirm\u00f3 que todos los d\u00edas de clases son especiales para los catedr\u00e1ticos. \u00abValoramos la labor tan valuable de cada uno de los compa\u00f1eros y que es de gran compromiso para ellos, es una gran responsabilidad la que tenemos todos los maestros en atender a nuestros ni\u00f1os d\u00eda con d\u00eda\u00bb. Ser la gu\u00eda de los maestros a su cargo no es tarea f\u00e1cil, pero s\u00ed muy reconfortante. [&hellip;]","og_url":"https:\/\/canal7slp.tv\/2025\/vocacion-y-constante-preparacion-claves-para-las-y-los-maestros\/","og_site_name":"Canal 7 SLP - 2025","article_publisher":"https:\/\/www.facebook.com\/noticieroscanal7atencionciudadana\/","article_published_time":"2025-05-15T03:43:54+00:00","og_image":[{"width":1280,"height":720,"url":"https:\/\/canal7slp.tv\/2025\/wp-content\/uploads\/2025\/05\/POky0DiaMaestro.jpg","type":"image\/jpeg"}],"author":"Edici\u00f3n Web","twitter_card":"summary_large_image","twitter_creator":"@NOTICIEROS7","twitter_site":"@NOTICIEROS7","twitter_misc":{"Escrito por":"Edici\u00f3n Web","Tiempo de lectura":"3 minutos"},"schema":{"@context":"https:\/\/schema.org","@graph":[{"@type":"Article","@id":"https:\/\/canal7slp.tv\/2025\/vocacion-y-constante-preparacion-claves-para-las-y-los-maestros\/#article","isPartOf":{"@id":"https:\/\/canal7slp.tv\/2025\/vocacion-y-constante-preparacion-claves-para-las-y-los-maestros\/"},"author":{"name":"Edici\u00f3n Web","@id":"https:\/\/canal7slp.tv\/2025\/#\/schema\/person\/271e2b60a96e7cc9d9ac296f4d7e414b"},"headline":"Vocaci\u00f3n y constante preparaci\u00f3n claves para las y los maestros","datePublished":"2025-05-15T03:43:54+00:00","mainEntityOfPage":{"@id":"https:\/\/canal7slp.tv\/2025\/vocacion-y-constante-preparacion-claves-para-las-y-los-maestros\/"},"wordCount":638,"publisher":{"@id":"https:\/\/canal7slp.tv\/2025\/#organization"},"image":{"@id":"https:\/\/canal7slp.tv\/2025\/vocacion-y-constante-preparacion-claves-para-las-y-los-maestros\/#primaryimage"},"thumbnailUrl":"https:\/\/canal7slp.tv\/2025\/wp-content\/uploads\/2025\/05\/POky0DiaMaestro.jpg","articleSection":["DESTACADAS","LOCALES Y REGIONALES"],"inLanguage":"es"},{"@type":"WebPage","@id":"https:\/\/canal7slp.tv\/2025\/vocacion-y-constante-preparacion-claves-para-las-y-los-maestros\/","url":"https:\/\/canal7slp.tv\/2025\/vocacion-y-constante-preparacion-claves-para-las-y-los-maestros\/","name":"Vocaci\u00f3n y constante preparaci\u00f3n claves para las y los maestros - Canal 7 SLP - 2025","isPartOf":{"@id":"https:\/\/canal7slp.tv\/2025\/#website"},"primaryImageOfPage":{"@id":"https:\/\/canal7slp.tv\/2025\/vocacion-y-constante-preparacion-claves-para-las-y-los-maestros\/#primaryimage"},"image":{"@id":"https:\/\/canal7slp.tv\/2025\/vocacion-y-constante-preparacion-claves-para-las-y-los-maestros\/#primaryimage"},"thumbnailUrl":"https:\/\/canal7slp.tv\/2025\/wp-content\/uploads\/2025\/05\/POky0DiaMaestro.jpg","datePublished":"2025-05-15T03:43:54+00:00","breadcrumb":{"@id":"https:\/\/canal7slp.tv\/2025\/vocacion-y-constante-preparacion-claves-para-las-y-los-maestros\/#breadcrumb"},"inLanguage":"es","potentialAction":[{"@type":"ReadAction","target":["https:\/\/canal7slp.tv\/2025\/vocacion-y-constante-preparacion-claves-para-las-y-los-maestros\/"]}]},{"@type":"ImageObject","inLanguage":"es","@id":"https:\/\/canal7slp.tv\/2025\/vocacion-y-constante-preparacion-claves-para-las-y-los-maestros\/#primaryimage","url":"https:\/\/canal7slp.tv\/2025\/wp-content\/uploads\/2025\/05\/POky0DiaMaestro.jpg","contentUrl":"https:\/\/canal7slp.tv\/2025\/wp-content\/uploads\/2025\/05\/POky0DiaMaestro.jpg","width":1280,"height":720},{"@type":"BreadcrumbList","@id":"https:\/\/canal7slp.tv\/2025\/vocacion-y-constante-preparacion-claves-para-las-y-los-maestros\/#breadcrumb","itemListElement":[{"@type":"ListItem","position":1,"name":"Portada","item":"https:\/\/canal7slp.tv\/2025\/"},{"@type":"ListItem","position":2,"name":"Vocaci\u00f3n y constante preparaci\u00f3n claves para las y los maestros"}]},{"@type":"WebSite","@id":"https:\/\/canal7slp.tv\/2025\/#website","url":"https:\/\/canal7slp.tv\/2025\/","name":"N7 - Noticieros Canal 7","description":"Somos el Medio","publisher":{"@id":"https:\/\/canal7slp.tv\/2025\/#organization"},"potentialAction":[{"@type":"SearchAction","target":{"@type":"EntryPoint","urlTemplate":"https:\/\/canal7slp.tv\/2025\/?s={search_term_string}"},"query-input":{"@type":"PropertyValueSpecification","valueRequired":true,"valueName":"search_term_string"}}],"inLanguage":"es"},{"@type":"Organization","@id":"https:\/\/canal7slp.tv\/2025\/#organization","name":"Noticieros Canal 7","url":"https:\/\/canal7slp.tv\/2025\/","logo":{"@type":"ImageObject","inLanguage":"es","@id":"https:\/\/canal7slp.tv\/2025\/#\/schema\/logo\/image\/","url":"https:\/\/canal7slp.tv\/2025\/wp-content\/uploads\/2021\/01\/logo-noticieros@2x.png","contentUrl":"https:\/\/canal7slp.tv\/2025\/wp-content\/uploads\/2021\/01\/logo-noticieros@2x.png","width":1017,"height":268,"caption":"Noticieros Canal 7"},"image":{"@id":"https:\/\/canal7slp.tv\/2025\/#\/schema\/logo\/image\/"},"sameAs":["https:\/\/www.facebook.com\/noticieroscanal7atencionciudadana\/","https:\/\/x.com\/NOTICIEROS7","https:\/\/www.instagram.com\/canal7_slp","https:\/\/www.youtube.com\/channel\/UCliiYs-gP3JfJeqdPrNdd5A"]},{"@type":"Person","@id":"https:\/\/canal7slp.tv\/2025\/#\/schema\/person\/271e2b60a96e7cc9d9ac296f4d7e414b","name":"Edici\u00f3n Web","image":{"@type":"ImageObject","inLanguage":"es","@id":"https:\/\/secure.gravatar.com\/avatar\/eee448fc3f7164808013b816ba91ac7e43bbe82a70bebac296f8bc6f0addaa1a?s=96&d=mm&r=g","url":"https:\/\/secure.gravatar.com\/avatar\/eee448fc3f7164808013b816ba91ac7e43bbe82a70bebac296f8bc6f0addaa1a?s=96&d=mm&r=g","contentUrl":"https:\/\/secure.gravatar.com\/avatar\/eee448fc3f7164808013b816ba91ac7e43bbe82a70bebac296f8bc6f0addaa1a?s=96&d=mm&r=g","caption":"Edici\u00f3n Web"},"url":"https:\/\/canal7slp.tv\/2025\/author\/edicionweb\/"}]}},"_links":{"self":[{"href":"https:\/\/canal7slp.tv\/2025\/wp-json\/wp\/v2\/posts\/167672","targetHints":{"allow":["GET"]}}],"collection":[{"href":"https:\/\/canal7slp.tv\/2025\/wp-json\/wp\/v2\/posts"}],"about":[{"href":"https:\/\/canal7slp.tv\/2025\/wp-json\/wp\/v2\/types\/post"}],"author":[{"embeddable":true,"href":"https:\/\/canal7slp.tv\/2025\/wp-json\/wp\/v2\/users\/2"}],"replies":[{"embeddable":true,"href":"https:\/\/canal7slp.tv\/2025\/wp-json\/wp\/v2\/comments?post=167672"}],"version-history":[{"count":2,"href":"https:\/\/canal7slp.tv\/2025\/wp-json\/wp\/v2\/posts\/167672\/revisions"}],"predecessor-version":[{"id":167678,"href":"https:\/\/canal7slp.tv\/2025\/wp-json\/wp\/v2\/posts\/167672\/revisions\/167678"}],"wp:featuredmedia":[{"embeddable":true,"href":"https:\/\/canal7slp.tv\/2025\/wp-json\/wp\/v2\/media\/167677"}],"wp:attachment":[{"href":"https:\/\/canal7slp.tv\/2025\/wp-json\/wp\/v2\/media?parent=167672"}],"wp:term":[{"taxonomy":"category","embeddable":true,"href":"https:\/\/canal7slp.tv\/2025\/wp-json\/wp\/v2\/categories?post=167672"},{"taxonomy":"post_tag","embeddable":true,"href":"https:\/\/canal7slp.tv\/2025\/wp-json\/wp\/v2\/tags?post=167672"}],"curies":[{"name":"wp","href":"https:\/\/api.w.org\/{rel}","templated":true}]}}