{"id":167646,"date":"2025-05-14T18:04:38","date_gmt":"2025-05-15T00:04:38","guid":{"rendered":"https:\/\/canal7slp.tv\/2025\/?p=167646"},"modified":"2025-05-14T18:04:38","modified_gmt":"2025-05-15T00:04:38","slug":"apoya-conagua-al-municipio-de-san-luis-para-la-reactivacion-de-pozos","status":"publish","type":"post","link":"https:\/\/canal7slp.tv\/2025\/apoya-conagua-al-municipio-de-san-luis-para-la-reactivacion-de-pozos\/","title":{"rendered":"Apoya Conagua al municipio de San Luis para la reactivaci\u00f3n de pozos"},"content":{"rendered":"<p style=\"text-align: justify;\"><span style=\"font-size: 1.21429rem;\">SLP.- En el marco de la sesi\u00f3n del Consejo Municipal de Desarrollo Rural Sustentable el delegado de la Comisi\u00f3n Nacional del Agua, anunci\u00f3 un convenio con el municipio capitalino para la reactivaci\u00f3n de pozos y con ello, dijo, dotar de agua a comunidades rurales.<\/span><\/p>\n<p style=\"text-align: justify;\">Su delegado Dar\u00edo Castillo afirm\u00f3 que dicha acci\u00f3n se har\u00e1 mediante la entrega de concesiones y derechos a los que tiene el municipio sobre estos pozos, ubicados algunos en la delegaci\u00f3n de Bocas y zonas no delegacionales.<\/p>\n<p style=\"text-align: justify;\">El funcionario federal se\u00f1al\u00f3 que el objetivo es llevar agua a las zonas rurales del Valle de Arista, Bocas, Pe\u00f1asco y La Mantequilla entre otras.<\/p>\n<p style=\"text-align: justify;\">Asimismo, afirm\u00f3 que la CONAGUA apoyar\u00e1 tambi\u00e9n con pipas para el reparto a las comunidades rurales del municipio.<\/p>\n<p style=\"text-align: justify;\">Por: Claudio Ibarra<\/p>\n","protected":false},"excerpt":{"rendered":"<p>SLP.- En el marco de la sesi\u00f3n del Consejo Municipal de Desarrollo Rural Sustentable el delegado de la Comisi\u00f3n Nacional del Agua, anunci\u00f3 un convenio con el municipio capitalino para la reactivaci\u00f3n de pozos y con ello, dijo, dotar de agua a comunidades rurales. Su delegado Dar\u00edo Castillo afirm\u00f3 que dicha acci\u00f3n se har\u00e1 mediante la entrega de concesiones y derechos a los que tiene el municipio sobre estos pozos, ubicados algunos en la delegaci\u00f3n de Bocas y zonas no delegacionales. El funcionario federal se\u00f1al\u00f3 que el objetivo es llevar agua a las zonas rurales del Valle de Arista, Bocas, [&hellip;]<\/p>\n","protected":false},"author":2,"featured_media":167659,"comment_status":"closed","ping_status":"closed","sticky":false,"template":"","format":"video","meta":{"_monsterinsights_skip_tracking":false,"_monsterinsights_sitenote_active":false,"_monsterinsights_sitenote_note":"","_monsterinsights_sitenote_category":0,"footnotes":""},"categories":[66,5,45],"tags":[],"class_list":["post-167646","post","type-post","status-publish","format-video","has-post-thumbnail","hentry","category-ayoslp","category-destacadas","category-localesyregionales","post_format-post-format-video","post--single"],"yoast_head":"<!-- This site is optimized with the Yoast SEO plugin v27.5 - https:\/\/yoast.com\/product\/yoast-seo-wordpress\/ -->\n<title>Apoya Conagua al municipio de San Luis para la reactivaci\u00f3n de pozos - Canal 7 SLP - 2025<\/title>\n<meta name=\"robots\" content=\"index, follow, max-snippet:-1, max-image-preview:large, max-video-preview:-1\" \/>\n<link rel=\"canonical\" href=\"https:\/\/canal7slp.tv\/2025\/apoya-conagua-al-municipio-de-san-luis-para-la-reactivacion-de-pozos\/\" \/>\n<meta property=\"og:locale\" content=\"es_ES\" \/>\n<meta property=\"og:type\" content=\"article\" \/>\n<meta property=\"og:title\" content=\"Apoya Conagua al municipio de San Luis para la reactivaci\u00f3n de pozos - Canal 7 SLP - 2025\" \/>\n<meta property=\"og:description\" content=\"SLP.- En el marco de la sesi\u00f3n del Consejo Municipal de Desarrollo Rural Sustentable el delegado de la Comisi\u00f3n Nacional del Agua, anunci\u00f3 un convenio con el municipio capitalino para la reactivaci\u00f3n de pozos y con ello, dijo, dotar de agua a comunidades rurales. Su delegado Dar\u00edo Castillo afirm\u00f3 que dicha acci\u00f3n se har\u00e1 mediante la entrega de concesiones y derechos a los que tiene el municipio sobre estos pozos, ubicados algunos en la delegaci\u00f3n de Bocas y zonas no delegacionales. El funcionario federal se\u00f1al\u00f3 que el objetivo es llevar agua a las zonas rurales del Valle de Arista, Bocas, [&hellip;]\" \/>\n<meta property=\"og:url\" content=\"https:\/\/canal7slp.tv\/2025\/apoya-conagua-al-municipio-de-san-luis-para-la-reactivacion-de-pozos\/\" \/>\n<meta property=\"og:site_name\" content=\"Canal 7 SLP - 2025\" \/>\n<meta property=\"article:publisher\" content=\"https:\/\/www.facebook.com\/noticieroscanal7atencionciudadana\/\" \/>\n<meta property=\"article:published_time\" content=\"2025-05-15T00:04:38+00:00\" \/>\n<meta property=\"og:image\" content=\"https:\/\/canal7slp.tv\/2025\/wp-content\/uploads\/2025\/05\/Claudio03Convenio.jpg\" \/>\n\t<meta property=\"og:image:width\" content=\"1280\" \/>\n\t<meta property=\"og:image:height\" content=\"720\" \/>\n\t<meta property=\"og:image:type\" content=\"image\/jpeg\" \/>\n<meta name=\"author\" content=\"Edici\u00f3n Web\" \/>\n<meta name=\"twitter:card\" content=\"summary_large_image\" \/>\n<meta name=\"twitter:creator\" content=\"@NOTICIEROS7\" \/>\n<meta name=\"twitter:site\" content=\"@NOTICIEROS7\" \/>\n<meta name=\"twitter:label1\" content=\"Escrito por\" \/>\n\t<meta name=\"twitter:data1\" content=\"Edici\u00f3n Web\" \/>\n\t<meta name=\"twitter:label2\" content=\"Tiempo de lectura\" \/>\n\t<meta name=\"twitter:data2\" content=\"1 minuto\" \/>\n<script type=\"application\/ld+json\" class=\"yoast-schema-graph\">{\"@context\":\"https:\\\/\\\/schema.org\",\"@graph\":[{\"@type\":\"Article\",\"@id\":\"https:\\\/\\\/canal7slp.tv\\\/2025\\\/apoya-conagua-al-municipio-de-san-luis-para-la-reactivacion-de-pozos\\\/#article\",\"isPartOf\":{\"@id\":\"https:\\\/\\\/canal7slp.tv\\\/2025\\\/apoya-conagua-al-municipio-de-san-luis-para-la-reactivacion-de-pozos\\\/\"},\"author\":{\"name\":\"Edici\u00f3n Web\",\"@id\":\"https:\\\/\\\/canal7slp.tv\\\/2025\\\/#\\\/schema\\\/person\\\/271e2b60a96e7cc9d9ac296f4d7e414b\"},\"headline\":\"Apoya Conagua al municipio de San Luis para la reactivaci\u00f3n de pozos\",\"datePublished\":\"2025-05-15T00:04:38+00:00\",\"mainEntityOfPage\":{\"@id\":\"https:\\\/\\\/canal7slp.tv\\\/2025\\\/apoya-conagua-al-municipio-de-san-luis-para-la-reactivacion-de-pozos\\\/\"},\"wordCount\":150,\"publisher\":{\"@id\":\"https:\\\/\\\/canal7slp.tv\\\/2025\\\/#organization\"},\"image\":{\"@id\":\"https:\\\/\\\/canal7slp.tv\\\/2025\\\/apoya-conagua-al-municipio-de-san-luis-para-la-reactivacion-de-pozos\\\/#primaryimage\"},\"thumbnailUrl\":\"https:\\\/\\\/canal7slp.tv\\\/2025\\\/wp-content\\\/uploads\\\/2025\\\/05\\\/Claudio03Convenio.jpg\",\"articleSection\":[\"AYOSLP\",\"DESTACADAS\",\"LOCALES Y REGIONALES\"],\"inLanguage\":\"es\"},{\"@type\":\"WebPage\",\"@id\":\"https:\\\/\\\/canal7slp.tv\\\/2025\\\/apoya-conagua-al-municipio-de-san-luis-para-la-reactivacion-de-pozos\\\/\",\"url\":\"https:\\\/\\\/canal7slp.tv\\\/2025\\\/apoya-conagua-al-municipio-de-san-luis-para-la-reactivacion-de-pozos\\\/\",\"name\":\"Apoya Conagua al municipio de San Luis para la reactivaci\u00f3n de pozos - Canal 7 SLP - 2025\",\"isPartOf\":{\"@id\":\"https:\\\/\\\/canal7slp.tv\\\/2025\\\/#website\"},\"primaryImageOfPage\":{\"@id\":\"https:\\\/\\\/canal7slp.tv\\\/2025\\\/apoya-conagua-al-municipio-de-san-luis-para-la-reactivacion-de-pozos\\\/#primaryimage\"},\"image\":{\"@id\":\"https:\\\/\\\/canal7slp.tv\\\/2025\\\/apoya-conagua-al-municipio-de-san-luis-para-la-reactivacion-de-pozos\\\/#primaryimage\"},\"thumbnailUrl\":\"https:\\\/\\\/canal7slp.tv\\\/2025\\\/wp-content\\\/uploads\\\/2025\\\/05\\\/Claudio03Convenio.jpg\",\"datePublished\":\"2025-05-15T00:04:38+00:00\",\"breadcrumb\":{\"@id\":\"https:\\\/\\\/canal7slp.tv\\\/2025\\\/apoya-conagua-al-municipio-de-san-luis-para-la-reactivacion-de-pozos\\\/#breadcrumb\"},\"inLanguage\":\"es\",\"potentialAction\":[{\"@type\":\"ReadAction\",\"target\":[\"https:\\\/\\\/canal7slp.tv\\\/2025\\\/apoya-conagua-al-municipio-de-san-luis-para-la-reactivacion-de-pozos\\\/\"]}]},{\"@type\":\"ImageObject\",\"inLanguage\":\"es\",\"@id\":\"https:\\\/\\\/canal7slp.tv\\\/2025\\\/apoya-conagua-al-municipio-de-san-luis-para-la-reactivacion-de-pozos\\\/#primaryimage\",\"url\":\"https:\\\/\\\/canal7slp.tv\\\/2025\\\/wp-content\\\/uploads\\\/2025\\\/05\\\/Claudio03Convenio.jpg\",\"contentUrl\":\"https:\\\/\\\/canal7slp.tv\\\/2025\\\/wp-content\\\/uploads\\\/2025\\\/05\\\/Claudio03Convenio.jpg\",\"width\":1280,\"height\":720},{\"@type\":\"BreadcrumbList\",\"@id\":\"https:\\\/\\\/canal7slp.tv\\\/2025\\\/apoya-conagua-al-municipio-de-san-luis-para-la-reactivacion-de-pozos\\\/#breadcrumb\",\"itemListElement\":[{\"@type\":\"ListItem\",\"position\":1,\"name\":\"Portada\",\"item\":\"https:\\\/\\\/canal7slp.tv\\\/2025\\\/\"},{\"@type\":\"ListItem\",\"position\":2,\"name\":\"Apoya Conagua al municipio de San Luis para la reactivaci\u00f3n de pozos\"}]},{\"@type\":\"WebSite\",\"@id\":\"https:\\\/\\\/canal7slp.tv\\\/2025\\\/#website\",\"url\":\"https:\\\/\\\/canal7slp.tv\\\/2025\\\/\",\"name\":\"N7 - Noticieros Canal 7\",\"description\":\"Somos el Medio\",\"publisher\":{\"@id\":\"https:\\\/\\\/canal7slp.tv\\\/2025\\\/#organization\"},\"potentialAction\":[{\"@type\":\"SearchAction\",\"target\":{\"@type\":\"EntryPoint\",\"urlTemplate\":\"https:\\\/\\\/canal7slp.tv\\\/2025\\\/?s={search_term_string}\"},\"query-input\":{\"@type\":\"PropertyValueSpecification\",\"valueRequired\":true,\"valueName\":\"search_term_string\"}}],\"inLanguage\":\"es\"},{\"@type\":\"Organization\",\"@id\":\"https:\\\/\\\/canal7slp.tv\\\/2025\\\/#organization\",\"name\":\"Noticieros Canal 7\",\"url\":\"https:\\\/\\\/canal7slp.tv\\\/2025\\\/\",\"logo\":{\"@type\":\"ImageObject\",\"inLanguage\":\"es\",\"@id\":\"https:\\\/\\\/canal7slp.tv\\\/2025\\\/#\\\/schema\\\/logo\\\/image\\\/\",\"url\":\"https:\\\/\\\/canal7slp.tv\\\/2025\\\/wp-content\\\/uploads\\\/2021\\\/01\\\/logo-noticieros@2x.png\",\"contentUrl\":\"https:\\\/\\\/canal7slp.tv\\\/2025\\\/wp-content\\\/uploads\\\/2021\\\/01\\\/logo-noticieros@2x.png\",\"width\":1017,\"height\":268,\"caption\":\"Noticieros Canal 7\"},\"image\":{\"@id\":\"https:\\\/\\\/canal7slp.tv\\\/2025\\\/#\\\/schema\\\/logo\\\/image\\\/\"},\"sameAs\":[\"https:\\\/\\\/www.facebook.com\\\/noticieroscanal7atencionciudadana\\\/\",\"https:\\\/\\\/x.com\\\/NOTICIEROS7\",\"https:\\\/\\\/www.instagram.com\\\/canal7_slp\",\"https:\\\/\\\/www.youtube.com\\\/channel\\\/UCliiYs-gP3JfJeqdPrNdd5A\"]},{\"@type\":\"Person\",\"@id\":\"https:\\\/\\\/canal7slp.tv\\\/2025\\\/#\\\/schema\\\/person\\\/271e2b60a96e7cc9d9ac296f4d7e414b\",\"name\":\"Edici\u00f3n Web\",\"image\":{\"@type\":\"ImageObject\",\"inLanguage\":\"es\",\"@id\":\"https:\\\/\\\/secure.gravatar.com\\\/avatar\\\/eee448fc3f7164808013b816ba91ac7e43bbe82a70bebac296f8bc6f0addaa1a?s=96&d=mm&r=g\",\"url\":\"https:\\\/\\\/secure.gravatar.com\\\/avatar\\\/eee448fc3f7164808013b816ba91ac7e43bbe82a70bebac296f8bc6f0addaa1a?s=96&d=mm&r=g\",\"contentUrl\":\"https:\\\/\\\/secure.gravatar.com\\\/avatar\\\/eee448fc3f7164808013b816ba91ac7e43bbe82a70bebac296f8bc6f0addaa1a?s=96&d=mm&r=g\",\"caption\":\"Edici\u00f3n Web\"},\"url\":\"https:\\\/\\\/canal7slp.tv\\\/2025\\\/author\\\/edicionweb\\\/\"}]}<\/script>\n<!-- \/ Yoast SEO plugin. -->","yoast_head_json":{"title":"Apoya Conagua al municipio de San Luis para la reactivaci\u00f3n de pozos - Canal 7 SLP - 2025","robots":{"index":"index","follow":"follow","max-snippet":"max-snippet:-1","max-image-preview":"max-image-preview:large","max-video-preview":"max-video-preview:-1"},"canonical":"https:\/\/canal7slp.tv\/2025\/apoya-conagua-al-municipio-de-san-luis-para-la-reactivacion-de-pozos\/","og_locale":"es_ES","og_type":"article","og_title":"Apoya Conagua al municipio de San Luis para la reactivaci\u00f3n de pozos - Canal 7 SLP - 2025","og_description":"SLP.- En el marco de la sesi\u00f3n del Consejo Municipal de Desarrollo Rural Sustentable el delegado de la Comisi\u00f3n Nacional del Agua, anunci\u00f3 un convenio con el municipio capitalino para la reactivaci\u00f3n de pozos y con ello, dijo, dotar de agua a comunidades rurales. Su delegado Dar\u00edo Castillo afirm\u00f3 que dicha acci\u00f3n se har\u00e1 mediante la entrega de concesiones y derechos a los que tiene el municipio sobre estos pozos, ubicados algunos en la delegaci\u00f3n de Bocas y zonas no delegacionales. El funcionario federal se\u00f1al\u00f3 que el objetivo es llevar agua a las zonas rurales del Valle de Arista, Bocas, [&hellip;]","og_url":"https:\/\/canal7slp.tv\/2025\/apoya-conagua-al-municipio-de-san-luis-para-la-reactivacion-de-pozos\/","og_site_name":"Canal 7 SLP - 2025","article_publisher":"https:\/\/www.facebook.com\/noticieroscanal7atencionciudadana\/","article_published_time":"2025-05-15T00:04:38+00:00","og_image":[{"width":1280,"height":720,"url":"https:\/\/canal7slp.tv\/2025\/wp-content\/uploads\/2025\/05\/Claudio03Convenio.jpg","type":"image\/jpeg"}],"author":"Edici\u00f3n Web","twitter_card":"summary_large_image","twitter_creator":"@NOTICIEROS7","twitter_site":"@NOTICIEROS7","twitter_misc":{"Escrito por":"Edici\u00f3n Web","Tiempo de lectura":"1 minuto"},"schema":{"@context":"https:\/\/schema.org","@graph":[{"@type":"Article","@id":"https:\/\/canal7slp.tv\/2025\/apoya-conagua-al-municipio-de-san-luis-para-la-reactivacion-de-pozos\/#article","isPartOf":{"@id":"https:\/\/canal7slp.tv\/2025\/apoya-conagua-al-municipio-de-san-luis-para-la-reactivacion-de-pozos\/"},"author":{"name":"Edici\u00f3n Web","@id":"https:\/\/canal7slp.tv\/2025\/#\/schema\/person\/271e2b60a96e7cc9d9ac296f4d7e414b"},"headline":"Apoya Conagua al municipio de San Luis para la reactivaci\u00f3n de pozos","datePublished":"2025-05-15T00:04:38+00:00","mainEntityOfPage":{"@id":"https:\/\/canal7slp.tv\/2025\/apoya-conagua-al-municipio-de-san-luis-para-la-reactivacion-de-pozos\/"},"wordCount":150,"publisher":{"@id":"https:\/\/canal7slp.tv\/2025\/#organization"},"image":{"@id":"https:\/\/canal7slp.tv\/2025\/apoya-conagua-al-municipio-de-san-luis-para-la-reactivacion-de-pozos\/#primaryimage"},"thumbnailUrl":"https:\/\/canal7slp.tv\/2025\/wp-content\/uploads\/2025\/05\/Claudio03Convenio.jpg","articleSection":["AYOSLP","DESTACADAS","LOCALES Y REGIONALES"],"inLanguage":"es"},{"@type":"WebPage","@id":"https:\/\/canal7slp.tv\/2025\/apoya-conagua-al-municipio-de-san-luis-para-la-reactivacion-de-pozos\/","url":"https:\/\/canal7slp.tv\/2025\/apoya-conagua-al-municipio-de-san-luis-para-la-reactivacion-de-pozos\/","name":"Apoya Conagua al municipio de San Luis para la reactivaci\u00f3n de pozos - Canal 7 SLP - 2025","isPartOf":{"@id":"https:\/\/canal7slp.tv\/2025\/#website"},"primaryImageOfPage":{"@id":"https:\/\/canal7slp.tv\/2025\/apoya-conagua-al-municipio-de-san-luis-para-la-reactivacion-de-pozos\/#primaryimage"},"image":{"@id":"https:\/\/canal7slp.tv\/2025\/apoya-conagua-al-municipio-de-san-luis-para-la-reactivacion-de-pozos\/#primaryimage"},"thumbnailUrl":"https:\/\/canal7slp.tv\/2025\/wp-content\/uploads\/2025\/05\/Claudio03Convenio.jpg","datePublished":"2025-05-15T00:04:38+00:00","breadcrumb":{"@id":"https:\/\/canal7slp.tv\/2025\/apoya-conagua-al-municipio-de-san-luis-para-la-reactivacion-de-pozos\/#breadcrumb"},"inLanguage":"es","potentialAction":[{"@type":"ReadAction","target":["https:\/\/canal7slp.tv\/2025\/apoya-conagua-al-municipio-de-san-luis-para-la-reactivacion-de-pozos\/"]}]},{"@type":"ImageObject","inLanguage":"es","@id":"https:\/\/canal7slp.tv\/2025\/apoya-conagua-al-municipio-de-san-luis-para-la-reactivacion-de-pozos\/#primaryimage","url":"https:\/\/canal7slp.tv\/2025\/wp-content\/uploads\/2025\/05\/Claudio03Convenio.jpg","contentUrl":"https:\/\/canal7slp.tv\/2025\/wp-content\/uploads\/2025\/05\/Claudio03Convenio.jpg","width":1280,"height":720},{"@type":"BreadcrumbList","@id":"https:\/\/canal7slp.tv\/2025\/apoya-conagua-al-municipio-de-san-luis-para-la-reactivacion-de-pozos\/#breadcrumb","itemListElement":[{"@type":"ListItem","position":1,"name":"Portada","item":"https:\/\/canal7slp.tv\/2025\/"},{"@type":"ListItem","position":2,"name":"Apoya Conagua al municipio de San Luis para la reactivaci\u00f3n de pozos"}]},{"@type":"WebSite","@id":"https:\/\/canal7slp.tv\/2025\/#website","url":"https:\/\/canal7slp.tv\/2025\/","name":"N7 - Noticieros Canal 7","description":"Somos el Medio","publisher":{"@id":"https:\/\/canal7slp.tv\/2025\/#organization"},"potentialAction":[{"@type":"SearchAction","target":{"@type":"EntryPoint","urlTemplate":"https:\/\/canal7slp.tv\/2025\/?s={search_term_string}"},"query-input":{"@type":"PropertyValueSpecification","valueRequired":true,"valueName":"search_term_string"}}],"inLanguage":"es"},{"@type":"Organization","@id":"https:\/\/canal7slp.tv\/2025\/#organization","name":"Noticieros Canal 7","url":"https:\/\/canal7slp.tv\/2025\/","logo":{"@type":"ImageObject","inLanguage":"es","@id":"https:\/\/canal7slp.tv\/2025\/#\/schema\/logo\/image\/","url":"https:\/\/canal7slp.tv\/2025\/wp-content\/uploads\/2021\/01\/logo-noticieros@2x.png","contentUrl":"https:\/\/canal7slp.tv\/2025\/wp-content\/uploads\/2021\/01\/logo-noticieros@2x.png","width":1017,"height":268,"caption":"Noticieros Canal 7"},"image":{"@id":"https:\/\/canal7slp.tv\/2025\/#\/schema\/logo\/image\/"},"sameAs":["https:\/\/www.facebook.com\/noticieroscanal7atencionciudadana\/","https:\/\/x.com\/NOTICIEROS7","https:\/\/www.instagram.com\/canal7_slp","https:\/\/www.youtube.com\/channel\/UCliiYs-gP3JfJeqdPrNdd5A"]},{"@type":"Person","@id":"https:\/\/canal7slp.tv\/2025\/#\/schema\/person\/271e2b60a96e7cc9d9ac296f4d7e414b","name":"Edici\u00f3n Web","image":{"@type":"ImageObject","inLanguage":"es","@id":"https:\/\/secure.gravatar.com\/avatar\/eee448fc3f7164808013b816ba91ac7e43bbe82a70bebac296f8bc6f0addaa1a?s=96&d=mm&r=g","url":"https:\/\/secure.gravatar.com\/avatar\/eee448fc3f7164808013b816ba91ac7e43bbe82a70bebac296f8bc6f0addaa1a?s=96&d=mm&r=g","contentUrl":"https:\/\/secure.gravatar.com\/avatar\/eee448fc3f7164808013b816ba91ac7e43bbe82a70bebac296f8bc6f0addaa1a?s=96&d=mm&r=g","caption":"Edici\u00f3n Web"},"url":"https:\/\/canal7slp.tv\/2025\/author\/edicionweb\/"}]}},"_links":{"self":[{"href":"https:\/\/canal7slp.tv\/2025\/wp-json\/wp\/v2\/posts\/167646","targetHints":{"allow":["GET"]}}],"collection":[{"href":"https:\/\/canal7slp.tv\/2025\/wp-json\/wp\/v2\/posts"}],"about":[{"href":"https:\/\/canal7slp.tv\/2025\/wp-json\/wp\/v2\/types\/post"}],"author":[{"embeddable":true,"href":"https:\/\/canal7slp.tv\/2025\/wp-json\/wp\/v2\/users\/2"}],"replies":[{"embeddable":true,"href":"https:\/\/canal7slp.tv\/2025\/wp-json\/wp\/v2\/comments?post=167646"}],"version-history":[{"count":2,"href":"https:\/\/canal7slp.tv\/2025\/wp-json\/wp\/v2\/posts\/167646\/revisions"}],"predecessor-version":[{"id":167660,"href":"https:\/\/canal7slp.tv\/2025\/wp-json\/wp\/v2\/posts\/167646\/revisions\/167660"}],"wp:featuredmedia":[{"embeddable":true,"href":"https:\/\/canal7slp.tv\/2025\/wp-json\/wp\/v2\/media\/167659"}],"wp:attachment":[{"href":"https:\/\/canal7slp.tv\/2025\/wp-json\/wp\/v2\/media?parent=167646"}],"wp:term":[{"taxonomy":"category","embeddable":true,"href":"https:\/\/canal7slp.tv\/2025\/wp-json\/wp\/v2\/categories?post=167646"},{"taxonomy":"post_tag","embeddable":true,"href":"https:\/\/canal7slp.tv\/2025\/wp-json\/wp\/v2\/tags?post=167646"}],"curies":[{"name":"wp","href":"https:\/\/api.w.org\/{rel}","templated":true}]}}