{"id":167640,"date":"2025-05-14T16:50:59","date_gmt":"2025-05-14T22:50:59","guid":{"rendered":"https:\/\/canal7slp.tv\/2025\/?p=167640"},"modified":"2025-05-14T16:50:59","modified_gmt":"2025-05-14T22:50:59","slug":"puentes-vacacionales-en-slp-generan-diversas-reacciones-entre-docentes-y-padres-de-familia","status":"publish","type":"post","link":"https:\/\/canal7slp.tv\/2025\/puentes-vacacionales-en-slp-generan-diversas-reacciones-entre-docentes-y-padres-de-familia\/","title":{"rendered":"Puentes vacacionales en SLP generan diversas reacciones entre docentes y padres de familia"},"content":{"rendered":"<p style=\"text-align: justify;\"><span style=\"font-size: 1.21429rem;\">SLP.- El anuncio del gobernador de San Luis Potos\u00ed, Ricardo Gallardo Cardona, sobre el puente vacacional con motivo del D\u00eda del Maestro gener\u00f3 diversas reacciones entre padres de familia y docentes, quienes coincidieron en que, si bien la intenci\u00f3n de fomentar la convivencia familiar es v\u00e1lida, tambi\u00e9n representa retos para la organizaci\u00f3n escolar y la vida laboral de muchas familias.<\/span><\/p>\n<p style=\"text-align: justify;\">Emilio Vega expuso que estos recesos generan complicaciones log\u00edsticas y acad\u00e9micas: \u201cCon relaci\u00f3n a los puentes como el que se vive cada medio a\u00f1o, en el caso de estos que son en mayo y los que son en diciembre, a los padres de familia, es decir a la sociedad, a la comunidad, al contexto de las escuelas, les trae problemas\u00bb, asegur\u00f3.<\/p>\n<p style=\"text-align: justify;\">Insisti\u00f3 en que aunque las escuelas no sustituyen la funci\u00f3n de una guarder\u00eda, su operaci\u00f3n regular es crucial para la organizaci\u00f3n familiar.<\/p>\n<p style=\"text-align: justify;\">\u201cNo es que las escuelas sean guarder\u00edas, pero s\u00ed cada uno de nosotros como padres de familia, sea la carrera que sea o el trabajo que tenga, siempre se programa para que sus hijos est\u00e9n en la escuela y obviamente ellos trabajando para llevar el sustento a las casas\u00bb, explic\u00f3<\/p>\n<p style=\"text-align: justify;\">Continu\u00f3: \u201cCuando ocurre este tipo de situaciones como los puentes, como el que estamos viviendo, es un caos social en ese sentido, porque cada quien anda improvisando, los alumnos tambi\u00e9n se desubican, se descarrilan, cuando llegan a la escuela llegan desubicados y a la vez no saben si es lunes, si es mi\u00e9rcoles o viernes\u00bb.<\/p>\n<p style=\"text-align: justify;\">De hecho, consider\u00f3 importante ampliar la infraestructura p\u00fablica para atender mejor a los menores en d\u00edas no escolares.<\/p>\n<p style=\"text-align: justify;\">\u201cDirectamente con las guarder\u00edas son muy necesarias; si tenemos personal pagado por el gobierno que a veces hacen cosas que no traen beneficios a la ciudadan\u00eda, pues bien podr\u00edamos invertir para abrir m\u00e1s espacios para que los trabajadores productivos puedan dejar a sus hijos en un lugar seguro y ellos puedan ir a realizar sus labores\u00bb, indic\u00f3.<\/p>\n<p style=\"text-align: justify;\">Por otro lado, Jos\u00e9 Mart\u00edn Alvarado destac\u00f3 la intenci\u00f3n del Ejecutivo estatal de reconocer a los docentes con este d\u00eda de descanso, aunque tambi\u00e9n reconoci\u00f3 que tiene implicaciones acad\u00e9micas.<\/p>\n<p style=\"text-align: justify;\">\u201cDesde las diferentes aristas se puede verificar que el gobernador se ha preocupado por tratar de dar el reconocimiento de un d\u00eda para que los docentes puedan aprovechar en beneficio de ellos mismos y de su familia para disfrutarlo de otra manera, sin embargo, es importante destacar que en a\u00f1os anteriores no se hab\u00eda dado esta funci\u00f3n&#8230; No es bueno ni malo, es el conocimiento al maestro, pero que nos implica a todos un trabajo extra\u00bb, expuso.<\/p>\n<p style=\"text-align: justify;\">Florencia Valero, madre de familia, consider\u00f3 positiva la intenci\u00f3n del mandatario, aunque advirti\u00f3 que se requieren planes alternativos para atender a los hijos en estos d\u00edas.<\/p>\n<p style=\"text-align: justify;\">\u201cOjal\u00e1 que realmente sea provechoso para las familias&#8230; Como dice el gobernador que sirva para pasarlo en familia&#8230; No se va a tener conforme a todos, pero realmente no son tantos puentes, pero pudi\u00e9ramos verlo como esta parte que dijo el gobernador: es para aprovechar el tiempo en familia\u00bb, dijo.<\/p>\n<p style=\"text-align: justify;\">Asimismo, subray\u00f3 la importancia del papel de ser padres y madres durante el calendario escolar, y reconoci\u00f3 que dicho puente puede representar una dificultad para quienes trabajan.<\/p>\n<p style=\"text-align: justify;\">\u201cLas escuelas desde educaci\u00f3n preescolar no son guarder\u00edas, son espacios en donde los ni\u00f1os aprenden&#8230; Los padres de familia tienen que estar atentos en el tiempo en el que est\u00e1n los ni\u00f1os en la escuela. Hay pap\u00e1s trabajadores que necesitamos dejar a los ni\u00f1os tambi\u00e9n y hay que ver las alternativas&#8230; Nosotros como pap\u00e1s siempre tener una opci\u00f3n, otro plan, un plan B, porque no siempre tenemos la primera opci\u00f3n como \u00fanica\u00bb, a\u00f1adi\u00f3.<\/p>\n<p>Por: Jos\u00e9 Luis V\u00e1zquez<\/p>\n","protected":false},"excerpt":{"rendered":"<p>SLP.- El anuncio del gobernador de San Luis Potos\u00ed, Ricardo Gallardo Cardona, sobre el puente vacacional con motivo del D\u00eda del Maestro gener\u00f3 diversas reacciones entre padres de familia y docentes, quienes coincidieron en que, si bien la intenci\u00f3n de fomentar la convivencia familiar es v\u00e1lida, tambi\u00e9n representa retos para la organizaci\u00f3n escolar y la vida laboral de muchas familias. Emilio Vega expuso que estos recesos generan complicaciones log\u00edsticas y acad\u00e9micas: \u201cCon relaci\u00f3n a los puentes como el que se vive cada medio a\u00f1o, en el caso de estos que son en mayo y los que son en diciembre, a [&hellip;]<\/p>\n","protected":false},"author":2,"featured_media":167642,"comment_status":"closed","ping_status":"closed","sticky":false,"template":"","format":"video","meta":{"_monsterinsights_skip_tracking":false,"_monsterinsights_sitenote_active":false,"_monsterinsights_sitenote_note":"","_monsterinsights_sitenote_category":0,"footnotes":""},"categories":[5,510,45],"tags":[],"class_list":["post-167640","post","type-post","status-publish","format-video","has-post-thumbnail","hentry","category-destacadas","category-gobedoslp","category-localesyregionales","post_format-post-format-video","post--single"],"yoast_head":"<!-- This site is optimized with the Yoast SEO plugin v27.5 - https:\/\/yoast.com\/product\/yoast-seo-wordpress\/ -->\n<title>Puentes vacacionales en SLP generan diversas reacciones entre docentes y padres de familia - Canal 7 SLP - 2025<\/title>\n<meta name=\"robots\" content=\"index, follow, max-snippet:-1, max-image-preview:large, max-video-preview:-1\" \/>\n<link rel=\"canonical\" href=\"https:\/\/canal7slp.tv\/2025\/puentes-vacacionales-en-slp-generan-diversas-reacciones-entre-docentes-y-padres-de-familia\/\" \/>\n<meta property=\"og:locale\" content=\"es_ES\" \/>\n<meta property=\"og:type\" content=\"article\" \/>\n<meta property=\"og:title\" content=\"Puentes vacacionales en SLP generan diversas reacciones entre docentes y padres de familia - Canal 7 SLP - 2025\" \/>\n<meta property=\"og:description\" content=\"SLP.- El anuncio del gobernador de San Luis Potos\u00ed, Ricardo Gallardo Cardona, sobre el puente vacacional con motivo del D\u00eda del Maestro gener\u00f3 diversas reacciones entre padres de familia y docentes, quienes coincidieron en que, si bien la intenci\u00f3n de fomentar la convivencia familiar es v\u00e1lida, tambi\u00e9n representa retos para la organizaci\u00f3n escolar y la vida laboral de muchas familias. Emilio Vega expuso que estos recesos generan complicaciones log\u00edsticas y acad\u00e9micas: \u201cCon relaci\u00f3n a los puentes como el que se vive cada medio a\u00f1o, en el caso de estos que son en mayo y los que son en diciembre, a [&hellip;]\" \/>\n<meta property=\"og:url\" content=\"https:\/\/canal7slp.tv\/2025\/puentes-vacacionales-en-slp-generan-diversas-reacciones-entre-docentes-y-padres-de-familia\/\" \/>\n<meta property=\"og:site_name\" content=\"Canal 7 SLP - 2025\" \/>\n<meta property=\"article:publisher\" content=\"https:\/\/www.facebook.com\/noticieroscanal7atencionciudadana\/\" \/>\n<meta property=\"article:published_time\" content=\"2025-05-14T22:50:59+00:00\" \/>\n<meta property=\"og:image\" content=\"https:\/\/canal7slp.tv\/2025\/wp-content\/uploads\/2025\/05\/Vazquez04SondeoPuentes.jpg\" \/>\n\t<meta property=\"og:image:width\" content=\"1280\" \/>\n\t<meta property=\"og:image:height\" content=\"720\" \/>\n\t<meta property=\"og:image:type\" content=\"image\/jpeg\" \/>\n<meta name=\"author\" content=\"Edici\u00f3n Web\" \/>\n<meta name=\"twitter:card\" content=\"summary_large_image\" \/>\n<meta name=\"twitter:creator\" content=\"@NOTICIEROS7\" \/>\n<meta name=\"twitter:site\" content=\"@NOTICIEROS7\" \/>\n<meta name=\"twitter:label1\" content=\"Escrito por\" \/>\n\t<meta name=\"twitter:data1\" content=\"Edici\u00f3n Web\" \/>\n\t<meta name=\"twitter:label2\" content=\"Tiempo de lectura\" \/>\n\t<meta name=\"twitter:data2\" content=\"3 minutos\" \/>\n<script type=\"application\/ld+json\" class=\"yoast-schema-graph\">{\"@context\":\"https:\\\/\\\/schema.org\",\"@graph\":[{\"@type\":\"Article\",\"@id\":\"https:\\\/\\\/canal7slp.tv\\\/2025\\\/puentes-vacacionales-en-slp-generan-diversas-reacciones-entre-docentes-y-padres-de-familia\\\/#article\",\"isPartOf\":{\"@id\":\"https:\\\/\\\/canal7slp.tv\\\/2025\\\/puentes-vacacionales-en-slp-generan-diversas-reacciones-entre-docentes-y-padres-de-familia\\\/\"},\"author\":{\"name\":\"Edici\u00f3n Web\",\"@id\":\"https:\\\/\\\/canal7slp.tv\\\/2025\\\/#\\\/schema\\\/person\\\/271e2b60a96e7cc9d9ac296f4d7e414b\"},\"headline\":\"Puentes vacacionales en SLP generan diversas reacciones entre docentes y padres de familia\",\"datePublished\":\"2025-05-14T22:50:59+00:00\",\"mainEntityOfPage\":{\"@id\":\"https:\\\/\\\/canal7slp.tv\\\/2025\\\/puentes-vacacionales-en-slp-generan-diversas-reacciones-entre-docentes-y-padres-de-familia\\\/\"},\"wordCount\":671,\"publisher\":{\"@id\":\"https:\\\/\\\/canal7slp.tv\\\/2025\\\/#organization\"},\"image\":{\"@id\":\"https:\\\/\\\/canal7slp.tv\\\/2025\\\/puentes-vacacionales-en-slp-generan-diversas-reacciones-entre-docentes-y-padres-de-familia\\\/#primaryimage\"},\"thumbnailUrl\":\"https:\\\/\\\/canal7slp.tv\\\/2025\\\/wp-content\\\/uploads\\\/2025\\\/05\\\/Vazquez04SondeoPuentes.jpg\",\"articleSection\":[\"DESTACADAS\",\"GOBEDOSLP\",\"LOCALES Y REGIONALES\"],\"inLanguage\":\"es\"},{\"@type\":\"WebPage\",\"@id\":\"https:\\\/\\\/canal7slp.tv\\\/2025\\\/puentes-vacacionales-en-slp-generan-diversas-reacciones-entre-docentes-y-padres-de-familia\\\/\",\"url\":\"https:\\\/\\\/canal7slp.tv\\\/2025\\\/puentes-vacacionales-en-slp-generan-diversas-reacciones-entre-docentes-y-padres-de-familia\\\/\",\"name\":\"Puentes vacacionales en SLP generan diversas reacciones entre docentes y padres de familia - Canal 7 SLP - 2025\",\"isPartOf\":{\"@id\":\"https:\\\/\\\/canal7slp.tv\\\/2025\\\/#website\"},\"primaryImageOfPage\":{\"@id\":\"https:\\\/\\\/canal7slp.tv\\\/2025\\\/puentes-vacacionales-en-slp-generan-diversas-reacciones-entre-docentes-y-padres-de-familia\\\/#primaryimage\"},\"image\":{\"@id\":\"https:\\\/\\\/canal7slp.tv\\\/2025\\\/puentes-vacacionales-en-slp-generan-diversas-reacciones-entre-docentes-y-padres-de-familia\\\/#primaryimage\"},\"thumbnailUrl\":\"https:\\\/\\\/canal7slp.tv\\\/2025\\\/wp-content\\\/uploads\\\/2025\\\/05\\\/Vazquez04SondeoPuentes.jpg\",\"datePublished\":\"2025-05-14T22:50:59+00:00\",\"breadcrumb\":{\"@id\":\"https:\\\/\\\/canal7slp.tv\\\/2025\\\/puentes-vacacionales-en-slp-generan-diversas-reacciones-entre-docentes-y-padres-de-familia\\\/#breadcrumb\"},\"inLanguage\":\"es\",\"potentialAction\":[{\"@type\":\"ReadAction\",\"target\":[\"https:\\\/\\\/canal7slp.tv\\\/2025\\\/puentes-vacacionales-en-slp-generan-diversas-reacciones-entre-docentes-y-padres-de-familia\\\/\"]}]},{\"@type\":\"ImageObject\",\"inLanguage\":\"es\",\"@id\":\"https:\\\/\\\/canal7slp.tv\\\/2025\\\/puentes-vacacionales-en-slp-generan-diversas-reacciones-entre-docentes-y-padres-de-familia\\\/#primaryimage\",\"url\":\"https:\\\/\\\/canal7slp.tv\\\/2025\\\/wp-content\\\/uploads\\\/2025\\\/05\\\/Vazquez04SondeoPuentes.jpg\",\"contentUrl\":\"https:\\\/\\\/canal7slp.tv\\\/2025\\\/wp-content\\\/uploads\\\/2025\\\/05\\\/Vazquez04SondeoPuentes.jpg\",\"width\":1280,\"height\":720},{\"@type\":\"BreadcrumbList\",\"@id\":\"https:\\\/\\\/canal7slp.tv\\\/2025\\\/puentes-vacacionales-en-slp-generan-diversas-reacciones-entre-docentes-y-padres-de-familia\\\/#breadcrumb\",\"itemListElement\":[{\"@type\":\"ListItem\",\"position\":1,\"name\":\"Portada\",\"item\":\"https:\\\/\\\/canal7slp.tv\\\/2025\\\/\"},{\"@type\":\"ListItem\",\"position\":2,\"name\":\"Puentes vacacionales en SLP generan diversas reacciones entre docentes y padres de familia\"}]},{\"@type\":\"WebSite\",\"@id\":\"https:\\\/\\\/canal7slp.tv\\\/2025\\\/#website\",\"url\":\"https:\\\/\\\/canal7slp.tv\\\/2025\\\/\",\"name\":\"N7 - Noticieros Canal 7\",\"description\":\"Somos el Medio\",\"publisher\":{\"@id\":\"https:\\\/\\\/canal7slp.tv\\\/2025\\\/#organization\"},\"potentialAction\":[{\"@type\":\"SearchAction\",\"target\":{\"@type\":\"EntryPoint\",\"urlTemplate\":\"https:\\\/\\\/canal7slp.tv\\\/2025\\\/?s={search_term_string}\"},\"query-input\":{\"@type\":\"PropertyValueSpecification\",\"valueRequired\":true,\"valueName\":\"search_term_string\"}}],\"inLanguage\":\"es\"},{\"@type\":\"Organization\",\"@id\":\"https:\\\/\\\/canal7slp.tv\\\/2025\\\/#organization\",\"name\":\"Noticieros Canal 7\",\"url\":\"https:\\\/\\\/canal7slp.tv\\\/2025\\\/\",\"logo\":{\"@type\":\"ImageObject\",\"inLanguage\":\"es\",\"@id\":\"https:\\\/\\\/canal7slp.tv\\\/2025\\\/#\\\/schema\\\/logo\\\/image\\\/\",\"url\":\"https:\\\/\\\/canal7slp.tv\\\/2025\\\/wp-content\\\/uploads\\\/2021\\\/01\\\/logo-noticieros@2x.png\",\"contentUrl\":\"https:\\\/\\\/canal7slp.tv\\\/2025\\\/wp-content\\\/uploads\\\/2021\\\/01\\\/logo-noticieros@2x.png\",\"width\":1017,\"height\":268,\"caption\":\"Noticieros Canal 7\"},\"image\":{\"@id\":\"https:\\\/\\\/canal7slp.tv\\\/2025\\\/#\\\/schema\\\/logo\\\/image\\\/\"},\"sameAs\":[\"https:\\\/\\\/www.facebook.com\\\/noticieroscanal7atencionciudadana\\\/\",\"https:\\\/\\\/x.com\\\/NOTICIEROS7\",\"https:\\\/\\\/www.instagram.com\\\/canal7_slp\",\"https:\\\/\\\/www.youtube.com\\\/channel\\\/UCliiYs-gP3JfJeqdPrNdd5A\"]},{\"@type\":\"Person\",\"@id\":\"https:\\\/\\\/canal7slp.tv\\\/2025\\\/#\\\/schema\\\/person\\\/271e2b60a96e7cc9d9ac296f4d7e414b\",\"name\":\"Edici\u00f3n Web\",\"image\":{\"@type\":\"ImageObject\",\"inLanguage\":\"es\",\"@id\":\"https:\\\/\\\/secure.gravatar.com\\\/avatar\\\/eee448fc3f7164808013b816ba91ac7e43bbe82a70bebac296f8bc6f0addaa1a?s=96&d=mm&r=g\",\"url\":\"https:\\\/\\\/secure.gravatar.com\\\/avatar\\\/eee448fc3f7164808013b816ba91ac7e43bbe82a70bebac296f8bc6f0addaa1a?s=96&d=mm&r=g\",\"contentUrl\":\"https:\\\/\\\/secure.gravatar.com\\\/avatar\\\/eee448fc3f7164808013b816ba91ac7e43bbe82a70bebac296f8bc6f0addaa1a?s=96&d=mm&r=g\",\"caption\":\"Edici\u00f3n Web\"},\"url\":\"https:\\\/\\\/canal7slp.tv\\\/2025\\\/author\\\/edicionweb\\\/\"}]}<\/script>\n<!-- \/ Yoast SEO plugin. -->","yoast_head_json":{"title":"Puentes vacacionales en SLP generan diversas reacciones entre docentes y padres de familia - Canal 7 SLP - 2025","robots":{"index":"index","follow":"follow","max-snippet":"max-snippet:-1","max-image-preview":"max-image-preview:large","max-video-preview":"max-video-preview:-1"},"canonical":"https:\/\/canal7slp.tv\/2025\/puentes-vacacionales-en-slp-generan-diversas-reacciones-entre-docentes-y-padres-de-familia\/","og_locale":"es_ES","og_type":"article","og_title":"Puentes vacacionales en SLP generan diversas reacciones entre docentes y padres de familia - Canal 7 SLP - 2025","og_description":"SLP.- El anuncio del gobernador de San Luis Potos\u00ed, Ricardo Gallardo Cardona, sobre el puente vacacional con motivo del D\u00eda del Maestro gener\u00f3 diversas reacciones entre padres de familia y docentes, quienes coincidieron en que, si bien la intenci\u00f3n de fomentar la convivencia familiar es v\u00e1lida, tambi\u00e9n representa retos para la organizaci\u00f3n escolar y la vida laboral de muchas familias. Emilio Vega expuso que estos recesos generan complicaciones log\u00edsticas y acad\u00e9micas: \u201cCon relaci\u00f3n a los puentes como el que se vive cada medio a\u00f1o, en el caso de estos que son en mayo y los que son en diciembre, a [&hellip;]","og_url":"https:\/\/canal7slp.tv\/2025\/puentes-vacacionales-en-slp-generan-diversas-reacciones-entre-docentes-y-padres-de-familia\/","og_site_name":"Canal 7 SLP - 2025","article_publisher":"https:\/\/www.facebook.com\/noticieroscanal7atencionciudadana\/","article_published_time":"2025-05-14T22:50:59+00:00","og_image":[{"width":1280,"height":720,"url":"https:\/\/canal7slp.tv\/2025\/wp-content\/uploads\/2025\/05\/Vazquez04SondeoPuentes.jpg","type":"image\/jpeg"}],"author":"Edici\u00f3n Web","twitter_card":"summary_large_image","twitter_creator":"@NOTICIEROS7","twitter_site":"@NOTICIEROS7","twitter_misc":{"Escrito por":"Edici\u00f3n Web","Tiempo de lectura":"3 minutos"},"schema":{"@context":"https:\/\/schema.org","@graph":[{"@type":"Article","@id":"https:\/\/canal7slp.tv\/2025\/puentes-vacacionales-en-slp-generan-diversas-reacciones-entre-docentes-y-padres-de-familia\/#article","isPartOf":{"@id":"https:\/\/canal7slp.tv\/2025\/puentes-vacacionales-en-slp-generan-diversas-reacciones-entre-docentes-y-padres-de-familia\/"},"author":{"name":"Edici\u00f3n Web","@id":"https:\/\/canal7slp.tv\/2025\/#\/schema\/person\/271e2b60a96e7cc9d9ac296f4d7e414b"},"headline":"Puentes vacacionales en SLP generan diversas reacciones entre docentes y padres de familia","datePublished":"2025-05-14T22:50:59+00:00","mainEntityOfPage":{"@id":"https:\/\/canal7slp.tv\/2025\/puentes-vacacionales-en-slp-generan-diversas-reacciones-entre-docentes-y-padres-de-familia\/"},"wordCount":671,"publisher":{"@id":"https:\/\/canal7slp.tv\/2025\/#organization"},"image":{"@id":"https:\/\/canal7slp.tv\/2025\/puentes-vacacionales-en-slp-generan-diversas-reacciones-entre-docentes-y-padres-de-familia\/#primaryimage"},"thumbnailUrl":"https:\/\/canal7slp.tv\/2025\/wp-content\/uploads\/2025\/05\/Vazquez04SondeoPuentes.jpg","articleSection":["DESTACADAS","GOBEDOSLP","LOCALES Y REGIONALES"],"inLanguage":"es"},{"@type":"WebPage","@id":"https:\/\/canal7slp.tv\/2025\/puentes-vacacionales-en-slp-generan-diversas-reacciones-entre-docentes-y-padres-de-familia\/","url":"https:\/\/canal7slp.tv\/2025\/puentes-vacacionales-en-slp-generan-diversas-reacciones-entre-docentes-y-padres-de-familia\/","name":"Puentes vacacionales en SLP generan diversas reacciones entre docentes y padres de familia - Canal 7 SLP - 2025","isPartOf":{"@id":"https:\/\/canal7slp.tv\/2025\/#website"},"primaryImageOfPage":{"@id":"https:\/\/canal7slp.tv\/2025\/puentes-vacacionales-en-slp-generan-diversas-reacciones-entre-docentes-y-padres-de-familia\/#primaryimage"},"image":{"@id":"https:\/\/canal7slp.tv\/2025\/puentes-vacacionales-en-slp-generan-diversas-reacciones-entre-docentes-y-padres-de-familia\/#primaryimage"},"thumbnailUrl":"https:\/\/canal7slp.tv\/2025\/wp-content\/uploads\/2025\/05\/Vazquez04SondeoPuentes.jpg","datePublished":"2025-05-14T22:50:59+00:00","breadcrumb":{"@id":"https:\/\/canal7slp.tv\/2025\/puentes-vacacionales-en-slp-generan-diversas-reacciones-entre-docentes-y-padres-de-familia\/#breadcrumb"},"inLanguage":"es","potentialAction":[{"@type":"ReadAction","target":["https:\/\/canal7slp.tv\/2025\/puentes-vacacionales-en-slp-generan-diversas-reacciones-entre-docentes-y-padres-de-familia\/"]}]},{"@type":"ImageObject","inLanguage":"es","@id":"https:\/\/canal7slp.tv\/2025\/puentes-vacacionales-en-slp-generan-diversas-reacciones-entre-docentes-y-padres-de-familia\/#primaryimage","url":"https:\/\/canal7slp.tv\/2025\/wp-content\/uploads\/2025\/05\/Vazquez04SondeoPuentes.jpg","contentUrl":"https:\/\/canal7slp.tv\/2025\/wp-content\/uploads\/2025\/05\/Vazquez04SondeoPuentes.jpg","width":1280,"height":720},{"@type":"BreadcrumbList","@id":"https:\/\/canal7slp.tv\/2025\/puentes-vacacionales-en-slp-generan-diversas-reacciones-entre-docentes-y-padres-de-familia\/#breadcrumb","itemListElement":[{"@type":"ListItem","position":1,"name":"Portada","item":"https:\/\/canal7slp.tv\/2025\/"},{"@type":"ListItem","position":2,"name":"Puentes vacacionales en SLP generan diversas reacciones entre docentes y padres de familia"}]},{"@type":"WebSite","@id":"https:\/\/canal7slp.tv\/2025\/#website","url":"https:\/\/canal7slp.tv\/2025\/","name":"N7 - Noticieros Canal 7","description":"Somos el Medio","publisher":{"@id":"https:\/\/canal7slp.tv\/2025\/#organization"},"potentialAction":[{"@type":"SearchAction","target":{"@type":"EntryPoint","urlTemplate":"https:\/\/canal7slp.tv\/2025\/?s={search_term_string}"},"query-input":{"@type":"PropertyValueSpecification","valueRequired":true,"valueName":"search_term_string"}}],"inLanguage":"es"},{"@type":"Organization","@id":"https:\/\/canal7slp.tv\/2025\/#organization","name":"Noticieros Canal 7","url":"https:\/\/canal7slp.tv\/2025\/","logo":{"@type":"ImageObject","inLanguage":"es","@id":"https:\/\/canal7slp.tv\/2025\/#\/schema\/logo\/image\/","url":"https:\/\/canal7slp.tv\/2025\/wp-content\/uploads\/2021\/01\/logo-noticieros@2x.png","contentUrl":"https:\/\/canal7slp.tv\/2025\/wp-content\/uploads\/2021\/01\/logo-noticieros@2x.png","width":1017,"height":268,"caption":"Noticieros Canal 7"},"image":{"@id":"https:\/\/canal7slp.tv\/2025\/#\/schema\/logo\/image\/"},"sameAs":["https:\/\/www.facebook.com\/noticieroscanal7atencionciudadana\/","https:\/\/x.com\/NOTICIEROS7","https:\/\/www.instagram.com\/canal7_slp","https:\/\/www.youtube.com\/channel\/UCliiYs-gP3JfJeqdPrNdd5A"]},{"@type":"Person","@id":"https:\/\/canal7slp.tv\/2025\/#\/schema\/person\/271e2b60a96e7cc9d9ac296f4d7e414b","name":"Edici\u00f3n Web","image":{"@type":"ImageObject","inLanguage":"es","@id":"https:\/\/secure.gravatar.com\/avatar\/eee448fc3f7164808013b816ba91ac7e43bbe82a70bebac296f8bc6f0addaa1a?s=96&d=mm&r=g","url":"https:\/\/secure.gravatar.com\/avatar\/eee448fc3f7164808013b816ba91ac7e43bbe82a70bebac296f8bc6f0addaa1a?s=96&d=mm&r=g","contentUrl":"https:\/\/secure.gravatar.com\/avatar\/eee448fc3f7164808013b816ba91ac7e43bbe82a70bebac296f8bc6f0addaa1a?s=96&d=mm&r=g","caption":"Edici\u00f3n Web"},"url":"https:\/\/canal7slp.tv\/2025\/author\/edicionweb\/"}]}},"_links":{"self":[{"href":"https:\/\/canal7slp.tv\/2025\/wp-json\/wp\/v2\/posts\/167640","targetHints":{"allow":["GET"]}}],"collection":[{"href":"https:\/\/canal7slp.tv\/2025\/wp-json\/wp\/v2\/posts"}],"about":[{"href":"https:\/\/canal7slp.tv\/2025\/wp-json\/wp\/v2\/types\/post"}],"author":[{"embeddable":true,"href":"https:\/\/canal7slp.tv\/2025\/wp-json\/wp\/v2\/users\/2"}],"replies":[{"embeddable":true,"href":"https:\/\/canal7slp.tv\/2025\/wp-json\/wp\/v2\/comments?post=167640"}],"version-history":[{"count":1,"href":"https:\/\/canal7slp.tv\/2025\/wp-json\/wp\/v2\/posts\/167640\/revisions"}],"predecessor-version":[{"id":167643,"href":"https:\/\/canal7slp.tv\/2025\/wp-json\/wp\/v2\/posts\/167640\/revisions\/167643"}],"wp:featuredmedia":[{"embeddable":true,"href":"https:\/\/canal7slp.tv\/2025\/wp-json\/wp\/v2\/media\/167642"}],"wp:attachment":[{"href":"https:\/\/canal7slp.tv\/2025\/wp-json\/wp\/v2\/media?parent=167640"}],"wp:term":[{"taxonomy":"category","embeddable":true,"href":"https:\/\/canal7slp.tv\/2025\/wp-json\/wp\/v2\/categories?post=167640"},{"taxonomy":"post_tag","embeddable":true,"href":"https:\/\/canal7slp.tv\/2025\/wp-json\/wp\/v2\/tags?post=167640"}],"curies":[{"name":"wp","href":"https:\/\/api.w.org\/{rel}","templated":true}]}}