{"id":167518,"date":"2025-05-13T19:21:23","date_gmt":"2025-05-14T01:21:23","guid":{"rendered":"https:\/\/canal7slp.tv\/2025\/?p=167518"},"modified":"2025-12-10T08:48:53","modified_gmt":"2025-12-10T14:48:53","slug":"encuentro-de-reflexion-sostuvo-el-arzobispo-jorge-alberto-cavazos-arizpe-con-el-equipo-de-canal-7","status":"publish","type":"post","link":"https:\/\/canal7slp.tv\/2025\/encuentro-de-reflexion-sostuvo-el-arzobispo-jorge-alberto-cavazos-arizpe-con-el-equipo-de-canal-7\/","title":{"rendered":"Encuentro de reflexi\u00f3n sostuvo el arzobispo, Jorge Alberto Cavazos Arizpe con el equipo de Canal 7"},"content":{"rendered":"<p style=\"text-align: justify;\"><span style=\"font-size: 1.21429rem;\">SLP.- En el marco del A\u00f1o Jubilar 2025 -centrado en la comunicaci\u00f3n- el Arzobispo de San Luis Potos\u00ed, Jorge Alberto Cavazos Arizpe visit\u00f3 las instalaciones de Canal 7 -donde convivi\u00f3 y dio muestras de aliento a personal administrativo, de seguridad, reporteros, productores, editores, camar\u00f3grafos, operativos, t\u00e9cnicos, de conducci\u00f3n, m\u00e1ster, continuidad, de p\u00e1gina web- a quienes ofreci\u00f3 un momento de reflexi\u00f3n sobre las causas que la comunicaci\u00f3n abraza, como si de un per\u00edodo de gracia se tratara en medio de un tiempo para tantos incierto.<\/span><\/p>\n<p style=\"text-align: justify;\">Destac\u00f3 la labor de Canal 7, al tener como base que la comunicaci\u00f3n se liga a la naturaleza y ayuda a generar conciencia -con una visi\u00f3n de esperanza-.<\/p>\n<p style=\"text-align: justify;\">Fue recibido por la directora administrativa, Elizabeth Torres M\u00e9ndez y parte de la plantilla.<\/p>\n<p style=\"text-align: justify;\">Detr\u00e1s de cada noticia -record\u00f3- hay un grupo de personas que potencian sus habilidades o aptitudes para fortalecer a la sociedad.<\/p>\n<p style=\"text-align: justify;\">Reflexion\u00f3 acerca de que comunicar tambi\u00e9n es tener sana relaci\u00f3n con nosotros mismos y nuestra historia.<\/p>\n<p style=\"text-align: justify;\">El vocero de la Arquidi\u00f3cesis, Tom\u00e1s Cruz Perales se refiri\u00f3 al lazo entre la comunidad y el medio -que permite a la iglesia ser un lugar de encuentro-.<\/p>\n<p style=\"text-align: justify;\">Frente el equipo de Noticieros y la directora del \u00e1rea, Paulina Rodr\u00edguez, monse\u00f1or Jorge Alberto Cavazos Arizpe no dej\u00f3 atr\u00e1s los riesgos de quienes se desenvuelven en el periodismo.<\/p>\n<p style=\"text-align: justify;\">De tal forma -afirm\u00f3- el gremio puede sentir que cuenta con la oraci\u00f3n.<\/p>\n<p style=\"text-align: justify;\">As\u00ed, procedi\u00f3 a rezar el Ave Mar\u00eda.<\/p>\n<p style=\"text-align: justify;\">A nombre del Director General de Canal 7, Luis Antonio Mahbub Sarquis, Mauricio Mahbub Tamez -presente junto a su esposa Valeria Guerrero S\u00e1nchez- emiti\u00f3 un mensaje de agradecimiento.<\/p>\n<p style=\"text-align: justify;\">En ese sentido, fue el arzobispo quien hizo hincapi\u00e9 en que la labor de informar permite abrir los ojos, tener un criterio y fomentar el bien.<\/p>\n<p>Por: Paulina Rodr\u00edguez<\/p>\n","protected":false},"excerpt":{"rendered":"<p>SLP.- En el marco del A\u00f1o Jubilar 2025 -centrado en la comunicaci\u00f3n- el Arzobispo de San Luis Potos\u00ed, Jorge Alberto Cavazos Arizpe visit\u00f3 las instalaciones de Canal 7 -donde convivi\u00f3 y dio muestras de aliento a personal administrativo, de seguridad, reporteros, productores, editores, camar\u00f3grafos, operativos, t\u00e9cnicos, de conducci\u00f3n, m\u00e1ster, continuidad, de p\u00e1gina web- a quienes ofreci\u00f3 un momento de reflexi\u00f3n sobre las causas que la comunicaci\u00f3n abraza, como si de un per\u00edodo de gracia se tratara en medio de un tiempo para tantos incierto. Destac\u00f3 la labor de Canal 7, al tener como base que la comunicaci\u00f3n se liga a [&hellip;]<\/p>\n","protected":false},"author":2,"featured_media":167548,"comment_status":"closed","ping_status":"closed","sticky":false,"template":"","format":"video","meta":{"_monsterinsights_skip_tracking":false,"_monsterinsights_sitenote_active":false,"_monsterinsights_sitenote_note":"","_monsterinsights_sitenote_category":0,"footnotes":""},"categories":[5,519,45],"tags":[],"class_list":["post-167518","post","type-post","status-publish","format-video","has-post-thumbnail","hentry","category-destacadas","category-iglesia","category-localesyregionales","post_format-post-format-video","post--single"],"yoast_head":"<!-- This site is optimized with the Yoast SEO plugin v27.4 - https:\/\/yoast.com\/product\/yoast-seo-wordpress\/ -->\n<title>Encuentro de reflexi\u00f3n sostuvo el arzobispo, Jorge Alberto Cavazos Arizpe con el equipo de Canal 7 - Canal 7 SLP - 2025<\/title>\n<meta name=\"robots\" content=\"index, follow, max-snippet:-1, max-image-preview:large, max-video-preview:-1\" \/>\n<link rel=\"canonical\" href=\"https:\/\/canal7slp.tv\/2025\/encuentro-de-reflexion-sostuvo-el-arzobispo-jorge-alberto-cavazos-arizpe-con-el-equipo-de-canal-7\/\" \/>\n<meta property=\"og:locale\" content=\"es_ES\" \/>\n<meta property=\"og:type\" content=\"article\" \/>\n<meta property=\"og:title\" content=\"Encuentro de reflexi\u00f3n sostuvo el arzobispo, Jorge Alberto Cavazos Arizpe con el equipo de Canal 7 - Canal 7 SLP - 2025\" \/>\n<meta property=\"og:description\" content=\"SLP.- En el marco del A\u00f1o Jubilar 2025 -centrado en la comunicaci\u00f3n- el Arzobispo de San Luis Potos\u00ed, Jorge Alberto Cavazos Arizpe visit\u00f3 las instalaciones de Canal 7 -donde convivi\u00f3 y dio muestras de aliento a personal administrativo, de seguridad, reporteros, productores, editores, camar\u00f3grafos, operativos, t\u00e9cnicos, de conducci\u00f3n, m\u00e1ster, continuidad, de p\u00e1gina web- a quienes ofreci\u00f3 un momento de reflexi\u00f3n sobre las causas que la comunicaci\u00f3n abraza, como si de un per\u00edodo de gracia se tratara en medio de un tiempo para tantos incierto. Destac\u00f3 la labor de Canal 7, al tener como base que la comunicaci\u00f3n se liga a [&hellip;]\" \/>\n<meta property=\"og:url\" content=\"https:\/\/canal7slp.tv\/2025\/encuentro-de-reflexion-sostuvo-el-arzobispo-jorge-alberto-cavazos-arizpe-con-el-equipo-de-canal-7\/\" \/>\n<meta property=\"og:site_name\" content=\"Canal 7 SLP - 2025\" \/>\n<meta property=\"article:publisher\" content=\"https:\/\/www.facebook.com\/noticieroscanal7atencionciudadana\/\" \/>\n<meta property=\"article:published_time\" content=\"2025-05-14T01:21:23+00:00\" \/>\n<meta property=\"article:modified_time\" content=\"2025-12-10T14:48:53+00:00\" \/>\n<meta property=\"og:image\" content=\"https:\/\/canal7slp.tv\/2025\/wp-content\/uploads\/2025\/05\/Pau01ArzobispoCanal7.jpg\" \/>\n\t<meta property=\"og:image:width\" content=\"1280\" \/>\n\t<meta property=\"og:image:height\" content=\"720\" \/>\n\t<meta property=\"og:image:type\" content=\"image\/jpeg\" \/>\n<meta name=\"author\" content=\"Edici\u00f3n Web\" \/>\n<meta name=\"twitter:card\" content=\"summary_large_image\" \/>\n<meta name=\"twitter:creator\" content=\"@NOTICIEROS7\" \/>\n<meta name=\"twitter:site\" content=\"@NOTICIEROS7\" \/>\n<meta name=\"twitter:label1\" content=\"Escrito por\" \/>\n\t<meta name=\"twitter:data1\" content=\"Edici\u00f3n Web\" \/>\n\t<meta name=\"twitter:label2\" content=\"Tiempo de lectura\" \/>\n\t<meta name=\"twitter:data2\" content=\"2 minutos\" \/>\n<script type=\"application\/ld+json\" class=\"yoast-schema-graph\">{\"@context\":\"https:\\\/\\\/schema.org\",\"@graph\":[{\"@type\":\"Article\",\"@id\":\"https:\\\/\\\/canal7slp.tv\\\/2025\\\/encuentro-de-reflexion-sostuvo-el-arzobispo-jorge-alberto-cavazos-arizpe-con-el-equipo-de-canal-7\\\/#article\",\"isPartOf\":{\"@id\":\"https:\\\/\\\/canal7slp.tv\\\/2025\\\/encuentro-de-reflexion-sostuvo-el-arzobispo-jorge-alberto-cavazos-arizpe-con-el-equipo-de-canal-7\\\/\"},\"author\":{\"name\":\"Edici\u00f3n Web\",\"@id\":\"https:\\\/\\\/canal7slp.tv\\\/2025\\\/#\\\/schema\\\/person\\\/271e2b60a96e7cc9d9ac296f4d7e414b\"},\"headline\":\"Encuentro de reflexi\u00f3n sostuvo el arzobispo, Jorge Alberto Cavazos Arizpe con el equipo de Canal 7\",\"datePublished\":\"2025-05-14T01:21:23+00:00\",\"dateModified\":\"2025-12-10T14:48:53+00:00\",\"mainEntityOfPage\":{\"@id\":\"https:\\\/\\\/canal7slp.tv\\\/2025\\\/encuentro-de-reflexion-sostuvo-el-arzobispo-jorge-alberto-cavazos-arizpe-con-el-equipo-de-canal-7\\\/\"},\"wordCount\":337,\"publisher\":{\"@id\":\"https:\\\/\\\/canal7slp.tv\\\/2025\\\/#organization\"},\"image\":{\"@id\":\"https:\\\/\\\/canal7slp.tv\\\/2025\\\/encuentro-de-reflexion-sostuvo-el-arzobispo-jorge-alberto-cavazos-arizpe-con-el-equipo-de-canal-7\\\/#primaryimage\"},\"thumbnailUrl\":\"https:\\\/\\\/canal7slp.tv\\\/2025\\\/wp-content\\\/uploads\\\/2025\\\/05\\\/Pau01ArzobispoCanal7.jpg\",\"articleSection\":[\"DESTACADAS\",\"Iglesia\",\"LOCALES Y REGIONALES\"],\"inLanguage\":\"es\"},{\"@type\":\"WebPage\",\"@id\":\"https:\\\/\\\/canal7slp.tv\\\/2025\\\/encuentro-de-reflexion-sostuvo-el-arzobispo-jorge-alberto-cavazos-arizpe-con-el-equipo-de-canal-7\\\/\",\"url\":\"https:\\\/\\\/canal7slp.tv\\\/2025\\\/encuentro-de-reflexion-sostuvo-el-arzobispo-jorge-alberto-cavazos-arizpe-con-el-equipo-de-canal-7\\\/\",\"name\":\"Encuentro de reflexi\u00f3n sostuvo el arzobispo, Jorge Alberto Cavazos Arizpe con el equipo de Canal 7 - Canal 7 SLP - 2025\",\"isPartOf\":{\"@id\":\"https:\\\/\\\/canal7slp.tv\\\/2025\\\/#website\"},\"primaryImageOfPage\":{\"@id\":\"https:\\\/\\\/canal7slp.tv\\\/2025\\\/encuentro-de-reflexion-sostuvo-el-arzobispo-jorge-alberto-cavazos-arizpe-con-el-equipo-de-canal-7\\\/#primaryimage\"},\"image\":{\"@id\":\"https:\\\/\\\/canal7slp.tv\\\/2025\\\/encuentro-de-reflexion-sostuvo-el-arzobispo-jorge-alberto-cavazos-arizpe-con-el-equipo-de-canal-7\\\/#primaryimage\"},\"thumbnailUrl\":\"https:\\\/\\\/canal7slp.tv\\\/2025\\\/wp-content\\\/uploads\\\/2025\\\/05\\\/Pau01ArzobispoCanal7.jpg\",\"datePublished\":\"2025-05-14T01:21:23+00:00\",\"dateModified\":\"2025-12-10T14:48:53+00:00\",\"breadcrumb\":{\"@id\":\"https:\\\/\\\/canal7slp.tv\\\/2025\\\/encuentro-de-reflexion-sostuvo-el-arzobispo-jorge-alberto-cavazos-arizpe-con-el-equipo-de-canal-7\\\/#breadcrumb\"},\"inLanguage\":\"es\",\"potentialAction\":[{\"@type\":\"ReadAction\",\"target\":[\"https:\\\/\\\/canal7slp.tv\\\/2025\\\/encuentro-de-reflexion-sostuvo-el-arzobispo-jorge-alberto-cavazos-arizpe-con-el-equipo-de-canal-7\\\/\"]}]},{\"@type\":\"ImageObject\",\"inLanguage\":\"es\",\"@id\":\"https:\\\/\\\/canal7slp.tv\\\/2025\\\/encuentro-de-reflexion-sostuvo-el-arzobispo-jorge-alberto-cavazos-arizpe-con-el-equipo-de-canal-7\\\/#primaryimage\",\"url\":\"https:\\\/\\\/canal7slp.tv\\\/2025\\\/wp-content\\\/uploads\\\/2025\\\/05\\\/Pau01ArzobispoCanal7.jpg\",\"contentUrl\":\"https:\\\/\\\/canal7slp.tv\\\/2025\\\/wp-content\\\/uploads\\\/2025\\\/05\\\/Pau01ArzobispoCanal7.jpg\",\"width\":1280,\"height\":720},{\"@type\":\"BreadcrumbList\",\"@id\":\"https:\\\/\\\/canal7slp.tv\\\/2025\\\/encuentro-de-reflexion-sostuvo-el-arzobispo-jorge-alberto-cavazos-arizpe-con-el-equipo-de-canal-7\\\/#breadcrumb\",\"itemListElement\":[{\"@type\":\"ListItem\",\"position\":1,\"name\":\"Portada\",\"item\":\"https:\\\/\\\/canal7slp.tv\\\/2025\\\/\"},{\"@type\":\"ListItem\",\"position\":2,\"name\":\"Encuentro de reflexi\u00f3n sostuvo el arzobispo, Jorge Alberto Cavazos Arizpe con el equipo de Canal 7\"}]},{\"@type\":\"WebSite\",\"@id\":\"https:\\\/\\\/canal7slp.tv\\\/2025\\\/#website\",\"url\":\"https:\\\/\\\/canal7slp.tv\\\/2025\\\/\",\"name\":\"N7 - Noticieros Canal 7\",\"description\":\"Somos el Medio\",\"publisher\":{\"@id\":\"https:\\\/\\\/canal7slp.tv\\\/2025\\\/#organization\"},\"potentialAction\":[{\"@type\":\"SearchAction\",\"target\":{\"@type\":\"EntryPoint\",\"urlTemplate\":\"https:\\\/\\\/canal7slp.tv\\\/2025\\\/?s={search_term_string}\"},\"query-input\":{\"@type\":\"PropertyValueSpecification\",\"valueRequired\":true,\"valueName\":\"search_term_string\"}}],\"inLanguage\":\"es\"},{\"@type\":\"Organization\",\"@id\":\"https:\\\/\\\/canal7slp.tv\\\/2025\\\/#organization\",\"name\":\"Noticieros Canal 7\",\"url\":\"https:\\\/\\\/canal7slp.tv\\\/2025\\\/\",\"logo\":{\"@type\":\"ImageObject\",\"inLanguage\":\"es\",\"@id\":\"https:\\\/\\\/canal7slp.tv\\\/2025\\\/#\\\/schema\\\/logo\\\/image\\\/\",\"url\":\"https:\\\/\\\/canal7slp.tv\\\/2025\\\/wp-content\\\/uploads\\\/2021\\\/01\\\/logo-noticieros@2x.png\",\"contentUrl\":\"https:\\\/\\\/canal7slp.tv\\\/2025\\\/wp-content\\\/uploads\\\/2021\\\/01\\\/logo-noticieros@2x.png\",\"width\":1017,\"height\":268,\"caption\":\"Noticieros Canal 7\"},\"image\":{\"@id\":\"https:\\\/\\\/canal7slp.tv\\\/2025\\\/#\\\/schema\\\/logo\\\/image\\\/\"},\"sameAs\":[\"https:\\\/\\\/www.facebook.com\\\/noticieroscanal7atencionciudadana\\\/\",\"https:\\\/\\\/x.com\\\/NOTICIEROS7\",\"https:\\\/\\\/www.instagram.com\\\/canal7_slp\",\"https:\\\/\\\/www.youtube.com\\\/channel\\\/UCliiYs-gP3JfJeqdPrNdd5A\"]},{\"@type\":\"Person\",\"@id\":\"https:\\\/\\\/canal7slp.tv\\\/2025\\\/#\\\/schema\\\/person\\\/271e2b60a96e7cc9d9ac296f4d7e414b\",\"name\":\"Edici\u00f3n Web\",\"image\":{\"@type\":\"ImageObject\",\"inLanguage\":\"es\",\"@id\":\"https:\\\/\\\/secure.gravatar.com\\\/avatar\\\/eee448fc3f7164808013b816ba91ac7e43bbe82a70bebac296f8bc6f0addaa1a?s=96&d=mm&r=g\",\"url\":\"https:\\\/\\\/secure.gravatar.com\\\/avatar\\\/eee448fc3f7164808013b816ba91ac7e43bbe82a70bebac296f8bc6f0addaa1a?s=96&d=mm&r=g\",\"contentUrl\":\"https:\\\/\\\/secure.gravatar.com\\\/avatar\\\/eee448fc3f7164808013b816ba91ac7e43bbe82a70bebac296f8bc6f0addaa1a?s=96&d=mm&r=g\",\"caption\":\"Edici\u00f3n Web\"},\"url\":\"https:\\\/\\\/canal7slp.tv\\\/2025\\\/author\\\/edicionweb\\\/\"}]}<\/script>\n<!-- \/ Yoast SEO plugin. -->","yoast_head_json":{"title":"Encuentro de reflexi\u00f3n sostuvo el arzobispo, Jorge Alberto Cavazos Arizpe con el equipo de Canal 7 - Canal 7 SLP - 2025","robots":{"index":"index","follow":"follow","max-snippet":"max-snippet:-1","max-image-preview":"max-image-preview:large","max-video-preview":"max-video-preview:-1"},"canonical":"https:\/\/canal7slp.tv\/2025\/encuentro-de-reflexion-sostuvo-el-arzobispo-jorge-alberto-cavazos-arizpe-con-el-equipo-de-canal-7\/","og_locale":"es_ES","og_type":"article","og_title":"Encuentro de reflexi\u00f3n sostuvo el arzobispo, Jorge Alberto Cavazos Arizpe con el equipo de Canal 7 - Canal 7 SLP - 2025","og_description":"SLP.- En el marco del A\u00f1o Jubilar 2025 -centrado en la comunicaci\u00f3n- el Arzobispo de San Luis Potos\u00ed, Jorge Alberto Cavazos Arizpe visit\u00f3 las instalaciones de Canal 7 -donde convivi\u00f3 y dio muestras de aliento a personal administrativo, de seguridad, reporteros, productores, editores, camar\u00f3grafos, operativos, t\u00e9cnicos, de conducci\u00f3n, m\u00e1ster, continuidad, de p\u00e1gina web- a quienes ofreci\u00f3 un momento de reflexi\u00f3n sobre las causas que la comunicaci\u00f3n abraza, como si de un per\u00edodo de gracia se tratara en medio de un tiempo para tantos incierto. Destac\u00f3 la labor de Canal 7, al tener como base que la comunicaci\u00f3n se liga a [&hellip;]","og_url":"https:\/\/canal7slp.tv\/2025\/encuentro-de-reflexion-sostuvo-el-arzobispo-jorge-alberto-cavazos-arizpe-con-el-equipo-de-canal-7\/","og_site_name":"Canal 7 SLP - 2025","article_publisher":"https:\/\/www.facebook.com\/noticieroscanal7atencionciudadana\/","article_published_time":"2025-05-14T01:21:23+00:00","article_modified_time":"2025-12-10T14:48:53+00:00","og_image":[{"width":1280,"height":720,"url":"https:\/\/canal7slp.tv\/2025\/wp-content\/uploads\/2025\/05\/Pau01ArzobispoCanal7.jpg","type":"image\/jpeg"}],"author":"Edici\u00f3n Web","twitter_card":"summary_large_image","twitter_creator":"@NOTICIEROS7","twitter_site":"@NOTICIEROS7","twitter_misc":{"Escrito por":"Edici\u00f3n Web","Tiempo de lectura":"2 minutos"},"schema":{"@context":"https:\/\/schema.org","@graph":[{"@type":"Article","@id":"https:\/\/canal7slp.tv\/2025\/encuentro-de-reflexion-sostuvo-el-arzobispo-jorge-alberto-cavazos-arizpe-con-el-equipo-de-canal-7\/#article","isPartOf":{"@id":"https:\/\/canal7slp.tv\/2025\/encuentro-de-reflexion-sostuvo-el-arzobispo-jorge-alberto-cavazos-arizpe-con-el-equipo-de-canal-7\/"},"author":{"name":"Edici\u00f3n Web","@id":"https:\/\/canal7slp.tv\/2025\/#\/schema\/person\/271e2b60a96e7cc9d9ac296f4d7e414b"},"headline":"Encuentro de reflexi\u00f3n sostuvo el arzobispo, Jorge Alberto Cavazos Arizpe con el equipo de Canal 7","datePublished":"2025-05-14T01:21:23+00:00","dateModified":"2025-12-10T14:48:53+00:00","mainEntityOfPage":{"@id":"https:\/\/canal7slp.tv\/2025\/encuentro-de-reflexion-sostuvo-el-arzobispo-jorge-alberto-cavazos-arizpe-con-el-equipo-de-canal-7\/"},"wordCount":337,"publisher":{"@id":"https:\/\/canal7slp.tv\/2025\/#organization"},"image":{"@id":"https:\/\/canal7slp.tv\/2025\/encuentro-de-reflexion-sostuvo-el-arzobispo-jorge-alberto-cavazos-arizpe-con-el-equipo-de-canal-7\/#primaryimage"},"thumbnailUrl":"https:\/\/canal7slp.tv\/2025\/wp-content\/uploads\/2025\/05\/Pau01ArzobispoCanal7.jpg","articleSection":["DESTACADAS","Iglesia","LOCALES Y REGIONALES"],"inLanguage":"es"},{"@type":"WebPage","@id":"https:\/\/canal7slp.tv\/2025\/encuentro-de-reflexion-sostuvo-el-arzobispo-jorge-alberto-cavazos-arizpe-con-el-equipo-de-canal-7\/","url":"https:\/\/canal7slp.tv\/2025\/encuentro-de-reflexion-sostuvo-el-arzobispo-jorge-alberto-cavazos-arizpe-con-el-equipo-de-canal-7\/","name":"Encuentro de reflexi\u00f3n sostuvo el arzobispo, Jorge Alberto Cavazos Arizpe con el equipo de Canal 7 - Canal 7 SLP - 2025","isPartOf":{"@id":"https:\/\/canal7slp.tv\/2025\/#website"},"primaryImageOfPage":{"@id":"https:\/\/canal7slp.tv\/2025\/encuentro-de-reflexion-sostuvo-el-arzobispo-jorge-alberto-cavazos-arizpe-con-el-equipo-de-canal-7\/#primaryimage"},"image":{"@id":"https:\/\/canal7slp.tv\/2025\/encuentro-de-reflexion-sostuvo-el-arzobispo-jorge-alberto-cavazos-arizpe-con-el-equipo-de-canal-7\/#primaryimage"},"thumbnailUrl":"https:\/\/canal7slp.tv\/2025\/wp-content\/uploads\/2025\/05\/Pau01ArzobispoCanal7.jpg","datePublished":"2025-05-14T01:21:23+00:00","dateModified":"2025-12-10T14:48:53+00:00","breadcrumb":{"@id":"https:\/\/canal7slp.tv\/2025\/encuentro-de-reflexion-sostuvo-el-arzobispo-jorge-alberto-cavazos-arizpe-con-el-equipo-de-canal-7\/#breadcrumb"},"inLanguage":"es","potentialAction":[{"@type":"ReadAction","target":["https:\/\/canal7slp.tv\/2025\/encuentro-de-reflexion-sostuvo-el-arzobispo-jorge-alberto-cavazos-arizpe-con-el-equipo-de-canal-7\/"]}]},{"@type":"ImageObject","inLanguage":"es","@id":"https:\/\/canal7slp.tv\/2025\/encuentro-de-reflexion-sostuvo-el-arzobispo-jorge-alberto-cavazos-arizpe-con-el-equipo-de-canal-7\/#primaryimage","url":"https:\/\/canal7slp.tv\/2025\/wp-content\/uploads\/2025\/05\/Pau01ArzobispoCanal7.jpg","contentUrl":"https:\/\/canal7slp.tv\/2025\/wp-content\/uploads\/2025\/05\/Pau01ArzobispoCanal7.jpg","width":1280,"height":720},{"@type":"BreadcrumbList","@id":"https:\/\/canal7slp.tv\/2025\/encuentro-de-reflexion-sostuvo-el-arzobispo-jorge-alberto-cavazos-arizpe-con-el-equipo-de-canal-7\/#breadcrumb","itemListElement":[{"@type":"ListItem","position":1,"name":"Portada","item":"https:\/\/canal7slp.tv\/2025\/"},{"@type":"ListItem","position":2,"name":"Encuentro de reflexi\u00f3n sostuvo el arzobispo, Jorge Alberto Cavazos Arizpe con el equipo de Canal 7"}]},{"@type":"WebSite","@id":"https:\/\/canal7slp.tv\/2025\/#website","url":"https:\/\/canal7slp.tv\/2025\/","name":"N7 - Noticieros Canal 7","description":"Somos el Medio","publisher":{"@id":"https:\/\/canal7slp.tv\/2025\/#organization"},"potentialAction":[{"@type":"SearchAction","target":{"@type":"EntryPoint","urlTemplate":"https:\/\/canal7slp.tv\/2025\/?s={search_term_string}"},"query-input":{"@type":"PropertyValueSpecification","valueRequired":true,"valueName":"search_term_string"}}],"inLanguage":"es"},{"@type":"Organization","@id":"https:\/\/canal7slp.tv\/2025\/#organization","name":"Noticieros Canal 7","url":"https:\/\/canal7slp.tv\/2025\/","logo":{"@type":"ImageObject","inLanguage":"es","@id":"https:\/\/canal7slp.tv\/2025\/#\/schema\/logo\/image\/","url":"https:\/\/canal7slp.tv\/2025\/wp-content\/uploads\/2021\/01\/logo-noticieros@2x.png","contentUrl":"https:\/\/canal7slp.tv\/2025\/wp-content\/uploads\/2021\/01\/logo-noticieros@2x.png","width":1017,"height":268,"caption":"Noticieros Canal 7"},"image":{"@id":"https:\/\/canal7slp.tv\/2025\/#\/schema\/logo\/image\/"},"sameAs":["https:\/\/www.facebook.com\/noticieroscanal7atencionciudadana\/","https:\/\/x.com\/NOTICIEROS7","https:\/\/www.instagram.com\/canal7_slp","https:\/\/www.youtube.com\/channel\/UCliiYs-gP3JfJeqdPrNdd5A"]},{"@type":"Person","@id":"https:\/\/canal7slp.tv\/2025\/#\/schema\/person\/271e2b60a96e7cc9d9ac296f4d7e414b","name":"Edici\u00f3n Web","image":{"@type":"ImageObject","inLanguage":"es","@id":"https:\/\/secure.gravatar.com\/avatar\/eee448fc3f7164808013b816ba91ac7e43bbe82a70bebac296f8bc6f0addaa1a?s=96&d=mm&r=g","url":"https:\/\/secure.gravatar.com\/avatar\/eee448fc3f7164808013b816ba91ac7e43bbe82a70bebac296f8bc6f0addaa1a?s=96&d=mm&r=g","contentUrl":"https:\/\/secure.gravatar.com\/avatar\/eee448fc3f7164808013b816ba91ac7e43bbe82a70bebac296f8bc6f0addaa1a?s=96&d=mm&r=g","caption":"Edici\u00f3n Web"},"url":"https:\/\/canal7slp.tv\/2025\/author\/edicionweb\/"}]}},"_links":{"self":[{"href":"https:\/\/canal7slp.tv\/2025\/wp-json\/wp\/v2\/posts\/167518","targetHints":{"allow":["GET"]}}],"collection":[{"href":"https:\/\/canal7slp.tv\/2025\/wp-json\/wp\/v2\/posts"}],"about":[{"href":"https:\/\/canal7slp.tv\/2025\/wp-json\/wp\/v2\/types\/post"}],"author":[{"embeddable":true,"href":"https:\/\/canal7slp.tv\/2025\/wp-json\/wp\/v2\/users\/2"}],"replies":[{"embeddable":true,"href":"https:\/\/canal7slp.tv\/2025\/wp-json\/wp\/v2\/comments?post=167518"}],"version-history":[{"count":1,"href":"https:\/\/canal7slp.tv\/2025\/wp-json\/wp\/v2\/posts\/167518\/revisions"}],"predecessor-version":[{"id":167572,"href":"https:\/\/canal7slp.tv\/2025\/wp-json\/wp\/v2\/posts\/167518\/revisions\/167572"}],"wp:featuredmedia":[{"embeddable":true,"href":"https:\/\/canal7slp.tv\/2025\/wp-json\/wp\/v2\/media\/167548"}],"wp:attachment":[{"href":"https:\/\/canal7slp.tv\/2025\/wp-json\/wp\/v2\/media?parent=167518"}],"wp:term":[{"taxonomy":"category","embeddable":true,"href":"https:\/\/canal7slp.tv\/2025\/wp-json\/wp\/v2\/categories?post=167518"},{"taxonomy":"post_tag","embeddable":true,"href":"https:\/\/canal7slp.tv\/2025\/wp-json\/wp\/v2\/tags?post=167518"}],"curies":[{"name":"wp","href":"https:\/\/api.w.org\/{rel}","templated":true}]}}