{"id":167474,"date":"2025-05-13T19:24:08","date_gmt":"2025-05-14T01:24:08","guid":{"rendered":"https:\/\/canal7slp.tv\/2025\/?p=167474"},"modified":"2025-05-13T19:24:08","modified_gmt":"2025-05-14T01:24:08","slug":"desprende-placa-lateral-de-puente-de-prados-a-un-ano-de-inauguracion-ya-hay-colapsos","status":"publish","type":"post","link":"https:\/\/canal7slp.tv\/2025\/desprende-placa-lateral-de-puente-de-prados-a-un-ano-de-inauguracion-ya-hay-colapsos\/","title":{"rendered":"Desprende placa lateral de puente de Prados; a un a\u00f1o de inauguraci\u00f3n ya hay colapsos"},"content":{"rendered":"<p style=\"text-align: justify;\"><span style=\"font-size: 1.21429rem;\">SLP.- Desprendimientos present\u00f3 el muro del puente de Perif\u00e9rico y la calle 71.<\/span><\/p>\n<p style=\"text-align: justify;\">El material originalmente compactado sali\u00f3 por un costado -hacia la lateral, a la altura de la calle 65-.<\/p>\n<p style=\"text-align: justify;\">Al sitio correspondiente a Prados arrib\u00f3 personal de Guardia Civil Estatal de la Divisi\u00f3n Caminos.<\/p>\n<p style=\"text-align: justify;\">Con sus unidades resguardaron el carril donde el material estaba esparcido para desviar los veh\u00edculos.<\/p>\n<p style=\"text-align: justify;\">Posteriormente llegaron trabajadores con chalecos, que \u00fanicamente ten\u00edan la leyenda SICCA.<\/p>\n<p style=\"text-align: justify;\">Utilizaron palas e inspeccionaron el \u00e1rea.<\/p>\n<p style=\"text-align: justify;\">De acuerdo con autoridades estatales se trat\u00f3 de un vicio oculto en las placas prefabricadas.<\/p>\n<p style=\"text-align: justify;\">Fue insistido que no hab\u00eda da\u00f1o estructural.<\/p>\n<p style=\"text-align: justify;\">Tanto por la hora como la reducci\u00f3n de carril en la lateral, tr\u00e1fico se registr\u00f3 en inmediaciones del puente apenas inaugurado el a\u00f1o pasado.<\/p>\n<p style=\"text-align: justify;\">Es de recordarse que la ejecuci\u00f3n del proyecto fue prolongada -en una zona donde mismas autoridades han afirmado que circulan diariamente 250 mil coches-.<\/p>\n<p style=\"text-align: justify;\">En su momento, autoridades reportaron una inversi\u00f3n que habr\u00eda rondado en 400 millones de pesos y ahora, una parte del muro colaps\u00f3.<\/p>\n<p>Por: Paulina Rodr\u00edguez<\/p>\n","protected":false},"excerpt":{"rendered":"<p>SLP.- Desprendimientos present\u00f3 el muro del puente de Perif\u00e9rico y la calle 71. El material originalmente compactado sali\u00f3 por un costado -hacia la lateral, a la altura de la calle 65-. Al sitio correspondiente a Prados arrib\u00f3 personal de Guardia Civil Estatal de la Divisi\u00f3n Caminos. Con sus unidades resguardaron el carril donde el material estaba esparcido para desviar los veh\u00edculos. Posteriormente llegaron trabajadores con chalecos, que \u00fanicamente ten\u00edan la leyenda SICCA. Utilizaron palas e inspeccionaron el \u00e1rea. De acuerdo con autoridades estatales se trat\u00f3 de un vicio oculto en las placas prefabricadas. Fue insistido que no hab\u00eda da\u00f1o estructural. [&hellip;]<\/p>\n","protected":false},"author":2,"featured_media":167507,"comment_status":"closed","ping_status":"closed","sticky":false,"template":"","format":"video","meta":{"_monsterinsights_skip_tracking":false,"_monsterinsights_sitenote_active":false,"_monsterinsights_sitenote_note":"","_monsterinsights_sitenote_category":0,"footnotes":""},"categories":[5,45],"tags":[],"class_list":["post-167474","post","type-post","status-publish","format-video","has-post-thumbnail","hentry","category-destacadas","category-localesyregionales","post_format-post-format-video","post--single"],"yoast_head":"<!-- This site is optimized with the Yoast SEO plugin v27.4 - https:\/\/yoast.com\/product\/yoast-seo-wordpress\/ -->\n<title>Desprende placa lateral de puente de Prados; a un a\u00f1o de inauguraci\u00f3n ya hay colapsos - Canal 7 SLP - 2025<\/title>\n<meta name=\"robots\" content=\"index, follow, max-snippet:-1, max-image-preview:large, max-video-preview:-1\" \/>\n<link rel=\"canonical\" href=\"https:\/\/canal7slp.tv\/2025\/desprende-placa-lateral-de-puente-de-prados-a-un-ano-de-inauguracion-ya-hay-colapsos\/\" \/>\n<meta property=\"og:locale\" content=\"es_ES\" \/>\n<meta property=\"og:type\" content=\"article\" \/>\n<meta property=\"og:title\" content=\"Desprende placa lateral de puente de Prados; a un a\u00f1o de inauguraci\u00f3n ya hay colapsos - Canal 7 SLP - 2025\" \/>\n<meta property=\"og:description\" content=\"SLP.- Desprendimientos present\u00f3 el muro del puente de Perif\u00e9rico y la calle 71. El material originalmente compactado sali\u00f3 por un costado -hacia la lateral, a la altura de la calle 65-. Al sitio correspondiente a Prados arrib\u00f3 personal de Guardia Civil Estatal de la Divisi\u00f3n Caminos. Con sus unidades resguardaron el carril donde el material estaba esparcido para desviar los veh\u00edculos. Posteriormente llegaron trabajadores con chalecos, que \u00fanicamente ten\u00edan la leyenda SICCA. Utilizaron palas e inspeccionaron el \u00e1rea. De acuerdo con autoridades estatales se trat\u00f3 de un vicio oculto en las placas prefabricadas. Fue insistido que no hab\u00eda da\u00f1o estructural. [&hellip;]\" \/>\n<meta property=\"og:url\" content=\"https:\/\/canal7slp.tv\/2025\/desprende-placa-lateral-de-puente-de-prados-a-un-ano-de-inauguracion-ya-hay-colapsos\/\" \/>\n<meta property=\"og:site_name\" content=\"Canal 7 SLP - 2025\" \/>\n<meta property=\"article:publisher\" content=\"https:\/\/www.facebook.com\/noticieroscanal7atencionciudadana\/\" \/>\n<meta property=\"article:published_time\" content=\"2025-05-14T01:24:08+00:00\" \/>\n<meta property=\"og:image\" content=\"https:\/\/canal7slp.tv\/2025\/wp-content\/uploads\/2025\/05\/Pau0MuroPuente.jpg\" \/>\n\t<meta property=\"og:image:width\" content=\"1280\" \/>\n\t<meta property=\"og:image:height\" content=\"720\" \/>\n\t<meta property=\"og:image:type\" content=\"image\/jpeg\" \/>\n<meta name=\"author\" content=\"Edici\u00f3n Web\" \/>\n<meta name=\"twitter:card\" content=\"summary_large_image\" \/>\n<meta name=\"twitter:creator\" content=\"@NOTICIEROS7\" \/>\n<meta name=\"twitter:site\" content=\"@NOTICIEROS7\" \/>\n<meta name=\"twitter:label1\" content=\"Escrito por\" \/>\n\t<meta name=\"twitter:data1\" content=\"Edici\u00f3n Web\" \/>\n\t<meta name=\"twitter:label2\" content=\"Tiempo de lectura\" \/>\n\t<meta name=\"twitter:data2\" content=\"1 minuto\" \/>\n<script type=\"application\/ld+json\" class=\"yoast-schema-graph\">{\"@context\":\"https:\\\/\\\/schema.org\",\"@graph\":[{\"@type\":\"Article\",\"@id\":\"https:\\\/\\\/canal7slp.tv\\\/2025\\\/desprende-placa-lateral-de-puente-de-prados-a-un-ano-de-inauguracion-ya-hay-colapsos\\\/#article\",\"isPartOf\":{\"@id\":\"https:\\\/\\\/canal7slp.tv\\\/2025\\\/desprende-placa-lateral-de-puente-de-prados-a-un-ano-de-inauguracion-ya-hay-colapsos\\\/\"},\"author\":{\"name\":\"Edici\u00f3n Web\",\"@id\":\"https:\\\/\\\/canal7slp.tv\\\/2025\\\/#\\\/schema\\\/person\\\/271e2b60a96e7cc9d9ac296f4d7e414b\"},\"headline\":\"Desprende placa lateral de puente de Prados; a un a\u00f1o de inauguraci\u00f3n ya hay colapsos\",\"datePublished\":\"2025-05-14T01:24:08+00:00\",\"mainEntityOfPage\":{\"@id\":\"https:\\\/\\\/canal7slp.tv\\\/2025\\\/desprende-placa-lateral-de-puente-de-prados-a-un-ano-de-inauguracion-ya-hay-colapsos\\\/\"},\"wordCount\":201,\"publisher\":{\"@id\":\"https:\\\/\\\/canal7slp.tv\\\/2025\\\/#organization\"},\"image\":{\"@id\":\"https:\\\/\\\/canal7slp.tv\\\/2025\\\/desprende-placa-lateral-de-puente-de-prados-a-un-ano-de-inauguracion-ya-hay-colapsos\\\/#primaryimage\"},\"thumbnailUrl\":\"https:\\\/\\\/canal7slp.tv\\\/2025\\\/wp-content\\\/uploads\\\/2025\\\/05\\\/Pau0MuroPuente.jpg\",\"articleSection\":[\"DESTACADAS\",\"LOCALES Y REGIONALES\"],\"inLanguage\":\"es\"},{\"@type\":\"WebPage\",\"@id\":\"https:\\\/\\\/canal7slp.tv\\\/2025\\\/desprende-placa-lateral-de-puente-de-prados-a-un-ano-de-inauguracion-ya-hay-colapsos\\\/\",\"url\":\"https:\\\/\\\/canal7slp.tv\\\/2025\\\/desprende-placa-lateral-de-puente-de-prados-a-un-ano-de-inauguracion-ya-hay-colapsos\\\/\",\"name\":\"Desprende placa lateral de puente de Prados; a un a\u00f1o de inauguraci\u00f3n ya hay colapsos - Canal 7 SLP - 2025\",\"isPartOf\":{\"@id\":\"https:\\\/\\\/canal7slp.tv\\\/2025\\\/#website\"},\"primaryImageOfPage\":{\"@id\":\"https:\\\/\\\/canal7slp.tv\\\/2025\\\/desprende-placa-lateral-de-puente-de-prados-a-un-ano-de-inauguracion-ya-hay-colapsos\\\/#primaryimage\"},\"image\":{\"@id\":\"https:\\\/\\\/canal7slp.tv\\\/2025\\\/desprende-placa-lateral-de-puente-de-prados-a-un-ano-de-inauguracion-ya-hay-colapsos\\\/#primaryimage\"},\"thumbnailUrl\":\"https:\\\/\\\/canal7slp.tv\\\/2025\\\/wp-content\\\/uploads\\\/2025\\\/05\\\/Pau0MuroPuente.jpg\",\"datePublished\":\"2025-05-14T01:24:08+00:00\",\"breadcrumb\":{\"@id\":\"https:\\\/\\\/canal7slp.tv\\\/2025\\\/desprende-placa-lateral-de-puente-de-prados-a-un-ano-de-inauguracion-ya-hay-colapsos\\\/#breadcrumb\"},\"inLanguage\":\"es\",\"potentialAction\":[{\"@type\":\"ReadAction\",\"target\":[\"https:\\\/\\\/canal7slp.tv\\\/2025\\\/desprende-placa-lateral-de-puente-de-prados-a-un-ano-de-inauguracion-ya-hay-colapsos\\\/\"]}]},{\"@type\":\"ImageObject\",\"inLanguage\":\"es\",\"@id\":\"https:\\\/\\\/canal7slp.tv\\\/2025\\\/desprende-placa-lateral-de-puente-de-prados-a-un-ano-de-inauguracion-ya-hay-colapsos\\\/#primaryimage\",\"url\":\"https:\\\/\\\/canal7slp.tv\\\/2025\\\/wp-content\\\/uploads\\\/2025\\\/05\\\/Pau0MuroPuente.jpg\",\"contentUrl\":\"https:\\\/\\\/canal7slp.tv\\\/2025\\\/wp-content\\\/uploads\\\/2025\\\/05\\\/Pau0MuroPuente.jpg\",\"width\":1280,\"height\":720},{\"@type\":\"BreadcrumbList\",\"@id\":\"https:\\\/\\\/canal7slp.tv\\\/2025\\\/desprende-placa-lateral-de-puente-de-prados-a-un-ano-de-inauguracion-ya-hay-colapsos\\\/#breadcrumb\",\"itemListElement\":[{\"@type\":\"ListItem\",\"position\":1,\"name\":\"Portada\",\"item\":\"https:\\\/\\\/canal7slp.tv\\\/2025\\\/\"},{\"@type\":\"ListItem\",\"position\":2,\"name\":\"Desprende placa lateral de puente de Prados; a un a\u00f1o de inauguraci\u00f3n ya hay colapsos\"}]},{\"@type\":\"WebSite\",\"@id\":\"https:\\\/\\\/canal7slp.tv\\\/2025\\\/#website\",\"url\":\"https:\\\/\\\/canal7slp.tv\\\/2025\\\/\",\"name\":\"N7 - Noticieros Canal 7\",\"description\":\"Somos el Medio\",\"publisher\":{\"@id\":\"https:\\\/\\\/canal7slp.tv\\\/2025\\\/#organization\"},\"potentialAction\":[{\"@type\":\"SearchAction\",\"target\":{\"@type\":\"EntryPoint\",\"urlTemplate\":\"https:\\\/\\\/canal7slp.tv\\\/2025\\\/?s={search_term_string}\"},\"query-input\":{\"@type\":\"PropertyValueSpecification\",\"valueRequired\":true,\"valueName\":\"search_term_string\"}}],\"inLanguage\":\"es\"},{\"@type\":\"Organization\",\"@id\":\"https:\\\/\\\/canal7slp.tv\\\/2025\\\/#organization\",\"name\":\"Noticieros Canal 7\",\"url\":\"https:\\\/\\\/canal7slp.tv\\\/2025\\\/\",\"logo\":{\"@type\":\"ImageObject\",\"inLanguage\":\"es\",\"@id\":\"https:\\\/\\\/canal7slp.tv\\\/2025\\\/#\\\/schema\\\/logo\\\/image\\\/\",\"url\":\"https:\\\/\\\/canal7slp.tv\\\/2025\\\/wp-content\\\/uploads\\\/2021\\\/01\\\/logo-noticieros@2x.png\",\"contentUrl\":\"https:\\\/\\\/canal7slp.tv\\\/2025\\\/wp-content\\\/uploads\\\/2021\\\/01\\\/logo-noticieros@2x.png\",\"width\":1017,\"height\":268,\"caption\":\"Noticieros Canal 7\"},\"image\":{\"@id\":\"https:\\\/\\\/canal7slp.tv\\\/2025\\\/#\\\/schema\\\/logo\\\/image\\\/\"},\"sameAs\":[\"https:\\\/\\\/www.facebook.com\\\/noticieroscanal7atencionciudadana\\\/\",\"https:\\\/\\\/x.com\\\/NOTICIEROS7\",\"https:\\\/\\\/www.instagram.com\\\/canal7_slp\",\"https:\\\/\\\/www.youtube.com\\\/channel\\\/UCliiYs-gP3JfJeqdPrNdd5A\"]},{\"@type\":\"Person\",\"@id\":\"https:\\\/\\\/canal7slp.tv\\\/2025\\\/#\\\/schema\\\/person\\\/271e2b60a96e7cc9d9ac296f4d7e414b\",\"name\":\"Edici\u00f3n Web\",\"image\":{\"@type\":\"ImageObject\",\"inLanguage\":\"es\",\"@id\":\"https:\\\/\\\/secure.gravatar.com\\\/avatar\\\/eee448fc3f7164808013b816ba91ac7e43bbe82a70bebac296f8bc6f0addaa1a?s=96&d=mm&r=g\",\"url\":\"https:\\\/\\\/secure.gravatar.com\\\/avatar\\\/eee448fc3f7164808013b816ba91ac7e43bbe82a70bebac296f8bc6f0addaa1a?s=96&d=mm&r=g\",\"contentUrl\":\"https:\\\/\\\/secure.gravatar.com\\\/avatar\\\/eee448fc3f7164808013b816ba91ac7e43bbe82a70bebac296f8bc6f0addaa1a?s=96&d=mm&r=g\",\"caption\":\"Edici\u00f3n Web\"},\"url\":\"https:\\\/\\\/canal7slp.tv\\\/2025\\\/author\\\/edicionweb\\\/\"}]}<\/script>\n<!-- \/ Yoast SEO plugin. -->","yoast_head_json":{"title":"Desprende placa lateral de puente de Prados; a un a\u00f1o de inauguraci\u00f3n ya hay colapsos - Canal 7 SLP - 2025","robots":{"index":"index","follow":"follow","max-snippet":"max-snippet:-1","max-image-preview":"max-image-preview:large","max-video-preview":"max-video-preview:-1"},"canonical":"https:\/\/canal7slp.tv\/2025\/desprende-placa-lateral-de-puente-de-prados-a-un-ano-de-inauguracion-ya-hay-colapsos\/","og_locale":"es_ES","og_type":"article","og_title":"Desprende placa lateral de puente de Prados; a un a\u00f1o de inauguraci\u00f3n ya hay colapsos - Canal 7 SLP - 2025","og_description":"SLP.- Desprendimientos present\u00f3 el muro del puente de Perif\u00e9rico y la calle 71. El material originalmente compactado sali\u00f3 por un costado -hacia la lateral, a la altura de la calle 65-. Al sitio correspondiente a Prados arrib\u00f3 personal de Guardia Civil Estatal de la Divisi\u00f3n Caminos. Con sus unidades resguardaron el carril donde el material estaba esparcido para desviar los veh\u00edculos. Posteriormente llegaron trabajadores con chalecos, que \u00fanicamente ten\u00edan la leyenda SICCA. Utilizaron palas e inspeccionaron el \u00e1rea. De acuerdo con autoridades estatales se trat\u00f3 de un vicio oculto en las placas prefabricadas. Fue insistido que no hab\u00eda da\u00f1o estructural. [&hellip;]","og_url":"https:\/\/canal7slp.tv\/2025\/desprende-placa-lateral-de-puente-de-prados-a-un-ano-de-inauguracion-ya-hay-colapsos\/","og_site_name":"Canal 7 SLP - 2025","article_publisher":"https:\/\/www.facebook.com\/noticieroscanal7atencionciudadana\/","article_published_time":"2025-05-14T01:24:08+00:00","og_image":[{"width":1280,"height":720,"url":"https:\/\/canal7slp.tv\/2025\/wp-content\/uploads\/2025\/05\/Pau0MuroPuente.jpg","type":"image\/jpeg"}],"author":"Edici\u00f3n Web","twitter_card":"summary_large_image","twitter_creator":"@NOTICIEROS7","twitter_site":"@NOTICIEROS7","twitter_misc":{"Escrito por":"Edici\u00f3n Web","Tiempo de lectura":"1 minuto"},"schema":{"@context":"https:\/\/schema.org","@graph":[{"@type":"Article","@id":"https:\/\/canal7slp.tv\/2025\/desprende-placa-lateral-de-puente-de-prados-a-un-ano-de-inauguracion-ya-hay-colapsos\/#article","isPartOf":{"@id":"https:\/\/canal7slp.tv\/2025\/desprende-placa-lateral-de-puente-de-prados-a-un-ano-de-inauguracion-ya-hay-colapsos\/"},"author":{"name":"Edici\u00f3n Web","@id":"https:\/\/canal7slp.tv\/2025\/#\/schema\/person\/271e2b60a96e7cc9d9ac296f4d7e414b"},"headline":"Desprende placa lateral de puente de Prados; a un a\u00f1o de inauguraci\u00f3n ya hay colapsos","datePublished":"2025-05-14T01:24:08+00:00","mainEntityOfPage":{"@id":"https:\/\/canal7slp.tv\/2025\/desprende-placa-lateral-de-puente-de-prados-a-un-ano-de-inauguracion-ya-hay-colapsos\/"},"wordCount":201,"publisher":{"@id":"https:\/\/canal7slp.tv\/2025\/#organization"},"image":{"@id":"https:\/\/canal7slp.tv\/2025\/desprende-placa-lateral-de-puente-de-prados-a-un-ano-de-inauguracion-ya-hay-colapsos\/#primaryimage"},"thumbnailUrl":"https:\/\/canal7slp.tv\/2025\/wp-content\/uploads\/2025\/05\/Pau0MuroPuente.jpg","articleSection":["DESTACADAS","LOCALES Y REGIONALES"],"inLanguage":"es"},{"@type":"WebPage","@id":"https:\/\/canal7slp.tv\/2025\/desprende-placa-lateral-de-puente-de-prados-a-un-ano-de-inauguracion-ya-hay-colapsos\/","url":"https:\/\/canal7slp.tv\/2025\/desprende-placa-lateral-de-puente-de-prados-a-un-ano-de-inauguracion-ya-hay-colapsos\/","name":"Desprende placa lateral de puente de Prados; a un a\u00f1o de inauguraci\u00f3n ya hay colapsos - Canal 7 SLP - 2025","isPartOf":{"@id":"https:\/\/canal7slp.tv\/2025\/#website"},"primaryImageOfPage":{"@id":"https:\/\/canal7slp.tv\/2025\/desprende-placa-lateral-de-puente-de-prados-a-un-ano-de-inauguracion-ya-hay-colapsos\/#primaryimage"},"image":{"@id":"https:\/\/canal7slp.tv\/2025\/desprende-placa-lateral-de-puente-de-prados-a-un-ano-de-inauguracion-ya-hay-colapsos\/#primaryimage"},"thumbnailUrl":"https:\/\/canal7slp.tv\/2025\/wp-content\/uploads\/2025\/05\/Pau0MuroPuente.jpg","datePublished":"2025-05-14T01:24:08+00:00","breadcrumb":{"@id":"https:\/\/canal7slp.tv\/2025\/desprende-placa-lateral-de-puente-de-prados-a-un-ano-de-inauguracion-ya-hay-colapsos\/#breadcrumb"},"inLanguage":"es","potentialAction":[{"@type":"ReadAction","target":["https:\/\/canal7slp.tv\/2025\/desprende-placa-lateral-de-puente-de-prados-a-un-ano-de-inauguracion-ya-hay-colapsos\/"]}]},{"@type":"ImageObject","inLanguage":"es","@id":"https:\/\/canal7slp.tv\/2025\/desprende-placa-lateral-de-puente-de-prados-a-un-ano-de-inauguracion-ya-hay-colapsos\/#primaryimage","url":"https:\/\/canal7slp.tv\/2025\/wp-content\/uploads\/2025\/05\/Pau0MuroPuente.jpg","contentUrl":"https:\/\/canal7slp.tv\/2025\/wp-content\/uploads\/2025\/05\/Pau0MuroPuente.jpg","width":1280,"height":720},{"@type":"BreadcrumbList","@id":"https:\/\/canal7slp.tv\/2025\/desprende-placa-lateral-de-puente-de-prados-a-un-ano-de-inauguracion-ya-hay-colapsos\/#breadcrumb","itemListElement":[{"@type":"ListItem","position":1,"name":"Portada","item":"https:\/\/canal7slp.tv\/2025\/"},{"@type":"ListItem","position":2,"name":"Desprende placa lateral de puente de Prados; a un a\u00f1o de inauguraci\u00f3n ya hay colapsos"}]},{"@type":"WebSite","@id":"https:\/\/canal7slp.tv\/2025\/#website","url":"https:\/\/canal7slp.tv\/2025\/","name":"N7 - Noticieros Canal 7","description":"Somos el Medio","publisher":{"@id":"https:\/\/canal7slp.tv\/2025\/#organization"},"potentialAction":[{"@type":"SearchAction","target":{"@type":"EntryPoint","urlTemplate":"https:\/\/canal7slp.tv\/2025\/?s={search_term_string}"},"query-input":{"@type":"PropertyValueSpecification","valueRequired":true,"valueName":"search_term_string"}}],"inLanguage":"es"},{"@type":"Organization","@id":"https:\/\/canal7slp.tv\/2025\/#organization","name":"Noticieros Canal 7","url":"https:\/\/canal7slp.tv\/2025\/","logo":{"@type":"ImageObject","inLanguage":"es","@id":"https:\/\/canal7slp.tv\/2025\/#\/schema\/logo\/image\/","url":"https:\/\/canal7slp.tv\/2025\/wp-content\/uploads\/2021\/01\/logo-noticieros@2x.png","contentUrl":"https:\/\/canal7slp.tv\/2025\/wp-content\/uploads\/2021\/01\/logo-noticieros@2x.png","width":1017,"height":268,"caption":"Noticieros Canal 7"},"image":{"@id":"https:\/\/canal7slp.tv\/2025\/#\/schema\/logo\/image\/"},"sameAs":["https:\/\/www.facebook.com\/noticieroscanal7atencionciudadana\/","https:\/\/x.com\/NOTICIEROS7","https:\/\/www.instagram.com\/canal7_slp","https:\/\/www.youtube.com\/channel\/UCliiYs-gP3JfJeqdPrNdd5A"]},{"@type":"Person","@id":"https:\/\/canal7slp.tv\/2025\/#\/schema\/person\/271e2b60a96e7cc9d9ac296f4d7e414b","name":"Edici\u00f3n Web","image":{"@type":"ImageObject","inLanguage":"es","@id":"https:\/\/secure.gravatar.com\/avatar\/eee448fc3f7164808013b816ba91ac7e43bbe82a70bebac296f8bc6f0addaa1a?s=96&d=mm&r=g","url":"https:\/\/secure.gravatar.com\/avatar\/eee448fc3f7164808013b816ba91ac7e43bbe82a70bebac296f8bc6f0addaa1a?s=96&d=mm&r=g","contentUrl":"https:\/\/secure.gravatar.com\/avatar\/eee448fc3f7164808013b816ba91ac7e43bbe82a70bebac296f8bc6f0addaa1a?s=96&d=mm&r=g","caption":"Edici\u00f3n Web"},"url":"https:\/\/canal7slp.tv\/2025\/author\/edicionweb\/"}]}},"_links":{"self":[{"href":"https:\/\/canal7slp.tv\/2025\/wp-json\/wp\/v2\/posts\/167474","targetHints":{"allow":["GET"]}}],"collection":[{"href":"https:\/\/canal7slp.tv\/2025\/wp-json\/wp\/v2\/posts"}],"about":[{"href":"https:\/\/canal7slp.tv\/2025\/wp-json\/wp\/v2\/types\/post"}],"author":[{"embeddable":true,"href":"https:\/\/canal7slp.tv\/2025\/wp-json\/wp\/v2\/users\/2"}],"replies":[{"embeddable":true,"href":"https:\/\/canal7slp.tv\/2025\/wp-json\/wp\/v2\/comments?post=167474"}],"version-history":[{"count":2,"href":"https:\/\/canal7slp.tv\/2025\/wp-json\/wp\/v2\/posts\/167474\/revisions"}],"predecessor-version":[{"id":167574,"href":"https:\/\/canal7slp.tv\/2025\/wp-json\/wp\/v2\/posts\/167474\/revisions\/167574"}],"wp:featuredmedia":[{"embeddable":true,"href":"https:\/\/canal7slp.tv\/2025\/wp-json\/wp\/v2\/media\/167507"}],"wp:attachment":[{"href":"https:\/\/canal7slp.tv\/2025\/wp-json\/wp\/v2\/media?parent=167474"}],"wp:term":[{"taxonomy":"category","embeddable":true,"href":"https:\/\/canal7slp.tv\/2025\/wp-json\/wp\/v2\/categories?post=167474"},{"taxonomy":"post_tag","embeddable":true,"href":"https:\/\/canal7slp.tv\/2025\/wp-json\/wp\/v2\/tags?post=167474"}],"curies":[{"name":"wp","href":"https:\/\/api.w.org\/{rel}","templated":true}]}}