{"id":167433,"date":"2025-05-13T18:49:02","date_gmt":"2025-05-14T00:49:02","guid":{"rendered":"https:\/\/canal7slp.tv\/2025\/?p=167433"},"modified":"2025-05-13T18:49:02","modified_gmt":"2025-05-14T00:49:02","slug":"colectiva-de-mujeres-pide-justicia-por-crimen-de-empresaria","status":"publish","type":"post","link":"https:\/\/canal7slp.tv\/2025\/colectiva-de-mujeres-pide-justicia-por-crimen-de-empresaria\/","title":{"rendered":"Colectiva de mujeres pide justicia por crimen de empresaria"},"content":{"rendered":"<p style=\"text-align: justify;\"><span style=\"font-size: 1.21429rem;\">SLP.- Luego de haber fijado una postura en torno al lamentable crimen de una empresaria en el interior de su negocio el pasado s\u00e1bado 10 de Mayo, la presidenta de la colectiva de mujeres 50+1 cap\u00edtulo San Luis, Rosa Bechara Arriola, reiter\u00f3 que en este caso deben de realizarse las investigaciones con perspectiva de g\u00e9nero.<\/span><\/p>\n<p style=\"text-align: justify;\">Al afirmar que no se trata de un hecho aislado dijo tambi\u00e9n que este crimen es un reflejo de la violencia estructural que enfrentan las mujeres en San Luis Potos\u00ed, y en todo el pa\u00eds.<\/p>\n<p style=\"text-align: justify;\">La presidenta de la colectiva de mujeres afirm\u00f3 que es urgente que las autoridades de los tres niveles de gobierno implementen pol\u00edticas p\u00fablicas efectivas, para prevenir, sancionar y erradicar la violencia hacia las mujeres al decir que la seguridad y la vida de ellas, no puede seguir siendo relegada ni minimizada.<\/p>\n<p>Por: Claudio Ibarra<\/p>\n","protected":false},"excerpt":{"rendered":"<p>SLP.- Luego de haber fijado una postura en torno al lamentable crimen de una empresaria en el interior de su negocio el pasado s\u00e1bado 10 de Mayo, la presidenta de la colectiva de mujeres 50+1 cap\u00edtulo San Luis, Rosa Bechara Arriola, reiter\u00f3 que en este caso deben de realizarse las investigaciones con perspectiva de g\u00e9nero. Al afirmar que no se trata de un hecho aislado dijo tambi\u00e9n que este crimen es un reflejo de la violencia estructural que enfrentan las mujeres en San Luis Potos\u00ed, y en todo el pa\u00eds. La presidenta de la colectiva de mujeres afirm\u00f3 que es [&hellip;]<\/p>\n","protected":false},"author":2,"featured_media":167471,"comment_status":"closed","ping_status":"closed","sticky":false,"template":"","format":"video","meta":{"_monsterinsights_skip_tracking":false,"_monsterinsights_sitenote_active":false,"_monsterinsights_sitenote_note":"","_monsterinsights_sitenote_category":0,"footnotes":""},"categories":[5,45],"tags":[],"class_list":["post-167433","post","type-post","status-publish","format-video","has-post-thumbnail","hentry","category-destacadas","category-localesyregionales","post_format-post-format-video","post--single"],"yoast_head":"<!-- This site is optimized with the Yoast SEO plugin v27.4 - https:\/\/yoast.com\/product\/yoast-seo-wordpress\/ -->\n<title>Colectiva de mujeres pide justicia por crimen de empresaria - Canal 7 SLP - 2025<\/title>\n<meta name=\"robots\" content=\"index, follow, max-snippet:-1, max-image-preview:large, max-video-preview:-1\" \/>\n<link rel=\"canonical\" href=\"https:\/\/canal7slp.tv\/2025\/colectiva-de-mujeres-pide-justicia-por-crimen-de-empresaria\/\" \/>\n<meta property=\"og:locale\" content=\"es_ES\" \/>\n<meta property=\"og:type\" content=\"article\" \/>\n<meta property=\"og:title\" content=\"Colectiva de mujeres pide justicia por crimen de empresaria - Canal 7 SLP - 2025\" \/>\n<meta property=\"og:description\" content=\"SLP.- Luego de haber fijado una postura en torno al lamentable crimen de una empresaria en el interior de su negocio el pasado s\u00e1bado 10 de Mayo, la presidenta de la colectiva de mujeres 50+1 cap\u00edtulo San Luis, Rosa Bechara Arriola, reiter\u00f3 que en este caso deben de realizarse las investigaciones con perspectiva de g\u00e9nero. Al afirmar que no se trata de un hecho aislado dijo tambi\u00e9n que este crimen es un reflejo de la violencia estructural que enfrentan las mujeres en San Luis Potos\u00ed, y en todo el pa\u00eds. La presidenta de la colectiva de mujeres afirm\u00f3 que es [&hellip;]\" \/>\n<meta property=\"og:url\" content=\"https:\/\/canal7slp.tv\/2025\/colectiva-de-mujeres-pide-justicia-por-crimen-de-empresaria\/\" \/>\n<meta property=\"og:site_name\" content=\"Canal 7 SLP - 2025\" \/>\n<meta property=\"article:publisher\" content=\"https:\/\/www.facebook.com\/noticieroscanal7atencionciudadana\/\" \/>\n<meta property=\"article:published_time\" content=\"2025-05-14T00:49:02+00:00\" \/>\n<meta property=\"og:image\" content=\"https:\/\/canal7slp.tv\/2025\/wp-content\/uploads\/2025\/05\/Claudio02Justicia.jpg\" \/>\n\t<meta property=\"og:image:width\" content=\"1280\" \/>\n\t<meta property=\"og:image:height\" content=\"720\" \/>\n\t<meta property=\"og:image:type\" content=\"image\/jpeg\" \/>\n<meta name=\"author\" content=\"Edici\u00f3n Web\" \/>\n<meta name=\"twitter:card\" content=\"summary_large_image\" \/>\n<meta name=\"twitter:creator\" content=\"@NOTICIEROS7\" \/>\n<meta name=\"twitter:site\" content=\"@NOTICIEROS7\" \/>\n<meta name=\"twitter:label1\" content=\"Escrito por\" \/>\n\t<meta name=\"twitter:data1\" content=\"Edici\u00f3n Web\" \/>\n\t<meta name=\"twitter:label2\" content=\"Tiempo de lectura\" \/>\n\t<meta name=\"twitter:data2\" content=\"1 minuto\" \/>\n<script type=\"application\/ld+json\" class=\"yoast-schema-graph\">{\"@context\":\"https:\\\/\\\/schema.org\",\"@graph\":[{\"@type\":\"Article\",\"@id\":\"https:\\\/\\\/canal7slp.tv\\\/2025\\\/colectiva-de-mujeres-pide-justicia-por-crimen-de-empresaria\\\/#article\",\"isPartOf\":{\"@id\":\"https:\\\/\\\/canal7slp.tv\\\/2025\\\/colectiva-de-mujeres-pide-justicia-por-crimen-de-empresaria\\\/\"},\"author\":{\"name\":\"Edici\u00f3n Web\",\"@id\":\"https:\\\/\\\/canal7slp.tv\\\/2025\\\/#\\\/schema\\\/person\\\/271e2b60a96e7cc9d9ac296f4d7e414b\"},\"headline\":\"Colectiva de mujeres pide justicia por crimen de empresaria\",\"datePublished\":\"2025-05-14T00:49:02+00:00\",\"mainEntityOfPage\":{\"@id\":\"https:\\\/\\\/canal7slp.tv\\\/2025\\\/colectiva-de-mujeres-pide-justicia-por-crimen-de-empresaria\\\/\"},\"wordCount\":159,\"publisher\":{\"@id\":\"https:\\\/\\\/canal7slp.tv\\\/2025\\\/#organization\"},\"image\":{\"@id\":\"https:\\\/\\\/canal7slp.tv\\\/2025\\\/colectiva-de-mujeres-pide-justicia-por-crimen-de-empresaria\\\/#primaryimage\"},\"thumbnailUrl\":\"https:\\\/\\\/canal7slp.tv\\\/2025\\\/wp-content\\\/uploads\\\/2025\\\/05\\\/Claudio02Justicia.jpg\",\"articleSection\":[\"DESTACADAS\",\"LOCALES Y REGIONALES\"],\"inLanguage\":\"es\"},{\"@type\":\"WebPage\",\"@id\":\"https:\\\/\\\/canal7slp.tv\\\/2025\\\/colectiva-de-mujeres-pide-justicia-por-crimen-de-empresaria\\\/\",\"url\":\"https:\\\/\\\/canal7slp.tv\\\/2025\\\/colectiva-de-mujeres-pide-justicia-por-crimen-de-empresaria\\\/\",\"name\":\"Colectiva de mujeres pide justicia por crimen de empresaria - Canal 7 SLP - 2025\",\"isPartOf\":{\"@id\":\"https:\\\/\\\/canal7slp.tv\\\/2025\\\/#website\"},\"primaryImageOfPage\":{\"@id\":\"https:\\\/\\\/canal7slp.tv\\\/2025\\\/colectiva-de-mujeres-pide-justicia-por-crimen-de-empresaria\\\/#primaryimage\"},\"image\":{\"@id\":\"https:\\\/\\\/canal7slp.tv\\\/2025\\\/colectiva-de-mujeres-pide-justicia-por-crimen-de-empresaria\\\/#primaryimage\"},\"thumbnailUrl\":\"https:\\\/\\\/canal7slp.tv\\\/2025\\\/wp-content\\\/uploads\\\/2025\\\/05\\\/Claudio02Justicia.jpg\",\"datePublished\":\"2025-05-14T00:49:02+00:00\",\"breadcrumb\":{\"@id\":\"https:\\\/\\\/canal7slp.tv\\\/2025\\\/colectiva-de-mujeres-pide-justicia-por-crimen-de-empresaria\\\/#breadcrumb\"},\"inLanguage\":\"es\",\"potentialAction\":[{\"@type\":\"ReadAction\",\"target\":[\"https:\\\/\\\/canal7slp.tv\\\/2025\\\/colectiva-de-mujeres-pide-justicia-por-crimen-de-empresaria\\\/\"]}]},{\"@type\":\"ImageObject\",\"inLanguage\":\"es\",\"@id\":\"https:\\\/\\\/canal7slp.tv\\\/2025\\\/colectiva-de-mujeres-pide-justicia-por-crimen-de-empresaria\\\/#primaryimage\",\"url\":\"https:\\\/\\\/canal7slp.tv\\\/2025\\\/wp-content\\\/uploads\\\/2025\\\/05\\\/Claudio02Justicia.jpg\",\"contentUrl\":\"https:\\\/\\\/canal7slp.tv\\\/2025\\\/wp-content\\\/uploads\\\/2025\\\/05\\\/Claudio02Justicia.jpg\",\"width\":1280,\"height\":720},{\"@type\":\"BreadcrumbList\",\"@id\":\"https:\\\/\\\/canal7slp.tv\\\/2025\\\/colectiva-de-mujeres-pide-justicia-por-crimen-de-empresaria\\\/#breadcrumb\",\"itemListElement\":[{\"@type\":\"ListItem\",\"position\":1,\"name\":\"Portada\",\"item\":\"https:\\\/\\\/canal7slp.tv\\\/2025\\\/\"},{\"@type\":\"ListItem\",\"position\":2,\"name\":\"Colectiva de mujeres pide justicia por crimen de empresaria\"}]},{\"@type\":\"WebSite\",\"@id\":\"https:\\\/\\\/canal7slp.tv\\\/2025\\\/#website\",\"url\":\"https:\\\/\\\/canal7slp.tv\\\/2025\\\/\",\"name\":\"N7 - Noticieros Canal 7\",\"description\":\"Somos el Medio\",\"publisher\":{\"@id\":\"https:\\\/\\\/canal7slp.tv\\\/2025\\\/#organization\"},\"potentialAction\":[{\"@type\":\"SearchAction\",\"target\":{\"@type\":\"EntryPoint\",\"urlTemplate\":\"https:\\\/\\\/canal7slp.tv\\\/2025\\\/?s={search_term_string}\"},\"query-input\":{\"@type\":\"PropertyValueSpecification\",\"valueRequired\":true,\"valueName\":\"search_term_string\"}}],\"inLanguage\":\"es\"},{\"@type\":\"Organization\",\"@id\":\"https:\\\/\\\/canal7slp.tv\\\/2025\\\/#organization\",\"name\":\"Noticieros Canal 7\",\"url\":\"https:\\\/\\\/canal7slp.tv\\\/2025\\\/\",\"logo\":{\"@type\":\"ImageObject\",\"inLanguage\":\"es\",\"@id\":\"https:\\\/\\\/canal7slp.tv\\\/2025\\\/#\\\/schema\\\/logo\\\/image\\\/\",\"url\":\"https:\\\/\\\/canal7slp.tv\\\/2025\\\/wp-content\\\/uploads\\\/2021\\\/01\\\/logo-noticieros@2x.png\",\"contentUrl\":\"https:\\\/\\\/canal7slp.tv\\\/2025\\\/wp-content\\\/uploads\\\/2021\\\/01\\\/logo-noticieros@2x.png\",\"width\":1017,\"height\":268,\"caption\":\"Noticieros Canal 7\"},\"image\":{\"@id\":\"https:\\\/\\\/canal7slp.tv\\\/2025\\\/#\\\/schema\\\/logo\\\/image\\\/\"},\"sameAs\":[\"https:\\\/\\\/www.facebook.com\\\/noticieroscanal7atencionciudadana\\\/\",\"https:\\\/\\\/x.com\\\/NOTICIEROS7\",\"https:\\\/\\\/www.instagram.com\\\/canal7_slp\",\"https:\\\/\\\/www.youtube.com\\\/channel\\\/UCliiYs-gP3JfJeqdPrNdd5A\"]},{\"@type\":\"Person\",\"@id\":\"https:\\\/\\\/canal7slp.tv\\\/2025\\\/#\\\/schema\\\/person\\\/271e2b60a96e7cc9d9ac296f4d7e414b\",\"name\":\"Edici\u00f3n Web\",\"image\":{\"@type\":\"ImageObject\",\"inLanguage\":\"es\",\"@id\":\"https:\\\/\\\/secure.gravatar.com\\\/avatar\\\/eee448fc3f7164808013b816ba91ac7e43bbe82a70bebac296f8bc6f0addaa1a?s=96&d=mm&r=g\",\"url\":\"https:\\\/\\\/secure.gravatar.com\\\/avatar\\\/eee448fc3f7164808013b816ba91ac7e43bbe82a70bebac296f8bc6f0addaa1a?s=96&d=mm&r=g\",\"contentUrl\":\"https:\\\/\\\/secure.gravatar.com\\\/avatar\\\/eee448fc3f7164808013b816ba91ac7e43bbe82a70bebac296f8bc6f0addaa1a?s=96&d=mm&r=g\",\"caption\":\"Edici\u00f3n Web\"},\"url\":\"https:\\\/\\\/canal7slp.tv\\\/2025\\\/author\\\/edicionweb\\\/\"}]}<\/script>\n<!-- \/ Yoast SEO plugin. -->","yoast_head_json":{"title":"Colectiva de mujeres pide justicia por crimen de empresaria - Canal 7 SLP - 2025","robots":{"index":"index","follow":"follow","max-snippet":"max-snippet:-1","max-image-preview":"max-image-preview:large","max-video-preview":"max-video-preview:-1"},"canonical":"https:\/\/canal7slp.tv\/2025\/colectiva-de-mujeres-pide-justicia-por-crimen-de-empresaria\/","og_locale":"es_ES","og_type":"article","og_title":"Colectiva de mujeres pide justicia por crimen de empresaria - Canal 7 SLP - 2025","og_description":"SLP.- Luego de haber fijado una postura en torno al lamentable crimen de una empresaria en el interior de su negocio el pasado s\u00e1bado 10 de Mayo, la presidenta de la colectiva de mujeres 50+1 cap\u00edtulo San Luis, Rosa Bechara Arriola, reiter\u00f3 que en este caso deben de realizarse las investigaciones con perspectiva de g\u00e9nero. Al afirmar que no se trata de un hecho aislado dijo tambi\u00e9n que este crimen es un reflejo de la violencia estructural que enfrentan las mujeres en San Luis Potos\u00ed, y en todo el pa\u00eds. La presidenta de la colectiva de mujeres afirm\u00f3 que es [&hellip;]","og_url":"https:\/\/canal7slp.tv\/2025\/colectiva-de-mujeres-pide-justicia-por-crimen-de-empresaria\/","og_site_name":"Canal 7 SLP - 2025","article_publisher":"https:\/\/www.facebook.com\/noticieroscanal7atencionciudadana\/","article_published_time":"2025-05-14T00:49:02+00:00","og_image":[{"width":1280,"height":720,"url":"https:\/\/canal7slp.tv\/2025\/wp-content\/uploads\/2025\/05\/Claudio02Justicia.jpg","type":"image\/jpeg"}],"author":"Edici\u00f3n Web","twitter_card":"summary_large_image","twitter_creator":"@NOTICIEROS7","twitter_site":"@NOTICIEROS7","twitter_misc":{"Escrito por":"Edici\u00f3n Web","Tiempo de lectura":"1 minuto"},"schema":{"@context":"https:\/\/schema.org","@graph":[{"@type":"Article","@id":"https:\/\/canal7slp.tv\/2025\/colectiva-de-mujeres-pide-justicia-por-crimen-de-empresaria\/#article","isPartOf":{"@id":"https:\/\/canal7slp.tv\/2025\/colectiva-de-mujeres-pide-justicia-por-crimen-de-empresaria\/"},"author":{"name":"Edici\u00f3n Web","@id":"https:\/\/canal7slp.tv\/2025\/#\/schema\/person\/271e2b60a96e7cc9d9ac296f4d7e414b"},"headline":"Colectiva de mujeres pide justicia por crimen de empresaria","datePublished":"2025-05-14T00:49:02+00:00","mainEntityOfPage":{"@id":"https:\/\/canal7slp.tv\/2025\/colectiva-de-mujeres-pide-justicia-por-crimen-de-empresaria\/"},"wordCount":159,"publisher":{"@id":"https:\/\/canal7slp.tv\/2025\/#organization"},"image":{"@id":"https:\/\/canal7slp.tv\/2025\/colectiva-de-mujeres-pide-justicia-por-crimen-de-empresaria\/#primaryimage"},"thumbnailUrl":"https:\/\/canal7slp.tv\/2025\/wp-content\/uploads\/2025\/05\/Claudio02Justicia.jpg","articleSection":["DESTACADAS","LOCALES Y REGIONALES"],"inLanguage":"es"},{"@type":"WebPage","@id":"https:\/\/canal7slp.tv\/2025\/colectiva-de-mujeres-pide-justicia-por-crimen-de-empresaria\/","url":"https:\/\/canal7slp.tv\/2025\/colectiva-de-mujeres-pide-justicia-por-crimen-de-empresaria\/","name":"Colectiva de mujeres pide justicia por crimen de empresaria - Canal 7 SLP - 2025","isPartOf":{"@id":"https:\/\/canal7slp.tv\/2025\/#website"},"primaryImageOfPage":{"@id":"https:\/\/canal7slp.tv\/2025\/colectiva-de-mujeres-pide-justicia-por-crimen-de-empresaria\/#primaryimage"},"image":{"@id":"https:\/\/canal7slp.tv\/2025\/colectiva-de-mujeres-pide-justicia-por-crimen-de-empresaria\/#primaryimage"},"thumbnailUrl":"https:\/\/canal7slp.tv\/2025\/wp-content\/uploads\/2025\/05\/Claudio02Justicia.jpg","datePublished":"2025-05-14T00:49:02+00:00","breadcrumb":{"@id":"https:\/\/canal7slp.tv\/2025\/colectiva-de-mujeres-pide-justicia-por-crimen-de-empresaria\/#breadcrumb"},"inLanguage":"es","potentialAction":[{"@type":"ReadAction","target":["https:\/\/canal7slp.tv\/2025\/colectiva-de-mujeres-pide-justicia-por-crimen-de-empresaria\/"]}]},{"@type":"ImageObject","inLanguage":"es","@id":"https:\/\/canal7slp.tv\/2025\/colectiva-de-mujeres-pide-justicia-por-crimen-de-empresaria\/#primaryimage","url":"https:\/\/canal7slp.tv\/2025\/wp-content\/uploads\/2025\/05\/Claudio02Justicia.jpg","contentUrl":"https:\/\/canal7slp.tv\/2025\/wp-content\/uploads\/2025\/05\/Claudio02Justicia.jpg","width":1280,"height":720},{"@type":"BreadcrumbList","@id":"https:\/\/canal7slp.tv\/2025\/colectiva-de-mujeres-pide-justicia-por-crimen-de-empresaria\/#breadcrumb","itemListElement":[{"@type":"ListItem","position":1,"name":"Portada","item":"https:\/\/canal7slp.tv\/2025\/"},{"@type":"ListItem","position":2,"name":"Colectiva de mujeres pide justicia por crimen de empresaria"}]},{"@type":"WebSite","@id":"https:\/\/canal7slp.tv\/2025\/#website","url":"https:\/\/canal7slp.tv\/2025\/","name":"N7 - Noticieros Canal 7","description":"Somos el Medio","publisher":{"@id":"https:\/\/canal7slp.tv\/2025\/#organization"},"potentialAction":[{"@type":"SearchAction","target":{"@type":"EntryPoint","urlTemplate":"https:\/\/canal7slp.tv\/2025\/?s={search_term_string}"},"query-input":{"@type":"PropertyValueSpecification","valueRequired":true,"valueName":"search_term_string"}}],"inLanguage":"es"},{"@type":"Organization","@id":"https:\/\/canal7slp.tv\/2025\/#organization","name":"Noticieros Canal 7","url":"https:\/\/canal7slp.tv\/2025\/","logo":{"@type":"ImageObject","inLanguage":"es","@id":"https:\/\/canal7slp.tv\/2025\/#\/schema\/logo\/image\/","url":"https:\/\/canal7slp.tv\/2025\/wp-content\/uploads\/2021\/01\/logo-noticieros@2x.png","contentUrl":"https:\/\/canal7slp.tv\/2025\/wp-content\/uploads\/2021\/01\/logo-noticieros@2x.png","width":1017,"height":268,"caption":"Noticieros Canal 7"},"image":{"@id":"https:\/\/canal7slp.tv\/2025\/#\/schema\/logo\/image\/"},"sameAs":["https:\/\/www.facebook.com\/noticieroscanal7atencionciudadana\/","https:\/\/x.com\/NOTICIEROS7","https:\/\/www.instagram.com\/canal7_slp","https:\/\/www.youtube.com\/channel\/UCliiYs-gP3JfJeqdPrNdd5A"]},{"@type":"Person","@id":"https:\/\/canal7slp.tv\/2025\/#\/schema\/person\/271e2b60a96e7cc9d9ac296f4d7e414b","name":"Edici\u00f3n Web","image":{"@type":"ImageObject","inLanguage":"es","@id":"https:\/\/secure.gravatar.com\/avatar\/eee448fc3f7164808013b816ba91ac7e43bbe82a70bebac296f8bc6f0addaa1a?s=96&d=mm&r=g","url":"https:\/\/secure.gravatar.com\/avatar\/eee448fc3f7164808013b816ba91ac7e43bbe82a70bebac296f8bc6f0addaa1a?s=96&d=mm&r=g","contentUrl":"https:\/\/secure.gravatar.com\/avatar\/eee448fc3f7164808013b816ba91ac7e43bbe82a70bebac296f8bc6f0addaa1a?s=96&d=mm&r=g","caption":"Edici\u00f3n Web"},"url":"https:\/\/canal7slp.tv\/2025\/author\/edicionweb\/"}]}},"_links":{"self":[{"href":"https:\/\/canal7slp.tv\/2025\/wp-json\/wp\/v2\/posts\/167433","targetHints":{"allow":["GET"]}}],"collection":[{"href":"https:\/\/canal7slp.tv\/2025\/wp-json\/wp\/v2\/posts"}],"about":[{"href":"https:\/\/canal7slp.tv\/2025\/wp-json\/wp\/v2\/types\/post"}],"author":[{"embeddable":true,"href":"https:\/\/canal7slp.tv\/2025\/wp-json\/wp\/v2\/users\/2"}],"replies":[{"embeddable":true,"href":"https:\/\/canal7slp.tv\/2025\/wp-json\/wp\/v2\/comments?post=167433"}],"version-history":[{"count":2,"href":"https:\/\/canal7slp.tv\/2025\/wp-json\/wp\/v2\/posts\/167433\/revisions"}],"predecessor-version":[{"id":167472,"href":"https:\/\/canal7slp.tv\/2025\/wp-json\/wp\/v2\/posts\/167433\/revisions\/167472"}],"wp:featuredmedia":[{"embeddable":true,"href":"https:\/\/canal7slp.tv\/2025\/wp-json\/wp\/v2\/media\/167471"}],"wp:attachment":[{"href":"https:\/\/canal7slp.tv\/2025\/wp-json\/wp\/v2\/media?parent=167433"}],"wp:term":[{"taxonomy":"category","embeddable":true,"href":"https:\/\/canal7slp.tv\/2025\/wp-json\/wp\/v2\/categories?post=167433"},{"taxonomy":"post_tag","embeddable":true,"href":"https:\/\/canal7slp.tv\/2025\/wp-json\/wp\/v2\/tags?post=167433"}],"curies":[{"name":"wp","href":"https:\/\/api.w.org\/{rel}","templated":true}]}}