{"id":167432,"date":"2025-05-13T18:40:44","date_gmt":"2025-05-14T00:40:44","guid":{"rendered":"https:\/\/canal7slp.tv\/2025\/?p=167432"},"modified":"2025-05-13T18:40:44","modified_gmt":"2025-05-14T00:40:44","slug":"pactan-alianza-coparmex-y-colectiva-501-en-apoyo-a-mujeres-empresarias","status":"publish","type":"post","link":"https:\/\/canal7slp.tv\/2025\/pactan-alianza-coparmex-y-colectiva-501-en-apoyo-a-mujeres-empresarias\/","title":{"rendered":"Pactan alianza Coparmex y Colectiva 50+1 en apoyo a mujeres empresarias"},"content":{"rendered":"<p style=\"text-align: justify;\"><span style=\"font-size: 1.21429rem;\">SLP.- En el marco de la alianza de la colectiva de mujeres 50+1 y la Confederaci\u00f3n Patronal de la Rep\u00fablica Mexicana a nivel nacional, el presidente de esta c\u00e1mara empresarial en la Ciudad de M\u00e9xico, Adal Ortiz \u00c1valos, afirm\u00f3 que con ello se busca un acercamiento con las mujeres empresarias.<\/span><\/p>\n<p style=\"text-align: justify;\">Asimismo, destac\u00f3 que uno de los objetivos de esta alianza es el de cambiar la visi\u00f3n que de los empresarios tiene la sociedad al decir que desde el empresariado, tambi\u00e9n se hace activismo social.<\/p>\n<p style=\"text-align: justify;\">Por su parte, la presidenta de la colectiva 50+1 cap\u00edtulo San Luis Rosa Bechara Arriola reconoci\u00f3 que uno de los compromisos de COPARMEX, es el de promover la justicia y la equidad con las mujeres.<\/p>\n<p style=\"text-align: justify;\">En temas de la agenda nacional opin\u00f3 tambi\u00e9n que la transici\u00f3n de gobiernos tanto en M\u00e9xico como en Estados Unidos gener\u00f3 un clima de incertidumbre en materia de inversi\u00f3n.<\/p>\n<p style=\"text-align: justify;\">En este contexto, el presidente de COPARMEX afirm\u00f3 que M\u00e9xico es competitivo porque es un pa\u00eds con bajas tarifas arancelarias.<\/p>\n<p style=\"text-align: justify;\">Sin embargo, consider\u00f3 que en el consumo interno se ha registrado una desaceleraci\u00f3n hasta de un 30 por ciento.<\/p>\n<p style=\"text-align: justify;\">Finalmente, el presidente de COPARMEX de la ciudad de M\u00e9xico afirm\u00f3 que San Luis Potos\u00ed es un estado con muchas oportunidades de inversi\u00f3n para hacer negocios.<\/p>\n<p style=\"text-align: justify;\">Por: Claudio Ibarra<\/p>\n","protected":false},"excerpt":{"rendered":"<p>SLP.- En el marco de la alianza de la colectiva de mujeres 50+1 y la Confederaci\u00f3n Patronal de la Rep\u00fablica Mexicana a nivel nacional, el presidente de esta c\u00e1mara empresarial en la Ciudad de M\u00e9xico, Adal Ortiz \u00c1valos, afirm\u00f3 que con ello se busca un acercamiento con las mujeres empresarias. Asimismo, destac\u00f3 que uno de los objetivos de esta alianza es el de cambiar la visi\u00f3n que de los empresarios tiene la sociedad al decir que desde el empresariado, tambi\u00e9n se hace activismo social. Por su parte, la presidenta de la colectiva 50+1 cap\u00edtulo San Luis Rosa Bechara Arriola reconoci\u00f3 [&hellip;]<\/p>\n","protected":false},"author":2,"featured_media":167468,"comment_status":"closed","ping_status":"closed","sticky":false,"template":"","format":"video","meta":{"_monsterinsights_skip_tracking":false,"_monsterinsights_sitenote_active":false,"_monsterinsights_sitenote_note":"","_monsterinsights_sitenote_category":0,"footnotes":""},"categories":[5,45],"tags":[],"class_list":["post-167432","post","type-post","status-publish","format-video","has-post-thumbnail","hentry","category-destacadas","category-localesyregionales","post_format-post-format-video","post--single"],"yoast_head":"<!-- This site is optimized with the Yoast SEO plugin v27.4 - https:\/\/yoast.com\/product\/yoast-seo-wordpress\/ -->\n<title>Pactan alianza Coparmex y Colectiva 50+1 en apoyo a mujeres empresarias - Canal 7 SLP - 2025<\/title>\n<meta name=\"robots\" content=\"index, follow, max-snippet:-1, max-image-preview:large, max-video-preview:-1\" \/>\n<link rel=\"canonical\" href=\"https:\/\/canal7slp.tv\/2025\/pactan-alianza-coparmex-y-colectiva-501-en-apoyo-a-mujeres-empresarias\/\" \/>\n<meta property=\"og:locale\" content=\"es_ES\" \/>\n<meta property=\"og:type\" content=\"article\" \/>\n<meta property=\"og:title\" content=\"Pactan alianza Coparmex y Colectiva 50+1 en apoyo a mujeres empresarias - Canal 7 SLP - 2025\" \/>\n<meta property=\"og:description\" content=\"SLP.- En el marco de la alianza de la colectiva de mujeres 50+1 y la Confederaci\u00f3n Patronal de la Rep\u00fablica Mexicana a nivel nacional, el presidente de esta c\u00e1mara empresarial en la Ciudad de M\u00e9xico, Adal Ortiz \u00c1valos, afirm\u00f3 que con ello se busca un acercamiento con las mujeres empresarias. Asimismo, destac\u00f3 que uno de los objetivos de esta alianza es el de cambiar la visi\u00f3n que de los empresarios tiene la sociedad al decir que desde el empresariado, tambi\u00e9n se hace activismo social. Por su parte, la presidenta de la colectiva 50+1 cap\u00edtulo San Luis Rosa Bechara Arriola reconoci\u00f3 [&hellip;]\" \/>\n<meta property=\"og:url\" content=\"https:\/\/canal7slp.tv\/2025\/pactan-alianza-coparmex-y-colectiva-501-en-apoyo-a-mujeres-empresarias\/\" \/>\n<meta property=\"og:site_name\" content=\"Canal 7 SLP - 2025\" \/>\n<meta property=\"article:publisher\" content=\"https:\/\/www.facebook.com\/noticieroscanal7atencionciudadana\/\" \/>\n<meta property=\"article:published_time\" content=\"2025-05-14T00:40:44+00:00\" \/>\n<meta property=\"og:image\" content=\"https:\/\/canal7slp.tv\/2025\/wp-content\/uploads\/2025\/05\/Claudio01Alianza.jpg\" \/>\n\t<meta property=\"og:image:width\" content=\"1280\" \/>\n\t<meta property=\"og:image:height\" content=\"720\" \/>\n\t<meta property=\"og:image:type\" content=\"image\/jpeg\" \/>\n<meta name=\"author\" content=\"Edici\u00f3n Web\" \/>\n<meta name=\"twitter:card\" content=\"summary_large_image\" \/>\n<meta name=\"twitter:creator\" content=\"@NOTICIEROS7\" \/>\n<meta name=\"twitter:site\" content=\"@NOTICIEROS7\" \/>\n<meta name=\"twitter:label1\" content=\"Escrito por\" \/>\n\t<meta name=\"twitter:data1\" content=\"Edici\u00f3n Web\" \/>\n\t<meta name=\"twitter:label2\" content=\"Tiempo de lectura\" \/>\n\t<meta name=\"twitter:data2\" content=\"2 minutos\" \/>\n<script type=\"application\/ld+json\" class=\"yoast-schema-graph\">{\"@context\":\"https:\\\/\\\/schema.org\",\"@graph\":[{\"@type\":\"Article\",\"@id\":\"https:\\\/\\\/canal7slp.tv\\\/2025\\\/pactan-alianza-coparmex-y-colectiva-501-en-apoyo-a-mujeres-empresarias\\\/#article\",\"isPartOf\":{\"@id\":\"https:\\\/\\\/canal7slp.tv\\\/2025\\\/pactan-alianza-coparmex-y-colectiva-501-en-apoyo-a-mujeres-empresarias\\\/\"},\"author\":{\"name\":\"Edici\u00f3n Web\",\"@id\":\"https:\\\/\\\/canal7slp.tv\\\/2025\\\/#\\\/schema\\\/person\\\/271e2b60a96e7cc9d9ac296f4d7e414b\"},\"headline\":\"Pactan alianza Coparmex y Colectiva 50+1 en apoyo a mujeres empresarias\",\"datePublished\":\"2025-05-14T00:40:44+00:00\",\"mainEntityOfPage\":{\"@id\":\"https:\\\/\\\/canal7slp.tv\\\/2025\\\/pactan-alianza-coparmex-y-colectiva-501-en-apoyo-a-mujeres-empresarias\\\/\"},\"wordCount\":240,\"publisher\":{\"@id\":\"https:\\\/\\\/canal7slp.tv\\\/2025\\\/#organization\"},\"image\":{\"@id\":\"https:\\\/\\\/canal7slp.tv\\\/2025\\\/pactan-alianza-coparmex-y-colectiva-501-en-apoyo-a-mujeres-empresarias\\\/#primaryimage\"},\"thumbnailUrl\":\"https:\\\/\\\/canal7slp.tv\\\/2025\\\/wp-content\\\/uploads\\\/2025\\\/05\\\/Claudio01Alianza.jpg\",\"articleSection\":[\"DESTACADAS\",\"LOCALES Y REGIONALES\"],\"inLanguage\":\"es\"},{\"@type\":\"WebPage\",\"@id\":\"https:\\\/\\\/canal7slp.tv\\\/2025\\\/pactan-alianza-coparmex-y-colectiva-501-en-apoyo-a-mujeres-empresarias\\\/\",\"url\":\"https:\\\/\\\/canal7slp.tv\\\/2025\\\/pactan-alianza-coparmex-y-colectiva-501-en-apoyo-a-mujeres-empresarias\\\/\",\"name\":\"Pactan alianza Coparmex y Colectiva 50+1 en apoyo a mujeres empresarias - Canal 7 SLP - 2025\",\"isPartOf\":{\"@id\":\"https:\\\/\\\/canal7slp.tv\\\/2025\\\/#website\"},\"primaryImageOfPage\":{\"@id\":\"https:\\\/\\\/canal7slp.tv\\\/2025\\\/pactan-alianza-coparmex-y-colectiva-501-en-apoyo-a-mujeres-empresarias\\\/#primaryimage\"},\"image\":{\"@id\":\"https:\\\/\\\/canal7slp.tv\\\/2025\\\/pactan-alianza-coparmex-y-colectiva-501-en-apoyo-a-mujeres-empresarias\\\/#primaryimage\"},\"thumbnailUrl\":\"https:\\\/\\\/canal7slp.tv\\\/2025\\\/wp-content\\\/uploads\\\/2025\\\/05\\\/Claudio01Alianza.jpg\",\"datePublished\":\"2025-05-14T00:40:44+00:00\",\"breadcrumb\":{\"@id\":\"https:\\\/\\\/canal7slp.tv\\\/2025\\\/pactan-alianza-coparmex-y-colectiva-501-en-apoyo-a-mujeres-empresarias\\\/#breadcrumb\"},\"inLanguage\":\"es\",\"potentialAction\":[{\"@type\":\"ReadAction\",\"target\":[\"https:\\\/\\\/canal7slp.tv\\\/2025\\\/pactan-alianza-coparmex-y-colectiva-501-en-apoyo-a-mujeres-empresarias\\\/\"]}]},{\"@type\":\"ImageObject\",\"inLanguage\":\"es\",\"@id\":\"https:\\\/\\\/canal7slp.tv\\\/2025\\\/pactan-alianza-coparmex-y-colectiva-501-en-apoyo-a-mujeres-empresarias\\\/#primaryimage\",\"url\":\"https:\\\/\\\/canal7slp.tv\\\/2025\\\/wp-content\\\/uploads\\\/2025\\\/05\\\/Claudio01Alianza.jpg\",\"contentUrl\":\"https:\\\/\\\/canal7slp.tv\\\/2025\\\/wp-content\\\/uploads\\\/2025\\\/05\\\/Claudio01Alianza.jpg\",\"width\":1280,\"height\":720},{\"@type\":\"BreadcrumbList\",\"@id\":\"https:\\\/\\\/canal7slp.tv\\\/2025\\\/pactan-alianza-coparmex-y-colectiva-501-en-apoyo-a-mujeres-empresarias\\\/#breadcrumb\",\"itemListElement\":[{\"@type\":\"ListItem\",\"position\":1,\"name\":\"Portada\",\"item\":\"https:\\\/\\\/canal7slp.tv\\\/2025\\\/\"},{\"@type\":\"ListItem\",\"position\":2,\"name\":\"Pactan alianza Coparmex y Colectiva 50+1 en apoyo a mujeres empresarias\"}]},{\"@type\":\"WebSite\",\"@id\":\"https:\\\/\\\/canal7slp.tv\\\/2025\\\/#website\",\"url\":\"https:\\\/\\\/canal7slp.tv\\\/2025\\\/\",\"name\":\"N7 - Noticieros Canal 7\",\"description\":\"Somos el Medio\",\"publisher\":{\"@id\":\"https:\\\/\\\/canal7slp.tv\\\/2025\\\/#organization\"},\"potentialAction\":[{\"@type\":\"SearchAction\",\"target\":{\"@type\":\"EntryPoint\",\"urlTemplate\":\"https:\\\/\\\/canal7slp.tv\\\/2025\\\/?s={search_term_string}\"},\"query-input\":{\"@type\":\"PropertyValueSpecification\",\"valueRequired\":true,\"valueName\":\"search_term_string\"}}],\"inLanguage\":\"es\"},{\"@type\":\"Organization\",\"@id\":\"https:\\\/\\\/canal7slp.tv\\\/2025\\\/#organization\",\"name\":\"Noticieros Canal 7\",\"url\":\"https:\\\/\\\/canal7slp.tv\\\/2025\\\/\",\"logo\":{\"@type\":\"ImageObject\",\"inLanguage\":\"es\",\"@id\":\"https:\\\/\\\/canal7slp.tv\\\/2025\\\/#\\\/schema\\\/logo\\\/image\\\/\",\"url\":\"https:\\\/\\\/canal7slp.tv\\\/2025\\\/wp-content\\\/uploads\\\/2021\\\/01\\\/logo-noticieros@2x.png\",\"contentUrl\":\"https:\\\/\\\/canal7slp.tv\\\/2025\\\/wp-content\\\/uploads\\\/2021\\\/01\\\/logo-noticieros@2x.png\",\"width\":1017,\"height\":268,\"caption\":\"Noticieros Canal 7\"},\"image\":{\"@id\":\"https:\\\/\\\/canal7slp.tv\\\/2025\\\/#\\\/schema\\\/logo\\\/image\\\/\"},\"sameAs\":[\"https:\\\/\\\/www.facebook.com\\\/noticieroscanal7atencionciudadana\\\/\",\"https:\\\/\\\/x.com\\\/NOTICIEROS7\",\"https:\\\/\\\/www.instagram.com\\\/canal7_slp\",\"https:\\\/\\\/www.youtube.com\\\/channel\\\/UCliiYs-gP3JfJeqdPrNdd5A\"]},{\"@type\":\"Person\",\"@id\":\"https:\\\/\\\/canal7slp.tv\\\/2025\\\/#\\\/schema\\\/person\\\/271e2b60a96e7cc9d9ac296f4d7e414b\",\"name\":\"Edici\u00f3n Web\",\"image\":{\"@type\":\"ImageObject\",\"inLanguage\":\"es\",\"@id\":\"https:\\\/\\\/secure.gravatar.com\\\/avatar\\\/eee448fc3f7164808013b816ba91ac7e43bbe82a70bebac296f8bc6f0addaa1a?s=96&d=mm&r=g\",\"url\":\"https:\\\/\\\/secure.gravatar.com\\\/avatar\\\/eee448fc3f7164808013b816ba91ac7e43bbe82a70bebac296f8bc6f0addaa1a?s=96&d=mm&r=g\",\"contentUrl\":\"https:\\\/\\\/secure.gravatar.com\\\/avatar\\\/eee448fc3f7164808013b816ba91ac7e43bbe82a70bebac296f8bc6f0addaa1a?s=96&d=mm&r=g\",\"caption\":\"Edici\u00f3n Web\"},\"url\":\"https:\\\/\\\/canal7slp.tv\\\/2025\\\/author\\\/edicionweb\\\/\"}]}<\/script>\n<!-- \/ Yoast SEO plugin. -->","yoast_head_json":{"title":"Pactan alianza Coparmex y Colectiva 50+1 en apoyo a mujeres empresarias - Canal 7 SLP - 2025","robots":{"index":"index","follow":"follow","max-snippet":"max-snippet:-1","max-image-preview":"max-image-preview:large","max-video-preview":"max-video-preview:-1"},"canonical":"https:\/\/canal7slp.tv\/2025\/pactan-alianza-coparmex-y-colectiva-501-en-apoyo-a-mujeres-empresarias\/","og_locale":"es_ES","og_type":"article","og_title":"Pactan alianza Coparmex y Colectiva 50+1 en apoyo a mujeres empresarias - Canal 7 SLP - 2025","og_description":"SLP.- En el marco de la alianza de la colectiva de mujeres 50+1 y la Confederaci\u00f3n Patronal de la Rep\u00fablica Mexicana a nivel nacional, el presidente de esta c\u00e1mara empresarial en la Ciudad de M\u00e9xico, Adal Ortiz \u00c1valos, afirm\u00f3 que con ello se busca un acercamiento con las mujeres empresarias. Asimismo, destac\u00f3 que uno de los objetivos de esta alianza es el de cambiar la visi\u00f3n que de los empresarios tiene la sociedad al decir que desde el empresariado, tambi\u00e9n se hace activismo social. Por su parte, la presidenta de la colectiva 50+1 cap\u00edtulo San Luis Rosa Bechara Arriola reconoci\u00f3 [&hellip;]","og_url":"https:\/\/canal7slp.tv\/2025\/pactan-alianza-coparmex-y-colectiva-501-en-apoyo-a-mujeres-empresarias\/","og_site_name":"Canal 7 SLP - 2025","article_publisher":"https:\/\/www.facebook.com\/noticieroscanal7atencionciudadana\/","article_published_time":"2025-05-14T00:40:44+00:00","og_image":[{"width":1280,"height":720,"url":"https:\/\/canal7slp.tv\/2025\/wp-content\/uploads\/2025\/05\/Claudio01Alianza.jpg","type":"image\/jpeg"}],"author":"Edici\u00f3n Web","twitter_card":"summary_large_image","twitter_creator":"@NOTICIEROS7","twitter_site":"@NOTICIEROS7","twitter_misc":{"Escrito por":"Edici\u00f3n Web","Tiempo de lectura":"2 minutos"},"schema":{"@context":"https:\/\/schema.org","@graph":[{"@type":"Article","@id":"https:\/\/canal7slp.tv\/2025\/pactan-alianza-coparmex-y-colectiva-501-en-apoyo-a-mujeres-empresarias\/#article","isPartOf":{"@id":"https:\/\/canal7slp.tv\/2025\/pactan-alianza-coparmex-y-colectiva-501-en-apoyo-a-mujeres-empresarias\/"},"author":{"name":"Edici\u00f3n Web","@id":"https:\/\/canal7slp.tv\/2025\/#\/schema\/person\/271e2b60a96e7cc9d9ac296f4d7e414b"},"headline":"Pactan alianza Coparmex y Colectiva 50+1 en apoyo a mujeres empresarias","datePublished":"2025-05-14T00:40:44+00:00","mainEntityOfPage":{"@id":"https:\/\/canal7slp.tv\/2025\/pactan-alianza-coparmex-y-colectiva-501-en-apoyo-a-mujeres-empresarias\/"},"wordCount":240,"publisher":{"@id":"https:\/\/canal7slp.tv\/2025\/#organization"},"image":{"@id":"https:\/\/canal7slp.tv\/2025\/pactan-alianza-coparmex-y-colectiva-501-en-apoyo-a-mujeres-empresarias\/#primaryimage"},"thumbnailUrl":"https:\/\/canal7slp.tv\/2025\/wp-content\/uploads\/2025\/05\/Claudio01Alianza.jpg","articleSection":["DESTACADAS","LOCALES Y REGIONALES"],"inLanguage":"es"},{"@type":"WebPage","@id":"https:\/\/canal7slp.tv\/2025\/pactan-alianza-coparmex-y-colectiva-501-en-apoyo-a-mujeres-empresarias\/","url":"https:\/\/canal7slp.tv\/2025\/pactan-alianza-coparmex-y-colectiva-501-en-apoyo-a-mujeres-empresarias\/","name":"Pactan alianza Coparmex y Colectiva 50+1 en apoyo a mujeres empresarias - Canal 7 SLP - 2025","isPartOf":{"@id":"https:\/\/canal7slp.tv\/2025\/#website"},"primaryImageOfPage":{"@id":"https:\/\/canal7slp.tv\/2025\/pactan-alianza-coparmex-y-colectiva-501-en-apoyo-a-mujeres-empresarias\/#primaryimage"},"image":{"@id":"https:\/\/canal7slp.tv\/2025\/pactan-alianza-coparmex-y-colectiva-501-en-apoyo-a-mujeres-empresarias\/#primaryimage"},"thumbnailUrl":"https:\/\/canal7slp.tv\/2025\/wp-content\/uploads\/2025\/05\/Claudio01Alianza.jpg","datePublished":"2025-05-14T00:40:44+00:00","breadcrumb":{"@id":"https:\/\/canal7slp.tv\/2025\/pactan-alianza-coparmex-y-colectiva-501-en-apoyo-a-mujeres-empresarias\/#breadcrumb"},"inLanguage":"es","potentialAction":[{"@type":"ReadAction","target":["https:\/\/canal7slp.tv\/2025\/pactan-alianza-coparmex-y-colectiva-501-en-apoyo-a-mujeres-empresarias\/"]}]},{"@type":"ImageObject","inLanguage":"es","@id":"https:\/\/canal7slp.tv\/2025\/pactan-alianza-coparmex-y-colectiva-501-en-apoyo-a-mujeres-empresarias\/#primaryimage","url":"https:\/\/canal7slp.tv\/2025\/wp-content\/uploads\/2025\/05\/Claudio01Alianza.jpg","contentUrl":"https:\/\/canal7slp.tv\/2025\/wp-content\/uploads\/2025\/05\/Claudio01Alianza.jpg","width":1280,"height":720},{"@type":"BreadcrumbList","@id":"https:\/\/canal7slp.tv\/2025\/pactan-alianza-coparmex-y-colectiva-501-en-apoyo-a-mujeres-empresarias\/#breadcrumb","itemListElement":[{"@type":"ListItem","position":1,"name":"Portada","item":"https:\/\/canal7slp.tv\/2025\/"},{"@type":"ListItem","position":2,"name":"Pactan alianza Coparmex y Colectiva 50+1 en apoyo a mujeres empresarias"}]},{"@type":"WebSite","@id":"https:\/\/canal7slp.tv\/2025\/#website","url":"https:\/\/canal7slp.tv\/2025\/","name":"N7 - Noticieros Canal 7","description":"Somos el Medio","publisher":{"@id":"https:\/\/canal7slp.tv\/2025\/#organization"},"potentialAction":[{"@type":"SearchAction","target":{"@type":"EntryPoint","urlTemplate":"https:\/\/canal7slp.tv\/2025\/?s={search_term_string}"},"query-input":{"@type":"PropertyValueSpecification","valueRequired":true,"valueName":"search_term_string"}}],"inLanguage":"es"},{"@type":"Organization","@id":"https:\/\/canal7slp.tv\/2025\/#organization","name":"Noticieros Canal 7","url":"https:\/\/canal7slp.tv\/2025\/","logo":{"@type":"ImageObject","inLanguage":"es","@id":"https:\/\/canal7slp.tv\/2025\/#\/schema\/logo\/image\/","url":"https:\/\/canal7slp.tv\/2025\/wp-content\/uploads\/2021\/01\/logo-noticieros@2x.png","contentUrl":"https:\/\/canal7slp.tv\/2025\/wp-content\/uploads\/2021\/01\/logo-noticieros@2x.png","width":1017,"height":268,"caption":"Noticieros Canal 7"},"image":{"@id":"https:\/\/canal7slp.tv\/2025\/#\/schema\/logo\/image\/"},"sameAs":["https:\/\/www.facebook.com\/noticieroscanal7atencionciudadana\/","https:\/\/x.com\/NOTICIEROS7","https:\/\/www.instagram.com\/canal7_slp","https:\/\/www.youtube.com\/channel\/UCliiYs-gP3JfJeqdPrNdd5A"]},{"@type":"Person","@id":"https:\/\/canal7slp.tv\/2025\/#\/schema\/person\/271e2b60a96e7cc9d9ac296f4d7e414b","name":"Edici\u00f3n Web","image":{"@type":"ImageObject","inLanguage":"es","@id":"https:\/\/secure.gravatar.com\/avatar\/eee448fc3f7164808013b816ba91ac7e43bbe82a70bebac296f8bc6f0addaa1a?s=96&d=mm&r=g","url":"https:\/\/secure.gravatar.com\/avatar\/eee448fc3f7164808013b816ba91ac7e43bbe82a70bebac296f8bc6f0addaa1a?s=96&d=mm&r=g","contentUrl":"https:\/\/secure.gravatar.com\/avatar\/eee448fc3f7164808013b816ba91ac7e43bbe82a70bebac296f8bc6f0addaa1a?s=96&d=mm&r=g","caption":"Edici\u00f3n Web"},"url":"https:\/\/canal7slp.tv\/2025\/author\/edicionweb\/"}]}},"_links":{"self":[{"href":"https:\/\/canal7slp.tv\/2025\/wp-json\/wp\/v2\/posts\/167432","targetHints":{"allow":["GET"]}}],"collection":[{"href":"https:\/\/canal7slp.tv\/2025\/wp-json\/wp\/v2\/posts"}],"about":[{"href":"https:\/\/canal7slp.tv\/2025\/wp-json\/wp\/v2\/types\/post"}],"author":[{"embeddable":true,"href":"https:\/\/canal7slp.tv\/2025\/wp-json\/wp\/v2\/users\/2"}],"replies":[{"embeddable":true,"href":"https:\/\/canal7slp.tv\/2025\/wp-json\/wp\/v2\/comments?post=167432"}],"version-history":[{"count":2,"href":"https:\/\/canal7slp.tv\/2025\/wp-json\/wp\/v2\/posts\/167432\/revisions"}],"predecessor-version":[{"id":167469,"href":"https:\/\/canal7slp.tv\/2025\/wp-json\/wp\/v2\/posts\/167432\/revisions\/167469"}],"wp:featuredmedia":[{"embeddable":true,"href":"https:\/\/canal7slp.tv\/2025\/wp-json\/wp\/v2\/media\/167468"}],"wp:attachment":[{"href":"https:\/\/canal7slp.tv\/2025\/wp-json\/wp\/v2\/media?parent=167432"}],"wp:term":[{"taxonomy":"category","embeddable":true,"href":"https:\/\/canal7slp.tv\/2025\/wp-json\/wp\/v2\/categories?post=167432"},{"taxonomy":"post_tag","embeddable":true,"href":"https:\/\/canal7slp.tv\/2025\/wp-json\/wp\/v2\/tags?post=167432"}],"curies":[{"name":"wp","href":"https:\/\/api.w.org\/{rel}","templated":true}]}}