{"id":167270,"date":"2025-05-13T18:23:31","date_gmt":"2025-05-14T00:23:31","guid":{"rendered":"https:\/\/canal7slp.tv\/2025\/?p=167270"},"modified":"2025-05-13T18:23:31","modified_gmt":"2025-05-14T00:23:31","slug":"ciudadanos-recomendaron-estar-informados-de-cara-a-la-eleccion-del-poder-judicial","status":"publish","type":"post","link":"https:\/\/canal7slp.tv\/2025\/ciudadanos-recomendaron-estar-informados-de-cara-a-la-eleccion-del-poder-judicial\/","title":{"rendered":"Ciudadanos recomendaron estar informados de cara a la elecci\u00f3n del Poder Judicial"},"content":{"rendered":"<p style=\"text-align: justify;\"><span style=\"font-size: 1.21429rem;\">SLP.- Para la primera elecci\u00f3n del Poder Judicial los habitantes de San Luis Potos\u00ed recomendaron a la ciudadan\u00eda estar preparados.<\/span><\/p>\n<p style=\"text-align: justify;\">En sondeo realizado por Noticieros Canal 7, los entrevistados reconocieron que ser\u00e1 una votaci\u00f3n complicada al ser la primera de su estilo la del d\u00eda primero de junio.<\/p>\n<p style=\"text-align: justify;\">\u201cNo estamos desinformados la verdad (\u2026) no pues que pues hay que votar por los derecho, sepa qui\u00e9n sean pero hay que echarle ganas para que salga todo derecho adelante\u201d.<\/p>\n<p style=\"text-align: justify;\">\u201cLa verdad es muy importante que se informen primeramente, que de verdad vean la trayectoria de los candidatos m\u00e1s que nada porque pues muy bonito que digan voy a hacer esto, voy a hacer lo otro, cuando pues realmente la facultad que tienen es de juzgar m\u00e1s que nada, o sea de dar un veredicto de los casos que est\u00e1n d\u00e1ndose, m\u00e1s que nada es eso de ver la trayectoria de ver qu\u00e9 tan capaces son para llevar ese cargo, no es solamente elegir nada m\u00e1s porque s\u00ed con toda la lista que hay, creo que es muy importante que pues la poblaci\u00f3n se tome el tiempo de pues s\u00ed de informarse y tomar una decisi\u00f3n m\u00e1s seria ante este tipo de casos y si tienen oportunidad de escuchar alguno de los jueces que se tomen el tiempo m\u00e1s que nada\u201d.<\/p>\n<p style=\"text-align: justify;\">\u201cConsidero que es muy importante informarnos acerca de las propuestas que tienen y la manera en que va a impactar en toda la sociedad, todo este proceso electoral en el Poder Judicial (\u2026) principalmente creo que es importante conocer las actividades que realiza cada cargo y de ah\u00ed tener en criterio lo que propone cada candidato y hacer un juicio propio de si realmente consideramos que puedan cumplir con las facultades que conlleva su puesto\u201d.<\/p>\n<p style=\"text-align: justify;\">\u201cSe va a llevar a cabo el proceso de elecci\u00f3n de quienes impartir\u00e1n justicia en M\u00e9xico a nivel estatal y a nivel federal, por supuesto en consecuencia es fundamental que se conozca a las personas que est\u00e1n participando, que se han postulado, que han superado las distintas etapas del proceso porque s\u00ed es un momento muy importante en la vida del pa\u00eds para la elecci\u00f3n de qui\u00e9nes ocupar\u00e1n los cargos en el Poder Judicial\u201d.<\/p>\n<p style=\"text-align: justify;\">Seg\u00fan la pagina del CEEPAC, a nivel estado se elijar\u00e1n 87 cargos, repartido en 15 del Supremo Tribunal de Justicia,12 juzgados de primera instancia del ramo de lo familiar y siete del ramo civil; en juzgados de primera instancia dos de oralidad mercantil, dos de oralidad civil y familiar, cuatro del ramo mercantil tradicional; nueve de juzgados de primera instancia mixtos, 25 del tribunal de primera instancia de los cuales ser\u00e1n 23 de oralidad penal y dos de oralidad penal justicia para adolescentes; ocho de tribunal de primera instancia de los cuales ser\u00e1n cuatro de materia laboral, uno de penal tradicional y tres de ejecuci\u00f3n de penas y medidas de seguridad, as\u00ed como tres del tribunal de disciplina judicial.<\/p>\n<p style=\"text-align: justify;\">A nivel nacional y seg\u00fan la p\u00e1gina del INE ser\u00e1n nueve Ministras y Ministros de la Suprema Corte de Justicia de la Naci\u00f3n, dos Magistraturas de la Sala Superior del Tribunal Electoral del Poder Judicial de la Federaci\u00f3n, 15 Magistraturas de las Salas Regionales, cinco Magistraturas del Tribunal de Disciplina Judicial, 464 Magistraturas de Circuito y 386 Juezas y Jueces de Distrito.<\/p>\n<p style=\"text-align: justify;\">En la misma plataforma del INE existe un apartado denominado \u201cPractica tu voto Elecci\u00f3n del Poder Judicial\u201d, en la que con un par de datos que se encuentran en la credencial de votar como son estado y secci\u00f3n, se puede practicar la forma en que se realizar\u00e1 la votaci\u00f3n del d\u00eda 1 de junio.<\/p>\n<p>Por: Juan Carlos Contreras<\/p>\n","protected":false},"excerpt":{"rendered":"<p>SLP.- Para la primera elecci\u00f3n del Poder Judicial los habitantes de San Luis Potos\u00ed recomendaron a la ciudadan\u00eda estar preparados. En sondeo realizado por Noticieros Canal 7, los entrevistados reconocieron que ser\u00e1 una votaci\u00f3n complicada al ser la primera de su estilo la del d\u00eda primero de junio. \u201cNo estamos desinformados la verdad (\u2026) no pues que pues hay que votar por los derecho, sepa qui\u00e9n sean pero hay que echarle ganas para que salga todo derecho adelante\u201d. \u201cLa verdad es muy importante que se informen primeramente, que de verdad vean la trayectoria de los candidatos m\u00e1s que nada porque [&hellip;]<\/p>\n","protected":false},"author":2,"featured_media":167430,"comment_status":"closed","ping_status":"closed","sticky":false,"template":"","format":"video","meta":{"_monsterinsights_skip_tracking":false,"_monsterinsights_sitenote_active":false,"_monsterinsights_sitenote_note":"","_monsterinsights_sitenote_category":0,"footnotes":""},"categories":[5,45],"tags":[],"class_list":["post-167270","post","type-post","status-publish","format-video","has-post-thumbnail","hentry","category-destacadas","category-localesyregionales","post_format-post-format-video","post--single"],"yoast_head":"<!-- This site is optimized with the Yoast SEO plugin v27.4 - https:\/\/yoast.com\/product\/yoast-seo-wordpress\/ -->\n<title>Ciudadanos recomendaron estar informados de cara a la elecci\u00f3n del Poder Judicial - Canal 7 SLP - 2025<\/title>\n<meta name=\"robots\" content=\"index, follow, max-snippet:-1, max-image-preview:large, max-video-preview:-1\" \/>\n<link rel=\"canonical\" href=\"https:\/\/canal7slp.tv\/2025\/ciudadanos-recomendaron-estar-informados-de-cara-a-la-eleccion-del-poder-judicial\/\" \/>\n<meta property=\"og:locale\" content=\"es_ES\" \/>\n<meta property=\"og:type\" content=\"article\" \/>\n<meta property=\"og:title\" content=\"Ciudadanos recomendaron estar informados de cara a la elecci\u00f3n del Poder Judicial - Canal 7 SLP - 2025\" \/>\n<meta property=\"og:description\" content=\"SLP.- Para la primera elecci\u00f3n del Poder Judicial los habitantes de San Luis Potos\u00ed recomendaron a la ciudadan\u00eda estar preparados. En sondeo realizado por Noticieros Canal 7, los entrevistados reconocieron que ser\u00e1 una votaci\u00f3n complicada al ser la primera de su estilo la del d\u00eda primero de junio. \u201cNo estamos desinformados la verdad (\u2026) no pues que pues hay que votar por los derecho, sepa qui\u00e9n sean pero hay que echarle ganas para que salga todo derecho adelante\u201d. \u201cLa verdad es muy importante que se informen primeramente, que de verdad vean la trayectoria de los candidatos m\u00e1s que nada porque [&hellip;]\" \/>\n<meta property=\"og:url\" content=\"https:\/\/canal7slp.tv\/2025\/ciudadanos-recomendaron-estar-informados-de-cara-a-la-eleccion-del-poder-judicial\/\" \/>\n<meta property=\"og:site_name\" content=\"Canal 7 SLP - 2025\" \/>\n<meta property=\"article:publisher\" content=\"https:\/\/www.facebook.com\/noticieroscanal7atencionciudadana\/\" \/>\n<meta property=\"article:published_time\" content=\"2025-05-14T00:23:31+00:00\" \/>\n<meta property=\"og:image\" content=\"https:\/\/canal7slp.tv\/2025\/wp-content\/uploads\/2025\/05\/Poky04EleccionJudicial.jpg\" \/>\n\t<meta property=\"og:image:width\" content=\"1280\" \/>\n\t<meta property=\"og:image:height\" content=\"720\" \/>\n\t<meta property=\"og:image:type\" content=\"image\/jpeg\" \/>\n<meta name=\"author\" content=\"Edici\u00f3n Web\" \/>\n<meta name=\"twitter:card\" content=\"summary_large_image\" \/>\n<meta name=\"twitter:creator\" content=\"@NOTICIEROS7\" \/>\n<meta name=\"twitter:site\" content=\"@NOTICIEROS7\" \/>\n<meta name=\"twitter:label1\" content=\"Escrito por\" \/>\n\t<meta name=\"twitter:data1\" content=\"Edici\u00f3n Web\" \/>\n\t<meta name=\"twitter:label2\" content=\"Tiempo de lectura\" \/>\n\t<meta name=\"twitter:data2\" content=\"3 minutos\" \/>\n<script type=\"application\/ld+json\" class=\"yoast-schema-graph\">{\"@context\":\"https:\\\/\\\/schema.org\",\"@graph\":[{\"@type\":\"Article\",\"@id\":\"https:\\\/\\\/canal7slp.tv\\\/2025\\\/ciudadanos-recomendaron-estar-informados-de-cara-a-la-eleccion-del-poder-judicial\\\/#article\",\"isPartOf\":{\"@id\":\"https:\\\/\\\/canal7slp.tv\\\/2025\\\/ciudadanos-recomendaron-estar-informados-de-cara-a-la-eleccion-del-poder-judicial\\\/\"},\"author\":{\"name\":\"Edici\u00f3n Web\",\"@id\":\"https:\\\/\\\/canal7slp.tv\\\/2025\\\/#\\\/schema\\\/person\\\/271e2b60a96e7cc9d9ac296f4d7e414b\"},\"headline\":\"Ciudadanos recomendaron estar informados de cara a la elecci\u00f3n del Poder Judicial\",\"datePublished\":\"2025-05-14T00:23:31+00:00\",\"mainEntityOfPage\":{\"@id\":\"https:\\\/\\\/canal7slp.tv\\\/2025\\\/ciudadanos-recomendaron-estar-informados-de-cara-a-la-eleccion-del-poder-judicial\\\/\"},\"wordCount\":647,\"publisher\":{\"@id\":\"https:\\\/\\\/canal7slp.tv\\\/2025\\\/#organization\"},\"image\":{\"@id\":\"https:\\\/\\\/canal7slp.tv\\\/2025\\\/ciudadanos-recomendaron-estar-informados-de-cara-a-la-eleccion-del-poder-judicial\\\/#primaryimage\"},\"thumbnailUrl\":\"https:\\\/\\\/canal7slp.tv\\\/2025\\\/wp-content\\\/uploads\\\/2025\\\/05\\\/Poky04EleccionJudicial.jpg\",\"articleSection\":[\"DESTACADAS\",\"LOCALES Y REGIONALES\"],\"inLanguage\":\"es\"},{\"@type\":\"WebPage\",\"@id\":\"https:\\\/\\\/canal7slp.tv\\\/2025\\\/ciudadanos-recomendaron-estar-informados-de-cara-a-la-eleccion-del-poder-judicial\\\/\",\"url\":\"https:\\\/\\\/canal7slp.tv\\\/2025\\\/ciudadanos-recomendaron-estar-informados-de-cara-a-la-eleccion-del-poder-judicial\\\/\",\"name\":\"Ciudadanos recomendaron estar informados de cara a la elecci\u00f3n del Poder Judicial - Canal 7 SLP - 2025\",\"isPartOf\":{\"@id\":\"https:\\\/\\\/canal7slp.tv\\\/2025\\\/#website\"},\"primaryImageOfPage\":{\"@id\":\"https:\\\/\\\/canal7slp.tv\\\/2025\\\/ciudadanos-recomendaron-estar-informados-de-cara-a-la-eleccion-del-poder-judicial\\\/#primaryimage\"},\"image\":{\"@id\":\"https:\\\/\\\/canal7slp.tv\\\/2025\\\/ciudadanos-recomendaron-estar-informados-de-cara-a-la-eleccion-del-poder-judicial\\\/#primaryimage\"},\"thumbnailUrl\":\"https:\\\/\\\/canal7slp.tv\\\/2025\\\/wp-content\\\/uploads\\\/2025\\\/05\\\/Poky04EleccionJudicial.jpg\",\"datePublished\":\"2025-05-14T00:23:31+00:00\",\"breadcrumb\":{\"@id\":\"https:\\\/\\\/canal7slp.tv\\\/2025\\\/ciudadanos-recomendaron-estar-informados-de-cara-a-la-eleccion-del-poder-judicial\\\/#breadcrumb\"},\"inLanguage\":\"es\",\"potentialAction\":[{\"@type\":\"ReadAction\",\"target\":[\"https:\\\/\\\/canal7slp.tv\\\/2025\\\/ciudadanos-recomendaron-estar-informados-de-cara-a-la-eleccion-del-poder-judicial\\\/\"]}]},{\"@type\":\"ImageObject\",\"inLanguage\":\"es\",\"@id\":\"https:\\\/\\\/canal7slp.tv\\\/2025\\\/ciudadanos-recomendaron-estar-informados-de-cara-a-la-eleccion-del-poder-judicial\\\/#primaryimage\",\"url\":\"https:\\\/\\\/canal7slp.tv\\\/2025\\\/wp-content\\\/uploads\\\/2025\\\/05\\\/Poky04EleccionJudicial.jpg\",\"contentUrl\":\"https:\\\/\\\/canal7slp.tv\\\/2025\\\/wp-content\\\/uploads\\\/2025\\\/05\\\/Poky04EleccionJudicial.jpg\",\"width\":1280,\"height\":720},{\"@type\":\"BreadcrumbList\",\"@id\":\"https:\\\/\\\/canal7slp.tv\\\/2025\\\/ciudadanos-recomendaron-estar-informados-de-cara-a-la-eleccion-del-poder-judicial\\\/#breadcrumb\",\"itemListElement\":[{\"@type\":\"ListItem\",\"position\":1,\"name\":\"Portada\",\"item\":\"https:\\\/\\\/canal7slp.tv\\\/2025\\\/\"},{\"@type\":\"ListItem\",\"position\":2,\"name\":\"Ciudadanos recomendaron estar informados de cara a la elecci\u00f3n del Poder Judicial\"}]},{\"@type\":\"WebSite\",\"@id\":\"https:\\\/\\\/canal7slp.tv\\\/2025\\\/#website\",\"url\":\"https:\\\/\\\/canal7slp.tv\\\/2025\\\/\",\"name\":\"N7 - Noticieros Canal 7\",\"description\":\"Somos el Medio\",\"publisher\":{\"@id\":\"https:\\\/\\\/canal7slp.tv\\\/2025\\\/#organization\"},\"potentialAction\":[{\"@type\":\"SearchAction\",\"target\":{\"@type\":\"EntryPoint\",\"urlTemplate\":\"https:\\\/\\\/canal7slp.tv\\\/2025\\\/?s={search_term_string}\"},\"query-input\":{\"@type\":\"PropertyValueSpecification\",\"valueRequired\":true,\"valueName\":\"search_term_string\"}}],\"inLanguage\":\"es\"},{\"@type\":\"Organization\",\"@id\":\"https:\\\/\\\/canal7slp.tv\\\/2025\\\/#organization\",\"name\":\"Noticieros Canal 7\",\"url\":\"https:\\\/\\\/canal7slp.tv\\\/2025\\\/\",\"logo\":{\"@type\":\"ImageObject\",\"inLanguage\":\"es\",\"@id\":\"https:\\\/\\\/canal7slp.tv\\\/2025\\\/#\\\/schema\\\/logo\\\/image\\\/\",\"url\":\"https:\\\/\\\/canal7slp.tv\\\/2025\\\/wp-content\\\/uploads\\\/2021\\\/01\\\/logo-noticieros@2x.png\",\"contentUrl\":\"https:\\\/\\\/canal7slp.tv\\\/2025\\\/wp-content\\\/uploads\\\/2021\\\/01\\\/logo-noticieros@2x.png\",\"width\":1017,\"height\":268,\"caption\":\"Noticieros Canal 7\"},\"image\":{\"@id\":\"https:\\\/\\\/canal7slp.tv\\\/2025\\\/#\\\/schema\\\/logo\\\/image\\\/\"},\"sameAs\":[\"https:\\\/\\\/www.facebook.com\\\/noticieroscanal7atencionciudadana\\\/\",\"https:\\\/\\\/x.com\\\/NOTICIEROS7\",\"https:\\\/\\\/www.instagram.com\\\/canal7_slp\",\"https:\\\/\\\/www.youtube.com\\\/channel\\\/UCliiYs-gP3JfJeqdPrNdd5A\"]},{\"@type\":\"Person\",\"@id\":\"https:\\\/\\\/canal7slp.tv\\\/2025\\\/#\\\/schema\\\/person\\\/271e2b60a96e7cc9d9ac296f4d7e414b\",\"name\":\"Edici\u00f3n Web\",\"image\":{\"@type\":\"ImageObject\",\"inLanguage\":\"es\",\"@id\":\"https:\\\/\\\/secure.gravatar.com\\\/avatar\\\/eee448fc3f7164808013b816ba91ac7e43bbe82a70bebac296f8bc6f0addaa1a?s=96&d=mm&r=g\",\"url\":\"https:\\\/\\\/secure.gravatar.com\\\/avatar\\\/eee448fc3f7164808013b816ba91ac7e43bbe82a70bebac296f8bc6f0addaa1a?s=96&d=mm&r=g\",\"contentUrl\":\"https:\\\/\\\/secure.gravatar.com\\\/avatar\\\/eee448fc3f7164808013b816ba91ac7e43bbe82a70bebac296f8bc6f0addaa1a?s=96&d=mm&r=g\",\"caption\":\"Edici\u00f3n Web\"},\"url\":\"https:\\\/\\\/canal7slp.tv\\\/2025\\\/author\\\/edicionweb\\\/\"}]}<\/script>\n<!-- \/ Yoast SEO plugin. -->","yoast_head_json":{"title":"Ciudadanos recomendaron estar informados de cara a la elecci\u00f3n del Poder Judicial - Canal 7 SLP - 2025","robots":{"index":"index","follow":"follow","max-snippet":"max-snippet:-1","max-image-preview":"max-image-preview:large","max-video-preview":"max-video-preview:-1"},"canonical":"https:\/\/canal7slp.tv\/2025\/ciudadanos-recomendaron-estar-informados-de-cara-a-la-eleccion-del-poder-judicial\/","og_locale":"es_ES","og_type":"article","og_title":"Ciudadanos recomendaron estar informados de cara a la elecci\u00f3n del Poder Judicial - Canal 7 SLP - 2025","og_description":"SLP.- Para la primera elecci\u00f3n del Poder Judicial los habitantes de San Luis Potos\u00ed recomendaron a la ciudadan\u00eda estar preparados. En sondeo realizado por Noticieros Canal 7, los entrevistados reconocieron que ser\u00e1 una votaci\u00f3n complicada al ser la primera de su estilo la del d\u00eda primero de junio. \u201cNo estamos desinformados la verdad (\u2026) no pues que pues hay que votar por los derecho, sepa qui\u00e9n sean pero hay que echarle ganas para que salga todo derecho adelante\u201d. \u201cLa verdad es muy importante que se informen primeramente, que de verdad vean la trayectoria de los candidatos m\u00e1s que nada porque [&hellip;]","og_url":"https:\/\/canal7slp.tv\/2025\/ciudadanos-recomendaron-estar-informados-de-cara-a-la-eleccion-del-poder-judicial\/","og_site_name":"Canal 7 SLP - 2025","article_publisher":"https:\/\/www.facebook.com\/noticieroscanal7atencionciudadana\/","article_published_time":"2025-05-14T00:23:31+00:00","og_image":[{"width":1280,"height":720,"url":"https:\/\/canal7slp.tv\/2025\/wp-content\/uploads\/2025\/05\/Poky04EleccionJudicial.jpg","type":"image\/jpeg"}],"author":"Edici\u00f3n Web","twitter_card":"summary_large_image","twitter_creator":"@NOTICIEROS7","twitter_site":"@NOTICIEROS7","twitter_misc":{"Escrito por":"Edici\u00f3n Web","Tiempo de lectura":"3 minutos"},"schema":{"@context":"https:\/\/schema.org","@graph":[{"@type":"Article","@id":"https:\/\/canal7slp.tv\/2025\/ciudadanos-recomendaron-estar-informados-de-cara-a-la-eleccion-del-poder-judicial\/#article","isPartOf":{"@id":"https:\/\/canal7slp.tv\/2025\/ciudadanos-recomendaron-estar-informados-de-cara-a-la-eleccion-del-poder-judicial\/"},"author":{"name":"Edici\u00f3n Web","@id":"https:\/\/canal7slp.tv\/2025\/#\/schema\/person\/271e2b60a96e7cc9d9ac296f4d7e414b"},"headline":"Ciudadanos recomendaron estar informados de cara a la elecci\u00f3n del Poder Judicial","datePublished":"2025-05-14T00:23:31+00:00","mainEntityOfPage":{"@id":"https:\/\/canal7slp.tv\/2025\/ciudadanos-recomendaron-estar-informados-de-cara-a-la-eleccion-del-poder-judicial\/"},"wordCount":647,"publisher":{"@id":"https:\/\/canal7slp.tv\/2025\/#organization"},"image":{"@id":"https:\/\/canal7slp.tv\/2025\/ciudadanos-recomendaron-estar-informados-de-cara-a-la-eleccion-del-poder-judicial\/#primaryimage"},"thumbnailUrl":"https:\/\/canal7slp.tv\/2025\/wp-content\/uploads\/2025\/05\/Poky04EleccionJudicial.jpg","articleSection":["DESTACADAS","LOCALES Y REGIONALES"],"inLanguage":"es"},{"@type":"WebPage","@id":"https:\/\/canal7slp.tv\/2025\/ciudadanos-recomendaron-estar-informados-de-cara-a-la-eleccion-del-poder-judicial\/","url":"https:\/\/canal7slp.tv\/2025\/ciudadanos-recomendaron-estar-informados-de-cara-a-la-eleccion-del-poder-judicial\/","name":"Ciudadanos recomendaron estar informados de cara a la elecci\u00f3n del Poder Judicial - Canal 7 SLP - 2025","isPartOf":{"@id":"https:\/\/canal7slp.tv\/2025\/#website"},"primaryImageOfPage":{"@id":"https:\/\/canal7slp.tv\/2025\/ciudadanos-recomendaron-estar-informados-de-cara-a-la-eleccion-del-poder-judicial\/#primaryimage"},"image":{"@id":"https:\/\/canal7slp.tv\/2025\/ciudadanos-recomendaron-estar-informados-de-cara-a-la-eleccion-del-poder-judicial\/#primaryimage"},"thumbnailUrl":"https:\/\/canal7slp.tv\/2025\/wp-content\/uploads\/2025\/05\/Poky04EleccionJudicial.jpg","datePublished":"2025-05-14T00:23:31+00:00","breadcrumb":{"@id":"https:\/\/canal7slp.tv\/2025\/ciudadanos-recomendaron-estar-informados-de-cara-a-la-eleccion-del-poder-judicial\/#breadcrumb"},"inLanguage":"es","potentialAction":[{"@type":"ReadAction","target":["https:\/\/canal7slp.tv\/2025\/ciudadanos-recomendaron-estar-informados-de-cara-a-la-eleccion-del-poder-judicial\/"]}]},{"@type":"ImageObject","inLanguage":"es","@id":"https:\/\/canal7slp.tv\/2025\/ciudadanos-recomendaron-estar-informados-de-cara-a-la-eleccion-del-poder-judicial\/#primaryimage","url":"https:\/\/canal7slp.tv\/2025\/wp-content\/uploads\/2025\/05\/Poky04EleccionJudicial.jpg","contentUrl":"https:\/\/canal7slp.tv\/2025\/wp-content\/uploads\/2025\/05\/Poky04EleccionJudicial.jpg","width":1280,"height":720},{"@type":"BreadcrumbList","@id":"https:\/\/canal7slp.tv\/2025\/ciudadanos-recomendaron-estar-informados-de-cara-a-la-eleccion-del-poder-judicial\/#breadcrumb","itemListElement":[{"@type":"ListItem","position":1,"name":"Portada","item":"https:\/\/canal7slp.tv\/2025\/"},{"@type":"ListItem","position":2,"name":"Ciudadanos recomendaron estar informados de cara a la elecci\u00f3n del Poder Judicial"}]},{"@type":"WebSite","@id":"https:\/\/canal7slp.tv\/2025\/#website","url":"https:\/\/canal7slp.tv\/2025\/","name":"N7 - Noticieros Canal 7","description":"Somos el Medio","publisher":{"@id":"https:\/\/canal7slp.tv\/2025\/#organization"},"potentialAction":[{"@type":"SearchAction","target":{"@type":"EntryPoint","urlTemplate":"https:\/\/canal7slp.tv\/2025\/?s={search_term_string}"},"query-input":{"@type":"PropertyValueSpecification","valueRequired":true,"valueName":"search_term_string"}}],"inLanguage":"es"},{"@type":"Organization","@id":"https:\/\/canal7slp.tv\/2025\/#organization","name":"Noticieros Canal 7","url":"https:\/\/canal7slp.tv\/2025\/","logo":{"@type":"ImageObject","inLanguage":"es","@id":"https:\/\/canal7slp.tv\/2025\/#\/schema\/logo\/image\/","url":"https:\/\/canal7slp.tv\/2025\/wp-content\/uploads\/2021\/01\/logo-noticieros@2x.png","contentUrl":"https:\/\/canal7slp.tv\/2025\/wp-content\/uploads\/2021\/01\/logo-noticieros@2x.png","width":1017,"height":268,"caption":"Noticieros Canal 7"},"image":{"@id":"https:\/\/canal7slp.tv\/2025\/#\/schema\/logo\/image\/"},"sameAs":["https:\/\/www.facebook.com\/noticieroscanal7atencionciudadana\/","https:\/\/x.com\/NOTICIEROS7","https:\/\/www.instagram.com\/canal7_slp","https:\/\/www.youtube.com\/channel\/UCliiYs-gP3JfJeqdPrNdd5A"]},{"@type":"Person","@id":"https:\/\/canal7slp.tv\/2025\/#\/schema\/person\/271e2b60a96e7cc9d9ac296f4d7e414b","name":"Edici\u00f3n Web","image":{"@type":"ImageObject","inLanguage":"es","@id":"https:\/\/secure.gravatar.com\/avatar\/eee448fc3f7164808013b816ba91ac7e43bbe82a70bebac296f8bc6f0addaa1a?s=96&d=mm&r=g","url":"https:\/\/secure.gravatar.com\/avatar\/eee448fc3f7164808013b816ba91ac7e43bbe82a70bebac296f8bc6f0addaa1a?s=96&d=mm&r=g","contentUrl":"https:\/\/secure.gravatar.com\/avatar\/eee448fc3f7164808013b816ba91ac7e43bbe82a70bebac296f8bc6f0addaa1a?s=96&d=mm&r=g","caption":"Edici\u00f3n Web"},"url":"https:\/\/canal7slp.tv\/2025\/author\/edicionweb\/"}]}},"_links":{"self":[{"href":"https:\/\/canal7slp.tv\/2025\/wp-json\/wp\/v2\/posts\/167270","targetHints":{"allow":["GET"]}}],"collection":[{"href":"https:\/\/canal7slp.tv\/2025\/wp-json\/wp\/v2\/posts"}],"about":[{"href":"https:\/\/canal7slp.tv\/2025\/wp-json\/wp\/v2\/types\/post"}],"author":[{"embeddable":true,"href":"https:\/\/canal7slp.tv\/2025\/wp-json\/wp\/v2\/users\/2"}],"replies":[{"embeddable":true,"href":"https:\/\/canal7slp.tv\/2025\/wp-json\/wp\/v2\/comments?post=167270"}],"version-history":[{"count":2,"href":"https:\/\/canal7slp.tv\/2025\/wp-json\/wp\/v2\/posts\/167270\/revisions"}],"predecessor-version":[{"id":167431,"href":"https:\/\/canal7slp.tv\/2025\/wp-json\/wp\/v2\/posts\/167270\/revisions\/167431"}],"wp:featuredmedia":[{"embeddable":true,"href":"https:\/\/canal7slp.tv\/2025\/wp-json\/wp\/v2\/media\/167430"}],"wp:attachment":[{"href":"https:\/\/canal7slp.tv\/2025\/wp-json\/wp\/v2\/media?parent=167270"}],"wp:term":[{"taxonomy":"category","embeddable":true,"href":"https:\/\/canal7slp.tv\/2025\/wp-json\/wp\/v2\/categories?post=167270"},{"taxonomy":"post_tag","embeddable":true,"href":"https:\/\/canal7slp.tv\/2025\/wp-json\/wp\/v2\/tags?post=167270"}],"curies":[{"name":"wp","href":"https:\/\/api.w.org\/{rel}","templated":true}]}}