{"id":167269,"date":"2025-05-13T18:05:57","date_gmt":"2025-05-14T00:05:57","guid":{"rendered":"https:\/\/canal7slp.tv\/2025\/?p=167269"},"modified":"2025-05-13T18:05:57","modified_gmt":"2025-05-14T00:05:57","slug":"arrancara-sgs-programa-de-concientizacion-de-motociclistas-para-uso-de-equipo-protector","status":"publish","type":"post","link":"https:\/\/canal7slp.tv\/2025\/arrancara-sgs-programa-de-concientizacion-de-motociclistas-para-uso-de-equipo-protector\/","title":{"rendered":"Arrancar\u00e1 SGS programa de concientizaci\u00f3n de motociclistas para uso de equipo protector"},"content":{"rendered":"<p style=\"text-align: justify;\"><span style=\"font-size: 1.21429rem;\">SGS.- El programa \u201cSi no sabes qu\u00e9 ponerte, ponte casco\u201d comenzar\u00e1 en Soledad de Graciano S\u00e1nchez en breve y estar\u00e1 enfocado en la seguridad de los motociclistas, as\u00ed lo expuso el titular de Seguridad Vial y Movilidad de la Guardia Civil, Edgar Horacio Obreg\u00f3n Coronado.<\/span><\/p>\n<p style=\"text-align: justify;\">\u201cEs meramente para concientizar a los conductores de motocicletas al uso de equipo protector, casco (\u2026) la protecci\u00f3n es mucha la que demandan este tipo de veh\u00edculos, principalmente es el uso del casco protector\u201d.<\/p>\n<p style=\"text-align: justify;\">Neg\u00f3 que se tenga una finalidad recaudatoria.<\/p>\n<p style=\"text-align: justify;\">\u201cNo es con fines recaudatorios, se van a empezar a hacer recomendaciones nada m\u00e1s, se van a hacer llamadas de atenci\u00f3n a todos los conductores de este tipo de veh\u00edculos que detectemos que no traigan el casco protector\u201d.<\/p>\n<p style=\"text-align: justify;\">Evitar saldos fatales es la finalidad.<\/p>\n<p style=\"text-align: justify;\">\u201cEs meramente preventivo y para tratar de erradicar el mayor n\u00famero de accidentes en este tipo de veh\u00edculos y en todos los veh\u00edculos en general\u201d.<\/p>\n<p style=\"text-align: justify;\">El operativo se colocar\u00e1 en diversos puntos.<\/p>\n<p style=\"text-align: justify;\">\u201cVamos a escoger puntos estrat\u00e9gicos, espec\u00edficos en avenidas principales, pretendemos arrancar aqu\u00ed en zona centro de Soledad, nos vamos a ir un d\u00eda aqu\u00ed, otro d\u00eda a avenida de Los Pinos, avenida San Pedro, donde hay mayor flujo vehicular\u201d.<\/p>\n<p style=\"text-align: justify;\">Se busca prevenir tambi\u00e9n que m\u00e1s de dos personas ocupen una sola motocicleta ya que es otra de las problem\u00e1ticas en este tipo de transportes.<\/p>\n<p>Por: Juan Carlos Contreras<\/p>\n","protected":false},"excerpt":{"rendered":"<p>SGS.- El programa \u201cSi no sabes qu\u00e9 ponerte, ponte casco\u201d comenzar\u00e1 en Soledad de Graciano S\u00e1nchez en breve y estar\u00e1 enfocado en la seguridad de los motociclistas, as\u00ed lo expuso el titular de Seguridad Vial y Movilidad de la Guardia Civil, Edgar Horacio Obreg\u00f3n Coronado. \u201cEs meramente para concientizar a los conductores de motocicletas al uso de equipo protector, casco (\u2026) la protecci\u00f3n es mucha la que demandan este tipo de veh\u00edculos, principalmente es el uso del casco protector\u201d. Neg\u00f3 que se tenga una finalidad recaudatoria. \u201cNo es con fines recaudatorios, se van a empezar a hacer recomendaciones nada m\u00e1s, [&hellip;]<\/p>\n","protected":false},"author":2,"featured_media":167426,"comment_status":"closed","ping_status":"closed","sticky":false,"template":"","format":"video","meta":{"_monsterinsights_skip_tracking":false,"_monsterinsights_sitenote_active":false,"_monsterinsights_sitenote_note":"","_monsterinsights_sitenote_category":0,"footnotes":""},"categories":[512,5,45],"tags":[],"class_list":["post-167269","post","type-post","status-publish","format-video","has-post-thumbnail","hentry","category-ayosgs","category-destacadas","category-localesyregionales","post_format-post-format-video","post--single"],"yoast_head":"<!-- This site is optimized with the Yoast SEO plugin v27.5 - https:\/\/yoast.com\/product\/yoast-seo-wordpress\/ -->\n<title>Arrancar\u00e1 SGS programa de concientizaci\u00f3n de motociclistas para uso de equipo protector - Canal 7 SLP - 2025<\/title>\n<meta name=\"robots\" content=\"index, follow, max-snippet:-1, max-image-preview:large, max-video-preview:-1\" \/>\n<link rel=\"canonical\" href=\"https:\/\/canal7slp.tv\/2025\/arrancara-sgs-programa-de-concientizacion-de-motociclistas-para-uso-de-equipo-protector\/\" \/>\n<meta property=\"og:locale\" content=\"es_ES\" \/>\n<meta property=\"og:type\" content=\"article\" \/>\n<meta property=\"og:title\" content=\"Arrancar\u00e1 SGS programa de concientizaci\u00f3n de motociclistas para uso de equipo protector - Canal 7 SLP - 2025\" \/>\n<meta property=\"og:description\" content=\"SGS.- El programa \u201cSi no sabes qu\u00e9 ponerte, ponte casco\u201d comenzar\u00e1 en Soledad de Graciano S\u00e1nchez en breve y estar\u00e1 enfocado en la seguridad de los motociclistas, as\u00ed lo expuso el titular de Seguridad Vial y Movilidad de la Guardia Civil, Edgar Horacio Obreg\u00f3n Coronado. \u201cEs meramente para concientizar a los conductores de motocicletas al uso de equipo protector, casco (\u2026) la protecci\u00f3n es mucha la que demandan este tipo de veh\u00edculos, principalmente es el uso del casco protector\u201d. Neg\u00f3 que se tenga una finalidad recaudatoria. \u201cNo es con fines recaudatorios, se van a empezar a hacer recomendaciones nada m\u00e1s, [&hellip;]\" \/>\n<meta property=\"og:url\" content=\"https:\/\/canal7slp.tv\/2025\/arrancara-sgs-programa-de-concientizacion-de-motociclistas-para-uso-de-equipo-protector\/\" \/>\n<meta property=\"og:site_name\" content=\"Canal 7 SLP - 2025\" \/>\n<meta property=\"article:publisher\" content=\"https:\/\/www.facebook.com\/noticieroscanal7atencionciudadana\/\" \/>\n<meta property=\"article:published_time\" content=\"2025-05-14T00:05:57+00:00\" \/>\n<meta property=\"og:image\" content=\"https:\/\/canal7slp.tv\/2025\/wp-content\/uploads\/2025\/05\/Poky03CampaniaPrevencion.jpg\" \/>\n\t<meta property=\"og:image:width\" content=\"1280\" \/>\n\t<meta property=\"og:image:height\" content=\"720\" \/>\n\t<meta property=\"og:image:type\" content=\"image\/jpeg\" \/>\n<meta name=\"author\" content=\"Edici\u00f3n Web\" \/>\n<meta name=\"twitter:card\" content=\"summary_large_image\" \/>\n<meta name=\"twitter:creator\" content=\"@NOTICIEROS7\" \/>\n<meta name=\"twitter:site\" content=\"@NOTICIEROS7\" \/>\n<meta name=\"twitter:label1\" content=\"Escrito por\" \/>\n\t<meta name=\"twitter:data1\" content=\"Edici\u00f3n Web\" \/>\n\t<meta name=\"twitter:label2\" content=\"Tiempo de lectura\" \/>\n\t<meta name=\"twitter:data2\" content=\"2 minutos\" \/>\n<script type=\"application\/ld+json\" class=\"yoast-schema-graph\">{\"@context\":\"https:\\\/\\\/schema.org\",\"@graph\":[{\"@type\":\"Article\",\"@id\":\"https:\\\/\\\/canal7slp.tv\\\/2025\\\/arrancara-sgs-programa-de-concientizacion-de-motociclistas-para-uso-de-equipo-protector\\\/#article\",\"isPartOf\":{\"@id\":\"https:\\\/\\\/canal7slp.tv\\\/2025\\\/arrancara-sgs-programa-de-concientizacion-de-motociclistas-para-uso-de-equipo-protector\\\/\"},\"author\":{\"name\":\"Edici\u00f3n Web\",\"@id\":\"https:\\\/\\\/canal7slp.tv\\\/2025\\\/#\\\/schema\\\/person\\\/271e2b60a96e7cc9d9ac296f4d7e414b\"},\"headline\":\"Arrancar\u00e1 SGS programa de concientizaci\u00f3n de motociclistas para uso de equipo protector\",\"datePublished\":\"2025-05-14T00:05:57+00:00\",\"mainEntityOfPage\":{\"@id\":\"https:\\\/\\\/canal7slp.tv\\\/2025\\\/arrancara-sgs-programa-de-concientizacion-de-motociclistas-para-uso-de-equipo-protector\\\/\"},\"wordCount\":260,\"publisher\":{\"@id\":\"https:\\\/\\\/canal7slp.tv\\\/2025\\\/#organization\"},\"image\":{\"@id\":\"https:\\\/\\\/canal7slp.tv\\\/2025\\\/arrancara-sgs-programa-de-concientizacion-de-motociclistas-para-uso-de-equipo-protector\\\/#primaryimage\"},\"thumbnailUrl\":\"https:\\\/\\\/canal7slp.tv\\\/2025\\\/wp-content\\\/uploads\\\/2025\\\/05\\\/Poky03CampaniaPrevencion.jpg\",\"articleSection\":[\"AYOSGS\",\"DESTACADAS\",\"LOCALES Y REGIONALES\"],\"inLanguage\":\"es\"},{\"@type\":\"WebPage\",\"@id\":\"https:\\\/\\\/canal7slp.tv\\\/2025\\\/arrancara-sgs-programa-de-concientizacion-de-motociclistas-para-uso-de-equipo-protector\\\/\",\"url\":\"https:\\\/\\\/canal7slp.tv\\\/2025\\\/arrancara-sgs-programa-de-concientizacion-de-motociclistas-para-uso-de-equipo-protector\\\/\",\"name\":\"Arrancar\u00e1 SGS programa de concientizaci\u00f3n de motociclistas para uso de equipo protector - Canal 7 SLP - 2025\",\"isPartOf\":{\"@id\":\"https:\\\/\\\/canal7slp.tv\\\/2025\\\/#website\"},\"primaryImageOfPage\":{\"@id\":\"https:\\\/\\\/canal7slp.tv\\\/2025\\\/arrancara-sgs-programa-de-concientizacion-de-motociclistas-para-uso-de-equipo-protector\\\/#primaryimage\"},\"image\":{\"@id\":\"https:\\\/\\\/canal7slp.tv\\\/2025\\\/arrancara-sgs-programa-de-concientizacion-de-motociclistas-para-uso-de-equipo-protector\\\/#primaryimage\"},\"thumbnailUrl\":\"https:\\\/\\\/canal7slp.tv\\\/2025\\\/wp-content\\\/uploads\\\/2025\\\/05\\\/Poky03CampaniaPrevencion.jpg\",\"datePublished\":\"2025-05-14T00:05:57+00:00\",\"breadcrumb\":{\"@id\":\"https:\\\/\\\/canal7slp.tv\\\/2025\\\/arrancara-sgs-programa-de-concientizacion-de-motociclistas-para-uso-de-equipo-protector\\\/#breadcrumb\"},\"inLanguage\":\"es\",\"potentialAction\":[{\"@type\":\"ReadAction\",\"target\":[\"https:\\\/\\\/canal7slp.tv\\\/2025\\\/arrancara-sgs-programa-de-concientizacion-de-motociclistas-para-uso-de-equipo-protector\\\/\"]}]},{\"@type\":\"ImageObject\",\"inLanguage\":\"es\",\"@id\":\"https:\\\/\\\/canal7slp.tv\\\/2025\\\/arrancara-sgs-programa-de-concientizacion-de-motociclistas-para-uso-de-equipo-protector\\\/#primaryimage\",\"url\":\"https:\\\/\\\/canal7slp.tv\\\/2025\\\/wp-content\\\/uploads\\\/2025\\\/05\\\/Poky03CampaniaPrevencion.jpg\",\"contentUrl\":\"https:\\\/\\\/canal7slp.tv\\\/2025\\\/wp-content\\\/uploads\\\/2025\\\/05\\\/Poky03CampaniaPrevencion.jpg\",\"width\":1280,\"height\":720},{\"@type\":\"BreadcrumbList\",\"@id\":\"https:\\\/\\\/canal7slp.tv\\\/2025\\\/arrancara-sgs-programa-de-concientizacion-de-motociclistas-para-uso-de-equipo-protector\\\/#breadcrumb\",\"itemListElement\":[{\"@type\":\"ListItem\",\"position\":1,\"name\":\"Portada\",\"item\":\"https:\\\/\\\/canal7slp.tv\\\/2025\\\/\"},{\"@type\":\"ListItem\",\"position\":2,\"name\":\"Arrancar\u00e1 SGS programa de concientizaci\u00f3n de motociclistas para uso de equipo protector\"}]},{\"@type\":\"WebSite\",\"@id\":\"https:\\\/\\\/canal7slp.tv\\\/2025\\\/#website\",\"url\":\"https:\\\/\\\/canal7slp.tv\\\/2025\\\/\",\"name\":\"N7 - Noticieros Canal 7\",\"description\":\"Somos el Medio\",\"publisher\":{\"@id\":\"https:\\\/\\\/canal7slp.tv\\\/2025\\\/#organization\"},\"potentialAction\":[{\"@type\":\"SearchAction\",\"target\":{\"@type\":\"EntryPoint\",\"urlTemplate\":\"https:\\\/\\\/canal7slp.tv\\\/2025\\\/?s={search_term_string}\"},\"query-input\":{\"@type\":\"PropertyValueSpecification\",\"valueRequired\":true,\"valueName\":\"search_term_string\"}}],\"inLanguage\":\"es\"},{\"@type\":\"Organization\",\"@id\":\"https:\\\/\\\/canal7slp.tv\\\/2025\\\/#organization\",\"name\":\"Noticieros Canal 7\",\"url\":\"https:\\\/\\\/canal7slp.tv\\\/2025\\\/\",\"logo\":{\"@type\":\"ImageObject\",\"inLanguage\":\"es\",\"@id\":\"https:\\\/\\\/canal7slp.tv\\\/2025\\\/#\\\/schema\\\/logo\\\/image\\\/\",\"url\":\"https:\\\/\\\/canal7slp.tv\\\/2025\\\/wp-content\\\/uploads\\\/2021\\\/01\\\/logo-noticieros@2x.png\",\"contentUrl\":\"https:\\\/\\\/canal7slp.tv\\\/2025\\\/wp-content\\\/uploads\\\/2021\\\/01\\\/logo-noticieros@2x.png\",\"width\":1017,\"height\":268,\"caption\":\"Noticieros Canal 7\"},\"image\":{\"@id\":\"https:\\\/\\\/canal7slp.tv\\\/2025\\\/#\\\/schema\\\/logo\\\/image\\\/\"},\"sameAs\":[\"https:\\\/\\\/www.facebook.com\\\/noticieroscanal7atencionciudadana\\\/\",\"https:\\\/\\\/x.com\\\/NOTICIEROS7\",\"https:\\\/\\\/www.instagram.com\\\/canal7_slp\",\"https:\\\/\\\/www.youtube.com\\\/channel\\\/UCliiYs-gP3JfJeqdPrNdd5A\"]},{\"@type\":\"Person\",\"@id\":\"https:\\\/\\\/canal7slp.tv\\\/2025\\\/#\\\/schema\\\/person\\\/271e2b60a96e7cc9d9ac296f4d7e414b\",\"name\":\"Edici\u00f3n Web\",\"image\":{\"@type\":\"ImageObject\",\"inLanguage\":\"es\",\"@id\":\"https:\\\/\\\/secure.gravatar.com\\\/avatar\\\/eee448fc3f7164808013b816ba91ac7e43bbe82a70bebac296f8bc6f0addaa1a?s=96&d=mm&r=g\",\"url\":\"https:\\\/\\\/secure.gravatar.com\\\/avatar\\\/eee448fc3f7164808013b816ba91ac7e43bbe82a70bebac296f8bc6f0addaa1a?s=96&d=mm&r=g\",\"contentUrl\":\"https:\\\/\\\/secure.gravatar.com\\\/avatar\\\/eee448fc3f7164808013b816ba91ac7e43bbe82a70bebac296f8bc6f0addaa1a?s=96&d=mm&r=g\",\"caption\":\"Edici\u00f3n Web\"},\"url\":\"https:\\\/\\\/canal7slp.tv\\\/2025\\\/author\\\/edicionweb\\\/\"}]}<\/script>\n<!-- \/ Yoast SEO plugin. -->","yoast_head_json":{"title":"Arrancar\u00e1 SGS programa de concientizaci\u00f3n de motociclistas para uso de equipo protector - Canal 7 SLP - 2025","robots":{"index":"index","follow":"follow","max-snippet":"max-snippet:-1","max-image-preview":"max-image-preview:large","max-video-preview":"max-video-preview:-1"},"canonical":"https:\/\/canal7slp.tv\/2025\/arrancara-sgs-programa-de-concientizacion-de-motociclistas-para-uso-de-equipo-protector\/","og_locale":"es_ES","og_type":"article","og_title":"Arrancar\u00e1 SGS programa de concientizaci\u00f3n de motociclistas para uso de equipo protector - Canal 7 SLP - 2025","og_description":"SGS.- El programa \u201cSi no sabes qu\u00e9 ponerte, ponte casco\u201d comenzar\u00e1 en Soledad de Graciano S\u00e1nchez en breve y estar\u00e1 enfocado en la seguridad de los motociclistas, as\u00ed lo expuso el titular de Seguridad Vial y Movilidad de la Guardia Civil, Edgar Horacio Obreg\u00f3n Coronado. \u201cEs meramente para concientizar a los conductores de motocicletas al uso de equipo protector, casco (\u2026) la protecci\u00f3n es mucha la que demandan este tipo de veh\u00edculos, principalmente es el uso del casco protector\u201d. Neg\u00f3 que se tenga una finalidad recaudatoria. \u201cNo es con fines recaudatorios, se van a empezar a hacer recomendaciones nada m\u00e1s, [&hellip;]","og_url":"https:\/\/canal7slp.tv\/2025\/arrancara-sgs-programa-de-concientizacion-de-motociclistas-para-uso-de-equipo-protector\/","og_site_name":"Canal 7 SLP - 2025","article_publisher":"https:\/\/www.facebook.com\/noticieroscanal7atencionciudadana\/","article_published_time":"2025-05-14T00:05:57+00:00","og_image":[{"width":1280,"height":720,"url":"https:\/\/canal7slp.tv\/2025\/wp-content\/uploads\/2025\/05\/Poky03CampaniaPrevencion.jpg","type":"image\/jpeg"}],"author":"Edici\u00f3n Web","twitter_card":"summary_large_image","twitter_creator":"@NOTICIEROS7","twitter_site":"@NOTICIEROS7","twitter_misc":{"Escrito por":"Edici\u00f3n Web","Tiempo de lectura":"2 minutos"},"schema":{"@context":"https:\/\/schema.org","@graph":[{"@type":"Article","@id":"https:\/\/canal7slp.tv\/2025\/arrancara-sgs-programa-de-concientizacion-de-motociclistas-para-uso-de-equipo-protector\/#article","isPartOf":{"@id":"https:\/\/canal7slp.tv\/2025\/arrancara-sgs-programa-de-concientizacion-de-motociclistas-para-uso-de-equipo-protector\/"},"author":{"name":"Edici\u00f3n Web","@id":"https:\/\/canal7slp.tv\/2025\/#\/schema\/person\/271e2b60a96e7cc9d9ac296f4d7e414b"},"headline":"Arrancar\u00e1 SGS programa de concientizaci\u00f3n de motociclistas para uso de equipo protector","datePublished":"2025-05-14T00:05:57+00:00","mainEntityOfPage":{"@id":"https:\/\/canal7slp.tv\/2025\/arrancara-sgs-programa-de-concientizacion-de-motociclistas-para-uso-de-equipo-protector\/"},"wordCount":260,"publisher":{"@id":"https:\/\/canal7slp.tv\/2025\/#organization"},"image":{"@id":"https:\/\/canal7slp.tv\/2025\/arrancara-sgs-programa-de-concientizacion-de-motociclistas-para-uso-de-equipo-protector\/#primaryimage"},"thumbnailUrl":"https:\/\/canal7slp.tv\/2025\/wp-content\/uploads\/2025\/05\/Poky03CampaniaPrevencion.jpg","articleSection":["AYOSGS","DESTACADAS","LOCALES Y REGIONALES"],"inLanguage":"es"},{"@type":"WebPage","@id":"https:\/\/canal7slp.tv\/2025\/arrancara-sgs-programa-de-concientizacion-de-motociclistas-para-uso-de-equipo-protector\/","url":"https:\/\/canal7slp.tv\/2025\/arrancara-sgs-programa-de-concientizacion-de-motociclistas-para-uso-de-equipo-protector\/","name":"Arrancar\u00e1 SGS programa de concientizaci\u00f3n de motociclistas para uso de equipo protector - Canal 7 SLP - 2025","isPartOf":{"@id":"https:\/\/canal7slp.tv\/2025\/#website"},"primaryImageOfPage":{"@id":"https:\/\/canal7slp.tv\/2025\/arrancara-sgs-programa-de-concientizacion-de-motociclistas-para-uso-de-equipo-protector\/#primaryimage"},"image":{"@id":"https:\/\/canal7slp.tv\/2025\/arrancara-sgs-programa-de-concientizacion-de-motociclistas-para-uso-de-equipo-protector\/#primaryimage"},"thumbnailUrl":"https:\/\/canal7slp.tv\/2025\/wp-content\/uploads\/2025\/05\/Poky03CampaniaPrevencion.jpg","datePublished":"2025-05-14T00:05:57+00:00","breadcrumb":{"@id":"https:\/\/canal7slp.tv\/2025\/arrancara-sgs-programa-de-concientizacion-de-motociclistas-para-uso-de-equipo-protector\/#breadcrumb"},"inLanguage":"es","potentialAction":[{"@type":"ReadAction","target":["https:\/\/canal7slp.tv\/2025\/arrancara-sgs-programa-de-concientizacion-de-motociclistas-para-uso-de-equipo-protector\/"]}]},{"@type":"ImageObject","inLanguage":"es","@id":"https:\/\/canal7slp.tv\/2025\/arrancara-sgs-programa-de-concientizacion-de-motociclistas-para-uso-de-equipo-protector\/#primaryimage","url":"https:\/\/canal7slp.tv\/2025\/wp-content\/uploads\/2025\/05\/Poky03CampaniaPrevencion.jpg","contentUrl":"https:\/\/canal7slp.tv\/2025\/wp-content\/uploads\/2025\/05\/Poky03CampaniaPrevencion.jpg","width":1280,"height":720},{"@type":"BreadcrumbList","@id":"https:\/\/canal7slp.tv\/2025\/arrancara-sgs-programa-de-concientizacion-de-motociclistas-para-uso-de-equipo-protector\/#breadcrumb","itemListElement":[{"@type":"ListItem","position":1,"name":"Portada","item":"https:\/\/canal7slp.tv\/2025\/"},{"@type":"ListItem","position":2,"name":"Arrancar\u00e1 SGS programa de concientizaci\u00f3n de motociclistas para uso de equipo protector"}]},{"@type":"WebSite","@id":"https:\/\/canal7slp.tv\/2025\/#website","url":"https:\/\/canal7slp.tv\/2025\/","name":"N7 - Noticieros Canal 7","description":"Somos el Medio","publisher":{"@id":"https:\/\/canal7slp.tv\/2025\/#organization"},"potentialAction":[{"@type":"SearchAction","target":{"@type":"EntryPoint","urlTemplate":"https:\/\/canal7slp.tv\/2025\/?s={search_term_string}"},"query-input":{"@type":"PropertyValueSpecification","valueRequired":true,"valueName":"search_term_string"}}],"inLanguage":"es"},{"@type":"Organization","@id":"https:\/\/canal7slp.tv\/2025\/#organization","name":"Noticieros Canal 7","url":"https:\/\/canal7slp.tv\/2025\/","logo":{"@type":"ImageObject","inLanguage":"es","@id":"https:\/\/canal7slp.tv\/2025\/#\/schema\/logo\/image\/","url":"https:\/\/canal7slp.tv\/2025\/wp-content\/uploads\/2021\/01\/logo-noticieros@2x.png","contentUrl":"https:\/\/canal7slp.tv\/2025\/wp-content\/uploads\/2021\/01\/logo-noticieros@2x.png","width":1017,"height":268,"caption":"Noticieros Canal 7"},"image":{"@id":"https:\/\/canal7slp.tv\/2025\/#\/schema\/logo\/image\/"},"sameAs":["https:\/\/www.facebook.com\/noticieroscanal7atencionciudadana\/","https:\/\/x.com\/NOTICIEROS7","https:\/\/www.instagram.com\/canal7_slp","https:\/\/www.youtube.com\/channel\/UCliiYs-gP3JfJeqdPrNdd5A"]},{"@type":"Person","@id":"https:\/\/canal7slp.tv\/2025\/#\/schema\/person\/271e2b60a96e7cc9d9ac296f4d7e414b","name":"Edici\u00f3n Web","image":{"@type":"ImageObject","inLanguage":"es","@id":"https:\/\/secure.gravatar.com\/avatar\/eee448fc3f7164808013b816ba91ac7e43bbe82a70bebac296f8bc6f0addaa1a?s=96&d=mm&r=g","url":"https:\/\/secure.gravatar.com\/avatar\/eee448fc3f7164808013b816ba91ac7e43bbe82a70bebac296f8bc6f0addaa1a?s=96&d=mm&r=g","contentUrl":"https:\/\/secure.gravatar.com\/avatar\/eee448fc3f7164808013b816ba91ac7e43bbe82a70bebac296f8bc6f0addaa1a?s=96&d=mm&r=g","caption":"Edici\u00f3n Web"},"url":"https:\/\/canal7slp.tv\/2025\/author\/edicionweb\/"}]}},"_links":{"self":[{"href":"https:\/\/canal7slp.tv\/2025\/wp-json\/wp\/v2\/posts\/167269","targetHints":{"allow":["GET"]}}],"collection":[{"href":"https:\/\/canal7slp.tv\/2025\/wp-json\/wp\/v2\/posts"}],"about":[{"href":"https:\/\/canal7slp.tv\/2025\/wp-json\/wp\/v2\/types\/post"}],"author":[{"embeddable":true,"href":"https:\/\/canal7slp.tv\/2025\/wp-json\/wp\/v2\/users\/2"}],"replies":[{"embeddable":true,"href":"https:\/\/canal7slp.tv\/2025\/wp-json\/wp\/v2\/comments?post=167269"}],"version-history":[{"count":2,"href":"https:\/\/canal7slp.tv\/2025\/wp-json\/wp\/v2\/posts\/167269\/revisions"}],"predecessor-version":[{"id":167427,"href":"https:\/\/canal7slp.tv\/2025\/wp-json\/wp\/v2\/posts\/167269\/revisions\/167427"}],"wp:featuredmedia":[{"embeddable":true,"href":"https:\/\/canal7slp.tv\/2025\/wp-json\/wp\/v2\/media\/167426"}],"wp:attachment":[{"href":"https:\/\/canal7slp.tv\/2025\/wp-json\/wp\/v2\/media?parent=167269"}],"wp:term":[{"taxonomy":"category","embeddable":true,"href":"https:\/\/canal7slp.tv\/2025\/wp-json\/wp\/v2\/categories?post=167269"},{"taxonomy":"post_tag","embeddable":true,"href":"https:\/\/canal7slp.tv\/2025\/wp-json\/wp\/v2\/tags?post=167269"}],"curies":[{"name":"wp","href":"https:\/\/api.w.org\/{rel}","templated":true}]}}