{"id":167268,"date":"2025-05-13T17:55:28","date_gmt":"2025-05-13T23:55:28","guid":{"rendered":"https:\/\/canal7slp.tv\/2025\/?p=167268"},"modified":"2025-05-13T17:55:28","modified_gmt":"2025-05-13T23:55:28","slug":"sgs-mantiene-vigilancia-para-evitar-que-arboles-secos-caigan-y-danen-propiedad-privada","status":"publish","type":"post","link":"https:\/\/canal7slp.tv\/2025\/sgs-mantiene-vigilancia-para-evitar-que-arboles-secos-caigan-y-danen-propiedad-privada\/","title":{"rendered":"SGS mantiene vigilancia para evitar que \u00e1rboles secos caigan y da\u00f1en propiedad privada"},"content":{"rendered":"<p style=\"text-align: justify;\">SGS.- En la colonia La Sierra de Soledad de Graciano S\u00e1nchez se talaron algunos \u00e1rboles que ya estaban secos a solicitud de poblaci\u00f3n que denunci\u00f3 el hecho, as\u00ed lo expres\u00f3 el titular de Servicios Municipales, Jos\u00e9 Antonio Zamarripa.<\/p>\n<p style=\"text-align: justify;\">\u201cAh\u00ed se podaron seis \u00e1rboles secos, tenemos las evidencias, tenemos documentado, tenemos la persona que los solicita\u201d.<\/p>\n<p style=\"text-align: justify;\">Expuso que las especies representaban ya un riesgo para la poblaci\u00f3n.<\/p>\n<p style=\"text-align: justify;\">\u201cDe hechos es algo que ya estaba solicitado por la propia ciudadan\u00eda, estaban en riesgo ya esos \u00e1rboles de caer, son \u00e1rboles secos, nosotros tenemos documentado, tenemos la solicitud de las personas que lo hicieron y pues tenemos la evidencia de que solamente son \u00e1rboles secos\u201d.<\/p>\n<p style=\"text-align: justify;\">Neg\u00f3 que se quiten especies con vida \u00fatil.<\/p>\n<p style=\"text-align: justify;\">\u201cNosotros no vamos y tumbamos, a menos que tengamos un dictamen ya sea de Ecolog\u00eda o de Protecci\u00f3n Civil nosotros actuamos, nosotros no nos tomamos la libertad solo de tumbar los \u00e1rboles, dependemos de Parques y Jardines\u201d.<\/p>\n<p style=\"text-align: justify;\">Advirti\u00f3 que se retirar\u00e1n m\u00e1s \u00e1rboles secos ya reportados por la poblaci\u00f3n.<\/p>\n<p style=\"text-align: justify;\">\u201cTenemos todav\u00eda un n\u00famero considerable, no tenemos el n\u00famero exacto pero estamos trabajando en ello, hay un operativo que atiende ese tipo de situaciones\u201d.<\/p>\n<p>Por: Juan Carlos Contreras<\/p>\n","protected":false},"excerpt":{"rendered":"<p>SGS.- En la colonia La Sierra de Soledad de Graciano S\u00e1nchez se talaron algunos \u00e1rboles que ya estaban secos a solicitud de poblaci\u00f3n que denunci\u00f3 el hecho, as\u00ed lo expres\u00f3 el titular de Servicios Municipales, Jos\u00e9 Antonio Zamarripa. \u201cAh\u00ed se podaron seis \u00e1rboles secos, tenemos las evidencias, tenemos documentado, tenemos la persona que los solicita\u201d. Expuso que las especies representaban ya un riesgo para la poblaci\u00f3n. \u201cDe hechos es algo que ya estaba solicitado por la propia ciudadan\u00eda, estaban en riesgo ya esos \u00e1rboles de caer, son \u00e1rboles secos, nosotros tenemos documentado, tenemos la solicitud de las personas que lo [&hellip;]<\/p>\n","protected":false},"author":2,"featured_media":167423,"comment_status":"closed","ping_status":"closed","sticky":false,"template":"","format":"video","meta":{"_monsterinsights_skip_tracking":false,"_monsterinsights_sitenote_active":false,"_monsterinsights_sitenote_note":"","_monsterinsights_sitenote_category":0,"footnotes":""},"categories":[512,5,45],"tags":[],"class_list":["post-167268","post","type-post","status-publish","format-video","has-post-thumbnail","hentry","category-ayosgs","category-destacadas","category-localesyregionales","post_format-post-format-video","post--single"],"yoast_head":"<!-- This site is optimized with the Yoast SEO plugin v27.5 - https:\/\/yoast.com\/product\/yoast-seo-wordpress\/ -->\n<title>SGS mantiene vigilancia para evitar que \u00e1rboles secos caigan y da\u00f1en propiedad privada - Canal 7 SLP - 2025<\/title>\n<meta name=\"robots\" content=\"index, follow, max-snippet:-1, max-image-preview:large, max-video-preview:-1\" \/>\n<link rel=\"canonical\" href=\"https:\/\/canal7slp.tv\/2025\/sgs-mantiene-vigilancia-para-evitar-que-arboles-secos-caigan-y-danen-propiedad-privada\/\" \/>\n<meta property=\"og:locale\" content=\"es_ES\" \/>\n<meta property=\"og:type\" content=\"article\" \/>\n<meta property=\"og:title\" content=\"SGS mantiene vigilancia para evitar que \u00e1rboles secos caigan y da\u00f1en propiedad privada - Canal 7 SLP - 2025\" \/>\n<meta property=\"og:description\" content=\"SGS.- En la colonia La Sierra de Soledad de Graciano S\u00e1nchez se talaron algunos \u00e1rboles que ya estaban secos a solicitud de poblaci\u00f3n que denunci\u00f3 el hecho, as\u00ed lo expres\u00f3 el titular de Servicios Municipales, Jos\u00e9 Antonio Zamarripa. \u201cAh\u00ed se podaron seis \u00e1rboles secos, tenemos las evidencias, tenemos documentado, tenemos la persona que los solicita\u201d. Expuso que las especies representaban ya un riesgo para la poblaci\u00f3n. \u201cDe hechos es algo que ya estaba solicitado por la propia ciudadan\u00eda, estaban en riesgo ya esos \u00e1rboles de caer, son \u00e1rboles secos, nosotros tenemos documentado, tenemos la solicitud de las personas que lo [&hellip;]\" \/>\n<meta property=\"og:url\" content=\"https:\/\/canal7slp.tv\/2025\/sgs-mantiene-vigilancia-para-evitar-que-arboles-secos-caigan-y-danen-propiedad-privada\/\" \/>\n<meta property=\"og:site_name\" content=\"Canal 7 SLP - 2025\" \/>\n<meta property=\"article:publisher\" content=\"https:\/\/www.facebook.com\/noticieroscanal7atencionciudadana\/\" \/>\n<meta property=\"article:published_time\" content=\"2025-05-13T23:55:28+00:00\" \/>\n<meta property=\"og:image\" content=\"https:\/\/canal7slp.tv\/2025\/wp-content\/uploads\/2025\/05\/Poky02ArbolesTalados.jpg\" \/>\n\t<meta property=\"og:image:width\" content=\"1280\" \/>\n\t<meta property=\"og:image:height\" content=\"720\" \/>\n\t<meta property=\"og:image:type\" content=\"image\/jpeg\" \/>\n<meta name=\"author\" content=\"Edici\u00f3n Web\" \/>\n<meta name=\"twitter:card\" content=\"summary_large_image\" \/>\n<meta name=\"twitter:creator\" content=\"@NOTICIEROS7\" \/>\n<meta name=\"twitter:site\" content=\"@NOTICIEROS7\" \/>\n<meta name=\"twitter:label1\" content=\"Escrito por\" \/>\n\t<meta name=\"twitter:data1\" content=\"Edici\u00f3n Web\" \/>\n\t<meta name=\"twitter:label2\" content=\"Tiempo de lectura\" \/>\n\t<meta name=\"twitter:data2\" content=\"2 minutos\" \/>\n<script type=\"application\/ld+json\" class=\"yoast-schema-graph\">{\"@context\":\"https:\\\/\\\/schema.org\",\"@graph\":[{\"@type\":\"Article\",\"@id\":\"https:\\\/\\\/canal7slp.tv\\\/2025\\\/sgs-mantiene-vigilancia-para-evitar-que-arboles-secos-caigan-y-danen-propiedad-privada\\\/#article\",\"isPartOf\":{\"@id\":\"https:\\\/\\\/canal7slp.tv\\\/2025\\\/sgs-mantiene-vigilancia-para-evitar-que-arboles-secos-caigan-y-danen-propiedad-privada\\\/\"},\"author\":{\"name\":\"Edici\u00f3n Web\",\"@id\":\"https:\\\/\\\/canal7slp.tv\\\/2025\\\/#\\\/schema\\\/person\\\/271e2b60a96e7cc9d9ac296f4d7e414b\"},\"headline\":\"SGS mantiene vigilancia para evitar que \u00e1rboles secos caigan y da\u00f1en propiedad privada\",\"datePublished\":\"2025-05-13T23:55:28+00:00\",\"mainEntityOfPage\":{\"@id\":\"https:\\\/\\\/canal7slp.tv\\\/2025\\\/sgs-mantiene-vigilancia-para-evitar-que-arboles-secos-caigan-y-danen-propiedad-privada\\\/\"},\"wordCount\":224,\"publisher\":{\"@id\":\"https:\\\/\\\/canal7slp.tv\\\/2025\\\/#organization\"},\"image\":{\"@id\":\"https:\\\/\\\/canal7slp.tv\\\/2025\\\/sgs-mantiene-vigilancia-para-evitar-que-arboles-secos-caigan-y-danen-propiedad-privada\\\/#primaryimage\"},\"thumbnailUrl\":\"https:\\\/\\\/canal7slp.tv\\\/2025\\\/wp-content\\\/uploads\\\/2025\\\/05\\\/Poky02ArbolesTalados.jpg\",\"articleSection\":[\"AYOSGS\",\"DESTACADAS\",\"LOCALES Y REGIONALES\"],\"inLanguage\":\"es\"},{\"@type\":\"WebPage\",\"@id\":\"https:\\\/\\\/canal7slp.tv\\\/2025\\\/sgs-mantiene-vigilancia-para-evitar-que-arboles-secos-caigan-y-danen-propiedad-privada\\\/\",\"url\":\"https:\\\/\\\/canal7slp.tv\\\/2025\\\/sgs-mantiene-vigilancia-para-evitar-que-arboles-secos-caigan-y-danen-propiedad-privada\\\/\",\"name\":\"SGS mantiene vigilancia para evitar que \u00e1rboles secos caigan y da\u00f1en propiedad privada - Canal 7 SLP - 2025\",\"isPartOf\":{\"@id\":\"https:\\\/\\\/canal7slp.tv\\\/2025\\\/#website\"},\"primaryImageOfPage\":{\"@id\":\"https:\\\/\\\/canal7slp.tv\\\/2025\\\/sgs-mantiene-vigilancia-para-evitar-que-arboles-secos-caigan-y-danen-propiedad-privada\\\/#primaryimage\"},\"image\":{\"@id\":\"https:\\\/\\\/canal7slp.tv\\\/2025\\\/sgs-mantiene-vigilancia-para-evitar-que-arboles-secos-caigan-y-danen-propiedad-privada\\\/#primaryimage\"},\"thumbnailUrl\":\"https:\\\/\\\/canal7slp.tv\\\/2025\\\/wp-content\\\/uploads\\\/2025\\\/05\\\/Poky02ArbolesTalados.jpg\",\"datePublished\":\"2025-05-13T23:55:28+00:00\",\"breadcrumb\":{\"@id\":\"https:\\\/\\\/canal7slp.tv\\\/2025\\\/sgs-mantiene-vigilancia-para-evitar-que-arboles-secos-caigan-y-danen-propiedad-privada\\\/#breadcrumb\"},\"inLanguage\":\"es\",\"potentialAction\":[{\"@type\":\"ReadAction\",\"target\":[\"https:\\\/\\\/canal7slp.tv\\\/2025\\\/sgs-mantiene-vigilancia-para-evitar-que-arboles-secos-caigan-y-danen-propiedad-privada\\\/\"]}]},{\"@type\":\"ImageObject\",\"inLanguage\":\"es\",\"@id\":\"https:\\\/\\\/canal7slp.tv\\\/2025\\\/sgs-mantiene-vigilancia-para-evitar-que-arboles-secos-caigan-y-danen-propiedad-privada\\\/#primaryimage\",\"url\":\"https:\\\/\\\/canal7slp.tv\\\/2025\\\/wp-content\\\/uploads\\\/2025\\\/05\\\/Poky02ArbolesTalados.jpg\",\"contentUrl\":\"https:\\\/\\\/canal7slp.tv\\\/2025\\\/wp-content\\\/uploads\\\/2025\\\/05\\\/Poky02ArbolesTalados.jpg\",\"width\":1280,\"height\":720},{\"@type\":\"BreadcrumbList\",\"@id\":\"https:\\\/\\\/canal7slp.tv\\\/2025\\\/sgs-mantiene-vigilancia-para-evitar-que-arboles-secos-caigan-y-danen-propiedad-privada\\\/#breadcrumb\",\"itemListElement\":[{\"@type\":\"ListItem\",\"position\":1,\"name\":\"Portada\",\"item\":\"https:\\\/\\\/canal7slp.tv\\\/2025\\\/\"},{\"@type\":\"ListItem\",\"position\":2,\"name\":\"SGS mantiene vigilancia para evitar que \u00e1rboles secos caigan y da\u00f1en propiedad privada\"}]},{\"@type\":\"WebSite\",\"@id\":\"https:\\\/\\\/canal7slp.tv\\\/2025\\\/#website\",\"url\":\"https:\\\/\\\/canal7slp.tv\\\/2025\\\/\",\"name\":\"N7 - Noticieros Canal 7\",\"description\":\"Somos el Medio\",\"publisher\":{\"@id\":\"https:\\\/\\\/canal7slp.tv\\\/2025\\\/#organization\"},\"potentialAction\":[{\"@type\":\"SearchAction\",\"target\":{\"@type\":\"EntryPoint\",\"urlTemplate\":\"https:\\\/\\\/canal7slp.tv\\\/2025\\\/?s={search_term_string}\"},\"query-input\":{\"@type\":\"PropertyValueSpecification\",\"valueRequired\":true,\"valueName\":\"search_term_string\"}}],\"inLanguage\":\"es\"},{\"@type\":\"Organization\",\"@id\":\"https:\\\/\\\/canal7slp.tv\\\/2025\\\/#organization\",\"name\":\"Noticieros Canal 7\",\"url\":\"https:\\\/\\\/canal7slp.tv\\\/2025\\\/\",\"logo\":{\"@type\":\"ImageObject\",\"inLanguage\":\"es\",\"@id\":\"https:\\\/\\\/canal7slp.tv\\\/2025\\\/#\\\/schema\\\/logo\\\/image\\\/\",\"url\":\"https:\\\/\\\/canal7slp.tv\\\/2025\\\/wp-content\\\/uploads\\\/2021\\\/01\\\/logo-noticieros@2x.png\",\"contentUrl\":\"https:\\\/\\\/canal7slp.tv\\\/2025\\\/wp-content\\\/uploads\\\/2021\\\/01\\\/logo-noticieros@2x.png\",\"width\":1017,\"height\":268,\"caption\":\"Noticieros Canal 7\"},\"image\":{\"@id\":\"https:\\\/\\\/canal7slp.tv\\\/2025\\\/#\\\/schema\\\/logo\\\/image\\\/\"},\"sameAs\":[\"https:\\\/\\\/www.facebook.com\\\/noticieroscanal7atencionciudadana\\\/\",\"https:\\\/\\\/x.com\\\/NOTICIEROS7\",\"https:\\\/\\\/www.instagram.com\\\/canal7_slp\",\"https:\\\/\\\/www.youtube.com\\\/channel\\\/UCliiYs-gP3JfJeqdPrNdd5A\"]},{\"@type\":\"Person\",\"@id\":\"https:\\\/\\\/canal7slp.tv\\\/2025\\\/#\\\/schema\\\/person\\\/271e2b60a96e7cc9d9ac296f4d7e414b\",\"name\":\"Edici\u00f3n Web\",\"image\":{\"@type\":\"ImageObject\",\"inLanguage\":\"es\",\"@id\":\"https:\\\/\\\/secure.gravatar.com\\\/avatar\\\/eee448fc3f7164808013b816ba91ac7e43bbe82a70bebac296f8bc6f0addaa1a?s=96&d=mm&r=g\",\"url\":\"https:\\\/\\\/secure.gravatar.com\\\/avatar\\\/eee448fc3f7164808013b816ba91ac7e43bbe82a70bebac296f8bc6f0addaa1a?s=96&d=mm&r=g\",\"contentUrl\":\"https:\\\/\\\/secure.gravatar.com\\\/avatar\\\/eee448fc3f7164808013b816ba91ac7e43bbe82a70bebac296f8bc6f0addaa1a?s=96&d=mm&r=g\",\"caption\":\"Edici\u00f3n Web\"},\"url\":\"https:\\\/\\\/canal7slp.tv\\\/2025\\\/author\\\/edicionweb\\\/\"}]}<\/script>\n<!-- \/ Yoast SEO plugin. -->","yoast_head_json":{"title":"SGS mantiene vigilancia para evitar que \u00e1rboles secos caigan y da\u00f1en propiedad privada - Canal 7 SLP - 2025","robots":{"index":"index","follow":"follow","max-snippet":"max-snippet:-1","max-image-preview":"max-image-preview:large","max-video-preview":"max-video-preview:-1"},"canonical":"https:\/\/canal7slp.tv\/2025\/sgs-mantiene-vigilancia-para-evitar-que-arboles-secos-caigan-y-danen-propiedad-privada\/","og_locale":"es_ES","og_type":"article","og_title":"SGS mantiene vigilancia para evitar que \u00e1rboles secos caigan y da\u00f1en propiedad privada - Canal 7 SLP - 2025","og_description":"SGS.- En la colonia La Sierra de Soledad de Graciano S\u00e1nchez se talaron algunos \u00e1rboles que ya estaban secos a solicitud de poblaci\u00f3n que denunci\u00f3 el hecho, as\u00ed lo expres\u00f3 el titular de Servicios Municipales, Jos\u00e9 Antonio Zamarripa. \u201cAh\u00ed se podaron seis \u00e1rboles secos, tenemos las evidencias, tenemos documentado, tenemos la persona que los solicita\u201d. Expuso que las especies representaban ya un riesgo para la poblaci\u00f3n. \u201cDe hechos es algo que ya estaba solicitado por la propia ciudadan\u00eda, estaban en riesgo ya esos \u00e1rboles de caer, son \u00e1rboles secos, nosotros tenemos documentado, tenemos la solicitud de las personas que lo [&hellip;]","og_url":"https:\/\/canal7slp.tv\/2025\/sgs-mantiene-vigilancia-para-evitar-que-arboles-secos-caigan-y-danen-propiedad-privada\/","og_site_name":"Canal 7 SLP - 2025","article_publisher":"https:\/\/www.facebook.com\/noticieroscanal7atencionciudadana\/","article_published_time":"2025-05-13T23:55:28+00:00","og_image":[{"width":1280,"height":720,"url":"https:\/\/canal7slp.tv\/2025\/wp-content\/uploads\/2025\/05\/Poky02ArbolesTalados.jpg","type":"image\/jpeg"}],"author":"Edici\u00f3n Web","twitter_card":"summary_large_image","twitter_creator":"@NOTICIEROS7","twitter_site":"@NOTICIEROS7","twitter_misc":{"Escrito por":"Edici\u00f3n Web","Tiempo de lectura":"2 minutos"},"schema":{"@context":"https:\/\/schema.org","@graph":[{"@type":"Article","@id":"https:\/\/canal7slp.tv\/2025\/sgs-mantiene-vigilancia-para-evitar-que-arboles-secos-caigan-y-danen-propiedad-privada\/#article","isPartOf":{"@id":"https:\/\/canal7slp.tv\/2025\/sgs-mantiene-vigilancia-para-evitar-que-arboles-secos-caigan-y-danen-propiedad-privada\/"},"author":{"name":"Edici\u00f3n Web","@id":"https:\/\/canal7slp.tv\/2025\/#\/schema\/person\/271e2b60a96e7cc9d9ac296f4d7e414b"},"headline":"SGS mantiene vigilancia para evitar que \u00e1rboles secos caigan y da\u00f1en propiedad privada","datePublished":"2025-05-13T23:55:28+00:00","mainEntityOfPage":{"@id":"https:\/\/canal7slp.tv\/2025\/sgs-mantiene-vigilancia-para-evitar-que-arboles-secos-caigan-y-danen-propiedad-privada\/"},"wordCount":224,"publisher":{"@id":"https:\/\/canal7slp.tv\/2025\/#organization"},"image":{"@id":"https:\/\/canal7slp.tv\/2025\/sgs-mantiene-vigilancia-para-evitar-que-arboles-secos-caigan-y-danen-propiedad-privada\/#primaryimage"},"thumbnailUrl":"https:\/\/canal7slp.tv\/2025\/wp-content\/uploads\/2025\/05\/Poky02ArbolesTalados.jpg","articleSection":["AYOSGS","DESTACADAS","LOCALES Y REGIONALES"],"inLanguage":"es"},{"@type":"WebPage","@id":"https:\/\/canal7slp.tv\/2025\/sgs-mantiene-vigilancia-para-evitar-que-arboles-secos-caigan-y-danen-propiedad-privada\/","url":"https:\/\/canal7slp.tv\/2025\/sgs-mantiene-vigilancia-para-evitar-que-arboles-secos-caigan-y-danen-propiedad-privada\/","name":"SGS mantiene vigilancia para evitar que \u00e1rboles secos caigan y da\u00f1en propiedad privada - Canal 7 SLP - 2025","isPartOf":{"@id":"https:\/\/canal7slp.tv\/2025\/#website"},"primaryImageOfPage":{"@id":"https:\/\/canal7slp.tv\/2025\/sgs-mantiene-vigilancia-para-evitar-que-arboles-secos-caigan-y-danen-propiedad-privada\/#primaryimage"},"image":{"@id":"https:\/\/canal7slp.tv\/2025\/sgs-mantiene-vigilancia-para-evitar-que-arboles-secos-caigan-y-danen-propiedad-privada\/#primaryimage"},"thumbnailUrl":"https:\/\/canal7slp.tv\/2025\/wp-content\/uploads\/2025\/05\/Poky02ArbolesTalados.jpg","datePublished":"2025-05-13T23:55:28+00:00","breadcrumb":{"@id":"https:\/\/canal7slp.tv\/2025\/sgs-mantiene-vigilancia-para-evitar-que-arboles-secos-caigan-y-danen-propiedad-privada\/#breadcrumb"},"inLanguage":"es","potentialAction":[{"@type":"ReadAction","target":["https:\/\/canal7slp.tv\/2025\/sgs-mantiene-vigilancia-para-evitar-que-arboles-secos-caigan-y-danen-propiedad-privada\/"]}]},{"@type":"ImageObject","inLanguage":"es","@id":"https:\/\/canal7slp.tv\/2025\/sgs-mantiene-vigilancia-para-evitar-que-arboles-secos-caigan-y-danen-propiedad-privada\/#primaryimage","url":"https:\/\/canal7slp.tv\/2025\/wp-content\/uploads\/2025\/05\/Poky02ArbolesTalados.jpg","contentUrl":"https:\/\/canal7slp.tv\/2025\/wp-content\/uploads\/2025\/05\/Poky02ArbolesTalados.jpg","width":1280,"height":720},{"@type":"BreadcrumbList","@id":"https:\/\/canal7slp.tv\/2025\/sgs-mantiene-vigilancia-para-evitar-que-arboles-secos-caigan-y-danen-propiedad-privada\/#breadcrumb","itemListElement":[{"@type":"ListItem","position":1,"name":"Portada","item":"https:\/\/canal7slp.tv\/2025\/"},{"@type":"ListItem","position":2,"name":"SGS mantiene vigilancia para evitar que \u00e1rboles secos caigan y da\u00f1en propiedad privada"}]},{"@type":"WebSite","@id":"https:\/\/canal7slp.tv\/2025\/#website","url":"https:\/\/canal7slp.tv\/2025\/","name":"N7 - Noticieros Canal 7","description":"Somos el Medio","publisher":{"@id":"https:\/\/canal7slp.tv\/2025\/#organization"},"potentialAction":[{"@type":"SearchAction","target":{"@type":"EntryPoint","urlTemplate":"https:\/\/canal7slp.tv\/2025\/?s={search_term_string}"},"query-input":{"@type":"PropertyValueSpecification","valueRequired":true,"valueName":"search_term_string"}}],"inLanguage":"es"},{"@type":"Organization","@id":"https:\/\/canal7slp.tv\/2025\/#organization","name":"Noticieros Canal 7","url":"https:\/\/canal7slp.tv\/2025\/","logo":{"@type":"ImageObject","inLanguage":"es","@id":"https:\/\/canal7slp.tv\/2025\/#\/schema\/logo\/image\/","url":"https:\/\/canal7slp.tv\/2025\/wp-content\/uploads\/2021\/01\/logo-noticieros@2x.png","contentUrl":"https:\/\/canal7slp.tv\/2025\/wp-content\/uploads\/2021\/01\/logo-noticieros@2x.png","width":1017,"height":268,"caption":"Noticieros Canal 7"},"image":{"@id":"https:\/\/canal7slp.tv\/2025\/#\/schema\/logo\/image\/"},"sameAs":["https:\/\/www.facebook.com\/noticieroscanal7atencionciudadana\/","https:\/\/x.com\/NOTICIEROS7","https:\/\/www.instagram.com\/canal7_slp","https:\/\/www.youtube.com\/channel\/UCliiYs-gP3JfJeqdPrNdd5A"]},{"@type":"Person","@id":"https:\/\/canal7slp.tv\/2025\/#\/schema\/person\/271e2b60a96e7cc9d9ac296f4d7e414b","name":"Edici\u00f3n Web","image":{"@type":"ImageObject","inLanguage":"es","@id":"https:\/\/secure.gravatar.com\/avatar\/eee448fc3f7164808013b816ba91ac7e43bbe82a70bebac296f8bc6f0addaa1a?s=96&d=mm&r=g","url":"https:\/\/secure.gravatar.com\/avatar\/eee448fc3f7164808013b816ba91ac7e43bbe82a70bebac296f8bc6f0addaa1a?s=96&d=mm&r=g","contentUrl":"https:\/\/secure.gravatar.com\/avatar\/eee448fc3f7164808013b816ba91ac7e43bbe82a70bebac296f8bc6f0addaa1a?s=96&d=mm&r=g","caption":"Edici\u00f3n Web"},"url":"https:\/\/canal7slp.tv\/2025\/author\/edicionweb\/"}]}},"_links":{"self":[{"href":"https:\/\/canal7slp.tv\/2025\/wp-json\/wp\/v2\/posts\/167268","targetHints":{"allow":["GET"]}}],"collection":[{"href":"https:\/\/canal7slp.tv\/2025\/wp-json\/wp\/v2\/posts"}],"about":[{"href":"https:\/\/canal7slp.tv\/2025\/wp-json\/wp\/v2\/types\/post"}],"author":[{"embeddable":true,"href":"https:\/\/canal7slp.tv\/2025\/wp-json\/wp\/v2\/users\/2"}],"replies":[{"embeddable":true,"href":"https:\/\/canal7slp.tv\/2025\/wp-json\/wp\/v2\/comments?post=167268"}],"version-history":[{"count":2,"href":"https:\/\/canal7slp.tv\/2025\/wp-json\/wp\/v2\/posts\/167268\/revisions"}],"predecessor-version":[{"id":167424,"href":"https:\/\/canal7slp.tv\/2025\/wp-json\/wp\/v2\/posts\/167268\/revisions\/167424"}],"wp:featuredmedia":[{"embeddable":true,"href":"https:\/\/canal7slp.tv\/2025\/wp-json\/wp\/v2\/media\/167423"}],"wp:attachment":[{"href":"https:\/\/canal7slp.tv\/2025\/wp-json\/wp\/v2\/media?parent=167268"}],"wp:term":[{"taxonomy":"category","embeddable":true,"href":"https:\/\/canal7slp.tv\/2025\/wp-json\/wp\/v2\/categories?post=167268"},{"taxonomy":"post_tag","embeddable":true,"href":"https:\/\/canal7slp.tv\/2025\/wp-json\/wp\/v2\/tags?post=167268"}],"curies":[{"name":"wp","href":"https:\/\/api.w.org\/{rel}","templated":true}]}}