{"id":166293,"date":"2025-05-12T15:23:23","date_gmt":"2025-05-12T21:23:23","guid":{"rendered":"https:\/\/canal7slp.tv\/2025\/?p=166293"},"modified":"2025-05-12T15:23:23","modified_gmt":"2025-05-12T21:23:23","slug":"comienza-jornada-estatal-de-vacunacion-antirrabica-para-perros-y-gatos-en-slp","status":"publish","type":"post","link":"https:\/\/canal7slp.tv\/2025\/comienza-jornada-estatal-de-vacunacion-antirrabica-para-perros-y-gatos-en-slp\/","title":{"rendered":"Comienza jornada estatal de vacunaci\u00f3n antirr\u00e1bica para perros y gatos en SLP"},"content":{"rendered":"<p style=\"text-align: justify;\"><span style=\"font-size: 1.21429rem;\">SLP.- Con el objetivo de mantener a San Luis Potos\u00ed libre de rabia, se dio inicio a la Jornada de Vacunaci\u00f3n Antirr\u00e1bica Canina y Felina 2025, que se extender\u00e1 hasta el 30 de mayo en los 58 municipios del estado.<\/span><\/p>\n<p style=\"text-align: justify;\">La campa\u00f1a, organizada por la administraci\u00f3n estatal a trav\u00e9s del Departamento de Zoonosis de los Servicios de Salud, busca inmunizar gratuitamente a alrededor de 580 mil mascotas, entre perros y gatos, a partir del primer mes de vida.<\/p>\n<p style=\"text-align: justify;\">De hecho se recomienda un refuerzo a los tres meses y despu\u00e9s una aplicaci\u00f3n anual.<\/p>\n<p style=\"text-align: justify;\">Bajo el lema \u201cPor tu salud y la de tu familia, vacuna a tus perros y gatos contra la rabia\u201d, las autoridades sanitarias hicieron un llamado a la poblaci\u00f3n a participar de manera responsable, llevando a sus mascotas a los distintos puestos de vacunaci\u00f3n, que estar\u00e1n instalados en las siete Jurisdicciones Sanitarias.<\/p>\n<p style=\"text-align: justify;\">Adem\u00e1s, en el Centro de Control de Rabia y otras Zoonosis \u2014ubicado en Anillo Perif\u00e9rico Oriente No. 150, Colonia Abastos, en la capital potosina\u2014 se aplicar\u00e1n vacunas de lunes a viernes. Para mayores informes, la ciudadan\u00eda puede comunicarse a los tel\u00e9fonos 444 821 1482 y 444 212 7792, extensi\u00f3n 1.<\/p>\n<p style=\"text-align: justify;\">Aclaran que la vacunaci\u00f3n ser\u00e1 realizada \u00fanicamente por personas adultas responsables de las mascotas.<\/p>\n<p style=\"text-align: justify;\">En esta edici\u00f3n 2025, tambi\u00e9n se contar\u00e1 con la colaboraci\u00f3n de ayuntamientos y cl\u00ednicas veterinarias que se ir\u00e1n sumando a la jornada.<\/p>\n<p>Por: Jos\u00e9 Luis V\u00e1zquez<\/p>\n","protected":false},"excerpt":{"rendered":"<p>SLP.- Con el objetivo de mantener a San Luis Potos\u00ed libre de rabia, se dio inicio a la Jornada de Vacunaci\u00f3n Antirr\u00e1bica Canina y Felina 2025, que se extender\u00e1 hasta el 30 de mayo en los 58 municipios del estado. La campa\u00f1a, organizada por la administraci\u00f3n estatal a trav\u00e9s del Departamento de Zoonosis de los Servicios de Salud, busca inmunizar gratuitamente a alrededor de 580 mil mascotas, entre perros y gatos, a partir del primer mes de vida. De hecho se recomienda un refuerzo a los tres meses y despu\u00e9s una aplicaci\u00f3n anual. Bajo el lema \u201cPor tu salud y [&hellip;]<\/p>\n","protected":false},"author":2,"featured_media":166352,"comment_status":"closed","ping_status":"closed","sticky":false,"template":"","format":"video","meta":{"_monsterinsights_skip_tracking":false,"_monsterinsights_sitenote_active":false,"_monsterinsights_sitenote_note":"","_monsterinsights_sitenote_category":0,"footnotes":""},"categories":[5,510,45],"tags":[],"class_list":["post-166293","post","type-post","status-publish","format-video","has-post-thumbnail","hentry","category-destacadas","category-gobedoslp","category-localesyregionales","post_format-post-format-video","post--single"],"yoast_head":"<!-- This site is optimized with the Yoast SEO plugin v27.5 - https:\/\/yoast.com\/product\/yoast-seo-wordpress\/ -->\n<title>Comienza jornada estatal de vacunaci\u00f3n antirr\u00e1bica para perros y gatos en SLP - Canal 7 SLP - 2025<\/title>\n<meta name=\"robots\" content=\"index, follow, max-snippet:-1, max-image-preview:large, max-video-preview:-1\" \/>\n<link rel=\"canonical\" href=\"https:\/\/canal7slp.tv\/2025\/comienza-jornada-estatal-de-vacunacion-antirrabica-para-perros-y-gatos-en-slp\/\" \/>\n<meta property=\"og:locale\" content=\"es_ES\" \/>\n<meta property=\"og:type\" content=\"article\" \/>\n<meta property=\"og:title\" content=\"Comienza jornada estatal de vacunaci\u00f3n antirr\u00e1bica para perros y gatos en SLP - Canal 7 SLP - 2025\" \/>\n<meta property=\"og:description\" content=\"SLP.- Con el objetivo de mantener a San Luis Potos\u00ed libre de rabia, se dio inicio a la Jornada de Vacunaci\u00f3n Antirr\u00e1bica Canina y Felina 2025, que se extender\u00e1 hasta el 30 de mayo en los 58 municipios del estado. La campa\u00f1a, organizada por la administraci\u00f3n estatal a trav\u00e9s del Departamento de Zoonosis de los Servicios de Salud, busca inmunizar gratuitamente a alrededor de 580 mil mascotas, entre perros y gatos, a partir del primer mes de vida. De hecho se recomienda un refuerzo a los tres meses y despu\u00e9s una aplicaci\u00f3n anual. Bajo el lema \u201cPor tu salud y [&hellip;]\" \/>\n<meta property=\"og:url\" content=\"https:\/\/canal7slp.tv\/2025\/comienza-jornada-estatal-de-vacunacion-antirrabica-para-perros-y-gatos-en-slp\/\" \/>\n<meta property=\"og:site_name\" content=\"Canal 7 SLP - 2025\" \/>\n<meta property=\"article:publisher\" content=\"https:\/\/www.facebook.com\/noticieroscanal7atencionciudadana\/\" \/>\n<meta property=\"article:published_time\" content=\"2025-05-12T21:23:23+00:00\" \/>\n<meta property=\"og:image\" content=\"https:\/\/canal7slp.tv\/2025\/wp-content\/uploads\/2025\/05\/Vazquez01Mascotas.jpg\" \/>\n\t<meta property=\"og:image:width\" content=\"1280\" \/>\n\t<meta property=\"og:image:height\" content=\"720\" \/>\n\t<meta property=\"og:image:type\" content=\"image\/jpeg\" \/>\n<meta name=\"author\" content=\"Edici\u00f3n Web\" \/>\n<meta name=\"twitter:card\" content=\"summary_large_image\" \/>\n<meta name=\"twitter:creator\" content=\"@NOTICIEROS7\" \/>\n<meta name=\"twitter:site\" content=\"@NOTICIEROS7\" \/>\n<meta name=\"twitter:label1\" content=\"Escrito por\" \/>\n\t<meta name=\"twitter:data1\" content=\"Edici\u00f3n Web\" \/>\n\t<meta name=\"twitter:label2\" content=\"Tiempo de lectura\" \/>\n\t<meta name=\"twitter:data2\" content=\"2 minutos\" \/>\n<script type=\"application\/ld+json\" class=\"yoast-schema-graph\">{\"@context\":\"https:\\\/\\\/schema.org\",\"@graph\":[{\"@type\":\"Article\",\"@id\":\"https:\\\/\\\/canal7slp.tv\\\/2025\\\/comienza-jornada-estatal-de-vacunacion-antirrabica-para-perros-y-gatos-en-slp\\\/#article\",\"isPartOf\":{\"@id\":\"https:\\\/\\\/canal7slp.tv\\\/2025\\\/comienza-jornada-estatal-de-vacunacion-antirrabica-para-perros-y-gatos-en-slp\\\/\"},\"author\":{\"name\":\"Edici\u00f3n Web\",\"@id\":\"https:\\\/\\\/canal7slp.tv\\\/2025\\\/#\\\/schema\\\/person\\\/271e2b60a96e7cc9d9ac296f4d7e414b\"},\"headline\":\"Comienza jornada estatal de vacunaci\u00f3n antirr\u00e1bica para perros y gatos en SLP\",\"datePublished\":\"2025-05-12T21:23:23+00:00\",\"mainEntityOfPage\":{\"@id\":\"https:\\\/\\\/canal7slp.tv\\\/2025\\\/comienza-jornada-estatal-de-vacunacion-antirrabica-para-perros-y-gatos-en-slp\\\/\"},\"wordCount\":260,\"publisher\":{\"@id\":\"https:\\\/\\\/canal7slp.tv\\\/2025\\\/#organization\"},\"image\":{\"@id\":\"https:\\\/\\\/canal7slp.tv\\\/2025\\\/comienza-jornada-estatal-de-vacunacion-antirrabica-para-perros-y-gatos-en-slp\\\/#primaryimage\"},\"thumbnailUrl\":\"https:\\\/\\\/canal7slp.tv\\\/2025\\\/wp-content\\\/uploads\\\/2025\\\/05\\\/Vazquez01Mascotas.jpg\",\"articleSection\":[\"DESTACADAS\",\"GOBEDOSLP\",\"LOCALES Y REGIONALES\"],\"inLanguage\":\"es\"},{\"@type\":\"WebPage\",\"@id\":\"https:\\\/\\\/canal7slp.tv\\\/2025\\\/comienza-jornada-estatal-de-vacunacion-antirrabica-para-perros-y-gatos-en-slp\\\/\",\"url\":\"https:\\\/\\\/canal7slp.tv\\\/2025\\\/comienza-jornada-estatal-de-vacunacion-antirrabica-para-perros-y-gatos-en-slp\\\/\",\"name\":\"Comienza jornada estatal de vacunaci\u00f3n antirr\u00e1bica para perros y gatos en SLP - Canal 7 SLP - 2025\",\"isPartOf\":{\"@id\":\"https:\\\/\\\/canal7slp.tv\\\/2025\\\/#website\"},\"primaryImageOfPage\":{\"@id\":\"https:\\\/\\\/canal7slp.tv\\\/2025\\\/comienza-jornada-estatal-de-vacunacion-antirrabica-para-perros-y-gatos-en-slp\\\/#primaryimage\"},\"image\":{\"@id\":\"https:\\\/\\\/canal7slp.tv\\\/2025\\\/comienza-jornada-estatal-de-vacunacion-antirrabica-para-perros-y-gatos-en-slp\\\/#primaryimage\"},\"thumbnailUrl\":\"https:\\\/\\\/canal7slp.tv\\\/2025\\\/wp-content\\\/uploads\\\/2025\\\/05\\\/Vazquez01Mascotas.jpg\",\"datePublished\":\"2025-05-12T21:23:23+00:00\",\"breadcrumb\":{\"@id\":\"https:\\\/\\\/canal7slp.tv\\\/2025\\\/comienza-jornada-estatal-de-vacunacion-antirrabica-para-perros-y-gatos-en-slp\\\/#breadcrumb\"},\"inLanguage\":\"es\",\"potentialAction\":[{\"@type\":\"ReadAction\",\"target\":[\"https:\\\/\\\/canal7slp.tv\\\/2025\\\/comienza-jornada-estatal-de-vacunacion-antirrabica-para-perros-y-gatos-en-slp\\\/\"]}]},{\"@type\":\"ImageObject\",\"inLanguage\":\"es\",\"@id\":\"https:\\\/\\\/canal7slp.tv\\\/2025\\\/comienza-jornada-estatal-de-vacunacion-antirrabica-para-perros-y-gatos-en-slp\\\/#primaryimage\",\"url\":\"https:\\\/\\\/canal7slp.tv\\\/2025\\\/wp-content\\\/uploads\\\/2025\\\/05\\\/Vazquez01Mascotas.jpg\",\"contentUrl\":\"https:\\\/\\\/canal7slp.tv\\\/2025\\\/wp-content\\\/uploads\\\/2025\\\/05\\\/Vazquez01Mascotas.jpg\",\"width\":1280,\"height\":720},{\"@type\":\"BreadcrumbList\",\"@id\":\"https:\\\/\\\/canal7slp.tv\\\/2025\\\/comienza-jornada-estatal-de-vacunacion-antirrabica-para-perros-y-gatos-en-slp\\\/#breadcrumb\",\"itemListElement\":[{\"@type\":\"ListItem\",\"position\":1,\"name\":\"Portada\",\"item\":\"https:\\\/\\\/canal7slp.tv\\\/2025\\\/\"},{\"@type\":\"ListItem\",\"position\":2,\"name\":\"Comienza jornada estatal de vacunaci\u00f3n antirr\u00e1bica para perros y gatos en SLP\"}]},{\"@type\":\"WebSite\",\"@id\":\"https:\\\/\\\/canal7slp.tv\\\/2025\\\/#website\",\"url\":\"https:\\\/\\\/canal7slp.tv\\\/2025\\\/\",\"name\":\"N7 - Noticieros Canal 7\",\"description\":\"Somos el Medio\",\"publisher\":{\"@id\":\"https:\\\/\\\/canal7slp.tv\\\/2025\\\/#organization\"},\"potentialAction\":[{\"@type\":\"SearchAction\",\"target\":{\"@type\":\"EntryPoint\",\"urlTemplate\":\"https:\\\/\\\/canal7slp.tv\\\/2025\\\/?s={search_term_string}\"},\"query-input\":{\"@type\":\"PropertyValueSpecification\",\"valueRequired\":true,\"valueName\":\"search_term_string\"}}],\"inLanguage\":\"es\"},{\"@type\":\"Organization\",\"@id\":\"https:\\\/\\\/canal7slp.tv\\\/2025\\\/#organization\",\"name\":\"Noticieros Canal 7\",\"url\":\"https:\\\/\\\/canal7slp.tv\\\/2025\\\/\",\"logo\":{\"@type\":\"ImageObject\",\"inLanguage\":\"es\",\"@id\":\"https:\\\/\\\/canal7slp.tv\\\/2025\\\/#\\\/schema\\\/logo\\\/image\\\/\",\"url\":\"https:\\\/\\\/canal7slp.tv\\\/2025\\\/wp-content\\\/uploads\\\/2021\\\/01\\\/logo-noticieros@2x.png\",\"contentUrl\":\"https:\\\/\\\/canal7slp.tv\\\/2025\\\/wp-content\\\/uploads\\\/2021\\\/01\\\/logo-noticieros@2x.png\",\"width\":1017,\"height\":268,\"caption\":\"Noticieros Canal 7\"},\"image\":{\"@id\":\"https:\\\/\\\/canal7slp.tv\\\/2025\\\/#\\\/schema\\\/logo\\\/image\\\/\"},\"sameAs\":[\"https:\\\/\\\/www.facebook.com\\\/noticieroscanal7atencionciudadana\\\/\",\"https:\\\/\\\/x.com\\\/NOTICIEROS7\",\"https:\\\/\\\/www.instagram.com\\\/canal7_slp\",\"https:\\\/\\\/www.youtube.com\\\/channel\\\/UCliiYs-gP3JfJeqdPrNdd5A\"]},{\"@type\":\"Person\",\"@id\":\"https:\\\/\\\/canal7slp.tv\\\/2025\\\/#\\\/schema\\\/person\\\/271e2b60a96e7cc9d9ac296f4d7e414b\",\"name\":\"Edici\u00f3n Web\",\"image\":{\"@type\":\"ImageObject\",\"inLanguage\":\"es\",\"@id\":\"https:\\\/\\\/secure.gravatar.com\\\/avatar\\\/eee448fc3f7164808013b816ba91ac7e43bbe82a70bebac296f8bc6f0addaa1a?s=96&d=mm&r=g\",\"url\":\"https:\\\/\\\/secure.gravatar.com\\\/avatar\\\/eee448fc3f7164808013b816ba91ac7e43bbe82a70bebac296f8bc6f0addaa1a?s=96&d=mm&r=g\",\"contentUrl\":\"https:\\\/\\\/secure.gravatar.com\\\/avatar\\\/eee448fc3f7164808013b816ba91ac7e43bbe82a70bebac296f8bc6f0addaa1a?s=96&d=mm&r=g\",\"caption\":\"Edici\u00f3n Web\"},\"url\":\"https:\\\/\\\/canal7slp.tv\\\/2025\\\/author\\\/edicionweb\\\/\"}]}<\/script>\n<!-- \/ Yoast SEO plugin. -->","yoast_head_json":{"title":"Comienza jornada estatal de vacunaci\u00f3n antirr\u00e1bica para perros y gatos en SLP - Canal 7 SLP - 2025","robots":{"index":"index","follow":"follow","max-snippet":"max-snippet:-1","max-image-preview":"max-image-preview:large","max-video-preview":"max-video-preview:-1"},"canonical":"https:\/\/canal7slp.tv\/2025\/comienza-jornada-estatal-de-vacunacion-antirrabica-para-perros-y-gatos-en-slp\/","og_locale":"es_ES","og_type":"article","og_title":"Comienza jornada estatal de vacunaci\u00f3n antirr\u00e1bica para perros y gatos en SLP - Canal 7 SLP - 2025","og_description":"SLP.- Con el objetivo de mantener a San Luis Potos\u00ed libre de rabia, se dio inicio a la Jornada de Vacunaci\u00f3n Antirr\u00e1bica Canina y Felina 2025, que se extender\u00e1 hasta el 30 de mayo en los 58 municipios del estado. La campa\u00f1a, organizada por la administraci\u00f3n estatal a trav\u00e9s del Departamento de Zoonosis de los Servicios de Salud, busca inmunizar gratuitamente a alrededor de 580 mil mascotas, entre perros y gatos, a partir del primer mes de vida. De hecho se recomienda un refuerzo a los tres meses y despu\u00e9s una aplicaci\u00f3n anual. Bajo el lema \u201cPor tu salud y [&hellip;]","og_url":"https:\/\/canal7slp.tv\/2025\/comienza-jornada-estatal-de-vacunacion-antirrabica-para-perros-y-gatos-en-slp\/","og_site_name":"Canal 7 SLP - 2025","article_publisher":"https:\/\/www.facebook.com\/noticieroscanal7atencionciudadana\/","article_published_time":"2025-05-12T21:23:23+00:00","og_image":[{"width":1280,"height":720,"url":"https:\/\/canal7slp.tv\/2025\/wp-content\/uploads\/2025\/05\/Vazquez01Mascotas.jpg","type":"image\/jpeg"}],"author":"Edici\u00f3n Web","twitter_card":"summary_large_image","twitter_creator":"@NOTICIEROS7","twitter_site":"@NOTICIEROS7","twitter_misc":{"Escrito por":"Edici\u00f3n Web","Tiempo de lectura":"2 minutos"},"schema":{"@context":"https:\/\/schema.org","@graph":[{"@type":"Article","@id":"https:\/\/canal7slp.tv\/2025\/comienza-jornada-estatal-de-vacunacion-antirrabica-para-perros-y-gatos-en-slp\/#article","isPartOf":{"@id":"https:\/\/canal7slp.tv\/2025\/comienza-jornada-estatal-de-vacunacion-antirrabica-para-perros-y-gatos-en-slp\/"},"author":{"name":"Edici\u00f3n Web","@id":"https:\/\/canal7slp.tv\/2025\/#\/schema\/person\/271e2b60a96e7cc9d9ac296f4d7e414b"},"headline":"Comienza jornada estatal de vacunaci\u00f3n antirr\u00e1bica para perros y gatos en SLP","datePublished":"2025-05-12T21:23:23+00:00","mainEntityOfPage":{"@id":"https:\/\/canal7slp.tv\/2025\/comienza-jornada-estatal-de-vacunacion-antirrabica-para-perros-y-gatos-en-slp\/"},"wordCount":260,"publisher":{"@id":"https:\/\/canal7slp.tv\/2025\/#organization"},"image":{"@id":"https:\/\/canal7slp.tv\/2025\/comienza-jornada-estatal-de-vacunacion-antirrabica-para-perros-y-gatos-en-slp\/#primaryimage"},"thumbnailUrl":"https:\/\/canal7slp.tv\/2025\/wp-content\/uploads\/2025\/05\/Vazquez01Mascotas.jpg","articleSection":["DESTACADAS","GOBEDOSLP","LOCALES Y REGIONALES"],"inLanguage":"es"},{"@type":"WebPage","@id":"https:\/\/canal7slp.tv\/2025\/comienza-jornada-estatal-de-vacunacion-antirrabica-para-perros-y-gatos-en-slp\/","url":"https:\/\/canal7slp.tv\/2025\/comienza-jornada-estatal-de-vacunacion-antirrabica-para-perros-y-gatos-en-slp\/","name":"Comienza jornada estatal de vacunaci\u00f3n antirr\u00e1bica para perros y gatos en SLP - Canal 7 SLP - 2025","isPartOf":{"@id":"https:\/\/canal7slp.tv\/2025\/#website"},"primaryImageOfPage":{"@id":"https:\/\/canal7slp.tv\/2025\/comienza-jornada-estatal-de-vacunacion-antirrabica-para-perros-y-gatos-en-slp\/#primaryimage"},"image":{"@id":"https:\/\/canal7slp.tv\/2025\/comienza-jornada-estatal-de-vacunacion-antirrabica-para-perros-y-gatos-en-slp\/#primaryimage"},"thumbnailUrl":"https:\/\/canal7slp.tv\/2025\/wp-content\/uploads\/2025\/05\/Vazquez01Mascotas.jpg","datePublished":"2025-05-12T21:23:23+00:00","breadcrumb":{"@id":"https:\/\/canal7slp.tv\/2025\/comienza-jornada-estatal-de-vacunacion-antirrabica-para-perros-y-gatos-en-slp\/#breadcrumb"},"inLanguage":"es","potentialAction":[{"@type":"ReadAction","target":["https:\/\/canal7slp.tv\/2025\/comienza-jornada-estatal-de-vacunacion-antirrabica-para-perros-y-gatos-en-slp\/"]}]},{"@type":"ImageObject","inLanguage":"es","@id":"https:\/\/canal7slp.tv\/2025\/comienza-jornada-estatal-de-vacunacion-antirrabica-para-perros-y-gatos-en-slp\/#primaryimage","url":"https:\/\/canal7slp.tv\/2025\/wp-content\/uploads\/2025\/05\/Vazquez01Mascotas.jpg","contentUrl":"https:\/\/canal7slp.tv\/2025\/wp-content\/uploads\/2025\/05\/Vazquez01Mascotas.jpg","width":1280,"height":720},{"@type":"BreadcrumbList","@id":"https:\/\/canal7slp.tv\/2025\/comienza-jornada-estatal-de-vacunacion-antirrabica-para-perros-y-gatos-en-slp\/#breadcrumb","itemListElement":[{"@type":"ListItem","position":1,"name":"Portada","item":"https:\/\/canal7slp.tv\/2025\/"},{"@type":"ListItem","position":2,"name":"Comienza jornada estatal de vacunaci\u00f3n antirr\u00e1bica para perros y gatos en SLP"}]},{"@type":"WebSite","@id":"https:\/\/canal7slp.tv\/2025\/#website","url":"https:\/\/canal7slp.tv\/2025\/","name":"N7 - Noticieros Canal 7","description":"Somos el Medio","publisher":{"@id":"https:\/\/canal7slp.tv\/2025\/#organization"},"potentialAction":[{"@type":"SearchAction","target":{"@type":"EntryPoint","urlTemplate":"https:\/\/canal7slp.tv\/2025\/?s={search_term_string}"},"query-input":{"@type":"PropertyValueSpecification","valueRequired":true,"valueName":"search_term_string"}}],"inLanguage":"es"},{"@type":"Organization","@id":"https:\/\/canal7slp.tv\/2025\/#organization","name":"Noticieros Canal 7","url":"https:\/\/canal7slp.tv\/2025\/","logo":{"@type":"ImageObject","inLanguage":"es","@id":"https:\/\/canal7slp.tv\/2025\/#\/schema\/logo\/image\/","url":"https:\/\/canal7slp.tv\/2025\/wp-content\/uploads\/2021\/01\/logo-noticieros@2x.png","contentUrl":"https:\/\/canal7slp.tv\/2025\/wp-content\/uploads\/2021\/01\/logo-noticieros@2x.png","width":1017,"height":268,"caption":"Noticieros Canal 7"},"image":{"@id":"https:\/\/canal7slp.tv\/2025\/#\/schema\/logo\/image\/"},"sameAs":["https:\/\/www.facebook.com\/noticieroscanal7atencionciudadana\/","https:\/\/x.com\/NOTICIEROS7","https:\/\/www.instagram.com\/canal7_slp","https:\/\/www.youtube.com\/channel\/UCliiYs-gP3JfJeqdPrNdd5A"]},{"@type":"Person","@id":"https:\/\/canal7slp.tv\/2025\/#\/schema\/person\/271e2b60a96e7cc9d9ac296f4d7e414b","name":"Edici\u00f3n Web","image":{"@type":"ImageObject","inLanguage":"es","@id":"https:\/\/secure.gravatar.com\/avatar\/eee448fc3f7164808013b816ba91ac7e43bbe82a70bebac296f8bc6f0addaa1a?s=96&d=mm&r=g","url":"https:\/\/secure.gravatar.com\/avatar\/eee448fc3f7164808013b816ba91ac7e43bbe82a70bebac296f8bc6f0addaa1a?s=96&d=mm&r=g","contentUrl":"https:\/\/secure.gravatar.com\/avatar\/eee448fc3f7164808013b816ba91ac7e43bbe82a70bebac296f8bc6f0addaa1a?s=96&d=mm&r=g","caption":"Edici\u00f3n Web"},"url":"https:\/\/canal7slp.tv\/2025\/author\/edicionweb\/"}]}},"_links":{"self":[{"href":"https:\/\/canal7slp.tv\/2025\/wp-json\/wp\/v2\/posts\/166293","targetHints":{"allow":["GET"]}}],"collection":[{"href":"https:\/\/canal7slp.tv\/2025\/wp-json\/wp\/v2\/posts"}],"about":[{"href":"https:\/\/canal7slp.tv\/2025\/wp-json\/wp\/v2\/types\/post"}],"author":[{"embeddable":true,"href":"https:\/\/canal7slp.tv\/2025\/wp-json\/wp\/v2\/users\/2"}],"replies":[{"embeddable":true,"href":"https:\/\/canal7slp.tv\/2025\/wp-json\/wp\/v2\/comments?post=166293"}],"version-history":[{"count":2,"href":"https:\/\/canal7slp.tv\/2025\/wp-json\/wp\/v2\/posts\/166293\/revisions"}],"predecessor-version":[{"id":166353,"href":"https:\/\/canal7slp.tv\/2025\/wp-json\/wp\/v2\/posts\/166293\/revisions\/166353"}],"wp:featuredmedia":[{"embeddable":true,"href":"https:\/\/canal7slp.tv\/2025\/wp-json\/wp\/v2\/media\/166352"}],"wp:attachment":[{"href":"https:\/\/canal7slp.tv\/2025\/wp-json\/wp\/v2\/media?parent=166293"}],"wp:term":[{"taxonomy":"category","embeddable":true,"href":"https:\/\/canal7slp.tv\/2025\/wp-json\/wp\/v2\/categories?post=166293"},{"taxonomy":"post_tag","embeddable":true,"href":"https:\/\/canal7slp.tv\/2025\/wp-json\/wp\/v2\/tags?post=166293"}],"curies":[{"name":"wp","href":"https:\/\/api.w.org\/{rel}","templated":true}]}}