{"id":165820,"date":"2025-05-10T13:14:02","date_gmt":"2025-05-10T19:14:02","guid":{"rendered":"https:\/\/canal7slp.tv\/2025\/?p=165820"},"modified":"2025-05-10T15:07:28","modified_gmt":"2025-05-10T21:07:28","slug":"africa-enfrente-grave-brote-de-colera-con-mas-de-71-mil-casos-y-mil-600-muertes-confirmadas","status":"publish","type":"post","link":"https:\/\/canal7slp.tv\/2025\/africa-enfrente-grave-brote-de-colera-con-mas-de-71-mil-casos-y-mil-600-muertes-confirmadas\/","title":{"rendered":"\u00c1frica enfrente grave brote de C\u00f3lera con m\u00e1s de 71 mil casos y mil 600 muertes confirmadas"},"content":{"rendered":"<p style=\"text-align: justify;\">\n<p style=\"text-align: justify;\">Etiopia.- Desde principios de 2025, \u00c1frica ha registrado 71,829 casos de c\u00f3lera y 1,653 muertes, seg\u00fan datos de la agencia de salud p\u00fablica de la Uni\u00f3n Africana (UA). La epidemia, considerada de alta letalidad con una tasa del 2.3%, se ha extendido a 15 pa\u00edses del continente, afectando gravemente a Angola, Sud\u00e1n del Sur, la Rep\u00fablica Democr\u00e1tica del Congo (RDC) y Sud\u00e1n, que concentran el 90% de los contagios reportados.<\/p>\n<p style=\"text-align: justify;\">La UA ha advertido que estos cuatro pa\u00edses atraviesan una \u00abgrave crisis sanitaria\u00bb, mientras que epidemi\u00f3logos han manifestado su preocupaci\u00f3n por el ritmo de propagaci\u00f3n y la falta de infraestructura m\u00e9dica en varias regiones.<\/p>\n<p style=\"text-align: justify;\">Casos tambi\u00e9n han sido reportados en Etiop\u00eda, Ghana, Kenia, Malaui, Mozambique, Namibia, Nigeria, Ruanda, Uganda, Zambia y Zimbabue, lo que refleja una expansi\u00f3n regional preocupante. Ngashi Ngongo, jefe de la Oficina Ejecutiva de los Centros para el Control y Prevenci\u00f3n de Enfermedades de \u00c1frica (CDC \u00c1frica), llam\u00f3 a una respuesta urgente y coordinada, inspirada en las \u00ablecciones aprendidas\u00bb durante la contenci\u00f3n del mpox.<\/p>\n<p style=\"text-align: justify;\">Angola ha sido uno de los pa\u00edses m\u00e1s golpeados desde la detecci\u00f3n del primer caso el 7 de enero. Hasta ahora, suma 17,967 contagios y 576 muertes, con una tasa de letalidad del 3.2%, afectando a 17 de sus 21 provincias. El 54% de los contagios y el 63% de los fallecimientos corresponden a hombres, seg\u00fan los CDC de \u00c1frica.<\/p>\n<p style=\"text-align: justify;\">En Sud\u00e1n del Sur, se han registrado 22,301 casos y 478 muertes; en la RDC, 18,385 contagios y 364 fallecimientos; y en Sud\u00e1n, 9,253 casos con 236 v\u00edctimas mortales.<\/p>\n<p style=\"text-align: justify;\">Es importante se\u00f1alar que el c\u00f3lera es una enfermedad diarreica aguda causada por la ingesti\u00f3n de alimentos o agua contaminados con la bacteria Vibrio cholerae. Se propaga r\u00e1pidamente en entornos con saneamiento deficiente y acceso limitado a agua potable. Aunque es tratable, puede ser letal si no se atiende de manera oportuna.<\/p>\n","protected":false},"excerpt":{"rendered":"<p>Etiopia.- Desde principios de 2025, \u00c1frica ha registrado 71,829 casos de c\u00f3lera y 1,653 muertes, seg\u00fan datos de la agencia de salud p\u00fablica de la Uni\u00f3n Africana (UA). La epidemia, considerada de alta letalidad con una tasa del 2.3%, se ha extendido a 15 pa\u00edses del continente, afectando gravemente a Angola, Sud\u00e1n del Sur, la Rep\u00fablica Democr\u00e1tica del Congo (RDC) y Sud\u00e1n, que concentran el 90% de los contagios reportados. La UA ha advertido que estos cuatro pa\u00edses atraviesan una \u00abgrave crisis sanitaria\u00bb, mientras que epidemi\u00f3logos han manifestado su preocupaci\u00f3n por el ritmo de propagaci\u00f3n y la falta de infraestructura [&hellip;]<\/p>\n","protected":false},"author":2,"featured_media":165821,"comment_status":"closed","ping_status":"closed","sticky":false,"template":"","format":"standard","meta":{"_monsterinsights_skip_tracking":false,"_monsterinsights_sitenote_active":false,"_monsterinsights_sitenote_note":"","_monsterinsights_sitenote_category":0,"footnotes":""},"categories":[44],"tags":[],"class_list":["post-165820","post","type-post","status-publish","format-standard","has-post-thumbnail","hentry","category-internacional","post--single"],"yoast_head":"<!-- This site is optimized with the Yoast SEO plugin v27.5 - https:\/\/yoast.com\/product\/yoast-seo-wordpress\/ -->\n<title>\u00c1frica enfrente grave brote de C\u00f3lera con m\u00e1s de 71 mil casos y mil 600 muertes confirmadas - Canal 7 SLP - 2025<\/title>\n<meta name=\"robots\" content=\"index, follow, max-snippet:-1, max-image-preview:large, max-video-preview:-1\" \/>\n<link rel=\"canonical\" href=\"https:\/\/canal7slp.tv\/2025\/africa-enfrente-grave-brote-de-colera-con-mas-de-71-mil-casos-y-mil-600-muertes-confirmadas\/\" \/>\n<meta property=\"og:locale\" content=\"es_ES\" \/>\n<meta property=\"og:type\" content=\"article\" \/>\n<meta property=\"og:title\" content=\"\u00c1frica enfrente grave brote de C\u00f3lera con m\u00e1s de 71 mil casos y mil 600 muertes confirmadas - Canal 7 SLP - 2025\" \/>\n<meta property=\"og:description\" content=\"Etiopia.- Desde principios de 2025, \u00c1frica ha registrado 71,829 casos de c\u00f3lera y 1,653 muertes, seg\u00fan datos de la agencia de salud p\u00fablica de la Uni\u00f3n Africana (UA). La epidemia, considerada de alta letalidad con una tasa del 2.3%, se ha extendido a 15 pa\u00edses del continente, afectando gravemente a Angola, Sud\u00e1n del Sur, la Rep\u00fablica Democr\u00e1tica del Congo (RDC) y Sud\u00e1n, que concentran el 90% de los contagios reportados. La UA ha advertido que estos cuatro pa\u00edses atraviesan una \u00abgrave crisis sanitaria\u00bb, mientras que epidemi\u00f3logos han manifestado su preocupaci\u00f3n por el ritmo de propagaci\u00f3n y la falta de infraestructura [&hellip;]\" \/>\n<meta property=\"og:url\" content=\"https:\/\/canal7slp.tv\/2025\/africa-enfrente-grave-brote-de-colera-con-mas-de-71-mil-casos-y-mil-600-muertes-confirmadas\/\" \/>\n<meta property=\"og:site_name\" content=\"Canal 7 SLP - 2025\" \/>\n<meta property=\"article:publisher\" content=\"https:\/\/www.facebook.com\/noticieroscanal7atencionciudadana\/\" \/>\n<meta property=\"article:published_time\" content=\"2025-05-10T19:14:02+00:00\" \/>\n<meta property=\"article:modified_time\" content=\"2025-05-10T21:07:28+00:00\" \/>\n<meta property=\"og:image\" content=\"https:\/\/canal7slp.tv\/2025\/wp-content\/uploads\/2025\/05\/08-8.jpg\" \/>\n\t<meta property=\"og:image:width\" content=\"691\" \/>\n\t<meta property=\"og:image:height\" content=\"500\" \/>\n\t<meta property=\"og:image:type\" content=\"image\/jpeg\" \/>\n<meta name=\"author\" content=\"Edici\u00f3n Web\" \/>\n<meta name=\"twitter:card\" content=\"summary_large_image\" \/>\n<meta name=\"twitter:creator\" content=\"@NOTICIEROS7\" \/>\n<meta name=\"twitter:site\" content=\"@NOTICIEROS7\" \/>\n<meta name=\"twitter:label1\" content=\"Escrito por\" \/>\n\t<meta name=\"twitter:data1\" content=\"Edici\u00f3n Web\" \/>\n\t<meta name=\"twitter:label2\" content=\"Tiempo de lectura\" \/>\n\t<meta name=\"twitter:data2\" content=\"2 minutos\" \/>\n<script type=\"application\/ld+json\" class=\"yoast-schema-graph\">{\"@context\":\"https:\\\/\\\/schema.org\",\"@graph\":[{\"@type\":\"Article\",\"@id\":\"https:\\\/\\\/canal7slp.tv\\\/2025\\\/africa-enfrente-grave-brote-de-colera-con-mas-de-71-mil-casos-y-mil-600-muertes-confirmadas\\\/#article\",\"isPartOf\":{\"@id\":\"https:\\\/\\\/canal7slp.tv\\\/2025\\\/africa-enfrente-grave-brote-de-colera-con-mas-de-71-mil-casos-y-mil-600-muertes-confirmadas\\\/\"},\"author\":{\"name\":\"Edici\u00f3n Web\",\"@id\":\"https:\\\/\\\/canal7slp.tv\\\/2025\\\/#\\\/schema\\\/person\\\/271e2b60a96e7cc9d9ac296f4d7e414b\"},\"headline\":\"\u00c1frica enfrente grave brote de C\u00f3lera con m\u00e1s de 71 mil casos y mil 600 muertes confirmadas\",\"datePublished\":\"2025-05-10T19:14:02+00:00\",\"dateModified\":\"2025-05-10T21:07:28+00:00\",\"mainEntityOfPage\":{\"@id\":\"https:\\\/\\\/canal7slp.tv\\\/2025\\\/africa-enfrente-grave-brote-de-colera-con-mas-de-71-mil-casos-y-mil-600-muertes-confirmadas\\\/\"},\"wordCount\":336,\"publisher\":{\"@id\":\"https:\\\/\\\/canal7slp.tv\\\/2025\\\/#organization\"},\"image\":{\"@id\":\"https:\\\/\\\/canal7slp.tv\\\/2025\\\/africa-enfrente-grave-brote-de-colera-con-mas-de-71-mil-casos-y-mil-600-muertes-confirmadas\\\/#primaryimage\"},\"thumbnailUrl\":\"https:\\\/\\\/canal7slp.tv\\\/2025\\\/wp-content\\\/uploads\\\/2025\\\/05\\\/08-8.jpg\",\"articleSection\":[\"INTERNACIONALES\"],\"inLanguage\":\"es\"},{\"@type\":\"WebPage\",\"@id\":\"https:\\\/\\\/canal7slp.tv\\\/2025\\\/africa-enfrente-grave-brote-de-colera-con-mas-de-71-mil-casos-y-mil-600-muertes-confirmadas\\\/\",\"url\":\"https:\\\/\\\/canal7slp.tv\\\/2025\\\/africa-enfrente-grave-brote-de-colera-con-mas-de-71-mil-casos-y-mil-600-muertes-confirmadas\\\/\",\"name\":\"\u00c1frica enfrente grave brote de C\u00f3lera con m\u00e1s de 71 mil casos y mil 600 muertes confirmadas - Canal 7 SLP - 2025\",\"isPartOf\":{\"@id\":\"https:\\\/\\\/canal7slp.tv\\\/2025\\\/#website\"},\"primaryImageOfPage\":{\"@id\":\"https:\\\/\\\/canal7slp.tv\\\/2025\\\/africa-enfrente-grave-brote-de-colera-con-mas-de-71-mil-casos-y-mil-600-muertes-confirmadas\\\/#primaryimage\"},\"image\":{\"@id\":\"https:\\\/\\\/canal7slp.tv\\\/2025\\\/africa-enfrente-grave-brote-de-colera-con-mas-de-71-mil-casos-y-mil-600-muertes-confirmadas\\\/#primaryimage\"},\"thumbnailUrl\":\"https:\\\/\\\/canal7slp.tv\\\/2025\\\/wp-content\\\/uploads\\\/2025\\\/05\\\/08-8.jpg\",\"datePublished\":\"2025-05-10T19:14:02+00:00\",\"dateModified\":\"2025-05-10T21:07:28+00:00\",\"breadcrumb\":{\"@id\":\"https:\\\/\\\/canal7slp.tv\\\/2025\\\/africa-enfrente-grave-brote-de-colera-con-mas-de-71-mil-casos-y-mil-600-muertes-confirmadas\\\/#breadcrumb\"},\"inLanguage\":\"es\",\"potentialAction\":[{\"@type\":\"ReadAction\",\"target\":[\"https:\\\/\\\/canal7slp.tv\\\/2025\\\/africa-enfrente-grave-brote-de-colera-con-mas-de-71-mil-casos-y-mil-600-muertes-confirmadas\\\/\"]}]},{\"@type\":\"ImageObject\",\"inLanguage\":\"es\",\"@id\":\"https:\\\/\\\/canal7slp.tv\\\/2025\\\/africa-enfrente-grave-brote-de-colera-con-mas-de-71-mil-casos-y-mil-600-muertes-confirmadas\\\/#primaryimage\",\"url\":\"https:\\\/\\\/canal7slp.tv\\\/2025\\\/wp-content\\\/uploads\\\/2025\\\/05\\\/08-8.jpg\",\"contentUrl\":\"https:\\\/\\\/canal7slp.tv\\\/2025\\\/wp-content\\\/uploads\\\/2025\\\/05\\\/08-8.jpg\",\"width\":691,\"height\":500},{\"@type\":\"BreadcrumbList\",\"@id\":\"https:\\\/\\\/canal7slp.tv\\\/2025\\\/africa-enfrente-grave-brote-de-colera-con-mas-de-71-mil-casos-y-mil-600-muertes-confirmadas\\\/#breadcrumb\",\"itemListElement\":[{\"@type\":\"ListItem\",\"position\":1,\"name\":\"Portada\",\"item\":\"https:\\\/\\\/canal7slp.tv\\\/2025\\\/\"},{\"@type\":\"ListItem\",\"position\":2,\"name\":\"\u00c1frica enfrente grave brote de C\u00f3lera con m\u00e1s de 71 mil casos y mil 600 muertes confirmadas\"}]},{\"@type\":\"WebSite\",\"@id\":\"https:\\\/\\\/canal7slp.tv\\\/2025\\\/#website\",\"url\":\"https:\\\/\\\/canal7slp.tv\\\/2025\\\/\",\"name\":\"N7 - Noticieros Canal 7\",\"description\":\"Somos el Medio\",\"publisher\":{\"@id\":\"https:\\\/\\\/canal7slp.tv\\\/2025\\\/#organization\"},\"potentialAction\":[{\"@type\":\"SearchAction\",\"target\":{\"@type\":\"EntryPoint\",\"urlTemplate\":\"https:\\\/\\\/canal7slp.tv\\\/2025\\\/?s={search_term_string}\"},\"query-input\":{\"@type\":\"PropertyValueSpecification\",\"valueRequired\":true,\"valueName\":\"search_term_string\"}}],\"inLanguage\":\"es\"},{\"@type\":\"Organization\",\"@id\":\"https:\\\/\\\/canal7slp.tv\\\/2025\\\/#organization\",\"name\":\"Noticieros Canal 7\",\"url\":\"https:\\\/\\\/canal7slp.tv\\\/2025\\\/\",\"logo\":{\"@type\":\"ImageObject\",\"inLanguage\":\"es\",\"@id\":\"https:\\\/\\\/canal7slp.tv\\\/2025\\\/#\\\/schema\\\/logo\\\/image\\\/\",\"url\":\"https:\\\/\\\/canal7slp.tv\\\/2025\\\/wp-content\\\/uploads\\\/2021\\\/01\\\/logo-noticieros@2x.png\",\"contentUrl\":\"https:\\\/\\\/canal7slp.tv\\\/2025\\\/wp-content\\\/uploads\\\/2021\\\/01\\\/logo-noticieros@2x.png\",\"width\":1017,\"height\":268,\"caption\":\"Noticieros Canal 7\"},\"image\":{\"@id\":\"https:\\\/\\\/canal7slp.tv\\\/2025\\\/#\\\/schema\\\/logo\\\/image\\\/\"},\"sameAs\":[\"https:\\\/\\\/www.facebook.com\\\/noticieroscanal7atencionciudadana\\\/\",\"https:\\\/\\\/x.com\\\/NOTICIEROS7\",\"https:\\\/\\\/www.instagram.com\\\/canal7_slp\",\"https:\\\/\\\/www.youtube.com\\\/channel\\\/UCliiYs-gP3JfJeqdPrNdd5A\"]},{\"@type\":\"Person\",\"@id\":\"https:\\\/\\\/canal7slp.tv\\\/2025\\\/#\\\/schema\\\/person\\\/271e2b60a96e7cc9d9ac296f4d7e414b\",\"name\":\"Edici\u00f3n Web\",\"image\":{\"@type\":\"ImageObject\",\"inLanguage\":\"es\",\"@id\":\"https:\\\/\\\/secure.gravatar.com\\\/avatar\\\/eee448fc3f7164808013b816ba91ac7e43bbe82a70bebac296f8bc6f0addaa1a?s=96&d=mm&r=g\",\"url\":\"https:\\\/\\\/secure.gravatar.com\\\/avatar\\\/eee448fc3f7164808013b816ba91ac7e43bbe82a70bebac296f8bc6f0addaa1a?s=96&d=mm&r=g\",\"contentUrl\":\"https:\\\/\\\/secure.gravatar.com\\\/avatar\\\/eee448fc3f7164808013b816ba91ac7e43bbe82a70bebac296f8bc6f0addaa1a?s=96&d=mm&r=g\",\"caption\":\"Edici\u00f3n Web\"},\"url\":\"https:\\\/\\\/canal7slp.tv\\\/2025\\\/author\\\/edicionweb\\\/\"}]}<\/script>\n<!-- \/ Yoast SEO plugin. -->","yoast_head_json":{"title":"\u00c1frica enfrente grave brote de C\u00f3lera con m\u00e1s de 71 mil casos y mil 600 muertes confirmadas - Canal 7 SLP - 2025","robots":{"index":"index","follow":"follow","max-snippet":"max-snippet:-1","max-image-preview":"max-image-preview:large","max-video-preview":"max-video-preview:-1"},"canonical":"https:\/\/canal7slp.tv\/2025\/africa-enfrente-grave-brote-de-colera-con-mas-de-71-mil-casos-y-mil-600-muertes-confirmadas\/","og_locale":"es_ES","og_type":"article","og_title":"\u00c1frica enfrente grave brote de C\u00f3lera con m\u00e1s de 71 mil casos y mil 600 muertes confirmadas - Canal 7 SLP - 2025","og_description":"Etiopia.- Desde principios de 2025, \u00c1frica ha registrado 71,829 casos de c\u00f3lera y 1,653 muertes, seg\u00fan datos de la agencia de salud p\u00fablica de la Uni\u00f3n Africana (UA). La epidemia, considerada de alta letalidad con una tasa del 2.3%, se ha extendido a 15 pa\u00edses del continente, afectando gravemente a Angola, Sud\u00e1n del Sur, la Rep\u00fablica Democr\u00e1tica del Congo (RDC) y Sud\u00e1n, que concentran el 90% de los contagios reportados. La UA ha advertido que estos cuatro pa\u00edses atraviesan una \u00abgrave crisis sanitaria\u00bb, mientras que epidemi\u00f3logos han manifestado su preocupaci\u00f3n por el ritmo de propagaci\u00f3n y la falta de infraestructura [&hellip;]","og_url":"https:\/\/canal7slp.tv\/2025\/africa-enfrente-grave-brote-de-colera-con-mas-de-71-mil-casos-y-mil-600-muertes-confirmadas\/","og_site_name":"Canal 7 SLP - 2025","article_publisher":"https:\/\/www.facebook.com\/noticieroscanal7atencionciudadana\/","article_published_time":"2025-05-10T19:14:02+00:00","article_modified_time":"2025-05-10T21:07:28+00:00","og_image":[{"width":691,"height":500,"url":"https:\/\/canal7slp.tv\/2025\/wp-content\/uploads\/2025\/05\/08-8.jpg","type":"image\/jpeg"}],"author":"Edici\u00f3n Web","twitter_card":"summary_large_image","twitter_creator":"@NOTICIEROS7","twitter_site":"@NOTICIEROS7","twitter_misc":{"Escrito por":"Edici\u00f3n Web","Tiempo de lectura":"2 minutos"},"schema":{"@context":"https:\/\/schema.org","@graph":[{"@type":"Article","@id":"https:\/\/canal7slp.tv\/2025\/africa-enfrente-grave-brote-de-colera-con-mas-de-71-mil-casos-y-mil-600-muertes-confirmadas\/#article","isPartOf":{"@id":"https:\/\/canal7slp.tv\/2025\/africa-enfrente-grave-brote-de-colera-con-mas-de-71-mil-casos-y-mil-600-muertes-confirmadas\/"},"author":{"name":"Edici\u00f3n Web","@id":"https:\/\/canal7slp.tv\/2025\/#\/schema\/person\/271e2b60a96e7cc9d9ac296f4d7e414b"},"headline":"\u00c1frica enfrente grave brote de C\u00f3lera con m\u00e1s de 71 mil casos y mil 600 muertes confirmadas","datePublished":"2025-05-10T19:14:02+00:00","dateModified":"2025-05-10T21:07:28+00:00","mainEntityOfPage":{"@id":"https:\/\/canal7slp.tv\/2025\/africa-enfrente-grave-brote-de-colera-con-mas-de-71-mil-casos-y-mil-600-muertes-confirmadas\/"},"wordCount":336,"publisher":{"@id":"https:\/\/canal7slp.tv\/2025\/#organization"},"image":{"@id":"https:\/\/canal7slp.tv\/2025\/africa-enfrente-grave-brote-de-colera-con-mas-de-71-mil-casos-y-mil-600-muertes-confirmadas\/#primaryimage"},"thumbnailUrl":"https:\/\/canal7slp.tv\/2025\/wp-content\/uploads\/2025\/05\/08-8.jpg","articleSection":["INTERNACIONALES"],"inLanguage":"es"},{"@type":"WebPage","@id":"https:\/\/canal7slp.tv\/2025\/africa-enfrente-grave-brote-de-colera-con-mas-de-71-mil-casos-y-mil-600-muertes-confirmadas\/","url":"https:\/\/canal7slp.tv\/2025\/africa-enfrente-grave-brote-de-colera-con-mas-de-71-mil-casos-y-mil-600-muertes-confirmadas\/","name":"\u00c1frica enfrente grave brote de C\u00f3lera con m\u00e1s de 71 mil casos y mil 600 muertes confirmadas - Canal 7 SLP - 2025","isPartOf":{"@id":"https:\/\/canal7slp.tv\/2025\/#website"},"primaryImageOfPage":{"@id":"https:\/\/canal7slp.tv\/2025\/africa-enfrente-grave-brote-de-colera-con-mas-de-71-mil-casos-y-mil-600-muertes-confirmadas\/#primaryimage"},"image":{"@id":"https:\/\/canal7slp.tv\/2025\/africa-enfrente-grave-brote-de-colera-con-mas-de-71-mil-casos-y-mil-600-muertes-confirmadas\/#primaryimage"},"thumbnailUrl":"https:\/\/canal7slp.tv\/2025\/wp-content\/uploads\/2025\/05\/08-8.jpg","datePublished":"2025-05-10T19:14:02+00:00","dateModified":"2025-05-10T21:07:28+00:00","breadcrumb":{"@id":"https:\/\/canal7slp.tv\/2025\/africa-enfrente-grave-brote-de-colera-con-mas-de-71-mil-casos-y-mil-600-muertes-confirmadas\/#breadcrumb"},"inLanguage":"es","potentialAction":[{"@type":"ReadAction","target":["https:\/\/canal7slp.tv\/2025\/africa-enfrente-grave-brote-de-colera-con-mas-de-71-mil-casos-y-mil-600-muertes-confirmadas\/"]}]},{"@type":"ImageObject","inLanguage":"es","@id":"https:\/\/canal7slp.tv\/2025\/africa-enfrente-grave-brote-de-colera-con-mas-de-71-mil-casos-y-mil-600-muertes-confirmadas\/#primaryimage","url":"https:\/\/canal7slp.tv\/2025\/wp-content\/uploads\/2025\/05\/08-8.jpg","contentUrl":"https:\/\/canal7slp.tv\/2025\/wp-content\/uploads\/2025\/05\/08-8.jpg","width":691,"height":500},{"@type":"BreadcrumbList","@id":"https:\/\/canal7slp.tv\/2025\/africa-enfrente-grave-brote-de-colera-con-mas-de-71-mil-casos-y-mil-600-muertes-confirmadas\/#breadcrumb","itemListElement":[{"@type":"ListItem","position":1,"name":"Portada","item":"https:\/\/canal7slp.tv\/2025\/"},{"@type":"ListItem","position":2,"name":"\u00c1frica enfrente grave brote de C\u00f3lera con m\u00e1s de 71 mil casos y mil 600 muertes confirmadas"}]},{"@type":"WebSite","@id":"https:\/\/canal7slp.tv\/2025\/#website","url":"https:\/\/canal7slp.tv\/2025\/","name":"N7 - Noticieros Canal 7","description":"Somos el Medio","publisher":{"@id":"https:\/\/canal7slp.tv\/2025\/#organization"},"potentialAction":[{"@type":"SearchAction","target":{"@type":"EntryPoint","urlTemplate":"https:\/\/canal7slp.tv\/2025\/?s={search_term_string}"},"query-input":{"@type":"PropertyValueSpecification","valueRequired":true,"valueName":"search_term_string"}}],"inLanguage":"es"},{"@type":"Organization","@id":"https:\/\/canal7slp.tv\/2025\/#organization","name":"Noticieros Canal 7","url":"https:\/\/canal7slp.tv\/2025\/","logo":{"@type":"ImageObject","inLanguage":"es","@id":"https:\/\/canal7slp.tv\/2025\/#\/schema\/logo\/image\/","url":"https:\/\/canal7slp.tv\/2025\/wp-content\/uploads\/2021\/01\/logo-noticieros@2x.png","contentUrl":"https:\/\/canal7slp.tv\/2025\/wp-content\/uploads\/2021\/01\/logo-noticieros@2x.png","width":1017,"height":268,"caption":"Noticieros Canal 7"},"image":{"@id":"https:\/\/canal7slp.tv\/2025\/#\/schema\/logo\/image\/"},"sameAs":["https:\/\/www.facebook.com\/noticieroscanal7atencionciudadana\/","https:\/\/x.com\/NOTICIEROS7","https:\/\/www.instagram.com\/canal7_slp","https:\/\/www.youtube.com\/channel\/UCliiYs-gP3JfJeqdPrNdd5A"]},{"@type":"Person","@id":"https:\/\/canal7slp.tv\/2025\/#\/schema\/person\/271e2b60a96e7cc9d9ac296f4d7e414b","name":"Edici\u00f3n Web","image":{"@type":"ImageObject","inLanguage":"es","@id":"https:\/\/secure.gravatar.com\/avatar\/eee448fc3f7164808013b816ba91ac7e43bbe82a70bebac296f8bc6f0addaa1a?s=96&d=mm&r=g","url":"https:\/\/secure.gravatar.com\/avatar\/eee448fc3f7164808013b816ba91ac7e43bbe82a70bebac296f8bc6f0addaa1a?s=96&d=mm&r=g","contentUrl":"https:\/\/secure.gravatar.com\/avatar\/eee448fc3f7164808013b816ba91ac7e43bbe82a70bebac296f8bc6f0addaa1a?s=96&d=mm&r=g","caption":"Edici\u00f3n Web"},"url":"https:\/\/canal7slp.tv\/2025\/author\/edicionweb\/"}]}},"_links":{"self":[{"href":"https:\/\/canal7slp.tv\/2025\/wp-json\/wp\/v2\/posts\/165820","targetHints":{"allow":["GET"]}}],"collection":[{"href":"https:\/\/canal7slp.tv\/2025\/wp-json\/wp\/v2\/posts"}],"about":[{"href":"https:\/\/canal7slp.tv\/2025\/wp-json\/wp\/v2\/types\/post"}],"author":[{"embeddable":true,"href":"https:\/\/canal7slp.tv\/2025\/wp-json\/wp\/v2\/users\/2"}],"replies":[{"embeddable":true,"href":"https:\/\/canal7slp.tv\/2025\/wp-json\/wp\/v2\/comments?post=165820"}],"version-history":[{"count":1,"href":"https:\/\/canal7slp.tv\/2025\/wp-json\/wp\/v2\/posts\/165820\/revisions"}],"predecessor-version":[{"id":165822,"href":"https:\/\/canal7slp.tv\/2025\/wp-json\/wp\/v2\/posts\/165820\/revisions\/165822"}],"wp:featuredmedia":[{"embeddable":true,"href":"https:\/\/canal7slp.tv\/2025\/wp-json\/wp\/v2\/media\/165821"}],"wp:attachment":[{"href":"https:\/\/canal7slp.tv\/2025\/wp-json\/wp\/v2\/media?parent=165820"}],"wp:term":[{"taxonomy":"category","embeddable":true,"href":"https:\/\/canal7slp.tv\/2025\/wp-json\/wp\/v2\/categories?post=165820"},{"taxonomy":"post_tag","embeddable":true,"href":"https:\/\/canal7slp.tv\/2025\/wp-json\/wp\/v2\/tags?post=165820"}],"curies":[{"name":"wp","href":"https:\/\/api.w.org\/{rel}","templated":true}]}}