{"id":165817,"date":"2025-05-10T12:18:12","date_gmt":"2025-05-10T18:18:12","guid":{"rendered":"https:\/\/canal7slp.tv\/2025\/?p=165817"},"modified":"2025-05-10T12:18:12","modified_gmt":"2025-05-10T18:18:12","slug":"coalicion-occidental-exige-alto-el-fuego-de-30-dias-a-rusia","status":"publish","type":"post","link":"https:\/\/canal7slp.tv\/2025\/coalicion-occidental-exige-alto-el-fuego-de-30-dias-a-rusia\/","title":{"rendered":"Coalici\u00f3n occidental exige alto el fuego de 30 d\u00edas a Rusia"},"content":{"rendered":"<p style=\"text-align: justify;\">Mosc\u00fa.- Las naciones de Francia, Alemania, Polonia, Reino Unido y Estados Unidos han unido fuerzas para solicitar a Rusia un alto el fuego completo e incondicional de 30 d\u00edas con Ucrania, justo antes de la reuni\u00f3n de l\u00edderes europeos prevista para este s\u00e1bado en Kiev.<\/p>\n<p style=\"text-align: justify;\">Este viernes, el gobierno brit\u00e1nico emiti\u00f3 un comunicado conjunto junto con sus aliados, denominando esta alianza como la \u201ccoalici\u00f3n de voluntarios\u201d. En el documento, los pa\u00edses expresaron su respaldo a la iniciativa del presidente estadounidense Donald Trump y subrayaron su disposici\u00f3n a apoyar conversaciones de paz \u201clo antes posible\u201d.<\/p>\n<p style=\"text-align: justify;\">\u201cJunto a Estados Unidos, instamos a Rusia a acordar un alto el fuego de 30 d\u00edas, completo e incondicional, para crear el espacio necesario que permita negociar una paz justa y duradera\u201d, declararon los firmantes del comunicado, quienes visitar\u00e1n la capital ucraniana por primera vez desde el inicio del conflicto.<\/p>\n<p style=\"text-align: justify;\">El presidente franc\u00e9s Emmanuel Macron, el primer ministro brit\u00e1nico Keir Starmer, el l\u00edder polaco Donald Tusk y el canciller alem\u00e1n Friedrich Merz se reunir\u00e1n con el presidente ucraniano Volod\u00edmir Zelenski en la plaza Maid\u00e1n, donde rendir\u00e1n homenaje a los ca\u00eddos en la guerra.<\/p>\n<p style=\"text-align: justify;\">M\u00e1s tarde, los l\u00edderes participar\u00e1n en una videoconferencia con Zelenski para informar a los miembros de la coalici\u00f3n sobre los avances en la creaci\u00f3n de una fuerza a\u00e9rea, terrestre y mar\u00edtima destinada a regenerar las fuerzas armadas de Ucrania tras un eventual acuerdo de paz y reforzar la estabilidad regional.<\/p>\n<p style=\"text-align: justify;\">\u201cEstamos listos para apoyar conversaciones de paz, abordar la implementaci\u00f3n t\u00e9cnica del alto el fuego y preparar un acuerdo total de paz\u201d, enfatiza el comunicado conjunto.<\/p>\n<p style=\"text-align: justify;\">Adem\u00e1s, los pa\u00edses anunciaron que intensificar\u00e1n su apoyo a Ucrania en tanto no haya una tregua por parte del Kremlin: \u201cHasta que Rusia acepte un alto el fuego duradero, elevaremos la presi\u00f3n contra su m\u00e1quina de guerra\u201d.<\/p>\n<p style=\"text-align: justify;\">La declaraci\u00f3n finaliza con un firme respaldo a la soberan\u00eda ucraniana: \u201cUcrania debe ser capaz de prosperar como una naci\u00f3n segura, protegida y soberana dentro de sus fronteras reconocidas internacionalmente por las pr\u00f3ximas generaciones\u201d.<\/p>\n","protected":false},"excerpt":{"rendered":"<p>Mosc\u00fa.- Las naciones de Francia, Alemania, Polonia, Reino Unido y Estados Unidos han unido fuerzas para solicitar a Rusia un alto el fuego completo e incondicional de 30 d\u00edas con Ucrania, justo antes de la reuni\u00f3n de l\u00edderes europeos prevista para este s\u00e1bado en Kiev. Este viernes, el gobierno brit\u00e1nico emiti\u00f3 un comunicado conjunto junto con sus aliados, denominando esta alianza como la \u201ccoalici\u00f3n de voluntarios\u201d. En el documento, los pa\u00edses expresaron su respaldo a la iniciativa del presidente estadounidense Donald Trump y subrayaron su disposici\u00f3n a apoyar conversaciones de paz \u201clo antes posible\u201d. \u201cJunto a Estados Unidos, instamos a [&hellip;]<\/p>\n","protected":false},"author":2,"featured_media":165818,"comment_status":"closed","ping_status":"closed","sticky":false,"template":"","format":"standard","meta":{"_monsterinsights_skip_tracking":false,"_monsterinsights_sitenote_active":false,"_monsterinsights_sitenote_note":"","_monsterinsights_sitenote_category":0,"footnotes":""},"categories":[44],"tags":[],"class_list":["post-165817","post","type-post","status-publish","format-standard","has-post-thumbnail","hentry","category-internacional","post--single"],"yoast_head":"<!-- This site is optimized with the Yoast SEO plugin v27.5 - https:\/\/yoast.com\/product\/yoast-seo-wordpress\/ -->\n<title>Coalici\u00f3n occidental exige alto el fuego de 30 d\u00edas a Rusia - Canal 7 SLP - 2025<\/title>\n<meta name=\"robots\" content=\"index, follow, max-snippet:-1, max-image-preview:large, max-video-preview:-1\" \/>\n<link rel=\"canonical\" href=\"https:\/\/canal7slp.tv\/2025\/coalicion-occidental-exige-alto-el-fuego-de-30-dias-a-rusia\/\" \/>\n<meta property=\"og:locale\" content=\"es_ES\" \/>\n<meta property=\"og:type\" content=\"article\" \/>\n<meta property=\"og:title\" content=\"Coalici\u00f3n occidental exige alto el fuego de 30 d\u00edas a Rusia - Canal 7 SLP - 2025\" \/>\n<meta property=\"og:description\" content=\"Mosc\u00fa.- Las naciones de Francia, Alemania, Polonia, Reino Unido y Estados Unidos han unido fuerzas para solicitar a Rusia un alto el fuego completo e incondicional de 30 d\u00edas con Ucrania, justo antes de la reuni\u00f3n de l\u00edderes europeos prevista para este s\u00e1bado en Kiev. Este viernes, el gobierno brit\u00e1nico emiti\u00f3 un comunicado conjunto junto con sus aliados, denominando esta alianza como la \u201ccoalici\u00f3n de voluntarios\u201d. En el documento, los pa\u00edses expresaron su respaldo a la iniciativa del presidente estadounidense Donald Trump y subrayaron su disposici\u00f3n a apoyar conversaciones de paz \u201clo antes posible\u201d. \u201cJunto a Estados Unidos, instamos a [&hellip;]\" \/>\n<meta property=\"og:url\" content=\"https:\/\/canal7slp.tv\/2025\/coalicion-occidental-exige-alto-el-fuego-de-30-dias-a-rusia\/\" \/>\n<meta property=\"og:site_name\" content=\"Canal 7 SLP - 2025\" \/>\n<meta property=\"article:publisher\" content=\"https:\/\/www.facebook.com\/noticieroscanal7atencionciudadana\/\" \/>\n<meta property=\"article:published_time\" content=\"2025-05-10T18:18:12+00:00\" \/>\n<meta property=\"og:image\" content=\"https:\/\/canal7slp.tv\/2025\/wp-content\/uploads\/2025\/05\/07-10.jpg\" \/>\n\t<meta property=\"og:image:width\" content=\"714\" \/>\n\t<meta property=\"og:image:height\" content=\"450\" \/>\n\t<meta property=\"og:image:type\" content=\"image\/jpeg\" \/>\n<meta name=\"author\" content=\"Edici\u00f3n Web\" \/>\n<meta name=\"twitter:card\" content=\"summary_large_image\" \/>\n<meta name=\"twitter:creator\" content=\"@NOTICIEROS7\" \/>\n<meta name=\"twitter:site\" content=\"@NOTICIEROS7\" \/>\n<meta name=\"twitter:label1\" content=\"Escrito por\" \/>\n\t<meta name=\"twitter:data1\" content=\"Edici\u00f3n Web\" \/>\n\t<meta name=\"twitter:label2\" content=\"Tiempo de lectura\" \/>\n\t<meta name=\"twitter:data2\" content=\"2 minutos\" \/>\n<script type=\"application\/ld+json\" class=\"yoast-schema-graph\">{\"@context\":\"https:\\\/\\\/schema.org\",\"@graph\":[{\"@type\":\"Article\",\"@id\":\"https:\\\/\\\/canal7slp.tv\\\/2025\\\/coalicion-occidental-exige-alto-el-fuego-de-30-dias-a-rusia\\\/#article\",\"isPartOf\":{\"@id\":\"https:\\\/\\\/canal7slp.tv\\\/2025\\\/coalicion-occidental-exige-alto-el-fuego-de-30-dias-a-rusia\\\/\"},\"author\":{\"name\":\"Edici\u00f3n Web\",\"@id\":\"https:\\\/\\\/canal7slp.tv\\\/2025\\\/#\\\/schema\\\/person\\\/271e2b60a96e7cc9d9ac296f4d7e414b\"},\"headline\":\"Coalici\u00f3n occidental exige alto el fuego de 30 d\u00edas a Rusia\",\"datePublished\":\"2025-05-10T18:18:12+00:00\",\"mainEntityOfPage\":{\"@id\":\"https:\\\/\\\/canal7slp.tv\\\/2025\\\/coalicion-occidental-exige-alto-el-fuego-de-30-dias-a-rusia\\\/\"},\"wordCount\":382,\"publisher\":{\"@id\":\"https:\\\/\\\/canal7slp.tv\\\/2025\\\/#organization\"},\"image\":{\"@id\":\"https:\\\/\\\/canal7slp.tv\\\/2025\\\/coalicion-occidental-exige-alto-el-fuego-de-30-dias-a-rusia\\\/#primaryimage\"},\"thumbnailUrl\":\"https:\\\/\\\/canal7slp.tv\\\/2025\\\/wp-content\\\/uploads\\\/2025\\\/05\\\/07-10.jpg\",\"articleSection\":[\"INTERNACIONALES\"],\"inLanguage\":\"es\"},{\"@type\":\"WebPage\",\"@id\":\"https:\\\/\\\/canal7slp.tv\\\/2025\\\/coalicion-occidental-exige-alto-el-fuego-de-30-dias-a-rusia\\\/\",\"url\":\"https:\\\/\\\/canal7slp.tv\\\/2025\\\/coalicion-occidental-exige-alto-el-fuego-de-30-dias-a-rusia\\\/\",\"name\":\"Coalici\u00f3n occidental exige alto el fuego de 30 d\u00edas a Rusia - Canal 7 SLP - 2025\",\"isPartOf\":{\"@id\":\"https:\\\/\\\/canal7slp.tv\\\/2025\\\/#website\"},\"primaryImageOfPage\":{\"@id\":\"https:\\\/\\\/canal7slp.tv\\\/2025\\\/coalicion-occidental-exige-alto-el-fuego-de-30-dias-a-rusia\\\/#primaryimage\"},\"image\":{\"@id\":\"https:\\\/\\\/canal7slp.tv\\\/2025\\\/coalicion-occidental-exige-alto-el-fuego-de-30-dias-a-rusia\\\/#primaryimage\"},\"thumbnailUrl\":\"https:\\\/\\\/canal7slp.tv\\\/2025\\\/wp-content\\\/uploads\\\/2025\\\/05\\\/07-10.jpg\",\"datePublished\":\"2025-05-10T18:18:12+00:00\",\"breadcrumb\":{\"@id\":\"https:\\\/\\\/canal7slp.tv\\\/2025\\\/coalicion-occidental-exige-alto-el-fuego-de-30-dias-a-rusia\\\/#breadcrumb\"},\"inLanguage\":\"es\",\"potentialAction\":[{\"@type\":\"ReadAction\",\"target\":[\"https:\\\/\\\/canal7slp.tv\\\/2025\\\/coalicion-occidental-exige-alto-el-fuego-de-30-dias-a-rusia\\\/\"]}]},{\"@type\":\"ImageObject\",\"inLanguage\":\"es\",\"@id\":\"https:\\\/\\\/canal7slp.tv\\\/2025\\\/coalicion-occidental-exige-alto-el-fuego-de-30-dias-a-rusia\\\/#primaryimage\",\"url\":\"https:\\\/\\\/canal7slp.tv\\\/2025\\\/wp-content\\\/uploads\\\/2025\\\/05\\\/07-10.jpg\",\"contentUrl\":\"https:\\\/\\\/canal7slp.tv\\\/2025\\\/wp-content\\\/uploads\\\/2025\\\/05\\\/07-10.jpg\",\"width\":714,\"height\":450},{\"@type\":\"BreadcrumbList\",\"@id\":\"https:\\\/\\\/canal7slp.tv\\\/2025\\\/coalicion-occidental-exige-alto-el-fuego-de-30-dias-a-rusia\\\/#breadcrumb\",\"itemListElement\":[{\"@type\":\"ListItem\",\"position\":1,\"name\":\"Portada\",\"item\":\"https:\\\/\\\/canal7slp.tv\\\/2025\\\/\"},{\"@type\":\"ListItem\",\"position\":2,\"name\":\"Coalici\u00f3n occidental exige alto el fuego de 30 d\u00edas a Rusia\"}]},{\"@type\":\"WebSite\",\"@id\":\"https:\\\/\\\/canal7slp.tv\\\/2025\\\/#website\",\"url\":\"https:\\\/\\\/canal7slp.tv\\\/2025\\\/\",\"name\":\"N7 - Noticieros Canal 7\",\"description\":\"Somos el Medio\",\"publisher\":{\"@id\":\"https:\\\/\\\/canal7slp.tv\\\/2025\\\/#organization\"},\"potentialAction\":[{\"@type\":\"SearchAction\",\"target\":{\"@type\":\"EntryPoint\",\"urlTemplate\":\"https:\\\/\\\/canal7slp.tv\\\/2025\\\/?s={search_term_string}\"},\"query-input\":{\"@type\":\"PropertyValueSpecification\",\"valueRequired\":true,\"valueName\":\"search_term_string\"}}],\"inLanguage\":\"es\"},{\"@type\":\"Organization\",\"@id\":\"https:\\\/\\\/canal7slp.tv\\\/2025\\\/#organization\",\"name\":\"Noticieros Canal 7\",\"url\":\"https:\\\/\\\/canal7slp.tv\\\/2025\\\/\",\"logo\":{\"@type\":\"ImageObject\",\"inLanguage\":\"es\",\"@id\":\"https:\\\/\\\/canal7slp.tv\\\/2025\\\/#\\\/schema\\\/logo\\\/image\\\/\",\"url\":\"https:\\\/\\\/canal7slp.tv\\\/2025\\\/wp-content\\\/uploads\\\/2021\\\/01\\\/logo-noticieros@2x.png\",\"contentUrl\":\"https:\\\/\\\/canal7slp.tv\\\/2025\\\/wp-content\\\/uploads\\\/2021\\\/01\\\/logo-noticieros@2x.png\",\"width\":1017,\"height\":268,\"caption\":\"Noticieros Canal 7\"},\"image\":{\"@id\":\"https:\\\/\\\/canal7slp.tv\\\/2025\\\/#\\\/schema\\\/logo\\\/image\\\/\"},\"sameAs\":[\"https:\\\/\\\/www.facebook.com\\\/noticieroscanal7atencionciudadana\\\/\",\"https:\\\/\\\/x.com\\\/NOTICIEROS7\",\"https:\\\/\\\/www.instagram.com\\\/canal7_slp\",\"https:\\\/\\\/www.youtube.com\\\/channel\\\/UCliiYs-gP3JfJeqdPrNdd5A\"]},{\"@type\":\"Person\",\"@id\":\"https:\\\/\\\/canal7slp.tv\\\/2025\\\/#\\\/schema\\\/person\\\/271e2b60a96e7cc9d9ac296f4d7e414b\",\"name\":\"Edici\u00f3n Web\",\"image\":{\"@type\":\"ImageObject\",\"inLanguage\":\"es\",\"@id\":\"https:\\\/\\\/secure.gravatar.com\\\/avatar\\\/eee448fc3f7164808013b816ba91ac7e43bbe82a70bebac296f8bc6f0addaa1a?s=96&d=mm&r=g\",\"url\":\"https:\\\/\\\/secure.gravatar.com\\\/avatar\\\/eee448fc3f7164808013b816ba91ac7e43bbe82a70bebac296f8bc6f0addaa1a?s=96&d=mm&r=g\",\"contentUrl\":\"https:\\\/\\\/secure.gravatar.com\\\/avatar\\\/eee448fc3f7164808013b816ba91ac7e43bbe82a70bebac296f8bc6f0addaa1a?s=96&d=mm&r=g\",\"caption\":\"Edici\u00f3n Web\"},\"url\":\"https:\\\/\\\/canal7slp.tv\\\/2025\\\/author\\\/edicionweb\\\/\"}]}<\/script>\n<!-- \/ Yoast SEO plugin. -->","yoast_head_json":{"title":"Coalici\u00f3n occidental exige alto el fuego de 30 d\u00edas a Rusia - Canal 7 SLP - 2025","robots":{"index":"index","follow":"follow","max-snippet":"max-snippet:-1","max-image-preview":"max-image-preview:large","max-video-preview":"max-video-preview:-1"},"canonical":"https:\/\/canal7slp.tv\/2025\/coalicion-occidental-exige-alto-el-fuego-de-30-dias-a-rusia\/","og_locale":"es_ES","og_type":"article","og_title":"Coalici\u00f3n occidental exige alto el fuego de 30 d\u00edas a Rusia - Canal 7 SLP - 2025","og_description":"Mosc\u00fa.- Las naciones de Francia, Alemania, Polonia, Reino Unido y Estados Unidos han unido fuerzas para solicitar a Rusia un alto el fuego completo e incondicional de 30 d\u00edas con Ucrania, justo antes de la reuni\u00f3n de l\u00edderes europeos prevista para este s\u00e1bado en Kiev. Este viernes, el gobierno brit\u00e1nico emiti\u00f3 un comunicado conjunto junto con sus aliados, denominando esta alianza como la \u201ccoalici\u00f3n de voluntarios\u201d. En el documento, los pa\u00edses expresaron su respaldo a la iniciativa del presidente estadounidense Donald Trump y subrayaron su disposici\u00f3n a apoyar conversaciones de paz \u201clo antes posible\u201d. \u201cJunto a Estados Unidos, instamos a [&hellip;]","og_url":"https:\/\/canal7slp.tv\/2025\/coalicion-occidental-exige-alto-el-fuego-de-30-dias-a-rusia\/","og_site_name":"Canal 7 SLP - 2025","article_publisher":"https:\/\/www.facebook.com\/noticieroscanal7atencionciudadana\/","article_published_time":"2025-05-10T18:18:12+00:00","og_image":[{"width":714,"height":450,"url":"https:\/\/canal7slp.tv\/2025\/wp-content\/uploads\/2025\/05\/07-10.jpg","type":"image\/jpeg"}],"author":"Edici\u00f3n Web","twitter_card":"summary_large_image","twitter_creator":"@NOTICIEROS7","twitter_site":"@NOTICIEROS7","twitter_misc":{"Escrito por":"Edici\u00f3n Web","Tiempo de lectura":"2 minutos"},"schema":{"@context":"https:\/\/schema.org","@graph":[{"@type":"Article","@id":"https:\/\/canal7slp.tv\/2025\/coalicion-occidental-exige-alto-el-fuego-de-30-dias-a-rusia\/#article","isPartOf":{"@id":"https:\/\/canal7slp.tv\/2025\/coalicion-occidental-exige-alto-el-fuego-de-30-dias-a-rusia\/"},"author":{"name":"Edici\u00f3n Web","@id":"https:\/\/canal7slp.tv\/2025\/#\/schema\/person\/271e2b60a96e7cc9d9ac296f4d7e414b"},"headline":"Coalici\u00f3n occidental exige alto el fuego de 30 d\u00edas a Rusia","datePublished":"2025-05-10T18:18:12+00:00","mainEntityOfPage":{"@id":"https:\/\/canal7slp.tv\/2025\/coalicion-occidental-exige-alto-el-fuego-de-30-dias-a-rusia\/"},"wordCount":382,"publisher":{"@id":"https:\/\/canal7slp.tv\/2025\/#organization"},"image":{"@id":"https:\/\/canal7slp.tv\/2025\/coalicion-occidental-exige-alto-el-fuego-de-30-dias-a-rusia\/#primaryimage"},"thumbnailUrl":"https:\/\/canal7slp.tv\/2025\/wp-content\/uploads\/2025\/05\/07-10.jpg","articleSection":["INTERNACIONALES"],"inLanguage":"es"},{"@type":"WebPage","@id":"https:\/\/canal7slp.tv\/2025\/coalicion-occidental-exige-alto-el-fuego-de-30-dias-a-rusia\/","url":"https:\/\/canal7slp.tv\/2025\/coalicion-occidental-exige-alto-el-fuego-de-30-dias-a-rusia\/","name":"Coalici\u00f3n occidental exige alto el fuego de 30 d\u00edas a Rusia - Canal 7 SLP - 2025","isPartOf":{"@id":"https:\/\/canal7slp.tv\/2025\/#website"},"primaryImageOfPage":{"@id":"https:\/\/canal7slp.tv\/2025\/coalicion-occidental-exige-alto-el-fuego-de-30-dias-a-rusia\/#primaryimage"},"image":{"@id":"https:\/\/canal7slp.tv\/2025\/coalicion-occidental-exige-alto-el-fuego-de-30-dias-a-rusia\/#primaryimage"},"thumbnailUrl":"https:\/\/canal7slp.tv\/2025\/wp-content\/uploads\/2025\/05\/07-10.jpg","datePublished":"2025-05-10T18:18:12+00:00","breadcrumb":{"@id":"https:\/\/canal7slp.tv\/2025\/coalicion-occidental-exige-alto-el-fuego-de-30-dias-a-rusia\/#breadcrumb"},"inLanguage":"es","potentialAction":[{"@type":"ReadAction","target":["https:\/\/canal7slp.tv\/2025\/coalicion-occidental-exige-alto-el-fuego-de-30-dias-a-rusia\/"]}]},{"@type":"ImageObject","inLanguage":"es","@id":"https:\/\/canal7slp.tv\/2025\/coalicion-occidental-exige-alto-el-fuego-de-30-dias-a-rusia\/#primaryimage","url":"https:\/\/canal7slp.tv\/2025\/wp-content\/uploads\/2025\/05\/07-10.jpg","contentUrl":"https:\/\/canal7slp.tv\/2025\/wp-content\/uploads\/2025\/05\/07-10.jpg","width":714,"height":450},{"@type":"BreadcrumbList","@id":"https:\/\/canal7slp.tv\/2025\/coalicion-occidental-exige-alto-el-fuego-de-30-dias-a-rusia\/#breadcrumb","itemListElement":[{"@type":"ListItem","position":1,"name":"Portada","item":"https:\/\/canal7slp.tv\/2025\/"},{"@type":"ListItem","position":2,"name":"Coalici\u00f3n occidental exige alto el fuego de 30 d\u00edas a Rusia"}]},{"@type":"WebSite","@id":"https:\/\/canal7slp.tv\/2025\/#website","url":"https:\/\/canal7slp.tv\/2025\/","name":"N7 - Noticieros Canal 7","description":"Somos el Medio","publisher":{"@id":"https:\/\/canal7slp.tv\/2025\/#organization"},"potentialAction":[{"@type":"SearchAction","target":{"@type":"EntryPoint","urlTemplate":"https:\/\/canal7slp.tv\/2025\/?s={search_term_string}"},"query-input":{"@type":"PropertyValueSpecification","valueRequired":true,"valueName":"search_term_string"}}],"inLanguage":"es"},{"@type":"Organization","@id":"https:\/\/canal7slp.tv\/2025\/#organization","name":"Noticieros Canal 7","url":"https:\/\/canal7slp.tv\/2025\/","logo":{"@type":"ImageObject","inLanguage":"es","@id":"https:\/\/canal7slp.tv\/2025\/#\/schema\/logo\/image\/","url":"https:\/\/canal7slp.tv\/2025\/wp-content\/uploads\/2021\/01\/logo-noticieros@2x.png","contentUrl":"https:\/\/canal7slp.tv\/2025\/wp-content\/uploads\/2021\/01\/logo-noticieros@2x.png","width":1017,"height":268,"caption":"Noticieros Canal 7"},"image":{"@id":"https:\/\/canal7slp.tv\/2025\/#\/schema\/logo\/image\/"},"sameAs":["https:\/\/www.facebook.com\/noticieroscanal7atencionciudadana\/","https:\/\/x.com\/NOTICIEROS7","https:\/\/www.instagram.com\/canal7_slp","https:\/\/www.youtube.com\/channel\/UCliiYs-gP3JfJeqdPrNdd5A"]},{"@type":"Person","@id":"https:\/\/canal7slp.tv\/2025\/#\/schema\/person\/271e2b60a96e7cc9d9ac296f4d7e414b","name":"Edici\u00f3n Web","image":{"@type":"ImageObject","inLanguage":"es","@id":"https:\/\/secure.gravatar.com\/avatar\/eee448fc3f7164808013b816ba91ac7e43bbe82a70bebac296f8bc6f0addaa1a?s=96&d=mm&r=g","url":"https:\/\/secure.gravatar.com\/avatar\/eee448fc3f7164808013b816ba91ac7e43bbe82a70bebac296f8bc6f0addaa1a?s=96&d=mm&r=g","contentUrl":"https:\/\/secure.gravatar.com\/avatar\/eee448fc3f7164808013b816ba91ac7e43bbe82a70bebac296f8bc6f0addaa1a?s=96&d=mm&r=g","caption":"Edici\u00f3n Web"},"url":"https:\/\/canal7slp.tv\/2025\/author\/edicionweb\/"}]}},"_links":{"self":[{"href":"https:\/\/canal7slp.tv\/2025\/wp-json\/wp\/v2\/posts\/165817","targetHints":{"allow":["GET"]}}],"collection":[{"href":"https:\/\/canal7slp.tv\/2025\/wp-json\/wp\/v2\/posts"}],"about":[{"href":"https:\/\/canal7slp.tv\/2025\/wp-json\/wp\/v2\/types\/post"}],"author":[{"embeddable":true,"href":"https:\/\/canal7slp.tv\/2025\/wp-json\/wp\/v2\/users\/2"}],"replies":[{"embeddable":true,"href":"https:\/\/canal7slp.tv\/2025\/wp-json\/wp\/v2\/comments?post=165817"}],"version-history":[{"count":1,"href":"https:\/\/canal7slp.tv\/2025\/wp-json\/wp\/v2\/posts\/165817\/revisions"}],"predecessor-version":[{"id":165819,"href":"https:\/\/canal7slp.tv\/2025\/wp-json\/wp\/v2\/posts\/165817\/revisions\/165819"}],"wp:featuredmedia":[{"embeddable":true,"href":"https:\/\/canal7slp.tv\/2025\/wp-json\/wp\/v2\/media\/165818"}],"wp:attachment":[{"href":"https:\/\/canal7slp.tv\/2025\/wp-json\/wp\/v2\/media?parent=165817"}],"wp:term":[{"taxonomy":"category","embeddable":true,"href":"https:\/\/canal7slp.tv\/2025\/wp-json\/wp\/v2\/categories?post=165817"},{"taxonomy":"post_tag","embeddable":true,"href":"https:\/\/canal7slp.tv\/2025\/wp-json\/wp\/v2\/tags?post=165817"}],"curies":[{"name":"wp","href":"https:\/\/api.w.org\/{rel}","templated":true}]}}