{"id":165808,"date":"2025-05-10T11:16:25","date_gmt":"2025-05-10T17:16:25","guid":{"rendered":"https:\/\/canal7slp.tv\/2025\/?p=165808"},"modified":"2025-05-10T11:16:25","modified_gmt":"2025-05-10T17:16:25","slug":"duenos-de-palcos-del-azteca-exigen-respeto-a-sus-derechos-ante-la-fifa","status":"publish","type":"post","link":"https:\/\/canal7slp.tv\/2025\/duenos-de-palcos-del-azteca-exigen-respeto-a-sus-derechos-ante-la-fifa\/","title":{"rendered":"Due\u00f1os de palcos del Azteca exigen respeto a sus derechos ante la FIFA"},"content":{"rendered":"<p style=\"text-align: justify;\">\n<p style=\"text-align: justify;\">M\u00e9xico.- De cara a la Copa Mundial de 2026, crece el descontento entre los propietarios de palcos en el Estadio Azteca, quienes denuncian incertidumbre y falta de claridad por parte de la FIFA, que tomar\u00e1 control total del recinto durante el torneo.<\/p>\n<p style=\"text-align: justify;\">Miguel Alessio, propietario de un palco desde hace 41 a\u00f1os, alz\u00f3 la voz frente a esta situaci\u00f3n. Su familia ha tenido acceso al estadio desde antes de su inauguraci\u00f3n en 1966, gracias a un certificado adquirido por su abuelo como parte de la inversi\u00f3n original para construir el coloso de Santa \u00darsula. Este documento, asegura, garantiza el acceso a todos los eventos sin excepciones durante 99 a\u00f1os.<\/p>\n<p style=\"text-align: justify;\">\u201cNuestros certificados no establecen ninguna restricci\u00f3n sobre el tipo de eventos a los que podemos asistir. Simplemente indican que tenemos acceso a todas las actividades del Estadio Azteca\u201d, declar\u00f3 Alessio en entrevista.<\/p>\n<p style=\"text-align: justify;\">El propietario acusa a la FIFA de ignorar estos acuerdos hist\u00f3ricos al acaparar la totalidad de los boletos, una pr\u00e1ctica que, seg\u00fan \u00e9l, se ha repetido en los \u00faltimos cuatro Mundiales. \u201cLa FIFA no respeta la propiedad privada, simplemente se adue\u00f1a de todo\u201d, afirm\u00f3.<\/p>\n<p style=\"text-align: justify;\">Alessio subray\u00f3 que los palcohabientes no son responsables de esta situaci\u00f3n y que no deben ser excluidos de los cinco partidos programados en el Azteca para 2026. En caso de llegar a una negociaci\u00f3n, advirti\u00f3 que esta debe ser \u201cextraordinariamente favorable para los propietarios\u201d.<\/p>\n<p style=\"text-align: justify;\">Aunque reconoci\u00f3 que podr\u00eda discutirse alguna forma de compensaci\u00f3n, dej\u00f3 claro que su objetivo principal no es econ\u00f3mico, sino el respeto a los derechos adquiridos:<\/p>\n<p style=\"text-align: justify;\">\u201cNo pedimos un trato especial, solo que se nos respete el acceso al lugar que nos corresponde\u201d.<\/p>\n","protected":false},"excerpt":{"rendered":"<p>M\u00e9xico.- De cara a la Copa Mundial de 2026, crece el descontento entre los propietarios de palcos en el Estadio Azteca, quienes denuncian incertidumbre y falta de claridad por parte de la FIFA, que tomar\u00e1 control total del recinto durante el torneo. Miguel Alessio, propietario de un palco desde hace 41 a\u00f1os, alz\u00f3 la voz frente a esta situaci\u00f3n. Su familia ha tenido acceso al estadio desde antes de su inauguraci\u00f3n en 1966, gracias a un certificado adquirido por su abuelo como parte de la inversi\u00f3n original para construir el coloso de Santa \u00darsula. Este documento, asegura, garantiza el acceso [&hellip;]<\/p>\n","protected":false},"author":2,"featured_media":165809,"comment_status":"closed","ping_status":"closed","sticky":false,"template":"","format":"standard","meta":{"_monsterinsights_skip_tracking":false,"_monsterinsights_sitenote_active":false,"_monsterinsights_sitenote_note":"","_monsterinsights_sitenote_category":0,"footnotes":""},"categories":[7],"tags":[],"class_list":["post-165808","post","type-post","status-publish","format-standard","has-post-thumbnail","hentry","category-deportes","post--single"],"yoast_head":"<!-- This site is optimized with the Yoast SEO plugin v27.5 - https:\/\/yoast.com\/product\/yoast-seo-wordpress\/ -->\n<title>Due\u00f1os de palcos del Azteca exigen respeto a sus derechos ante la FIFA - Canal 7 SLP - 2025<\/title>\n<meta name=\"robots\" content=\"index, follow, max-snippet:-1, max-image-preview:large, max-video-preview:-1\" \/>\n<link rel=\"canonical\" href=\"https:\/\/canal7slp.tv\/2025\/duenos-de-palcos-del-azteca-exigen-respeto-a-sus-derechos-ante-la-fifa\/\" \/>\n<meta property=\"og:locale\" content=\"es_ES\" \/>\n<meta property=\"og:type\" content=\"article\" \/>\n<meta property=\"og:title\" content=\"Due\u00f1os de palcos del Azteca exigen respeto a sus derechos ante la FIFA - Canal 7 SLP - 2025\" \/>\n<meta property=\"og:description\" content=\"M\u00e9xico.- De cara a la Copa Mundial de 2026, crece el descontento entre los propietarios de palcos en el Estadio Azteca, quienes denuncian incertidumbre y falta de claridad por parte de la FIFA, que tomar\u00e1 control total del recinto durante el torneo. Miguel Alessio, propietario de un palco desde hace 41 a\u00f1os, alz\u00f3 la voz frente a esta situaci\u00f3n. Su familia ha tenido acceso al estadio desde antes de su inauguraci\u00f3n en 1966, gracias a un certificado adquirido por su abuelo como parte de la inversi\u00f3n original para construir el coloso de Santa \u00darsula. Este documento, asegura, garantiza el acceso [&hellip;]\" \/>\n<meta property=\"og:url\" content=\"https:\/\/canal7slp.tv\/2025\/duenos-de-palcos-del-azteca-exigen-respeto-a-sus-derechos-ante-la-fifa\/\" \/>\n<meta property=\"og:site_name\" content=\"Canal 7 SLP - 2025\" \/>\n<meta property=\"article:publisher\" content=\"https:\/\/www.facebook.com\/noticieroscanal7atencionciudadana\/\" \/>\n<meta property=\"article:published_time\" content=\"2025-05-10T17:16:25+00:00\" \/>\n<meta property=\"og:image\" content=\"https:\/\/canal7slp.tv\/2025\/wp-content\/uploads\/2025\/05\/04-9.jpg\" \/>\n\t<meta property=\"og:image:width\" content=\"888\" \/>\n\t<meta property=\"og:image:height\" content=\"500\" \/>\n\t<meta property=\"og:image:type\" content=\"image\/jpeg\" \/>\n<meta name=\"author\" content=\"Edici\u00f3n Web\" \/>\n<meta name=\"twitter:card\" content=\"summary_large_image\" \/>\n<meta name=\"twitter:creator\" content=\"@NOTICIEROS7\" \/>\n<meta name=\"twitter:site\" content=\"@NOTICIEROS7\" \/>\n<meta name=\"twitter:label1\" content=\"Escrito por\" \/>\n\t<meta name=\"twitter:data1\" content=\"Edici\u00f3n Web\" \/>\n\t<meta name=\"twitter:label2\" content=\"Tiempo de lectura\" \/>\n\t<meta name=\"twitter:data2\" content=\"2 minutos\" \/>\n<script type=\"application\/ld+json\" class=\"yoast-schema-graph\">{\"@context\":\"https:\\\/\\\/schema.org\",\"@graph\":[{\"@type\":\"Article\",\"@id\":\"https:\\\/\\\/canal7slp.tv\\\/2025\\\/duenos-de-palcos-del-azteca-exigen-respeto-a-sus-derechos-ante-la-fifa\\\/#article\",\"isPartOf\":{\"@id\":\"https:\\\/\\\/canal7slp.tv\\\/2025\\\/duenos-de-palcos-del-azteca-exigen-respeto-a-sus-derechos-ante-la-fifa\\\/\"},\"author\":{\"name\":\"Edici\u00f3n Web\",\"@id\":\"https:\\\/\\\/canal7slp.tv\\\/2025\\\/#\\\/schema\\\/person\\\/271e2b60a96e7cc9d9ac296f4d7e414b\"},\"headline\":\"Due\u00f1os de palcos del Azteca exigen respeto a sus derechos ante la FIFA\",\"datePublished\":\"2025-05-10T17:16:25+00:00\",\"mainEntityOfPage\":{\"@id\":\"https:\\\/\\\/canal7slp.tv\\\/2025\\\/duenos-de-palcos-del-azteca-exigen-respeto-a-sus-derechos-ante-la-fifa\\\/\"},\"wordCount\":297,\"publisher\":{\"@id\":\"https:\\\/\\\/canal7slp.tv\\\/2025\\\/#organization\"},\"image\":{\"@id\":\"https:\\\/\\\/canal7slp.tv\\\/2025\\\/duenos-de-palcos-del-azteca-exigen-respeto-a-sus-derechos-ante-la-fifa\\\/#primaryimage\"},\"thumbnailUrl\":\"https:\\\/\\\/canal7slp.tv\\\/2025\\\/wp-content\\\/uploads\\\/2025\\\/05\\\/04-9.jpg\",\"articleSection\":[\"DEPORTES\"],\"inLanguage\":\"es\"},{\"@type\":\"WebPage\",\"@id\":\"https:\\\/\\\/canal7slp.tv\\\/2025\\\/duenos-de-palcos-del-azteca-exigen-respeto-a-sus-derechos-ante-la-fifa\\\/\",\"url\":\"https:\\\/\\\/canal7slp.tv\\\/2025\\\/duenos-de-palcos-del-azteca-exigen-respeto-a-sus-derechos-ante-la-fifa\\\/\",\"name\":\"Due\u00f1os de palcos del Azteca exigen respeto a sus derechos ante la FIFA - Canal 7 SLP - 2025\",\"isPartOf\":{\"@id\":\"https:\\\/\\\/canal7slp.tv\\\/2025\\\/#website\"},\"primaryImageOfPage\":{\"@id\":\"https:\\\/\\\/canal7slp.tv\\\/2025\\\/duenos-de-palcos-del-azteca-exigen-respeto-a-sus-derechos-ante-la-fifa\\\/#primaryimage\"},\"image\":{\"@id\":\"https:\\\/\\\/canal7slp.tv\\\/2025\\\/duenos-de-palcos-del-azteca-exigen-respeto-a-sus-derechos-ante-la-fifa\\\/#primaryimage\"},\"thumbnailUrl\":\"https:\\\/\\\/canal7slp.tv\\\/2025\\\/wp-content\\\/uploads\\\/2025\\\/05\\\/04-9.jpg\",\"datePublished\":\"2025-05-10T17:16:25+00:00\",\"breadcrumb\":{\"@id\":\"https:\\\/\\\/canal7slp.tv\\\/2025\\\/duenos-de-palcos-del-azteca-exigen-respeto-a-sus-derechos-ante-la-fifa\\\/#breadcrumb\"},\"inLanguage\":\"es\",\"potentialAction\":[{\"@type\":\"ReadAction\",\"target\":[\"https:\\\/\\\/canal7slp.tv\\\/2025\\\/duenos-de-palcos-del-azteca-exigen-respeto-a-sus-derechos-ante-la-fifa\\\/\"]}]},{\"@type\":\"ImageObject\",\"inLanguage\":\"es\",\"@id\":\"https:\\\/\\\/canal7slp.tv\\\/2025\\\/duenos-de-palcos-del-azteca-exigen-respeto-a-sus-derechos-ante-la-fifa\\\/#primaryimage\",\"url\":\"https:\\\/\\\/canal7slp.tv\\\/2025\\\/wp-content\\\/uploads\\\/2025\\\/05\\\/04-9.jpg\",\"contentUrl\":\"https:\\\/\\\/canal7slp.tv\\\/2025\\\/wp-content\\\/uploads\\\/2025\\\/05\\\/04-9.jpg\",\"width\":888,\"height\":500},{\"@type\":\"BreadcrumbList\",\"@id\":\"https:\\\/\\\/canal7slp.tv\\\/2025\\\/duenos-de-palcos-del-azteca-exigen-respeto-a-sus-derechos-ante-la-fifa\\\/#breadcrumb\",\"itemListElement\":[{\"@type\":\"ListItem\",\"position\":1,\"name\":\"Portada\",\"item\":\"https:\\\/\\\/canal7slp.tv\\\/2025\\\/\"},{\"@type\":\"ListItem\",\"position\":2,\"name\":\"Due\u00f1os de palcos del Azteca exigen respeto a sus derechos ante la FIFA\"}]},{\"@type\":\"WebSite\",\"@id\":\"https:\\\/\\\/canal7slp.tv\\\/2025\\\/#website\",\"url\":\"https:\\\/\\\/canal7slp.tv\\\/2025\\\/\",\"name\":\"N7 - Noticieros Canal 7\",\"description\":\"Somos el Medio\",\"publisher\":{\"@id\":\"https:\\\/\\\/canal7slp.tv\\\/2025\\\/#organization\"},\"potentialAction\":[{\"@type\":\"SearchAction\",\"target\":{\"@type\":\"EntryPoint\",\"urlTemplate\":\"https:\\\/\\\/canal7slp.tv\\\/2025\\\/?s={search_term_string}\"},\"query-input\":{\"@type\":\"PropertyValueSpecification\",\"valueRequired\":true,\"valueName\":\"search_term_string\"}}],\"inLanguage\":\"es\"},{\"@type\":\"Organization\",\"@id\":\"https:\\\/\\\/canal7slp.tv\\\/2025\\\/#organization\",\"name\":\"Noticieros Canal 7\",\"url\":\"https:\\\/\\\/canal7slp.tv\\\/2025\\\/\",\"logo\":{\"@type\":\"ImageObject\",\"inLanguage\":\"es\",\"@id\":\"https:\\\/\\\/canal7slp.tv\\\/2025\\\/#\\\/schema\\\/logo\\\/image\\\/\",\"url\":\"https:\\\/\\\/canal7slp.tv\\\/2025\\\/wp-content\\\/uploads\\\/2021\\\/01\\\/logo-noticieros@2x.png\",\"contentUrl\":\"https:\\\/\\\/canal7slp.tv\\\/2025\\\/wp-content\\\/uploads\\\/2021\\\/01\\\/logo-noticieros@2x.png\",\"width\":1017,\"height\":268,\"caption\":\"Noticieros Canal 7\"},\"image\":{\"@id\":\"https:\\\/\\\/canal7slp.tv\\\/2025\\\/#\\\/schema\\\/logo\\\/image\\\/\"},\"sameAs\":[\"https:\\\/\\\/www.facebook.com\\\/noticieroscanal7atencionciudadana\\\/\",\"https:\\\/\\\/x.com\\\/NOTICIEROS7\",\"https:\\\/\\\/www.instagram.com\\\/canal7_slp\",\"https:\\\/\\\/www.youtube.com\\\/channel\\\/UCliiYs-gP3JfJeqdPrNdd5A\"]},{\"@type\":\"Person\",\"@id\":\"https:\\\/\\\/canal7slp.tv\\\/2025\\\/#\\\/schema\\\/person\\\/271e2b60a96e7cc9d9ac296f4d7e414b\",\"name\":\"Edici\u00f3n Web\",\"image\":{\"@type\":\"ImageObject\",\"inLanguage\":\"es\",\"@id\":\"https:\\\/\\\/secure.gravatar.com\\\/avatar\\\/eee448fc3f7164808013b816ba91ac7e43bbe82a70bebac296f8bc6f0addaa1a?s=96&d=mm&r=g\",\"url\":\"https:\\\/\\\/secure.gravatar.com\\\/avatar\\\/eee448fc3f7164808013b816ba91ac7e43bbe82a70bebac296f8bc6f0addaa1a?s=96&d=mm&r=g\",\"contentUrl\":\"https:\\\/\\\/secure.gravatar.com\\\/avatar\\\/eee448fc3f7164808013b816ba91ac7e43bbe82a70bebac296f8bc6f0addaa1a?s=96&d=mm&r=g\",\"caption\":\"Edici\u00f3n Web\"},\"url\":\"https:\\\/\\\/canal7slp.tv\\\/2025\\\/author\\\/edicionweb\\\/\"}]}<\/script>\n<!-- \/ Yoast SEO plugin. -->","yoast_head_json":{"title":"Due\u00f1os de palcos del Azteca exigen respeto a sus derechos ante la FIFA - Canal 7 SLP - 2025","robots":{"index":"index","follow":"follow","max-snippet":"max-snippet:-1","max-image-preview":"max-image-preview:large","max-video-preview":"max-video-preview:-1"},"canonical":"https:\/\/canal7slp.tv\/2025\/duenos-de-palcos-del-azteca-exigen-respeto-a-sus-derechos-ante-la-fifa\/","og_locale":"es_ES","og_type":"article","og_title":"Due\u00f1os de palcos del Azteca exigen respeto a sus derechos ante la FIFA - Canal 7 SLP - 2025","og_description":"M\u00e9xico.- De cara a la Copa Mundial de 2026, crece el descontento entre los propietarios de palcos en el Estadio Azteca, quienes denuncian incertidumbre y falta de claridad por parte de la FIFA, que tomar\u00e1 control total del recinto durante el torneo. Miguel Alessio, propietario de un palco desde hace 41 a\u00f1os, alz\u00f3 la voz frente a esta situaci\u00f3n. Su familia ha tenido acceso al estadio desde antes de su inauguraci\u00f3n en 1966, gracias a un certificado adquirido por su abuelo como parte de la inversi\u00f3n original para construir el coloso de Santa \u00darsula. Este documento, asegura, garantiza el acceso [&hellip;]","og_url":"https:\/\/canal7slp.tv\/2025\/duenos-de-palcos-del-azteca-exigen-respeto-a-sus-derechos-ante-la-fifa\/","og_site_name":"Canal 7 SLP - 2025","article_publisher":"https:\/\/www.facebook.com\/noticieroscanal7atencionciudadana\/","article_published_time":"2025-05-10T17:16:25+00:00","og_image":[{"width":888,"height":500,"url":"https:\/\/canal7slp.tv\/2025\/wp-content\/uploads\/2025\/05\/04-9.jpg","type":"image\/jpeg"}],"author":"Edici\u00f3n Web","twitter_card":"summary_large_image","twitter_creator":"@NOTICIEROS7","twitter_site":"@NOTICIEROS7","twitter_misc":{"Escrito por":"Edici\u00f3n Web","Tiempo de lectura":"2 minutos"},"schema":{"@context":"https:\/\/schema.org","@graph":[{"@type":"Article","@id":"https:\/\/canal7slp.tv\/2025\/duenos-de-palcos-del-azteca-exigen-respeto-a-sus-derechos-ante-la-fifa\/#article","isPartOf":{"@id":"https:\/\/canal7slp.tv\/2025\/duenos-de-palcos-del-azteca-exigen-respeto-a-sus-derechos-ante-la-fifa\/"},"author":{"name":"Edici\u00f3n Web","@id":"https:\/\/canal7slp.tv\/2025\/#\/schema\/person\/271e2b60a96e7cc9d9ac296f4d7e414b"},"headline":"Due\u00f1os de palcos del Azteca exigen respeto a sus derechos ante la FIFA","datePublished":"2025-05-10T17:16:25+00:00","mainEntityOfPage":{"@id":"https:\/\/canal7slp.tv\/2025\/duenos-de-palcos-del-azteca-exigen-respeto-a-sus-derechos-ante-la-fifa\/"},"wordCount":297,"publisher":{"@id":"https:\/\/canal7slp.tv\/2025\/#organization"},"image":{"@id":"https:\/\/canal7slp.tv\/2025\/duenos-de-palcos-del-azteca-exigen-respeto-a-sus-derechos-ante-la-fifa\/#primaryimage"},"thumbnailUrl":"https:\/\/canal7slp.tv\/2025\/wp-content\/uploads\/2025\/05\/04-9.jpg","articleSection":["DEPORTES"],"inLanguage":"es"},{"@type":"WebPage","@id":"https:\/\/canal7slp.tv\/2025\/duenos-de-palcos-del-azteca-exigen-respeto-a-sus-derechos-ante-la-fifa\/","url":"https:\/\/canal7slp.tv\/2025\/duenos-de-palcos-del-azteca-exigen-respeto-a-sus-derechos-ante-la-fifa\/","name":"Due\u00f1os de palcos del Azteca exigen respeto a sus derechos ante la FIFA - Canal 7 SLP - 2025","isPartOf":{"@id":"https:\/\/canal7slp.tv\/2025\/#website"},"primaryImageOfPage":{"@id":"https:\/\/canal7slp.tv\/2025\/duenos-de-palcos-del-azteca-exigen-respeto-a-sus-derechos-ante-la-fifa\/#primaryimage"},"image":{"@id":"https:\/\/canal7slp.tv\/2025\/duenos-de-palcos-del-azteca-exigen-respeto-a-sus-derechos-ante-la-fifa\/#primaryimage"},"thumbnailUrl":"https:\/\/canal7slp.tv\/2025\/wp-content\/uploads\/2025\/05\/04-9.jpg","datePublished":"2025-05-10T17:16:25+00:00","breadcrumb":{"@id":"https:\/\/canal7slp.tv\/2025\/duenos-de-palcos-del-azteca-exigen-respeto-a-sus-derechos-ante-la-fifa\/#breadcrumb"},"inLanguage":"es","potentialAction":[{"@type":"ReadAction","target":["https:\/\/canal7slp.tv\/2025\/duenos-de-palcos-del-azteca-exigen-respeto-a-sus-derechos-ante-la-fifa\/"]}]},{"@type":"ImageObject","inLanguage":"es","@id":"https:\/\/canal7slp.tv\/2025\/duenos-de-palcos-del-azteca-exigen-respeto-a-sus-derechos-ante-la-fifa\/#primaryimage","url":"https:\/\/canal7slp.tv\/2025\/wp-content\/uploads\/2025\/05\/04-9.jpg","contentUrl":"https:\/\/canal7slp.tv\/2025\/wp-content\/uploads\/2025\/05\/04-9.jpg","width":888,"height":500},{"@type":"BreadcrumbList","@id":"https:\/\/canal7slp.tv\/2025\/duenos-de-palcos-del-azteca-exigen-respeto-a-sus-derechos-ante-la-fifa\/#breadcrumb","itemListElement":[{"@type":"ListItem","position":1,"name":"Portada","item":"https:\/\/canal7slp.tv\/2025\/"},{"@type":"ListItem","position":2,"name":"Due\u00f1os de palcos del Azteca exigen respeto a sus derechos ante la FIFA"}]},{"@type":"WebSite","@id":"https:\/\/canal7slp.tv\/2025\/#website","url":"https:\/\/canal7slp.tv\/2025\/","name":"N7 - Noticieros Canal 7","description":"Somos el Medio","publisher":{"@id":"https:\/\/canal7slp.tv\/2025\/#organization"},"potentialAction":[{"@type":"SearchAction","target":{"@type":"EntryPoint","urlTemplate":"https:\/\/canal7slp.tv\/2025\/?s={search_term_string}"},"query-input":{"@type":"PropertyValueSpecification","valueRequired":true,"valueName":"search_term_string"}}],"inLanguage":"es"},{"@type":"Organization","@id":"https:\/\/canal7slp.tv\/2025\/#organization","name":"Noticieros Canal 7","url":"https:\/\/canal7slp.tv\/2025\/","logo":{"@type":"ImageObject","inLanguage":"es","@id":"https:\/\/canal7slp.tv\/2025\/#\/schema\/logo\/image\/","url":"https:\/\/canal7slp.tv\/2025\/wp-content\/uploads\/2021\/01\/logo-noticieros@2x.png","contentUrl":"https:\/\/canal7slp.tv\/2025\/wp-content\/uploads\/2021\/01\/logo-noticieros@2x.png","width":1017,"height":268,"caption":"Noticieros Canal 7"},"image":{"@id":"https:\/\/canal7slp.tv\/2025\/#\/schema\/logo\/image\/"},"sameAs":["https:\/\/www.facebook.com\/noticieroscanal7atencionciudadana\/","https:\/\/x.com\/NOTICIEROS7","https:\/\/www.instagram.com\/canal7_slp","https:\/\/www.youtube.com\/channel\/UCliiYs-gP3JfJeqdPrNdd5A"]},{"@type":"Person","@id":"https:\/\/canal7slp.tv\/2025\/#\/schema\/person\/271e2b60a96e7cc9d9ac296f4d7e414b","name":"Edici\u00f3n Web","image":{"@type":"ImageObject","inLanguage":"es","@id":"https:\/\/secure.gravatar.com\/avatar\/eee448fc3f7164808013b816ba91ac7e43bbe82a70bebac296f8bc6f0addaa1a?s=96&d=mm&r=g","url":"https:\/\/secure.gravatar.com\/avatar\/eee448fc3f7164808013b816ba91ac7e43bbe82a70bebac296f8bc6f0addaa1a?s=96&d=mm&r=g","contentUrl":"https:\/\/secure.gravatar.com\/avatar\/eee448fc3f7164808013b816ba91ac7e43bbe82a70bebac296f8bc6f0addaa1a?s=96&d=mm&r=g","caption":"Edici\u00f3n Web"},"url":"https:\/\/canal7slp.tv\/2025\/author\/edicionweb\/"}]}},"_links":{"self":[{"href":"https:\/\/canal7slp.tv\/2025\/wp-json\/wp\/v2\/posts\/165808","targetHints":{"allow":["GET"]}}],"collection":[{"href":"https:\/\/canal7slp.tv\/2025\/wp-json\/wp\/v2\/posts"}],"about":[{"href":"https:\/\/canal7slp.tv\/2025\/wp-json\/wp\/v2\/types\/post"}],"author":[{"embeddable":true,"href":"https:\/\/canal7slp.tv\/2025\/wp-json\/wp\/v2\/users\/2"}],"replies":[{"embeddable":true,"href":"https:\/\/canal7slp.tv\/2025\/wp-json\/wp\/v2\/comments?post=165808"}],"version-history":[{"count":1,"href":"https:\/\/canal7slp.tv\/2025\/wp-json\/wp\/v2\/posts\/165808\/revisions"}],"predecessor-version":[{"id":165810,"href":"https:\/\/canal7slp.tv\/2025\/wp-json\/wp\/v2\/posts\/165808\/revisions\/165810"}],"wp:featuredmedia":[{"embeddable":true,"href":"https:\/\/canal7slp.tv\/2025\/wp-json\/wp\/v2\/media\/165809"}],"wp:attachment":[{"href":"https:\/\/canal7slp.tv\/2025\/wp-json\/wp\/v2\/media?parent=165808"}],"wp:term":[{"taxonomy":"category","embeddable":true,"href":"https:\/\/canal7slp.tv\/2025\/wp-json\/wp\/v2\/categories?post=165808"},{"taxonomy":"post_tag","embeddable":true,"href":"https:\/\/canal7slp.tv\/2025\/wp-json\/wp\/v2\/tags?post=165808"}],"curies":[{"name":"wp","href":"https:\/\/api.w.org\/{rel}","templated":true}]}}