{"id":165719,"date":"2025-05-09T15:29:42","date_gmt":"2025-05-09T21:29:42","guid":{"rendered":"https:\/\/canal7slp.tv\/2025\/?p=165719"},"modified":"2025-05-09T15:29:42","modified_gmt":"2025-05-09T21:29:42","slug":"roma-refuerza-la-seguridad-para-la-asuncion-del-nuevo-papa-leon-xiv","status":"publish","type":"post","link":"https:\/\/canal7slp.tv\/2025\/roma-refuerza-la-seguridad-para-la-asuncion-del-nuevo-papa-leon-xiv\/","title":{"rendered":"Roma refuerza la seguridad para la asunci\u00f3n del nuevo Papa Le\u00f3n XIV"},"content":{"rendered":"<p style=\"text-align: justify;\">El Vaticano.- Las autoridades italianas han puesto en marcha un amplio dispositivo de seguridad para el inicio del pontificado de Le\u00f3n XIV, programado para el domingo 18 de mayo. El prefecto de Roma, Lamberto Giannini, convoc\u00f3 un comit\u00e9 especial tras confirmarse la fecha, anticipando la llegada de aproximadamente 250 mil personas a la Plaza de San Pedro y sus alrededores.<\/p>\n<p style=\"text-align: justify;\">El evento contar\u00e1 con la asistencia de jefes de Estado, l\u00edderes religiosos y representantes de casas reales, en un formato similar al del funeral del papa Francisco. Seg\u00fan Giannini, el operativo de seguridad se intensificar\u00e1 a medida que se acerque la fecha de la ceremonia.<\/p>\n<p style=\"text-align: justify;\">El plan incluye el despliegue de m\u00e1s de 5 mil agentes de seguridad, adem\u00e1s de soldados, perros detectores de explosivos, francotiradores en los tejados y vigilancia a\u00e9rea mediante drones. Tambi\u00e9n se establecer\u00e1 una zona de exclusi\u00f3n a\u00e9rea sobre el Vaticano y parte de Roma para reforzar la seguridad.<\/p>\n<p style=\"text-align: justify;\">Ese mismo d\u00eda, Le\u00f3n XIV presidir\u00e1 su primer Regina Coeli al mediod\u00eda, que sustituye al tradicional Angelus durante este periodo lit\u00fargico. Se espera que este acto tambi\u00e9n convoque a cerca de 150 mil personas.<\/p>\n<p style=\"text-align: justify;\">Con medidas de seguridad al m\u00e1s alto nivel, Roma se prepara para dar la bienvenida a una nueva etapa en la historia de la Iglesia Cat\u00f3lica bajo el liderazgo de Le\u00f3n XIV.<\/p>\n","protected":false},"excerpt":{"rendered":"<p>El Vaticano.- Las autoridades italianas han puesto en marcha un amplio dispositivo de seguridad para el inicio del pontificado de Le\u00f3n XIV, programado para el domingo 18 de mayo. El prefecto de Roma, Lamberto Giannini, convoc\u00f3 un comit\u00e9 especial tras confirmarse la fecha, anticipando la llegada de aproximadamente 250 mil personas a la Plaza de San Pedro y sus alrededores. El evento contar\u00e1 con la asistencia de jefes de Estado, l\u00edderes religiosos y representantes de casas reales, en un formato similar al del funeral del papa Francisco. Seg\u00fan Giannini, el operativo de seguridad se intensificar\u00e1 a medida que se acerque [&hellip;]<\/p>\n","protected":false},"author":2,"featured_media":165720,"comment_status":"closed","ping_status":"closed","sticky":false,"template":"","format":"standard","meta":{"_monsterinsights_skip_tracking":false,"_monsterinsights_sitenote_active":false,"_monsterinsights_sitenote_note":"","_monsterinsights_sitenote_category":0,"footnotes":""},"categories":[44],"tags":[],"class_list":["post-165719","post","type-post","status-publish","format-standard","has-post-thumbnail","hentry","category-internacional","post--single"],"yoast_head":"<!-- This site is optimized with the Yoast SEO plugin v27.5 - https:\/\/yoast.com\/product\/yoast-seo-wordpress\/ -->\n<title>Roma refuerza la seguridad para la asunci\u00f3n del nuevo Papa Le\u00f3n XIV - Canal 7 SLP - 2025<\/title>\n<meta name=\"robots\" content=\"index, follow, max-snippet:-1, max-image-preview:large, max-video-preview:-1\" \/>\n<link rel=\"canonical\" href=\"https:\/\/canal7slp.tv\/2025\/roma-refuerza-la-seguridad-para-la-asuncion-del-nuevo-papa-leon-xiv\/\" \/>\n<meta property=\"og:locale\" content=\"es_ES\" \/>\n<meta property=\"og:type\" content=\"article\" \/>\n<meta property=\"og:title\" content=\"Roma refuerza la seguridad para la asunci\u00f3n del nuevo Papa Le\u00f3n XIV - Canal 7 SLP - 2025\" \/>\n<meta property=\"og:description\" content=\"El Vaticano.- Las autoridades italianas han puesto en marcha un amplio dispositivo de seguridad para el inicio del pontificado de Le\u00f3n XIV, programado para el domingo 18 de mayo. El prefecto de Roma, Lamberto Giannini, convoc\u00f3 un comit\u00e9 especial tras confirmarse la fecha, anticipando la llegada de aproximadamente 250 mil personas a la Plaza de San Pedro y sus alrededores. El evento contar\u00e1 con la asistencia de jefes de Estado, l\u00edderes religiosos y representantes de casas reales, en un formato similar al del funeral del papa Francisco. Seg\u00fan Giannini, el operativo de seguridad se intensificar\u00e1 a medida que se acerque [&hellip;]\" \/>\n<meta property=\"og:url\" content=\"https:\/\/canal7slp.tv\/2025\/roma-refuerza-la-seguridad-para-la-asuncion-del-nuevo-papa-leon-xiv\/\" \/>\n<meta property=\"og:site_name\" content=\"Canal 7 SLP - 2025\" \/>\n<meta property=\"article:publisher\" content=\"https:\/\/www.facebook.com\/noticieroscanal7atencionciudadana\/\" \/>\n<meta property=\"article:published_time\" content=\"2025-05-09T21:29:42+00:00\" \/>\n<meta property=\"og:image\" content=\"https:\/\/canal7slp.tv\/2025\/wp-content\/uploads\/2025\/05\/10-8.jpg\" \/>\n\t<meta property=\"og:image:width\" content=\"728\" \/>\n\t<meta property=\"og:image:height\" content=\"410\" \/>\n\t<meta property=\"og:image:type\" content=\"image\/jpeg\" \/>\n<meta name=\"author\" content=\"Edici\u00f3n Web\" \/>\n<meta name=\"twitter:card\" content=\"summary_large_image\" \/>\n<meta name=\"twitter:creator\" content=\"@NOTICIEROS7\" \/>\n<meta name=\"twitter:site\" content=\"@NOTICIEROS7\" \/>\n<meta name=\"twitter:label1\" content=\"Escrito por\" \/>\n\t<meta name=\"twitter:data1\" content=\"Edici\u00f3n Web\" \/>\n\t<meta name=\"twitter:label2\" content=\"Tiempo de lectura\" \/>\n\t<meta name=\"twitter:data2\" content=\"2 minutos\" \/>\n<script type=\"application\/ld+json\" class=\"yoast-schema-graph\">{\"@context\":\"https:\\\/\\\/schema.org\",\"@graph\":[{\"@type\":\"Article\",\"@id\":\"https:\\\/\\\/canal7slp.tv\\\/2025\\\/roma-refuerza-la-seguridad-para-la-asuncion-del-nuevo-papa-leon-xiv\\\/#article\",\"isPartOf\":{\"@id\":\"https:\\\/\\\/canal7slp.tv\\\/2025\\\/roma-refuerza-la-seguridad-para-la-asuncion-del-nuevo-papa-leon-xiv\\\/\"},\"author\":{\"name\":\"Edici\u00f3n Web\",\"@id\":\"https:\\\/\\\/canal7slp.tv\\\/2025\\\/#\\\/schema\\\/person\\\/271e2b60a96e7cc9d9ac296f4d7e414b\"},\"headline\":\"Roma refuerza la seguridad para la asunci\u00f3n del nuevo Papa Le\u00f3n XIV\",\"datePublished\":\"2025-05-09T21:29:42+00:00\",\"mainEntityOfPage\":{\"@id\":\"https:\\\/\\\/canal7slp.tv\\\/2025\\\/roma-refuerza-la-seguridad-para-la-asuncion-del-nuevo-papa-leon-xiv\\\/\"},\"wordCount\":247,\"publisher\":{\"@id\":\"https:\\\/\\\/canal7slp.tv\\\/2025\\\/#organization\"},\"image\":{\"@id\":\"https:\\\/\\\/canal7slp.tv\\\/2025\\\/roma-refuerza-la-seguridad-para-la-asuncion-del-nuevo-papa-leon-xiv\\\/#primaryimage\"},\"thumbnailUrl\":\"https:\\\/\\\/canal7slp.tv\\\/2025\\\/wp-content\\\/uploads\\\/2025\\\/05\\\/10-8.jpg\",\"articleSection\":[\"INTERNACIONALES\"],\"inLanguage\":\"es\"},{\"@type\":\"WebPage\",\"@id\":\"https:\\\/\\\/canal7slp.tv\\\/2025\\\/roma-refuerza-la-seguridad-para-la-asuncion-del-nuevo-papa-leon-xiv\\\/\",\"url\":\"https:\\\/\\\/canal7slp.tv\\\/2025\\\/roma-refuerza-la-seguridad-para-la-asuncion-del-nuevo-papa-leon-xiv\\\/\",\"name\":\"Roma refuerza la seguridad para la asunci\u00f3n del nuevo Papa Le\u00f3n XIV - Canal 7 SLP - 2025\",\"isPartOf\":{\"@id\":\"https:\\\/\\\/canal7slp.tv\\\/2025\\\/#website\"},\"primaryImageOfPage\":{\"@id\":\"https:\\\/\\\/canal7slp.tv\\\/2025\\\/roma-refuerza-la-seguridad-para-la-asuncion-del-nuevo-papa-leon-xiv\\\/#primaryimage\"},\"image\":{\"@id\":\"https:\\\/\\\/canal7slp.tv\\\/2025\\\/roma-refuerza-la-seguridad-para-la-asuncion-del-nuevo-papa-leon-xiv\\\/#primaryimage\"},\"thumbnailUrl\":\"https:\\\/\\\/canal7slp.tv\\\/2025\\\/wp-content\\\/uploads\\\/2025\\\/05\\\/10-8.jpg\",\"datePublished\":\"2025-05-09T21:29:42+00:00\",\"breadcrumb\":{\"@id\":\"https:\\\/\\\/canal7slp.tv\\\/2025\\\/roma-refuerza-la-seguridad-para-la-asuncion-del-nuevo-papa-leon-xiv\\\/#breadcrumb\"},\"inLanguage\":\"es\",\"potentialAction\":[{\"@type\":\"ReadAction\",\"target\":[\"https:\\\/\\\/canal7slp.tv\\\/2025\\\/roma-refuerza-la-seguridad-para-la-asuncion-del-nuevo-papa-leon-xiv\\\/\"]}]},{\"@type\":\"ImageObject\",\"inLanguage\":\"es\",\"@id\":\"https:\\\/\\\/canal7slp.tv\\\/2025\\\/roma-refuerza-la-seguridad-para-la-asuncion-del-nuevo-papa-leon-xiv\\\/#primaryimage\",\"url\":\"https:\\\/\\\/canal7slp.tv\\\/2025\\\/wp-content\\\/uploads\\\/2025\\\/05\\\/10-8.jpg\",\"contentUrl\":\"https:\\\/\\\/canal7slp.tv\\\/2025\\\/wp-content\\\/uploads\\\/2025\\\/05\\\/10-8.jpg\",\"width\":728,\"height\":410},{\"@type\":\"BreadcrumbList\",\"@id\":\"https:\\\/\\\/canal7slp.tv\\\/2025\\\/roma-refuerza-la-seguridad-para-la-asuncion-del-nuevo-papa-leon-xiv\\\/#breadcrumb\",\"itemListElement\":[{\"@type\":\"ListItem\",\"position\":1,\"name\":\"Portada\",\"item\":\"https:\\\/\\\/canal7slp.tv\\\/2025\\\/\"},{\"@type\":\"ListItem\",\"position\":2,\"name\":\"Roma refuerza la seguridad para la asunci\u00f3n del nuevo Papa Le\u00f3n XIV\"}]},{\"@type\":\"WebSite\",\"@id\":\"https:\\\/\\\/canal7slp.tv\\\/2025\\\/#website\",\"url\":\"https:\\\/\\\/canal7slp.tv\\\/2025\\\/\",\"name\":\"N7 - Noticieros Canal 7\",\"description\":\"Somos el Medio\",\"publisher\":{\"@id\":\"https:\\\/\\\/canal7slp.tv\\\/2025\\\/#organization\"},\"potentialAction\":[{\"@type\":\"SearchAction\",\"target\":{\"@type\":\"EntryPoint\",\"urlTemplate\":\"https:\\\/\\\/canal7slp.tv\\\/2025\\\/?s={search_term_string}\"},\"query-input\":{\"@type\":\"PropertyValueSpecification\",\"valueRequired\":true,\"valueName\":\"search_term_string\"}}],\"inLanguage\":\"es\"},{\"@type\":\"Organization\",\"@id\":\"https:\\\/\\\/canal7slp.tv\\\/2025\\\/#organization\",\"name\":\"Noticieros Canal 7\",\"url\":\"https:\\\/\\\/canal7slp.tv\\\/2025\\\/\",\"logo\":{\"@type\":\"ImageObject\",\"inLanguage\":\"es\",\"@id\":\"https:\\\/\\\/canal7slp.tv\\\/2025\\\/#\\\/schema\\\/logo\\\/image\\\/\",\"url\":\"https:\\\/\\\/canal7slp.tv\\\/2025\\\/wp-content\\\/uploads\\\/2021\\\/01\\\/logo-noticieros@2x.png\",\"contentUrl\":\"https:\\\/\\\/canal7slp.tv\\\/2025\\\/wp-content\\\/uploads\\\/2021\\\/01\\\/logo-noticieros@2x.png\",\"width\":1017,\"height\":268,\"caption\":\"Noticieros Canal 7\"},\"image\":{\"@id\":\"https:\\\/\\\/canal7slp.tv\\\/2025\\\/#\\\/schema\\\/logo\\\/image\\\/\"},\"sameAs\":[\"https:\\\/\\\/www.facebook.com\\\/noticieroscanal7atencionciudadana\\\/\",\"https:\\\/\\\/x.com\\\/NOTICIEROS7\",\"https:\\\/\\\/www.instagram.com\\\/canal7_slp\",\"https:\\\/\\\/www.youtube.com\\\/channel\\\/UCliiYs-gP3JfJeqdPrNdd5A\"]},{\"@type\":\"Person\",\"@id\":\"https:\\\/\\\/canal7slp.tv\\\/2025\\\/#\\\/schema\\\/person\\\/271e2b60a96e7cc9d9ac296f4d7e414b\",\"name\":\"Edici\u00f3n Web\",\"image\":{\"@type\":\"ImageObject\",\"inLanguage\":\"es\",\"@id\":\"https:\\\/\\\/secure.gravatar.com\\\/avatar\\\/eee448fc3f7164808013b816ba91ac7e43bbe82a70bebac296f8bc6f0addaa1a?s=96&d=mm&r=g\",\"url\":\"https:\\\/\\\/secure.gravatar.com\\\/avatar\\\/eee448fc3f7164808013b816ba91ac7e43bbe82a70bebac296f8bc6f0addaa1a?s=96&d=mm&r=g\",\"contentUrl\":\"https:\\\/\\\/secure.gravatar.com\\\/avatar\\\/eee448fc3f7164808013b816ba91ac7e43bbe82a70bebac296f8bc6f0addaa1a?s=96&d=mm&r=g\",\"caption\":\"Edici\u00f3n Web\"},\"url\":\"https:\\\/\\\/canal7slp.tv\\\/2025\\\/author\\\/edicionweb\\\/\"}]}<\/script>\n<!-- \/ Yoast SEO plugin. -->","yoast_head_json":{"title":"Roma refuerza la seguridad para la asunci\u00f3n del nuevo Papa Le\u00f3n XIV - Canal 7 SLP - 2025","robots":{"index":"index","follow":"follow","max-snippet":"max-snippet:-1","max-image-preview":"max-image-preview:large","max-video-preview":"max-video-preview:-1"},"canonical":"https:\/\/canal7slp.tv\/2025\/roma-refuerza-la-seguridad-para-la-asuncion-del-nuevo-papa-leon-xiv\/","og_locale":"es_ES","og_type":"article","og_title":"Roma refuerza la seguridad para la asunci\u00f3n del nuevo Papa Le\u00f3n XIV - Canal 7 SLP - 2025","og_description":"El Vaticano.- Las autoridades italianas han puesto en marcha un amplio dispositivo de seguridad para el inicio del pontificado de Le\u00f3n XIV, programado para el domingo 18 de mayo. El prefecto de Roma, Lamberto Giannini, convoc\u00f3 un comit\u00e9 especial tras confirmarse la fecha, anticipando la llegada de aproximadamente 250 mil personas a la Plaza de San Pedro y sus alrededores. El evento contar\u00e1 con la asistencia de jefes de Estado, l\u00edderes religiosos y representantes de casas reales, en un formato similar al del funeral del papa Francisco. Seg\u00fan Giannini, el operativo de seguridad se intensificar\u00e1 a medida que se acerque [&hellip;]","og_url":"https:\/\/canal7slp.tv\/2025\/roma-refuerza-la-seguridad-para-la-asuncion-del-nuevo-papa-leon-xiv\/","og_site_name":"Canal 7 SLP - 2025","article_publisher":"https:\/\/www.facebook.com\/noticieroscanal7atencionciudadana\/","article_published_time":"2025-05-09T21:29:42+00:00","og_image":[{"width":728,"height":410,"url":"https:\/\/canal7slp.tv\/2025\/wp-content\/uploads\/2025\/05\/10-8.jpg","type":"image\/jpeg"}],"author":"Edici\u00f3n Web","twitter_card":"summary_large_image","twitter_creator":"@NOTICIEROS7","twitter_site":"@NOTICIEROS7","twitter_misc":{"Escrito por":"Edici\u00f3n Web","Tiempo de lectura":"2 minutos"},"schema":{"@context":"https:\/\/schema.org","@graph":[{"@type":"Article","@id":"https:\/\/canal7slp.tv\/2025\/roma-refuerza-la-seguridad-para-la-asuncion-del-nuevo-papa-leon-xiv\/#article","isPartOf":{"@id":"https:\/\/canal7slp.tv\/2025\/roma-refuerza-la-seguridad-para-la-asuncion-del-nuevo-papa-leon-xiv\/"},"author":{"name":"Edici\u00f3n Web","@id":"https:\/\/canal7slp.tv\/2025\/#\/schema\/person\/271e2b60a96e7cc9d9ac296f4d7e414b"},"headline":"Roma refuerza la seguridad para la asunci\u00f3n del nuevo Papa Le\u00f3n XIV","datePublished":"2025-05-09T21:29:42+00:00","mainEntityOfPage":{"@id":"https:\/\/canal7slp.tv\/2025\/roma-refuerza-la-seguridad-para-la-asuncion-del-nuevo-papa-leon-xiv\/"},"wordCount":247,"publisher":{"@id":"https:\/\/canal7slp.tv\/2025\/#organization"},"image":{"@id":"https:\/\/canal7slp.tv\/2025\/roma-refuerza-la-seguridad-para-la-asuncion-del-nuevo-papa-leon-xiv\/#primaryimage"},"thumbnailUrl":"https:\/\/canal7slp.tv\/2025\/wp-content\/uploads\/2025\/05\/10-8.jpg","articleSection":["INTERNACIONALES"],"inLanguage":"es"},{"@type":"WebPage","@id":"https:\/\/canal7slp.tv\/2025\/roma-refuerza-la-seguridad-para-la-asuncion-del-nuevo-papa-leon-xiv\/","url":"https:\/\/canal7slp.tv\/2025\/roma-refuerza-la-seguridad-para-la-asuncion-del-nuevo-papa-leon-xiv\/","name":"Roma refuerza la seguridad para la asunci\u00f3n del nuevo Papa Le\u00f3n XIV - Canal 7 SLP - 2025","isPartOf":{"@id":"https:\/\/canal7slp.tv\/2025\/#website"},"primaryImageOfPage":{"@id":"https:\/\/canal7slp.tv\/2025\/roma-refuerza-la-seguridad-para-la-asuncion-del-nuevo-papa-leon-xiv\/#primaryimage"},"image":{"@id":"https:\/\/canal7slp.tv\/2025\/roma-refuerza-la-seguridad-para-la-asuncion-del-nuevo-papa-leon-xiv\/#primaryimage"},"thumbnailUrl":"https:\/\/canal7slp.tv\/2025\/wp-content\/uploads\/2025\/05\/10-8.jpg","datePublished":"2025-05-09T21:29:42+00:00","breadcrumb":{"@id":"https:\/\/canal7slp.tv\/2025\/roma-refuerza-la-seguridad-para-la-asuncion-del-nuevo-papa-leon-xiv\/#breadcrumb"},"inLanguage":"es","potentialAction":[{"@type":"ReadAction","target":["https:\/\/canal7slp.tv\/2025\/roma-refuerza-la-seguridad-para-la-asuncion-del-nuevo-papa-leon-xiv\/"]}]},{"@type":"ImageObject","inLanguage":"es","@id":"https:\/\/canal7slp.tv\/2025\/roma-refuerza-la-seguridad-para-la-asuncion-del-nuevo-papa-leon-xiv\/#primaryimage","url":"https:\/\/canal7slp.tv\/2025\/wp-content\/uploads\/2025\/05\/10-8.jpg","contentUrl":"https:\/\/canal7slp.tv\/2025\/wp-content\/uploads\/2025\/05\/10-8.jpg","width":728,"height":410},{"@type":"BreadcrumbList","@id":"https:\/\/canal7slp.tv\/2025\/roma-refuerza-la-seguridad-para-la-asuncion-del-nuevo-papa-leon-xiv\/#breadcrumb","itemListElement":[{"@type":"ListItem","position":1,"name":"Portada","item":"https:\/\/canal7slp.tv\/2025\/"},{"@type":"ListItem","position":2,"name":"Roma refuerza la seguridad para la asunci\u00f3n del nuevo Papa Le\u00f3n XIV"}]},{"@type":"WebSite","@id":"https:\/\/canal7slp.tv\/2025\/#website","url":"https:\/\/canal7slp.tv\/2025\/","name":"N7 - Noticieros Canal 7","description":"Somos el Medio","publisher":{"@id":"https:\/\/canal7slp.tv\/2025\/#organization"},"potentialAction":[{"@type":"SearchAction","target":{"@type":"EntryPoint","urlTemplate":"https:\/\/canal7slp.tv\/2025\/?s={search_term_string}"},"query-input":{"@type":"PropertyValueSpecification","valueRequired":true,"valueName":"search_term_string"}}],"inLanguage":"es"},{"@type":"Organization","@id":"https:\/\/canal7slp.tv\/2025\/#organization","name":"Noticieros Canal 7","url":"https:\/\/canal7slp.tv\/2025\/","logo":{"@type":"ImageObject","inLanguage":"es","@id":"https:\/\/canal7slp.tv\/2025\/#\/schema\/logo\/image\/","url":"https:\/\/canal7slp.tv\/2025\/wp-content\/uploads\/2021\/01\/logo-noticieros@2x.png","contentUrl":"https:\/\/canal7slp.tv\/2025\/wp-content\/uploads\/2021\/01\/logo-noticieros@2x.png","width":1017,"height":268,"caption":"Noticieros Canal 7"},"image":{"@id":"https:\/\/canal7slp.tv\/2025\/#\/schema\/logo\/image\/"},"sameAs":["https:\/\/www.facebook.com\/noticieroscanal7atencionciudadana\/","https:\/\/x.com\/NOTICIEROS7","https:\/\/www.instagram.com\/canal7_slp","https:\/\/www.youtube.com\/channel\/UCliiYs-gP3JfJeqdPrNdd5A"]},{"@type":"Person","@id":"https:\/\/canal7slp.tv\/2025\/#\/schema\/person\/271e2b60a96e7cc9d9ac296f4d7e414b","name":"Edici\u00f3n Web","image":{"@type":"ImageObject","inLanguage":"es","@id":"https:\/\/secure.gravatar.com\/avatar\/eee448fc3f7164808013b816ba91ac7e43bbe82a70bebac296f8bc6f0addaa1a?s=96&d=mm&r=g","url":"https:\/\/secure.gravatar.com\/avatar\/eee448fc3f7164808013b816ba91ac7e43bbe82a70bebac296f8bc6f0addaa1a?s=96&d=mm&r=g","contentUrl":"https:\/\/secure.gravatar.com\/avatar\/eee448fc3f7164808013b816ba91ac7e43bbe82a70bebac296f8bc6f0addaa1a?s=96&d=mm&r=g","caption":"Edici\u00f3n Web"},"url":"https:\/\/canal7slp.tv\/2025\/author\/edicionweb\/"}]}},"_links":{"self":[{"href":"https:\/\/canal7slp.tv\/2025\/wp-json\/wp\/v2\/posts\/165719","targetHints":{"allow":["GET"]}}],"collection":[{"href":"https:\/\/canal7slp.tv\/2025\/wp-json\/wp\/v2\/posts"}],"about":[{"href":"https:\/\/canal7slp.tv\/2025\/wp-json\/wp\/v2\/types\/post"}],"author":[{"embeddable":true,"href":"https:\/\/canal7slp.tv\/2025\/wp-json\/wp\/v2\/users\/2"}],"replies":[{"embeddable":true,"href":"https:\/\/canal7slp.tv\/2025\/wp-json\/wp\/v2\/comments?post=165719"}],"version-history":[{"count":1,"href":"https:\/\/canal7slp.tv\/2025\/wp-json\/wp\/v2\/posts\/165719\/revisions"}],"predecessor-version":[{"id":165721,"href":"https:\/\/canal7slp.tv\/2025\/wp-json\/wp\/v2\/posts\/165719\/revisions\/165721"}],"wp:featuredmedia":[{"embeddable":true,"href":"https:\/\/canal7slp.tv\/2025\/wp-json\/wp\/v2\/media\/165720"}],"wp:attachment":[{"href":"https:\/\/canal7slp.tv\/2025\/wp-json\/wp\/v2\/media?parent=165719"}],"wp:term":[{"taxonomy":"category","embeddable":true,"href":"https:\/\/canal7slp.tv\/2025\/wp-json\/wp\/v2\/categories?post=165719"},{"taxonomy":"post_tag","embeddable":true,"href":"https:\/\/canal7slp.tv\/2025\/wp-json\/wp\/v2\/tags?post=165719"}],"curies":[{"name":"wp","href":"https:\/\/api.w.org\/{rel}","templated":true}]}}